{"id":15962,"date":"2016-01-02T09:11:13","date_gmt":"2016-01-02T08:11:13","guid":{"rendered":"http:\/\/www.carideal.com\/blog\/?p=15962"},"modified":"2018-10-23T11:45:30","modified_gmt":"2018-10-23T09:45:30","slug":"kit-distribution-50-de-remise-si-revision-achetee","status":"publish","type":"post","link":"https:\/\/www.carideal.com\/blog\/2016\/01\/02\/kit-distribution-50-de-remise-si-revision-achetee\/","title":{"rendered":"Kit distribution : 50% de remise si r\u00e9vision achet\u00e9e"},"content":{"rendered":"<h1>50% de remise sur le kit de distribution pour une r\u00e9vision achet\u00e9e<\/h1>\n<p><strong>UNE R\u00c9VISION ACHET\u00c9E = 50 % SUR LE KIT DE DISTRIBUTION *<\/strong><\/p>\n<p><strong>DU 02\/01 AU 29\/02\/2016<\/strong><\/p>\n<p><strong>HORS MAIN-D\u2019OEUVRE<\/strong><\/p>\n<p>POUR ALLER LOIN, VOTRE MOTEUR PEUT COMPTER SUR NOUS !<\/p>\n<div>&gt; Cette op\u00e9ration est r\u00e9serv\u00e9e aux v\u00e9hicules dont le kilom\u00e9trage a d\u00e9pass\u00e9 les 80 000 km.<\/div>\n<p>&gt; Vous profitez d'un taux de remise tr\u00e8s attractif sur les Kits de Distribution \u00e0 la r\u00e9alisation de la <a href=\"http:\/\/www.carideal.com\/blog\/garage-automobile\/revision-voiture\/\">r\u00e9vision<\/a> au <a href=\"http:\/\/www.carideal.com\/blog\/2010\/01\/23\/garage-citroen-schiavon-13-av-de-turin-73000-bassens-chambery\/\">garage Citroen Schiavon \u00e0 Chambery<\/a>\u00a0et vous permet :<\/p>\n<p>\u2022 de b\u00e9n\u00e9ficier d'une remise tr\u00e8s importante 50% de remise sur le kit de distribution !<\/p>\n<p>\u2022 de lier de 2 prestations et d'\u00e9viter la perte de temps \u00e0 venir deux fois.<\/p>\n<h2>POUR TOUTE R\u00c9VISION, 50% DE REMISE SUR LE KIT DE DISTRIBUTION ET LE SUPER KIT<\/h2>\n<p>* Pour l\u2019achat d\u2019une prestation r\u00e9vision constructeur (incluant pi\u00e8ces et main-d\u2019oeuvre), b\u00e9n\u00e9ficiez de 50% de remise sur le kit de distribution et la pompe \u00e0 eau, au tarif conseill\u00e9 en vigueur au moment de l\u2019op\u00e9ration, sous r\u00e9serve de l\u2019achat de la pose, au tarif en vigueur au moment de l\u2019op\u00e9ration, du kit de distribution et de la pompe \u00e0 eau achet\u00e9s aupr\u00e8s du garage Schiavon Citroen Chambery vous accordant la remise. La r\u00e9vision constructeur comprend les op\u00e9rations syst\u00e9matiques : <a href=\"http:\/\/www.carideal.com\/blog\/garage-automobile\/promo-vidange\/\">vidange huile moteur<\/a>, remplacement du filtre \u00e0 huile, plus de 30 points de contr\u00f4les visuels (liste des contr\u00f4les visuels disponible \u00e0 la r\u00e9ception du garage Schiavon <a href=\"http:\/\/www.carideal.com\/blog\/marque-de-voiture-actualites-essais\/citroen\/\">CITRO\u00cbN<\/a> ou <a href=\"http:\/\/www.carideal.com\/blog\/marque-de-voiture-actualites-essais\/ds\/\">DS<\/a>), 6 mises \u00e0 niveau (Liquide lave-glaces, Liquide de freins, LHM, Liquide de refroidissement, Liquide de direction, Batterie), lecture m\u00e9moire et essai sur route.<\/p>\n<p><strong><a href=\"http:\/\/www.carideal.com\/blog\/contactez-nous\/\">CONTACTEZ NOUS<\/a> en ligne pour plus de renseignement ou un rendez-vous, ou au 04 79 33 03 53<\/strong><\/p>\n<h2>R\u00e9glement en plusieurs fois sans frais<\/h2>\n<figure id=\"attachment_15829\" aria-describedby=\"caption-attachment-15829\" style=\"width: 390px\" class=\"wp-caption alignleft\"><a href=\"http:\/\/www.carideal.com\/blog\/wp-content\/uploads\/2017\/03\/paiement-plusieurs-fois-sans-frais-e1490680624356.jpg\"><img loading=\"lazy\" decoding=\"async\" class=\"size-full wp-image-15829\" src=\"http:\/\/www.carideal.com\/blog\/wp-content\/uploads\/2017\/03\/paiement-plusieurs-fois-sans-frais-e1490680624356.jpg\" alt=\"Paiement en plusieurs fois vos sans frais vos factures d'entretien\" width=\"400\" height=\"417\" \/><\/a><figcaption id=\"caption-attachment-15829\" class=\"wp-caption-text\">Paiement en plusieurs fois vos sans frais vos factures d'entretien<\/figcaption><\/figure>\n<p>Parce que l'<a href=\"http:\/\/www.carideal.com\/blog\/2014\/04\/04\/entretien-quel-est-le-cout-reel-de-votre-vehicule\/\">entretien de votre voiture a un co\u00fbt<\/a> dans le budget de votre m\u00e9nage, nous mettons \u00e0 votre disposition des facilit\u00e9 de r\u00e8glement en quatre fois sans frais par exemple. <a href=\"http:\/\/www.carideal.com\/blog\/contactez-nous\/\">Nous contacter<\/a>\u00a0avec notre formulaire en ligne ou au 04 79 33 03 53 pour les modalit\u00e9s pour en b\u00e9n\u00e9ficier pour le remplacement de votre kit de distribution.<\/p>\n<p>&nbsp;<\/p>\n<p>Offre non cumulable, r\u00e9serv\u00e9e aux particuliers valable du 02\/01\/2016 au 29\/02\/2016, dans le R\u00e9seau Citro\u00ebn France participant. Cr\u00e9ation CAF\u00c9INE (!) - Automobiles CITRO\u00cbN - 642 050 199 RCS Paris DEUR\/DCCF\/MFR\/MASC - 01\/16 - Cr\u00e9dits photos : Citro\u00ebn et Shutterstock.<\/p>\n","protected":false},"excerpt":{"rendered":"<p>50% de remise sur le kit de distribution pour une r\u00e9vision achet\u00e9e UNE R\u00c9VISION ACHET\u00c9E = 50 % SUR LE KIT DE DISTRIBUTION * DU 02\/01 AU 29\/02\/2016 HORS MAIN-D\u2019OEUVRE POUR ALLER LOIN, VOTRE MOTEUR PEUT COMPTER SUR NOUS ! &gt; Cette op\u00e9ration est r\u00e9serv\u00e9e aux v\u00e9hicules dont le kilom\u00e9trage a d\u00e9pass\u00e9 les 80 000 &#8230; <a title=\"Kit distribution : 50% de remise si r\u00e9vision achet\u00e9e\" class=\"read-more\" href=\"https:\/\/www.carideal.com\/blog\/2016\/01\/02\/kit-distribution-50-de-remise-si-revision-achetee\/\" aria-label=\"En savoir plus sur Kit distribution : 50% de remise si r\u00e9vision achet\u00e9e\">Lire plus<\/a><\/p>\n","protected":false},"author":3,"featured_media":15963,"comment_status":"open","ping_status":"open","sticky":false,"template":"","format":"standard","meta":{"_uag_custom_page_level_css":"","_themeisle_gutenberg_block_has_review":false,"footnotes":""},"categories":[8],"tags":[5299,4129],"class_list":["post-15962","post","type-post","status-publish","format-standard","has-post-thumbnail","hentry","category-garage-entretien-automobile","tag-cout","tag-offre"],"wppr_data":{"cwp_meta_box_check":"No"},"yoast_head":"<!-- This site is optimized with the Yoast SEO plugin v24.8.1 - https:\/\/yoast.com\/wordpress\/plugins\/seo\/ -->\n<title>Kit distribution : 50% de remise si r\u00e9vision achet\u00e9e - Blog auto Carid\u00e9al<\/title>\n<meta name=\"description\" content=\"50% de remise sur le kit de distribution pour toute r\u00e9vision achet\u00e9e, du 02\/01 au 29\/02\/2016, pour aller loin votre moteur peut compter sur nous\" \/>\n<meta name=\"robots\" content=\"index, follow, max-snippet:-1, max-image-preview:large, max-video-preview:-1\" \/>\n<link rel=\"canonical\" href=\"https:\/\/www.carideal.com\/blog\/2016\/01\/02\/kit-distribution-50-de-remise-si-revision-achetee\/\" \/>\n<meta property=\"og:locale\" content=\"fr_FR\" \/>\n<meta property=\"og:type\" content=\"article\" \/>\n<meta property=\"og:title\" content=\"Kit distribution : 50% de remise si r\u00e9vision achet\u00e9e - Blog auto Carid\u00e9al\" \/>\n<meta property=\"og:description\" content=\"50% de remise sur le kit de distribution pour toute r\u00e9vision achet\u00e9e, du 02\/01 au 29\/02\/2016, pour aller loin votre moteur peut compter sur nous\" \/>\n<meta property=\"og:url\" content=\"https:\/\/www.carideal.com\/blog\/2016\/01\/02\/kit-distribution-50-de-remise-si-revision-achetee\/\" \/>\n<meta property=\"og:site_name\" content=\"Blog auto Carid\u00e9al\" \/>\n<meta property=\"article:publisher\" content=\"https:\/\/www.facebook.com\/Carideal.mandataire.automobile\" \/>\n<meta property=\"article:author\" content=\"https:\/\/www.facebook.com\/nicolas.schiavon.39\" \/>\n<meta property=\"article:published_time\" content=\"2016-01-02T08:11:13+00:00\" \/>\n<meta property=\"article:modified_time\" content=\"2018-10-23T09:45:30+00:00\" \/>\n<meta property=\"og:image\" content=\"https:\/\/www.carideal.com\/blog\/wp-content\/uploads\/2017\/04\/DISTRIREV-JAN-FEV-2016-e1491462958201.jpg\" \/>\n\t<meta property=\"og:image:width\" content=\"432\" \/>\n\t<meta property=\"og:image:height\" content=\"600\" \/>\n\t<meta property=\"og:image:type\" content=\"image\/jpeg\" \/>\n<meta name=\"author\" content=\"Nicolas SCHIAVON\" \/>\n<meta name=\"twitter:card\" content=\"summary_large_image\" \/>\n<meta name=\"twitter:creator\" content=\"@caridealauto\" \/>\n<meta name=\"twitter:site\" content=\"@caridealauto\" \/>\n<meta name=\"twitter:label1\" content=\"\u00c9crit par\" \/>\n\t<meta name=\"twitter:data1\" content=\"Nicolas SCHIAVON\" \/>\n\t<meta name=\"twitter:label2\" content=\"Dur\u00e9e de lecture estim\u00e9e\" \/>\n\t<meta name=\"twitter:data2\" content=\"2 minutes\" \/>\n<script type=\"application\/ld+json\" class=\"yoast-schema-graph\">{\"@context\":\"https:\/\/schema.org\",\"@graph\":[{\"@type\":\"Article\",\"@id\":\"https:\/\/www.carideal.com\/blog\/2016\/01\/02\/kit-distribution-50-de-remise-si-revision-achetee\/#article\",\"isPartOf\":{\"@id\":\"https:\/\/www.carideal.com\/blog\/2016\/01\/02\/kit-distribution-50-de-remise-si-revision-achetee\/\"},\"author\":{\"name\":\"Nicolas SCHIAVON\",\"@id\":\"https:\/\/www.carideal.com\/blog\/#\/schema\/person\/cd95dc7919660de90d31b366f85be1ec\"},\"headline\":\"Kit distribution : 50% de remise si r\u00e9vision achet\u00e9e\",\"datePublished\":\"2016-01-02T08:11:13+00:00\",\"dateModified\":\"2018-10-23T09:45:30+00:00\",\"mainEntityOfPage\":{\"@id\":\"https:\/\/www.carideal.com\/blog\/2016\/01\/02\/kit-distribution-50-de-remise-si-revision-achetee\/\"},\"wordCount\":425,\"commentCount\":0,\"publisher\":{\"@id\":\"https:\/\/www.carideal.com\/blog\/#organization\"},\"image\":{\"@id\":\"https:\/\/www.carideal.com\/blog\/2016\/01\/02\/kit-distribution-50-de-remise-si-revision-achetee\/#primaryimage\"},\"thumbnailUrl\":\"https:\/\/www.carideal.com\/blog\/wp-content\/uploads\/2017\/04\/DISTRIREV-JAN-FEV-2016-e1491462958201.jpg\",\"keywords\":[\"Cout entretien voiture\",\"Offre Automobile\"],\"articleSection\":[\"Garage automobile r\u00e9vision voiture\"],\"inLanguage\":\"fr-FR\",\"potentialAction\":[{\"@type\":\"CommentAction\",\"name\":\"Comment\",\"target\":[\"https:\/\/www.carideal.com\/blog\/2016\/01\/02\/kit-distribution-50-de-remise-si-revision-achetee\/#respond\"]}]},{\"@type\":\"WebPage\",\"@id\":\"https:\/\/www.carideal.com\/blog\/2016\/01\/02\/kit-distribution-50-de-remise-si-revision-achetee\/\",\"url\":\"https:\/\/www.carideal.com\/blog\/2016\/01\/02\/kit-distribution-50-de-remise-si-revision-achetee\/\",\"name\":\"Kit distribution : 50% de remise si r\u00e9vision achet\u00e9e - Blog auto Carid\u00e9al\",\"isPartOf\":{\"@id\":\"https:\/\/www.carideal.com\/blog\/#website\"},\"primaryImageOfPage\":{\"@id\":\"https:\/\/www.carideal.com\/blog\/2016\/01\/02\/kit-distribution-50-de-remise-si-revision-achetee\/#primaryimage\"},\"image\":{\"@id\":\"https:\/\/www.carideal.com\/blog\/2016\/01\/02\/kit-distribution-50-de-remise-si-revision-achetee\/#primaryimage\"},\"thumbnailUrl\":\"https:\/\/www.carideal.com\/blog\/wp-content\/uploads\/2017\/04\/DISTRIREV-JAN-FEV-2016-e1491462958201.jpg\",\"datePublished\":\"2016-01-02T08:11:13+00:00\",\"dateModified\":\"2018-10-23T09:45:30+00:00\",\"description\":\"50% de remise sur le kit de distribution pour toute r\u00e9vision achet\u00e9e, du 02\/01 au 29\/02\/2016, pour aller loin votre moteur peut compter sur nous\",\"breadcrumb\":{\"@id\":\"https:\/\/www.carideal.com\/blog\/2016\/01\/02\/kit-distribution-50-de-remise-si-revision-achetee\/#breadcrumb\"},\"inLanguage\":\"fr-FR\",\"potentialAction\":[{\"@type\":\"ReadAction\",\"target\":[\"https:\/\/www.carideal.com\/blog\/2016\/01\/02\/kit-distribution-50-de-remise-si-revision-achetee\/\"]}]},{\"@type\":\"ImageObject\",\"inLanguage\":\"fr-FR\",\"@id\":\"https:\/\/www.carideal.com\/blog\/2016\/01\/02\/kit-distribution-50-de-remise-si-revision-achetee\/#primaryimage\",\"url\":\"https:\/\/www.carideal.com\/blog\/wp-content\/uploads\/2017\/04\/DISTRIREV-JAN-FEV-2016-e1491462958201.jpg\",\"contentUrl\":\"https:\/\/www.carideal.com\/blog\/wp-content\/uploads\/2017\/04\/DISTRIREV-JAN-FEV-2016-e1491462958201.jpg\",\"width\":432,\"height\":600,\"caption\":\"50% de remise sur le kit de distribution en Janvier 2016 pour un er\u00e9vision achet\u00e9e\"},{\"@type\":\"BreadcrumbList\",\"@id\":\"https:\/\/www.carideal.com\/blog\/2016\/01\/02\/kit-distribution-50-de-remise-si-revision-achetee\/#breadcrumb\",\"itemListElement\":[{\"@type\":\"ListItem\",\"position\":1,\"name\":\"Blog Carid\u00e9al\",\"item\":\"https:\/\/www.carideal.com\/blog\/\"},{\"@type\":\"ListItem\",\"position\":2,\"name\":\"Garage automobile r\u00e9vision voiture\",\"item\":\"https:\/\/www.carideal.com\/blog\/garage-entretien-automobile\/\"},{\"@type\":\"ListItem\",\"position\":3,\"name\":\"Kit distribution : 50% de remise si r\u00e9vision achet\u00e9e\"}]},{\"@type\":\"WebSite\",\"@id\":\"https:\/\/www.carideal.com\/blog\/#website\",\"url\":\"https:\/\/www.carideal.com\/blog\/\",\"name\":\"Blog auto Carid\u00e9al\",\"description\":\"Actualit\u00e9 auto par des passionn\u00e9s\",\"publisher\":{\"@id\":\"https:\/\/www.carideal.com\/blog\/#organization\"},\"potentialAction\":[{\"@type\":\"SearchAction\",\"target\":{\"@type\":\"EntryPoint\",\"urlTemplate\":\"https:\/\/www.carideal.com\/blog\/?s={search_term_string}\"},\"query-input\":{\"@type\":\"PropertyValueSpecification\",\"valueRequired\":true,\"valueName\":\"search_term_string\"}}],\"inLanguage\":\"fr-FR\"},{\"@type\":\"Organization\",\"@id\":\"https:\/\/www.carideal.com\/blog\/#organization\",\"name\":\"Carideal\",\"url\":\"https:\/\/www.carideal.com\/blog\/\",\"logo\":{\"@type\":\"ImageObject\",\"inLanguage\":\"fr-FR\",\"@id\":\"https:\/\/www.carideal.com\/blog\/#\/schema\/logo\/image\/\",\"url\":\"http:\/\/www.carideal.com\/blog\/wp-content\/uploads\/2016\/03\/logo-carideal-mandataire-automobile.png\",\"contentUrl\":\"http:\/\/www.carideal.com\/blog\/wp-content\/uploads\/2016\/03\/logo-carideal-mandataire-automobile.png\",\"width\":300,\"height\":300,\"caption\":\"Carideal\"},\"image\":{\"@id\":\"https:\/\/www.carideal.com\/blog\/#\/schema\/logo\/image\/\"},\"sameAs\":[\"https:\/\/www.facebook.com\/Carideal.mandataire.automobile\",\"https:\/\/x.com\/caridealauto\",\"https:\/\/www.instagram.com\/carideal1\/\",\"https:\/\/www.linkedin.com\/company\/carideal.com\",\"https:\/\/fr.pinterest.com\/schiavonsas\/\",\"https:\/\/www.youtube.com\/user\/caridealsas\"]},{\"@type\":\"Person\",\"@id\":\"https:\/\/www.carideal.com\/blog\/#\/schema\/person\/cd95dc7919660de90d31b366f85be1ec\",\"name\":\"Nicolas SCHIAVON\",\"image\":{\"@type\":\"ImageObject\",\"inLanguage\":\"fr-FR\",\"@id\":\"https:\/\/www.carideal.com\/blog\/#\/schema\/person\/image\/\",\"url\":\"https:\/\/secure.gravatar.com\/avatar\/c17e55009e671d92cc7f5dc837dc418a?s=96&r=g\",\"contentUrl\":\"https:\/\/secure.gravatar.com\/avatar\/c17e55009e671d92cc7f5dc837dc418a?s=96&r=g\",\"caption\":\"Nicolas SCHIAVON\"},\"description\":\"Nicolas Schiavon est tomb\u00e9 tout petit dans la marmite automobile. Ayant eu un garage de marque automobile, mandataire automobile de la premi\u00e8re heure d\u00e8s 1999. Nicolas a cr\u00e9\u00e9 ces premiers sites de vente de voiture et blog automobile d\u00e8s 1994. Carideal est n\u00e9 le 15 d\u00e9cembre 2000 de la volont\u00e9 de vendre des voitures d'occasions en ligne puis des voitures neuves. Il a pu essayer beaucoup de voitures tr\u00e8s diff\u00e9rentes et ayant eu personnellement quelques belles autos, Subaru Impreza, Mitsubishi Lancer Evo 7, Porsche 911, Ferrari Testarrossa, Audi RS3, RS4 et j'en passe...\",\"sameAs\":[\"http:\/\/www.carideal.com\",\"https:\/\/www.facebook.com\/nicolas.schiavon.39\",\"https:\/\/www.instagram.com\/carideal1\/\",\"https:\/\/www.linkedin.com\/in\/nschiavon\/\",\"https:\/\/x.com\/caridealauto\",\"https:\/\/www.youtube.com\/user\/caridealsas\/\"],\"url\":\"https:\/\/www.carideal.com\/blog\/author\/nschiavon\/\"}]}<\/script>\n<!-- \/ Yoast SEO plugin. -->","yoast_head_json":{"title":"Kit distribution : 50% de remise si r\u00e9vision achet\u00e9e - Blog auto Carid\u00e9al","description":"50% de remise sur le kit de distribution pour toute r\u00e9vision achet\u00e9e, du 02\/01 au 29\/02\/2016, pour aller loin votre moteur peut compter sur nous","robots":{"index":"index","follow":"follow","max-snippet":"max-snippet:-1","max-image-preview":"max-image-preview:large","max-video-preview":"max-video-preview:-1"},"canonical":"https:\/\/www.carideal.com\/blog\/2016\/01\/02\/kit-distribution-50-de-remise-si-revision-achetee\/","og_locale":"fr_FR","og_type":"article","og_title":"Kit distribution : 50% de remise si r\u00e9vision achet\u00e9e - Blog auto Carid\u00e9al","og_description":"50% de remise sur le kit de distribution pour toute r\u00e9vision achet\u00e9e, du 02\/01 au 29\/02\/2016, pour aller loin votre moteur peut compter sur nous","og_url":"https:\/\/www.carideal.com\/blog\/2016\/01\/02\/kit-distribution-50-de-remise-si-revision-achetee\/","og_site_name":"Blog auto Carid\u00e9al","article_publisher":"https:\/\/www.facebook.com\/Carideal.mandataire.automobile","article_author":"https:\/\/www.facebook.com\/nicolas.schiavon.39","article_published_time":"2016-01-02T08:11:13+00:00","article_modified_time":"2018-10-23T09:45:30+00:00","og_image":[{"width":432,"height":600,"url":"https:\/\/www.carideal.com\/blog\/wp-content\/uploads\/2017\/04\/DISTRIREV-JAN-FEV-2016-e1491462958201.jpg","type":"image\/jpeg"}],"author":"Nicolas SCHIAVON","twitter_card":"summary_large_image","twitter_creator":"@caridealauto","twitter_site":"@caridealauto","twitter_misc":{"\u00c9crit par":"Nicolas SCHIAVON","Dur\u00e9e de lecture estim\u00e9e":"2 minutes"},"schema":{"@context":"https:\/\/schema.org","@graph":[{"@type":"Article","@id":"https:\/\/www.carideal.com\/blog\/2016\/01\/02\/kit-distribution-50-de-remise-si-revision-achetee\/#article","isPartOf":{"@id":"https:\/\/www.carideal.com\/blog\/2016\/01\/02\/kit-distribution-50-de-remise-si-revision-achetee\/"},"author":{"name":"Nicolas SCHIAVON","@id":"https:\/\/www.carideal.com\/blog\/#\/schema\/person\/cd95dc7919660de90d31b366f85be1ec"},"headline":"Kit distribution : 50% de remise si r\u00e9vision achet\u00e9e","datePublished":"2016-01-02T08:11:13+00:00","dateModified":"2018-10-23T09:45:30+00:00","mainEntityOfPage":{"@id":"https:\/\/www.carideal.com\/blog\/2016\/01\/02\/kit-distribution-50-de-remise-si-revision-achetee\/"},"wordCount":425,"commentCount":0,"publisher":{"@id":"https:\/\/www.carideal.com\/blog\/#organization"},"image":{"@id":"https:\/\/www.carideal.com\/blog\/2016\/01\/02\/kit-distribution-50-de-remise-si-revision-achetee\/#primaryimage"},"thumbnailUrl":"https:\/\/www.carideal.com\/blog\/wp-content\/uploads\/2017\/04\/DISTRIREV-JAN-FEV-2016-e1491462958201.jpg","keywords":["Cout entretien voiture","Offre Automobile"],"articleSection":["Garage automobile r\u00e9vision voiture"],"inLanguage":"fr-FR","potentialAction":[{"@type":"CommentAction","name":"Comment","target":["https:\/\/www.carideal.com\/blog\/2016\/01\/02\/kit-distribution-50-de-remise-si-revision-achetee\/#respond"]}]},{"@type":"WebPage","@id":"https:\/\/www.carideal.com\/blog\/2016\/01\/02\/kit-distribution-50-de-remise-si-revision-achetee\/","url":"https:\/\/www.carideal.com\/blog\/2016\/01\/02\/kit-distribution-50-de-remise-si-revision-achetee\/","name":"Kit distribution : 50% de remise si r\u00e9vision achet\u00e9e - Blog auto Carid\u00e9al","isPartOf":{"@id":"https:\/\/www.carideal.com\/blog\/#website"},"primaryImageOfPage":{"@id":"https:\/\/www.carideal.com\/blog\/2016\/01\/02\/kit-distribution-50-de-remise-si-revision-achetee\/#primaryimage"},"image":{"@id":"https:\/\/www.carideal.com\/blog\/2016\/01\/02\/kit-distribution-50-de-remise-si-revision-achetee\/#primaryimage"},"thumbnailUrl":"https:\/\/www.carideal.com\/blog\/wp-content\/uploads\/2017\/04\/DISTRIREV-JAN-FEV-2016-e1491462958201.jpg","datePublished":"2016-01-02T08:11:13+00:00","dateModified":"2018-10-23T09:45:30+00:00","description":"50% de remise sur le kit de distribution pour toute r\u00e9vision achet\u00e9e, du 02\/01 au 29\/02\/2016, pour aller loin votre moteur peut compter sur nous","breadcrumb":{"@id":"https:\/\/www.carideal.com\/blog\/2016\/01\/02\/kit-distribution-50-de-remise-si-revision-achetee\/#breadcrumb"},"inLanguage":"fr-FR","potentialAction":[{"@type":"ReadAction","target":["https:\/\/www.carideal.com\/blog\/2016\/01\/02\/kit-distribution-50-de-remise-si-revision-achetee\/"]}]},{"@type":"ImageObject","inLanguage":"fr-FR","@id":"https:\/\/www.carideal.com\/blog\/2016\/01\/02\/kit-distribution-50-de-remise-si-revision-achetee\/#primaryimage","url":"https:\/\/www.carideal.com\/blog\/wp-content\/uploads\/2017\/04\/DISTRIREV-JAN-FEV-2016-e1491462958201.jpg","contentUrl":"https:\/\/www.carideal.com\/blog\/wp-content\/uploads\/2017\/04\/DISTRIREV-JAN-FEV-2016-e1491462958201.jpg","width":432,"height":600,"caption":"50% de remise sur le kit de distribution en Janvier 2016 pour un er\u00e9vision achet\u00e9e"},{"@type":"BreadcrumbList","@id":"https:\/\/www.carideal.com\/blog\/2016\/01\/02\/kit-distribution-50-de-remise-si-revision-achetee\/#breadcrumb","itemListElement":[{"@type":"ListItem","position":1,"name":"Blog Carid\u00e9al","item":"https:\/\/www.carideal.com\/blog\/"},{"@type":"ListItem","position":2,"name":"Garage automobile r\u00e9vision voiture","item":"https:\/\/www.carideal.com\/blog\/garage-entretien-automobile\/"},{"@type":"ListItem","position":3,"name":"Kit distribution : 50% de remise si r\u00e9vision achet\u00e9e"}]},{"@type":"WebSite","@id":"https:\/\/www.carideal.com\/blog\/#website","url":"https:\/\/www.carideal.com\/blog\/","name":"Blog auto Carid\u00e9al","description":"Actualit\u00e9 auto par des passionn\u00e9s","publisher":{"@id":"https:\/\/www.carideal.com\/blog\/#organization"},"potentialAction":[{"@type":"SearchAction","target":{"@type":"EntryPoint","urlTemplate":"https:\/\/www.carideal.com\/blog\/?s={search_term_string}"},"query-input":{"@type":"PropertyValueSpecification","valueRequired":true,"valueName":"search_term_string"}}],"inLanguage":"fr-FR"},{"@type":"Organization","@id":"https:\/\/www.carideal.com\/blog\/#organization","name":"Carideal","url":"https:\/\/www.carideal.com\/blog\/","logo":{"@type":"ImageObject","inLanguage":"fr-FR","@id":"https:\/\/www.carideal.com\/blog\/#\/schema\/logo\/image\/","url":"http:\/\/www.carideal.com\/blog\/wp-content\/uploads\/2016\/03\/logo-carideal-mandataire-automobile.png","contentUrl":"http:\/\/www.carideal.com\/blog\/wp-content\/uploads\/2016\/03\/logo-carideal-mandataire-automobile.png","width":300,"height":300,"caption":"Carideal"},"image":{"@id":"https:\/\/www.carideal.com\/blog\/#\/schema\/logo\/image\/"},"sameAs":["https:\/\/www.facebook.com\/Carideal.mandataire.automobile","https:\/\/x.com\/caridealauto","https:\/\/www.instagram.com\/carideal1\/","https:\/\/www.linkedin.com\/company\/carideal.com","https:\/\/fr.pinterest.com\/schiavonsas\/","https:\/\/www.youtube.com\/user\/caridealsas"]},{"@type":"Person","@id":"https:\/\/www.carideal.com\/blog\/#\/schema\/person\/cd95dc7919660de90d31b366f85be1ec","name":"Nicolas SCHIAVON","image":{"@type":"ImageObject","inLanguage":"fr-FR","@id":"https:\/\/www.carideal.com\/blog\/#\/schema\/person\/image\/","url":"https:\/\/secure.gravatar.com\/avatar\/c17e55009e671d92cc7f5dc837dc418a?s=96&r=g","contentUrl":"https:\/\/secure.gravatar.com\/avatar\/c17e55009e671d92cc7f5dc837dc418a?s=96&r=g","caption":"Nicolas SCHIAVON"},"description":"Nicolas Schiavon est tomb\u00e9 tout petit dans la marmite automobile. Ayant eu un garage de marque automobile, mandataire automobile de la premi\u00e8re heure d\u00e8s 1999. Nicolas a cr\u00e9\u00e9 ces premiers sites de vente de voiture et blog automobile d\u00e8s 1994. Carideal est n\u00e9 le 15 d\u00e9cembre 2000 de la volont\u00e9 de vendre des voitures d'occasions en ligne puis des voitures neuves. Il a pu essayer beaucoup de voitures tr\u00e8s diff\u00e9rentes et ayant eu personnellement quelques belles autos, Subaru Impreza, Mitsubishi Lancer Evo 7, Porsche 911, Ferrari Testarrossa, Audi RS3, RS4 et j'en passe...","sameAs":["http:\/\/www.carideal.com","https:\/\/www.facebook.com\/nicolas.schiavon.39","https:\/\/www.instagram.com\/carideal1\/","https:\/\/www.linkedin.com\/in\/nschiavon\/","https:\/\/x.com\/caridealauto","https:\/\/www.youtube.com\/user\/caridealsas\/"],"url":"https:\/\/www.carideal.com\/blog\/author\/nschiavon\/"}]}},"uagb_featured_image_src":{"full":["https:\/\/www.carideal.com\/blog\/wp-content\/uploads\/2017\/04\/DISTRIREV-JAN-FEV-2016-e1491462958201.jpg",432,600,false],"thumbnail":["https:\/\/www.carideal.com\/blog\/wp-content\/uploads\/2017\/04\/DISTRIREV-JAN-FEV-2016-150x150.jpg",150,150,true],"medium":["https:\/\/www.carideal.com\/blog\/wp-content\/uploads\/2017\/04\/DISTRIREV-JAN-FEV-2016-216x300.jpg",216,300,true],"medium_large":["https:\/\/www.carideal.com\/blog\/wp-content\/uploads\/2017\/04\/DISTRIREV-JAN-FEV-2016-e1491462958201.jpg",432,600,false],"large":["https:\/\/www.carideal.com\/blog\/wp-content\/uploads\/2017\/04\/DISTRIREV-JAN-FEV-2016-e1491462958201.jpg",432,600,false],"1536x1536":["https:\/\/www.carideal.com\/blog\/wp-content\/uploads\/2017\/04\/DISTRIREV-JAN-FEV-2016-e1491462958201.jpg",432,600,false],"2048x2048":["https:\/\/www.carideal.com\/blog\/wp-content\/uploads\/2017\/04\/DISTRIREV-JAN-FEV-2016-e1491462958201.jpg",432,600,false],"wppr-widget":["https:\/\/www.carideal.com\/blog\/wp-content\/uploads\/2017\/04\/DISTRIREV-JAN-FEV-2016-e1491462958201.jpg",36,50,false]},"uagb_author_info":{"display_name":"Nicolas SCHIAVON","author_link":"https:\/\/www.carideal.com\/blog\/author\/nschiavon\/"},"uagb_comment_info":0,"uagb_excerpt":"50% de remise sur le kit de distribution pour une r\u00e9vision achet\u00e9e UNE R\u00c9VISION ACHET\u00c9E = 50 % SUR LE KIT DE DISTRIBUTION * DU 02\/01 AU 29\/02\/2016 HORS MAIN-D\u2019OEUVRE POUR ALLER LOIN, VOTRE MOTEUR PEUT COMPTER SUR NOUS ! &gt; Cette op\u00e9ration est r\u00e9serv\u00e9e aux v\u00e9hicules dont le kilom\u00e9trage a d\u00e9pass\u00e9 les 80 000\u2026","_links":{"self":[{"href":"https:\/\/www.carideal.com\/blog\/wp-json\/wp\/v2\/posts\/15962"}],"collection":[{"href":"https:\/\/www.carideal.com\/blog\/wp-json\/wp\/v2\/posts"}],"about":[{"href":"https:\/\/www.carideal.com\/blog\/wp-json\/wp\/v2\/types\/post"}],"author":[{"embeddable":true,"href":"https:\/\/www.carideal.com\/blog\/wp-json\/wp\/v2\/users\/3"}],"replies":[{"embeddable":true,"href":"https:\/\/www.carideal.com\/blog\/wp-json\/wp\/v2\/comments?post=15962"}],"version-history":[{"count":0,"href":"https:\/\/www.carideal.com\/blog\/wp-json\/wp\/v2\/posts\/15962\/revisions"}],"wp:featuredmedia":[{"embeddable":true,"href":"https:\/\/www.carideal.com\/blog\/wp-json\/wp\/v2\/media\/15963"}],"wp:attachment":[{"href":"https:\/\/www.carideal.com\/blog\/wp-json\/wp\/v2\/media?parent=15962"}],"wp:term":[{"taxonomy":"category","embeddable":true,"href":"https:\/\/www.carideal.com\/blog\/wp-json\/wp\/v2\/categories?post=15962"},{"taxonomy":"post_tag","embeddable":true,"href":"https:\/\/www.carideal.com\/blog\/wp-json\/wp\/v2\/tags?post=15962"}],"curies":[{"name":"wp","href":"https:\/\/api.w.org\/{rel}","templated":true}]}}