{"id":1586,"date":"2008-11-27T19:01:36","date_gmt":"2008-11-27T19:01:36","guid":{"rendered":"http:\/\/carideal.com\/blog\/?p=1586"},"modified":"2015-10-24T15:44:46","modified_gmt":"2015-10-24T13:44:46","slug":"kit-main-libre-au-volant-bientot-interdit","status":"publish","type":"post","link":"https:\/\/www.carideal.com\/blog\/2008\/11\/27\/kit-main-libre-au-volant-bientot-interdit\/","title":{"rendered":"Kit main libre au volant bientot interdit"},"content":{"rendered":"<p>Y en a ras le bol&nbsp;! On veut maintenant nous supprimer les kit mains libres au volant ou \u00e9ventuellement le GPS&nbsp;! J'en tombe par terre. L'utilisation du kit main libre multiplierait par quatre le risque d'accident? Que doit on dire des gens qui fument en conduisant&nbsp;? Les politiques ne disent rien. Que penser d'une conversation avec quelqu'un dans la voiture, on ne peut pas se concentrer sur les deux choses \u00e0 la fois alors&nbsp;? Que penser des gens qui lisent en roulant&nbsp;? On le voit de plus en plus, et cel\u00e0 n'est pas interdit&nbsp;? Si Chantal Perrichon de la ligue contre la violence routi\u00e8re n'est pas capable de comprendre la diff\u00e9rence entre utiliser un kit bluetooth et fumer au volant, c'est sans doute qu'elle ne conduit jamais ou qu'elle fume&nbsp;?<\/p>\n","protected":false},"excerpt":{"rendered":"<p>Y en a ras le bol&nbsp;! On veut maintenant nous supprimer les kit mains libres au volant ou \u00e9ventuellement le GPS&nbsp;! J&rsquo;en tombe par terre. L&rsquo;utilisation du kit main libre multiplierait par quatre le risque d&rsquo;accident? Que doit on dire des gens qui fument en conduisant&nbsp;? Les politiques ne disent rien. Que penser d&rsquo;une conversation &#8230; <a title=\"Kit main libre au volant bientot interdit\" class=\"read-more\" href=\"https:\/\/www.carideal.com\/blog\/2008\/11\/27\/kit-main-libre-au-volant-bientot-interdit\/\" aria-label=\"En savoir plus sur Kit main libre au volant bientot interdit\">Lire plus<\/a><\/p>\n","protected":false},"author":1,"featured_media":0,"comment_status":"open","ping_status":"open","sticky":false,"template":"","format":"standard","meta":{"_uag_custom_page_level_css":"","_themeisle_gutenberg_block_has_review":false,"footnotes":""},"categories":[15],"tags":[],"class_list":["post-1586","post","type-post","status-publish","format-standard","hentry","category-radar-et-securite-routiere"],"wppr_data":[],"yoast_head":"<!-- This site is optimized with the Yoast SEO plugin v24.8.1 - https:\/\/yoast.com\/wordpress\/plugins\/seo\/ -->\n<title>Kit main libre au volant bientot interdit - Blog auto Carid\u00e9al<\/title>\n<meta name=\"robots\" content=\"index, follow, max-snippet:-1, max-image-preview:large, max-video-preview:-1\" \/>\n<link rel=\"canonical\" href=\"https:\/\/www.carideal.com\/blog\/2008\/11\/27\/kit-main-libre-au-volant-bientot-interdit\/\" \/>\n<meta property=\"og:locale\" content=\"fr_FR\" \/>\n<meta property=\"og:type\" content=\"article\" \/>\n<meta property=\"og:title\" content=\"Kit main libre au volant bientot interdit - Blog auto Carid\u00e9al\" \/>\n<meta property=\"og:description\" content=\"Y en a ras le bol&nbsp;! On veut maintenant nous supprimer les kit mains libres au volant ou \u00e9ventuellement le GPS&nbsp;! J&#039;en tombe par terre. L&#039;utilisation du kit main libre multiplierait par quatre le risque d&#039;accident? Que doit on dire des gens qui fument en conduisant&nbsp;? Les politiques ne disent rien. Que penser d&#039;une conversation ... Lire plus\" \/>\n<meta property=\"og:url\" content=\"https:\/\/www.carideal.com\/blog\/2008\/11\/27\/kit-main-libre-au-volant-bientot-interdit\/\" \/>\n<meta property=\"og:site_name\" content=\"Blog auto Carid\u00e9al\" \/>\n<meta property=\"article:publisher\" content=\"https:\/\/www.facebook.com\/Carideal.mandataire.automobile\" \/>\n<meta property=\"article:author\" content=\"https:\/\/www.facebook.com\/Carideal.mandataire.automobile\/\" \/>\n<meta property=\"article:published_time\" content=\"2008-11-27T19:01:36+00:00\" \/>\n<meta property=\"article:modified_time\" content=\"2015-10-24T13:44:46+00:00\" \/>\n<meta property=\"og:image\" content=\"https:\/\/www.carideal.com\/blog\/wp-content\/uploads\/2016\/03\/logo-carideal-mandataire-automobile.png\" \/>\n\t<meta property=\"og:image:width\" content=\"300\" \/>\n\t<meta property=\"og:image:height\" content=\"300\" \/>\n\t<meta property=\"og:image:type\" content=\"image\/png\" \/>\n<meta name=\"author\" content=\"N.S Carideal\" \/>\n<meta name=\"twitter:card\" content=\"summary_large_image\" \/>\n<meta name=\"twitter:creator\" content=\"@caridealauto\" \/>\n<meta name=\"twitter:site\" content=\"@caridealauto\" \/>\n<meta name=\"twitter:label1\" content=\"\u00c9crit par\" \/>\n\t<meta name=\"twitter:data1\" content=\"N.S Carideal\" \/>\n\t<meta name=\"twitter:label2\" content=\"Dur\u00e9e de lecture estim\u00e9e\" \/>\n\t<meta name=\"twitter:data2\" content=\"1 minute\" \/>\n<script type=\"application\/ld+json\" class=\"yoast-schema-graph\">{\"@context\":\"https:\/\/schema.org\",\"@graph\":[{\"@type\":\"Article\",\"@id\":\"https:\/\/www.carideal.com\/blog\/2008\/11\/27\/kit-main-libre-au-volant-bientot-interdit\/#article\",\"isPartOf\":{\"@id\":\"https:\/\/www.carideal.com\/blog\/2008\/11\/27\/kit-main-libre-au-volant-bientot-interdit\/\"},\"author\":{\"name\":\"N.S Carideal\",\"@id\":\"https:\/\/www.carideal.com\/blog\/#\/schema\/person\/985c7e757d1042d647f21bfaf8d41ebc\"},\"headline\":\"Kit main libre au volant bientot interdit\",\"datePublished\":\"2008-11-27T19:01:36+00:00\",\"dateModified\":\"2015-10-24T13:44:46+00:00\",\"mainEntityOfPage\":{\"@id\":\"https:\/\/www.carideal.com\/blog\/2008\/11\/27\/kit-main-libre-au-volant-bientot-interdit\/\"},\"wordCount\":145,\"commentCount\":0,\"publisher\":{\"@id\":\"https:\/\/www.carideal.com\/blog\/#organization\"},\"articleSection\":[\"Radar et s\u00e9curit\u00e9 routi\u00e8re\"],\"inLanguage\":\"fr-FR\",\"potentialAction\":[{\"@type\":\"CommentAction\",\"name\":\"Comment\",\"target\":[\"https:\/\/www.carideal.com\/blog\/2008\/11\/27\/kit-main-libre-au-volant-bientot-interdit\/#respond\"]}]},{\"@type\":\"WebPage\",\"@id\":\"https:\/\/www.carideal.com\/blog\/2008\/11\/27\/kit-main-libre-au-volant-bientot-interdit\/\",\"url\":\"https:\/\/www.carideal.com\/blog\/2008\/11\/27\/kit-main-libre-au-volant-bientot-interdit\/\",\"name\":\"Kit main libre au volant bientot interdit - Blog auto Carid\u00e9al\",\"isPartOf\":{\"@id\":\"https:\/\/www.carideal.com\/blog\/#website\"},\"datePublished\":\"2008-11-27T19:01:36+00:00\",\"dateModified\":\"2015-10-24T13:44:46+00:00\",\"breadcrumb\":{\"@id\":\"https:\/\/www.carideal.com\/blog\/2008\/11\/27\/kit-main-libre-au-volant-bientot-interdit\/#breadcrumb\"},\"inLanguage\":\"fr-FR\",\"potentialAction\":[{\"@type\":\"ReadAction\",\"target\":[\"https:\/\/www.carideal.com\/blog\/2008\/11\/27\/kit-main-libre-au-volant-bientot-interdit\/\"]}]},{\"@type\":\"BreadcrumbList\",\"@id\":\"https:\/\/www.carideal.com\/blog\/2008\/11\/27\/kit-main-libre-au-volant-bientot-interdit\/#breadcrumb\",\"itemListElement\":[{\"@type\":\"ListItem\",\"position\":1,\"name\":\"Blog Carid\u00e9al\",\"item\":\"https:\/\/www.carideal.com\/blog\/\"},{\"@type\":\"ListItem\",\"position\":2,\"name\":\"Radar et s\u00e9curit\u00e9 routi\u00e8re\",\"item\":\"https:\/\/www.carideal.com\/blog\/radar-et-securite-routiere\/\"},{\"@type\":\"ListItem\",\"position\":3,\"name\":\"Kit main libre au volant bientot interdit\"}]},{\"@type\":\"WebSite\",\"@id\":\"https:\/\/www.carideal.com\/blog\/#website\",\"url\":\"https:\/\/www.carideal.com\/blog\/\",\"name\":\"Blog auto Carid\u00e9al\",\"description\":\"Actualit\u00e9 auto par des passionn\u00e9s\",\"publisher\":{\"@id\":\"https:\/\/www.carideal.com\/blog\/#organization\"},\"potentialAction\":[{\"@type\":\"SearchAction\",\"target\":{\"@type\":\"EntryPoint\",\"urlTemplate\":\"https:\/\/www.carideal.com\/blog\/?s={search_term_string}\"},\"query-input\":{\"@type\":\"PropertyValueSpecification\",\"valueRequired\":true,\"valueName\":\"search_term_string\"}}],\"inLanguage\":\"fr-FR\"},{\"@type\":\"Organization\",\"@id\":\"https:\/\/www.carideal.com\/blog\/#organization\",\"name\":\"Carideal\",\"url\":\"https:\/\/www.carideal.com\/blog\/\",\"logo\":{\"@type\":\"ImageObject\",\"inLanguage\":\"fr-FR\",\"@id\":\"https:\/\/www.carideal.com\/blog\/#\/schema\/logo\/image\/\",\"url\":\"http:\/\/www.carideal.com\/blog\/wp-content\/uploads\/2016\/03\/logo-carideal-mandataire-automobile.png\",\"contentUrl\":\"http:\/\/www.carideal.com\/blog\/wp-content\/uploads\/2016\/03\/logo-carideal-mandataire-automobile.png\",\"width\":300,\"height\":300,\"caption\":\"Carideal\"},\"image\":{\"@id\":\"https:\/\/www.carideal.com\/blog\/#\/schema\/logo\/image\/\"},\"sameAs\":[\"https:\/\/www.facebook.com\/Carideal.mandataire.automobile\",\"https:\/\/x.com\/caridealauto\",\"https:\/\/www.instagram.com\/carideal1\/\",\"https:\/\/www.linkedin.com\/company\/carideal.com\",\"https:\/\/fr.pinterest.com\/schiavonsas\/\",\"https:\/\/www.youtube.com\/user\/caridealsas\"]},{\"@type\":\"Person\",\"@id\":\"https:\/\/www.carideal.com\/blog\/#\/schema\/person\/985c7e757d1042d647f21bfaf8d41ebc\",\"name\":\"N.S Carideal\",\"image\":{\"@type\":\"ImageObject\",\"inLanguage\":\"fr-FR\",\"@id\":\"https:\/\/www.carideal.com\/blog\/#\/schema\/person\/image\/\",\"url\":\"https:\/\/secure.gravatar.com\/avatar\/edb7ccdf1a4e3d14aef967760d354d0e?s=96&r=g\",\"contentUrl\":\"https:\/\/secure.gravatar.com\/avatar\/edb7ccdf1a4e3d14aef967760d354d0e?s=96&r=g\",\"caption\":\"N.S Carideal\"},\"description\":\"Depuis tout petit fan d'automobile. Il est question d'essayer et de comparer toutes ces voitures qui nous ont fait r\u00e9ver, avant que celles-ci ne devient uniquement des voitures de collection.\",\"sameAs\":[\"http:\/\/www.carideal.com\/blog\",\"https:\/\/www.facebook.com\/Carideal.mandataire.automobile\/\",\"https:\/\/www.linkedin.com\/in\/nschiavon\/\",\"https:\/\/www.youtube.com\/user\/caridealsas\/\"],\"url\":\"https:\/\/www.carideal.com\/blog\/author\/admin_carideal\/\"}]}<\/script>\n<!-- \/ Yoast SEO plugin. -->","yoast_head_json":{"title":"Kit main libre au volant bientot interdit - Blog auto Carid\u00e9al","robots":{"index":"index","follow":"follow","max-snippet":"max-snippet:-1","max-image-preview":"max-image-preview:large","max-video-preview":"max-video-preview:-1"},"canonical":"https:\/\/www.carideal.com\/blog\/2008\/11\/27\/kit-main-libre-au-volant-bientot-interdit\/","og_locale":"fr_FR","og_type":"article","og_title":"Kit main libre au volant bientot interdit - Blog auto Carid\u00e9al","og_description":"Y en a ras le bol&nbsp;! On veut maintenant nous supprimer les kit mains libres au volant ou \u00e9ventuellement le GPS&nbsp;! J'en tombe par terre. L'utilisation du kit main libre multiplierait par quatre le risque d'accident? Que doit on dire des gens qui fument en conduisant&nbsp;? Les politiques ne disent rien. Que penser d'une conversation ... Lire plus","og_url":"https:\/\/www.carideal.com\/blog\/2008\/11\/27\/kit-main-libre-au-volant-bientot-interdit\/","og_site_name":"Blog auto Carid\u00e9al","article_publisher":"https:\/\/www.facebook.com\/Carideal.mandataire.automobile","article_author":"https:\/\/www.facebook.com\/Carideal.mandataire.automobile\/","article_published_time":"2008-11-27T19:01:36+00:00","article_modified_time":"2015-10-24T13:44:46+00:00","og_image":[{"width":300,"height":300,"url":"https:\/\/www.carideal.com\/blog\/wp-content\/uploads\/2016\/03\/logo-carideal-mandataire-automobile.png","type":"image\/png"}],"author":"N.S Carideal","twitter_card":"summary_large_image","twitter_creator":"@caridealauto","twitter_site":"@caridealauto","twitter_misc":{"\u00c9crit par":"N.S Carideal","Dur\u00e9e de lecture estim\u00e9e":"1 minute"},"schema":{"@context":"https:\/\/schema.org","@graph":[{"@type":"Article","@id":"https:\/\/www.carideal.com\/blog\/2008\/11\/27\/kit-main-libre-au-volant-bientot-interdit\/#article","isPartOf":{"@id":"https:\/\/www.carideal.com\/blog\/2008\/11\/27\/kit-main-libre-au-volant-bientot-interdit\/"},"author":{"name":"N.S Carideal","@id":"https:\/\/www.carideal.com\/blog\/#\/schema\/person\/985c7e757d1042d647f21bfaf8d41ebc"},"headline":"Kit main libre au volant bientot interdit","datePublished":"2008-11-27T19:01:36+00:00","dateModified":"2015-10-24T13:44:46+00:00","mainEntityOfPage":{"@id":"https:\/\/www.carideal.com\/blog\/2008\/11\/27\/kit-main-libre-au-volant-bientot-interdit\/"},"wordCount":145,"commentCount":0,"publisher":{"@id":"https:\/\/www.carideal.com\/blog\/#organization"},"articleSection":["Radar et s\u00e9curit\u00e9 routi\u00e8re"],"inLanguage":"fr-FR","potentialAction":[{"@type":"CommentAction","name":"Comment","target":["https:\/\/www.carideal.com\/blog\/2008\/11\/27\/kit-main-libre-au-volant-bientot-interdit\/#respond"]}]},{"@type":"WebPage","@id":"https:\/\/www.carideal.com\/blog\/2008\/11\/27\/kit-main-libre-au-volant-bientot-interdit\/","url":"https:\/\/www.carideal.com\/blog\/2008\/11\/27\/kit-main-libre-au-volant-bientot-interdit\/","name":"Kit main libre au volant bientot interdit - Blog auto Carid\u00e9al","isPartOf":{"@id":"https:\/\/www.carideal.com\/blog\/#website"},"datePublished":"2008-11-27T19:01:36+00:00","dateModified":"2015-10-24T13:44:46+00:00","breadcrumb":{"@id":"https:\/\/www.carideal.com\/blog\/2008\/11\/27\/kit-main-libre-au-volant-bientot-interdit\/#breadcrumb"},"inLanguage":"fr-FR","potentialAction":[{"@type":"ReadAction","target":["https:\/\/www.carideal.com\/blog\/2008\/11\/27\/kit-main-libre-au-volant-bientot-interdit\/"]}]},{"@type":"BreadcrumbList","@id":"https:\/\/www.carideal.com\/blog\/2008\/11\/27\/kit-main-libre-au-volant-bientot-interdit\/#breadcrumb","itemListElement":[{"@type":"ListItem","position":1,"name":"Blog Carid\u00e9al","item":"https:\/\/www.carideal.com\/blog\/"},{"@type":"ListItem","position":2,"name":"Radar et s\u00e9curit\u00e9 routi\u00e8re","item":"https:\/\/www.carideal.com\/blog\/radar-et-securite-routiere\/"},{"@type":"ListItem","position":3,"name":"Kit main libre au volant bientot interdit"}]},{"@type":"WebSite","@id":"https:\/\/www.carideal.com\/blog\/#website","url":"https:\/\/www.carideal.com\/blog\/","name":"Blog auto Carid\u00e9al","description":"Actualit\u00e9 auto par des passionn\u00e9s","publisher":{"@id":"https:\/\/www.carideal.com\/blog\/#organization"},"potentialAction":[{"@type":"SearchAction","target":{"@type":"EntryPoint","urlTemplate":"https:\/\/www.carideal.com\/blog\/?s={search_term_string}"},"query-input":{"@type":"PropertyValueSpecification","valueRequired":true,"valueName":"search_term_string"}}],"inLanguage":"fr-FR"},{"@type":"Organization","@id":"https:\/\/www.carideal.com\/blog\/#organization","name":"Carideal","url":"https:\/\/www.carideal.com\/blog\/","logo":{"@type":"ImageObject","inLanguage":"fr-FR","@id":"https:\/\/www.carideal.com\/blog\/#\/schema\/logo\/image\/","url":"http:\/\/www.carideal.com\/blog\/wp-content\/uploads\/2016\/03\/logo-carideal-mandataire-automobile.png","contentUrl":"http:\/\/www.carideal.com\/blog\/wp-content\/uploads\/2016\/03\/logo-carideal-mandataire-automobile.png","width":300,"height":300,"caption":"Carideal"},"image":{"@id":"https:\/\/www.carideal.com\/blog\/#\/schema\/logo\/image\/"},"sameAs":["https:\/\/www.facebook.com\/Carideal.mandataire.automobile","https:\/\/x.com\/caridealauto","https:\/\/www.instagram.com\/carideal1\/","https:\/\/www.linkedin.com\/company\/carideal.com","https:\/\/fr.pinterest.com\/schiavonsas\/","https:\/\/www.youtube.com\/user\/caridealsas"]},{"@type":"Person","@id":"https:\/\/www.carideal.com\/blog\/#\/schema\/person\/985c7e757d1042d647f21bfaf8d41ebc","name":"N.S Carideal","image":{"@type":"ImageObject","inLanguage":"fr-FR","@id":"https:\/\/www.carideal.com\/blog\/#\/schema\/person\/image\/","url":"https:\/\/secure.gravatar.com\/avatar\/edb7ccdf1a4e3d14aef967760d354d0e?s=96&r=g","contentUrl":"https:\/\/secure.gravatar.com\/avatar\/edb7ccdf1a4e3d14aef967760d354d0e?s=96&r=g","caption":"N.S Carideal"},"description":"Depuis tout petit fan d'automobile. Il est question d'essayer et de comparer toutes ces voitures qui nous ont fait r\u00e9ver, avant que celles-ci ne devient uniquement des voitures de collection.","sameAs":["http:\/\/www.carideal.com\/blog","https:\/\/www.facebook.com\/Carideal.mandataire.automobile\/","https:\/\/www.linkedin.com\/in\/nschiavon\/","https:\/\/www.youtube.com\/user\/caridealsas\/"],"url":"https:\/\/www.carideal.com\/blog\/author\/admin_carideal\/"}]}},"uagb_featured_image_src":{"full":false,"thumbnail":false,"medium":false,"medium_large":false,"large":false,"1536x1536":false,"2048x2048":false,"wppr-widget":false},"uagb_author_info":{"display_name":"N.S Carideal","author_link":"https:\/\/www.carideal.com\/blog\/author\/admin_carideal\/"},"uagb_comment_info":0,"uagb_excerpt":"Y en a ras le bol&nbsp;! On veut maintenant nous supprimer les kit mains libres au volant ou \u00e9ventuellement le GPS&nbsp;! J'en tombe par terre. L'utilisation du kit main libre multiplierait par quatre le risque d'accident? Que doit on dire des gens qui fument en conduisant&nbsp;? Les politiques ne disent rien. Que penser d'une conversation\u2026","_links":{"self":[{"href":"https:\/\/www.carideal.com\/blog\/wp-json\/wp\/v2\/posts\/1586"}],"collection":[{"href":"https:\/\/www.carideal.com\/blog\/wp-json\/wp\/v2\/posts"}],"about":[{"href":"https:\/\/www.carideal.com\/blog\/wp-json\/wp\/v2\/types\/post"}],"author":[{"embeddable":true,"href":"https:\/\/www.carideal.com\/blog\/wp-json\/wp\/v2\/users\/1"}],"replies":[{"embeddable":true,"href":"https:\/\/www.carideal.com\/blog\/wp-json\/wp\/v2\/comments?post=1586"}],"version-history":[{"count":0,"href":"https:\/\/www.carideal.com\/blog\/wp-json\/wp\/v2\/posts\/1586\/revisions"}],"wp:attachment":[{"href":"https:\/\/www.carideal.com\/blog\/wp-json\/wp\/v2\/media?parent=1586"}],"wp:term":[{"taxonomy":"category","embeddable":true,"href":"https:\/\/www.carideal.com\/blog\/wp-json\/wp\/v2\/categories?post=1586"},{"taxonomy":"post_tag","embeddable":true,"href":"https:\/\/www.carideal.com\/blog\/wp-json\/wp\/v2\/tags?post=1586"}],"curies":[{"name":"wp","href":"https:\/\/api.w.org\/{rel}","templated":true}]}}