{"id":15850,"date":"2013-11-25T19:07:37","date_gmt":"2013-11-25T18:07:37","guid":{"rendered":"http:\/\/www.carideal.com\/blog\/?p=15850"},"modified":"2018-10-29T10:21:31","modified_gmt":"2018-10-29T09:21:31","slug":"rendre-le-pneu-hiver-obligatoire","status":"publish","type":"post","link":"https:\/\/www.carideal.com\/blog\/2013\/11\/25\/rendre-le-pneu-hiver-obligatoire\/","title":{"rendered":"Rendre le pneu hiver obligatoire pour la s\u00e9curit\u00e9"},"content":{"rendered":"<h2><strong>IL FAUT RENDRE LE PNEU HIVER OBLIGATOIRE<\/strong><\/h2>\n<p>La France ne rend pas obligatoire les pneus neige en hiver, contrairement \u00e0 neuf autres pays en Europe, Finlande, Tch\u00e9quie...). Par contre dans certains cas de chute de neige pour acc\u00e9der aux stations de ski les chaines peuvent \u00eatre obligatoire. D'autres pays comme l'Allemagne, l'Italie, la Suisse, ou l'Autriche, le pneu hiver est recommand\u00e9 en hiver et dans le cas d'accident l'assurance ne couvrirait pas les dommages.<\/p>\n<h2>En dessous de 6\u00b0C il faut s'\u00e9quiper de pneu hiver<\/h2>\n<figure id=\"attachment_15853\" aria-describedby=\"caption-attachment-15853\" style=\"width: 290px\" class=\"wp-caption alignleft\"><a href=\"http:\/\/www.carideal.com\/blog\/wp-content\/uploads\/2017\/03\/il-faut-rendre-obligatoire-pneu-neige-hiver-300x199.jpg\"><img loading=\"lazy\" decoding=\"async\" class=\"size-full wp-image-15853\" src=\"http:\/\/www.carideal.com\/blog\/wp-content\/uploads\/2017\/03\/il-faut-rendre-obligatoire-pneu-neige-hiver-300x199.jpg\" alt=\"Il faut rendre obligatoire les pneus neige en hiver\" width=\"300\" height=\"199\" srcset=\"https:\/\/www.carideal.com\/blog\/wp-content\/uploads\/2017\/03\/il-faut-rendre-obligatoire-pneu-neige-hiver-300x199.jpg 300w, https:\/\/www.carideal.com\/blog\/wp-content\/uploads\/2017\/03\/il-faut-rendre-obligatoire-pneu-neige-hiver-300x199-110x73.jpg 110w, https:\/\/www.carideal.com\/blog\/wp-content\/uploads\/2017\/03\/il-faut-rendre-obligatoire-pneu-neige-hiver-300x199-50x33.jpg 50w\" sizes=\"(max-width: 300px) 100vw, 300px\" \/><\/a><figcaption id=\"caption-attachment-15853\" class=\"wp-caption-text\">Il faut rendre obligatoire les pneus neige en hiver<\/figcaption><\/figure>\n<p>On le sait car des tests ont \u00e9t\u00e9 fait et de nombreuses exp\u00e9riences l'ont prouv\u00e9s, en dessous de 6\u00b0C, le <strong>PNEU HIVER<\/strong> est plus efficaces que les pneus normaux. Un PNEU HIVER, est un pneu neige avec un m\u00e9lange sp\u00e9cifique de gomme appel\u00e9e thermogomme avec un fort taux de silice. Le fort taux de lamellisation augmente l'adh\u00e9rence en emprisonnant la neige. les pneus sont marqu\u00e9s M+S (mud + snow).<br \/>\nIl faut \u00e9quiper sa voiture de 4 pneus hiver et non de 2 pour rouler de mani\u00e8re r\u00e9currente sur la neige afin d'\u00e9viter de perdre le contr\u00f4le du train non \u00e9quip\u00e9.<br \/>\nUne voiture \u00e9quip\u00e9e mettra 30 m\u00e8tres de moins qu'un pneu \u00e9t\u00e9 pour passer de 50 \u00e0 10 km\/h. En dessous de 6 \u00b0C le pneu hiver est m\u00eame plus efficace sous la pluie gr\u00e2ce \u00e0 son grip sup\u00e9rieur. Il existe m\u00eame un <a href=\"https:\/\/www.facebook.com\/pourrendreobligatoirelespneusneigesenhiver\/\">groupe Facebook afin de rendre le pneu hiver obligatoire<\/a>.<\/p>\n<p><strong>Nous sommes sp\u00e9cialiste du <a href=\"http:\/\/www.carideal.com\/blog\/garage-automobile\/pneu\/pneu-pas-cher\/\">PNEU PAS CHER<\/a>\u00a0<a href=\"http:\/\/www.carideal.com\/blog\/contactez-nous\/\">contactez nous<\/a> au 04 79 33 03 53<\/strong><\/p>\n<h2>Un pneu quatre saisons n'est pas un pneu hiver<\/h2>\n<p>L'appellation \"Pneu quatre saisons\", moins ch\u00e8re n'a pas du tout la m\u00eame efficacit\u00e9. Suivant la saisonnalit\u00e9, il faut \u00eatre \u00e9quip\u00e9 de Novembre \u00e0 Mars.<\/p>\n<figure id=\"attachment_15852\" aria-describedby=\"caption-attachment-15852\" style=\"width: 388px\" class=\"wp-caption alignleft\"><a href=\"http:\/\/www.carideal.com\/blog\/wp-content\/uploads\/2017\/03\/image-neige-accident-pneu-hiver-obligatoire-1.jpg\"><img loading=\"lazy\" decoding=\"async\" class=\"size-full wp-image-15852\" src=\"http:\/\/www.carideal.com\/blog\/wp-content\/uploads\/2017\/03\/image-neige-accident-pneu-hiver-obligatoire-1.jpg\" alt=\"Contre les Accidents il faut s'\u00e9quiper de pneu hiver\" width=\"398\" height=\"207\" srcset=\"https:\/\/www.carideal.com\/blog\/wp-content\/uploads\/2017\/03\/image-neige-accident-pneu-hiver-obligatoire-1.jpg 398w, https:\/\/www.carideal.com\/blog\/wp-content\/uploads\/2017\/03\/image-neige-accident-pneu-hiver-obligatoire-1-300x156.jpg 300w, https:\/\/www.carideal.com\/blog\/wp-content\/uploads\/2017\/03\/image-neige-accident-pneu-hiver-obligatoire-1-110x57.jpg 110w, https:\/\/www.carideal.com\/blog\/wp-content\/uploads\/2017\/03\/image-neige-accident-pneu-hiver-obligatoire-1-50x26.jpg 50w\" sizes=\"(max-width: 398px) 100vw, 398px\" \/><\/a><figcaption id=\"caption-attachment-15852\" class=\"wp-caption-text\">Contre les Accidents il faut s'\u00e9quiper de pneu hiver<\/figcaption><\/figure>\n<p>L'\u00e9pisode neigeux de d\u00e9cembre 2010, ou m\u00eame de fin Octobre 2012 a permis de prendre conscience de la n\u00e9cessit\u00e9 de s'\u00e9quiper de pneus sp\u00e9cifiques, m\u00eame si la France ne le rend pas obligatoire.<\/p>\n<p>Relisez nos <a href=\"http:\/\/www.carideal.com\/blog\/conseils-de-conduite\/conseils-de-conduite-en-hiver\/\">conseils pour rouler sur routes glissantes en hiver<\/a><\/p>\n<p>Un pneu hiver vaut 20 % de plus qu'un pneu \u00e9t\u00e9, on peut aussi vouloir un pack roue compl\u00e8te comprenant jante + pneu, qui \u00e9vitera les frais de d\u00e9pose pose et \u00e9quilibrage au printemps. cela permet de pr\u00e9server ses belles jantes alu en hiver des attaques du sel et de ses produits chimiques.<\/p>\n<p>Certaines personnes peuvent avoir des probl\u00e8mes de stockage, on y a pens\u00e9 et pour cela on vous propose notre solution d'h\u00f4tel du pneu.<\/p>\n<p>A chaque saison hivernale, revient la m\u00eame question quel sont les meilleurs ? On va t\u00e2cher de vous renseigner en publiant des <a href=\"http:\/\/www.carideal.com\/blog\/tag\/pneus-hiver\/\">tests de pneu hiver<\/a>. (205\/55R16 91H)<\/p>\n","protected":false},"excerpt":{"rendered":"<p>IL FAUT RENDRE LE PNEU HIVER OBLIGATOIRE La France ne rend pas obligatoire les pneus neige en hiver, contrairement \u00e0 neuf autres pays en Europe, Finlande, Tch\u00e9quie&#8230;). Par contre dans certains cas de chute de neige pour acc\u00e9der aux stations de ski les chaines peuvent \u00eatre obligatoire. D&rsquo;autres pays comme l&rsquo;Allemagne, l&rsquo;Italie, la Suisse, ou &#8230; <a title=\"Rendre le pneu hiver obligatoire pour la s\u00e9curit\u00e9\" class=\"read-more\" href=\"https:\/\/www.carideal.com\/blog\/2013\/11\/25\/rendre-le-pneu-hiver-obligatoire\/\" aria-label=\"En savoir plus sur Rendre le pneu hiver obligatoire pour la s\u00e9curit\u00e9\">Lire plus<\/a><\/p>\n","protected":false},"author":3,"featured_media":15851,"comment_status":"open","ping_status":"open","sticky":false,"template":"","format":"standard","meta":{"_uag_custom_page_level_css":"","_themeisle_gutenberg_block_has_review":false,"footnotes":""},"categories":[13,15],"tags":[4178],"class_list":["post-15850","post","type-post","status-publish","format-standard","has-post-thumbnail","hentry","category-pneumatique","category-radar-et-securite-routiere","tag-pneu-hiver"],"wppr_data":{"cwp_meta_box_check":"No"},"yoast_head":"<!-- This site is optimized with the Yoast SEO plugin v24.8.1 - https:\/\/yoast.com\/wordpress\/plugins\/seo\/ -->\n<title>Rendre le pneu hiver obligatoire pour la s\u00e9curit\u00e9 - Blog auto Carid\u00e9al<\/title>\n<meta name=\"description\" content=\"Il Faut rendre le PNEU HIVER obligatoire, la France ne rend pas obligatoire les pneus neige en hiver, contrairement \u00e0 neuf autres pays en Europe\" \/>\n<meta name=\"robots\" content=\"index, follow, max-snippet:-1, max-image-preview:large, max-video-preview:-1\" \/>\n<link rel=\"canonical\" href=\"https:\/\/www.carideal.com\/blog\/2013\/11\/25\/rendre-le-pneu-hiver-obligatoire\/\" \/>\n<meta property=\"og:locale\" content=\"fr_FR\" \/>\n<meta property=\"og:type\" content=\"article\" \/>\n<meta property=\"og:title\" content=\"Rendre le pneu hiver obligatoire pour la s\u00e9curit\u00e9 - Blog auto Carid\u00e9al\" \/>\n<meta property=\"og:description\" content=\"Il Faut rendre le PNEU HIVER obligatoire, la France ne rend pas obligatoire les pneus neige en hiver, contrairement \u00e0 neuf autres pays en Europe\" \/>\n<meta property=\"og:url\" content=\"https:\/\/www.carideal.com\/blog\/2013\/11\/25\/rendre-le-pneu-hiver-obligatoire\/\" \/>\n<meta property=\"og:site_name\" content=\"Blog auto Carid\u00e9al\" \/>\n<meta property=\"article:publisher\" content=\"https:\/\/www.facebook.com\/Carideal.mandataire.automobile\" \/>\n<meta property=\"article:author\" content=\"https:\/\/www.facebook.com\/nicolas.schiavon.39\" \/>\n<meta property=\"article:published_time\" content=\"2013-11-25T18:07:37+00:00\" \/>\n<meta property=\"article:modified_time\" content=\"2018-10-29T09:21:31+00:00\" \/>\n<meta property=\"og:image\" content=\"https:\/\/www.carideal.com\/blog\/wp-content\/uploads\/2017\/03\/pneu-hiver-obligatoire.jpg\" \/>\n\t<meta property=\"og:image:width\" content=\"736\" \/>\n\t<meta property=\"og:image:height\" content=\"526\" \/>\n\t<meta property=\"og:image:type\" content=\"image\/jpeg\" \/>\n<meta name=\"author\" content=\"Nicolas SCHIAVON\" \/>\n<meta name=\"twitter:card\" content=\"summary_large_image\" \/>\n<meta name=\"twitter:creator\" content=\"@caridealauto\" \/>\n<meta name=\"twitter:site\" content=\"@caridealauto\" \/>\n<meta name=\"twitter:label1\" content=\"\u00c9crit par\" \/>\n\t<meta name=\"twitter:data1\" content=\"Nicolas SCHIAVON\" \/>\n\t<meta name=\"twitter:label2\" content=\"Dur\u00e9e de lecture estim\u00e9e\" \/>\n\t<meta name=\"twitter:data2\" content=\"2 minutes\" \/>\n<script type=\"application\/ld+json\" class=\"yoast-schema-graph\">{\"@context\":\"https:\/\/schema.org\",\"@graph\":[{\"@type\":\"Article\",\"@id\":\"https:\/\/www.carideal.com\/blog\/2013\/11\/25\/rendre-le-pneu-hiver-obligatoire\/#article\",\"isPartOf\":{\"@id\":\"https:\/\/www.carideal.com\/blog\/2013\/11\/25\/rendre-le-pneu-hiver-obligatoire\/\"},\"author\":{\"name\":\"Nicolas SCHIAVON\",\"@id\":\"https:\/\/www.carideal.com\/blog\/#\/schema\/person\/cd95dc7919660de90d31b366f85be1ec\"},\"headline\":\"Rendre le pneu hiver obligatoire pour la s\u00e9curit\u00e9\",\"datePublished\":\"2013-11-25T18:07:37+00:00\",\"dateModified\":\"2018-10-29T09:21:31+00:00\",\"mainEntityOfPage\":{\"@id\":\"https:\/\/www.carideal.com\/blog\/2013\/11\/25\/rendre-le-pneu-hiver-obligatoire\/\"},\"wordCount\":489,\"commentCount\":0,\"publisher\":{\"@id\":\"https:\/\/www.carideal.com\/blog\/#organization\"},\"image\":{\"@id\":\"https:\/\/www.carideal.com\/blog\/2013\/11\/25\/rendre-le-pneu-hiver-obligatoire\/#primaryimage\"},\"thumbnailUrl\":\"https:\/\/www.carideal.com\/blog\/wp-content\/uploads\/2017\/03\/pneu-hiver-obligatoire.jpg\",\"keywords\":[\"Pneu hiver\"],\"articleSection\":[\"Pneumatique\",\"Radar et s\u00e9curit\u00e9 routi\u00e8re\"],\"inLanguage\":\"fr-FR\",\"potentialAction\":[{\"@type\":\"CommentAction\",\"name\":\"Comment\",\"target\":[\"https:\/\/www.carideal.com\/blog\/2013\/11\/25\/rendre-le-pneu-hiver-obligatoire\/#respond\"]}]},{\"@type\":\"WebPage\",\"@id\":\"https:\/\/www.carideal.com\/blog\/2013\/11\/25\/rendre-le-pneu-hiver-obligatoire\/\",\"url\":\"https:\/\/www.carideal.com\/blog\/2013\/11\/25\/rendre-le-pneu-hiver-obligatoire\/\",\"name\":\"Rendre le pneu hiver obligatoire pour la s\u00e9curit\u00e9 - Blog auto Carid\u00e9al\",\"isPartOf\":{\"@id\":\"https:\/\/www.carideal.com\/blog\/#website\"},\"primaryImageOfPage\":{\"@id\":\"https:\/\/www.carideal.com\/blog\/2013\/11\/25\/rendre-le-pneu-hiver-obligatoire\/#primaryimage\"},\"image\":{\"@id\":\"https:\/\/www.carideal.com\/blog\/2013\/11\/25\/rendre-le-pneu-hiver-obligatoire\/#primaryimage\"},\"thumbnailUrl\":\"https:\/\/www.carideal.com\/blog\/wp-content\/uploads\/2017\/03\/pneu-hiver-obligatoire.jpg\",\"datePublished\":\"2013-11-25T18:07:37+00:00\",\"dateModified\":\"2018-10-29T09:21:31+00:00\",\"description\":\"Il Faut rendre le PNEU HIVER obligatoire, la France ne rend pas obligatoire les pneus neige en hiver, contrairement \u00e0 neuf autres pays en Europe\",\"breadcrumb\":{\"@id\":\"https:\/\/www.carideal.com\/blog\/2013\/11\/25\/rendre-le-pneu-hiver-obligatoire\/#breadcrumb\"},\"inLanguage\":\"fr-FR\",\"potentialAction\":[{\"@type\":\"ReadAction\",\"target\":[\"https:\/\/www.carideal.com\/blog\/2013\/11\/25\/rendre-le-pneu-hiver-obligatoire\/\"]}]},{\"@type\":\"ImageObject\",\"inLanguage\":\"fr-FR\",\"@id\":\"https:\/\/www.carideal.com\/blog\/2013\/11\/25\/rendre-le-pneu-hiver-obligatoire\/#primaryimage\",\"url\":\"https:\/\/www.carideal.com\/blog\/wp-content\/uploads\/2017\/03\/pneu-hiver-obligatoire.jpg\",\"contentUrl\":\"https:\/\/www.carideal.com\/blog\/wp-content\/uploads\/2017\/03\/pneu-hiver-obligatoire.jpg\",\"width\":736,\"height\":526,\"caption\":\"En hiver, pneu hiver obligatoire\"},{\"@type\":\"BreadcrumbList\",\"@id\":\"https:\/\/www.carideal.com\/blog\/2013\/11\/25\/rendre-le-pneu-hiver-obligatoire\/#breadcrumb\",\"itemListElement\":[{\"@type\":\"ListItem\",\"position\":1,\"name\":\"Blog Carid\u00e9al\",\"item\":\"https:\/\/www.carideal.com\/blog\/\"},{\"@type\":\"ListItem\",\"position\":2,\"name\":\"Pneumatique\",\"item\":\"https:\/\/www.carideal.com\/blog\/pneumatique\/\"},{\"@type\":\"ListItem\",\"position\":3,\"name\":\"Rendre le pneu hiver obligatoire pour la s\u00e9curit\u00e9\"}]},{\"@type\":\"WebSite\",\"@id\":\"https:\/\/www.carideal.com\/blog\/#website\",\"url\":\"https:\/\/www.carideal.com\/blog\/\",\"name\":\"Blog auto Carid\u00e9al\",\"description\":\"Actualit\u00e9 auto par des passionn\u00e9s\",\"publisher\":{\"@id\":\"https:\/\/www.carideal.com\/blog\/#organization\"},\"potentialAction\":[{\"@type\":\"SearchAction\",\"target\":{\"@type\":\"EntryPoint\",\"urlTemplate\":\"https:\/\/www.carideal.com\/blog\/?s={search_term_string}\"},\"query-input\":{\"@type\":\"PropertyValueSpecification\",\"valueRequired\":true,\"valueName\":\"search_term_string\"}}],\"inLanguage\":\"fr-FR\"},{\"@type\":\"Organization\",\"@id\":\"https:\/\/www.carideal.com\/blog\/#organization\",\"name\":\"Carideal\",\"url\":\"https:\/\/www.carideal.com\/blog\/\",\"logo\":{\"@type\":\"ImageObject\",\"inLanguage\":\"fr-FR\",\"@id\":\"https:\/\/www.carideal.com\/blog\/#\/schema\/logo\/image\/\",\"url\":\"http:\/\/www.carideal.com\/blog\/wp-content\/uploads\/2016\/03\/logo-carideal-mandataire-automobile.png\",\"contentUrl\":\"http:\/\/www.carideal.com\/blog\/wp-content\/uploads\/2016\/03\/logo-carideal-mandataire-automobile.png\",\"width\":300,\"height\":300,\"caption\":\"Carideal\"},\"image\":{\"@id\":\"https:\/\/www.carideal.com\/blog\/#\/schema\/logo\/image\/\"},\"sameAs\":[\"https:\/\/www.facebook.com\/Carideal.mandataire.automobile\",\"https:\/\/x.com\/caridealauto\",\"https:\/\/www.instagram.com\/carideal1\/\",\"https:\/\/www.linkedin.com\/company\/carideal.com\",\"https:\/\/fr.pinterest.com\/schiavonsas\/\",\"https:\/\/www.youtube.com\/user\/caridealsas\"]},{\"@type\":\"Person\",\"@id\":\"https:\/\/www.carideal.com\/blog\/#\/schema\/person\/cd95dc7919660de90d31b366f85be1ec\",\"name\":\"Nicolas SCHIAVON\",\"image\":{\"@type\":\"ImageObject\",\"inLanguage\":\"fr-FR\",\"@id\":\"https:\/\/www.carideal.com\/blog\/#\/schema\/person\/image\/\",\"url\":\"https:\/\/secure.gravatar.com\/avatar\/c17e55009e671d92cc7f5dc837dc418a?s=96&r=g\",\"contentUrl\":\"https:\/\/secure.gravatar.com\/avatar\/c17e55009e671d92cc7f5dc837dc418a?s=96&r=g\",\"caption\":\"Nicolas SCHIAVON\"},\"description\":\"Nicolas Schiavon est tomb\u00e9 tout petit dans la marmite automobile. Ayant eu un garage de marque automobile, mandataire automobile de la premi\u00e8re heure d\u00e8s 1999. Nicolas a cr\u00e9\u00e9 ces premiers sites de vente de voiture et blog automobile d\u00e8s 1994. Carideal est n\u00e9 le 15 d\u00e9cembre 2000 de la volont\u00e9 de vendre des voitures d'occasions en ligne puis des voitures neuves. Il a pu essayer beaucoup de voitures tr\u00e8s diff\u00e9rentes et ayant eu personnellement quelques belles autos, Subaru Impreza, Mitsubishi Lancer Evo 7, Porsche 911, Ferrari Testarrossa, Audi RS3, RS4 et j'en passe...\",\"sameAs\":[\"http:\/\/www.carideal.com\",\"https:\/\/www.facebook.com\/nicolas.schiavon.39\",\"https:\/\/www.instagram.com\/carideal1\/\",\"https:\/\/www.linkedin.com\/in\/nschiavon\/\",\"https:\/\/x.com\/caridealauto\",\"https:\/\/www.youtube.com\/user\/caridealsas\/\"],\"url\":\"https:\/\/www.carideal.com\/blog\/author\/nschiavon\/\"}]}<\/script>\n<!-- \/ Yoast SEO plugin. -->","yoast_head_json":{"title":"Rendre le pneu hiver obligatoire pour la s\u00e9curit\u00e9 - Blog auto Carid\u00e9al","description":"Il Faut rendre le PNEU HIVER obligatoire, la France ne rend pas obligatoire les pneus neige en hiver, contrairement \u00e0 neuf autres pays en Europe","robots":{"index":"index","follow":"follow","max-snippet":"max-snippet:-1","max-image-preview":"max-image-preview:large","max-video-preview":"max-video-preview:-1"},"canonical":"https:\/\/www.carideal.com\/blog\/2013\/11\/25\/rendre-le-pneu-hiver-obligatoire\/","og_locale":"fr_FR","og_type":"article","og_title":"Rendre le pneu hiver obligatoire pour la s\u00e9curit\u00e9 - Blog auto Carid\u00e9al","og_description":"Il Faut rendre le PNEU HIVER obligatoire, la France ne rend pas obligatoire les pneus neige en hiver, contrairement \u00e0 neuf autres pays en Europe","og_url":"https:\/\/www.carideal.com\/blog\/2013\/11\/25\/rendre-le-pneu-hiver-obligatoire\/","og_site_name":"Blog auto Carid\u00e9al","article_publisher":"https:\/\/www.facebook.com\/Carideal.mandataire.automobile","article_author":"https:\/\/www.facebook.com\/nicolas.schiavon.39","article_published_time":"2013-11-25T18:07:37+00:00","article_modified_time":"2018-10-29T09:21:31+00:00","og_image":[{"width":736,"height":526,"url":"https:\/\/www.carideal.com\/blog\/wp-content\/uploads\/2017\/03\/pneu-hiver-obligatoire.jpg","type":"image\/jpeg"}],"author":"Nicolas SCHIAVON","twitter_card":"summary_large_image","twitter_creator":"@caridealauto","twitter_site":"@caridealauto","twitter_misc":{"\u00c9crit par":"Nicolas SCHIAVON","Dur\u00e9e de lecture estim\u00e9e":"2 minutes"},"schema":{"@context":"https:\/\/schema.org","@graph":[{"@type":"Article","@id":"https:\/\/www.carideal.com\/blog\/2013\/11\/25\/rendre-le-pneu-hiver-obligatoire\/#article","isPartOf":{"@id":"https:\/\/www.carideal.com\/blog\/2013\/11\/25\/rendre-le-pneu-hiver-obligatoire\/"},"author":{"name":"Nicolas SCHIAVON","@id":"https:\/\/www.carideal.com\/blog\/#\/schema\/person\/cd95dc7919660de90d31b366f85be1ec"},"headline":"Rendre le pneu hiver obligatoire pour la s\u00e9curit\u00e9","datePublished":"2013-11-25T18:07:37+00:00","dateModified":"2018-10-29T09:21:31+00:00","mainEntityOfPage":{"@id":"https:\/\/www.carideal.com\/blog\/2013\/11\/25\/rendre-le-pneu-hiver-obligatoire\/"},"wordCount":489,"commentCount":0,"publisher":{"@id":"https:\/\/www.carideal.com\/blog\/#organization"},"image":{"@id":"https:\/\/www.carideal.com\/blog\/2013\/11\/25\/rendre-le-pneu-hiver-obligatoire\/#primaryimage"},"thumbnailUrl":"https:\/\/www.carideal.com\/blog\/wp-content\/uploads\/2017\/03\/pneu-hiver-obligatoire.jpg","keywords":["Pneu hiver"],"articleSection":["Pneumatique","Radar et s\u00e9curit\u00e9 routi\u00e8re"],"inLanguage":"fr-FR","potentialAction":[{"@type":"CommentAction","name":"Comment","target":["https:\/\/www.carideal.com\/blog\/2013\/11\/25\/rendre-le-pneu-hiver-obligatoire\/#respond"]}]},{"@type":"WebPage","@id":"https:\/\/www.carideal.com\/blog\/2013\/11\/25\/rendre-le-pneu-hiver-obligatoire\/","url":"https:\/\/www.carideal.com\/blog\/2013\/11\/25\/rendre-le-pneu-hiver-obligatoire\/","name":"Rendre le pneu hiver obligatoire pour la s\u00e9curit\u00e9 - Blog auto Carid\u00e9al","isPartOf":{"@id":"https:\/\/www.carideal.com\/blog\/#website"},"primaryImageOfPage":{"@id":"https:\/\/www.carideal.com\/blog\/2013\/11\/25\/rendre-le-pneu-hiver-obligatoire\/#primaryimage"},"image":{"@id":"https:\/\/www.carideal.com\/blog\/2013\/11\/25\/rendre-le-pneu-hiver-obligatoire\/#primaryimage"},"thumbnailUrl":"https:\/\/www.carideal.com\/blog\/wp-content\/uploads\/2017\/03\/pneu-hiver-obligatoire.jpg","datePublished":"2013-11-25T18:07:37+00:00","dateModified":"2018-10-29T09:21:31+00:00","description":"Il Faut rendre le PNEU HIVER obligatoire, la France ne rend pas obligatoire les pneus neige en hiver, contrairement \u00e0 neuf autres pays en Europe","breadcrumb":{"@id":"https:\/\/www.carideal.com\/blog\/2013\/11\/25\/rendre-le-pneu-hiver-obligatoire\/#breadcrumb"},"inLanguage":"fr-FR","potentialAction":[{"@type":"ReadAction","target":["https:\/\/www.carideal.com\/blog\/2013\/11\/25\/rendre-le-pneu-hiver-obligatoire\/"]}]},{"@type":"ImageObject","inLanguage":"fr-FR","@id":"https:\/\/www.carideal.com\/blog\/2013\/11\/25\/rendre-le-pneu-hiver-obligatoire\/#primaryimage","url":"https:\/\/www.carideal.com\/blog\/wp-content\/uploads\/2017\/03\/pneu-hiver-obligatoire.jpg","contentUrl":"https:\/\/www.carideal.com\/blog\/wp-content\/uploads\/2017\/03\/pneu-hiver-obligatoire.jpg","width":736,"height":526,"caption":"En hiver, pneu hiver obligatoire"},{"@type":"BreadcrumbList","@id":"https:\/\/www.carideal.com\/blog\/2013\/11\/25\/rendre-le-pneu-hiver-obligatoire\/#breadcrumb","itemListElement":[{"@type":"ListItem","position":1,"name":"Blog Carid\u00e9al","item":"https:\/\/www.carideal.com\/blog\/"},{"@type":"ListItem","position":2,"name":"Pneumatique","item":"https:\/\/www.carideal.com\/blog\/pneumatique\/"},{"@type":"ListItem","position":3,"name":"Rendre le pneu hiver obligatoire pour la s\u00e9curit\u00e9"}]},{"@type":"WebSite","@id":"https:\/\/www.carideal.com\/blog\/#website","url":"https:\/\/www.carideal.com\/blog\/","name":"Blog auto Carid\u00e9al","description":"Actualit\u00e9 auto par des passionn\u00e9s","publisher":{"@id":"https:\/\/www.carideal.com\/blog\/#organization"},"potentialAction":[{"@type":"SearchAction","target":{"@type":"EntryPoint","urlTemplate":"https:\/\/www.carideal.com\/blog\/?s={search_term_string}"},"query-input":{"@type":"PropertyValueSpecification","valueRequired":true,"valueName":"search_term_string"}}],"inLanguage":"fr-FR"},{"@type":"Organization","@id":"https:\/\/www.carideal.com\/blog\/#organization","name":"Carideal","url":"https:\/\/www.carideal.com\/blog\/","logo":{"@type":"ImageObject","inLanguage":"fr-FR","@id":"https:\/\/www.carideal.com\/blog\/#\/schema\/logo\/image\/","url":"http:\/\/www.carideal.com\/blog\/wp-content\/uploads\/2016\/03\/logo-carideal-mandataire-automobile.png","contentUrl":"http:\/\/www.carideal.com\/blog\/wp-content\/uploads\/2016\/03\/logo-carideal-mandataire-automobile.png","width":300,"height":300,"caption":"Carideal"},"image":{"@id":"https:\/\/www.carideal.com\/blog\/#\/schema\/logo\/image\/"},"sameAs":["https:\/\/www.facebook.com\/Carideal.mandataire.automobile","https:\/\/x.com\/caridealauto","https:\/\/www.instagram.com\/carideal1\/","https:\/\/www.linkedin.com\/company\/carideal.com","https:\/\/fr.pinterest.com\/schiavonsas\/","https:\/\/www.youtube.com\/user\/caridealsas"]},{"@type":"Person","@id":"https:\/\/www.carideal.com\/blog\/#\/schema\/person\/cd95dc7919660de90d31b366f85be1ec","name":"Nicolas SCHIAVON","image":{"@type":"ImageObject","inLanguage":"fr-FR","@id":"https:\/\/www.carideal.com\/blog\/#\/schema\/person\/image\/","url":"https:\/\/secure.gravatar.com\/avatar\/c17e55009e671d92cc7f5dc837dc418a?s=96&r=g","contentUrl":"https:\/\/secure.gravatar.com\/avatar\/c17e55009e671d92cc7f5dc837dc418a?s=96&r=g","caption":"Nicolas SCHIAVON"},"description":"Nicolas Schiavon est tomb\u00e9 tout petit dans la marmite automobile. Ayant eu un garage de marque automobile, mandataire automobile de la premi\u00e8re heure d\u00e8s 1999. Nicolas a cr\u00e9\u00e9 ces premiers sites de vente de voiture et blog automobile d\u00e8s 1994. Carideal est n\u00e9 le 15 d\u00e9cembre 2000 de la volont\u00e9 de vendre des voitures d'occasions en ligne puis des voitures neuves. Il a pu essayer beaucoup de voitures tr\u00e8s diff\u00e9rentes et ayant eu personnellement quelques belles autos, Subaru Impreza, Mitsubishi Lancer Evo 7, Porsche 911, Ferrari Testarrossa, Audi RS3, RS4 et j'en passe...","sameAs":["http:\/\/www.carideal.com","https:\/\/www.facebook.com\/nicolas.schiavon.39","https:\/\/www.instagram.com\/carideal1\/","https:\/\/www.linkedin.com\/in\/nschiavon\/","https:\/\/x.com\/caridealauto","https:\/\/www.youtube.com\/user\/caridealsas\/"],"url":"https:\/\/www.carideal.com\/blog\/author\/nschiavon\/"}]}},"uagb_featured_image_src":{"full":["https:\/\/www.carideal.com\/blog\/wp-content\/uploads\/2017\/03\/pneu-hiver-obligatoire.jpg",736,526,false],"thumbnail":["https:\/\/www.carideal.com\/blog\/wp-content\/uploads\/2017\/03\/pneu-hiver-obligatoire-150x150.jpg",150,150,true],"medium":["https:\/\/www.carideal.com\/blog\/wp-content\/uploads\/2017\/03\/pneu-hiver-obligatoire-300x214.jpg",300,214,true],"medium_large":["https:\/\/www.carideal.com\/blog\/wp-content\/uploads\/2017\/03\/pneu-hiver-obligatoire.jpg",736,526,false],"large":["https:\/\/www.carideal.com\/blog\/wp-content\/uploads\/2017\/03\/pneu-hiver-obligatoire.jpg",736,526,false],"1536x1536":["https:\/\/www.carideal.com\/blog\/wp-content\/uploads\/2017\/03\/pneu-hiver-obligatoire.jpg",736,526,false],"2048x2048":["https:\/\/www.carideal.com\/blog\/wp-content\/uploads\/2017\/03\/pneu-hiver-obligatoire.jpg",736,526,false],"wppr-widget":["https:\/\/www.carideal.com\/blog\/wp-content\/uploads\/2017\/03\/pneu-hiver-obligatoire.jpg",50,36,false]},"uagb_author_info":{"display_name":"Nicolas SCHIAVON","author_link":"https:\/\/www.carideal.com\/blog\/author\/nschiavon\/"},"uagb_comment_info":0,"uagb_excerpt":"IL FAUT RENDRE LE PNEU HIVER OBLIGATOIRE La France ne rend pas obligatoire les pneus neige en hiver, contrairement \u00e0 neuf autres pays en Europe, Finlande, Tch\u00e9quie...). Par contre dans certains cas de chute de neige pour acc\u00e9der aux stations de ski les chaines peuvent \u00eatre obligatoire. D'autres pays comme l'Allemagne, l'Italie, la Suisse, ou\u2026","_links":{"self":[{"href":"https:\/\/www.carideal.com\/blog\/wp-json\/wp\/v2\/posts\/15850"}],"collection":[{"href":"https:\/\/www.carideal.com\/blog\/wp-json\/wp\/v2\/posts"}],"about":[{"href":"https:\/\/www.carideal.com\/blog\/wp-json\/wp\/v2\/types\/post"}],"author":[{"embeddable":true,"href":"https:\/\/www.carideal.com\/blog\/wp-json\/wp\/v2\/users\/3"}],"replies":[{"embeddable":true,"href":"https:\/\/www.carideal.com\/blog\/wp-json\/wp\/v2\/comments?post=15850"}],"version-history":[{"count":0,"href":"https:\/\/www.carideal.com\/blog\/wp-json\/wp\/v2\/posts\/15850\/revisions"}],"wp:featuredmedia":[{"embeddable":true,"href":"https:\/\/www.carideal.com\/blog\/wp-json\/wp\/v2\/media\/15851"}],"wp:attachment":[{"href":"https:\/\/www.carideal.com\/blog\/wp-json\/wp\/v2\/media?parent=15850"}],"wp:term":[{"taxonomy":"category","embeddable":true,"href":"https:\/\/www.carideal.com\/blog\/wp-json\/wp\/v2\/categories?post=15850"},{"taxonomy":"post_tag","embeddable":true,"href":"https:\/\/www.carideal.com\/blog\/wp-json\/wp\/v2\/tags?post=15850"}],"curies":[{"name":"wp","href":"https:\/\/api.w.org\/{rel}","templated":true}]}}