{"id":1584,"date":"2008-07-01T17:28:25","date_gmt":"2008-07-01T17:28:25","guid":{"rendered":"http:\/\/carideal.com\/blog\/?p=1584"},"modified":"2020-07-08T11:21:39","modified_gmt":"2020-07-08T09:21:39","slug":"radar-et-securite-routiere","status":"publish","type":"post","link":"https:\/\/www.carideal.com\/blog\/2008\/07\/01\/radar-et-securite-routiere\/","title":{"rendered":"Radar et s\u00e9curit\u00e9 routi\u00e8re"},"content":{"rendered":"\n<h2 class=\"wp-block-heading\">Radar et s\u00e9curit\u00e9 routi\u00e8re<\/h2>\n\n\n\n<p>Quand on lit les statistiques de la <a href=\"http:\/\/www.carideal.com\/blog\/2013\/01\/20\/securite-routiere\/\">s\u00e9curit\u00e9 routi\u00e8re<\/a>, on s'aper\u00e7oit que les routes les plus sures sont les <a href=\"http:\/\/www.carideal.com\/blog\/2013\/09\/30\/nos-cheres-autoroutes\/\">autoroutes<\/a>, pourquoi donc en limiter la vitesse ? Les routes les plus mortelles sont les <a href=\"http:\/\/www.carideal.com\/blog\/2014\/01\/12\/80-km-h-sur-les-routes-et-70-sur-le-periph\/\">d\u00e9partementales<\/a>. La <a href=\"http:\/\/www.carideal.com\/blog\/2013\/03\/28\/securite-routiere-les-progres-continuent\/\">s\u00e9curit\u00e9 routi\u00e8re<\/a> ne parle pas non plus de l'existence de points noirs dus aux infrastructures inadapt\u00e9es et dangereuses.<\/p>\n\n\n\n<figure class=\"wp-block-image size-large\"><img loading=\"lazy\" decoding=\"async\" width=\"447\" height=\"307\" src=\"http:\/\/www.carideal.com\/blog\/wp-content\/uploads\/2008\/07\/securite-routiere.jpg\" alt=\"s\u00e9curit\u00e9 autoroute, autoroute france information\" class=\"wp-image-25680\" srcset=\"https:\/\/www.carideal.com\/blog\/wp-content\/uploads\/2008\/07\/securite-routiere.jpg 447w, https:\/\/www.carideal.com\/blog\/wp-content\/uploads\/2008\/07\/securite-routiere-300x206.jpg 300w, https:\/\/www.carideal.com\/blog\/wp-content\/uploads\/2008\/07\/securite-routiere-50x34.jpg 50w, https:\/\/www.carideal.com\/blog\/wp-content\/uploads\/2008\/07\/securite-routiere-110x76.jpg 110w, https:\/\/www.carideal.com\/blog\/wp-content\/uploads\/2008\/07\/securite-routiere-420x288.jpg 420w\" sizes=\"(max-width: 447px) 100vw, 447px\" \/><figcaption>s\u00e9curit\u00e9 autoroute, autoroute france information<\/figcaption><\/figure>\n\n\n\n<h2 class=\"wp-block-heading\">Informations sur les services Caract\u00e9ristiques de s\u00e9curit\u00e9<\/h2>\n\n\n\n<h3 class=\"wp-block-heading\">LES DISPOSITIFS DE S\u00c9CURIT\u00c9<\/h3>\n\n\n\n<p>Les autoroutes sont cinq fois plus s\u00fbres que les routes ordinaires, principalement en raison de leurs nombreux dispositifs de s\u00e9curit\u00e9..<\/p>\n\n\n\n<h3 class=\"wp-block-heading\">BANDE ROUGE<\/h3>\n\n\n\n<p>Les lignes blanches peintes qui s\u00e9parent la voie la plus \u00e0 droite de la bande d'arr\u00eat d'urgence remplissent deux fonctions de s\u00e9curit\u00e9 :<br>- Elles fournissent une indication visuelle utile de la distance de conduite s\u00fbre par rapport au v\u00e9hicule qui pr\u00e9c\u00e8de : 1 ligne de danger, 2 lignes de s\u00e9curit\u00e9.<br>Elles font un bruit lorsque vous y roulez, vous alertant si vous vous \u00e9cartez de la voie, par inattention ou par somnolence.<\/p>\n\n\n\n<h3 class=\"wp-block-heading\">BARRI\u00c8RES DE S\u00c9CURIT\u00c9 ET AMORTISSEURS DE CHOCS<\/h3>\n\n\n\n<p>Si votre v\u00e9hicule quitte la route, les barri\u00e8res de s\u00e9curit\u00e9 de chaque c\u00f4t\u00e9 emp\u00eacheront l'impact avec les obstacles et absorberont l'\u00e9nergie de l'impact pour r\u00e9duire le risque de blessure.<\/p>\n\n\n\n<p>Les barri\u00e8res situ\u00e9es le long du terre-plein central emp\u00eachent le v\u00e9hicule de passer dans la circulation en cours.<\/p>\n\n\n\n<p>Articles similaires<\/p>\n\n\n\n\n\n<h3 class=\"wp-block-heading\">MANCHES A AIR<\/h3>\n\n\n\n<p>\u00c0 intervalles r\u00e9guliers le long de l'autoroute, des m\u00e2ts arborent des manches \u00e0 vent caract\u00e9ristiques \u00e0 rayures rouges et blanches, qui fournissent une indication tr\u00e8s utile de la vitesse et de la direction du vent.<\/p>\n\n\n\n<h3 class=\"wp-block-heading\">BANDES D'ARRET D'URGENCE<\/h3>\n\n\n\n<p>La bande d'arr\u00eat d'urgence situ\u00e9e \u00e0 droite de la voie de circulation la plus \u00e0 droite est interdite \u00e0 la circulation, sauf en cas de v\u00e9ritable urgence.<\/p>\n\n\n\n<p>Si vous devez vous arr\u00eater sur la bande d'arr\u00eat d'urgence, tous les occupants doivent quitter le v\u00e9hicule par le c\u00f4t\u00e9 droit et se mettre \u00e0 l'abri derri\u00e8re la barri\u00e8re de s\u00e9curit\u00e9.<\/p>\n\n\n\n<h3 class=\"wp-block-heading\">PANNEAU \u00c0 MESSAGE VARIABLE<\/h3>\n\n\n\n<p>Des panneaux \u00e0 messages variables affichent en temps r\u00e9el des informations sur les incidents \u00e0 venir ou des conseils pour une conduite s\u00fbre.<\/p>\n\n\n\n<h3 class=\"wp-block-heading\">\u00c9CRANS ANTI-\u00c9BLOUISSEMENT<\/h3>\n\n\n\n<p>Dans les descentes et les virages, des \u00e9crans anti-\u00e9blouissement mont\u00e9s sur les barri\u00e8res centrales de r\u00e9servation permettent d'\u00e9viter l'\u00e9blouissement des phares des v\u00e9hicules venant en sens inverse.<\/p>\n","protected":false},"excerpt":{"rendered":"<p>Radar et s\u00e9curit\u00e9 routi\u00e8re Quand on lit les statistiques de la s\u00e9curit\u00e9 routi\u00e8re, on s&rsquo;aper\u00e7oit que les routes les plus sures sont les autoroutes, pourquoi donc en limiter la vitesse ? Les routes les plus mortelles sont les d\u00e9partementales. La s\u00e9curit\u00e9 routi\u00e8re ne parle pas non plus de l&rsquo;existence de points noirs dus aux infrastructures &#8230; <a title=\"Radar et s\u00e9curit\u00e9 routi\u00e8re\" class=\"read-more\" href=\"https:\/\/www.carideal.com\/blog\/2008\/07\/01\/radar-et-securite-routiere\/\" aria-label=\"En savoir plus sur Radar et s\u00e9curit\u00e9 routi\u00e8re\">Lire plus<\/a><\/p>\n","protected":false},"author":1,"featured_media":25680,"comment_status":"open","ping_status":"open","sticky":false,"template":"","format":"standard","meta":{"_uag_custom_page_level_css":"","_themeisle_gutenberg_block_has_review":false,"footnotes":""},"categories":[15],"tags":[1289],"class_list":["post-1584","post","type-post","status-publish","format-standard","has-post-thumbnail","hentry","category-radar-et-securite-routiere","tag-radar"],"wppr_data":{"cwp_meta_box_check":"No"},"yoast_head":"<!-- This site is optimized with the Yoast SEO plugin v24.8.1 - https:\/\/yoast.com\/wordpress\/plugins\/seo\/ -->\n<title>Radar et s\u00e9curit\u00e9 routi\u00e8re - Blog auto Carid\u00e9al<\/title>\n<meta name=\"description\" content=\"Quand on lit les statistiques de la s\u00e9curit\u00e9 routi\u00e8re, on s&#039;aper\u00e7oit que les routes les plus sures sont les autoroutes, pourquoi donc en limiter la vitesse ?\" \/>\n<meta name=\"robots\" content=\"index, follow, max-snippet:-1, max-image-preview:large, max-video-preview:-1\" \/>\n<link rel=\"canonical\" href=\"https:\/\/www.carideal.com\/blog\/2008\/07\/01\/radar-et-securite-routiere\/\" \/>\n<meta property=\"og:locale\" content=\"fr_FR\" \/>\n<meta property=\"og:type\" content=\"article\" \/>\n<meta property=\"og:title\" content=\"Radar et s\u00e9curit\u00e9 routi\u00e8re - Blog auto Carid\u00e9al\" \/>\n<meta property=\"og:description\" content=\"Quand on lit les statistiques de la s\u00e9curit\u00e9 routi\u00e8re, on s&#039;aper\u00e7oit que les routes les plus sures sont les autoroutes, pourquoi donc en limiter la vitesse ?\" \/>\n<meta property=\"og:url\" content=\"https:\/\/www.carideal.com\/blog\/2008\/07\/01\/radar-et-securite-routiere\/\" \/>\n<meta property=\"og:site_name\" content=\"Blog auto Carid\u00e9al\" \/>\n<meta property=\"article:publisher\" content=\"https:\/\/www.facebook.com\/Carideal.mandataire.automobile\" \/>\n<meta property=\"article:author\" content=\"https:\/\/www.facebook.com\/Carideal.mandataire.automobile\/\" \/>\n<meta property=\"article:published_time\" content=\"2008-07-01T17:28:25+00:00\" \/>\n<meta property=\"article:modified_time\" content=\"2020-07-08T09:21:39+00:00\" \/>\n<meta property=\"og:image\" content=\"https:\/\/www.carideal.com\/blog\/wp-content\/uploads\/2008\/07\/securite-routiere.jpg\" \/>\n\t<meta property=\"og:image:width\" content=\"447\" \/>\n\t<meta property=\"og:image:height\" content=\"307\" \/>\n\t<meta property=\"og:image:type\" content=\"image\/jpeg\" \/>\n<meta name=\"author\" content=\"N.S Carideal\" \/>\n<meta name=\"twitter:card\" content=\"summary_large_image\" \/>\n<meta name=\"twitter:creator\" content=\"@caridealauto\" \/>\n<meta name=\"twitter:site\" content=\"@caridealauto\" \/>\n<meta name=\"twitter:label1\" content=\"\u00c9crit par\" \/>\n\t<meta name=\"twitter:data1\" content=\"N.S Carideal\" \/>\n\t<meta name=\"twitter:label2\" content=\"Dur\u00e9e de lecture estim\u00e9e\" \/>\n\t<meta name=\"twitter:data2\" content=\"2 minutes\" \/>\n<script type=\"application\/ld+json\" class=\"yoast-schema-graph\">{\"@context\":\"https:\/\/schema.org\",\"@graph\":[{\"@type\":\"Article\",\"@id\":\"https:\/\/www.carideal.com\/blog\/2008\/07\/01\/radar-et-securite-routiere\/#article\",\"isPartOf\":{\"@id\":\"https:\/\/www.carideal.com\/blog\/2008\/07\/01\/radar-et-securite-routiere\/\"},\"author\":{\"name\":\"N.S Carideal\",\"@id\":\"https:\/\/www.carideal.com\/blog\/#\/schema\/person\/985c7e757d1042d647f21bfaf8d41ebc\"},\"headline\":\"Radar et s\u00e9curit\u00e9 routi\u00e8re\",\"datePublished\":\"2008-07-01T17:28:25+00:00\",\"dateModified\":\"2020-07-08T09:21:39+00:00\",\"mainEntityOfPage\":{\"@id\":\"https:\/\/www.carideal.com\/blog\/2008\/07\/01\/radar-et-securite-routiere\/\"},\"wordCount\":430,\"commentCount\":0,\"publisher\":{\"@id\":\"https:\/\/www.carideal.com\/blog\/#organization\"},\"image\":{\"@id\":\"https:\/\/www.carideal.com\/blog\/2008\/07\/01\/radar-et-securite-routiere\/#primaryimage\"},\"thumbnailUrl\":\"https:\/\/www.carideal.com\/blog\/wp-content\/uploads\/2008\/07\/securite-routiere.jpg\",\"keywords\":[\"Radar fixe et mobile\"],\"articleSection\":[\"Radar et s\u00e9curit\u00e9 routi\u00e8re\"],\"inLanguage\":\"fr-FR\",\"potentialAction\":[{\"@type\":\"CommentAction\",\"name\":\"Comment\",\"target\":[\"https:\/\/www.carideal.com\/blog\/2008\/07\/01\/radar-et-securite-routiere\/#respond\"]}]},{\"@type\":\"WebPage\",\"@id\":\"https:\/\/www.carideal.com\/blog\/2008\/07\/01\/radar-et-securite-routiere\/\",\"url\":\"https:\/\/www.carideal.com\/blog\/2008\/07\/01\/radar-et-securite-routiere\/\",\"name\":\"Radar et s\u00e9curit\u00e9 routi\u00e8re - Blog auto Carid\u00e9al\",\"isPartOf\":{\"@id\":\"https:\/\/www.carideal.com\/blog\/#website\"},\"primaryImageOfPage\":{\"@id\":\"https:\/\/www.carideal.com\/blog\/2008\/07\/01\/radar-et-securite-routiere\/#primaryimage\"},\"image\":{\"@id\":\"https:\/\/www.carideal.com\/blog\/2008\/07\/01\/radar-et-securite-routiere\/#primaryimage\"},\"thumbnailUrl\":\"https:\/\/www.carideal.com\/blog\/wp-content\/uploads\/2008\/07\/securite-routiere.jpg\",\"datePublished\":\"2008-07-01T17:28:25+00:00\",\"dateModified\":\"2020-07-08T09:21:39+00:00\",\"description\":\"Quand on lit les statistiques de la s\u00e9curit\u00e9 routi\u00e8re, on s'aper\u00e7oit que les routes les plus sures sont les autoroutes, pourquoi donc en limiter la vitesse ?\",\"breadcrumb\":{\"@id\":\"https:\/\/www.carideal.com\/blog\/2008\/07\/01\/radar-et-securite-routiere\/#breadcrumb\"},\"inLanguage\":\"fr-FR\",\"potentialAction\":[{\"@type\":\"ReadAction\",\"target\":[\"https:\/\/www.carideal.com\/blog\/2008\/07\/01\/radar-et-securite-routiere\/\"]}]},{\"@type\":\"ImageObject\",\"inLanguage\":\"fr-FR\",\"@id\":\"https:\/\/www.carideal.com\/blog\/2008\/07\/01\/radar-et-securite-routiere\/#primaryimage\",\"url\":\"https:\/\/www.carideal.com\/blog\/wp-content\/uploads\/2008\/07\/securite-routiere.jpg\",\"contentUrl\":\"https:\/\/www.carideal.com\/blog\/wp-content\/uploads\/2008\/07\/securite-routiere.jpg\",\"width\":447,\"height\":307,\"caption\":\"s\u00e9curit\u00e9 autoroute, autoroute france information\"},{\"@type\":\"BreadcrumbList\",\"@id\":\"https:\/\/www.carideal.com\/blog\/2008\/07\/01\/radar-et-securite-routiere\/#breadcrumb\",\"itemListElement\":[{\"@type\":\"ListItem\",\"position\":1,\"name\":\"Blog Carid\u00e9al\",\"item\":\"https:\/\/www.carideal.com\/blog\/\"},{\"@type\":\"ListItem\",\"position\":2,\"name\":\"Radar et s\u00e9curit\u00e9 routi\u00e8re\",\"item\":\"https:\/\/www.carideal.com\/blog\/radar-et-securite-routiere\/\"},{\"@type\":\"ListItem\",\"position\":3,\"name\":\"Radar et s\u00e9curit\u00e9 routi\u00e8re\"}]},{\"@type\":\"WebSite\",\"@id\":\"https:\/\/www.carideal.com\/blog\/#website\",\"url\":\"https:\/\/www.carideal.com\/blog\/\",\"name\":\"Blog auto Carid\u00e9al\",\"description\":\"Actualit\u00e9 auto par des passionn\u00e9s\",\"publisher\":{\"@id\":\"https:\/\/www.carideal.com\/blog\/#organization\"},\"potentialAction\":[{\"@type\":\"SearchAction\",\"target\":{\"@type\":\"EntryPoint\",\"urlTemplate\":\"https:\/\/www.carideal.com\/blog\/?s={search_term_string}\"},\"query-input\":{\"@type\":\"PropertyValueSpecification\",\"valueRequired\":true,\"valueName\":\"search_term_string\"}}],\"inLanguage\":\"fr-FR\"},{\"@type\":\"Organization\",\"@id\":\"https:\/\/www.carideal.com\/blog\/#organization\",\"name\":\"Carideal\",\"url\":\"https:\/\/www.carideal.com\/blog\/\",\"logo\":{\"@type\":\"ImageObject\",\"inLanguage\":\"fr-FR\",\"@id\":\"https:\/\/www.carideal.com\/blog\/#\/schema\/logo\/image\/\",\"url\":\"http:\/\/www.carideal.com\/blog\/wp-content\/uploads\/2016\/03\/logo-carideal-mandataire-automobile.png\",\"contentUrl\":\"http:\/\/www.carideal.com\/blog\/wp-content\/uploads\/2016\/03\/logo-carideal-mandataire-automobile.png\",\"width\":300,\"height\":300,\"caption\":\"Carideal\"},\"image\":{\"@id\":\"https:\/\/www.carideal.com\/blog\/#\/schema\/logo\/image\/\"},\"sameAs\":[\"https:\/\/www.facebook.com\/Carideal.mandataire.automobile\",\"https:\/\/x.com\/caridealauto\",\"https:\/\/www.instagram.com\/carideal1\/\",\"https:\/\/www.linkedin.com\/company\/carideal.com\",\"https:\/\/fr.pinterest.com\/schiavonsas\/\",\"https:\/\/www.youtube.com\/user\/caridealsas\"]},{\"@type\":\"Person\",\"@id\":\"https:\/\/www.carideal.com\/blog\/#\/schema\/person\/985c7e757d1042d647f21bfaf8d41ebc\",\"name\":\"N.S Carideal\",\"image\":{\"@type\":\"ImageObject\",\"inLanguage\":\"fr-FR\",\"@id\":\"https:\/\/www.carideal.com\/blog\/#\/schema\/person\/image\/\",\"url\":\"https:\/\/secure.gravatar.com\/avatar\/edb7ccdf1a4e3d14aef967760d354d0e?s=96&r=g\",\"contentUrl\":\"https:\/\/secure.gravatar.com\/avatar\/edb7ccdf1a4e3d14aef967760d354d0e?s=96&r=g\",\"caption\":\"N.S Carideal\"},\"description\":\"Depuis tout petit fan d'automobile. Il est question d'essayer et de comparer toutes ces voitures qui nous ont fait r\u00e9ver, avant que celles-ci ne devient uniquement des voitures de collection.\",\"sameAs\":[\"http:\/\/www.carideal.com\/blog\",\"https:\/\/www.facebook.com\/Carideal.mandataire.automobile\/\",\"https:\/\/www.linkedin.com\/in\/nschiavon\/\",\"https:\/\/www.youtube.com\/user\/caridealsas\/\"],\"url\":\"https:\/\/www.carideal.com\/blog\/author\/admin_carideal\/\"}]}<\/script>\n<!-- \/ Yoast SEO plugin. -->","yoast_head_json":{"title":"Radar et s\u00e9curit\u00e9 routi\u00e8re - Blog auto Carid\u00e9al","description":"Quand on lit les statistiques de la s\u00e9curit\u00e9 routi\u00e8re, on s'aper\u00e7oit que les routes les plus sures sont les autoroutes, pourquoi donc en limiter la vitesse ?","robots":{"index":"index","follow":"follow","max-snippet":"max-snippet:-1","max-image-preview":"max-image-preview:large","max-video-preview":"max-video-preview:-1"},"canonical":"https:\/\/www.carideal.com\/blog\/2008\/07\/01\/radar-et-securite-routiere\/","og_locale":"fr_FR","og_type":"article","og_title":"Radar et s\u00e9curit\u00e9 routi\u00e8re - Blog auto Carid\u00e9al","og_description":"Quand on lit les statistiques de la s\u00e9curit\u00e9 routi\u00e8re, on s'aper\u00e7oit que les routes les plus sures sont les autoroutes, pourquoi donc en limiter la vitesse ?","og_url":"https:\/\/www.carideal.com\/blog\/2008\/07\/01\/radar-et-securite-routiere\/","og_site_name":"Blog auto Carid\u00e9al","article_publisher":"https:\/\/www.facebook.com\/Carideal.mandataire.automobile","article_author":"https:\/\/www.facebook.com\/Carideal.mandataire.automobile\/","article_published_time":"2008-07-01T17:28:25+00:00","article_modified_time":"2020-07-08T09:21:39+00:00","og_image":[{"width":447,"height":307,"url":"https:\/\/www.carideal.com\/blog\/wp-content\/uploads\/2008\/07\/securite-routiere.jpg","type":"image\/jpeg"}],"author":"N.S Carideal","twitter_card":"summary_large_image","twitter_creator":"@caridealauto","twitter_site":"@caridealauto","twitter_misc":{"\u00c9crit par":"N.S Carideal","Dur\u00e9e de lecture estim\u00e9e":"2 minutes"},"schema":{"@context":"https:\/\/schema.org","@graph":[{"@type":"Article","@id":"https:\/\/www.carideal.com\/blog\/2008\/07\/01\/radar-et-securite-routiere\/#article","isPartOf":{"@id":"https:\/\/www.carideal.com\/blog\/2008\/07\/01\/radar-et-securite-routiere\/"},"author":{"name":"N.S Carideal","@id":"https:\/\/www.carideal.com\/blog\/#\/schema\/person\/985c7e757d1042d647f21bfaf8d41ebc"},"headline":"Radar et s\u00e9curit\u00e9 routi\u00e8re","datePublished":"2008-07-01T17:28:25+00:00","dateModified":"2020-07-08T09:21:39+00:00","mainEntityOfPage":{"@id":"https:\/\/www.carideal.com\/blog\/2008\/07\/01\/radar-et-securite-routiere\/"},"wordCount":430,"commentCount":0,"publisher":{"@id":"https:\/\/www.carideal.com\/blog\/#organization"},"image":{"@id":"https:\/\/www.carideal.com\/blog\/2008\/07\/01\/radar-et-securite-routiere\/#primaryimage"},"thumbnailUrl":"https:\/\/www.carideal.com\/blog\/wp-content\/uploads\/2008\/07\/securite-routiere.jpg","keywords":["Radar fixe et mobile"],"articleSection":["Radar et s\u00e9curit\u00e9 routi\u00e8re"],"inLanguage":"fr-FR","potentialAction":[{"@type":"CommentAction","name":"Comment","target":["https:\/\/www.carideal.com\/blog\/2008\/07\/01\/radar-et-securite-routiere\/#respond"]}]},{"@type":"WebPage","@id":"https:\/\/www.carideal.com\/blog\/2008\/07\/01\/radar-et-securite-routiere\/","url":"https:\/\/www.carideal.com\/blog\/2008\/07\/01\/radar-et-securite-routiere\/","name":"Radar et s\u00e9curit\u00e9 routi\u00e8re - Blog auto Carid\u00e9al","isPartOf":{"@id":"https:\/\/www.carideal.com\/blog\/#website"},"primaryImageOfPage":{"@id":"https:\/\/www.carideal.com\/blog\/2008\/07\/01\/radar-et-securite-routiere\/#primaryimage"},"image":{"@id":"https:\/\/www.carideal.com\/blog\/2008\/07\/01\/radar-et-securite-routiere\/#primaryimage"},"thumbnailUrl":"https:\/\/www.carideal.com\/blog\/wp-content\/uploads\/2008\/07\/securite-routiere.jpg","datePublished":"2008-07-01T17:28:25+00:00","dateModified":"2020-07-08T09:21:39+00:00","description":"Quand on lit les statistiques de la s\u00e9curit\u00e9 routi\u00e8re, on s'aper\u00e7oit que les routes les plus sures sont les autoroutes, pourquoi donc en limiter la vitesse ?","breadcrumb":{"@id":"https:\/\/www.carideal.com\/blog\/2008\/07\/01\/radar-et-securite-routiere\/#breadcrumb"},"inLanguage":"fr-FR","potentialAction":[{"@type":"ReadAction","target":["https:\/\/www.carideal.com\/blog\/2008\/07\/01\/radar-et-securite-routiere\/"]}]},{"@type":"ImageObject","inLanguage":"fr-FR","@id":"https:\/\/www.carideal.com\/blog\/2008\/07\/01\/radar-et-securite-routiere\/#primaryimage","url":"https:\/\/www.carideal.com\/blog\/wp-content\/uploads\/2008\/07\/securite-routiere.jpg","contentUrl":"https:\/\/www.carideal.com\/blog\/wp-content\/uploads\/2008\/07\/securite-routiere.jpg","width":447,"height":307,"caption":"s\u00e9curit\u00e9 autoroute, autoroute france information"},{"@type":"BreadcrumbList","@id":"https:\/\/www.carideal.com\/blog\/2008\/07\/01\/radar-et-securite-routiere\/#breadcrumb","itemListElement":[{"@type":"ListItem","position":1,"name":"Blog Carid\u00e9al","item":"https:\/\/www.carideal.com\/blog\/"},{"@type":"ListItem","position":2,"name":"Radar et s\u00e9curit\u00e9 routi\u00e8re","item":"https:\/\/www.carideal.com\/blog\/radar-et-securite-routiere\/"},{"@type":"ListItem","position":3,"name":"Radar et s\u00e9curit\u00e9 routi\u00e8re"}]},{"@type":"WebSite","@id":"https:\/\/www.carideal.com\/blog\/#website","url":"https:\/\/www.carideal.com\/blog\/","name":"Blog auto Carid\u00e9al","description":"Actualit\u00e9 auto par des passionn\u00e9s","publisher":{"@id":"https:\/\/www.carideal.com\/blog\/#organization"},"potentialAction":[{"@type":"SearchAction","target":{"@type":"EntryPoint","urlTemplate":"https:\/\/www.carideal.com\/blog\/?s={search_term_string}"},"query-input":{"@type":"PropertyValueSpecification","valueRequired":true,"valueName":"search_term_string"}}],"inLanguage":"fr-FR"},{"@type":"Organization","@id":"https:\/\/www.carideal.com\/blog\/#organization","name":"Carideal","url":"https:\/\/www.carideal.com\/blog\/","logo":{"@type":"ImageObject","inLanguage":"fr-FR","@id":"https:\/\/www.carideal.com\/blog\/#\/schema\/logo\/image\/","url":"http:\/\/www.carideal.com\/blog\/wp-content\/uploads\/2016\/03\/logo-carideal-mandataire-automobile.png","contentUrl":"http:\/\/www.carideal.com\/blog\/wp-content\/uploads\/2016\/03\/logo-carideal-mandataire-automobile.png","width":300,"height":300,"caption":"Carideal"},"image":{"@id":"https:\/\/www.carideal.com\/blog\/#\/schema\/logo\/image\/"},"sameAs":["https:\/\/www.facebook.com\/Carideal.mandataire.automobile","https:\/\/x.com\/caridealauto","https:\/\/www.instagram.com\/carideal1\/","https:\/\/www.linkedin.com\/company\/carideal.com","https:\/\/fr.pinterest.com\/schiavonsas\/","https:\/\/www.youtube.com\/user\/caridealsas"]},{"@type":"Person","@id":"https:\/\/www.carideal.com\/blog\/#\/schema\/person\/985c7e757d1042d647f21bfaf8d41ebc","name":"N.S Carideal","image":{"@type":"ImageObject","inLanguage":"fr-FR","@id":"https:\/\/www.carideal.com\/blog\/#\/schema\/person\/image\/","url":"https:\/\/secure.gravatar.com\/avatar\/edb7ccdf1a4e3d14aef967760d354d0e?s=96&r=g","contentUrl":"https:\/\/secure.gravatar.com\/avatar\/edb7ccdf1a4e3d14aef967760d354d0e?s=96&r=g","caption":"N.S Carideal"},"description":"Depuis tout petit fan d'automobile. Il est question d'essayer et de comparer toutes ces voitures qui nous ont fait r\u00e9ver, avant que celles-ci ne devient uniquement des voitures de collection.","sameAs":["http:\/\/www.carideal.com\/blog","https:\/\/www.facebook.com\/Carideal.mandataire.automobile\/","https:\/\/www.linkedin.com\/in\/nschiavon\/","https:\/\/www.youtube.com\/user\/caridealsas\/"],"url":"https:\/\/www.carideal.com\/blog\/author\/admin_carideal\/"}]}},"uagb_featured_image_src":{"full":["https:\/\/www.carideal.com\/blog\/wp-content\/uploads\/2008\/07\/securite-routiere.jpg",447,307,false],"thumbnail":["https:\/\/www.carideal.com\/blog\/wp-content\/uploads\/2008\/07\/securite-routiere-150x150.jpg",150,150,true],"medium":["https:\/\/www.carideal.com\/blog\/wp-content\/uploads\/2008\/07\/securite-routiere-300x206.jpg",300,206,true],"medium_large":["https:\/\/www.carideal.com\/blog\/wp-content\/uploads\/2008\/07\/securite-routiere.jpg",447,307,false],"large":["https:\/\/www.carideal.com\/blog\/wp-content\/uploads\/2008\/07\/securite-routiere.jpg",447,307,false],"1536x1536":["https:\/\/www.carideal.com\/blog\/wp-content\/uploads\/2008\/07\/securite-routiere.jpg",447,307,false],"2048x2048":["https:\/\/www.carideal.com\/blog\/wp-content\/uploads\/2008\/07\/securite-routiere.jpg",447,307,false],"wppr-widget":["https:\/\/www.carideal.com\/blog\/wp-content\/uploads\/2008\/07\/securite-routiere-50x34.jpg",50,34,true]},"uagb_author_info":{"display_name":"N.S Carideal","author_link":"https:\/\/www.carideal.com\/blog\/author\/admin_carideal\/"},"uagb_comment_info":0,"uagb_excerpt":"Radar et s\u00e9curit\u00e9 routi\u00e8re Quand on lit les statistiques de la s\u00e9curit\u00e9 routi\u00e8re, on s'aper\u00e7oit que les routes les plus sures sont les autoroutes, pourquoi donc en limiter la vitesse ? Les routes les plus mortelles sont les d\u00e9partementales. La s\u00e9curit\u00e9 routi\u00e8re ne parle pas non plus de l'existence de points noirs dus aux infrastructures\u2026","_links":{"self":[{"href":"https:\/\/www.carideal.com\/blog\/wp-json\/wp\/v2\/posts\/1584"}],"collection":[{"href":"https:\/\/www.carideal.com\/blog\/wp-json\/wp\/v2\/posts"}],"about":[{"href":"https:\/\/www.carideal.com\/blog\/wp-json\/wp\/v2\/types\/post"}],"author":[{"embeddable":true,"href":"https:\/\/www.carideal.com\/blog\/wp-json\/wp\/v2\/users\/1"}],"replies":[{"embeddable":true,"href":"https:\/\/www.carideal.com\/blog\/wp-json\/wp\/v2\/comments?post=1584"}],"version-history":[{"count":0,"href":"https:\/\/www.carideal.com\/blog\/wp-json\/wp\/v2\/posts\/1584\/revisions"}],"wp:featuredmedia":[{"embeddable":true,"href":"https:\/\/www.carideal.com\/blog\/wp-json\/wp\/v2\/media\/25680"}],"wp:attachment":[{"href":"https:\/\/www.carideal.com\/blog\/wp-json\/wp\/v2\/media?parent=1584"}],"wp:term":[{"taxonomy":"category","embeddable":true,"href":"https:\/\/www.carideal.com\/blog\/wp-json\/wp\/v2\/categories?post=1584"},{"taxonomy":"post_tag","embeddable":true,"href":"https:\/\/www.carideal.com\/blog\/wp-json\/wp\/v2\/tags?post=1584"}],"curies":[{"name":"wp","href":"https:\/\/api.w.org\/{rel}","templated":true}]}}