{"id":158,"date":"2010-03-21T18:10:00","date_gmt":"2010-03-21T18:10:00","guid":{"rendered":"http:\/\/carideal.com\/blog\/?p=158"},"modified":"2020-05-02T15:20:55","modified_gmt":"2020-05-02T13:20:55","slug":"byd-e6","status":"publish","type":"post","link":"https:\/\/www.carideal.com\/blog\/2010\/03\/21\/byd-e6\/","title":{"rendered":"BYD E6 voiture \u00e9lectrique chinoise"},"content":{"rendered":"\n<h2 class=\"wp-block-heading\">BYD E6 voiture \u00e9lectrique chinoise<\/h2>\n\n\n\n<p class=\"has-medium-font-size\">La <strong>BYD E6<\/strong> est \u00e9quip\u00e9e d'un moteur \u00e9lectrique de 75 kw. Le fabricant chinois BYD Build your Dreams, construisez vos r\u00eaves propose une <strong>voiture compacte \u00e9lectrique<\/strong> longue de 4,55 m. Cette cinq places offre une autonomie th\u00e9orique de 330 km et est anim\u00e9e par deux moteurs qui entrainent les quatre roues.<\/p>\n\n\n\n<figure class=\"wp-block-image size-full\"><img loading=\"lazy\" decoding=\"async\" width=\"600\" height=\"450\" src=\"http:\/\/www.carideal.com\/blog\/wp-content\/uploads\/2010\/03\/byd-e6-2.jpg\" alt=\"BYD E6 voiture \u00e9lectrique chinoise\" class=\"wp-image-25213\" srcset=\"https:\/\/www.carideal.com\/blog\/wp-content\/uploads\/2010\/03\/byd-e6-2.jpg 600w, https:\/\/www.carideal.com\/blog\/wp-content\/uploads\/2010\/03\/byd-e6-2-300x225.jpg 300w, https:\/\/www.carideal.com\/blog\/wp-content\/uploads\/2010\/03\/byd-e6-2-50x38.jpg 50w, https:\/\/www.carideal.com\/blog\/wp-content\/uploads\/2010\/03\/byd-e6-2-110x83.jpg 110w, https:\/\/www.carideal.com\/blog\/wp-content\/uploads\/2010\/03\/byd-e6-2-420x315.jpg 420w, https:\/\/www.carideal.com\/blog\/wp-content\/uploads\/2010\/03\/byd-e6-2-573x430.jpg 573w\" sizes=\"(max-width: 600px) 100vw, 600px\" \/><figcaption>BYD E6 voiture \u00e9lectrique chinoise<\/figcaption><\/figure>\n\n\n\n<h2 class=\"wp-block-heading\">BYD E6 arrive en Am\u00e9rique ; un constructeur automobile chinois cherche \u00e0 construire le v\u00e9hicule de vos r\u00eaves<\/h2>\n\n\n\n<ul class=\"wp-block-list\"><li><a href=\"http:\/\/www.carideal.com\/blog\/2020\/02\/27\/meilleures-voitures-electriques-a-acheter-en-2020\/\">Les meilleures voitures \u00e9lectriques \u00e0 acheter<\/a><\/li><\/ul>\n\n\n\n<p>BYD s'est de nouveau pr\u00e9sent\u00e9 au salon de l'automobile de Detroit ce mois-ci, r\u00e9p\u00e9tant son objectif de vendre un v\u00e9hicule \u00e9lectrique aux \u00c9tats-Unis. C'\u00e9tait la troisi\u00e8me participation de l'entreprise \u00e0 cet \u00e9v\u00e9nement. Comme par le pass\u00e9, BYD a fait des d\u00e9clarations audacieuses sur son produit et sur son volume de ventes futur, bien que cette ann\u00e9e on ait entendu parler d'un \u00e9lan du march\u00e9 int\u00e9rieur qui pourrait contribuer \u00e0 alimenter les ambitions de l'entreprise.<\/p>\n\n\n\n<ul class=\"wp-block-list\"><li><a href=\"http:\/\/www.carideal.com\/blog\/2020\/03\/02\/voitures-electriques-les-plus-rapides-du-monde\/\">Les voitures \u00e9lectriques les plus rapides<\/a><\/li><\/ul>\n\n\n\n<p>Actuellement, BYD est le quatri\u00e8me constructeur automobile en Chine et un fournisseur majeur de batteries de t\u00e9l\u00e9phones portables. Il a vendu 450 000 voitures l'ann\u00e9e derni\u00e8re et pr\u00e9voit d'en vendre 800 000 en 2010. La croissance est impressionnante, m\u00eame si l'entreprise semble un peu optimiste en pr\u00e9disant qu'elle sera le plus grand constructeur automobile du monde d'ici 2025.<\/p>\n\n\n\n<p>Son premier produit pour l'Am\u00e9rique du Nord est attendu cette ann\u00e9e avec le v\u00e9hicule \u00e9lectrique E6, dont les ventes commencent \u00e0 Los Angeles. Aucun d\u00e9tail sur la distribution ou le service apr\u00e8s-vente n'a \u00e9t\u00e9 annonc\u00e9.<\/p>\n\n\n\n<h4 class=\"wp-block-heading\">Articles similaires<\/h4>\n\n\n\n\n\n<p>Le BYD E6 est un v\u00e9hicule polyvalent de cinq places qui m\u00e9lange les genres et est plus typique des transports familiaux que l'on trouve g\u00e9n\u00e9ralement sur les march\u00e9s \u00e9trangers. Sa longueur (179,3 pouces), sa largeur (71,7 pouces) et sa hauteur (64,2 pouces) sont tr\u00e8s similaires \u00e0 celles d'un <a href=\"http:\/\/www.carideal.com\/blog\/marque-de-voiture-actualites-essais\/kia\/\">Kia<\/a> Rondo.<br>Ce v\u00e9hicule de 2500 kg est propuls\u00e9 par un moteur avant d'une puissance de 101 chevaux.. (Des groupes motopropulseurs plus puissants sont pr\u00e9vus, dont 155 ch, 215 ch et 269 ch). Le E6 a une autonomie revendiqu\u00e9e de 328 km, soit bien plus que ce que les autres constructeurs automobiles vantent pour leurs voitures \u00e9lectriques imminentes. L'acc\u00e9l\u00e9ration est estim\u00e9e \u00e0 moins de 14 secondes sur le 0 \u00e0 100 km par heure, avec une vitesse maximale de 140 km par heure.<\/p>\n\n\n\n<p>La soci\u00e9t\u00e9 a \u00e9galement pr\u00e9sent\u00e9 une petite berline conventionnelle qui ressemble \u00e0 la <a href=\"http:\/\/www.carideal.com\/blog\/marque-de-voiture-actualites-essais\/toyota\/\">Toyota<\/a> Corolla de la g\u00e9n\u00e9ration pr\u00e9c\u00e9dente, la F3DM, une hybride rechargeable qui peut fonctionner jusqu'\u00e0 60 miles avec de l'\u00e9nergie \u00e9lectrique pure.<br>Il reste \u00e0 voir si BYD peut surmonter les obstacles importants que repr\u00e9sente le lancement d'une nouvelle marque automobile aux \u00c9tats-Unis et tenir ses promesses optimistes. Le milliardaire Warren Buffet pense apparemment que c'est possible, puisqu'il d\u00e9tient 10 % des parts de la soci\u00e9t\u00e9.<\/p>\n","protected":false},"excerpt":{"rendered":"<p>BYD E6 voiture \u00e9lectrique chinoise La BYD E6 est \u00e9quip\u00e9e d&rsquo;un moteur \u00e9lectrique de 75 kw. Le fabricant chinois BYD Build your Dreams, construisez vos r\u00eaves propose une voiture compacte \u00e9lectrique longue de 4,55 m. Cette cinq places offre une autonomie th\u00e9orique de 330 km et est anim\u00e9e par deux moteurs qui entrainent les quatre &#8230; <a title=\"BYD E6 voiture \u00e9lectrique chinoise\" class=\"read-more\" href=\"https:\/\/www.carideal.com\/blog\/2010\/03\/21\/byd-e6\/\" aria-label=\"En savoir plus sur BYD E6 voiture \u00e9lectrique chinoise\">Lire plus<\/a><\/p>\n","protected":false},"author":1,"featured_media":25213,"comment_status":"open","ping_status":"open","sticky":false,"template":"","format":"standard","meta":{"_uag_custom_page_level_css":"","_themeisle_gutenberg_block_has_review":false,"footnotes":""},"categories":[6],"tags":[],"class_list":["post-158","post","type-post","status-publish","format-standard","has-post-thumbnail","hentry","category-ecologie"],"wppr_data":{"cwp_meta_box_check":"No"},"yoast_head":"<!-- This site is optimized with the Yoast SEO plugin v24.8.1 - https:\/\/yoast.com\/wordpress\/plugins\/seo\/ -->\n<title>BYD E6 voiture \u00e9lectrique chinoise - Blog auto Carid\u00e9al<\/title>\n<meta name=\"description\" content=\"La BYD E6 est \u00e9quip\u00e9e d&#039;un moteur \u00e9lectrique de 75 kw. Le fabricant chinois BYD Build your Dreams, construisez vos r\u00eaves propose une voiture compacte \u00e9lectrique longue de 4,55 m. Cette cinq places offre une autonomie th\u00e9orique de 330 km et est anim\u00e9e par deux moteurs qui entrainent les quatre roues.\" \/>\n<meta name=\"robots\" content=\"index, follow, max-snippet:-1, max-image-preview:large, max-video-preview:-1\" \/>\n<link rel=\"canonical\" href=\"https:\/\/www.carideal.com\/blog\/2010\/03\/21\/byd-e6\/\" \/>\n<meta property=\"og:locale\" content=\"fr_FR\" \/>\n<meta property=\"og:type\" content=\"article\" \/>\n<meta property=\"og:title\" content=\"BYD E6 voiture \u00e9lectrique chinoise - Blog auto Carid\u00e9al\" \/>\n<meta property=\"og:description\" content=\"La BYD E6 est \u00e9quip\u00e9e d&#039;un moteur \u00e9lectrique de 75 kw. Le fabricant chinois BYD Build your Dreams, construisez vos r\u00eaves propose une voiture compacte \u00e9lectrique longue de 4,55 m. Cette cinq places offre une autonomie th\u00e9orique de 330 km et est anim\u00e9e par deux moteurs qui entrainent les quatre roues.\" \/>\n<meta property=\"og:url\" content=\"https:\/\/www.carideal.com\/blog\/2010\/03\/21\/byd-e6\/\" \/>\n<meta property=\"og:site_name\" content=\"Blog auto Carid\u00e9al\" \/>\n<meta property=\"article:publisher\" content=\"https:\/\/www.facebook.com\/Carideal.mandataire.automobile\" \/>\n<meta property=\"article:author\" content=\"https:\/\/www.facebook.com\/Carideal.mandataire.automobile\/\" \/>\n<meta property=\"article:published_time\" content=\"2010-03-21T18:10:00+00:00\" \/>\n<meta property=\"article:modified_time\" content=\"2020-05-02T13:20:55+00:00\" \/>\n<meta property=\"og:image\" content=\"https:\/\/www.carideal.com\/blog\/wp-content\/uploads\/2010\/03\/byd-e6-2.jpg\" \/>\n\t<meta property=\"og:image:width\" content=\"600\" \/>\n\t<meta property=\"og:image:height\" content=\"450\" \/>\n\t<meta property=\"og:image:type\" content=\"image\/jpeg\" \/>\n<meta name=\"author\" content=\"N.S Carideal\" \/>\n<meta name=\"twitter:card\" content=\"summary_large_image\" \/>\n<meta name=\"twitter:creator\" content=\"@caridealauto\" \/>\n<meta name=\"twitter:site\" content=\"@caridealauto\" \/>\n<meta name=\"twitter:label1\" content=\"\u00c9crit par\" \/>\n\t<meta name=\"twitter:data1\" content=\"N.S Carideal\" \/>\n\t<meta name=\"twitter:label2\" content=\"Dur\u00e9e de lecture estim\u00e9e\" \/>\n\t<meta name=\"twitter:data2\" content=\"2 minutes\" \/>\n<script type=\"application\/ld+json\" class=\"yoast-schema-graph\">{\"@context\":\"https:\/\/schema.org\",\"@graph\":[{\"@type\":\"Article\",\"@id\":\"https:\/\/www.carideal.com\/blog\/2010\/03\/21\/byd-e6\/#article\",\"isPartOf\":{\"@id\":\"https:\/\/www.carideal.com\/blog\/2010\/03\/21\/byd-e6\/\"},\"author\":{\"name\":\"N.S Carideal\",\"@id\":\"https:\/\/www.carideal.com\/blog\/#\/schema\/person\/985c7e757d1042d647f21bfaf8d41ebc\"},\"headline\":\"BYD E6 voiture \u00e9lectrique chinoise\",\"datePublished\":\"2010-03-21T18:10:00+00:00\",\"dateModified\":\"2020-05-02T13:20:55+00:00\",\"mainEntityOfPage\":{\"@id\":\"https:\/\/www.carideal.com\/blog\/2010\/03\/21\/byd-e6\/\"},\"wordCount\":492,\"commentCount\":2,\"publisher\":{\"@id\":\"https:\/\/www.carideal.com\/blog\/#organization\"},\"image\":{\"@id\":\"https:\/\/www.carideal.com\/blog\/2010\/03\/21\/byd-e6\/#primaryimage\"},\"thumbnailUrl\":\"https:\/\/www.carideal.com\/blog\/wp-content\/uploads\/2010\/03\/byd-e6-2.jpg\",\"articleSection\":[\"Ecologie\"],\"inLanguage\":\"fr-FR\",\"potentialAction\":[{\"@type\":\"CommentAction\",\"name\":\"Comment\",\"target\":[\"https:\/\/www.carideal.com\/blog\/2010\/03\/21\/byd-e6\/#respond\"]}]},{\"@type\":\"WebPage\",\"@id\":\"https:\/\/www.carideal.com\/blog\/2010\/03\/21\/byd-e6\/\",\"url\":\"https:\/\/www.carideal.com\/blog\/2010\/03\/21\/byd-e6\/\",\"name\":\"BYD E6 voiture \u00e9lectrique chinoise - Blog auto Carid\u00e9al\",\"isPartOf\":{\"@id\":\"https:\/\/www.carideal.com\/blog\/#website\"},\"primaryImageOfPage\":{\"@id\":\"https:\/\/www.carideal.com\/blog\/2010\/03\/21\/byd-e6\/#primaryimage\"},\"image\":{\"@id\":\"https:\/\/www.carideal.com\/blog\/2010\/03\/21\/byd-e6\/#primaryimage\"},\"thumbnailUrl\":\"https:\/\/www.carideal.com\/blog\/wp-content\/uploads\/2010\/03\/byd-e6-2.jpg\",\"datePublished\":\"2010-03-21T18:10:00+00:00\",\"dateModified\":\"2020-05-02T13:20:55+00:00\",\"description\":\"La BYD E6 est \u00e9quip\u00e9e d'un moteur \u00e9lectrique de 75 kw. Le fabricant chinois BYD Build your Dreams, construisez vos r\u00eaves propose une voiture compacte \u00e9lectrique longue de 4,55 m. Cette cinq places offre une autonomie th\u00e9orique de 330 km et est anim\u00e9e par deux moteurs qui entrainent les quatre roues.\",\"breadcrumb\":{\"@id\":\"https:\/\/www.carideal.com\/blog\/2010\/03\/21\/byd-e6\/#breadcrumb\"},\"inLanguage\":\"fr-FR\",\"potentialAction\":[{\"@type\":\"ReadAction\",\"target\":[\"https:\/\/www.carideal.com\/blog\/2010\/03\/21\/byd-e6\/\"]}]},{\"@type\":\"ImageObject\",\"inLanguage\":\"fr-FR\",\"@id\":\"https:\/\/www.carideal.com\/blog\/2010\/03\/21\/byd-e6\/#primaryimage\",\"url\":\"https:\/\/www.carideal.com\/blog\/wp-content\/uploads\/2010\/03\/byd-e6-2.jpg\",\"contentUrl\":\"https:\/\/www.carideal.com\/blog\/wp-content\/uploads\/2010\/03\/byd-e6-2.jpg\",\"width\":600,\"height\":450,\"caption\":\"BYD E6 voiture \u00e9lectrique chinoise\"},{\"@type\":\"BreadcrumbList\",\"@id\":\"https:\/\/www.carideal.com\/blog\/2010\/03\/21\/byd-e6\/#breadcrumb\",\"itemListElement\":[{\"@type\":\"ListItem\",\"position\":1,\"name\":\"Blog Carid\u00e9al\",\"item\":\"https:\/\/www.carideal.com\/blog\/\"},{\"@type\":\"ListItem\",\"position\":2,\"name\":\"Ecologie\",\"item\":\"https:\/\/www.carideal.com\/blog\/ecologie\/\"},{\"@type\":\"ListItem\",\"position\":3,\"name\":\"BYD E6 voiture \u00e9lectrique chinoise\"}]},{\"@type\":\"WebSite\",\"@id\":\"https:\/\/www.carideal.com\/blog\/#website\",\"url\":\"https:\/\/www.carideal.com\/blog\/\",\"name\":\"Blog auto Carid\u00e9al\",\"description\":\"Actualit\u00e9 auto par des passionn\u00e9s\",\"publisher\":{\"@id\":\"https:\/\/www.carideal.com\/blog\/#organization\"},\"potentialAction\":[{\"@type\":\"SearchAction\",\"target\":{\"@type\":\"EntryPoint\",\"urlTemplate\":\"https:\/\/www.carideal.com\/blog\/?s={search_term_string}\"},\"query-input\":{\"@type\":\"PropertyValueSpecification\",\"valueRequired\":true,\"valueName\":\"search_term_string\"}}],\"inLanguage\":\"fr-FR\"},{\"@type\":\"Organization\",\"@id\":\"https:\/\/www.carideal.com\/blog\/#organization\",\"name\":\"Carideal\",\"url\":\"https:\/\/www.carideal.com\/blog\/\",\"logo\":{\"@type\":\"ImageObject\",\"inLanguage\":\"fr-FR\",\"@id\":\"https:\/\/www.carideal.com\/blog\/#\/schema\/logo\/image\/\",\"url\":\"http:\/\/www.carideal.com\/blog\/wp-content\/uploads\/2016\/03\/logo-carideal-mandataire-automobile.png\",\"contentUrl\":\"http:\/\/www.carideal.com\/blog\/wp-content\/uploads\/2016\/03\/logo-carideal-mandataire-automobile.png\",\"width\":300,\"height\":300,\"caption\":\"Carideal\"},\"image\":{\"@id\":\"https:\/\/www.carideal.com\/blog\/#\/schema\/logo\/image\/\"},\"sameAs\":[\"https:\/\/www.facebook.com\/Carideal.mandataire.automobile\",\"https:\/\/x.com\/caridealauto\",\"https:\/\/www.instagram.com\/carideal1\/\",\"https:\/\/www.linkedin.com\/company\/carideal.com\",\"https:\/\/fr.pinterest.com\/schiavonsas\/\",\"https:\/\/www.youtube.com\/user\/caridealsas\"]},{\"@type\":\"Person\",\"@id\":\"https:\/\/www.carideal.com\/blog\/#\/schema\/person\/985c7e757d1042d647f21bfaf8d41ebc\",\"name\":\"N.S Carideal\",\"image\":{\"@type\":\"ImageObject\",\"inLanguage\":\"fr-FR\",\"@id\":\"https:\/\/www.carideal.com\/blog\/#\/schema\/person\/image\/\",\"url\":\"https:\/\/secure.gravatar.com\/avatar\/edb7ccdf1a4e3d14aef967760d354d0e?s=96&r=g\",\"contentUrl\":\"https:\/\/secure.gravatar.com\/avatar\/edb7ccdf1a4e3d14aef967760d354d0e?s=96&r=g\",\"caption\":\"N.S Carideal\"},\"description\":\"Depuis tout petit fan d'automobile. Il est question d'essayer et de comparer toutes ces voitures qui nous ont fait r\u00e9ver, avant que celles-ci ne devient uniquement des voitures de collection.\",\"sameAs\":[\"http:\/\/www.carideal.com\/blog\",\"https:\/\/www.facebook.com\/Carideal.mandataire.automobile\/\",\"https:\/\/www.linkedin.com\/in\/nschiavon\/\",\"https:\/\/www.youtube.com\/user\/caridealsas\/\"],\"url\":\"https:\/\/www.carideal.com\/blog\/author\/admin_carideal\/\"}]}<\/script>\n<!-- \/ Yoast SEO plugin. -->","yoast_head_json":{"title":"BYD E6 voiture \u00e9lectrique chinoise - Blog auto Carid\u00e9al","description":"La BYD E6 est \u00e9quip\u00e9e d'un moteur \u00e9lectrique de 75 kw. Le fabricant chinois BYD Build your Dreams, construisez vos r\u00eaves propose une voiture compacte \u00e9lectrique longue de 4,55 m. Cette cinq places offre une autonomie th\u00e9orique de 330 km et est anim\u00e9e par deux moteurs qui entrainent les quatre roues.","robots":{"index":"index","follow":"follow","max-snippet":"max-snippet:-1","max-image-preview":"max-image-preview:large","max-video-preview":"max-video-preview:-1"},"canonical":"https:\/\/www.carideal.com\/blog\/2010\/03\/21\/byd-e6\/","og_locale":"fr_FR","og_type":"article","og_title":"BYD E6 voiture \u00e9lectrique chinoise - Blog auto Carid\u00e9al","og_description":"La BYD E6 est \u00e9quip\u00e9e d'un moteur \u00e9lectrique de 75 kw. Le fabricant chinois BYD Build your Dreams, construisez vos r\u00eaves propose une voiture compacte \u00e9lectrique longue de 4,55 m. Cette cinq places offre une autonomie th\u00e9orique de 330 km et est anim\u00e9e par deux moteurs qui entrainent les quatre roues.","og_url":"https:\/\/www.carideal.com\/blog\/2010\/03\/21\/byd-e6\/","og_site_name":"Blog auto Carid\u00e9al","article_publisher":"https:\/\/www.facebook.com\/Carideal.mandataire.automobile","article_author":"https:\/\/www.facebook.com\/Carideal.mandataire.automobile\/","article_published_time":"2010-03-21T18:10:00+00:00","article_modified_time":"2020-05-02T13:20:55+00:00","og_image":[{"width":600,"height":450,"url":"https:\/\/www.carideal.com\/blog\/wp-content\/uploads\/2010\/03\/byd-e6-2.jpg","type":"image\/jpeg"}],"author":"N.S Carideal","twitter_card":"summary_large_image","twitter_creator":"@caridealauto","twitter_site":"@caridealauto","twitter_misc":{"\u00c9crit par":"N.S Carideal","Dur\u00e9e de lecture estim\u00e9e":"2 minutes"},"schema":{"@context":"https:\/\/schema.org","@graph":[{"@type":"Article","@id":"https:\/\/www.carideal.com\/blog\/2010\/03\/21\/byd-e6\/#article","isPartOf":{"@id":"https:\/\/www.carideal.com\/blog\/2010\/03\/21\/byd-e6\/"},"author":{"name":"N.S Carideal","@id":"https:\/\/www.carideal.com\/blog\/#\/schema\/person\/985c7e757d1042d647f21bfaf8d41ebc"},"headline":"BYD E6 voiture \u00e9lectrique chinoise","datePublished":"2010-03-21T18:10:00+00:00","dateModified":"2020-05-02T13:20:55+00:00","mainEntityOfPage":{"@id":"https:\/\/www.carideal.com\/blog\/2010\/03\/21\/byd-e6\/"},"wordCount":492,"commentCount":2,"publisher":{"@id":"https:\/\/www.carideal.com\/blog\/#organization"},"image":{"@id":"https:\/\/www.carideal.com\/blog\/2010\/03\/21\/byd-e6\/#primaryimage"},"thumbnailUrl":"https:\/\/www.carideal.com\/blog\/wp-content\/uploads\/2010\/03\/byd-e6-2.jpg","articleSection":["Ecologie"],"inLanguage":"fr-FR","potentialAction":[{"@type":"CommentAction","name":"Comment","target":["https:\/\/www.carideal.com\/blog\/2010\/03\/21\/byd-e6\/#respond"]}]},{"@type":"WebPage","@id":"https:\/\/www.carideal.com\/blog\/2010\/03\/21\/byd-e6\/","url":"https:\/\/www.carideal.com\/blog\/2010\/03\/21\/byd-e6\/","name":"BYD E6 voiture \u00e9lectrique chinoise - Blog auto Carid\u00e9al","isPartOf":{"@id":"https:\/\/www.carideal.com\/blog\/#website"},"primaryImageOfPage":{"@id":"https:\/\/www.carideal.com\/blog\/2010\/03\/21\/byd-e6\/#primaryimage"},"image":{"@id":"https:\/\/www.carideal.com\/blog\/2010\/03\/21\/byd-e6\/#primaryimage"},"thumbnailUrl":"https:\/\/www.carideal.com\/blog\/wp-content\/uploads\/2010\/03\/byd-e6-2.jpg","datePublished":"2010-03-21T18:10:00+00:00","dateModified":"2020-05-02T13:20:55+00:00","description":"La BYD E6 est \u00e9quip\u00e9e d'un moteur \u00e9lectrique de 75 kw. Le fabricant chinois BYD Build your Dreams, construisez vos r\u00eaves propose une voiture compacte \u00e9lectrique longue de 4,55 m. Cette cinq places offre une autonomie th\u00e9orique de 330 km et est anim\u00e9e par deux moteurs qui entrainent les quatre roues.","breadcrumb":{"@id":"https:\/\/www.carideal.com\/blog\/2010\/03\/21\/byd-e6\/#breadcrumb"},"inLanguage":"fr-FR","potentialAction":[{"@type":"ReadAction","target":["https:\/\/www.carideal.com\/blog\/2010\/03\/21\/byd-e6\/"]}]},{"@type":"ImageObject","inLanguage":"fr-FR","@id":"https:\/\/www.carideal.com\/blog\/2010\/03\/21\/byd-e6\/#primaryimage","url":"https:\/\/www.carideal.com\/blog\/wp-content\/uploads\/2010\/03\/byd-e6-2.jpg","contentUrl":"https:\/\/www.carideal.com\/blog\/wp-content\/uploads\/2010\/03\/byd-e6-2.jpg","width":600,"height":450,"caption":"BYD E6 voiture \u00e9lectrique chinoise"},{"@type":"BreadcrumbList","@id":"https:\/\/www.carideal.com\/blog\/2010\/03\/21\/byd-e6\/#breadcrumb","itemListElement":[{"@type":"ListItem","position":1,"name":"Blog Carid\u00e9al","item":"https:\/\/www.carideal.com\/blog\/"},{"@type":"ListItem","position":2,"name":"Ecologie","item":"https:\/\/www.carideal.com\/blog\/ecologie\/"},{"@type":"ListItem","position":3,"name":"BYD E6 voiture \u00e9lectrique chinoise"}]},{"@type":"WebSite","@id":"https:\/\/www.carideal.com\/blog\/#website","url":"https:\/\/www.carideal.com\/blog\/","name":"Blog auto Carid\u00e9al","description":"Actualit\u00e9 auto par des passionn\u00e9s","publisher":{"@id":"https:\/\/www.carideal.com\/blog\/#organization"},"potentialAction":[{"@type":"SearchAction","target":{"@type":"EntryPoint","urlTemplate":"https:\/\/www.carideal.com\/blog\/?s={search_term_string}"},"query-input":{"@type":"PropertyValueSpecification","valueRequired":true,"valueName":"search_term_string"}}],"inLanguage":"fr-FR"},{"@type":"Organization","@id":"https:\/\/www.carideal.com\/blog\/#organization","name":"Carideal","url":"https:\/\/www.carideal.com\/blog\/","logo":{"@type":"ImageObject","inLanguage":"fr-FR","@id":"https:\/\/www.carideal.com\/blog\/#\/schema\/logo\/image\/","url":"http:\/\/www.carideal.com\/blog\/wp-content\/uploads\/2016\/03\/logo-carideal-mandataire-automobile.png","contentUrl":"http:\/\/www.carideal.com\/blog\/wp-content\/uploads\/2016\/03\/logo-carideal-mandataire-automobile.png","width":300,"height":300,"caption":"Carideal"},"image":{"@id":"https:\/\/www.carideal.com\/blog\/#\/schema\/logo\/image\/"},"sameAs":["https:\/\/www.facebook.com\/Carideal.mandataire.automobile","https:\/\/x.com\/caridealauto","https:\/\/www.instagram.com\/carideal1\/","https:\/\/www.linkedin.com\/company\/carideal.com","https:\/\/fr.pinterest.com\/schiavonsas\/","https:\/\/www.youtube.com\/user\/caridealsas"]},{"@type":"Person","@id":"https:\/\/www.carideal.com\/blog\/#\/schema\/person\/985c7e757d1042d647f21bfaf8d41ebc","name":"N.S Carideal","image":{"@type":"ImageObject","inLanguage":"fr-FR","@id":"https:\/\/www.carideal.com\/blog\/#\/schema\/person\/image\/","url":"https:\/\/secure.gravatar.com\/avatar\/edb7ccdf1a4e3d14aef967760d354d0e?s=96&r=g","contentUrl":"https:\/\/secure.gravatar.com\/avatar\/edb7ccdf1a4e3d14aef967760d354d0e?s=96&r=g","caption":"N.S Carideal"},"description":"Depuis tout petit fan d'automobile. Il est question d'essayer et de comparer toutes ces voitures qui nous ont fait r\u00e9ver, avant que celles-ci ne devient uniquement des voitures de collection.","sameAs":["http:\/\/www.carideal.com\/blog","https:\/\/www.facebook.com\/Carideal.mandataire.automobile\/","https:\/\/www.linkedin.com\/in\/nschiavon\/","https:\/\/www.youtube.com\/user\/caridealsas\/"],"url":"https:\/\/www.carideal.com\/blog\/author\/admin_carideal\/"}]}},"uagb_featured_image_src":{"full":["https:\/\/www.carideal.com\/blog\/wp-content\/uploads\/2010\/03\/byd-e6-2.jpg",600,450,false],"thumbnail":["https:\/\/www.carideal.com\/blog\/wp-content\/uploads\/2010\/03\/byd-e6-2-150x150.jpg",150,150,true],"medium":["https:\/\/www.carideal.com\/blog\/wp-content\/uploads\/2010\/03\/byd-e6-2-300x225.jpg",300,225,true],"medium_large":["https:\/\/www.carideal.com\/blog\/wp-content\/uploads\/2010\/03\/byd-e6-2.jpg",600,450,false],"large":["https:\/\/www.carideal.com\/blog\/wp-content\/uploads\/2010\/03\/byd-e6-2.jpg",600,450,false],"1536x1536":["https:\/\/www.carideal.com\/blog\/wp-content\/uploads\/2010\/03\/byd-e6-2.jpg",600,450,false],"2048x2048":["https:\/\/www.carideal.com\/blog\/wp-content\/uploads\/2010\/03\/byd-e6-2.jpg",600,450,false],"wppr-widget":["https:\/\/www.carideal.com\/blog\/wp-content\/uploads\/2010\/03\/byd-e6-2-50x38.jpg",50,38,true]},"uagb_author_info":{"display_name":"N.S Carideal","author_link":"https:\/\/www.carideal.com\/blog\/author\/admin_carideal\/"},"uagb_comment_info":2,"uagb_excerpt":"BYD E6 voiture \u00e9lectrique chinoise La BYD E6 est \u00e9quip\u00e9e d'un moteur \u00e9lectrique de 75 kw. Le fabricant chinois BYD Build your Dreams, construisez vos r\u00eaves propose une voiture compacte \u00e9lectrique longue de 4,55 m. Cette cinq places offre une autonomie th\u00e9orique de 330 km et est anim\u00e9e par deux moteurs qui entrainent les quatre\u2026","_links":{"self":[{"href":"https:\/\/www.carideal.com\/blog\/wp-json\/wp\/v2\/posts\/158"}],"collection":[{"href":"https:\/\/www.carideal.com\/blog\/wp-json\/wp\/v2\/posts"}],"about":[{"href":"https:\/\/www.carideal.com\/blog\/wp-json\/wp\/v2\/types\/post"}],"author":[{"embeddable":true,"href":"https:\/\/www.carideal.com\/blog\/wp-json\/wp\/v2\/users\/1"}],"replies":[{"embeddable":true,"href":"https:\/\/www.carideal.com\/blog\/wp-json\/wp\/v2\/comments?post=158"}],"version-history":[{"count":0,"href":"https:\/\/www.carideal.com\/blog\/wp-json\/wp\/v2\/posts\/158\/revisions"}],"wp:featuredmedia":[{"embeddable":true,"href":"https:\/\/www.carideal.com\/blog\/wp-json\/wp\/v2\/media\/25213"}],"wp:attachment":[{"href":"https:\/\/www.carideal.com\/blog\/wp-json\/wp\/v2\/media?parent=158"}],"wp:term":[{"taxonomy":"category","embeddable":true,"href":"https:\/\/www.carideal.com\/blog\/wp-json\/wp\/v2\/categories?post=158"},{"taxonomy":"post_tag","embeddable":true,"href":"https:\/\/www.carideal.com\/blog\/wp-json\/wp\/v2\/tags?post=158"}],"curies":[{"name":"wp","href":"https:\/\/api.w.org\/{rel}","templated":true}]}}