{"id":15792,"date":"2016-04-05T16:52:09","date_gmt":"2016-04-05T14:52:09","guid":{"rendered":"http:\/\/www.carideal.com\/blog\/?p=15792"},"modified":"2020-03-09T06:42:39","modified_gmt":"2020-03-09T05:42:39","slug":"citroen-cactus-rip-curl","status":"publish","type":"post","link":"https:\/\/www.carideal.com\/blog\/2016\/04\/05\/citroen-cactus-rip-curl\/","title":{"rendered":"Citroen Cactus Rip Curl pour les baroudeurs"},"content":{"rendered":"<h2>Citroen Cactus Rip Curl<\/h2>\n Citroen Cactus Rip Curl\n<p>\uf0b7 Apr\u00e8s la <a href=\"http:\/\/www.carideal.com\/blog\/marque-de-voiture-actualites-essais\/citroen\/c1\/\">Citro\u00ebn C1<\/a> Mentos c'est au tour de la <a href=\"http:\/\/www.carideal.com\/blog\/marque-de-voiture-actualites-essais\/citroen\/c4-cactus\/\">Citro\u00ebn Cactus<\/a> de passer en AM 16 sur l'ensemble de la gamme Citroen C4 Cactus pour une production en Mai 2016 avec les \u00e9volutions suivantes :<br \/>\no Changement de nom de la finition Business qui devient Feel Business.<br \/>\no Mise en s\u00e9rie de la Banquette arri\u00e8re 2\/3 - 1\/3 sur les finitions Feel, Feel Edition, Feel Business et Shine avec hausse de tarif de 100 \u20ac TTC (sauf sur la finition Feel Business).<\/p>\n<h2>S\u00e9rie sp\u00e9ciale Citroen Cactus Rip Curl<\/h2>\n<p>\uf0b7 Apr\u00e8s sa pr\u00e9sentation au salon de Gen\u00e8ve, le Citroen Cactus Rip Curl, <a href=\"http:\/\/www.carideal.com\/blog\/marque-de-voiture-actualites-essais\/citroen\/\">Citro\u00ebn<\/a> lance la commercialisation de la s\u00e9rie sp\u00e9ciale Citroen Cactus Rip Curl pour une production en Mai 2016 bas\u00e9e sur la finition Shine et qui lui ajoute en exclusivit\u00e9 le Grip control ainsi que les \u00e9quipements suivants :<br \/>\no Adh\u00e9sifs de personnalisation Rip Curl,<br \/>\no Barres de toit blanches,<br \/>\no Ceintures de s\u00e9curit\u00e9 et d\u00e9cor de haut-parleurs avant Pulp Orange,<br \/>\no Insert de custode \"RIP CURL\" sur fond noir,<br \/>\no Jantes alliage 17'' CROSS bi-ton avec Pneus Mud &amp; Snow,<br \/>\no R\u00e9troviseurs ext\u00e9rieurs blancs,<br \/>\no Sabots de protection avant et arri\u00e8re (accessoires),<br \/>\no Surtapis avant et arri\u00e8re sp\u00e9cifiques,<br \/>\no Teinte de caisse opaque,<br \/>\no Toit vitr\u00e9 panoramique \u00e0 haute protection thermique.<\/p>\n<figure id=\"attachment_15794\" aria-describedby=\"caption-attachment-15794\" style=\"width: 490px\" class=\"wp-caption alignnone\"><a href=\"http:\/\/www.carideal.com\/blog\/wp-content\/uploads\/2017\/03\/citroen-c4-cactus-rip-curl-2-1-e1490539599131.jpg\"><img loading=\"lazy\" decoding=\"async\" class=\"size-full wp-image-15794\" src=\"http:\/\/www.carideal.com\/blog\/wp-content\/uploads\/2017\/03\/citroen-c4-cactus-rip-curl-2-1-e1490539599131.jpg\" alt=\"Citroen Cactus Rip Curl planche de bord\" width=\"500\" height=\"181\" \/><\/a><figcaption id=\"caption-attachment-15794\" class=\"wp-caption-text\">Citroen Cactus Rip Curl planche de bord<\/figcaption><\/figure>\n<p>Le <strong>Citroen Cactus Rip Curl<\/strong> est disponible \u00e0 partir du prix de 21 850 \u20ac TTC, cette nouvelle s\u00e9rie sp\u00e9ciale est propos\u00e9e avec les motorisations PureTech 110 S&amp;S BVM et <a href=\"http:\/\/www.carideal.com\/blog\/2014\/04\/25\/nouveaux-moteurs-bluehdi-1-6l-dv6f-euro6\/\">BlueHDi 100 BVM<\/a>.<br \/>\n\uf0b7 Ouverture de l\u2019option Pack W sur Shine Edition, uniquement disponible avec la teinte Blanc Perle Nacr\u00e9, qui comprend les \u00e9quipements suivants : Airbump\u00ae Dune, Barres de toit blanches, Insert de custode \"Cactus\" sur fond blanc, Jantes alliage 17'' CROSS bi-ton blanches, R\u00e9troviseurs ext\u00e9rieurs blancs.<\/p>\n<p>Citroen dynamise son Citroen Cactus Rip Curl et vise une client\u00e8le de baroudeur dynamique en l'\u00e9quipant du syst\u00e8me de contr\u00f4le de la motricit\u00e9 Grip Control d\u00e9j\u00e0 vu sur d'autres mod\u00e8les de la marque.<\/p>\n","protected":false},"excerpt":{"rendered":"<p>Citroen Cactus Rip Curl \uf0b7 Apr\u00e8s la Citro\u00ebn C1 Mentos c&rsquo;est au tour de la Citro\u00ebn Cactus de passer en AM 16 sur l&rsquo;ensemble de la gamme Citroen C4 Cactus pour une production en Mai 2016 avec les \u00e9volutions suivantes : o Changement de nom de la finition Business qui devient Feel Business. o Mise &#8230; <a title=\"Citroen Cactus Rip Curl pour les baroudeurs\" class=\"read-more\" href=\"https:\/\/www.carideal.com\/blog\/2016\/04\/05\/citroen-cactus-rip-curl\/\" aria-label=\"En savoir plus sur Citroen Cactus Rip Curl pour les baroudeurs\">Lire plus<\/a><\/p>\n","protected":false},"author":3,"featured_media":15793,"comment_status":"open","ping_status":"open","sticky":false,"template":"","format":"standard","meta":{"_uag_custom_page_level_css":"","_themeisle_gutenberg_block_has_review":false,"footnotes":""},"categories":[5,17197,6021,5974],"tags":[],"class_list":["post-15792","post","type-post","status-publish","format-standard","has-post-thumbnail","hentry","category-citroen","category-actualite-citroen-c4-cactus","category-crossovers","category-type-de-vehicule"],"wppr_data":{"cwp_meta_box_check":"No"},"yoast_head":"<!-- This site is optimized with the Yoast SEO plugin v24.8.1 - https:\/\/yoast.com\/wordpress\/plugins\/seo\/ -->\n<title>Citroen Cactus Rip Curl pour les baroudeurs - Blog auto Carid\u00e9al<\/title>\n<meta name=\"description\" content=\"Apr\u00e8s sa pr\u00e9sentation au salon de Gen\u00e8ve, le Citroen Cactus Rip Curl, est commercialis\u00e9 pour une production en Mai 2016 bas\u00e9e sur la finition Shine\" \/>\n<meta name=\"robots\" content=\"index, follow, max-snippet:-1, max-image-preview:large, max-video-preview:-1\" \/>\n<link rel=\"canonical\" href=\"https:\/\/www.carideal.com\/blog\/2016\/04\/05\/citroen-cactus-rip-curl\/\" \/>\n<meta property=\"og:locale\" content=\"fr_FR\" \/>\n<meta property=\"og:type\" content=\"article\" \/>\n<meta property=\"og:title\" content=\"Citroen Cactus Rip Curl pour les baroudeurs - Blog auto Carid\u00e9al\" \/>\n<meta property=\"og:description\" content=\"Apr\u00e8s sa pr\u00e9sentation au salon de Gen\u00e8ve, le Citroen Cactus Rip Curl, est commercialis\u00e9 pour une production en Mai 2016 bas\u00e9e sur la finition Shine\" \/>\n<meta property=\"og:url\" content=\"https:\/\/www.carideal.com\/blog\/2016\/04\/05\/citroen-cactus-rip-curl\/\" \/>\n<meta property=\"og:site_name\" content=\"Blog auto Carid\u00e9al\" \/>\n<meta property=\"article:publisher\" content=\"https:\/\/www.facebook.com\/Carideal.mandataire.automobile\" \/>\n<meta property=\"article:author\" content=\"https:\/\/www.facebook.com\/nicolas.schiavon.39\" \/>\n<meta property=\"article:published_time\" content=\"2016-04-05T14:52:09+00:00\" \/>\n<meta property=\"article:modified_time\" content=\"2020-03-09T05:42:39+00:00\" \/>\n<meta property=\"og:image\" content=\"https:\/\/www.carideal.com\/blog\/wp-content\/uploads\/2017\/03\/citroen-c4-cactus-rip-curl.png\" \/>\n\t<meta property=\"og:image:width\" content=\"800\" \/>\n\t<meta property=\"og:image:height\" content=\"449\" \/>\n\t<meta property=\"og:image:type\" content=\"image\/png\" \/>\n<meta name=\"author\" content=\"Nicolas SCHIAVON\" \/>\n<meta name=\"twitter:card\" content=\"summary_large_image\" \/>\n<meta name=\"twitter:creator\" content=\"@caridealauto\" \/>\n<meta name=\"twitter:site\" content=\"@caridealauto\" \/>\n<meta name=\"twitter:label1\" content=\"\u00c9crit par\" \/>\n\t<meta name=\"twitter:data1\" content=\"Nicolas SCHIAVON\" \/>\n\t<meta name=\"twitter:label2\" content=\"Dur\u00e9e de lecture estim\u00e9e\" \/>\n\t<meta name=\"twitter:data2\" content=\"2 minutes\" \/>\n<script type=\"application\/ld+json\" class=\"yoast-schema-graph\">{\"@context\":\"https:\/\/schema.org\",\"@graph\":[{\"@type\":\"Article\",\"@id\":\"https:\/\/www.carideal.com\/blog\/2016\/04\/05\/citroen-cactus-rip-curl\/#article\",\"isPartOf\":{\"@id\":\"https:\/\/www.carideal.com\/blog\/2016\/04\/05\/citroen-cactus-rip-curl\/\"},\"author\":{\"name\":\"Nicolas SCHIAVON\",\"@id\":\"https:\/\/www.carideal.com\/blog\/#\/schema\/person\/cd95dc7919660de90d31b366f85be1ec\"},\"headline\":\"Citroen Cactus Rip Curl pour les baroudeurs\",\"datePublished\":\"2016-04-05T14:52:09+00:00\",\"dateModified\":\"2020-03-09T05:42:39+00:00\",\"mainEntityOfPage\":{\"@id\":\"https:\/\/www.carideal.com\/blog\/2016\/04\/05\/citroen-cactus-rip-curl\/\"},\"wordCount\":377,\"commentCount\":0,\"publisher\":{\"@id\":\"https:\/\/www.carideal.com\/blog\/#organization\"},\"image\":{\"@id\":\"https:\/\/www.carideal.com\/blog\/2016\/04\/05\/citroen-cactus-rip-curl\/#primaryimage\"},\"thumbnailUrl\":\"https:\/\/www.carideal.com\/blog\/wp-content\/uploads\/2017\/03\/citroen-c4-cactus-rip-curl.png\",\"articleSection\":[\"Actualit\u00e9 Citroen\",\"Actualit\u00e9 Citroen C4 Cactus\",\"Crossover\",\"Type de v\u00e9hicule\"],\"inLanguage\":\"fr-FR\",\"potentialAction\":[{\"@type\":\"CommentAction\",\"name\":\"Comment\",\"target\":[\"https:\/\/www.carideal.com\/blog\/2016\/04\/05\/citroen-cactus-rip-curl\/#respond\"]}]},{\"@type\":\"WebPage\",\"@id\":\"https:\/\/www.carideal.com\/blog\/2016\/04\/05\/citroen-cactus-rip-curl\/\",\"url\":\"https:\/\/www.carideal.com\/blog\/2016\/04\/05\/citroen-cactus-rip-curl\/\",\"name\":\"Citroen Cactus Rip Curl pour les baroudeurs - Blog auto Carid\u00e9al\",\"isPartOf\":{\"@id\":\"https:\/\/www.carideal.com\/blog\/#website\"},\"primaryImageOfPage\":{\"@id\":\"https:\/\/www.carideal.com\/blog\/2016\/04\/05\/citroen-cactus-rip-curl\/#primaryimage\"},\"image\":{\"@id\":\"https:\/\/www.carideal.com\/blog\/2016\/04\/05\/citroen-cactus-rip-curl\/#primaryimage\"},\"thumbnailUrl\":\"https:\/\/www.carideal.com\/blog\/wp-content\/uploads\/2017\/03\/citroen-c4-cactus-rip-curl.png\",\"datePublished\":\"2016-04-05T14:52:09+00:00\",\"dateModified\":\"2020-03-09T05:42:39+00:00\",\"description\":\"Apr\u00e8s sa pr\u00e9sentation au salon de Gen\u00e8ve, le Citroen Cactus Rip Curl, est commercialis\u00e9 pour une production en Mai 2016 bas\u00e9e sur la finition Shine\",\"breadcrumb\":{\"@id\":\"https:\/\/www.carideal.com\/blog\/2016\/04\/05\/citroen-cactus-rip-curl\/#breadcrumb\"},\"inLanguage\":\"fr-FR\",\"potentialAction\":[{\"@type\":\"ReadAction\",\"target\":[\"https:\/\/www.carideal.com\/blog\/2016\/04\/05\/citroen-cactus-rip-curl\/\"]}]},{\"@type\":\"ImageObject\",\"inLanguage\":\"fr-FR\",\"@id\":\"https:\/\/www.carideal.com\/blog\/2016\/04\/05\/citroen-cactus-rip-curl\/#primaryimage\",\"url\":\"https:\/\/www.carideal.com\/blog\/wp-content\/uploads\/2017\/03\/citroen-c4-cactus-rip-curl.png\",\"contentUrl\":\"https:\/\/www.carideal.com\/blog\/wp-content\/uploads\/2017\/03\/citroen-c4-cactus-rip-curl.png\",\"width\":800,\"height\":449,\"caption\":\"Citroen Cactus Rip Curl\"},{\"@type\":\"BreadcrumbList\",\"@id\":\"https:\/\/www.carideal.com\/blog\/2016\/04\/05\/citroen-cactus-rip-curl\/#breadcrumb\",\"itemListElement\":[{\"@type\":\"ListItem\",\"position\":1,\"name\":\"Blog Carid\u00e9al\",\"item\":\"https:\/\/www.carideal.com\/blog\/\"},{\"@type\":\"ListItem\",\"position\":2,\"name\":\"Actualit\u00e9 constructeur automobile\",\"item\":\"https:\/\/www.carideal.com\/blog\/constructeur\/\"},{\"@type\":\"ListItem\",\"position\":3,\"name\":\"Actualit\u00e9 Citroen\",\"item\":\"https:\/\/www.carideal.com\/blog\/constructeur\/citroen\/\"},{\"@type\":\"ListItem\",\"position\":4,\"name\":\"Actualit\u00e9 Citroen C4 Cactus\",\"item\":\"https:\/\/www.carideal.com\/blog\/constructeur\/citroen\/actualite-citroen-c4-cactus\/\"},{\"@type\":\"ListItem\",\"position\":5,\"name\":\"Citroen Cactus Rip Curl pour les baroudeurs\"}]},{\"@type\":\"WebSite\",\"@id\":\"https:\/\/www.carideal.com\/blog\/#website\",\"url\":\"https:\/\/www.carideal.com\/blog\/\",\"name\":\"Blog auto Carid\u00e9al\",\"description\":\"Actualit\u00e9 auto par des passionn\u00e9s\",\"publisher\":{\"@id\":\"https:\/\/www.carideal.com\/blog\/#organization\"},\"potentialAction\":[{\"@type\":\"SearchAction\",\"target\":{\"@type\":\"EntryPoint\",\"urlTemplate\":\"https:\/\/www.carideal.com\/blog\/?s={search_term_string}\"},\"query-input\":{\"@type\":\"PropertyValueSpecification\",\"valueRequired\":true,\"valueName\":\"search_term_string\"}}],\"inLanguage\":\"fr-FR\"},{\"@type\":\"Organization\",\"@id\":\"https:\/\/www.carideal.com\/blog\/#organization\",\"name\":\"Carideal\",\"url\":\"https:\/\/www.carideal.com\/blog\/\",\"logo\":{\"@type\":\"ImageObject\",\"inLanguage\":\"fr-FR\",\"@id\":\"https:\/\/www.carideal.com\/blog\/#\/schema\/logo\/image\/\",\"url\":\"http:\/\/www.carideal.com\/blog\/wp-content\/uploads\/2016\/03\/logo-carideal-mandataire-automobile.png\",\"contentUrl\":\"http:\/\/www.carideal.com\/blog\/wp-content\/uploads\/2016\/03\/logo-carideal-mandataire-automobile.png\",\"width\":300,\"height\":300,\"caption\":\"Carideal\"},\"image\":{\"@id\":\"https:\/\/www.carideal.com\/blog\/#\/schema\/logo\/image\/\"},\"sameAs\":[\"https:\/\/www.facebook.com\/Carideal.mandataire.automobile\",\"https:\/\/x.com\/caridealauto\",\"https:\/\/www.instagram.com\/carideal1\/\",\"https:\/\/www.linkedin.com\/company\/carideal.com\",\"https:\/\/fr.pinterest.com\/schiavonsas\/\",\"https:\/\/www.youtube.com\/user\/caridealsas\"]},{\"@type\":\"Person\",\"@id\":\"https:\/\/www.carideal.com\/blog\/#\/schema\/person\/cd95dc7919660de90d31b366f85be1ec\",\"name\":\"Nicolas SCHIAVON\",\"image\":{\"@type\":\"ImageObject\",\"inLanguage\":\"fr-FR\",\"@id\":\"https:\/\/www.carideal.com\/blog\/#\/schema\/person\/image\/\",\"url\":\"https:\/\/secure.gravatar.com\/avatar\/c17e55009e671d92cc7f5dc837dc418a?s=96&r=g\",\"contentUrl\":\"https:\/\/secure.gravatar.com\/avatar\/c17e55009e671d92cc7f5dc837dc418a?s=96&r=g\",\"caption\":\"Nicolas SCHIAVON\"},\"description\":\"Nicolas Schiavon est tomb\u00e9 tout petit dans la marmite automobile. Ayant eu un garage de marque automobile, mandataire automobile de la premi\u00e8re heure d\u00e8s 1999. Nicolas a cr\u00e9\u00e9 ces premiers sites de vente de voiture et blog automobile d\u00e8s 1994. Carideal est n\u00e9 le 15 d\u00e9cembre 2000 de la volont\u00e9 de vendre des voitures d'occasions en ligne puis des voitures neuves. Il a pu essayer beaucoup de voitures tr\u00e8s diff\u00e9rentes et ayant eu personnellement quelques belles autos, Subaru Impreza, Mitsubishi Lancer Evo 7, Porsche 911, Ferrari Testarrossa, Audi RS3, RS4 et j'en passe...\",\"sameAs\":[\"http:\/\/www.carideal.com\",\"https:\/\/www.facebook.com\/nicolas.schiavon.39\",\"https:\/\/www.instagram.com\/carideal1\/\",\"https:\/\/www.linkedin.com\/in\/nschiavon\/\",\"https:\/\/x.com\/caridealauto\",\"https:\/\/www.youtube.com\/user\/caridealsas\/\"],\"url\":\"https:\/\/www.carideal.com\/blog\/author\/nschiavon\/\"}]}<\/script>\n<!-- \/ Yoast SEO plugin. -->","yoast_head_json":{"title":"Citroen Cactus Rip Curl pour les baroudeurs - Blog auto Carid\u00e9al","description":"Apr\u00e8s sa pr\u00e9sentation au salon de Gen\u00e8ve, le Citroen Cactus Rip Curl, est commercialis\u00e9 pour une production en Mai 2016 bas\u00e9e sur la finition Shine","robots":{"index":"index","follow":"follow","max-snippet":"max-snippet:-1","max-image-preview":"max-image-preview:large","max-video-preview":"max-video-preview:-1"},"canonical":"https:\/\/www.carideal.com\/blog\/2016\/04\/05\/citroen-cactus-rip-curl\/","og_locale":"fr_FR","og_type":"article","og_title":"Citroen Cactus Rip Curl pour les baroudeurs - Blog auto Carid\u00e9al","og_description":"Apr\u00e8s sa pr\u00e9sentation au salon de Gen\u00e8ve, le Citroen Cactus Rip Curl, est commercialis\u00e9 pour une production en Mai 2016 bas\u00e9e sur la finition Shine","og_url":"https:\/\/www.carideal.com\/blog\/2016\/04\/05\/citroen-cactus-rip-curl\/","og_site_name":"Blog auto Carid\u00e9al","article_publisher":"https:\/\/www.facebook.com\/Carideal.mandataire.automobile","article_author":"https:\/\/www.facebook.com\/nicolas.schiavon.39","article_published_time":"2016-04-05T14:52:09+00:00","article_modified_time":"2020-03-09T05:42:39+00:00","og_image":[{"width":800,"height":449,"url":"https:\/\/www.carideal.com\/blog\/wp-content\/uploads\/2017\/03\/citroen-c4-cactus-rip-curl.png","type":"image\/png"}],"author":"Nicolas SCHIAVON","twitter_card":"summary_large_image","twitter_creator":"@caridealauto","twitter_site":"@caridealauto","twitter_misc":{"\u00c9crit par":"Nicolas SCHIAVON","Dur\u00e9e de lecture estim\u00e9e":"2 minutes"},"schema":{"@context":"https:\/\/schema.org","@graph":[{"@type":"Article","@id":"https:\/\/www.carideal.com\/blog\/2016\/04\/05\/citroen-cactus-rip-curl\/#article","isPartOf":{"@id":"https:\/\/www.carideal.com\/blog\/2016\/04\/05\/citroen-cactus-rip-curl\/"},"author":{"name":"Nicolas SCHIAVON","@id":"https:\/\/www.carideal.com\/blog\/#\/schema\/person\/cd95dc7919660de90d31b366f85be1ec"},"headline":"Citroen Cactus Rip Curl pour les baroudeurs","datePublished":"2016-04-05T14:52:09+00:00","dateModified":"2020-03-09T05:42:39+00:00","mainEntityOfPage":{"@id":"https:\/\/www.carideal.com\/blog\/2016\/04\/05\/citroen-cactus-rip-curl\/"},"wordCount":377,"commentCount":0,"publisher":{"@id":"https:\/\/www.carideal.com\/blog\/#organization"},"image":{"@id":"https:\/\/www.carideal.com\/blog\/2016\/04\/05\/citroen-cactus-rip-curl\/#primaryimage"},"thumbnailUrl":"https:\/\/www.carideal.com\/blog\/wp-content\/uploads\/2017\/03\/citroen-c4-cactus-rip-curl.png","articleSection":["Actualit\u00e9 Citroen","Actualit\u00e9 Citroen C4 Cactus","Crossover","Type de v\u00e9hicule"],"inLanguage":"fr-FR","potentialAction":[{"@type":"CommentAction","name":"Comment","target":["https:\/\/www.carideal.com\/blog\/2016\/04\/05\/citroen-cactus-rip-curl\/#respond"]}]},{"@type":"WebPage","@id":"https:\/\/www.carideal.com\/blog\/2016\/04\/05\/citroen-cactus-rip-curl\/","url":"https:\/\/www.carideal.com\/blog\/2016\/04\/05\/citroen-cactus-rip-curl\/","name":"Citroen Cactus Rip Curl pour les baroudeurs - Blog auto Carid\u00e9al","isPartOf":{"@id":"https:\/\/www.carideal.com\/blog\/#website"},"primaryImageOfPage":{"@id":"https:\/\/www.carideal.com\/blog\/2016\/04\/05\/citroen-cactus-rip-curl\/#primaryimage"},"image":{"@id":"https:\/\/www.carideal.com\/blog\/2016\/04\/05\/citroen-cactus-rip-curl\/#primaryimage"},"thumbnailUrl":"https:\/\/www.carideal.com\/blog\/wp-content\/uploads\/2017\/03\/citroen-c4-cactus-rip-curl.png","datePublished":"2016-04-05T14:52:09+00:00","dateModified":"2020-03-09T05:42:39+00:00","description":"Apr\u00e8s sa pr\u00e9sentation au salon de Gen\u00e8ve, le Citroen Cactus Rip Curl, est commercialis\u00e9 pour une production en Mai 2016 bas\u00e9e sur la finition Shine","breadcrumb":{"@id":"https:\/\/www.carideal.com\/blog\/2016\/04\/05\/citroen-cactus-rip-curl\/#breadcrumb"},"inLanguage":"fr-FR","potentialAction":[{"@type":"ReadAction","target":["https:\/\/www.carideal.com\/blog\/2016\/04\/05\/citroen-cactus-rip-curl\/"]}]},{"@type":"ImageObject","inLanguage":"fr-FR","@id":"https:\/\/www.carideal.com\/blog\/2016\/04\/05\/citroen-cactus-rip-curl\/#primaryimage","url":"https:\/\/www.carideal.com\/blog\/wp-content\/uploads\/2017\/03\/citroen-c4-cactus-rip-curl.png","contentUrl":"https:\/\/www.carideal.com\/blog\/wp-content\/uploads\/2017\/03\/citroen-c4-cactus-rip-curl.png","width":800,"height":449,"caption":"Citroen Cactus Rip Curl"},{"@type":"BreadcrumbList","@id":"https:\/\/www.carideal.com\/blog\/2016\/04\/05\/citroen-cactus-rip-curl\/#breadcrumb","itemListElement":[{"@type":"ListItem","position":1,"name":"Blog Carid\u00e9al","item":"https:\/\/www.carideal.com\/blog\/"},{"@type":"ListItem","position":2,"name":"Actualit\u00e9 constructeur automobile","item":"https:\/\/www.carideal.com\/blog\/constructeur\/"},{"@type":"ListItem","position":3,"name":"Actualit\u00e9 Citroen","item":"https:\/\/www.carideal.com\/blog\/constructeur\/citroen\/"},{"@type":"ListItem","position":4,"name":"Actualit\u00e9 Citroen C4 Cactus","item":"https:\/\/www.carideal.com\/blog\/constructeur\/citroen\/actualite-citroen-c4-cactus\/"},{"@type":"ListItem","position":5,"name":"Citroen Cactus Rip Curl pour les baroudeurs"}]},{"@type":"WebSite","@id":"https:\/\/www.carideal.com\/blog\/#website","url":"https:\/\/www.carideal.com\/blog\/","name":"Blog auto Carid\u00e9al","description":"Actualit\u00e9 auto par des passionn\u00e9s","publisher":{"@id":"https:\/\/www.carideal.com\/blog\/#organization"},"potentialAction":[{"@type":"SearchAction","target":{"@type":"EntryPoint","urlTemplate":"https:\/\/www.carideal.com\/blog\/?s={search_term_string}"},"query-input":{"@type":"PropertyValueSpecification","valueRequired":true,"valueName":"search_term_string"}}],"inLanguage":"fr-FR"},{"@type":"Organization","@id":"https:\/\/www.carideal.com\/blog\/#organization","name":"Carideal","url":"https:\/\/www.carideal.com\/blog\/","logo":{"@type":"ImageObject","inLanguage":"fr-FR","@id":"https:\/\/www.carideal.com\/blog\/#\/schema\/logo\/image\/","url":"http:\/\/www.carideal.com\/blog\/wp-content\/uploads\/2016\/03\/logo-carideal-mandataire-automobile.png","contentUrl":"http:\/\/www.carideal.com\/blog\/wp-content\/uploads\/2016\/03\/logo-carideal-mandataire-automobile.png","width":300,"height":300,"caption":"Carideal"},"image":{"@id":"https:\/\/www.carideal.com\/blog\/#\/schema\/logo\/image\/"},"sameAs":["https:\/\/www.facebook.com\/Carideal.mandataire.automobile","https:\/\/x.com\/caridealauto","https:\/\/www.instagram.com\/carideal1\/","https:\/\/www.linkedin.com\/company\/carideal.com","https:\/\/fr.pinterest.com\/schiavonsas\/","https:\/\/www.youtube.com\/user\/caridealsas"]},{"@type":"Person","@id":"https:\/\/www.carideal.com\/blog\/#\/schema\/person\/cd95dc7919660de90d31b366f85be1ec","name":"Nicolas SCHIAVON","image":{"@type":"ImageObject","inLanguage":"fr-FR","@id":"https:\/\/www.carideal.com\/blog\/#\/schema\/person\/image\/","url":"https:\/\/secure.gravatar.com\/avatar\/c17e55009e671d92cc7f5dc837dc418a?s=96&r=g","contentUrl":"https:\/\/secure.gravatar.com\/avatar\/c17e55009e671d92cc7f5dc837dc418a?s=96&r=g","caption":"Nicolas SCHIAVON"},"description":"Nicolas Schiavon est tomb\u00e9 tout petit dans la marmite automobile. Ayant eu un garage de marque automobile, mandataire automobile de la premi\u00e8re heure d\u00e8s 1999. Nicolas a cr\u00e9\u00e9 ces premiers sites de vente de voiture et blog automobile d\u00e8s 1994. Carideal est n\u00e9 le 15 d\u00e9cembre 2000 de la volont\u00e9 de vendre des voitures d'occasions en ligne puis des voitures neuves. Il a pu essayer beaucoup de voitures tr\u00e8s diff\u00e9rentes et ayant eu personnellement quelques belles autos, Subaru Impreza, Mitsubishi Lancer Evo 7, Porsche 911, Ferrari Testarrossa, Audi RS3, RS4 et j'en passe...","sameAs":["http:\/\/www.carideal.com","https:\/\/www.facebook.com\/nicolas.schiavon.39","https:\/\/www.instagram.com\/carideal1\/","https:\/\/www.linkedin.com\/in\/nschiavon\/","https:\/\/x.com\/caridealauto","https:\/\/www.youtube.com\/user\/caridealsas\/"],"url":"https:\/\/www.carideal.com\/blog\/author\/nschiavon\/"}]}},"uagb_featured_image_src":{"full":["https:\/\/www.carideal.com\/blog\/wp-content\/uploads\/2017\/03\/citroen-c4-cactus-rip-curl.png",800,449,false],"thumbnail":["https:\/\/www.carideal.com\/blog\/wp-content\/uploads\/2017\/03\/citroen-c4-cactus-rip-curl-150x150.png",150,150,true],"medium":["https:\/\/www.carideal.com\/blog\/wp-content\/uploads\/2017\/03\/citroen-c4-cactus-rip-curl-300x168.png",300,168,true],"medium_large":["https:\/\/www.carideal.com\/blog\/wp-content\/uploads\/2017\/03\/citroen-c4-cactus-rip-curl-768x431.png",768,431,true],"large":["https:\/\/www.carideal.com\/blog\/wp-content\/uploads\/2017\/03\/citroen-c4-cactus-rip-curl.png",800,449,false],"1536x1536":["https:\/\/www.carideal.com\/blog\/wp-content\/uploads\/2017\/03\/citroen-c4-cactus-rip-curl.png",800,449,false],"2048x2048":["https:\/\/www.carideal.com\/blog\/wp-content\/uploads\/2017\/03\/citroen-c4-cactus-rip-curl.png",800,449,false],"wppr-widget":["https:\/\/www.carideal.com\/blog\/wp-content\/uploads\/2017\/03\/citroen-c4-cactus-rip-curl.png",50,28,false]},"uagb_author_info":{"display_name":"Nicolas SCHIAVON","author_link":"https:\/\/www.carideal.com\/blog\/author\/nschiavon\/"},"uagb_comment_info":0,"uagb_excerpt":"Citroen Cactus Rip Curl \uf0b7 Apr\u00e8s la Citro\u00ebn C1 Mentos c'est au tour de la Citro\u00ebn Cactus de passer en AM 16 sur l'ensemble de la gamme Citroen C4 Cactus pour une production en Mai 2016 avec les \u00e9volutions suivantes : o Changement de nom de la finition Business qui devient Feel Business. o Mise\u2026","_links":{"self":[{"href":"https:\/\/www.carideal.com\/blog\/wp-json\/wp\/v2\/posts\/15792"}],"collection":[{"href":"https:\/\/www.carideal.com\/blog\/wp-json\/wp\/v2\/posts"}],"about":[{"href":"https:\/\/www.carideal.com\/blog\/wp-json\/wp\/v2\/types\/post"}],"author":[{"embeddable":true,"href":"https:\/\/www.carideal.com\/blog\/wp-json\/wp\/v2\/users\/3"}],"replies":[{"embeddable":true,"href":"https:\/\/www.carideal.com\/blog\/wp-json\/wp\/v2\/comments?post=15792"}],"version-history":[{"count":0,"href":"https:\/\/www.carideal.com\/blog\/wp-json\/wp\/v2\/posts\/15792\/revisions"}],"wp:featuredmedia":[{"embeddable":true,"href":"https:\/\/www.carideal.com\/blog\/wp-json\/wp\/v2\/media\/15793"}],"wp:attachment":[{"href":"https:\/\/www.carideal.com\/blog\/wp-json\/wp\/v2\/media?parent=15792"}],"wp:term":[{"taxonomy":"category","embeddable":true,"href":"https:\/\/www.carideal.com\/blog\/wp-json\/wp\/v2\/categories?post=15792"},{"taxonomy":"post_tag","embeddable":true,"href":"https:\/\/www.carideal.com\/blog\/wp-json\/wp\/v2\/tags?post=15792"}],"curies":[{"name":"wp","href":"https:\/\/api.w.org\/{rel}","templated":true}]}}