{"id":1578,"date":"2008-09-26T08:33:48","date_gmt":"2008-09-26T08:33:48","guid":{"rendered":"http:\/\/carideal.com\/blog\/?p=1578"},"modified":"2008-09-26T08:33:48","modified_gmt":"2008-09-26T08:33:48","slug":"la-consommation-de-carburants-a-baisse-cet-ete-2","status":"publish","type":"post","link":"https:\/\/www.carideal.com\/blog\/2008\/09\/26\/la-consommation-de-carburants-a-baisse-cet-ete-2\/","title":{"rendered":"La consommation de carburants a baiss\u00e9 cet \u00e9t\u00e9"},"content":{"rendered":"<p>Moins 12.3% de consommation des carburants en ao\u00fbt un record&nbsp;! Les Fran\u00e7ais ont consomm\u00e9 nettement moins de carburant cet \u00e9t\u00e9 en vacance.<\/p>\n<p>La flamb\u00e9e des cours du p\u00e9trole et la baisse du pouvoir d'achat semble avoir entra\u00een\u00e9 une diminution de 12.3% de la consommation de carburant en ao\u00fbt. Jean-Louis Schilansky, pr\u00e9sident de l'Union fran\u00e7aise des industries p\u00e9troli\u00e8res, suppose que les Fran\u00e7ais \u00abont peut-\u00eatre moins roul\u00e9 ou bien ont roul\u00e9 moins vite\u00bb. Le mois d'ao\u00fbt est un mois de vacances et normalement les Francais consomme plus qu'\u00e0 l'ordinaire. L'Ufip remarque que les achats de gazole ont chut\u00e9s de -10,6%, c'est pourtant le carburant le plus consomm\u00e9 en France, et cela concerne les transporteurs routiers en plus des m\u00e9nages. Flamb\u00e9e des prix \u00e0 la pompe et baisse du pouvoir d'achat<\/p>\n<p>Une amorce de baisse<\/p>\n<p>Les prix \u00e0 la pompe ont amorc\u00e9 une baisse fin ao\u00fbt. La baisse du brut est plus spectaculaire, de 147,50 dollar le baril \u00e0 90 $, \u00e0 cause ou gr\u00e2ce \u00e0 la crise financi\u00e8re aux Etats-Unis . <img decoding=\"async\" src=\"\/blog\/images\/prix_a_la_pompe_carideal.jpg\" alt=\"\" \/><\/p>\n","protected":false},"excerpt":{"rendered":"<p>Moins 12.3% de consommation des carburants en ao\u00fbt un record&nbsp;! Les Fran\u00e7ais ont consomm\u00e9 nettement moins de carburant cet \u00e9t\u00e9 en vacance. La flamb\u00e9e des cours du p\u00e9trole et la baisse du pouvoir d&rsquo;achat semble avoir entra\u00een\u00e9 une diminution de 12.3% de la consommation de carburant en ao\u00fbt. Jean-Louis Schilansky, pr\u00e9sident de l&rsquo;Union fran\u00e7aise des &#8230; <a title=\"La consommation de carburants a baiss\u00e9 cet \u00e9t\u00e9\" class=\"read-more\" href=\"https:\/\/www.carideal.com\/blog\/2008\/09\/26\/la-consommation-de-carburants-a-baisse-cet-ete-2\/\" aria-label=\"En savoir plus sur La consommation de carburants a baiss\u00e9 cet \u00e9t\u00e9\">Lire plus<\/a><\/p>\n","protected":false},"author":1,"featured_media":0,"comment_status":"open","ping_status":"open","sticky":false,"template":"","format":"standard","meta":{"_uag_custom_page_level_css":"","_themeisle_gutenberg_block_has_review":false,"footnotes":""},"categories":[14],"tags":[],"class_list":["post-1578","post","type-post","status-publish","format-standard","hentry","category-prix-des-carburants"],"wppr_data":[],"yoast_head":"<!-- This site is optimized with the Yoast SEO plugin v24.8.1 - https:\/\/yoast.com\/wordpress\/plugins\/seo\/ -->\n<title>La consommation de carburants a baiss\u00e9 cet \u00e9t\u00e9 - Blog auto Carid\u00e9al<\/title>\n<meta name=\"robots\" content=\"index, follow, max-snippet:-1, max-image-preview:large, max-video-preview:-1\" \/>\n<link rel=\"canonical\" href=\"https:\/\/www.carideal.com\/blog\/2008\/09\/26\/la-consommation-de-carburants-a-baisse-cet-ete-2\/\" \/>\n<meta property=\"og:locale\" content=\"fr_FR\" \/>\n<meta property=\"og:type\" content=\"article\" \/>\n<meta property=\"og:title\" content=\"La consommation de carburants a baiss\u00e9 cet \u00e9t\u00e9 - Blog auto Carid\u00e9al\" \/>\n<meta property=\"og:description\" content=\"Moins 12.3% de consommation des carburants en ao\u00fbt un record&nbsp;! Les Fran\u00e7ais ont consomm\u00e9 nettement moins de carburant cet \u00e9t\u00e9 en vacance. La flamb\u00e9e des cours du p\u00e9trole et la baisse du pouvoir d&#039;achat semble avoir entra\u00een\u00e9 une diminution de 12.3% de la consommation de carburant en ao\u00fbt. Jean-Louis Schilansky, pr\u00e9sident de l&#039;Union fran\u00e7aise des ... Lire plus\" \/>\n<meta property=\"og:url\" content=\"https:\/\/www.carideal.com\/blog\/2008\/09\/26\/la-consommation-de-carburants-a-baisse-cet-ete-2\/\" \/>\n<meta property=\"og:site_name\" content=\"Blog auto Carid\u00e9al\" \/>\n<meta property=\"article:publisher\" content=\"https:\/\/www.facebook.com\/Carideal.mandataire.automobile\" \/>\n<meta property=\"article:author\" content=\"https:\/\/www.facebook.com\/Carideal.mandataire.automobile\/\" \/>\n<meta property=\"article:published_time\" content=\"2008-09-26T08:33:48+00:00\" \/>\n<meta property=\"og:image\" content=\"https:\/\/www.carideal.com\/blog\/wp-content\/uploads\/2016\/03\/logo-carideal-mandataire-automobile.png\" \/>\n\t<meta property=\"og:image:width\" content=\"300\" \/>\n\t<meta property=\"og:image:height\" content=\"300\" \/>\n\t<meta property=\"og:image:type\" content=\"image\/png\" \/>\n<meta name=\"author\" content=\"N.S Carideal\" \/>\n<meta name=\"twitter:card\" content=\"summary_large_image\" \/>\n<meta name=\"twitter:creator\" content=\"@caridealauto\" \/>\n<meta name=\"twitter:site\" content=\"@caridealauto\" \/>\n<meta name=\"twitter:label1\" content=\"\u00c9crit par\" \/>\n\t<meta name=\"twitter:data1\" content=\"N.S Carideal\" \/>\n\t<meta name=\"twitter:label2\" content=\"Dur\u00e9e de lecture estim\u00e9e\" \/>\n\t<meta name=\"twitter:data2\" content=\"1 minute\" \/>\n<script type=\"application\/ld+json\" class=\"yoast-schema-graph\">{\"@context\":\"https:\/\/schema.org\",\"@graph\":[{\"@type\":\"Article\",\"@id\":\"https:\/\/www.carideal.com\/blog\/2008\/09\/26\/la-consommation-de-carburants-a-baisse-cet-ete-2\/#article\",\"isPartOf\":{\"@id\":\"https:\/\/www.carideal.com\/blog\/2008\/09\/26\/la-consommation-de-carburants-a-baisse-cet-ete-2\/\"},\"author\":{\"name\":\"N.S Carideal\",\"@id\":\"https:\/\/www.carideal.com\/blog\/#\/schema\/person\/985c7e757d1042d647f21bfaf8d41ebc\"},\"headline\":\"La consommation de carburants a baiss\u00e9 cet \u00e9t\u00e9\",\"datePublished\":\"2008-09-26T08:33:48+00:00\",\"mainEntityOfPage\":{\"@id\":\"https:\/\/www.carideal.com\/blog\/2008\/09\/26\/la-consommation-de-carburants-a-baisse-cet-ete-2\/\"},\"wordCount\":186,\"commentCount\":0,\"publisher\":{\"@id\":\"https:\/\/www.carideal.com\/blog\/#organization\"},\"articleSection\":[\"Prix des carburants\"],\"inLanguage\":\"fr-FR\",\"potentialAction\":[{\"@type\":\"CommentAction\",\"name\":\"Comment\",\"target\":[\"https:\/\/www.carideal.com\/blog\/2008\/09\/26\/la-consommation-de-carburants-a-baisse-cet-ete-2\/#respond\"]}]},{\"@type\":\"WebPage\",\"@id\":\"https:\/\/www.carideal.com\/blog\/2008\/09\/26\/la-consommation-de-carburants-a-baisse-cet-ete-2\/\",\"url\":\"https:\/\/www.carideal.com\/blog\/2008\/09\/26\/la-consommation-de-carburants-a-baisse-cet-ete-2\/\",\"name\":\"La consommation de carburants a baiss\u00e9 cet \u00e9t\u00e9 - Blog auto Carid\u00e9al\",\"isPartOf\":{\"@id\":\"https:\/\/www.carideal.com\/blog\/#website\"},\"datePublished\":\"2008-09-26T08:33:48+00:00\",\"breadcrumb\":{\"@id\":\"https:\/\/www.carideal.com\/blog\/2008\/09\/26\/la-consommation-de-carburants-a-baisse-cet-ete-2\/#breadcrumb\"},\"inLanguage\":\"fr-FR\",\"potentialAction\":[{\"@type\":\"ReadAction\",\"target\":[\"https:\/\/www.carideal.com\/blog\/2008\/09\/26\/la-consommation-de-carburants-a-baisse-cet-ete-2\/\"]}]},{\"@type\":\"BreadcrumbList\",\"@id\":\"https:\/\/www.carideal.com\/blog\/2008\/09\/26\/la-consommation-de-carburants-a-baisse-cet-ete-2\/#breadcrumb\",\"itemListElement\":[{\"@type\":\"ListItem\",\"position\":1,\"name\":\"Blog Carid\u00e9al\",\"item\":\"https:\/\/www.carideal.com\/blog\/\"},{\"@type\":\"ListItem\",\"position\":2,\"name\":\"Technologie Automobile\",\"item\":\"https:\/\/www.carideal.com\/blog\/technologie-2\/\"},{\"@type\":\"ListItem\",\"position\":3,\"name\":\"Prix des carburants\",\"item\":\"https:\/\/www.carideal.com\/blog\/technologie-2\/prix-des-carburants\/\"},{\"@type\":\"ListItem\",\"position\":4,\"name\":\"La consommation de carburants a baiss\u00e9 cet \u00e9t\u00e9\"}]},{\"@type\":\"WebSite\",\"@id\":\"https:\/\/www.carideal.com\/blog\/#website\",\"url\":\"https:\/\/www.carideal.com\/blog\/\",\"name\":\"Blog auto Carid\u00e9al\",\"description\":\"Actualit\u00e9 auto par des passionn\u00e9s\",\"publisher\":{\"@id\":\"https:\/\/www.carideal.com\/blog\/#organization\"},\"potentialAction\":[{\"@type\":\"SearchAction\",\"target\":{\"@type\":\"EntryPoint\",\"urlTemplate\":\"https:\/\/www.carideal.com\/blog\/?s={search_term_string}\"},\"query-input\":{\"@type\":\"PropertyValueSpecification\",\"valueRequired\":true,\"valueName\":\"search_term_string\"}}],\"inLanguage\":\"fr-FR\"},{\"@type\":\"Organization\",\"@id\":\"https:\/\/www.carideal.com\/blog\/#organization\",\"name\":\"Carideal\",\"url\":\"https:\/\/www.carideal.com\/blog\/\",\"logo\":{\"@type\":\"ImageObject\",\"inLanguage\":\"fr-FR\",\"@id\":\"https:\/\/www.carideal.com\/blog\/#\/schema\/logo\/image\/\",\"url\":\"http:\/\/www.carideal.com\/blog\/wp-content\/uploads\/2016\/03\/logo-carideal-mandataire-automobile.png\",\"contentUrl\":\"http:\/\/www.carideal.com\/blog\/wp-content\/uploads\/2016\/03\/logo-carideal-mandataire-automobile.png\",\"width\":300,\"height\":300,\"caption\":\"Carideal\"},\"image\":{\"@id\":\"https:\/\/www.carideal.com\/blog\/#\/schema\/logo\/image\/\"},\"sameAs\":[\"https:\/\/www.facebook.com\/Carideal.mandataire.automobile\",\"https:\/\/x.com\/caridealauto\",\"https:\/\/www.instagram.com\/carideal1\/\",\"https:\/\/www.linkedin.com\/company\/carideal.com\",\"https:\/\/fr.pinterest.com\/schiavonsas\/\",\"https:\/\/www.youtube.com\/user\/caridealsas\"]},{\"@type\":\"Person\",\"@id\":\"https:\/\/www.carideal.com\/blog\/#\/schema\/person\/985c7e757d1042d647f21bfaf8d41ebc\",\"name\":\"N.S Carideal\",\"image\":{\"@type\":\"ImageObject\",\"inLanguage\":\"fr-FR\",\"@id\":\"https:\/\/www.carideal.com\/blog\/#\/schema\/person\/image\/\",\"url\":\"https:\/\/secure.gravatar.com\/avatar\/edb7ccdf1a4e3d14aef967760d354d0e?s=96&r=g\",\"contentUrl\":\"https:\/\/secure.gravatar.com\/avatar\/edb7ccdf1a4e3d14aef967760d354d0e?s=96&r=g\",\"caption\":\"N.S Carideal\"},\"description\":\"Depuis tout petit fan d'automobile. Il est question d'essayer et de comparer toutes ces voitures qui nous ont fait r\u00e9ver, avant que celles-ci ne devient uniquement des voitures de collection.\",\"sameAs\":[\"http:\/\/www.carideal.com\/blog\",\"https:\/\/www.facebook.com\/Carideal.mandataire.automobile\/\",\"https:\/\/www.linkedin.com\/in\/nschiavon\/\",\"https:\/\/www.youtube.com\/user\/caridealsas\/\"],\"url\":\"https:\/\/www.carideal.com\/blog\/author\/admin_carideal\/\"}]}<\/script>\n<!-- \/ Yoast SEO plugin. -->","yoast_head_json":{"title":"La consommation de carburants a baiss\u00e9 cet \u00e9t\u00e9 - Blog auto Carid\u00e9al","robots":{"index":"index","follow":"follow","max-snippet":"max-snippet:-1","max-image-preview":"max-image-preview:large","max-video-preview":"max-video-preview:-1"},"canonical":"https:\/\/www.carideal.com\/blog\/2008\/09\/26\/la-consommation-de-carburants-a-baisse-cet-ete-2\/","og_locale":"fr_FR","og_type":"article","og_title":"La consommation de carburants a baiss\u00e9 cet \u00e9t\u00e9 - Blog auto Carid\u00e9al","og_description":"Moins 12.3% de consommation des carburants en ao\u00fbt un record&nbsp;! Les Fran\u00e7ais ont consomm\u00e9 nettement moins de carburant cet \u00e9t\u00e9 en vacance. La flamb\u00e9e des cours du p\u00e9trole et la baisse du pouvoir d'achat semble avoir entra\u00een\u00e9 une diminution de 12.3% de la consommation de carburant en ao\u00fbt. Jean-Louis Schilansky, pr\u00e9sident de l'Union fran\u00e7aise des ... Lire plus","og_url":"https:\/\/www.carideal.com\/blog\/2008\/09\/26\/la-consommation-de-carburants-a-baisse-cet-ete-2\/","og_site_name":"Blog auto Carid\u00e9al","article_publisher":"https:\/\/www.facebook.com\/Carideal.mandataire.automobile","article_author":"https:\/\/www.facebook.com\/Carideal.mandataire.automobile\/","article_published_time":"2008-09-26T08:33:48+00:00","og_image":[{"width":300,"height":300,"url":"https:\/\/www.carideal.com\/blog\/wp-content\/uploads\/2016\/03\/logo-carideal-mandataire-automobile.png","type":"image\/png"}],"author":"N.S Carideal","twitter_card":"summary_large_image","twitter_creator":"@caridealauto","twitter_site":"@caridealauto","twitter_misc":{"\u00c9crit par":"N.S Carideal","Dur\u00e9e de lecture estim\u00e9e":"1 minute"},"schema":{"@context":"https:\/\/schema.org","@graph":[{"@type":"Article","@id":"https:\/\/www.carideal.com\/blog\/2008\/09\/26\/la-consommation-de-carburants-a-baisse-cet-ete-2\/#article","isPartOf":{"@id":"https:\/\/www.carideal.com\/blog\/2008\/09\/26\/la-consommation-de-carburants-a-baisse-cet-ete-2\/"},"author":{"name":"N.S Carideal","@id":"https:\/\/www.carideal.com\/blog\/#\/schema\/person\/985c7e757d1042d647f21bfaf8d41ebc"},"headline":"La consommation de carburants a baiss\u00e9 cet \u00e9t\u00e9","datePublished":"2008-09-26T08:33:48+00:00","mainEntityOfPage":{"@id":"https:\/\/www.carideal.com\/blog\/2008\/09\/26\/la-consommation-de-carburants-a-baisse-cet-ete-2\/"},"wordCount":186,"commentCount":0,"publisher":{"@id":"https:\/\/www.carideal.com\/blog\/#organization"},"articleSection":["Prix des carburants"],"inLanguage":"fr-FR","potentialAction":[{"@type":"CommentAction","name":"Comment","target":["https:\/\/www.carideal.com\/blog\/2008\/09\/26\/la-consommation-de-carburants-a-baisse-cet-ete-2\/#respond"]}]},{"@type":"WebPage","@id":"https:\/\/www.carideal.com\/blog\/2008\/09\/26\/la-consommation-de-carburants-a-baisse-cet-ete-2\/","url":"https:\/\/www.carideal.com\/blog\/2008\/09\/26\/la-consommation-de-carburants-a-baisse-cet-ete-2\/","name":"La consommation de carburants a baiss\u00e9 cet \u00e9t\u00e9 - Blog auto Carid\u00e9al","isPartOf":{"@id":"https:\/\/www.carideal.com\/blog\/#website"},"datePublished":"2008-09-26T08:33:48+00:00","breadcrumb":{"@id":"https:\/\/www.carideal.com\/blog\/2008\/09\/26\/la-consommation-de-carburants-a-baisse-cet-ete-2\/#breadcrumb"},"inLanguage":"fr-FR","potentialAction":[{"@type":"ReadAction","target":["https:\/\/www.carideal.com\/blog\/2008\/09\/26\/la-consommation-de-carburants-a-baisse-cet-ete-2\/"]}]},{"@type":"BreadcrumbList","@id":"https:\/\/www.carideal.com\/blog\/2008\/09\/26\/la-consommation-de-carburants-a-baisse-cet-ete-2\/#breadcrumb","itemListElement":[{"@type":"ListItem","position":1,"name":"Blog Carid\u00e9al","item":"https:\/\/www.carideal.com\/blog\/"},{"@type":"ListItem","position":2,"name":"Technologie Automobile","item":"https:\/\/www.carideal.com\/blog\/technologie-2\/"},{"@type":"ListItem","position":3,"name":"Prix des carburants","item":"https:\/\/www.carideal.com\/blog\/technologie-2\/prix-des-carburants\/"},{"@type":"ListItem","position":4,"name":"La consommation de carburants a baiss\u00e9 cet \u00e9t\u00e9"}]},{"@type":"WebSite","@id":"https:\/\/www.carideal.com\/blog\/#website","url":"https:\/\/www.carideal.com\/blog\/","name":"Blog auto Carid\u00e9al","description":"Actualit\u00e9 auto par des passionn\u00e9s","publisher":{"@id":"https:\/\/www.carideal.com\/blog\/#organization"},"potentialAction":[{"@type":"SearchAction","target":{"@type":"EntryPoint","urlTemplate":"https:\/\/www.carideal.com\/blog\/?s={search_term_string}"},"query-input":{"@type":"PropertyValueSpecification","valueRequired":true,"valueName":"search_term_string"}}],"inLanguage":"fr-FR"},{"@type":"Organization","@id":"https:\/\/www.carideal.com\/blog\/#organization","name":"Carideal","url":"https:\/\/www.carideal.com\/blog\/","logo":{"@type":"ImageObject","inLanguage":"fr-FR","@id":"https:\/\/www.carideal.com\/blog\/#\/schema\/logo\/image\/","url":"http:\/\/www.carideal.com\/blog\/wp-content\/uploads\/2016\/03\/logo-carideal-mandataire-automobile.png","contentUrl":"http:\/\/www.carideal.com\/blog\/wp-content\/uploads\/2016\/03\/logo-carideal-mandataire-automobile.png","width":300,"height":300,"caption":"Carideal"},"image":{"@id":"https:\/\/www.carideal.com\/blog\/#\/schema\/logo\/image\/"},"sameAs":["https:\/\/www.facebook.com\/Carideal.mandataire.automobile","https:\/\/x.com\/caridealauto","https:\/\/www.instagram.com\/carideal1\/","https:\/\/www.linkedin.com\/company\/carideal.com","https:\/\/fr.pinterest.com\/schiavonsas\/","https:\/\/www.youtube.com\/user\/caridealsas"]},{"@type":"Person","@id":"https:\/\/www.carideal.com\/blog\/#\/schema\/person\/985c7e757d1042d647f21bfaf8d41ebc","name":"N.S Carideal","image":{"@type":"ImageObject","inLanguage":"fr-FR","@id":"https:\/\/www.carideal.com\/blog\/#\/schema\/person\/image\/","url":"https:\/\/secure.gravatar.com\/avatar\/edb7ccdf1a4e3d14aef967760d354d0e?s=96&r=g","contentUrl":"https:\/\/secure.gravatar.com\/avatar\/edb7ccdf1a4e3d14aef967760d354d0e?s=96&r=g","caption":"N.S Carideal"},"description":"Depuis tout petit fan d'automobile. Il est question d'essayer et de comparer toutes ces voitures qui nous ont fait r\u00e9ver, avant que celles-ci ne devient uniquement des voitures de collection.","sameAs":["http:\/\/www.carideal.com\/blog","https:\/\/www.facebook.com\/Carideal.mandataire.automobile\/","https:\/\/www.linkedin.com\/in\/nschiavon\/","https:\/\/www.youtube.com\/user\/caridealsas\/"],"url":"https:\/\/www.carideal.com\/blog\/author\/admin_carideal\/"}]}},"uagb_featured_image_src":{"full":false,"thumbnail":false,"medium":false,"medium_large":false,"large":false,"1536x1536":false,"2048x2048":false,"wppr-widget":false},"uagb_author_info":{"display_name":"N.S Carideal","author_link":"https:\/\/www.carideal.com\/blog\/author\/admin_carideal\/"},"uagb_comment_info":0,"uagb_excerpt":"Moins 12.3% de consommation des carburants en ao\u00fbt un record&nbsp;! Les Fran\u00e7ais ont consomm\u00e9 nettement moins de carburant cet \u00e9t\u00e9 en vacance. La flamb\u00e9e des cours du p\u00e9trole et la baisse du pouvoir d'achat semble avoir entra\u00een\u00e9 une diminution de 12.3% de la consommation de carburant en ao\u00fbt. Jean-Louis Schilansky, pr\u00e9sident de l'Union fran\u00e7aise des\u2026","_links":{"self":[{"href":"https:\/\/www.carideal.com\/blog\/wp-json\/wp\/v2\/posts\/1578"}],"collection":[{"href":"https:\/\/www.carideal.com\/blog\/wp-json\/wp\/v2\/posts"}],"about":[{"href":"https:\/\/www.carideal.com\/blog\/wp-json\/wp\/v2\/types\/post"}],"author":[{"embeddable":true,"href":"https:\/\/www.carideal.com\/blog\/wp-json\/wp\/v2\/users\/1"}],"replies":[{"embeddable":true,"href":"https:\/\/www.carideal.com\/blog\/wp-json\/wp\/v2\/comments?post=1578"}],"version-history":[{"count":0,"href":"https:\/\/www.carideal.com\/blog\/wp-json\/wp\/v2\/posts\/1578\/revisions"}],"wp:attachment":[{"href":"https:\/\/www.carideal.com\/blog\/wp-json\/wp\/v2\/media?parent=1578"}],"wp:term":[{"taxonomy":"category","embeddable":true,"href":"https:\/\/www.carideal.com\/blog\/wp-json\/wp\/v2\/categories?post=1578"},{"taxonomy":"post_tag","embeddable":true,"href":"https:\/\/www.carideal.com\/blog\/wp-json\/wp\/v2\/tags?post=1578"}],"curies":[{"name":"wp","href":"https:\/\/api.w.org\/{rel}","templated":true}]}}