{"id":15773,"date":"2015-11-16T13:14:59","date_gmt":"2015-11-16T12:14:59","guid":{"rendered":"http:\/\/www.carideal.com\/blog\/?p=15773"},"modified":"2020-04-06T08:21:38","modified_gmt":"2020-04-06T06:21:38","slug":"raid-citroen-2-cv-paris-persepolis-paris","status":"publish","type":"post","link":"https:\/\/www.carideal.com\/blog\/2015\/11\/16\/raid-citroen-2-cv-paris-persepolis-paris\/","title":{"rendered":"Raid Citroen 2 CV Paris Persepolis Paris"},"content":{"rendered":"\n<h2 class=\"wp-block-heading\">Raid Citroen 2 CV Paris Persepolis Paris<\/h2>\n\n\n\n<p><strong>DIX JOURS APR\u00c8S L'ANNONCE DE LA TENUE DE CE NOUVEAU RAID CITROEN 2CV PARIS PERSEPOLIS PARIS, RELAY\u00c9E PAR RTL, PR\u00c8S DE 4 000 CANDIDATURES S'ENTASSENT D\u00c9J\u00c0 AU SI\u00c8GE DE CITRO\u00cbN.<\/strong><\/p>\n\n\n\n<figure class=\"wp-block-image size-large\"><img loading=\"lazy\" decoding=\"async\" width=\"600\" height=\"508\" src=\"http:\/\/www.carideal.com\/blog\/wp-content\/uploads\/2017\/03\/1971-Raid-Paris-Persepolis-Paris-1-e1586154009420.jpg\" alt=\"Raid Paris Persepolis Paris 1971\" class=\"wp-image-15774\"\/><figcaption>Raid Paris Persepolis Paris 1971<\/figcaption><\/figure>\n\n\n\n<p>Un an apr\u00e8s le succ\u00e8s du <strong>Paris-Kaboul<\/strong>, Jacques Wolgensinger d\u00e9cide de renouveler l'exp\u00e9rience, cette fois-ci en prenant la direction de l'Iran. Mille trois cents participants, embarqu\u00e9s sur quatre cent soixante-sept \u00ab deux pattes \u00bb et d\u00e9riv\u00e9es, se lancent dans l'aventure. En tout, treize mille cinq cents kilom\u00e8tres de route et de pistes traversant la France, l'Italie, l'ex-Yougoslavie, la Gr\u00e8ce, la Turquie, le Kurdistan et enfin l'Iran.<\/p>\n\n\n\n<p>Le 31 juillet 1971, les concurrents du Raid Citro\u00ebn 2 CV Paris Persepolis Paris quittent les halles de Rungis pour l'autoroute A6, direction le tunnel du Mont-Blanc en <a href=\"http:\/\/www.carideal.com\/blog\/voitures-occasions\/voitures-occasions-haute-savoie\/\">Haute-Savoie<\/a>. Le- tout sous les yeux de vacanciers surpris par ce cort\u00e8ge de voitures \u00e0 la d\u00e9coration parfois farfelue. Le p\u00e9riple se d\u00e9roule normalement jusqu'en Turquie, o\u00f9 les v\u00e9hicules sont r\u00e9guli\u00e8rement la cible de galopins, dont le jeu pr\u00e9f\u00e9r\u00e9 est de jeter des pierres sur les phares et les pare-brise.<\/p>\n\n\n\n<h2 class=\"wp-block-heading\">M\u00e9canique au Top pour le raid Citroen 2 CV Paris Persepolis Paris<\/h2>\n\n\n\n<p>C\u00f4t\u00e9 m\u00e9canique, tout se passe heureusement pour le mieux. Le t\u00e9moignage de ce concurrent restitu\u00e9 bien plus tard par ladepeche.fr est plus qu'\u00e9loquent sur la fiabilit\u00e9 de la fameuse \u00ab Deudeuche \u00bb : \u00ab Ce p\u00e9riple a dur\u00e9 trente et un jours, et nous n'avons pas eu une seule panne, sinon une crevaison, sur une route asphalt\u00e9e \u00e0 dix kilom\u00e8tres de T\u00e9h\u00e9ran ! \u00bb. Le 30 ao\u00fbt, quatre cent dix <a href=\"http:\/\/www.carideal.com\/blog\/2020\/04\/02\/citroen-2-cv-fera-le-bonheur-de-plusieurs-generations-de-conducteur-aventuriers\/\">2 CV<\/a>, <a href=\"http:\/\/www.carideal.com\/blog\/2020\/04\/06\/dyane-1967-et-mehari-1968\/\">Dyane<\/a> et <a href=\"http:\/\/www.carideal.com\/blog\/2020\/04\/06\/dyane-1967-et-mehari-1968\/\">M\u00e9hari<\/a> sont de retour dans les temps \u00e0 Rungis. Fort de cette r\u00e9ussite, et pour prolonger l'esprit de ce type de raid, Jacques Wolgensinger envisage une nouvelle forme de comp\u00e9tition pour <a href=\"http:\/\/www.carideal.com\/blog\/marque-de-voiture-actualites-essais\/citroen\/\">Citroen<\/a>. Un an plus tard, le premier 2 CV Cross voit ainsi le jour \u00e0 Argenton-sur-Creuse.<\/p>\n\n\n\n<h2 class=\"wp-block-heading\">Les caract\u00e9ristiques du Raid Citroen 2 CV Paris Persepolis Paris<\/h2>\n\n\n\n<p><strong>D\u00e9part :<\/strong> Paris (halles de Rungis)<br><strong>Arriv\u00e9e :<\/strong> Pers\u00e9polis, et retour \u00e0 Paris (haltes de Rungis)<br><strong>Villes travers\u00e9es :<\/strong> Milan, Split, Istanbul, Ankara, Hamadan.<br><strong>Distance<\/strong> 13 500 km<br><strong>Dur\u00e9e :<\/strong> 31 juillet au 30 ao\u00fbt 1971<\/p>\n\n\n\n<p>Quelques coups de pompe pour les concurrents et leurs voitures, mais rien de grave \u00e0 signaler sur ce p\u00e9riple de pr\u00e8s de 1 3 500 kilom\u00e8tres.<\/p>\n\n\n\n<p>1 300 jeunes ont pris la route \u00e0 travers l'Italie, l'ex-Yougoslavie, la Gr\u00e8ce, la Turquie, le Kurdistan et l'Iran.<\/p>\n","protected":false},"excerpt":{"rendered":"<p>Raid Citroen 2 CV Paris Persepolis Paris DIX JOURS APR\u00c8S L&rsquo;ANNONCE DE LA TENUE DE CE NOUVEAU RAID CITROEN 2CV PARIS PERSEPOLIS PARIS, RELAY\u00c9E PAR RTL, PR\u00c8S DE 4 000 CANDIDATURES S&rsquo;ENTASSENT D\u00c9J\u00c0 AU SI\u00c8GE DE CITRO\u00cbN. Un an apr\u00e8s le succ\u00e8s du Paris-Kaboul, Jacques Wolgensinger d\u00e9cide de renouveler l&rsquo;exp\u00e9rience, cette fois-ci en prenant la &#8230; <a title=\"Raid Citroen 2 CV Paris Persepolis Paris\" class=\"read-more\" href=\"https:\/\/www.carideal.com\/blog\/2015\/11\/16\/raid-citroen-2-cv-paris-persepolis-paris\/\" aria-label=\"En savoir plus sur Raid Citroen 2 CV Paris Persepolis Paris\">Lire plus<\/a><\/p>\n","protected":false},"author":3,"featured_media":15774,"comment_status":"open","ping_status":"open","sticky":false,"template":"","format":"standard","meta":{"_uag_custom_page_level_css":"","_themeisle_gutenberg_block_has_review":false,"footnotes":""},"categories":[5,5944],"tags":[],"class_list":["post-15773","post","type-post","status-publish","format-standard","has-post-thumbnail","hentry","category-citroen","category-constructeur"],"wppr_data":{"cwp_meta_box_check":"No"},"yoast_head":"<!-- This site is optimized with the Yoast SEO plugin v24.8.1 - https:\/\/yoast.com\/wordpress\/plugins\/seo\/ -->\n<title>Raid Citroen 2 CV Paris Persepolis Paris - Blog auto Carid\u00e9al<\/title>\n<meta name=\"description\" content=\"4000 Candidatures apr\u00e8s l&#039;annonce du Raid Citroen 2 CV Paris Persepolis Paris arrivent au si\u00e8ge de la marque en seulement 10 jours\" \/>\n<meta name=\"robots\" content=\"index, follow, max-snippet:-1, max-image-preview:large, max-video-preview:-1\" \/>\n<link rel=\"canonical\" href=\"https:\/\/www.carideal.com\/blog\/2015\/11\/16\/raid-citroen-2-cv-paris-persepolis-paris\/\" \/>\n<meta property=\"og:locale\" content=\"fr_FR\" \/>\n<meta property=\"og:type\" content=\"article\" \/>\n<meta property=\"og:title\" content=\"Raid Citroen 2 CV Paris Persepolis Paris - Blog auto Carid\u00e9al\" \/>\n<meta property=\"og:description\" content=\"4000 Candidatures apr\u00e8s l&#039;annonce du Raid Citroen 2 CV Paris Persepolis Paris arrivent au si\u00e8ge de la marque en seulement 10 jours\" \/>\n<meta property=\"og:url\" content=\"https:\/\/www.carideal.com\/blog\/2015\/11\/16\/raid-citroen-2-cv-paris-persepolis-paris\/\" \/>\n<meta property=\"og:site_name\" content=\"Blog auto Carid\u00e9al\" \/>\n<meta property=\"article:publisher\" content=\"https:\/\/www.facebook.com\/Carideal.mandataire.automobile\" \/>\n<meta property=\"article:author\" content=\"https:\/\/www.facebook.com\/nicolas.schiavon.39\" \/>\n<meta property=\"article:published_time\" content=\"2015-11-16T12:14:59+00:00\" \/>\n<meta property=\"article:modified_time\" content=\"2020-04-06T06:21:38+00:00\" \/>\n<meta property=\"og:image\" content=\"https:\/\/www.carideal.com\/blog\/wp-content\/uploads\/2017\/03\/1971-Raid-Paris-Persepolis-Paris-1-e1586154009420.jpg\" \/>\n\t<meta property=\"og:image:width\" content=\"600\" \/>\n\t<meta property=\"og:image:height\" content=\"508\" \/>\n\t<meta property=\"og:image:type\" content=\"image\/jpeg\" \/>\n<meta name=\"author\" content=\"Nicolas SCHIAVON\" \/>\n<meta name=\"twitter:card\" content=\"summary_large_image\" \/>\n<meta name=\"twitter:creator\" content=\"@caridealauto\" \/>\n<meta name=\"twitter:site\" content=\"@caridealauto\" \/>\n<meta name=\"twitter:label1\" content=\"\u00c9crit par\" \/>\n\t<meta name=\"twitter:data1\" content=\"Nicolas SCHIAVON\" \/>\n\t<meta name=\"twitter:label2\" content=\"Dur\u00e9e de lecture estim\u00e9e\" \/>\n\t<meta name=\"twitter:data2\" content=\"2 minutes\" \/>\n<script type=\"application\/ld+json\" class=\"yoast-schema-graph\">{\"@context\":\"https:\/\/schema.org\",\"@graph\":[{\"@type\":\"Article\",\"@id\":\"https:\/\/www.carideal.com\/blog\/2015\/11\/16\/raid-citroen-2-cv-paris-persepolis-paris\/#article\",\"isPartOf\":{\"@id\":\"https:\/\/www.carideal.com\/blog\/2015\/11\/16\/raid-citroen-2-cv-paris-persepolis-paris\/\"},\"author\":{\"name\":\"Nicolas SCHIAVON\",\"@id\":\"https:\/\/www.carideal.com\/blog\/#\/schema\/person\/cd95dc7919660de90d31b366f85be1ec\"},\"headline\":\"Raid Citroen 2 CV Paris Persepolis Paris\",\"datePublished\":\"2015-11-16T12:14:59+00:00\",\"dateModified\":\"2020-04-06T06:21:38+00:00\",\"mainEntityOfPage\":{\"@id\":\"https:\/\/www.carideal.com\/blog\/2015\/11\/16\/raid-citroen-2-cv-paris-persepolis-paris\/\"},\"wordCount\":426,\"commentCount\":0,\"publisher\":{\"@id\":\"https:\/\/www.carideal.com\/blog\/#organization\"},\"image\":{\"@id\":\"https:\/\/www.carideal.com\/blog\/2015\/11\/16\/raid-citroen-2-cv-paris-persepolis-paris\/#primaryimage\"},\"thumbnailUrl\":\"https:\/\/www.carideal.com\/blog\/wp-content\/uploads\/2017\/03\/1971-Raid-Paris-Persepolis-Paris-1-e1586154009420.jpg\",\"articleSection\":[\"Actualit\u00e9 Citroen\",\"Actualit\u00e9 Constructeur automobile\"],\"inLanguage\":\"fr-FR\",\"potentialAction\":[{\"@type\":\"CommentAction\",\"name\":\"Comment\",\"target\":[\"https:\/\/www.carideal.com\/blog\/2015\/11\/16\/raid-citroen-2-cv-paris-persepolis-paris\/#respond\"]}]},{\"@type\":\"WebPage\",\"@id\":\"https:\/\/www.carideal.com\/blog\/2015\/11\/16\/raid-citroen-2-cv-paris-persepolis-paris\/\",\"url\":\"https:\/\/www.carideal.com\/blog\/2015\/11\/16\/raid-citroen-2-cv-paris-persepolis-paris\/\",\"name\":\"Raid Citroen 2 CV Paris Persepolis Paris - Blog auto Carid\u00e9al\",\"isPartOf\":{\"@id\":\"https:\/\/www.carideal.com\/blog\/#website\"},\"primaryImageOfPage\":{\"@id\":\"https:\/\/www.carideal.com\/blog\/2015\/11\/16\/raid-citroen-2-cv-paris-persepolis-paris\/#primaryimage\"},\"image\":{\"@id\":\"https:\/\/www.carideal.com\/blog\/2015\/11\/16\/raid-citroen-2-cv-paris-persepolis-paris\/#primaryimage\"},\"thumbnailUrl\":\"https:\/\/www.carideal.com\/blog\/wp-content\/uploads\/2017\/03\/1971-Raid-Paris-Persepolis-Paris-1-e1586154009420.jpg\",\"datePublished\":\"2015-11-16T12:14:59+00:00\",\"dateModified\":\"2020-04-06T06:21:38+00:00\",\"description\":\"4000 Candidatures apr\u00e8s l'annonce du Raid Citroen 2 CV Paris Persepolis Paris arrivent au si\u00e8ge de la marque en seulement 10 jours\",\"breadcrumb\":{\"@id\":\"https:\/\/www.carideal.com\/blog\/2015\/11\/16\/raid-citroen-2-cv-paris-persepolis-paris\/#breadcrumb\"},\"inLanguage\":\"fr-FR\",\"potentialAction\":[{\"@type\":\"ReadAction\",\"target\":[\"https:\/\/www.carideal.com\/blog\/2015\/11\/16\/raid-citroen-2-cv-paris-persepolis-paris\/\"]}]},{\"@type\":\"ImageObject\",\"inLanguage\":\"fr-FR\",\"@id\":\"https:\/\/www.carideal.com\/blog\/2015\/11\/16\/raid-citroen-2-cv-paris-persepolis-paris\/#primaryimage\",\"url\":\"https:\/\/www.carideal.com\/blog\/wp-content\/uploads\/2017\/03\/1971-Raid-Paris-Persepolis-Paris-1-e1586154009420.jpg\",\"contentUrl\":\"https:\/\/www.carideal.com\/blog\/wp-content\/uploads\/2017\/03\/1971-Raid-Paris-Persepolis-Paris-1-e1586154009420.jpg\",\"width\":600,\"height\":508,\"caption\":\"Raid Paris Persepolis Paris 1971\"},{\"@type\":\"BreadcrumbList\",\"@id\":\"https:\/\/www.carideal.com\/blog\/2015\/11\/16\/raid-citroen-2-cv-paris-persepolis-paris\/#breadcrumb\",\"itemListElement\":[{\"@type\":\"ListItem\",\"position\":1,\"name\":\"Blog Carid\u00e9al\",\"item\":\"https:\/\/www.carideal.com\/blog\/\"},{\"@type\":\"ListItem\",\"position\":2,\"name\":\"Actualit\u00e9 constructeur automobile\",\"item\":\"https:\/\/www.carideal.com\/blog\/constructeur\/\"},{\"@type\":\"ListItem\",\"position\":3,\"name\":\"Raid Citroen 2 CV Paris Persepolis Paris\"}]},{\"@type\":\"WebSite\",\"@id\":\"https:\/\/www.carideal.com\/blog\/#website\",\"url\":\"https:\/\/www.carideal.com\/blog\/\",\"name\":\"Blog auto Carid\u00e9al\",\"description\":\"Actualit\u00e9 auto par des passionn\u00e9s\",\"publisher\":{\"@id\":\"https:\/\/www.carideal.com\/blog\/#organization\"},\"potentialAction\":[{\"@type\":\"SearchAction\",\"target\":{\"@type\":\"EntryPoint\",\"urlTemplate\":\"https:\/\/www.carideal.com\/blog\/?s={search_term_string}\"},\"query-input\":{\"@type\":\"PropertyValueSpecification\",\"valueRequired\":true,\"valueName\":\"search_term_string\"}}],\"inLanguage\":\"fr-FR\"},{\"@type\":\"Organization\",\"@id\":\"https:\/\/www.carideal.com\/blog\/#organization\",\"name\":\"Carideal\",\"url\":\"https:\/\/www.carideal.com\/blog\/\",\"logo\":{\"@type\":\"ImageObject\",\"inLanguage\":\"fr-FR\",\"@id\":\"https:\/\/www.carideal.com\/blog\/#\/schema\/logo\/image\/\",\"url\":\"http:\/\/www.carideal.com\/blog\/wp-content\/uploads\/2016\/03\/logo-carideal-mandataire-automobile.png\",\"contentUrl\":\"http:\/\/www.carideal.com\/blog\/wp-content\/uploads\/2016\/03\/logo-carideal-mandataire-automobile.png\",\"width\":300,\"height\":300,\"caption\":\"Carideal\"},\"image\":{\"@id\":\"https:\/\/www.carideal.com\/blog\/#\/schema\/logo\/image\/\"},\"sameAs\":[\"https:\/\/www.facebook.com\/Carideal.mandataire.automobile\",\"https:\/\/x.com\/caridealauto\",\"https:\/\/www.instagram.com\/carideal1\/\",\"https:\/\/www.linkedin.com\/company\/carideal.com\",\"https:\/\/fr.pinterest.com\/schiavonsas\/\",\"https:\/\/www.youtube.com\/user\/caridealsas\"]},{\"@type\":\"Person\",\"@id\":\"https:\/\/www.carideal.com\/blog\/#\/schema\/person\/cd95dc7919660de90d31b366f85be1ec\",\"name\":\"Nicolas SCHIAVON\",\"image\":{\"@type\":\"ImageObject\",\"inLanguage\":\"fr-FR\",\"@id\":\"https:\/\/www.carideal.com\/blog\/#\/schema\/person\/image\/\",\"url\":\"https:\/\/secure.gravatar.com\/avatar\/c17e55009e671d92cc7f5dc837dc418a?s=96&r=g\",\"contentUrl\":\"https:\/\/secure.gravatar.com\/avatar\/c17e55009e671d92cc7f5dc837dc418a?s=96&r=g\",\"caption\":\"Nicolas SCHIAVON\"},\"description\":\"Nicolas Schiavon est tomb\u00e9 tout petit dans la marmite automobile. Ayant eu un garage de marque automobile, mandataire automobile de la premi\u00e8re heure d\u00e8s 1999. Nicolas a cr\u00e9\u00e9 ces premiers sites de vente de voiture et blog automobile d\u00e8s 1994. Carideal est n\u00e9 le 15 d\u00e9cembre 2000 de la volont\u00e9 de vendre des voitures d'occasions en ligne puis des voitures neuves. Il a pu essayer beaucoup de voitures tr\u00e8s diff\u00e9rentes et ayant eu personnellement quelques belles autos, Subaru Impreza, Mitsubishi Lancer Evo 7, Porsche 911, Ferrari Testarrossa, Audi RS3, RS4 et j'en passe...\",\"sameAs\":[\"http:\/\/www.carideal.com\",\"https:\/\/www.facebook.com\/nicolas.schiavon.39\",\"https:\/\/www.instagram.com\/carideal1\/\",\"https:\/\/www.linkedin.com\/in\/nschiavon\/\",\"https:\/\/x.com\/caridealauto\",\"https:\/\/www.youtube.com\/user\/caridealsas\/\"],\"url\":\"https:\/\/www.carideal.com\/blog\/author\/nschiavon\/\"}]}<\/script>\n<!-- \/ Yoast SEO plugin. -->","yoast_head_json":{"title":"Raid Citroen 2 CV Paris Persepolis Paris - Blog auto Carid\u00e9al","description":"4000 Candidatures apr\u00e8s l'annonce du Raid Citroen 2 CV Paris Persepolis Paris arrivent au si\u00e8ge de la marque en seulement 10 jours","robots":{"index":"index","follow":"follow","max-snippet":"max-snippet:-1","max-image-preview":"max-image-preview:large","max-video-preview":"max-video-preview:-1"},"canonical":"https:\/\/www.carideal.com\/blog\/2015\/11\/16\/raid-citroen-2-cv-paris-persepolis-paris\/","og_locale":"fr_FR","og_type":"article","og_title":"Raid Citroen 2 CV Paris Persepolis Paris - Blog auto Carid\u00e9al","og_description":"4000 Candidatures apr\u00e8s l'annonce du Raid Citroen 2 CV Paris Persepolis Paris arrivent au si\u00e8ge de la marque en seulement 10 jours","og_url":"https:\/\/www.carideal.com\/blog\/2015\/11\/16\/raid-citroen-2-cv-paris-persepolis-paris\/","og_site_name":"Blog auto Carid\u00e9al","article_publisher":"https:\/\/www.facebook.com\/Carideal.mandataire.automobile","article_author":"https:\/\/www.facebook.com\/nicolas.schiavon.39","article_published_time":"2015-11-16T12:14:59+00:00","article_modified_time":"2020-04-06T06:21:38+00:00","og_image":[{"width":600,"height":508,"url":"https:\/\/www.carideal.com\/blog\/wp-content\/uploads\/2017\/03\/1971-Raid-Paris-Persepolis-Paris-1-e1586154009420.jpg","type":"image\/jpeg"}],"author":"Nicolas SCHIAVON","twitter_card":"summary_large_image","twitter_creator":"@caridealauto","twitter_site":"@caridealauto","twitter_misc":{"\u00c9crit par":"Nicolas SCHIAVON","Dur\u00e9e de lecture estim\u00e9e":"2 minutes"},"schema":{"@context":"https:\/\/schema.org","@graph":[{"@type":"Article","@id":"https:\/\/www.carideal.com\/blog\/2015\/11\/16\/raid-citroen-2-cv-paris-persepolis-paris\/#article","isPartOf":{"@id":"https:\/\/www.carideal.com\/blog\/2015\/11\/16\/raid-citroen-2-cv-paris-persepolis-paris\/"},"author":{"name":"Nicolas SCHIAVON","@id":"https:\/\/www.carideal.com\/blog\/#\/schema\/person\/cd95dc7919660de90d31b366f85be1ec"},"headline":"Raid Citroen 2 CV Paris Persepolis Paris","datePublished":"2015-11-16T12:14:59+00:00","dateModified":"2020-04-06T06:21:38+00:00","mainEntityOfPage":{"@id":"https:\/\/www.carideal.com\/blog\/2015\/11\/16\/raid-citroen-2-cv-paris-persepolis-paris\/"},"wordCount":426,"commentCount":0,"publisher":{"@id":"https:\/\/www.carideal.com\/blog\/#organization"},"image":{"@id":"https:\/\/www.carideal.com\/blog\/2015\/11\/16\/raid-citroen-2-cv-paris-persepolis-paris\/#primaryimage"},"thumbnailUrl":"https:\/\/www.carideal.com\/blog\/wp-content\/uploads\/2017\/03\/1971-Raid-Paris-Persepolis-Paris-1-e1586154009420.jpg","articleSection":["Actualit\u00e9 Citroen","Actualit\u00e9 Constructeur automobile"],"inLanguage":"fr-FR","potentialAction":[{"@type":"CommentAction","name":"Comment","target":["https:\/\/www.carideal.com\/blog\/2015\/11\/16\/raid-citroen-2-cv-paris-persepolis-paris\/#respond"]}]},{"@type":"WebPage","@id":"https:\/\/www.carideal.com\/blog\/2015\/11\/16\/raid-citroen-2-cv-paris-persepolis-paris\/","url":"https:\/\/www.carideal.com\/blog\/2015\/11\/16\/raid-citroen-2-cv-paris-persepolis-paris\/","name":"Raid Citroen 2 CV Paris Persepolis Paris - Blog auto Carid\u00e9al","isPartOf":{"@id":"https:\/\/www.carideal.com\/blog\/#website"},"primaryImageOfPage":{"@id":"https:\/\/www.carideal.com\/blog\/2015\/11\/16\/raid-citroen-2-cv-paris-persepolis-paris\/#primaryimage"},"image":{"@id":"https:\/\/www.carideal.com\/blog\/2015\/11\/16\/raid-citroen-2-cv-paris-persepolis-paris\/#primaryimage"},"thumbnailUrl":"https:\/\/www.carideal.com\/blog\/wp-content\/uploads\/2017\/03\/1971-Raid-Paris-Persepolis-Paris-1-e1586154009420.jpg","datePublished":"2015-11-16T12:14:59+00:00","dateModified":"2020-04-06T06:21:38+00:00","description":"4000 Candidatures apr\u00e8s l'annonce du Raid Citroen 2 CV Paris Persepolis Paris arrivent au si\u00e8ge de la marque en seulement 10 jours","breadcrumb":{"@id":"https:\/\/www.carideal.com\/blog\/2015\/11\/16\/raid-citroen-2-cv-paris-persepolis-paris\/#breadcrumb"},"inLanguage":"fr-FR","potentialAction":[{"@type":"ReadAction","target":["https:\/\/www.carideal.com\/blog\/2015\/11\/16\/raid-citroen-2-cv-paris-persepolis-paris\/"]}]},{"@type":"ImageObject","inLanguage":"fr-FR","@id":"https:\/\/www.carideal.com\/blog\/2015\/11\/16\/raid-citroen-2-cv-paris-persepolis-paris\/#primaryimage","url":"https:\/\/www.carideal.com\/blog\/wp-content\/uploads\/2017\/03\/1971-Raid-Paris-Persepolis-Paris-1-e1586154009420.jpg","contentUrl":"https:\/\/www.carideal.com\/blog\/wp-content\/uploads\/2017\/03\/1971-Raid-Paris-Persepolis-Paris-1-e1586154009420.jpg","width":600,"height":508,"caption":"Raid Paris Persepolis Paris 1971"},{"@type":"BreadcrumbList","@id":"https:\/\/www.carideal.com\/blog\/2015\/11\/16\/raid-citroen-2-cv-paris-persepolis-paris\/#breadcrumb","itemListElement":[{"@type":"ListItem","position":1,"name":"Blog Carid\u00e9al","item":"https:\/\/www.carideal.com\/blog\/"},{"@type":"ListItem","position":2,"name":"Actualit\u00e9 constructeur automobile","item":"https:\/\/www.carideal.com\/blog\/constructeur\/"},{"@type":"ListItem","position":3,"name":"Raid Citroen 2 CV Paris Persepolis Paris"}]},{"@type":"WebSite","@id":"https:\/\/www.carideal.com\/blog\/#website","url":"https:\/\/www.carideal.com\/blog\/","name":"Blog auto Carid\u00e9al","description":"Actualit\u00e9 auto par des passionn\u00e9s","publisher":{"@id":"https:\/\/www.carideal.com\/blog\/#organization"},"potentialAction":[{"@type":"SearchAction","target":{"@type":"EntryPoint","urlTemplate":"https:\/\/www.carideal.com\/blog\/?s={search_term_string}"},"query-input":{"@type":"PropertyValueSpecification","valueRequired":true,"valueName":"search_term_string"}}],"inLanguage":"fr-FR"},{"@type":"Organization","@id":"https:\/\/www.carideal.com\/blog\/#organization","name":"Carideal","url":"https:\/\/www.carideal.com\/blog\/","logo":{"@type":"ImageObject","inLanguage":"fr-FR","@id":"https:\/\/www.carideal.com\/blog\/#\/schema\/logo\/image\/","url":"http:\/\/www.carideal.com\/blog\/wp-content\/uploads\/2016\/03\/logo-carideal-mandataire-automobile.png","contentUrl":"http:\/\/www.carideal.com\/blog\/wp-content\/uploads\/2016\/03\/logo-carideal-mandataire-automobile.png","width":300,"height":300,"caption":"Carideal"},"image":{"@id":"https:\/\/www.carideal.com\/blog\/#\/schema\/logo\/image\/"},"sameAs":["https:\/\/www.facebook.com\/Carideal.mandataire.automobile","https:\/\/x.com\/caridealauto","https:\/\/www.instagram.com\/carideal1\/","https:\/\/www.linkedin.com\/company\/carideal.com","https:\/\/fr.pinterest.com\/schiavonsas\/","https:\/\/www.youtube.com\/user\/caridealsas"]},{"@type":"Person","@id":"https:\/\/www.carideal.com\/blog\/#\/schema\/person\/cd95dc7919660de90d31b366f85be1ec","name":"Nicolas SCHIAVON","image":{"@type":"ImageObject","inLanguage":"fr-FR","@id":"https:\/\/www.carideal.com\/blog\/#\/schema\/person\/image\/","url":"https:\/\/secure.gravatar.com\/avatar\/c17e55009e671d92cc7f5dc837dc418a?s=96&r=g","contentUrl":"https:\/\/secure.gravatar.com\/avatar\/c17e55009e671d92cc7f5dc837dc418a?s=96&r=g","caption":"Nicolas SCHIAVON"},"description":"Nicolas Schiavon est tomb\u00e9 tout petit dans la marmite automobile. Ayant eu un garage de marque automobile, mandataire automobile de la premi\u00e8re heure d\u00e8s 1999. Nicolas a cr\u00e9\u00e9 ces premiers sites de vente de voiture et blog automobile d\u00e8s 1994. Carideal est n\u00e9 le 15 d\u00e9cembre 2000 de la volont\u00e9 de vendre des voitures d'occasions en ligne puis des voitures neuves. Il a pu essayer beaucoup de voitures tr\u00e8s diff\u00e9rentes et ayant eu personnellement quelques belles autos, Subaru Impreza, Mitsubishi Lancer Evo 7, Porsche 911, Ferrari Testarrossa, Audi RS3, RS4 et j'en passe...","sameAs":["http:\/\/www.carideal.com","https:\/\/www.facebook.com\/nicolas.schiavon.39","https:\/\/www.instagram.com\/carideal1\/","https:\/\/www.linkedin.com\/in\/nschiavon\/","https:\/\/x.com\/caridealauto","https:\/\/www.youtube.com\/user\/caridealsas\/"],"url":"https:\/\/www.carideal.com\/blog\/author\/nschiavon\/"}]}},"uagb_featured_image_src":{"full":["https:\/\/www.carideal.com\/blog\/wp-content\/uploads\/2017\/03\/1971-Raid-Paris-Persepolis-Paris-1-e1586154009420.jpg",600,508,false],"thumbnail":["https:\/\/www.carideal.com\/blog\/wp-content\/uploads\/2017\/03\/1971-Raid-Paris-Persepolis-Paris-1-150x150.jpg",150,150,true],"medium":["https:\/\/www.carideal.com\/blog\/wp-content\/uploads\/2017\/03\/1971-Raid-Paris-Persepolis-Paris-1-300x254.jpg",300,254,true],"medium_large":["https:\/\/www.carideal.com\/blog\/wp-content\/uploads\/2017\/03\/1971-Raid-Paris-Persepolis-Paris-1-768x650.jpg",768,650,true],"large":["https:\/\/www.carideal.com\/blog\/wp-content\/uploads\/2017\/03\/1971-Raid-Paris-Persepolis-Paris-1-e1586154009420.jpg",600,508,false],"1536x1536":["https:\/\/www.carideal.com\/blog\/wp-content\/uploads\/2017\/03\/1971-Raid-Paris-Persepolis-Paris-1-e1586154009420.jpg",600,508,false],"2048x2048":["https:\/\/www.carideal.com\/blog\/wp-content\/uploads\/2017\/03\/1971-Raid-Paris-Persepolis-Paris-1-e1586154009420.jpg",600,508,false],"wppr-widget":["https:\/\/www.carideal.com\/blog\/wp-content\/uploads\/2017\/03\/1971-Raid-Paris-Persepolis-Paris-1-e1586154009420.jpg",50,42,false]},"uagb_author_info":{"display_name":"Nicolas SCHIAVON","author_link":"https:\/\/www.carideal.com\/blog\/author\/nschiavon\/"},"uagb_comment_info":0,"uagb_excerpt":"Raid Citroen 2 CV Paris Persepolis Paris DIX JOURS APR\u00c8S L'ANNONCE DE LA TENUE DE CE NOUVEAU RAID CITROEN 2CV PARIS PERSEPOLIS PARIS, RELAY\u00c9E PAR RTL, PR\u00c8S DE 4 000 CANDIDATURES S'ENTASSENT D\u00c9J\u00c0 AU SI\u00c8GE DE CITRO\u00cbN. Un an apr\u00e8s le succ\u00e8s du Paris-Kaboul, Jacques Wolgensinger d\u00e9cide de renouveler l'exp\u00e9rience, cette fois-ci en prenant la\u2026","_links":{"self":[{"href":"https:\/\/www.carideal.com\/blog\/wp-json\/wp\/v2\/posts\/15773"}],"collection":[{"href":"https:\/\/www.carideal.com\/blog\/wp-json\/wp\/v2\/posts"}],"about":[{"href":"https:\/\/www.carideal.com\/blog\/wp-json\/wp\/v2\/types\/post"}],"author":[{"embeddable":true,"href":"https:\/\/www.carideal.com\/blog\/wp-json\/wp\/v2\/users\/3"}],"replies":[{"embeddable":true,"href":"https:\/\/www.carideal.com\/blog\/wp-json\/wp\/v2\/comments?post=15773"}],"version-history":[{"count":0,"href":"https:\/\/www.carideal.com\/blog\/wp-json\/wp\/v2\/posts\/15773\/revisions"}],"wp:featuredmedia":[{"embeddable":true,"href":"https:\/\/www.carideal.com\/blog\/wp-json\/wp\/v2\/media\/15774"}],"wp:attachment":[{"href":"https:\/\/www.carideal.com\/blog\/wp-json\/wp\/v2\/media?parent=15773"}],"wp:term":[{"taxonomy":"category","embeddable":true,"href":"https:\/\/www.carideal.com\/blog\/wp-json\/wp\/v2\/categories?post=15773"},{"taxonomy":"post_tag","embeddable":true,"href":"https:\/\/www.carideal.com\/blog\/wp-json\/wp\/v2\/tags?post=15773"}],"curies":[{"name":"wp","href":"https:\/\/api.w.org\/{rel}","templated":true}]}}