{"id":1577,"date":"2008-08-23T22:38:24","date_gmt":"2008-08-23T22:38:24","guid":{"rendered":"http:\/\/carideal.com\/blog\/?p=1577"},"modified":"2015-12-12T16:49:59","modified_gmt":"2015-12-12T15:49:59","slug":"les-francais-prennent-de-moins-en-moins-leur-voiture-deux-enquettes-denotent-une-tendance-2","status":"publish","type":"post","link":"https:\/\/www.carideal.com\/blog\/2008\/08\/23\/les-francais-prennent-de-moins-en-moins-leur-voiture-deux-enquettes-denotent-une-tendance-2\/","title":{"rendered":"Baisse de la circulation routi\u00e8re"},"content":{"rendered":"<h1>Les Fran\u00e7ais prennent de moins en moins leur voiture, deux enqu\u00eates d\u00e9notent une tendance.<\/h1>\n<p>La hausse du prix des carburants et la morosit\u00e9 ambiante a sans doute entra\u00een\u00e9 une diminution de l'utilisation de l'automobile en France. Certains experts notent que cette baisse de la circulation routi\u00e8re\u00a0devrait durer dans le temps, d'autant plus que l'offre de transports collectifs augmentent tout les jours.<\/p>\n<h2>Baisse de la circulation routi\u00e8re<\/h2>\n<p>Plusieurs chiffres r\u00e9cents attestent de la r\u00e9duction de la place de la voiture, comme la baisse de 4% en juillet du trafic sur les autoroutes ou la chute de 10% en juin de la consommation des carburants.<\/p>\n<p>Le secteur de la r\u00e9paration automobile tire les m\u00eames conclusions\u00a0: \"les vancances sont une p\u00e9riode propice aux d\u00e9pannage remorquage elle est importante normalement\", mais elle rencontre une baisse d'activit\u00e9 assez sensible\", indique Raymond Vi\u00e9, pr\u00e9sident du conseil des r\u00e9gions du Conseil national des professions de l'automobile (CNPA). Ce qui peut s'expliquer, selon lui, par une circulation moindre.<\/p>\n<p>Mais le ph\u00e9nom\u00e8ne a d\u00e9but\u00e9 depuis plus longtemps avec une baisse de la circulation routi\u00e8re\u00a0d\u00e8s 2005 avec -1,4% - une premi\u00e8re depuis le premier choc p\u00e9trolier en 1974 et qui s'est poursuivie en 2006 avec -0,6%. <img decoding=\"async\" src=\"\/blog\/images\/trafic-routier-automobile_carideal.jpg\" alt=\"\" \/><\/p>\n","protected":false},"excerpt":{"rendered":"<p>Les Fran\u00e7ais prennent de moins en moins leur voiture, deux enqu\u00eates d\u00e9notent une tendance. La hausse du prix des carburants et la morosit\u00e9 ambiante a sans doute entra\u00een\u00e9 une diminution de l&rsquo;utilisation de l&rsquo;automobile en France. Certains experts notent que cette baisse de la circulation routi\u00e8re\u00a0devrait durer dans le temps, d&rsquo;autant plus que l&rsquo;offre de &#8230; <a title=\"Baisse de la circulation routi\u00e8re\" class=\"read-more\" href=\"https:\/\/www.carideal.com\/blog\/2008\/08\/23\/les-francais-prennent-de-moins-en-moins-leur-voiture-deux-enquettes-denotent-une-tendance-2\/\" aria-label=\"En savoir plus sur Baisse de la circulation routi\u00e8re\">Lire plus<\/a><\/p>\n","protected":false},"author":1,"featured_media":0,"comment_status":"open","ping_status":"open","sticky":false,"template":"","format":"standard","meta":{"_uag_custom_page_level_css":"","_themeisle_gutenberg_block_has_review":false,"footnotes":""},"categories":[14],"tags":[],"class_list":["post-1577","post","type-post","status-publish","format-standard","hentry","category-prix-des-carburants"],"wppr_data":[],"yoast_head":"<!-- This site is optimized with the Yoast SEO plugin v24.8.1 - https:\/\/yoast.com\/wordpress\/plugins\/seo\/ -->\n<title>Baisse de la circulation routi\u00e8re - Blog auto Carid\u00e9al<\/title>\n<meta name=\"robots\" content=\"index, follow, max-snippet:-1, max-image-preview:large, max-video-preview:-1\" \/>\n<link rel=\"canonical\" href=\"https:\/\/www.carideal.com\/blog\/2008\/08\/23\/les-francais-prennent-de-moins-en-moins-leur-voiture-deux-enquettes-denotent-une-tendance-2\/\" \/>\n<meta property=\"og:locale\" content=\"fr_FR\" \/>\n<meta property=\"og:type\" content=\"article\" \/>\n<meta property=\"og:title\" content=\"Baisse de la circulation routi\u00e8re - Blog auto Carid\u00e9al\" \/>\n<meta property=\"og:description\" content=\"Les Fran\u00e7ais prennent de moins en moins leur voiture, deux enqu\u00eates d\u00e9notent une tendance. La hausse du prix des carburants et la morosit\u00e9 ambiante a sans doute entra\u00een\u00e9 une diminution de l&#039;utilisation de l&#039;automobile en France. Certains experts notent que cette baisse de la circulation routi\u00e8re\u00a0devrait durer dans le temps, d&#039;autant plus que l&#039;offre de ... Lire plus\" \/>\n<meta property=\"og:url\" content=\"https:\/\/www.carideal.com\/blog\/2008\/08\/23\/les-francais-prennent-de-moins-en-moins-leur-voiture-deux-enquettes-denotent-une-tendance-2\/\" \/>\n<meta property=\"og:site_name\" content=\"Blog auto Carid\u00e9al\" \/>\n<meta property=\"article:publisher\" content=\"https:\/\/www.facebook.com\/Carideal.mandataire.automobile\" \/>\n<meta property=\"article:author\" content=\"https:\/\/www.facebook.com\/Carideal.mandataire.automobile\/\" \/>\n<meta property=\"article:published_time\" content=\"2008-08-23T22:38:24+00:00\" \/>\n<meta property=\"article:modified_time\" content=\"2015-12-12T15:49:59+00:00\" \/>\n<meta property=\"og:image\" content=\"https:\/\/www.carideal.com\/blog\/wp-content\/uploads\/2016\/03\/logo-carideal-mandataire-automobile.png\" \/>\n\t<meta property=\"og:image:width\" content=\"300\" \/>\n\t<meta property=\"og:image:height\" content=\"300\" \/>\n\t<meta property=\"og:image:type\" content=\"image\/png\" \/>\n<meta name=\"author\" content=\"N.S Carideal\" \/>\n<meta name=\"twitter:card\" content=\"summary_large_image\" \/>\n<meta name=\"twitter:creator\" content=\"@caridealauto\" \/>\n<meta name=\"twitter:site\" content=\"@caridealauto\" \/>\n<meta name=\"twitter:label1\" content=\"\u00c9crit par\" \/>\n\t<meta name=\"twitter:data1\" content=\"N.S Carideal\" \/>\n\t<meta name=\"twitter:label2\" content=\"Dur\u00e9e de lecture estim\u00e9e\" \/>\n\t<meta name=\"twitter:data2\" content=\"1 minute\" \/>\n<script type=\"application\/ld+json\" class=\"yoast-schema-graph\">{\"@context\":\"https:\/\/schema.org\",\"@graph\":[{\"@type\":\"Article\",\"@id\":\"https:\/\/www.carideal.com\/blog\/2008\/08\/23\/les-francais-prennent-de-moins-en-moins-leur-voiture-deux-enquettes-denotent-une-tendance-2\/#article\",\"isPartOf\":{\"@id\":\"https:\/\/www.carideal.com\/blog\/2008\/08\/23\/les-francais-prennent-de-moins-en-moins-leur-voiture-deux-enquettes-denotent-une-tendance-2\/\"},\"author\":{\"name\":\"N.S Carideal\",\"@id\":\"https:\/\/www.carideal.com\/blog\/#\/schema\/person\/985c7e757d1042d647f21bfaf8d41ebc\"},\"headline\":\"Baisse de la circulation routi\u00e8re\",\"datePublished\":\"2008-08-23T22:38:24+00:00\",\"dateModified\":\"2015-12-12T15:49:59+00:00\",\"mainEntityOfPage\":{\"@id\":\"https:\/\/www.carideal.com\/blog\/2008\/08\/23\/les-francais-prennent-de-moins-en-moins-leur-voiture-deux-enquettes-denotent-une-tendance-2\/\"},\"wordCount\":220,\"commentCount\":2,\"publisher\":{\"@id\":\"https:\/\/www.carideal.com\/blog\/#organization\"},\"articleSection\":[\"Prix des carburants\"],\"inLanguage\":\"fr-FR\",\"potentialAction\":[{\"@type\":\"CommentAction\",\"name\":\"Comment\",\"target\":[\"https:\/\/www.carideal.com\/blog\/2008\/08\/23\/les-francais-prennent-de-moins-en-moins-leur-voiture-deux-enquettes-denotent-une-tendance-2\/#respond\"]}]},{\"@type\":\"WebPage\",\"@id\":\"https:\/\/www.carideal.com\/blog\/2008\/08\/23\/les-francais-prennent-de-moins-en-moins-leur-voiture-deux-enquettes-denotent-une-tendance-2\/\",\"url\":\"https:\/\/www.carideal.com\/blog\/2008\/08\/23\/les-francais-prennent-de-moins-en-moins-leur-voiture-deux-enquettes-denotent-une-tendance-2\/\",\"name\":\"Baisse de la circulation routi\u00e8re - Blog auto Carid\u00e9al\",\"isPartOf\":{\"@id\":\"https:\/\/www.carideal.com\/blog\/#website\"},\"datePublished\":\"2008-08-23T22:38:24+00:00\",\"dateModified\":\"2015-12-12T15:49:59+00:00\",\"breadcrumb\":{\"@id\":\"https:\/\/www.carideal.com\/blog\/2008\/08\/23\/les-francais-prennent-de-moins-en-moins-leur-voiture-deux-enquettes-denotent-une-tendance-2\/#breadcrumb\"},\"inLanguage\":\"fr-FR\",\"potentialAction\":[{\"@type\":\"ReadAction\",\"target\":[\"https:\/\/www.carideal.com\/blog\/2008\/08\/23\/les-francais-prennent-de-moins-en-moins-leur-voiture-deux-enquettes-denotent-une-tendance-2\/\"]}]},{\"@type\":\"BreadcrumbList\",\"@id\":\"https:\/\/www.carideal.com\/blog\/2008\/08\/23\/les-francais-prennent-de-moins-en-moins-leur-voiture-deux-enquettes-denotent-une-tendance-2\/#breadcrumb\",\"itemListElement\":[{\"@type\":\"ListItem\",\"position\":1,\"name\":\"Blog Carid\u00e9al\",\"item\":\"https:\/\/www.carideal.com\/blog\/\"},{\"@type\":\"ListItem\",\"position\":2,\"name\":\"Technologie Automobile\",\"item\":\"https:\/\/www.carideal.com\/blog\/technologie-2\/\"},{\"@type\":\"ListItem\",\"position\":3,\"name\":\"Prix des carburants\",\"item\":\"https:\/\/www.carideal.com\/blog\/technologie-2\/prix-des-carburants\/\"},{\"@type\":\"ListItem\",\"position\":4,\"name\":\"Baisse de la circulation routi\u00e8re\"}]},{\"@type\":\"WebSite\",\"@id\":\"https:\/\/www.carideal.com\/blog\/#website\",\"url\":\"https:\/\/www.carideal.com\/blog\/\",\"name\":\"Blog auto Carid\u00e9al\",\"description\":\"Actualit\u00e9 auto par des passionn\u00e9s\",\"publisher\":{\"@id\":\"https:\/\/www.carideal.com\/blog\/#organization\"},\"potentialAction\":[{\"@type\":\"SearchAction\",\"target\":{\"@type\":\"EntryPoint\",\"urlTemplate\":\"https:\/\/www.carideal.com\/blog\/?s={search_term_string}\"},\"query-input\":{\"@type\":\"PropertyValueSpecification\",\"valueRequired\":true,\"valueName\":\"search_term_string\"}}],\"inLanguage\":\"fr-FR\"},{\"@type\":\"Organization\",\"@id\":\"https:\/\/www.carideal.com\/blog\/#organization\",\"name\":\"Carideal\",\"url\":\"https:\/\/www.carideal.com\/blog\/\",\"logo\":{\"@type\":\"ImageObject\",\"inLanguage\":\"fr-FR\",\"@id\":\"https:\/\/www.carideal.com\/blog\/#\/schema\/logo\/image\/\",\"url\":\"http:\/\/www.carideal.com\/blog\/wp-content\/uploads\/2016\/03\/logo-carideal-mandataire-automobile.png\",\"contentUrl\":\"http:\/\/www.carideal.com\/blog\/wp-content\/uploads\/2016\/03\/logo-carideal-mandataire-automobile.png\",\"width\":300,\"height\":300,\"caption\":\"Carideal\"},\"image\":{\"@id\":\"https:\/\/www.carideal.com\/blog\/#\/schema\/logo\/image\/\"},\"sameAs\":[\"https:\/\/www.facebook.com\/Carideal.mandataire.automobile\",\"https:\/\/x.com\/caridealauto\",\"https:\/\/www.instagram.com\/carideal1\/\",\"https:\/\/www.linkedin.com\/company\/carideal.com\",\"https:\/\/fr.pinterest.com\/schiavonsas\/\",\"https:\/\/www.youtube.com\/user\/caridealsas\"]},{\"@type\":\"Person\",\"@id\":\"https:\/\/www.carideal.com\/blog\/#\/schema\/person\/985c7e757d1042d647f21bfaf8d41ebc\",\"name\":\"N.S Carideal\",\"image\":{\"@type\":\"ImageObject\",\"inLanguage\":\"fr-FR\",\"@id\":\"https:\/\/www.carideal.com\/blog\/#\/schema\/person\/image\/\",\"url\":\"https:\/\/secure.gravatar.com\/avatar\/edb7ccdf1a4e3d14aef967760d354d0e?s=96&r=g\",\"contentUrl\":\"https:\/\/secure.gravatar.com\/avatar\/edb7ccdf1a4e3d14aef967760d354d0e?s=96&r=g\",\"caption\":\"N.S Carideal\"},\"description\":\"Depuis tout petit fan d'automobile. Il est question d'essayer et de comparer toutes ces voitures qui nous ont fait r\u00e9ver, avant que celles-ci ne devient uniquement des voitures de collection.\",\"sameAs\":[\"http:\/\/www.carideal.com\/blog\",\"https:\/\/www.facebook.com\/Carideal.mandataire.automobile\/\",\"https:\/\/www.linkedin.com\/in\/nschiavon\/\",\"https:\/\/www.youtube.com\/user\/caridealsas\/\"],\"url\":\"https:\/\/www.carideal.com\/blog\/author\/admin_carideal\/\"}]}<\/script>\n<!-- \/ Yoast SEO plugin. -->","yoast_head_json":{"title":"Baisse de la circulation routi\u00e8re - Blog auto Carid\u00e9al","robots":{"index":"index","follow":"follow","max-snippet":"max-snippet:-1","max-image-preview":"max-image-preview:large","max-video-preview":"max-video-preview:-1"},"canonical":"https:\/\/www.carideal.com\/blog\/2008\/08\/23\/les-francais-prennent-de-moins-en-moins-leur-voiture-deux-enquettes-denotent-une-tendance-2\/","og_locale":"fr_FR","og_type":"article","og_title":"Baisse de la circulation routi\u00e8re - Blog auto Carid\u00e9al","og_description":"Les Fran\u00e7ais prennent de moins en moins leur voiture, deux enqu\u00eates d\u00e9notent une tendance. La hausse du prix des carburants et la morosit\u00e9 ambiante a sans doute entra\u00een\u00e9 une diminution de l'utilisation de l'automobile en France. Certains experts notent que cette baisse de la circulation routi\u00e8re\u00a0devrait durer dans le temps, d'autant plus que l'offre de ... Lire plus","og_url":"https:\/\/www.carideal.com\/blog\/2008\/08\/23\/les-francais-prennent-de-moins-en-moins-leur-voiture-deux-enquettes-denotent-une-tendance-2\/","og_site_name":"Blog auto Carid\u00e9al","article_publisher":"https:\/\/www.facebook.com\/Carideal.mandataire.automobile","article_author":"https:\/\/www.facebook.com\/Carideal.mandataire.automobile\/","article_published_time":"2008-08-23T22:38:24+00:00","article_modified_time":"2015-12-12T15:49:59+00:00","og_image":[{"width":300,"height":300,"url":"https:\/\/www.carideal.com\/blog\/wp-content\/uploads\/2016\/03\/logo-carideal-mandataire-automobile.png","type":"image\/png"}],"author":"N.S Carideal","twitter_card":"summary_large_image","twitter_creator":"@caridealauto","twitter_site":"@caridealauto","twitter_misc":{"\u00c9crit par":"N.S Carideal","Dur\u00e9e de lecture estim\u00e9e":"1 minute"},"schema":{"@context":"https:\/\/schema.org","@graph":[{"@type":"Article","@id":"https:\/\/www.carideal.com\/blog\/2008\/08\/23\/les-francais-prennent-de-moins-en-moins-leur-voiture-deux-enquettes-denotent-une-tendance-2\/#article","isPartOf":{"@id":"https:\/\/www.carideal.com\/blog\/2008\/08\/23\/les-francais-prennent-de-moins-en-moins-leur-voiture-deux-enquettes-denotent-une-tendance-2\/"},"author":{"name":"N.S Carideal","@id":"https:\/\/www.carideal.com\/blog\/#\/schema\/person\/985c7e757d1042d647f21bfaf8d41ebc"},"headline":"Baisse de la circulation routi\u00e8re","datePublished":"2008-08-23T22:38:24+00:00","dateModified":"2015-12-12T15:49:59+00:00","mainEntityOfPage":{"@id":"https:\/\/www.carideal.com\/blog\/2008\/08\/23\/les-francais-prennent-de-moins-en-moins-leur-voiture-deux-enquettes-denotent-une-tendance-2\/"},"wordCount":220,"commentCount":2,"publisher":{"@id":"https:\/\/www.carideal.com\/blog\/#organization"},"articleSection":["Prix des carburants"],"inLanguage":"fr-FR","potentialAction":[{"@type":"CommentAction","name":"Comment","target":["https:\/\/www.carideal.com\/blog\/2008\/08\/23\/les-francais-prennent-de-moins-en-moins-leur-voiture-deux-enquettes-denotent-une-tendance-2\/#respond"]}]},{"@type":"WebPage","@id":"https:\/\/www.carideal.com\/blog\/2008\/08\/23\/les-francais-prennent-de-moins-en-moins-leur-voiture-deux-enquettes-denotent-une-tendance-2\/","url":"https:\/\/www.carideal.com\/blog\/2008\/08\/23\/les-francais-prennent-de-moins-en-moins-leur-voiture-deux-enquettes-denotent-une-tendance-2\/","name":"Baisse de la circulation routi\u00e8re - Blog auto Carid\u00e9al","isPartOf":{"@id":"https:\/\/www.carideal.com\/blog\/#website"},"datePublished":"2008-08-23T22:38:24+00:00","dateModified":"2015-12-12T15:49:59+00:00","breadcrumb":{"@id":"https:\/\/www.carideal.com\/blog\/2008\/08\/23\/les-francais-prennent-de-moins-en-moins-leur-voiture-deux-enquettes-denotent-une-tendance-2\/#breadcrumb"},"inLanguage":"fr-FR","potentialAction":[{"@type":"ReadAction","target":["https:\/\/www.carideal.com\/blog\/2008\/08\/23\/les-francais-prennent-de-moins-en-moins-leur-voiture-deux-enquettes-denotent-une-tendance-2\/"]}]},{"@type":"BreadcrumbList","@id":"https:\/\/www.carideal.com\/blog\/2008\/08\/23\/les-francais-prennent-de-moins-en-moins-leur-voiture-deux-enquettes-denotent-une-tendance-2\/#breadcrumb","itemListElement":[{"@type":"ListItem","position":1,"name":"Blog Carid\u00e9al","item":"https:\/\/www.carideal.com\/blog\/"},{"@type":"ListItem","position":2,"name":"Technologie Automobile","item":"https:\/\/www.carideal.com\/blog\/technologie-2\/"},{"@type":"ListItem","position":3,"name":"Prix des carburants","item":"https:\/\/www.carideal.com\/blog\/technologie-2\/prix-des-carburants\/"},{"@type":"ListItem","position":4,"name":"Baisse de la circulation routi\u00e8re"}]},{"@type":"WebSite","@id":"https:\/\/www.carideal.com\/blog\/#website","url":"https:\/\/www.carideal.com\/blog\/","name":"Blog auto Carid\u00e9al","description":"Actualit\u00e9 auto par des passionn\u00e9s","publisher":{"@id":"https:\/\/www.carideal.com\/blog\/#organization"},"potentialAction":[{"@type":"SearchAction","target":{"@type":"EntryPoint","urlTemplate":"https:\/\/www.carideal.com\/blog\/?s={search_term_string}"},"query-input":{"@type":"PropertyValueSpecification","valueRequired":true,"valueName":"search_term_string"}}],"inLanguage":"fr-FR"},{"@type":"Organization","@id":"https:\/\/www.carideal.com\/blog\/#organization","name":"Carideal","url":"https:\/\/www.carideal.com\/blog\/","logo":{"@type":"ImageObject","inLanguage":"fr-FR","@id":"https:\/\/www.carideal.com\/blog\/#\/schema\/logo\/image\/","url":"http:\/\/www.carideal.com\/blog\/wp-content\/uploads\/2016\/03\/logo-carideal-mandataire-automobile.png","contentUrl":"http:\/\/www.carideal.com\/blog\/wp-content\/uploads\/2016\/03\/logo-carideal-mandataire-automobile.png","width":300,"height":300,"caption":"Carideal"},"image":{"@id":"https:\/\/www.carideal.com\/blog\/#\/schema\/logo\/image\/"},"sameAs":["https:\/\/www.facebook.com\/Carideal.mandataire.automobile","https:\/\/x.com\/caridealauto","https:\/\/www.instagram.com\/carideal1\/","https:\/\/www.linkedin.com\/company\/carideal.com","https:\/\/fr.pinterest.com\/schiavonsas\/","https:\/\/www.youtube.com\/user\/caridealsas"]},{"@type":"Person","@id":"https:\/\/www.carideal.com\/blog\/#\/schema\/person\/985c7e757d1042d647f21bfaf8d41ebc","name":"N.S Carideal","image":{"@type":"ImageObject","inLanguage":"fr-FR","@id":"https:\/\/www.carideal.com\/blog\/#\/schema\/person\/image\/","url":"https:\/\/secure.gravatar.com\/avatar\/edb7ccdf1a4e3d14aef967760d354d0e?s=96&r=g","contentUrl":"https:\/\/secure.gravatar.com\/avatar\/edb7ccdf1a4e3d14aef967760d354d0e?s=96&r=g","caption":"N.S Carideal"},"description":"Depuis tout petit fan d'automobile. Il est question d'essayer et de comparer toutes ces voitures qui nous ont fait r\u00e9ver, avant que celles-ci ne devient uniquement des voitures de collection.","sameAs":["http:\/\/www.carideal.com\/blog","https:\/\/www.facebook.com\/Carideal.mandataire.automobile\/","https:\/\/www.linkedin.com\/in\/nschiavon\/","https:\/\/www.youtube.com\/user\/caridealsas\/"],"url":"https:\/\/www.carideal.com\/blog\/author\/admin_carideal\/"}]}},"uagb_featured_image_src":{"full":false,"thumbnail":false,"medium":false,"medium_large":false,"large":false,"1536x1536":false,"2048x2048":false,"wppr-widget":false},"uagb_author_info":{"display_name":"N.S Carideal","author_link":"https:\/\/www.carideal.com\/blog\/author\/admin_carideal\/"},"uagb_comment_info":2,"uagb_excerpt":"Les Fran\u00e7ais prennent de moins en moins leur voiture, deux enqu\u00eates d\u00e9notent une tendance. La hausse du prix des carburants et la morosit\u00e9 ambiante a sans doute entra\u00een\u00e9 une diminution de l'utilisation de l'automobile en France. Certains experts notent que cette baisse de la circulation routi\u00e8re\u00a0devrait durer dans le temps, d'autant plus que l'offre de\u2026","_links":{"self":[{"href":"https:\/\/www.carideal.com\/blog\/wp-json\/wp\/v2\/posts\/1577"}],"collection":[{"href":"https:\/\/www.carideal.com\/blog\/wp-json\/wp\/v2\/posts"}],"about":[{"href":"https:\/\/www.carideal.com\/blog\/wp-json\/wp\/v2\/types\/post"}],"author":[{"embeddable":true,"href":"https:\/\/www.carideal.com\/blog\/wp-json\/wp\/v2\/users\/1"}],"replies":[{"embeddable":true,"href":"https:\/\/www.carideal.com\/blog\/wp-json\/wp\/v2\/comments?post=1577"}],"version-history":[{"count":0,"href":"https:\/\/www.carideal.com\/blog\/wp-json\/wp\/v2\/posts\/1577\/revisions"}],"wp:attachment":[{"href":"https:\/\/www.carideal.com\/blog\/wp-json\/wp\/v2\/media?parent=1577"}],"wp:term":[{"taxonomy":"category","embeddable":true,"href":"https:\/\/www.carideal.com\/blog\/wp-json\/wp\/v2\/categories?post=1577"},{"taxonomy":"post_tag","embeddable":true,"href":"https:\/\/www.carideal.com\/blog\/wp-json\/wp\/v2\/tags?post=1577"}],"curies":[{"name":"wp","href":"https:\/\/api.w.org\/{rel}","templated":true}]}}