{"id":15769,"date":"2016-01-26T11:57:10","date_gmt":"2016-01-26T10:57:10","guid":{"rendered":"http:\/\/www.carideal.com\/blog\/?p=15769"},"modified":"2017-03-26T12:13:08","modified_gmt":"2017-03-26T10:13:08","slug":"ds-connect-nav","status":"publish","type":"post","link":"https:\/\/www.carideal.com\/blog\/2016\/01\/26\/ds-connect-nav\/","title":{"rendered":"DS Connect Nav sur DS5 connect\u00e9 en temps r\u00e9el"},"content":{"rendered":"<h1>DS 5 : \u00e9quip\u00e9e avec la nouvelle navigation , DS CONNECT NAV, la navigation GPS connect\u00e9e 3D en temps r\u00e9el<\/h1>\n<p>La <a href=\"http:\/\/www.carideal.com\/blog\/marque-de-voiture-actualites-essais\/ds\/ds5\/\">DS5<\/a> s'\u00e9quipe en ce mois de janvier 2016 d'un nouveau syst\u00e8me de navigation GPS de derni\u00e8re g\u00e9n\u00e9ration, DS Connect Nav, avec de nouveaux services connect\u00e9s en temps r\u00e9el, via l'\u00e9cran tactile de la DS, l'affichage se fait en 3D avec la possibilit\u00e9 de commander le syst\u00e8me par reconnaissance vocale.<\/p>\n<p>On parle de plus en plus de voiture connect\u00e9es, et pour DS Automobiles, marque technologique, il est important de proposer ce genre de service \u00e0 ses clients demandeurs de services. La demande en navigation int\u00e9gr\u00e9e dans les voitures est en constante augmentation, DS 5, est la premi\u00e8re <a href=\"http:\/\/www.carideal.com\/blog\/marque-de-voiture-actualites-essais\/ds\/\">DS<\/a> \u00e0 s'\u00e9quiper de la navigation couleur 3D, DS CONNECT NAV. DS est consciente du besoin de ses clients en mati\u00e8re de connectivit\u00e9, et s'\u00e9quipe ainsi de la derni\u00e8re g\u00e9n\u00e9ration de navigation couleur 3D. Le client pourra ainsi commander l'application soit par reconnaissance vocale, soit via l\u2019\u00e9cran tactile 7\u2019\u2019. Le client pourra choisir des offres de services connect\u00e9s, des Pack DS CONNECT NAV. Cette avanc\u00e9e technologique va simplifier l'utilisation de votre navigation, l'exp\u00e9rience de conduite en sera d'autant silmplifi\u00e9e en r\u00e9pondant aux besoins hightech des clients.<\/p>\n<figure id=\"attachment_15770\" aria-describedby=\"caption-attachment-15770\" style=\"width: 474px\" class=\"wp-caption alignnone\"><a href=\"http:\/\/www.carideal.com\/blog\/wp-content\/uploads\/2017\/03\/DS5-DS-connect-nav.jpg\"><img loading=\"lazy\" decoding=\"async\" class=\"wp-image-15770 size-full\" title=\"DS connect Nav sur DS5\" src=\"http:\/\/www.carideal.com\/blog\/wp-content\/uploads\/2017\/03\/DS5-DS-connect-nav.jpg\" alt=\"DS connect Nav sur DS5\" width=\"484\" height=\"347\" srcset=\"https:\/\/www.carideal.com\/blog\/wp-content\/uploads\/2017\/03\/DS5-DS-connect-nav.jpg 484w, https:\/\/www.carideal.com\/blog\/wp-content\/uploads\/2017\/03\/DS5-DS-connect-nav-300x215.jpg 300w, https:\/\/www.carideal.com\/blog\/wp-content\/uploads\/2017\/03\/DS5-DS-connect-nav-110x79.jpg 110w, https:\/\/www.carideal.com\/blog\/wp-content\/uploads\/2017\/03\/DS5-DS-connect-nav-420x301.jpg 420w, https:\/\/www.carideal.com\/blog\/wp-content\/uploads\/2017\/03\/DS5-DS-connect-nav-50x36.jpg 50w\" sizes=\"(max-width: 484px) 100vw, 484px\" \/><\/a><figcaption id=\"caption-attachment-15770\" class=\"wp-caption-text\">DS connect Nav sur DS5<\/figcaption><\/figure>\n<p>La navigation DS Connect Nav propose un contenu am\u00e9lior\u00e9 plus riche et utile gr\u00e2ce \u00e0 ses services connect\u00e9s en temps r\u00e9el. Le conducteur de DS5 \u00e9quip\u00e9e de la g\u00e9n\u00e9ration de navigation DS Conect Nav \u00a0aura la possibilit\u00e9 de profiter des fonctionnalit\u00e9s suivantes :<\/p>\n<p>- la gestion du traffic routier avec TomTom Traffic qui fournit des informations en temps r\u00e9el et module l\u2019itin\u00e9raire le plus rapide\u00a0\u00e9galement en temps r\u00e9el,<br \/>\n- la localisation des stations-services et des prix des carburants, ainsi que des parkings,<br \/>\n- les informations m\u00e9t\u00e9o,<br \/>\n- la recherche par POI, locale des points d\u2019int\u00e9r\u00eat.<br \/>\n- La gestion des zones de dangers en option.<br \/>\nL\u2019Info Trafic en temps r\u00e9el, de la Navigation DS CONNECT NAV ainsi que ses services associ\u00e9s, fait gagner du temps au conducteur de DS 5.<\/p>\n<h2>La reconnaissance vocale de DS Connect Nav :<\/h2>\n<p>La reconnaissance vocale incluse dans le DS Connect Nav est certainement un plus. La s\u00e9curit\u00e9 est renforc\u00e9e pour le conducteur de la DS5, puisqu\u2019il peut commander les fonctions Navigation, T\u00e9l\u00e9phone et M\u00e9dia \u00e0 la voix, sans quitter la route des yeux et en laissant les mains sur le volant.<br \/>\nDS CONNECT NAV est toujours \u00e9quip\u00e9 de la fonction Mirror Screen qui permet de transposer l'\u00e9cran de son smartphone sur l\u2019\u00e9cran tactile 7\u2019\u2019 en toute s\u00e9curit\u00e9, et utiliser les applications compatibles. Le Client pourra utiliser les fonctions Mirror Screen avec les technologies Apple CarPlay et <a href=\"http:\/\/www.carideal.com\/blog\/2015\/02\/03\/mirrorlink-un-lien-entre-telephone-et-lecran-de-votre-voiture\/\">MirrorLink<\/a> afin de garantir un plus grand choix de smartphones compatibles comme pour <a href=\"http:\/\/www.carideal.com\/blog\/2016\/03\/22\/citroen-connect-voiture-connectee\/\">Citroen Connect<\/a>.<\/p>\n<p>Pour m\u00e9moire la DS Connect Box (avec carte SIM et data inclues) permet la connexion automatique sans frais d\u2019abonnement.<\/p>\n","protected":false},"excerpt":{"rendered":"<p>DS 5 : \u00e9quip\u00e9e avec la nouvelle navigation , DS CONNECT NAV, la navigation GPS connect\u00e9e 3D en temps r\u00e9el La DS5 s&rsquo;\u00e9quipe en ce mois de janvier 2016 d&rsquo;un nouveau syst\u00e8me de navigation GPS de derni\u00e8re g\u00e9n\u00e9ration, DS Connect Nav, avec de nouveaux services connect\u00e9s en temps r\u00e9el, via l&rsquo;\u00e9cran tactile de la DS, &#8230; <a title=\"DS Connect Nav sur DS5 connect\u00e9 en temps r\u00e9el\" class=\"read-more\" href=\"https:\/\/www.carideal.com\/blog\/2016\/01\/26\/ds-connect-nav\/\" aria-label=\"En savoir plus sur DS Connect Nav sur DS5 connect\u00e9 en temps r\u00e9el\">Lire plus<\/a><\/p>\n","protected":false},"author":3,"featured_media":15771,"comment_status":"open","ping_status":"open","sticky":false,"template":"","format":"standard","meta":{"_uag_custom_page_level_css":"","_themeisle_gutenberg_block_has_review":false,"footnotes":""},"categories":[5944,6225,5080],"tags":[],"class_list":["post-15769","post","type-post","status-publish","format-standard","has-post-thumbnail","hentry","category-constructeur","category-actualite-ds5","category-technologie-2"],"wppr_data":{"cwp_meta_box_check":"No"},"yoast_head":"<!-- This site is optimized with the Yoast SEO plugin v24.8.1 - https:\/\/yoast.com\/wordpress\/plugins\/seo\/ -->\n<title>DS Connect Nav sur DS5 connect\u00e9 en temps r\u00e9el - Blog auto Carid\u00e9al<\/title>\n<meta name=\"description\" content=\"DS 5 : \u00e9quip\u00e9e avec la nouvelle navigation , DS CONNECT NAV, la navigation GPS connect\u00e9e 3D en temps r\u00e9el, enfin disponible\" \/>\n<meta name=\"robots\" content=\"index, follow, max-snippet:-1, max-image-preview:large, max-video-preview:-1\" \/>\n<link rel=\"canonical\" href=\"https:\/\/www.carideal.com\/blog\/2016\/01\/26\/ds-connect-nav\/\" \/>\n<meta property=\"og:locale\" content=\"fr_FR\" \/>\n<meta property=\"og:type\" content=\"article\" \/>\n<meta property=\"og:title\" content=\"DS Connect Nav sur DS5 connect\u00e9 en temps r\u00e9el - Blog auto Carid\u00e9al\" \/>\n<meta property=\"og:description\" content=\"DS 5 : \u00e9quip\u00e9e avec la nouvelle navigation , DS CONNECT NAV, la navigation GPS connect\u00e9e 3D en temps r\u00e9el, enfin disponible\" \/>\n<meta property=\"og:url\" content=\"https:\/\/www.carideal.com\/blog\/2016\/01\/26\/ds-connect-nav\/\" \/>\n<meta property=\"og:site_name\" content=\"Blog auto Carid\u00e9al\" \/>\n<meta property=\"article:publisher\" content=\"https:\/\/www.facebook.com\/Carideal.mandataire.automobile\" \/>\n<meta property=\"article:author\" content=\"https:\/\/www.facebook.com\/nicolas.schiavon.39\" \/>\n<meta property=\"article:published_time\" content=\"2016-01-26T10:57:10+00:00\" \/>\n<meta property=\"article:modified_time\" content=\"2017-03-26T10:13:08+00:00\" \/>\n<meta property=\"og:image\" content=\"https:\/\/www.carideal.com\/blog\/wp-content\/uploads\/2017\/03\/DS-connect-nav-e1490522527648.jpg\" \/>\n\t<meta property=\"og:image:width\" content=\"800\" \/>\n\t<meta property=\"og:image:height\" content=\"599\" \/>\n\t<meta property=\"og:image:type\" content=\"image\/jpeg\" \/>\n<meta name=\"author\" content=\"Nicolas SCHIAVON\" \/>\n<meta name=\"twitter:card\" content=\"summary_large_image\" \/>\n<meta name=\"twitter:creator\" content=\"@caridealauto\" \/>\n<meta name=\"twitter:site\" content=\"@caridealauto\" \/>\n<meta name=\"twitter:label1\" content=\"\u00c9crit par\" \/>\n\t<meta name=\"twitter:data1\" content=\"Nicolas SCHIAVON\" \/>\n\t<meta name=\"twitter:label2\" content=\"Dur\u00e9e de lecture estim\u00e9e\" \/>\n\t<meta name=\"twitter:data2\" content=\"3 minutes\" \/>\n<script type=\"application\/ld+json\" class=\"yoast-schema-graph\">{\"@context\":\"https:\/\/schema.org\",\"@graph\":[{\"@type\":\"Article\",\"@id\":\"https:\/\/www.carideal.com\/blog\/2016\/01\/26\/ds-connect-nav\/#article\",\"isPartOf\":{\"@id\":\"https:\/\/www.carideal.com\/blog\/2016\/01\/26\/ds-connect-nav\/\"},\"author\":{\"name\":\"Nicolas SCHIAVON\",\"@id\":\"https:\/\/www.carideal.com\/blog\/#\/schema\/person\/cd95dc7919660de90d31b366f85be1ec\"},\"headline\":\"DS Connect Nav sur DS5 connect\u00e9 en temps r\u00e9el\",\"datePublished\":\"2016-01-26T10:57:10+00:00\",\"dateModified\":\"2017-03-26T10:13:08+00:00\",\"mainEntityOfPage\":{\"@id\":\"https:\/\/www.carideal.com\/blog\/2016\/01\/26\/ds-connect-nav\/\"},\"wordCount\":536,\"commentCount\":0,\"publisher\":{\"@id\":\"https:\/\/www.carideal.com\/blog\/#organization\"},\"image\":{\"@id\":\"https:\/\/www.carideal.com\/blog\/2016\/01\/26\/ds-connect-nav\/#primaryimage\"},\"thumbnailUrl\":\"https:\/\/www.carideal.com\/blog\/wp-content\/uploads\/2017\/03\/DS-connect-nav-e1490522527648.jpg\",\"articleSection\":[\"Actualit\u00e9 Constructeur automobile\",\"Actualit\u00e9 DS5\",\"Technologie Automobile\"],\"inLanguage\":\"fr-FR\",\"potentialAction\":[{\"@type\":\"CommentAction\",\"name\":\"Comment\",\"target\":[\"https:\/\/www.carideal.com\/blog\/2016\/01\/26\/ds-connect-nav\/#respond\"]}]},{\"@type\":\"WebPage\",\"@id\":\"https:\/\/www.carideal.com\/blog\/2016\/01\/26\/ds-connect-nav\/\",\"url\":\"https:\/\/www.carideal.com\/blog\/2016\/01\/26\/ds-connect-nav\/\",\"name\":\"DS Connect Nav sur DS5 connect\u00e9 en temps r\u00e9el - Blog auto Carid\u00e9al\",\"isPartOf\":{\"@id\":\"https:\/\/www.carideal.com\/blog\/#website\"},\"primaryImageOfPage\":{\"@id\":\"https:\/\/www.carideal.com\/blog\/2016\/01\/26\/ds-connect-nav\/#primaryimage\"},\"image\":{\"@id\":\"https:\/\/www.carideal.com\/blog\/2016\/01\/26\/ds-connect-nav\/#primaryimage\"},\"thumbnailUrl\":\"https:\/\/www.carideal.com\/blog\/wp-content\/uploads\/2017\/03\/DS-connect-nav-e1490522527648.jpg\",\"datePublished\":\"2016-01-26T10:57:10+00:00\",\"dateModified\":\"2017-03-26T10:13:08+00:00\",\"description\":\"DS 5 : \u00e9quip\u00e9e avec la nouvelle navigation , DS CONNECT NAV, la navigation GPS connect\u00e9e 3D en temps r\u00e9el, enfin disponible\",\"breadcrumb\":{\"@id\":\"https:\/\/www.carideal.com\/blog\/2016\/01\/26\/ds-connect-nav\/#breadcrumb\"},\"inLanguage\":\"fr-FR\",\"potentialAction\":[{\"@type\":\"ReadAction\",\"target\":[\"https:\/\/www.carideal.com\/blog\/2016\/01\/26\/ds-connect-nav\/\"]}]},{\"@type\":\"ImageObject\",\"inLanguage\":\"fr-FR\",\"@id\":\"https:\/\/www.carideal.com\/blog\/2016\/01\/26\/ds-connect-nav\/#primaryimage\",\"url\":\"https:\/\/www.carideal.com\/blog\/wp-content\/uploads\/2017\/03\/DS-connect-nav-e1490522527648.jpg\",\"contentUrl\":\"https:\/\/www.carideal.com\/blog\/wp-content\/uploads\/2017\/03\/DS-connect-nav-e1490522527648.jpg\",\"width\":800,\"height\":599,\"caption\":\"DS Connect Nav\"},{\"@type\":\"BreadcrumbList\",\"@id\":\"https:\/\/www.carideal.com\/blog\/2016\/01\/26\/ds-connect-nav\/#breadcrumb\",\"itemListElement\":[{\"@type\":\"ListItem\",\"position\":1,\"name\":\"Blog Carid\u00e9al\",\"item\":\"https:\/\/www.carideal.com\/blog\/\"},{\"@type\":\"ListItem\",\"position\":2,\"name\":\"Actualit\u00e9 constructeur automobile\",\"item\":\"https:\/\/www.carideal.com\/blog\/constructeur\/\"},{\"@type\":\"ListItem\",\"position\":3,\"name\":\"Actualit\u00e9 DS\",\"item\":\"https:\/\/www.carideal.com\/blog\/constructeur\/ds\/\"},{\"@type\":\"ListItem\",\"position\":4,\"name\":\"Actualit\u00e9 DS5\",\"item\":\"https:\/\/www.carideal.com\/blog\/constructeur\/ds\/actualite-ds5\/\"},{\"@type\":\"ListItem\",\"position\":5,\"name\":\"DS Connect Nav sur DS5 connect\u00e9 en temps r\u00e9el\"}]},{\"@type\":\"WebSite\",\"@id\":\"https:\/\/www.carideal.com\/blog\/#website\",\"url\":\"https:\/\/www.carideal.com\/blog\/\",\"name\":\"Blog auto Carid\u00e9al\",\"description\":\"Actualit\u00e9 auto par des passionn\u00e9s\",\"publisher\":{\"@id\":\"https:\/\/www.carideal.com\/blog\/#organization\"},\"potentialAction\":[{\"@type\":\"SearchAction\",\"target\":{\"@type\":\"EntryPoint\",\"urlTemplate\":\"https:\/\/www.carideal.com\/blog\/?s={search_term_string}\"},\"query-input\":{\"@type\":\"PropertyValueSpecification\",\"valueRequired\":true,\"valueName\":\"search_term_string\"}}],\"inLanguage\":\"fr-FR\"},{\"@type\":\"Organization\",\"@id\":\"https:\/\/www.carideal.com\/blog\/#organization\",\"name\":\"Carideal\",\"url\":\"https:\/\/www.carideal.com\/blog\/\",\"logo\":{\"@type\":\"ImageObject\",\"inLanguage\":\"fr-FR\",\"@id\":\"https:\/\/www.carideal.com\/blog\/#\/schema\/logo\/image\/\",\"url\":\"http:\/\/www.carideal.com\/blog\/wp-content\/uploads\/2016\/03\/logo-carideal-mandataire-automobile.png\",\"contentUrl\":\"http:\/\/www.carideal.com\/blog\/wp-content\/uploads\/2016\/03\/logo-carideal-mandataire-automobile.png\",\"width\":300,\"height\":300,\"caption\":\"Carideal\"},\"image\":{\"@id\":\"https:\/\/www.carideal.com\/blog\/#\/schema\/logo\/image\/\"},\"sameAs\":[\"https:\/\/www.facebook.com\/Carideal.mandataire.automobile\",\"https:\/\/x.com\/caridealauto\",\"https:\/\/www.instagram.com\/carideal1\/\",\"https:\/\/www.linkedin.com\/company\/carideal.com\",\"https:\/\/fr.pinterest.com\/schiavonsas\/\",\"https:\/\/www.youtube.com\/user\/caridealsas\"]},{\"@type\":\"Person\",\"@id\":\"https:\/\/www.carideal.com\/blog\/#\/schema\/person\/cd95dc7919660de90d31b366f85be1ec\",\"name\":\"Nicolas SCHIAVON\",\"image\":{\"@type\":\"ImageObject\",\"inLanguage\":\"fr-FR\",\"@id\":\"https:\/\/www.carideal.com\/blog\/#\/schema\/person\/image\/\",\"url\":\"https:\/\/secure.gravatar.com\/avatar\/c17e55009e671d92cc7f5dc837dc418a?s=96&r=g\",\"contentUrl\":\"https:\/\/secure.gravatar.com\/avatar\/c17e55009e671d92cc7f5dc837dc418a?s=96&r=g\",\"caption\":\"Nicolas SCHIAVON\"},\"description\":\"Nicolas Schiavon est tomb\u00e9 tout petit dans la marmite automobile. Ayant eu un garage de marque automobile, mandataire automobile de la premi\u00e8re heure d\u00e8s 1999. Nicolas a cr\u00e9\u00e9 ces premiers sites de vente de voiture et blog automobile d\u00e8s 1994. Carideal est n\u00e9 le 15 d\u00e9cembre 2000 de la volont\u00e9 de vendre des voitures d'occasions en ligne puis des voitures neuves. Il a pu essayer beaucoup de voitures tr\u00e8s diff\u00e9rentes et ayant eu personnellement quelques belles autos, Subaru Impreza, Mitsubishi Lancer Evo 7, Porsche 911, Ferrari Testarrossa, Audi RS3, RS4 et j'en passe...\",\"sameAs\":[\"http:\/\/www.carideal.com\",\"https:\/\/www.facebook.com\/nicolas.schiavon.39\",\"https:\/\/www.instagram.com\/carideal1\/\",\"https:\/\/www.linkedin.com\/in\/nschiavon\/\",\"https:\/\/x.com\/caridealauto\",\"https:\/\/www.youtube.com\/user\/caridealsas\/\"],\"url\":\"https:\/\/www.carideal.com\/blog\/author\/nschiavon\/\"}]}<\/script>\n<!-- \/ Yoast SEO plugin. -->","yoast_head_json":{"title":"DS Connect Nav sur DS5 connect\u00e9 en temps r\u00e9el - Blog auto Carid\u00e9al","description":"DS 5 : \u00e9quip\u00e9e avec la nouvelle navigation , DS CONNECT NAV, la navigation GPS connect\u00e9e 3D en temps r\u00e9el, enfin disponible","robots":{"index":"index","follow":"follow","max-snippet":"max-snippet:-1","max-image-preview":"max-image-preview:large","max-video-preview":"max-video-preview:-1"},"canonical":"https:\/\/www.carideal.com\/blog\/2016\/01\/26\/ds-connect-nav\/","og_locale":"fr_FR","og_type":"article","og_title":"DS Connect Nav sur DS5 connect\u00e9 en temps r\u00e9el - Blog auto Carid\u00e9al","og_description":"DS 5 : \u00e9quip\u00e9e avec la nouvelle navigation , DS CONNECT NAV, la navigation GPS connect\u00e9e 3D en temps r\u00e9el, enfin disponible","og_url":"https:\/\/www.carideal.com\/blog\/2016\/01\/26\/ds-connect-nav\/","og_site_name":"Blog auto Carid\u00e9al","article_publisher":"https:\/\/www.facebook.com\/Carideal.mandataire.automobile","article_author":"https:\/\/www.facebook.com\/nicolas.schiavon.39","article_published_time":"2016-01-26T10:57:10+00:00","article_modified_time":"2017-03-26T10:13:08+00:00","og_image":[{"width":800,"height":599,"url":"https:\/\/www.carideal.com\/blog\/wp-content\/uploads\/2017\/03\/DS-connect-nav-e1490522527648.jpg","type":"image\/jpeg"}],"author":"Nicolas SCHIAVON","twitter_card":"summary_large_image","twitter_creator":"@caridealauto","twitter_site":"@caridealauto","twitter_misc":{"\u00c9crit par":"Nicolas SCHIAVON","Dur\u00e9e de lecture estim\u00e9e":"3 minutes"},"schema":{"@context":"https:\/\/schema.org","@graph":[{"@type":"Article","@id":"https:\/\/www.carideal.com\/blog\/2016\/01\/26\/ds-connect-nav\/#article","isPartOf":{"@id":"https:\/\/www.carideal.com\/blog\/2016\/01\/26\/ds-connect-nav\/"},"author":{"name":"Nicolas SCHIAVON","@id":"https:\/\/www.carideal.com\/blog\/#\/schema\/person\/cd95dc7919660de90d31b366f85be1ec"},"headline":"DS Connect Nav sur DS5 connect\u00e9 en temps r\u00e9el","datePublished":"2016-01-26T10:57:10+00:00","dateModified":"2017-03-26T10:13:08+00:00","mainEntityOfPage":{"@id":"https:\/\/www.carideal.com\/blog\/2016\/01\/26\/ds-connect-nav\/"},"wordCount":536,"commentCount":0,"publisher":{"@id":"https:\/\/www.carideal.com\/blog\/#organization"},"image":{"@id":"https:\/\/www.carideal.com\/blog\/2016\/01\/26\/ds-connect-nav\/#primaryimage"},"thumbnailUrl":"https:\/\/www.carideal.com\/blog\/wp-content\/uploads\/2017\/03\/DS-connect-nav-e1490522527648.jpg","articleSection":["Actualit\u00e9 Constructeur automobile","Actualit\u00e9 DS5","Technologie Automobile"],"inLanguage":"fr-FR","potentialAction":[{"@type":"CommentAction","name":"Comment","target":["https:\/\/www.carideal.com\/blog\/2016\/01\/26\/ds-connect-nav\/#respond"]}]},{"@type":"WebPage","@id":"https:\/\/www.carideal.com\/blog\/2016\/01\/26\/ds-connect-nav\/","url":"https:\/\/www.carideal.com\/blog\/2016\/01\/26\/ds-connect-nav\/","name":"DS Connect Nav sur DS5 connect\u00e9 en temps r\u00e9el - Blog auto Carid\u00e9al","isPartOf":{"@id":"https:\/\/www.carideal.com\/blog\/#website"},"primaryImageOfPage":{"@id":"https:\/\/www.carideal.com\/blog\/2016\/01\/26\/ds-connect-nav\/#primaryimage"},"image":{"@id":"https:\/\/www.carideal.com\/blog\/2016\/01\/26\/ds-connect-nav\/#primaryimage"},"thumbnailUrl":"https:\/\/www.carideal.com\/blog\/wp-content\/uploads\/2017\/03\/DS-connect-nav-e1490522527648.jpg","datePublished":"2016-01-26T10:57:10+00:00","dateModified":"2017-03-26T10:13:08+00:00","description":"DS 5 : \u00e9quip\u00e9e avec la nouvelle navigation , DS CONNECT NAV, la navigation GPS connect\u00e9e 3D en temps r\u00e9el, enfin disponible","breadcrumb":{"@id":"https:\/\/www.carideal.com\/blog\/2016\/01\/26\/ds-connect-nav\/#breadcrumb"},"inLanguage":"fr-FR","potentialAction":[{"@type":"ReadAction","target":["https:\/\/www.carideal.com\/blog\/2016\/01\/26\/ds-connect-nav\/"]}]},{"@type":"ImageObject","inLanguage":"fr-FR","@id":"https:\/\/www.carideal.com\/blog\/2016\/01\/26\/ds-connect-nav\/#primaryimage","url":"https:\/\/www.carideal.com\/blog\/wp-content\/uploads\/2017\/03\/DS-connect-nav-e1490522527648.jpg","contentUrl":"https:\/\/www.carideal.com\/blog\/wp-content\/uploads\/2017\/03\/DS-connect-nav-e1490522527648.jpg","width":800,"height":599,"caption":"DS Connect Nav"},{"@type":"BreadcrumbList","@id":"https:\/\/www.carideal.com\/blog\/2016\/01\/26\/ds-connect-nav\/#breadcrumb","itemListElement":[{"@type":"ListItem","position":1,"name":"Blog Carid\u00e9al","item":"https:\/\/www.carideal.com\/blog\/"},{"@type":"ListItem","position":2,"name":"Actualit\u00e9 constructeur automobile","item":"https:\/\/www.carideal.com\/blog\/constructeur\/"},{"@type":"ListItem","position":3,"name":"Actualit\u00e9 DS","item":"https:\/\/www.carideal.com\/blog\/constructeur\/ds\/"},{"@type":"ListItem","position":4,"name":"Actualit\u00e9 DS5","item":"https:\/\/www.carideal.com\/blog\/constructeur\/ds\/actualite-ds5\/"},{"@type":"ListItem","position":5,"name":"DS Connect Nav sur DS5 connect\u00e9 en temps r\u00e9el"}]},{"@type":"WebSite","@id":"https:\/\/www.carideal.com\/blog\/#website","url":"https:\/\/www.carideal.com\/blog\/","name":"Blog auto Carid\u00e9al","description":"Actualit\u00e9 auto par des passionn\u00e9s","publisher":{"@id":"https:\/\/www.carideal.com\/blog\/#organization"},"potentialAction":[{"@type":"SearchAction","target":{"@type":"EntryPoint","urlTemplate":"https:\/\/www.carideal.com\/blog\/?s={search_term_string}"},"query-input":{"@type":"PropertyValueSpecification","valueRequired":true,"valueName":"search_term_string"}}],"inLanguage":"fr-FR"},{"@type":"Organization","@id":"https:\/\/www.carideal.com\/blog\/#organization","name":"Carideal","url":"https:\/\/www.carideal.com\/blog\/","logo":{"@type":"ImageObject","inLanguage":"fr-FR","@id":"https:\/\/www.carideal.com\/blog\/#\/schema\/logo\/image\/","url":"http:\/\/www.carideal.com\/blog\/wp-content\/uploads\/2016\/03\/logo-carideal-mandataire-automobile.png","contentUrl":"http:\/\/www.carideal.com\/blog\/wp-content\/uploads\/2016\/03\/logo-carideal-mandataire-automobile.png","width":300,"height":300,"caption":"Carideal"},"image":{"@id":"https:\/\/www.carideal.com\/blog\/#\/schema\/logo\/image\/"},"sameAs":["https:\/\/www.facebook.com\/Carideal.mandataire.automobile","https:\/\/x.com\/caridealauto","https:\/\/www.instagram.com\/carideal1\/","https:\/\/www.linkedin.com\/company\/carideal.com","https:\/\/fr.pinterest.com\/schiavonsas\/","https:\/\/www.youtube.com\/user\/caridealsas"]},{"@type":"Person","@id":"https:\/\/www.carideal.com\/blog\/#\/schema\/person\/cd95dc7919660de90d31b366f85be1ec","name":"Nicolas SCHIAVON","image":{"@type":"ImageObject","inLanguage":"fr-FR","@id":"https:\/\/www.carideal.com\/blog\/#\/schema\/person\/image\/","url":"https:\/\/secure.gravatar.com\/avatar\/c17e55009e671d92cc7f5dc837dc418a?s=96&r=g","contentUrl":"https:\/\/secure.gravatar.com\/avatar\/c17e55009e671d92cc7f5dc837dc418a?s=96&r=g","caption":"Nicolas SCHIAVON"},"description":"Nicolas Schiavon est tomb\u00e9 tout petit dans la marmite automobile. Ayant eu un garage de marque automobile, mandataire automobile de la premi\u00e8re heure d\u00e8s 1999. Nicolas a cr\u00e9\u00e9 ces premiers sites de vente de voiture et blog automobile d\u00e8s 1994. Carideal est n\u00e9 le 15 d\u00e9cembre 2000 de la volont\u00e9 de vendre des voitures d'occasions en ligne puis des voitures neuves. Il a pu essayer beaucoup de voitures tr\u00e8s diff\u00e9rentes et ayant eu personnellement quelques belles autos, Subaru Impreza, Mitsubishi Lancer Evo 7, Porsche 911, Ferrari Testarrossa, Audi RS3, RS4 et j'en passe...","sameAs":["http:\/\/www.carideal.com","https:\/\/www.facebook.com\/nicolas.schiavon.39","https:\/\/www.instagram.com\/carideal1\/","https:\/\/www.linkedin.com\/in\/nschiavon\/","https:\/\/x.com\/caridealauto","https:\/\/www.youtube.com\/user\/caridealsas\/"],"url":"https:\/\/www.carideal.com\/blog\/author\/nschiavon\/"}]}},"uagb_featured_image_src":{"full":["https:\/\/www.carideal.com\/blog\/wp-content\/uploads\/2017\/03\/DS-connect-nav-e1490522527648.jpg",800,599,false],"thumbnail":["https:\/\/www.carideal.com\/blog\/wp-content\/uploads\/2017\/03\/DS-connect-nav-150x150.jpg",150,150,true],"medium":["https:\/\/www.carideal.com\/blog\/wp-content\/uploads\/2017\/03\/DS-connect-nav-300x225.jpg",300,225,true],"medium_large":["https:\/\/www.carideal.com\/blog\/wp-content\/uploads\/2017\/03\/DS-connect-nav-768x575.jpg",768,575,true],"large":["https:\/\/www.carideal.com\/blog\/wp-content\/uploads\/2017\/03\/DS-connect-nav-e1490522527648.jpg",800,599,false],"1536x1536":["https:\/\/www.carideal.com\/blog\/wp-content\/uploads\/2017\/03\/DS-connect-nav-e1490522527648.jpg",800,599,false],"2048x2048":["https:\/\/www.carideal.com\/blog\/wp-content\/uploads\/2017\/03\/DS-connect-nav-e1490522527648.jpg",800,599,false],"wppr-widget":["https:\/\/www.carideal.com\/blog\/wp-content\/uploads\/2017\/03\/DS-connect-nav-e1490522527648.jpg",50,37,false]},"uagb_author_info":{"display_name":"Nicolas SCHIAVON","author_link":"https:\/\/www.carideal.com\/blog\/author\/nschiavon\/"},"uagb_comment_info":0,"uagb_excerpt":"DS 5 : \u00e9quip\u00e9e avec la nouvelle navigation , DS CONNECT NAV, la navigation GPS connect\u00e9e 3D en temps r\u00e9el La DS5 s'\u00e9quipe en ce mois de janvier 2016 d'un nouveau syst\u00e8me de navigation GPS de derni\u00e8re g\u00e9n\u00e9ration, DS Connect Nav, avec de nouveaux services connect\u00e9s en temps r\u00e9el, via l'\u00e9cran tactile de la DS,\u2026","_links":{"self":[{"href":"https:\/\/www.carideal.com\/blog\/wp-json\/wp\/v2\/posts\/15769"}],"collection":[{"href":"https:\/\/www.carideal.com\/blog\/wp-json\/wp\/v2\/posts"}],"about":[{"href":"https:\/\/www.carideal.com\/blog\/wp-json\/wp\/v2\/types\/post"}],"author":[{"embeddable":true,"href":"https:\/\/www.carideal.com\/blog\/wp-json\/wp\/v2\/users\/3"}],"replies":[{"embeddable":true,"href":"https:\/\/www.carideal.com\/blog\/wp-json\/wp\/v2\/comments?post=15769"}],"version-history":[{"count":0,"href":"https:\/\/www.carideal.com\/blog\/wp-json\/wp\/v2\/posts\/15769\/revisions"}],"wp:featuredmedia":[{"embeddable":true,"href":"https:\/\/www.carideal.com\/blog\/wp-json\/wp\/v2\/media\/15771"}],"wp:attachment":[{"href":"https:\/\/www.carideal.com\/blog\/wp-json\/wp\/v2\/media?parent=15769"}],"wp:term":[{"taxonomy":"category","embeddable":true,"href":"https:\/\/www.carideal.com\/blog\/wp-json\/wp\/v2\/categories?post=15769"},{"taxonomy":"post_tag","embeddable":true,"href":"https:\/\/www.carideal.com\/blog\/wp-json\/wp\/v2\/tags?post=15769"}],"curies":[{"name":"wp","href":"https:\/\/api.w.org\/{rel}","templated":true}]}}