{"id":157,"date":"2010-03-21T17:44:00","date_gmt":"2010-03-21T17:44:00","guid":{"rendered":"http:\/\/carideal.com\/blog\/?p=157"},"modified":"2021-01-12T09:48:28","modified_gmt":"2021-01-12T08:48:28","slug":"bolore-blue-car","status":"publish","type":"post","link":"https:\/\/www.carideal.com\/blog\/2010\/03\/21\/bolore-blue-car\/","title":{"rendered":"Bollor\u00e9 Bluecar en vente maintenant"},"content":{"rendered":"\n<h2 class=\"wp-block-heading\">Bolor\u00e9 Blue Car en vente maintenant<\/h2>\n\n\n\n<p class=\"has-medium-font-size\">La <strong>Bollor\u00e9 Bluecar<\/strong> est \u00e9quip\u00e9e d'un Moteur \u00e9lectrique de 50 kw, 68 ch. La bluecar passera cet automne de l'\u00e9tat de prototype \u00e0 celui de mod\u00e8le de s\u00e9rie disponible \u00e0 la location. Cette citadine longue de 3.65 m dispose d'une autonomie th\u00e9orique de 250 km et se recharge sur une prise standard en 6 heures. La vitesse de pointe est brid\u00e9e \u00e0 130 km\/h.<\/p>\n\n\n\n<div class=\"wp-block-image\"><figure class=\"aligncenter size-large\"><img loading=\"lazy\" decoding=\"async\" width=\"448\" height=\"337\" src=\"http:\/\/www.carideal.com\/blog\/wp-content\/uploads\/2010\/03\/bollore-blue-car_carideal_m.jpg\" alt=\"Bollore Bluecar\" class=\"wp-image-25221\" srcset=\"https:\/\/www.carideal.com\/blog\/wp-content\/uploads\/2010\/03\/bollore-blue-car_carideal_m.jpg 448w, https:\/\/www.carideal.com\/blog\/wp-content\/uploads\/2010\/03\/bollore-blue-car_carideal_m-300x226.jpg 300w, https:\/\/www.carideal.com\/blog\/wp-content\/uploads\/2010\/03\/bollore-blue-car_carideal_m-50x38.jpg 50w, https:\/\/www.carideal.com\/blog\/wp-content\/uploads\/2010\/03\/bollore-blue-car_carideal_m-110x83.jpg 110w, https:\/\/www.carideal.com\/blog\/wp-content\/uploads\/2010\/03\/bollore-blue-car_carideal_m-420x316.jpg 420w\" sizes=\"(max-width: 448px) 100vw, 448px\" \/><figcaption>Bollore Bluecar<\/figcaption><\/figure><\/div>\n\n\n\n<h2 class=\"wp-block-heading\">Bollor\u00e9 Bluecar maintenant en vente en France, \u00e0 un prix inf\u00e9rieur \u00e0 celui de Renault Zo\u00e9, soit 12 000 euros<\/h2>\n\n\n\n<p>En 2012, la Bluecar de Bollor\u00e9 a \u00e9t\u00e9 le v\u00e9hicule \u00e9lectrique le plus vendu en France pour l'ann\u00e9e 2012, \u00e0 condition que vous soyez d'accord pour consid\u00e9rer une voiture qui \u00e9tait uniquement en location et a r\u00e9serv\u00e9 1 700 de ses 2 000 ventes \u00e0 ce jour exclusivement au service d'<a href=\"http:\/\/www.carideal.com\/blog\/autopartage\/\">autopartage<\/a> <a href=\"http:\/\/www.carideal.com\/blog\/2010\/06\/08\/autolib-paris-la-voiture-en-libre-service-sera-electrique\/\">Autolib<\/a> au classement des ventes de <a href=\"http:\/\/www.carideal.com\/blog\/2020\/02\/27\/meilleures-voitures-electriques-a-acheter-en-2020\/\">voitures \u00e9lectriques<\/a>.<\/p>\n\n\n\n<p>Toutefois, \u00e0 partir de maintenant, nous verrons le niveau r\u00e9el des ventes du VE quatre places et trois portes de Bollor\u00e9, puisque la soci\u00e9t\u00e9 a annonc\u00e9 qu'elle allait mettre la voiture en vente.<\/p>\n\n\n\n<ul class=\"wp-block-list\"><li><a href=\"http:\/\/www.carideal.com\/blog\/2020\/02\/27\/meilleures-voitures-electriques-a-acheter-en-2020\/\">Les meilleures voitures \u00e9lectriques<\/a><\/li><\/ul>\n\n\n\n<p>La Bollor\u00e9 Bluecar 2013 co\u00fbtera 12 000 \u20ac, apr\u00e8s l'application d'un bonus de 7 000 \u20ac en France. Ce montant place le VE italien juste en dessous de son homologue fran\u00e7ais, la future <a href=\"http:\/\/www.carideal.com\/blog\/marque-de-voiture-actualites-essais\/renault\/\">Renault<\/a> Zo\u00e9 \u00e0 13 700 \u20ac, qui sera lanc\u00e9e au public le mois prochain.<\/p>\n\n\n\n<ul class=\"wp-block-list\"><li><a href=\"http:\/\/www.carideal.com\/blog\/2015\/03\/11\/choisir-covoiturage-ou-autopartage\/\">Autopartage ou covoiturage<\/a><\/li><\/ul>\n\n\n\n<p>Le prix des deux v\u00e9hicules n'inclut pas la location de la batterie, qui est de 80 \u20ac\/mois pour la Bluecar, et de 79 \u20ac pour la Zo\u00e9. A noter que la <a href=\"http:\/\/www.carideal.com\/blog\/2014\/08\/26\/la-renault-zoe-passe-au-220-v\/\">Renault Zoe<\/a> a un seuil de kilom\u00e9trage maximum de 12 500 km (7 700 miles), la Bluecar n'a pas de telles restrictions.<\/p>\n\n\n\n<h3 class=\"wp-block-heading\">Quelques caract\u00e9ristiques de la Bollor\u00e9 Bluecar 2013 :<\/h3>\n\n\n\n<p>Batterie au lithium polym\u00e8re de 30 kWh<br>Autonomie th\u00e9orique de 250 km en ville, 150 km sur l'autoroute<br>vitesse maximale de 130 km\/h (81 mph)<br>l'acc\u00e9l\u00e9ration : 0-60 km\/h en 6,3 secondes<br>La Bluecar continuera d'\u00eatre disponible via Autolib \u00e0 un tarif de 500 \u20ac\/mois, et comporte un contrat tr\u00e8s souple de 3 mois minimum (jusqu'\u00e0 un maximum de 20 mois). Ce prix de location comprend \u00e9galement l'assurance et la recharge dans les stations Autolib.<\/p>\n\n\n\n<p>Dans le cadre de la location de la batterie avec achat de la voiture, M. Bollor\u00e9 indique que la batterie est chang\u00e9e, sans frais, \u00e0 partir de 400 000 km. Le v\u00e9hicule \u00e9lectrique est \u00e9galement assorti d'une garantie compl\u00e8te de 12 mois.<\/p>\n\n\n\n<h2 class=\"wp-block-heading\">maj 2013 : Bollor\u00e9 teste le service d'autopartage BlueLy \u00e0 Lyon avant son lancement<\/h2>\n\n\n\n<figure class=\"wp-block-image size-large\"><img loading=\"lazy\" decoding=\"async\" width=\"600\" height=\"338\" src=\"http:\/\/www.carideal.com\/blog\/wp-content\/uploads\/2020\/05\/bollore-bluely-lyon.jpg\" alt=\"Bollor\u00e9 autopartage \u00e0 lyon avec Bluely\" class=\"wp-image-25223\" srcset=\"https:\/\/www.carideal.com\/blog\/wp-content\/uploads\/2020\/05\/bollore-bluely-lyon.jpg 600w, https:\/\/www.carideal.com\/blog\/wp-content\/uploads\/2020\/05\/bollore-bluely-lyon-300x169.jpg 300w, https:\/\/www.carideal.com\/blog\/wp-content\/uploads\/2020\/05\/bollore-bluely-lyon-50x28.jpg 50w, https:\/\/www.carideal.com\/blog\/wp-content\/uploads\/2020\/05\/bollore-bluely-lyon-110x62.jpg 110w, https:\/\/www.carideal.com\/blog\/wp-content\/uploads\/2020\/05\/bollore-bluely-lyon-420x237.jpg 420w\" sizes=\"(max-width: 600px) 100vw, 600px\" \/><figcaption>Bollor\u00e9 autopartage \u00e0 lyon avec Bluely<\/figcaption><\/figure>\n\n\n\n<p>\u00c0 partir d'aujourd'hui, le groupe Bollor\u00e9 proposera en avant-premi\u00e8re un test de son service d'autopartage BlueLy \u00e0 Lyon, en France.<\/p>\n\n\n\n<p>L'entreprise fran\u00e7aise veut lancer pleinement son service d'<a href=\"http:\/\/www.carideal.com\/blog\/2018\/11\/27\/guide-ultime-de-lautopartage-des-clubs-de-voitures-et-du-covoiturage\/\">autopartage<\/a>, clon\u00e9 \u00e0 partir de l'Autolib de Paris, le 10 octobre prochain avec 130 v\u00e9hicules \u00e9lectriques Bluecar et 50 stations de recharge.<\/p>\n\n\n\n<p>Il est pr\u00e9vu de doubler ces chiffres avant la fin de 2014, pour atteindre 250 voitures et 100 stations.<\/p>\n\n\n\n<p>Un troisi\u00e8me site (Bordeaux, France) pour ce projet a \u00e9t\u00e9 annonc\u00e9 au d\u00e9but de l'ann\u00e9e.<\/p>\n\n\n\n<p>L'ann\u00e9e prochaine, Bollor\u00e9 souhaite cr\u00e9er l'autopartage \u00e0 Indianapolis (Indiana), mais pas avec des Bluecars. La <a href=\"http:\/\/www.carideal.com\/blog\/2013\/04\/03\/voiture-electrique-nouvelle-nissan-leaf-en-video\/\">Nissan LEAF<\/a> semble \u00eatre le v\u00e9hicule le plus probable pour le service d'autopartage de Bollore aux Etats-Unis.<\/p>\n\n\n\n<h4 class=\"wp-block-heading\">Articles similaires<\/h4>\n\n\n\n<div style=\"height:50px\" aria-hidden=\"true\" class=\"wp-block-spacer\"><\/div>\n\n\n\n\n\n<div style=\"height:50px\" aria-hidden=\"true\" class=\"wp-block-spacer\"><\/div>\n\n\n\n<h2 class=\"wp-block-heading\">Nouvelles Bollor\u00e9 Bluecars - V\u00e9hicule utilitaire et cabriolet BlueSummer (w\/video)<\/h2>\n\n\n\n<iframe loading=\"lazy\" width=\"560\" height=\"315\" src=\"https:\/\/www.youtube.com\/embed\/7s3rIfjb3O8\" frameborder=\"0\" allow=\"accelerometer; autoplay; encrypted-media; gyroscope; picture-in-picture\" allowfullscreen><\/iframe>\n\n\n\n<p>M. Bollor\u00e9 s'est employ\u00e9 \u00e0 introduire des syst\u00e8mes de covoiturage dans de nouvelles villes et \u00e0 g\u00e9rer les infrastructures de recharge \u00e0 Londres.<\/p>\n\n\n\n<p>En outre, la soci\u00e9t\u00e9 fran\u00e7aise a r\u00e9cemment d\u00e9voil\u00e9 \u00e0 Quimper, en France, deux nouvelles versions de sa voiture \u00e9lectrique.<\/p>\n\n\n\n<p>La premi\u00e8re est une version utilitaire de la Bluecar qui, au lieu des deux si\u00e8ges arri\u00e8re, dispose d'un grand coffre de 800 litres et d'une charge utile de 230 kg avec un passager ou de 155 kg avec deux.<\/p>\n\n\n\n<p>Selon certains sites m\u00e9diatiques, cette version sera propos\u00e9e \u00e0 12 000 euros (avec des incitations) plus une location de batterie de 80 euros par mois d\u00e8s janvier. Les versions passagers (en bleu) ont \u00e9t\u00e9 vendues \u00e0 12 000 euros (y compris les primes) plus 80 euros par mois lors de leur lancement.<\/p>\n\n\n\n<p>Ce qui est int\u00e9ressant, c'est que la version de livraison sera bient\u00f4t int\u00e9gr\u00e9e au service Autolib, pour les professionnels. Nous voyons aussi quelques infos sur une solution de location \u00e0 500 \u20ac par mois sans limite de kilom\u00e9trage.<\/p>\n\n\n\n<h3 class=\"wp-block-heading\">La deuxi\u00e8me nouvelle Bollor\u00e9 Bluecar est le cabriolet BlueSummer.<\/h3>\n\n\n\n<p>Celle-ci est enti\u00e8rement nouvelle et ne sera propos\u00e9e que dans les r\u00e9gions chaudes.<\/p>\n\n\n\n<p>Le groupe motopropulseur et le bloc de batteries sont les m\u00eames que ceux de la Bluecar d'origine (moteur de 50 kW et bloc de batteries de 30 kWh). Le prix devrait \u00eatre un peu plus \u00e9lev\u00e9 : 13 500 \u20ac (y compris les primes) plus la location mensuelle des batteries. Ou bien louer pour un mois pour 550 \u20ac.<\/p>\n\n\n\n<h2 class=\"wp-block-heading\">Bollor\u00e9 va ajouter des centaines de BlueCars \u00e0 l'Autolib \u00e0 Paris - Il pr\u00e9voit un r\u00e9seau de recharge \u00e0 l'\u00e9chelle nationale en France<\/h2>\n\n\n\n<p>Bollor\u00e9 a d\u00e9cid\u00e9 d'ajouter 500 voitures \u00e9lectriques suppl\u00e9mentaires \u00e0 sa flotte actuelle de plus de 2 000 Autolib \u00e0 Paris d'ici la fin juin.<\/p>\n\n\n\n<p>Selon les m\u00e9dias fran\u00e7ais, d'ici septembre, la flotte ne sera pas moins de 2 750 Bluecar et comprendra des versions de livraison de BlueCars, que nous avons pr\u00e9sent\u00e9es plus hauts.<\/p>\n\n\n\n<p>Les d\u00e9veloppements s'acc\u00e9l\u00e8rent car l'infrastructure sera augment\u00e9e d'environ 1 000 points de recharge. Le nombre actuel est de 861 stations et 4 385 emplacements.<\/p>\n\n\n\n<p>M. Bollor\u00e9 n'a probablement pas entendu parler de la difficult\u00e9 de gagner de l'argent avec les infrastructures de recharge (ou peut-\u00eatre s'en moque-t-il) car il vise \u00e0 construire, au cours des 24 prochains mois seulement, un r\u00e9seau national (France) de 16 000 stations de recharge en investissant environ 100 millions d'euros. Cela repr\u00e9sente 6 250 euros par unit\u00e9 en moyenne, ce qui semble un peu trop pour toutes les unit\u00e9s de charge lentes, et il y aura peut-\u00eatre quelques chargeurs rapides dans le lot.<\/p>\n\n\n\n<p>Pour l'instant, nous devons attendre patiemment d'avoir plus de d\u00e9tails.<\/p>\n","protected":false},"excerpt":{"rendered":"<p>Bolor\u00e9 Blue Car en vente maintenant La Bollor\u00e9 Bluecar est \u00e9quip\u00e9e d&rsquo;un Moteur \u00e9lectrique de 50 kw, 68 ch. La bluecar passera cet automne de l&rsquo;\u00e9tat de prototype \u00e0 celui de mod\u00e8le de s\u00e9rie disponible \u00e0 la location. Cette citadine longue de 3.65 m dispose d&rsquo;une autonomie th\u00e9orique de 250 km et se recharge sur &#8230; <a title=\"Bollor\u00e9 Bluecar en vente maintenant\" class=\"read-more\" href=\"https:\/\/www.carideal.com\/blog\/2010\/03\/21\/bolore-blue-car\/\" aria-label=\"En savoir plus sur Bollor\u00e9 Bluecar en vente maintenant\">Lire plus<\/a><\/p>\n","protected":false},"author":1,"featured_media":25221,"comment_status":"open","ping_status":"open","sticky":false,"template":"","format":"standard","meta":{"_uag_custom_page_level_css":"","_themeisle_gutenberg_block_has_review":false,"footnotes":""},"categories":[6,5970],"tags":[],"class_list":["post-157","post","type-post","status-publish","format-standard","has-post-thumbnail","hentry","category-ecologie","category-electrique-technologie-2"],"wppr_data":{"cwp_meta_box_check":"No"},"yoast_head":"<!-- This site is optimized with the Yoast SEO plugin v24.8.1 - https:\/\/yoast.com\/wordpress\/plugins\/seo\/ -->\n<title>Bollor\u00e9 Bluecar en vente maintenant - Blog auto Carid\u00e9al<\/title>\n<meta name=\"description\" content=\"La Bollor\u00e9 Bluecar est \u00e9quip\u00e9e d&#039;un Moteur \u00e9lectrique de 50 kw, 68 ch. La bluecar passera cet automne de l&#039;\u00e9tat de prototype \u00e0 celui de mod\u00e8le de s\u00e9rie disponible \u00e0 la location.\" \/>\n<meta name=\"robots\" content=\"index, follow, max-snippet:-1, max-image-preview:large, max-video-preview:-1\" \/>\n<link rel=\"canonical\" href=\"https:\/\/www.carideal.com\/blog\/2010\/03\/21\/bolore-blue-car\/\" \/>\n<meta property=\"og:locale\" content=\"fr_FR\" \/>\n<meta property=\"og:type\" content=\"article\" \/>\n<meta property=\"og:title\" content=\"Bollor\u00e9 Bluecar en vente maintenant - Blog auto Carid\u00e9al\" \/>\n<meta property=\"og:description\" content=\"La Bollor\u00e9 Bluecar est \u00e9quip\u00e9e d&#039;un Moteur \u00e9lectrique de 50 kw, 68 ch. La bluecar passera cet automne de l&#039;\u00e9tat de prototype \u00e0 celui de mod\u00e8le de s\u00e9rie disponible \u00e0 la location.\" \/>\n<meta property=\"og:url\" content=\"https:\/\/www.carideal.com\/blog\/2010\/03\/21\/bolore-blue-car\/\" \/>\n<meta property=\"og:site_name\" content=\"Blog auto Carid\u00e9al\" \/>\n<meta property=\"article:publisher\" content=\"https:\/\/www.facebook.com\/Carideal.mandataire.automobile\" \/>\n<meta property=\"article:author\" content=\"https:\/\/www.facebook.com\/Carideal.mandataire.automobile\/\" \/>\n<meta property=\"article:published_time\" content=\"2010-03-21T17:44:00+00:00\" \/>\n<meta property=\"article:modified_time\" content=\"2021-01-12T08:48:28+00:00\" \/>\n<meta property=\"og:image\" content=\"https:\/\/www.carideal.com\/blog\/wp-content\/uploads\/2010\/03\/bollore-blue-car_carideal_m.jpg\" \/>\n\t<meta property=\"og:image:width\" content=\"448\" \/>\n\t<meta property=\"og:image:height\" content=\"337\" \/>\n\t<meta property=\"og:image:type\" content=\"image\/jpeg\" \/>\n<meta name=\"author\" content=\"N.S Carideal\" \/>\n<meta name=\"twitter:card\" content=\"summary_large_image\" \/>\n<meta name=\"twitter:creator\" content=\"@caridealauto\" \/>\n<meta name=\"twitter:site\" content=\"@caridealauto\" \/>\n<meta name=\"twitter:label1\" content=\"\u00c9crit par\" \/>\n\t<meta name=\"twitter:data1\" content=\"N.S Carideal\" \/>\n\t<meta name=\"twitter:label2\" content=\"Dur\u00e9e de lecture estim\u00e9e\" \/>\n\t<meta name=\"twitter:data2\" content=\"5 minutes\" \/>\n<script type=\"application\/ld+json\" class=\"yoast-schema-graph\">{\"@context\":\"https:\/\/schema.org\",\"@graph\":[{\"@type\":\"Article\",\"@id\":\"https:\/\/www.carideal.com\/blog\/2010\/03\/21\/bolore-blue-car\/#article\",\"isPartOf\":{\"@id\":\"https:\/\/www.carideal.com\/blog\/2010\/03\/21\/bolore-blue-car\/\"},\"author\":{\"name\":\"N.S Carideal\",\"@id\":\"https:\/\/www.carideal.com\/blog\/#\/schema\/person\/985c7e757d1042d647f21bfaf8d41ebc\"},\"headline\":\"Bollor\u00e9 Bluecar en vente maintenant\",\"datePublished\":\"2010-03-21T17:44:00+00:00\",\"dateModified\":\"2021-01-12T08:48:28+00:00\",\"mainEntityOfPage\":{\"@id\":\"https:\/\/www.carideal.com\/blog\/2010\/03\/21\/bolore-blue-car\/\"},\"wordCount\":978,\"commentCount\":0,\"publisher\":{\"@id\":\"https:\/\/www.carideal.com\/blog\/#organization\"},\"image\":{\"@id\":\"https:\/\/www.carideal.com\/blog\/2010\/03\/21\/bolore-blue-car\/#primaryimage\"},\"thumbnailUrl\":\"https:\/\/www.carideal.com\/blog\/wp-content\/uploads\/2010\/03\/bollore-blue-car_carideal_m.jpg\",\"articleSection\":[\"Ecologie\",\"Voiture \u00e9lectrique\"],\"inLanguage\":\"fr-FR\",\"potentialAction\":[{\"@type\":\"CommentAction\",\"name\":\"Comment\",\"target\":[\"https:\/\/www.carideal.com\/blog\/2010\/03\/21\/bolore-blue-car\/#respond\"]}]},{\"@type\":\"WebPage\",\"@id\":\"https:\/\/www.carideal.com\/blog\/2010\/03\/21\/bolore-blue-car\/\",\"url\":\"https:\/\/www.carideal.com\/blog\/2010\/03\/21\/bolore-blue-car\/\",\"name\":\"Bollor\u00e9 Bluecar en vente maintenant - Blog auto Carid\u00e9al\",\"isPartOf\":{\"@id\":\"https:\/\/www.carideal.com\/blog\/#website\"},\"primaryImageOfPage\":{\"@id\":\"https:\/\/www.carideal.com\/blog\/2010\/03\/21\/bolore-blue-car\/#primaryimage\"},\"image\":{\"@id\":\"https:\/\/www.carideal.com\/blog\/2010\/03\/21\/bolore-blue-car\/#primaryimage\"},\"thumbnailUrl\":\"https:\/\/www.carideal.com\/blog\/wp-content\/uploads\/2010\/03\/bollore-blue-car_carideal_m.jpg\",\"datePublished\":\"2010-03-21T17:44:00+00:00\",\"dateModified\":\"2021-01-12T08:48:28+00:00\",\"description\":\"La Bollor\u00e9 Bluecar est \u00e9quip\u00e9e d'un Moteur \u00e9lectrique de 50 kw, 68 ch. La bluecar passera cet automne de l'\u00e9tat de prototype \u00e0 celui de mod\u00e8le de s\u00e9rie disponible \u00e0 la location.\",\"breadcrumb\":{\"@id\":\"https:\/\/www.carideal.com\/blog\/2010\/03\/21\/bolore-blue-car\/#breadcrumb\"},\"inLanguage\":\"fr-FR\",\"potentialAction\":[{\"@type\":\"ReadAction\",\"target\":[\"https:\/\/www.carideal.com\/blog\/2010\/03\/21\/bolore-blue-car\/\"]}]},{\"@type\":\"ImageObject\",\"inLanguage\":\"fr-FR\",\"@id\":\"https:\/\/www.carideal.com\/blog\/2010\/03\/21\/bolore-blue-car\/#primaryimage\",\"url\":\"https:\/\/www.carideal.com\/blog\/wp-content\/uploads\/2010\/03\/bollore-blue-car_carideal_m.jpg\",\"contentUrl\":\"https:\/\/www.carideal.com\/blog\/wp-content\/uploads\/2010\/03\/bollore-blue-car_carideal_m.jpg\",\"width\":448,\"height\":337,\"caption\":\"Bollore Bluecar\"},{\"@type\":\"BreadcrumbList\",\"@id\":\"https:\/\/www.carideal.com\/blog\/2010\/03\/21\/bolore-blue-car\/#breadcrumb\",\"itemListElement\":[{\"@type\":\"ListItem\",\"position\":1,\"name\":\"Blog Carid\u00e9al\",\"item\":\"https:\/\/www.carideal.com\/blog\/\"},{\"@type\":\"ListItem\",\"position\":2,\"name\":\"Technologie Automobile\",\"item\":\"https:\/\/www.carideal.com\/blog\/technologie-2\/\"},{\"@type\":\"ListItem\",\"position\":3,\"name\":\"Voiture \u00e9lectrique\",\"item\":\"https:\/\/www.carideal.com\/blog\/technologie-2\/electrique-technologie-2\/\"},{\"@type\":\"ListItem\",\"position\":4,\"name\":\"Bollor\u00e9 Bluecar en vente maintenant\"}]},{\"@type\":\"WebSite\",\"@id\":\"https:\/\/www.carideal.com\/blog\/#website\",\"url\":\"https:\/\/www.carideal.com\/blog\/\",\"name\":\"Blog auto Carid\u00e9al\",\"description\":\"Actualit\u00e9 auto par des passionn\u00e9s\",\"publisher\":{\"@id\":\"https:\/\/www.carideal.com\/blog\/#organization\"},\"potentialAction\":[{\"@type\":\"SearchAction\",\"target\":{\"@type\":\"EntryPoint\",\"urlTemplate\":\"https:\/\/www.carideal.com\/blog\/?s={search_term_string}\"},\"query-input\":{\"@type\":\"PropertyValueSpecification\",\"valueRequired\":true,\"valueName\":\"search_term_string\"}}],\"inLanguage\":\"fr-FR\"},{\"@type\":\"Organization\",\"@id\":\"https:\/\/www.carideal.com\/blog\/#organization\",\"name\":\"Carideal\",\"url\":\"https:\/\/www.carideal.com\/blog\/\",\"logo\":{\"@type\":\"ImageObject\",\"inLanguage\":\"fr-FR\",\"@id\":\"https:\/\/www.carideal.com\/blog\/#\/schema\/logo\/image\/\",\"url\":\"http:\/\/www.carideal.com\/blog\/wp-content\/uploads\/2016\/03\/logo-carideal-mandataire-automobile.png\",\"contentUrl\":\"http:\/\/www.carideal.com\/blog\/wp-content\/uploads\/2016\/03\/logo-carideal-mandataire-automobile.png\",\"width\":300,\"height\":300,\"caption\":\"Carideal\"},\"image\":{\"@id\":\"https:\/\/www.carideal.com\/blog\/#\/schema\/logo\/image\/\"},\"sameAs\":[\"https:\/\/www.facebook.com\/Carideal.mandataire.automobile\",\"https:\/\/x.com\/caridealauto\",\"https:\/\/www.instagram.com\/carideal1\/\",\"https:\/\/www.linkedin.com\/company\/carideal.com\",\"https:\/\/fr.pinterest.com\/schiavonsas\/\",\"https:\/\/www.youtube.com\/user\/caridealsas\"]},{\"@type\":\"Person\",\"@id\":\"https:\/\/www.carideal.com\/blog\/#\/schema\/person\/985c7e757d1042d647f21bfaf8d41ebc\",\"name\":\"N.S Carideal\",\"image\":{\"@type\":\"ImageObject\",\"inLanguage\":\"fr-FR\",\"@id\":\"https:\/\/www.carideal.com\/blog\/#\/schema\/person\/image\/\",\"url\":\"https:\/\/secure.gravatar.com\/avatar\/edb7ccdf1a4e3d14aef967760d354d0e?s=96&r=g\",\"contentUrl\":\"https:\/\/secure.gravatar.com\/avatar\/edb7ccdf1a4e3d14aef967760d354d0e?s=96&r=g\",\"caption\":\"N.S Carideal\"},\"description\":\"Depuis tout petit fan d'automobile. Il est question d'essayer et de comparer toutes ces voitures qui nous ont fait r\u00e9ver, avant que celles-ci ne devient uniquement des voitures de collection.\",\"sameAs\":[\"http:\/\/www.carideal.com\/blog\",\"https:\/\/www.facebook.com\/Carideal.mandataire.automobile\/\",\"https:\/\/www.linkedin.com\/in\/nschiavon\/\",\"https:\/\/www.youtube.com\/user\/caridealsas\/\"],\"url\":\"https:\/\/www.carideal.com\/blog\/author\/admin_carideal\/\"}]}<\/script>\n<!-- \/ Yoast SEO plugin. -->","yoast_head_json":{"title":"Bollor\u00e9 Bluecar en vente maintenant - Blog auto Carid\u00e9al","description":"La Bollor\u00e9 Bluecar est \u00e9quip\u00e9e d'un Moteur \u00e9lectrique de 50 kw, 68 ch. La bluecar passera cet automne de l'\u00e9tat de prototype \u00e0 celui de mod\u00e8le de s\u00e9rie disponible \u00e0 la location.","robots":{"index":"index","follow":"follow","max-snippet":"max-snippet:-1","max-image-preview":"max-image-preview:large","max-video-preview":"max-video-preview:-1"},"canonical":"https:\/\/www.carideal.com\/blog\/2010\/03\/21\/bolore-blue-car\/","og_locale":"fr_FR","og_type":"article","og_title":"Bollor\u00e9 Bluecar en vente maintenant - Blog auto Carid\u00e9al","og_description":"La Bollor\u00e9 Bluecar est \u00e9quip\u00e9e d'un Moteur \u00e9lectrique de 50 kw, 68 ch. La bluecar passera cet automne de l'\u00e9tat de prototype \u00e0 celui de mod\u00e8le de s\u00e9rie disponible \u00e0 la location.","og_url":"https:\/\/www.carideal.com\/blog\/2010\/03\/21\/bolore-blue-car\/","og_site_name":"Blog auto Carid\u00e9al","article_publisher":"https:\/\/www.facebook.com\/Carideal.mandataire.automobile","article_author":"https:\/\/www.facebook.com\/Carideal.mandataire.automobile\/","article_published_time":"2010-03-21T17:44:00+00:00","article_modified_time":"2021-01-12T08:48:28+00:00","og_image":[{"width":448,"height":337,"url":"https:\/\/www.carideal.com\/blog\/wp-content\/uploads\/2010\/03\/bollore-blue-car_carideal_m.jpg","type":"image\/jpeg"}],"author":"N.S Carideal","twitter_card":"summary_large_image","twitter_creator":"@caridealauto","twitter_site":"@caridealauto","twitter_misc":{"\u00c9crit par":"N.S Carideal","Dur\u00e9e de lecture estim\u00e9e":"5 minutes"},"schema":{"@context":"https:\/\/schema.org","@graph":[{"@type":"Article","@id":"https:\/\/www.carideal.com\/blog\/2010\/03\/21\/bolore-blue-car\/#article","isPartOf":{"@id":"https:\/\/www.carideal.com\/blog\/2010\/03\/21\/bolore-blue-car\/"},"author":{"name":"N.S Carideal","@id":"https:\/\/www.carideal.com\/blog\/#\/schema\/person\/985c7e757d1042d647f21bfaf8d41ebc"},"headline":"Bollor\u00e9 Bluecar en vente maintenant","datePublished":"2010-03-21T17:44:00+00:00","dateModified":"2021-01-12T08:48:28+00:00","mainEntityOfPage":{"@id":"https:\/\/www.carideal.com\/blog\/2010\/03\/21\/bolore-blue-car\/"},"wordCount":978,"commentCount":0,"publisher":{"@id":"https:\/\/www.carideal.com\/blog\/#organization"},"image":{"@id":"https:\/\/www.carideal.com\/blog\/2010\/03\/21\/bolore-blue-car\/#primaryimage"},"thumbnailUrl":"https:\/\/www.carideal.com\/blog\/wp-content\/uploads\/2010\/03\/bollore-blue-car_carideal_m.jpg","articleSection":["Ecologie","Voiture \u00e9lectrique"],"inLanguage":"fr-FR","potentialAction":[{"@type":"CommentAction","name":"Comment","target":["https:\/\/www.carideal.com\/blog\/2010\/03\/21\/bolore-blue-car\/#respond"]}]},{"@type":"WebPage","@id":"https:\/\/www.carideal.com\/blog\/2010\/03\/21\/bolore-blue-car\/","url":"https:\/\/www.carideal.com\/blog\/2010\/03\/21\/bolore-blue-car\/","name":"Bollor\u00e9 Bluecar en vente maintenant - Blog auto Carid\u00e9al","isPartOf":{"@id":"https:\/\/www.carideal.com\/blog\/#website"},"primaryImageOfPage":{"@id":"https:\/\/www.carideal.com\/blog\/2010\/03\/21\/bolore-blue-car\/#primaryimage"},"image":{"@id":"https:\/\/www.carideal.com\/blog\/2010\/03\/21\/bolore-blue-car\/#primaryimage"},"thumbnailUrl":"https:\/\/www.carideal.com\/blog\/wp-content\/uploads\/2010\/03\/bollore-blue-car_carideal_m.jpg","datePublished":"2010-03-21T17:44:00+00:00","dateModified":"2021-01-12T08:48:28+00:00","description":"La Bollor\u00e9 Bluecar est \u00e9quip\u00e9e d'un Moteur \u00e9lectrique de 50 kw, 68 ch. La bluecar passera cet automne de l'\u00e9tat de prototype \u00e0 celui de mod\u00e8le de s\u00e9rie disponible \u00e0 la location.","breadcrumb":{"@id":"https:\/\/www.carideal.com\/blog\/2010\/03\/21\/bolore-blue-car\/#breadcrumb"},"inLanguage":"fr-FR","potentialAction":[{"@type":"ReadAction","target":["https:\/\/www.carideal.com\/blog\/2010\/03\/21\/bolore-blue-car\/"]}]},{"@type":"ImageObject","inLanguage":"fr-FR","@id":"https:\/\/www.carideal.com\/blog\/2010\/03\/21\/bolore-blue-car\/#primaryimage","url":"https:\/\/www.carideal.com\/blog\/wp-content\/uploads\/2010\/03\/bollore-blue-car_carideal_m.jpg","contentUrl":"https:\/\/www.carideal.com\/blog\/wp-content\/uploads\/2010\/03\/bollore-blue-car_carideal_m.jpg","width":448,"height":337,"caption":"Bollore Bluecar"},{"@type":"BreadcrumbList","@id":"https:\/\/www.carideal.com\/blog\/2010\/03\/21\/bolore-blue-car\/#breadcrumb","itemListElement":[{"@type":"ListItem","position":1,"name":"Blog Carid\u00e9al","item":"https:\/\/www.carideal.com\/blog\/"},{"@type":"ListItem","position":2,"name":"Technologie Automobile","item":"https:\/\/www.carideal.com\/blog\/technologie-2\/"},{"@type":"ListItem","position":3,"name":"Voiture \u00e9lectrique","item":"https:\/\/www.carideal.com\/blog\/technologie-2\/electrique-technologie-2\/"},{"@type":"ListItem","position":4,"name":"Bollor\u00e9 Bluecar en vente maintenant"}]},{"@type":"WebSite","@id":"https:\/\/www.carideal.com\/blog\/#website","url":"https:\/\/www.carideal.com\/blog\/","name":"Blog auto Carid\u00e9al","description":"Actualit\u00e9 auto par des passionn\u00e9s","publisher":{"@id":"https:\/\/www.carideal.com\/blog\/#organization"},"potentialAction":[{"@type":"SearchAction","target":{"@type":"EntryPoint","urlTemplate":"https:\/\/www.carideal.com\/blog\/?s={search_term_string}"},"query-input":{"@type":"PropertyValueSpecification","valueRequired":true,"valueName":"search_term_string"}}],"inLanguage":"fr-FR"},{"@type":"Organization","@id":"https:\/\/www.carideal.com\/blog\/#organization","name":"Carideal","url":"https:\/\/www.carideal.com\/blog\/","logo":{"@type":"ImageObject","inLanguage":"fr-FR","@id":"https:\/\/www.carideal.com\/blog\/#\/schema\/logo\/image\/","url":"http:\/\/www.carideal.com\/blog\/wp-content\/uploads\/2016\/03\/logo-carideal-mandataire-automobile.png","contentUrl":"http:\/\/www.carideal.com\/blog\/wp-content\/uploads\/2016\/03\/logo-carideal-mandataire-automobile.png","width":300,"height":300,"caption":"Carideal"},"image":{"@id":"https:\/\/www.carideal.com\/blog\/#\/schema\/logo\/image\/"},"sameAs":["https:\/\/www.facebook.com\/Carideal.mandataire.automobile","https:\/\/x.com\/caridealauto","https:\/\/www.instagram.com\/carideal1\/","https:\/\/www.linkedin.com\/company\/carideal.com","https:\/\/fr.pinterest.com\/schiavonsas\/","https:\/\/www.youtube.com\/user\/caridealsas"]},{"@type":"Person","@id":"https:\/\/www.carideal.com\/blog\/#\/schema\/person\/985c7e757d1042d647f21bfaf8d41ebc","name":"N.S Carideal","image":{"@type":"ImageObject","inLanguage":"fr-FR","@id":"https:\/\/www.carideal.com\/blog\/#\/schema\/person\/image\/","url":"https:\/\/secure.gravatar.com\/avatar\/edb7ccdf1a4e3d14aef967760d354d0e?s=96&r=g","contentUrl":"https:\/\/secure.gravatar.com\/avatar\/edb7ccdf1a4e3d14aef967760d354d0e?s=96&r=g","caption":"N.S Carideal"},"description":"Depuis tout petit fan d'automobile. Il est question d'essayer et de comparer toutes ces voitures qui nous ont fait r\u00e9ver, avant que celles-ci ne devient uniquement des voitures de collection.","sameAs":["http:\/\/www.carideal.com\/blog","https:\/\/www.facebook.com\/Carideal.mandataire.automobile\/","https:\/\/www.linkedin.com\/in\/nschiavon\/","https:\/\/www.youtube.com\/user\/caridealsas\/"],"url":"https:\/\/www.carideal.com\/blog\/author\/admin_carideal\/"}]}},"uagb_featured_image_src":{"full":["https:\/\/www.carideal.com\/blog\/wp-content\/uploads\/2010\/03\/bollore-blue-car_carideal_m.jpg",448,337,false],"thumbnail":["https:\/\/www.carideal.com\/blog\/wp-content\/uploads\/2010\/03\/bollore-blue-car_carideal_m-150x150.jpg",150,150,true],"medium":["https:\/\/www.carideal.com\/blog\/wp-content\/uploads\/2010\/03\/bollore-blue-car_carideal_m-300x226.jpg",300,226,true],"medium_large":["https:\/\/www.carideal.com\/blog\/wp-content\/uploads\/2010\/03\/bollore-blue-car_carideal_m.jpg",448,337,false],"large":["https:\/\/www.carideal.com\/blog\/wp-content\/uploads\/2010\/03\/bollore-blue-car_carideal_m.jpg",448,337,false],"1536x1536":["https:\/\/www.carideal.com\/blog\/wp-content\/uploads\/2010\/03\/bollore-blue-car_carideal_m.jpg",448,337,false],"2048x2048":["https:\/\/www.carideal.com\/blog\/wp-content\/uploads\/2010\/03\/bollore-blue-car_carideal_m.jpg",448,337,false],"wppr-widget":["https:\/\/www.carideal.com\/blog\/wp-content\/uploads\/2010\/03\/bollore-blue-car_carideal_m-50x38.jpg",50,38,true]},"uagb_author_info":{"display_name":"N.S Carideal","author_link":"https:\/\/www.carideal.com\/blog\/author\/admin_carideal\/"},"uagb_comment_info":0,"uagb_excerpt":"Bolor\u00e9 Blue Car en vente maintenant La Bollor\u00e9 Bluecar est \u00e9quip\u00e9e d'un Moteur \u00e9lectrique de 50 kw, 68 ch. La bluecar passera cet automne de l'\u00e9tat de prototype \u00e0 celui de mod\u00e8le de s\u00e9rie disponible \u00e0 la location. Cette citadine longue de 3.65 m dispose d'une autonomie th\u00e9orique de 250 km et se recharge sur\u2026","_links":{"self":[{"href":"https:\/\/www.carideal.com\/blog\/wp-json\/wp\/v2\/posts\/157"}],"collection":[{"href":"https:\/\/www.carideal.com\/blog\/wp-json\/wp\/v2\/posts"}],"about":[{"href":"https:\/\/www.carideal.com\/blog\/wp-json\/wp\/v2\/types\/post"}],"author":[{"embeddable":true,"href":"https:\/\/www.carideal.com\/blog\/wp-json\/wp\/v2\/users\/1"}],"replies":[{"embeddable":true,"href":"https:\/\/www.carideal.com\/blog\/wp-json\/wp\/v2\/comments?post=157"}],"version-history":[{"count":0,"href":"https:\/\/www.carideal.com\/blog\/wp-json\/wp\/v2\/posts\/157\/revisions"}],"wp:featuredmedia":[{"embeddable":true,"href":"https:\/\/www.carideal.com\/blog\/wp-json\/wp\/v2\/media\/25221"}],"wp:attachment":[{"href":"https:\/\/www.carideal.com\/blog\/wp-json\/wp\/v2\/media?parent=157"}],"wp:term":[{"taxonomy":"category","embeddable":true,"href":"https:\/\/www.carideal.com\/blog\/wp-json\/wp\/v2\/categories?post=157"},{"taxonomy":"post_tag","embeddable":true,"href":"https:\/\/www.carideal.com\/blog\/wp-json\/wp\/v2\/tags?post=157"}],"curies":[{"name":"wp","href":"https:\/\/api.w.org\/{rel}","templated":true}]}}