{"id":1564,"date":"2012-01-24T14:11:00","date_gmt":"2012-01-24T14:11:00","guid":{"rendered":"http:\/\/carideal.com\/blog\/?p=1564"},"modified":"2017-02-22T15:25:20","modified_gmt":"2017-02-22T14:25:20","slug":"lancement-et-test-du-pneu-michelin-primacy-3","status":"publish","type":"post","link":"https:\/\/www.carideal.com\/blog\/2012\/01\/24\/lancement-et-test-du-pneu-michelin-primacy-3\/","title":{"rendered":"Test pneu Michelin Primacy 3"},"content":{"rendered":"<h1><strong>Test pneu Michelin Primacy 3<\/strong><\/h1>\n<p>Michelin nous explique que son cr\u00e9neau c'est la s\u00e9curit\u00e9 routi\u00e8re et explique comment a \u00e9t\u00e9 con\u00e7u le nouveau pneu Michelin Primacy 3<\/p>\n<p><iframe loading=\"lazy\" src=\"http:\/\/www.youtube.com\/embed\/convl3OCfKI\" width=\"640\" height=\"360\" frameborder=\"0\" allowfullscreen=\"allowfullscreen\"><\/iframe><\/p>\n<p>Le Michelin Primacy 3 est le <a href=\"http:\/\/www.carideal.com\/blog\/garage-automobile\/pneu\/\">pneu<\/a> Grand Tourisme d'\u00e9t\u00e9\u00a0d\u00e9velopp\u00e9 par <a href=\"http:\/\/www.carideal.com\/blog\/garage-automobile\/pneu\/pneu-michelin\/\">Michelin<\/a> pour les conducteurs de coup\u00e9 et de berline de luxe \u00e0 la recherche de pneus \u00e9t\u00e9\u00a0qui combinent le bon roulement et le faible bruit avec un meilleur freinage, contr\u00f4le de direction et maniabilit\u00e9 sur route humide. Con\u00e7us pour am\u00e9liorer l'efficacit\u00e9 \u00e9nerg\u00e9tique des v\u00e9hicules et r\u00e9duire les \u00e9missions de CO2, les pneus Primacy 3 r\u00e9pondent au standard Green X de Michelin * pour une faible r\u00e9sistance au roulement. Alors que les pneus Primacy 3 sont con\u00e7us pour offrir une traction fiable dans des conditions s\u00e8ches et humides \u00e0 des temp\u00e9ratures ambiantes chaudes, ils ne sont pas destin\u00e9s \u00e0 \u00eatre entra\u00een\u00e9s \u00e0 des temp\u00e9ratures proches du gel, dans\u00a0la neige ou la glace.<\/p>\n<ul>\n<li><a href=\"http:\/\/www.carideal.com\/blog\/garage-automobile\/pneu\/pneu-michelin-pas-cher\/\">Retrouvez nos offres de pneu Michelin<\/a><\/li>\n<\/ul>\n<h2>Technologie du Michelin Primacy 3<\/h2>\n<p>Les pneus Primacy 3 sont compos\u00e9s d'une bande de roulement Michelin de nouvelle g\u00e9n\u00e9ration, moul\u00e9 dans une bande de roulement sym\u00e9trique qui pr\u00e9sente une nervure centrale crant\u00e9e bord\u00e9e de nervures interm\u00e9diaires ind\u00e9pendantes et de grands blocs d'\u00e9paule pour combiner la maniabilit\u00e9 et la stabilit\u00e9 \u00e0 grande vitesse avec la traction et m\u00eame la bande de roulement. La structure du pneu Primacy 3 comprend des cables\u00a0en acier doubles renforc\u00e9es par une technologie BAZ optimis\u00e9e en taille (polyamide enroul\u00e9 en spirale \u00e0 z\u00e9ro degr\u00e9 par rapport \u00e0 la rotation des pneus) afin d'am\u00e9liorer la qualit\u00e9 de conduite tout en offrant une durabilit\u00e9 \u00e0 grande vitesse.<\/p>\n<p>* Les tailles sp\u00e9cifiques de la technologie Green X sont identifi\u00e9es comme telles dans l'onglet Tailles de la notice des pneus, ainsi que sur l'onglet Sp\u00e9cifications du pneu.<\/p>\n<p>Vous voulez une offre sur la pose de pneus Michelin Primacy 3 <a href=\"http:\/\/www.carideal.com\/blog\/contactez-nous\/\">contactez-nous<\/a> via notre formulaire en ligne.<\/p>\n<p>Via vid\u00e9o lebloauto<\/p>\n","protected":false},"excerpt":{"rendered":"<p>Test pneu Michelin Primacy 3 Michelin nous explique que son cr\u00e9neau c&rsquo;est la s\u00e9curit\u00e9 routi\u00e8re et explique comment a \u00e9t\u00e9 con\u00e7u le nouveau pneu Michelin Primacy 3 Le Michelin Primacy 3 est le pneu Grand Tourisme d&rsquo;\u00e9t\u00e9\u00a0d\u00e9velopp\u00e9 par Michelin pour les conducteurs de coup\u00e9 et de berline de luxe \u00e0 la recherche de pneus \u00e9t\u00e9\u00a0qui &#8230; <a title=\"Test pneu Michelin Primacy 3\" class=\"read-more\" href=\"https:\/\/www.carideal.com\/blog\/2012\/01\/24\/lancement-et-test-du-pneu-michelin-primacy-3\/\" aria-label=\"En savoir plus sur Test pneu Michelin Primacy 3\">Lire plus<\/a><\/p>\n","protected":false},"author":1,"featured_media":15425,"comment_status":"open","ping_status":"open","sticky":false,"template":"","format":"video","meta":{"_uag_custom_page_level_css":"","_themeisle_gutenberg_block_has_review":false,"footnotes":""},"categories":[5942,13],"tags":[6195],"class_list":["post-1564","post","type-post","status-publish","format-video","has-post-thumbnail","hentry","category-michelin","category-pneumatique","tag-test-pneu","post_format-post-format-video"],"wppr_data":{"cwp_meta_box_check":"No"},"yoast_head":"<!-- This site is optimized with the Yoast SEO plugin v24.8.1 - https:\/\/yoast.com\/wordpress\/plugins\/seo\/ -->\n<title>Test pneu Michelin Primacy 3 - Blog auto Carid\u00e9al<\/title>\n<meta name=\"description\" content=\"Test pneu Michelin Primacy 3 : le pneu Grand Tourisme d\u00e9velopp\u00e9 par Michelin pour les conducteurs de coup\u00e9 et de berline de luxe \u00e0 la recherche de pneus \u00e9t\u00e9\" \/>\n<meta name=\"robots\" content=\"index, follow, max-snippet:-1, max-image-preview:large, max-video-preview:-1\" \/>\n<link rel=\"canonical\" href=\"https:\/\/www.carideal.com\/blog\/2012\/01\/24\/lancement-et-test-du-pneu-michelin-primacy-3\/\" \/>\n<meta property=\"og:locale\" content=\"fr_FR\" \/>\n<meta property=\"og:type\" content=\"article\" \/>\n<meta property=\"og:title\" content=\"Test pneu Michelin Primacy 3 - Blog auto Carid\u00e9al\" \/>\n<meta property=\"og:description\" content=\"Test pneu Michelin Primacy 3 : le pneu Grand Tourisme d\u00e9velopp\u00e9 par Michelin pour les conducteurs de coup\u00e9 et de berline de luxe \u00e0 la recherche de pneus \u00e9t\u00e9\" \/>\n<meta property=\"og:url\" content=\"https:\/\/www.carideal.com\/blog\/2012\/01\/24\/lancement-et-test-du-pneu-michelin-primacy-3\/\" \/>\n<meta property=\"og:site_name\" content=\"Blog auto Carid\u00e9al\" \/>\n<meta property=\"article:publisher\" content=\"https:\/\/www.facebook.com\/Carideal.mandataire.automobile\" \/>\n<meta property=\"article:author\" content=\"https:\/\/www.facebook.com\/Carideal.mandataire.automobile\/\" \/>\n<meta property=\"article:published_time\" content=\"2012-01-24T14:11:00+00:00\" \/>\n<meta property=\"article:modified_time\" content=\"2017-02-22T14:25:20+00:00\" \/>\n<meta property=\"og:image\" content=\"https:\/\/www.carideal.com\/blog\/wp-content\/uploads\/2012\/01\/michelin-primacy-3-schiavon-citroen-bassens-1-e1487770849115.jpg\" \/>\n\t<meta property=\"og:image:width\" content=\"800\" \/>\n\t<meta property=\"og:image:height\" content=\"570\" \/>\n\t<meta property=\"og:image:type\" content=\"image\/jpeg\" \/>\n<meta name=\"author\" content=\"N.S Carideal\" \/>\n<meta name=\"twitter:card\" content=\"summary_large_image\" \/>\n<meta name=\"twitter:creator\" content=\"@caridealauto\" \/>\n<meta name=\"twitter:site\" content=\"@caridealauto\" \/>\n<meta name=\"twitter:label1\" content=\"\u00c9crit par\" \/>\n\t<meta name=\"twitter:data1\" content=\"N.S Carideal\" \/>\n\t<meta name=\"twitter:label2\" content=\"Dur\u00e9e de lecture estim\u00e9e\" \/>\n\t<meta name=\"twitter:data2\" content=\"2 minutes\" \/>\n<script type=\"application\/ld+json\" class=\"yoast-schema-graph\">{\"@context\":\"https:\/\/schema.org\",\"@graph\":[{\"@type\":\"Article\",\"@id\":\"https:\/\/www.carideal.com\/blog\/2012\/01\/24\/lancement-et-test-du-pneu-michelin-primacy-3\/#article\",\"isPartOf\":{\"@id\":\"https:\/\/www.carideal.com\/blog\/2012\/01\/24\/lancement-et-test-du-pneu-michelin-primacy-3\/\"},\"author\":{\"name\":\"N.S Carideal\",\"@id\":\"https:\/\/www.carideal.com\/blog\/#\/schema\/person\/985c7e757d1042d647f21bfaf8d41ebc\"},\"headline\":\"Test pneu Michelin Primacy 3\",\"datePublished\":\"2012-01-24T14:11:00+00:00\",\"dateModified\":\"2017-02-22T14:25:20+00:00\",\"mainEntityOfPage\":{\"@id\":\"https:\/\/www.carideal.com\/blog\/2012\/01\/24\/lancement-et-test-du-pneu-michelin-primacy-3\/\"},\"wordCount\":341,\"commentCount\":3,\"publisher\":{\"@id\":\"https:\/\/www.carideal.com\/blog\/#organization\"},\"image\":{\"@id\":\"https:\/\/www.carideal.com\/blog\/2012\/01\/24\/lancement-et-test-du-pneu-michelin-primacy-3\/#primaryimage\"},\"thumbnailUrl\":\"https:\/\/www.carideal.com\/blog\/wp-content\/uploads\/2012\/01\/michelin-primacy-3-schiavon-citroen-bassens-1-e1487770849115.jpg\",\"keywords\":[\"Test Pneu\"],\"articleSection\":[\"Pneu Michelin\",\"Pneumatique\"],\"inLanguage\":\"fr-FR\",\"potentialAction\":[{\"@type\":\"CommentAction\",\"name\":\"Comment\",\"target\":[\"https:\/\/www.carideal.com\/blog\/2012\/01\/24\/lancement-et-test-du-pneu-michelin-primacy-3\/#respond\"]}]},{\"@type\":\"WebPage\",\"@id\":\"https:\/\/www.carideal.com\/blog\/2012\/01\/24\/lancement-et-test-du-pneu-michelin-primacy-3\/\",\"url\":\"https:\/\/www.carideal.com\/blog\/2012\/01\/24\/lancement-et-test-du-pneu-michelin-primacy-3\/\",\"name\":\"Test pneu Michelin Primacy 3 - Blog auto Carid\u00e9al\",\"isPartOf\":{\"@id\":\"https:\/\/www.carideal.com\/blog\/#website\"},\"primaryImageOfPage\":{\"@id\":\"https:\/\/www.carideal.com\/blog\/2012\/01\/24\/lancement-et-test-du-pneu-michelin-primacy-3\/#primaryimage\"},\"image\":{\"@id\":\"https:\/\/www.carideal.com\/blog\/2012\/01\/24\/lancement-et-test-du-pneu-michelin-primacy-3\/#primaryimage\"},\"thumbnailUrl\":\"https:\/\/www.carideal.com\/blog\/wp-content\/uploads\/2012\/01\/michelin-primacy-3-schiavon-citroen-bassens-1-e1487770849115.jpg\",\"datePublished\":\"2012-01-24T14:11:00+00:00\",\"dateModified\":\"2017-02-22T14:25:20+00:00\",\"description\":\"Test pneu Michelin Primacy 3 : le pneu Grand Tourisme d\u00e9velopp\u00e9 par Michelin pour les conducteurs de coup\u00e9 et de berline de luxe \u00e0 la recherche de pneus \u00e9t\u00e9\",\"breadcrumb\":{\"@id\":\"https:\/\/www.carideal.com\/blog\/2012\/01\/24\/lancement-et-test-du-pneu-michelin-primacy-3\/#breadcrumb\"},\"inLanguage\":\"fr-FR\",\"potentialAction\":[{\"@type\":\"ReadAction\",\"target\":[\"https:\/\/www.carideal.com\/blog\/2012\/01\/24\/lancement-et-test-du-pneu-michelin-primacy-3\/\"]}]},{\"@type\":\"ImageObject\",\"inLanguage\":\"fr-FR\",\"@id\":\"https:\/\/www.carideal.com\/blog\/2012\/01\/24\/lancement-et-test-du-pneu-michelin-primacy-3\/#primaryimage\",\"url\":\"https:\/\/www.carideal.com\/blog\/wp-content\/uploads\/2012\/01\/michelin-primacy-3-schiavon-citroen-bassens-1-e1487770849115.jpg\",\"contentUrl\":\"https:\/\/www.carideal.com\/blog\/wp-content\/uploads\/2012\/01\/michelin-primacy-3-schiavon-citroen-bassens-1-e1487770849115.jpg\",\"width\":800,\"height\":570,\"caption\":\"Test Michelin Primacy 3\"},{\"@type\":\"BreadcrumbList\",\"@id\":\"https:\/\/www.carideal.com\/blog\/2012\/01\/24\/lancement-et-test-du-pneu-michelin-primacy-3\/#breadcrumb\",\"itemListElement\":[{\"@type\":\"ListItem\",\"position\":1,\"name\":\"Blog Carid\u00e9al\",\"item\":\"https:\/\/www.carideal.com\/blog\/\"},{\"@type\":\"ListItem\",\"position\":2,\"name\":\"Pneumatique\",\"item\":\"https:\/\/www.carideal.com\/blog\/pneumatique\/\"},{\"@type\":\"ListItem\",\"position\":3,\"name\":\"Pneu Michelin\",\"item\":\"https:\/\/www.carideal.com\/blog\/pneumatique\/michelin\/\"},{\"@type\":\"ListItem\",\"position\":4,\"name\":\"Test pneu Michelin Primacy 3\"}]},{\"@type\":\"WebSite\",\"@id\":\"https:\/\/www.carideal.com\/blog\/#website\",\"url\":\"https:\/\/www.carideal.com\/blog\/\",\"name\":\"Blog auto Carid\u00e9al\",\"description\":\"Actualit\u00e9 auto par des passionn\u00e9s\",\"publisher\":{\"@id\":\"https:\/\/www.carideal.com\/blog\/#organization\"},\"potentialAction\":[{\"@type\":\"SearchAction\",\"target\":{\"@type\":\"EntryPoint\",\"urlTemplate\":\"https:\/\/www.carideal.com\/blog\/?s={search_term_string}\"},\"query-input\":{\"@type\":\"PropertyValueSpecification\",\"valueRequired\":true,\"valueName\":\"search_term_string\"}}],\"inLanguage\":\"fr-FR\"},{\"@type\":\"Organization\",\"@id\":\"https:\/\/www.carideal.com\/blog\/#organization\",\"name\":\"Carideal\",\"url\":\"https:\/\/www.carideal.com\/blog\/\",\"logo\":{\"@type\":\"ImageObject\",\"inLanguage\":\"fr-FR\",\"@id\":\"https:\/\/www.carideal.com\/blog\/#\/schema\/logo\/image\/\",\"url\":\"http:\/\/www.carideal.com\/blog\/wp-content\/uploads\/2016\/03\/logo-carideal-mandataire-automobile.png\",\"contentUrl\":\"http:\/\/www.carideal.com\/blog\/wp-content\/uploads\/2016\/03\/logo-carideal-mandataire-automobile.png\",\"width\":300,\"height\":300,\"caption\":\"Carideal\"},\"image\":{\"@id\":\"https:\/\/www.carideal.com\/blog\/#\/schema\/logo\/image\/\"},\"sameAs\":[\"https:\/\/www.facebook.com\/Carideal.mandataire.automobile\",\"https:\/\/x.com\/caridealauto\",\"https:\/\/www.instagram.com\/carideal1\/\",\"https:\/\/www.linkedin.com\/company\/carideal.com\",\"https:\/\/fr.pinterest.com\/schiavonsas\/\",\"https:\/\/www.youtube.com\/user\/caridealsas\"]},{\"@type\":\"Person\",\"@id\":\"https:\/\/www.carideal.com\/blog\/#\/schema\/person\/985c7e757d1042d647f21bfaf8d41ebc\",\"name\":\"N.S Carideal\",\"image\":{\"@type\":\"ImageObject\",\"inLanguage\":\"fr-FR\",\"@id\":\"https:\/\/www.carideal.com\/blog\/#\/schema\/person\/image\/\",\"url\":\"https:\/\/secure.gravatar.com\/avatar\/edb7ccdf1a4e3d14aef967760d354d0e?s=96&r=g\",\"contentUrl\":\"https:\/\/secure.gravatar.com\/avatar\/edb7ccdf1a4e3d14aef967760d354d0e?s=96&r=g\",\"caption\":\"N.S Carideal\"},\"description\":\"Depuis tout petit fan d'automobile. Il est question d'essayer et de comparer toutes ces voitures qui nous ont fait r\u00e9ver, avant que celles-ci ne devient uniquement des voitures de collection.\",\"sameAs\":[\"http:\/\/www.carideal.com\/blog\",\"https:\/\/www.facebook.com\/Carideal.mandataire.automobile\/\",\"https:\/\/www.linkedin.com\/in\/nschiavon\/\",\"https:\/\/www.youtube.com\/user\/caridealsas\/\"],\"url\":\"https:\/\/www.carideal.com\/blog\/author\/admin_carideal\/\"}]}<\/script>\n<!-- \/ Yoast SEO plugin. -->","yoast_head_json":{"title":"Test pneu Michelin Primacy 3 - Blog auto Carid\u00e9al","description":"Test pneu Michelin Primacy 3 : le pneu Grand Tourisme d\u00e9velopp\u00e9 par Michelin pour les conducteurs de coup\u00e9 et de berline de luxe \u00e0 la recherche de pneus \u00e9t\u00e9","robots":{"index":"index","follow":"follow","max-snippet":"max-snippet:-1","max-image-preview":"max-image-preview:large","max-video-preview":"max-video-preview:-1"},"canonical":"https:\/\/www.carideal.com\/blog\/2012\/01\/24\/lancement-et-test-du-pneu-michelin-primacy-3\/","og_locale":"fr_FR","og_type":"article","og_title":"Test pneu Michelin Primacy 3 - Blog auto Carid\u00e9al","og_description":"Test pneu Michelin Primacy 3 : le pneu Grand Tourisme d\u00e9velopp\u00e9 par Michelin pour les conducteurs de coup\u00e9 et de berline de luxe \u00e0 la recherche de pneus \u00e9t\u00e9","og_url":"https:\/\/www.carideal.com\/blog\/2012\/01\/24\/lancement-et-test-du-pneu-michelin-primacy-3\/","og_site_name":"Blog auto Carid\u00e9al","article_publisher":"https:\/\/www.facebook.com\/Carideal.mandataire.automobile","article_author":"https:\/\/www.facebook.com\/Carideal.mandataire.automobile\/","article_published_time":"2012-01-24T14:11:00+00:00","article_modified_time":"2017-02-22T14:25:20+00:00","og_image":[{"width":800,"height":570,"url":"https:\/\/www.carideal.com\/blog\/wp-content\/uploads\/2012\/01\/michelin-primacy-3-schiavon-citroen-bassens-1-e1487770849115.jpg","type":"image\/jpeg"}],"author":"N.S Carideal","twitter_card":"summary_large_image","twitter_creator":"@caridealauto","twitter_site":"@caridealauto","twitter_misc":{"\u00c9crit par":"N.S Carideal","Dur\u00e9e de lecture estim\u00e9e":"2 minutes"},"schema":{"@context":"https:\/\/schema.org","@graph":[{"@type":"Article","@id":"https:\/\/www.carideal.com\/blog\/2012\/01\/24\/lancement-et-test-du-pneu-michelin-primacy-3\/#article","isPartOf":{"@id":"https:\/\/www.carideal.com\/blog\/2012\/01\/24\/lancement-et-test-du-pneu-michelin-primacy-3\/"},"author":{"name":"N.S Carideal","@id":"https:\/\/www.carideal.com\/blog\/#\/schema\/person\/985c7e757d1042d647f21bfaf8d41ebc"},"headline":"Test pneu Michelin Primacy 3","datePublished":"2012-01-24T14:11:00+00:00","dateModified":"2017-02-22T14:25:20+00:00","mainEntityOfPage":{"@id":"https:\/\/www.carideal.com\/blog\/2012\/01\/24\/lancement-et-test-du-pneu-michelin-primacy-3\/"},"wordCount":341,"commentCount":3,"publisher":{"@id":"https:\/\/www.carideal.com\/blog\/#organization"},"image":{"@id":"https:\/\/www.carideal.com\/blog\/2012\/01\/24\/lancement-et-test-du-pneu-michelin-primacy-3\/#primaryimage"},"thumbnailUrl":"https:\/\/www.carideal.com\/blog\/wp-content\/uploads\/2012\/01\/michelin-primacy-3-schiavon-citroen-bassens-1-e1487770849115.jpg","keywords":["Test Pneu"],"articleSection":["Pneu Michelin","Pneumatique"],"inLanguage":"fr-FR","potentialAction":[{"@type":"CommentAction","name":"Comment","target":["https:\/\/www.carideal.com\/blog\/2012\/01\/24\/lancement-et-test-du-pneu-michelin-primacy-3\/#respond"]}]},{"@type":"WebPage","@id":"https:\/\/www.carideal.com\/blog\/2012\/01\/24\/lancement-et-test-du-pneu-michelin-primacy-3\/","url":"https:\/\/www.carideal.com\/blog\/2012\/01\/24\/lancement-et-test-du-pneu-michelin-primacy-3\/","name":"Test pneu Michelin Primacy 3 - Blog auto Carid\u00e9al","isPartOf":{"@id":"https:\/\/www.carideal.com\/blog\/#website"},"primaryImageOfPage":{"@id":"https:\/\/www.carideal.com\/blog\/2012\/01\/24\/lancement-et-test-du-pneu-michelin-primacy-3\/#primaryimage"},"image":{"@id":"https:\/\/www.carideal.com\/blog\/2012\/01\/24\/lancement-et-test-du-pneu-michelin-primacy-3\/#primaryimage"},"thumbnailUrl":"https:\/\/www.carideal.com\/blog\/wp-content\/uploads\/2012\/01\/michelin-primacy-3-schiavon-citroen-bassens-1-e1487770849115.jpg","datePublished":"2012-01-24T14:11:00+00:00","dateModified":"2017-02-22T14:25:20+00:00","description":"Test pneu Michelin Primacy 3 : le pneu Grand Tourisme d\u00e9velopp\u00e9 par Michelin pour les conducteurs de coup\u00e9 et de berline de luxe \u00e0 la recherche de pneus \u00e9t\u00e9","breadcrumb":{"@id":"https:\/\/www.carideal.com\/blog\/2012\/01\/24\/lancement-et-test-du-pneu-michelin-primacy-3\/#breadcrumb"},"inLanguage":"fr-FR","potentialAction":[{"@type":"ReadAction","target":["https:\/\/www.carideal.com\/blog\/2012\/01\/24\/lancement-et-test-du-pneu-michelin-primacy-3\/"]}]},{"@type":"ImageObject","inLanguage":"fr-FR","@id":"https:\/\/www.carideal.com\/blog\/2012\/01\/24\/lancement-et-test-du-pneu-michelin-primacy-3\/#primaryimage","url":"https:\/\/www.carideal.com\/blog\/wp-content\/uploads\/2012\/01\/michelin-primacy-3-schiavon-citroen-bassens-1-e1487770849115.jpg","contentUrl":"https:\/\/www.carideal.com\/blog\/wp-content\/uploads\/2012\/01\/michelin-primacy-3-schiavon-citroen-bassens-1-e1487770849115.jpg","width":800,"height":570,"caption":"Test Michelin Primacy 3"},{"@type":"BreadcrumbList","@id":"https:\/\/www.carideal.com\/blog\/2012\/01\/24\/lancement-et-test-du-pneu-michelin-primacy-3\/#breadcrumb","itemListElement":[{"@type":"ListItem","position":1,"name":"Blog Carid\u00e9al","item":"https:\/\/www.carideal.com\/blog\/"},{"@type":"ListItem","position":2,"name":"Pneumatique","item":"https:\/\/www.carideal.com\/blog\/pneumatique\/"},{"@type":"ListItem","position":3,"name":"Pneu Michelin","item":"https:\/\/www.carideal.com\/blog\/pneumatique\/michelin\/"},{"@type":"ListItem","position":4,"name":"Test pneu Michelin Primacy 3"}]},{"@type":"WebSite","@id":"https:\/\/www.carideal.com\/blog\/#website","url":"https:\/\/www.carideal.com\/blog\/","name":"Blog auto Carid\u00e9al","description":"Actualit\u00e9 auto par des passionn\u00e9s","publisher":{"@id":"https:\/\/www.carideal.com\/blog\/#organization"},"potentialAction":[{"@type":"SearchAction","target":{"@type":"EntryPoint","urlTemplate":"https:\/\/www.carideal.com\/blog\/?s={search_term_string}"},"query-input":{"@type":"PropertyValueSpecification","valueRequired":true,"valueName":"search_term_string"}}],"inLanguage":"fr-FR"},{"@type":"Organization","@id":"https:\/\/www.carideal.com\/blog\/#organization","name":"Carideal","url":"https:\/\/www.carideal.com\/blog\/","logo":{"@type":"ImageObject","inLanguage":"fr-FR","@id":"https:\/\/www.carideal.com\/blog\/#\/schema\/logo\/image\/","url":"http:\/\/www.carideal.com\/blog\/wp-content\/uploads\/2016\/03\/logo-carideal-mandataire-automobile.png","contentUrl":"http:\/\/www.carideal.com\/blog\/wp-content\/uploads\/2016\/03\/logo-carideal-mandataire-automobile.png","width":300,"height":300,"caption":"Carideal"},"image":{"@id":"https:\/\/www.carideal.com\/blog\/#\/schema\/logo\/image\/"},"sameAs":["https:\/\/www.facebook.com\/Carideal.mandataire.automobile","https:\/\/x.com\/caridealauto","https:\/\/www.instagram.com\/carideal1\/","https:\/\/www.linkedin.com\/company\/carideal.com","https:\/\/fr.pinterest.com\/schiavonsas\/","https:\/\/www.youtube.com\/user\/caridealsas"]},{"@type":"Person","@id":"https:\/\/www.carideal.com\/blog\/#\/schema\/person\/985c7e757d1042d647f21bfaf8d41ebc","name":"N.S Carideal","image":{"@type":"ImageObject","inLanguage":"fr-FR","@id":"https:\/\/www.carideal.com\/blog\/#\/schema\/person\/image\/","url":"https:\/\/secure.gravatar.com\/avatar\/edb7ccdf1a4e3d14aef967760d354d0e?s=96&r=g","contentUrl":"https:\/\/secure.gravatar.com\/avatar\/edb7ccdf1a4e3d14aef967760d354d0e?s=96&r=g","caption":"N.S Carideal"},"description":"Depuis tout petit fan d'automobile. Il est question d'essayer et de comparer toutes ces voitures qui nous ont fait r\u00e9ver, avant que celles-ci ne devient uniquement des voitures de collection.","sameAs":["http:\/\/www.carideal.com\/blog","https:\/\/www.facebook.com\/Carideal.mandataire.automobile\/","https:\/\/www.linkedin.com\/in\/nschiavon\/","https:\/\/www.youtube.com\/user\/caridealsas\/"],"url":"https:\/\/www.carideal.com\/blog\/author\/admin_carideal\/"}]}},"uagb_featured_image_src":{"full":["https:\/\/www.carideal.com\/blog\/wp-content\/uploads\/2012\/01\/michelin-primacy-3-schiavon-citroen-bassens-1-e1487770849115.jpg",800,570,false],"thumbnail":["https:\/\/www.carideal.com\/blog\/wp-content\/uploads\/2012\/01\/michelin-primacy-3-schiavon-citroen-bassens-1-150x150.jpg",150,150,true],"medium":["https:\/\/www.carideal.com\/blog\/wp-content\/uploads\/2012\/01\/michelin-primacy-3-schiavon-citroen-bassens-1-300x214.jpg",300,214,true],"medium_large":["https:\/\/www.carideal.com\/blog\/wp-content\/uploads\/2012\/01\/michelin-primacy-3-schiavon-citroen-bassens-1-768x548.jpg",768,548,true],"large":["https:\/\/www.carideal.com\/blog\/wp-content\/uploads\/2012\/01\/michelin-primacy-3-schiavon-citroen-bassens-1-1024x730.jpg",1024,730,true],"1536x1536":["https:\/\/www.carideal.com\/blog\/wp-content\/uploads\/2012\/01\/michelin-primacy-3-schiavon-citroen-bassens-1-e1487770849115.jpg",800,570,false],"2048x2048":["https:\/\/www.carideal.com\/blog\/wp-content\/uploads\/2012\/01\/michelin-primacy-3-schiavon-citroen-bassens-1-e1487770849115.jpg",800,570,false],"wppr-widget":["https:\/\/www.carideal.com\/blog\/wp-content\/uploads\/2012\/01\/michelin-primacy-3-schiavon-citroen-bassens-1-e1487770849115.jpg",50,36,false]},"uagb_author_info":{"display_name":"N.S Carideal","author_link":"https:\/\/www.carideal.com\/blog\/author\/admin_carideal\/"},"uagb_comment_info":4,"uagb_excerpt":"Test pneu Michelin Primacy 3 Michelin nous explique que son cr\u00e9neau c'est la s\u00e9curit\u00e9 routi\u00e8re et explique comment a \u00e9t\u00e9 con\u00e7u le nouveau pneu Michelin Primacy 3 Le Michelin Primacy 3 est le pneu Grand Tourisme d'\u00e9t\u00e9\u00a0d\u00e9velopp\u00e9 par Michelin pour les conducteurs de coup\u00e9 et de berline de luxe \u00e0 la recherche de pneus \u00e9t\u00e9\u00a0qui\u2026","_links":{"self":[{"href":"https:\/\/www.carideal.com\/blog\/wp-json\/wp\/v2\/posts\/1564"}],"collection":[{"href":"https:\/\/www.carideal.com\/blog\/wp-json\/wp\/v2\/posts"}],"about":[{"href":"https:\/\/www.carideal.com\/blog\/wp-json\/wp\/v2\/types\/post"}],"author":[{"embeddable":true,"href":"https:\/\/www.carideal.com\/blog\/wp-json\/wp\/v2\/users\/1"}],"replies":[{"embeddable":true,"href":"https:\/\/www.carideal.com\/blog\/wp-json\/wp\/v2\/comments?post=1564"}],"version-history":[{"count":0,"href":"https:\/\/www.carideal.com\/blog\/wp-json\/wp\/v2\/posts\/1564\/revisions"}],"wp:featuredmedia":[{"embeddable":true,"href":"https:\/\/www.carideal.com\/blog\/wp-json\/wp\/v2\/media\/15425"}],"wp:attachment":[{"href":"https:\/\/www.carideal.com\/blog\/wp-json\/wp\/v2\/media?parent=1564"}],"wp:term":[{"taxonomy":"category","embeddable":true,"href":"https:\/\/www.carideal.com\/blog\/wp-json\/wp\/v2\/categories?post=1564"},{"taxonomy":"post_tag","embeddable":true,"href":"https:\/\/www.carideal.com\/blog\/wp-json\/wp\/v2\/tags?post=1564"}],"curies":[{"name":"wp","href":"https:\/\/api.w.org\/{rel}","templated":true}]}}