{"id":1563,"date":"2011-12-31T14:55:00","date_gmt":"2011-12-31T14:55:00","guid":{"rendered":"http:\/\/carideal.com\/blog\/?p=1563"},"modified":"2020-03-08T07:31:02","modified_gmt":"2020-03-08T06:31:02","slug":"le-marche-du-pneus-s-emballe","status":"publish","type":"post","link":"https:\/\/www.carideal.com\/blog\/2011\/12\/31\/le-marche-du-pneus-s-emballe\/","title":{"rendered":"Le marche du pneus s emballe"},"content":{"rendered":"<h1><strong>Le march\u00e9 du pneus s'emballe<\/strong><\/h1>\n<blockquote><p>Bridgestone a pr\u00e9sent\u00e9 ce prototype de pneu au salon de Tokyo<\/p><\/blockquote>\n<p>Un nouveau logo sera apos\u00e9 sur les pneus hiver \u00e0 partir de Novembre 2012 <img decoding=\"async\" title=\"logo-tpnf-pneu-hiver-achat-discount-carideal.jpg, d\u00e9c. 2011\" src=\"\/blog\/public\/.logo-tpnf-pneu-hiver-achat-discount-carideal_t.jpg\" alt=\"logo-tpnf-pneu-hiver-achat-discount-carideal.jpg\" \/>. Le TPNF, Travaux de Normalisation des Pneumatiques pour la France, est une organisation professionnelle compos\u00e9e de Bridgestone, Continental, Goodyear-Dunlop, Michelin, Pirelli et Kleber. Le logo repr\u00e9sente une montagne \u00e0 trois pic entourant un flocon de neige.<br \/>\nPour le moment seul le sigle M+S (mud and snow) identifie les pneus hiver, mais les pneus ne passent aucun test, il s'agit de simple d\u00e9claration. Afin d'obtenir le logo 3PMSF il faudra passer un test de freinage. Les manufacturiers veulent interpeller les autorit\u00e9s sur l'opportunit\u00e9 de cr\u00e9er une r\u00e9glementation sp\u00e9cifique au march\u00e9 fran\u00e7ais. Ils souhaiteraient que les pneus au logo se substituent aux chaines \u00e0 neige.<\/p>\n<p><img decoding=\"async\" title=\"michelin_Primacy3-achat-carideal-pneu-discount.jpg, d\u00e9c. 2011\" src=\"\/blog\/public\/.michelin_Primacy3-achat-carideal-pneu-discount_m.jpg\" alt=\"michelin_Primacy3-achat-carideal-pneu-discount.jpg\" \/><\/p>\n<blockquote><p>Le nouveau pneu Michelin Primacy 3<\/p><\/blockquote>\n<p>La troisi\u00e8me version du Michelin Primacy va sortir en fevrier 2012. Michelin a pris en compte les statistiques d'accidents de la chaire d'accidentologie de l'universit\u00e9 de Dresde en Alllemagne, VUFO, qui a pass\u00e9 au crible les 20 000 accidents de la route recens\u00e9s en Europe ces dix derni\u00e8res ann\u00e9es voir le site de Michelin ici\u00a0: <a href=\"http:\/\/www.michelin.fr\/pneus\/michelin-primacy-3\" hreflang=\"fr\">http:\/\/www.michelin.fr\/pneus\/michelin-primacy-3<\/a><\/p>\n<p>\/ Achat Pneus discount<br \/>\n\/ Les Pneus hivers devraient \u00eatre obligatoire<\/p>\n","protected":false},"excerpt":{"rendered":"<p>Le march\u00e9 du pneus s&#8217;emballe Bridgestone a pr\u00e9sent\u00e9 ce prototype de pneu au salon de Tokyo Un nouveau logo sera apos\u00e9 sur les pneus hiver \u00e0 partir de Novembre 2012 . Le TPNF, Travaux de Normalisation des Pneumatiques pour la France, est une organisation professionnelle compos\u00e9e de Bridgestone, Continental, Goodyear-Dunlop, Michelin, Pirelli et Kleber. Le &#8230; <a title=\"Le marche du pneus s emballe\" class=\"read-more\" href=\"https:\/\/www.carideal.com\/blog\/2011\/12\/31\/le-marche-du-pneus-s-emballe\/\" aria-label=\"En savoir plus sur Le marche du pneus s emballe\">Lire plus<\/a><\/p>\n","protected":false},"author":1,"featured_media":0,"comment_status":"open","ping_status":"open","sticky":false,"template":"","format":"standard","meta":{"_uag_custom_page_level_css":"","_themeisle_gutenberg_block_has_review":false,"footnotes":""},"categories":[13],"tags":[],"class_list":["post-1563","post","type-post","status-publish","format-standard","hentry","category-pneumatique"],"wppr_data":[],"yoast_head":"<!-- This site is optimized with the Yoast SEO plugin v24.8.1 - https:\/\/yoast.com\/wordpress\/plugins\/seo\/ -->\n<title>Le marche du pneus s emballe - Blog auto Carid\u00e9al<\/title>\n<meta name=\"robots\" content=\"index, follow, max-snippet:-1, max-image-preview:large, max-video-preview:-1\" \/>\n<link rel=\"canonical\" href=\"https:\/\/www.carideal.com\/blog\/2011\/12\/31\/le-marche-du-pneus-s-emballe\/\" \/>\n<meta property=\"og:locale\" content=\"fr_FR\" \/>\n<meta property=\"og:type\" content=\"article\" \/>\n<meta property=\"og:title\" content=\"Le marche du pneus s emballe - Blog auto Carid\u00e9al\" \/>\n<meta property=\"og:description\" content=\"Le march\u00e9 du pneus s&#039;emballe Bridgestone a pr\u00e9sent\u00e9 ce prototype de pneu au salon de Tokyo Un nouveau logo sera apos\u00e9 sur les pneus hiver \u00e0 partir de Novembre 2012 . Le TPNF, Travaux de Normalisation des Pneumatiques pour la France, est une organisation professionnelle compos\u00e9e de Bridgestone, Continental, Goodyear-Dunlop, Michelin, Pirelli et Kleber. Le ... Lire plus\" \/>\n<meta property=\"og:url\" content=\"https:\/\/www.carideal.com\/blog\/2011\/12\/31\/le-marche-du-pneus-s-emballe\/\" \/>\n<meta property=\"og:site_name\" content=\"Blog auto Carid\u00e9al\" \/>\n<meta property=\"article:publisher\" content=\"https:\/\/www.facebook.com\/Carideal.mandataire.automobile\" \/>\n<meta property=\"article:author\" content=\"https:\/\/www.facebook.com\/Carideal.mandataire.automobile\/\" \/>\n<meta property=\"article:published_time\" content=\"2011-12-31T14:55:00+00:00\" \/>\n<meta property=\"article:modified_time\" content=\"2020-03-08T06:31:02+00:00\" \/>\n<meta property=\"og:image\" content=\"https:\/\/www.carideal.com\/blog\/wp-content\/uploads\/2016\/03\/logo-carideal-mandataire-automobile.png\" \/>\n\t<meta property=\"og:image:width\" content=\"300\" \/>\n\t<meta property=\"og:image:height\" content=\"300\" \/>\n\t<meta property=\"og:image:type\" content=\"image\/png\" \/>\n<meta name=\"author\" content=\"N.S Carideal\" \/>\n<meta name=\"twitter:card\" content=\"summary_large_image\" \/>\n<meta name=\"twitter:creator\" content=\"@caridealauto\" \/>\n<meta name=\"twitter:site\" content=\"@caridealauto\" \/>\n<meta name=\"twitter:label1\" content=\"\u00c9crit par\" \/>\n\t<meta name=\"twitter:data1\" content=\"N.S Carideal\" \/>\n\t<meta name=\"twitter:label2\" content=\"Dur\u00e9e de lecture estim\u00e9e\" \/>\n\t<meta name=\"twitter:data2\" content=\"1 minute\" \/>\n<script type=\"application\/ld+json\" class=\"yoast-schema-graph\">{\"@context\":\"https:\/\/schema.org\",\"@graph\":[{\"@type\":\"Article\",\"@id\":\"https:\/\/www.carideal.com\/blog\/2011\/12\/31\/le-marche-du-pneus-s-emballe\/#article\",\"isPartOf\":{\"@id\":\"https:\/\/www.carideal.com\/blog\/2011\/12\/31\/le-marche-du-pneus-s-emballe\/\"},\"author\":{\"name\":\"N.S Carideal\",\"@id\":\"https:\/\/www.carideal.com\/blog\/#\/schema\/person\/985c7e757d1042d647f21bfaf8d41ebc\"},\"headline\":\"Le marche du pneus s emballe\",\"datePublished\":\"2011-12-31T14:55:00+00:00\",\"dateModified\":\"2020-03-08T06:31:02+00:00\",\"mainEntityOfPage\":{\"@id\":\"https:\/\/www.carideal.com\/blog\/2011\/12\/31\/le-marche-du-pneus-s-emballe\/\"},\"wordCount\":221,\"commentCount\":0,\"publisher\":{\"@id\":\"https:\/\/www.carideal.com\/blog\/#organization\"},\"articleSection\":[\"Pneumatique\"],\"inLanguage\":\"fr-FR\",\"potentialAction\":[{\"@type\":\"CommentAction\",\"name\":\"Comment\",\"target\":[\"https:\/\/www.carideal.com\/blog\/2011\/12\/31\/le-marche-du-pneus-s-emballe\/#respond\"]}]},{\"@type\":\"WebPage\",\"@id\":\"https:\/\/www.carideal.com\/blog\/2011\/12\/31\/le-marche-du-pneus-s-emballe\/\",\"url\":\"https:\/\/www.carideal.com\/blog\/2011\/12\/31\/le-marche-du-pneus-s-emballe\/\",\"name\":\"Le marche du pneus s emballe - Blog auto Carid\u00e9al\",\"isPartOf\":{\"@id\":\"https:\/\/www.carideal.com\/blog\/#website\"},\"datePublished\":\"2011-12-31T14:55:00+00:00\",\"dateModified\":\"2020-03-08T06:31:02+00:00\",\"breadcrumb\":{\"@id\":\"https:\/\/www.carideal.com\/blog\/2011\/12\/31\/le-marche-du-pneus-s-emballe\/#breadcrumb\"},\"inLanguage\":\"fr-FR\",\"potentialAction\":[{\"@type\":\"ReadAction\",\"target\":[\"https:\/\/www.carideal.com\/blog\/2011\/12\/31\/le-marche-du-pneus-s-emballe\/\"]}]},{\"@type\":\"BreadcrumbList\",\"@id\":\"https:\/\/www.carideal.com\/blog\/2011\/12\/31\/le-marche-du-pneus-s-emballe\/#breadcrumb\",\"itemListElement\":[{\"@type\":\"ListItem\",\"position\":1,\"name\":\"Blog Carid\u00e9al\",\"item\":\"https:\/\/www.carideal.com\/blog\/\"},{\"@type\":\"ListItem\",\"position\":2,\"name\":\"Pneumatique\",\"item\":\"https:\/\/www.carideal.com\/blog\/pneumatique\/\"},{\"@type\":\"ListItem\",\"position\":3,\"name\":\"Le marche du pneus s emballe\"}]},{\"@type\":\"WebSite\",\"@id\":\"https:\/\/www.carideal.com\/blog\/#website\",\"url\":\"https:\/\/www.carideal.com\/blog\/\",\"name\":\"Blog auto Carid\u00e9al\",\"description\":\"Actualit\u00e9 auto par des passionn\u00e9s\",\"publisher\":{\"@id\":\"https:\/\/www.carideal.com\/blog\/#organization\"},\"potentialAction\":[{\"@type\":\"SearchAction\",\"target\":{\"@type\":\"EntryPoint\",\"urlTemplate\":\"https:\/\/www.carideal.com\/blog\/?s={search_term_string}\"},\"query-input\":{\"@type\":\"PropertyValueSpecification\",\"valueRequired\":true,\"valueName\":\"search_term_string\"}}],\"inLanguage\":\"fr-FR\"},{\"@type\":\"Organization\",\"@id\":\"https:\/\/www.carideal.com\/blog\/#organization\",\"name\":\"Carideal\",\"url\":\"https:\/\/www.carideal.com\/blog\/\",\"logo\":{\"@type\":\"ImageObject\",\"inLanguage\":\"fr-FR\",\"@id\":\"https:\/\/www.carideal.com\/blog\/#\/schema\/logo\/image\/\",\"url\":\"http:\/\/www.carideal.com\/blog\/wp-content\/uploads\/2016\/03\/logo-carideal-mandataire-automobile.png\",\"contentUrl\":\"http:\/\/www.carideal.com\/blog\/wp-content\/uploads\/2016\/03\/logo-carideal-mandataire-automobile.png\",\"width\":300,\"height\":300,\"caption\":\"Carideal\"},\"image\":{\"@id\":\"https:\/\/www.carideal.com\/blog\/#\/schema\/logo\/image\/\"},\"sameAs\":[\"https:\/\/www.facebook.com\/Carideal.mandataire.automobile\",\"https:\/\/x.com\/caridealauto\",\"https:\/\/www.instagram.com\/carideal1\/\",\"https:\/\/www.linkedin.com\/company\/carideal.com\",\"https:\/\/fr.pinterest.com\/schiavonsas\/\",\"https:\/\/www.youtube.com\/user\/caridealsas\"]},{\"@type\":\"Person\",\"@id\":\"https:\/\/www.carideal.com\/blog\/#\/schema\/person\/985c7e757d1042d647f21bfaf8d41ebc\",\"name\":\"N.S Carideal\",\"image\":{\"@type\":\"ImageObject\",\"inLanguage\":\"fr-FR\",\"@id\":\"https:\/\/www.carideal.com\/blog\/#\/schema\/person\/image\/\",\"url\":\"https:\/\/secure.gravatar.com\/avatar\/edb7ccdf1a4e3d14aef967760d354d0e?s=96&r=g\",\"contentUrl\":\"https:\/\/secure.gravatar.com\/avatar\/edb7ccdf1a4e3d14aef967760d354d0e?s=96&r=g\",\"caption\":\"N.S Carideal\"},\"description\":\"Depuis tout petit fan d'automobile. Il est question d'essayer et de comparer toutes ces voitures qui nous ont fait r\u00e9ver, avant que celles-ci ne devient uniquement des voitures de collection.\",\"sameAs\":[\"http:\/\/www.carideal.com\/blog\",\"https:\/\/www.facebook.com\/Carideal.mandataire.automobile\/\",\"https:\/\/www.linkedin.com\/in\/nschiavon\/\",\"https:\/\/www.youtube.com\/user\/caridealsas\/\"],\"url\":\"https:\/\/www.carideal.com\/blog\/author\/admin_carideal\/\"}]}<\/script>\n<!-- \/ Yoast SEO plugin. -->","yoast_head_json":{"title":"Le marche du pneus s emballe - Blog auto Carid\u00e9al","robots":{"index":"index","follow":"follow","max-snippet":"max-snippet:-1","max-image-preview":"max-image-preview:large","max-video-preview":"max-video-preview:-1"},"canonical":"https:\/\/www.carideal.com\/blog\/2011\/12\/31\/le-marche-du-pneus-s-emballe\/","og_locale":"fr_FR","og_type":"article","og_title":"Le marche du pneus s emballe - Blog auto Carid\u00e9al","og_description":"Le march\u00e9 du pneus s'emballe Bridgestone a pr\u00e9sent\u00e9 ce prototype de pneu au salon de Tokyo Un nouveau logo sera apos\u00e9 sur les pneus hiver \u00e0 partir de Novembre 2012 . Le TPNF, Travaux de Normalisation des Pneumatiques pour la France, est une organisation professionnelle compos\u00e9e de Bridgestone, Continental, Goodyear-Dunlop, Michelin, Pirelli et Kleber. Le ... Lire plus","og_url":"https:\/\/www.carideal.com\/blog\/2011\/12\/31\/le-marche-du-pneus-s-emballe\/","og_site_name":"Blog auto Carid\u00e9al","article_publisher":"https:\/\/www.facebook.com\/Carideal.mandataire.automobile","article_author":"https:\/\/www.facebook.com\/Carideal.mandataire.automobile\/","article_published_time":"2011-12-31T14:55:00+00:00","article_modified_time":"2020-03-08T06:31:02+00:00","og_image":[{"width":300,"height":300,"url":"https:\/\/www.carideal.com\/blog\/wp-content\/uploads\/2016\/03\/logo-carideal-mandataire-automobile.png","type":"image\/png"}],"author":"N.S Carideal","twitter_card":"summary_large_image","twitter_creator":"@caridealauto","twitter_site":"@caridealauto","twitter_misc":{"\u00c9crit par":"N.S Carideal","Dur\u00e9e de lecture estim\u00e9e":"1 minute"},"schema":{"@context":"https:\/\/schema.org","@graph":[{"@type":"Article","@id":"https:\/\/www.carideal.com\/blog\/2011\/12\/31\/le-marche-du-pneus-s-emballe\/#article","isPartOf":{"@id":"https:\/\/www.carideal.com\/blog\/2011\/12\/31\/le-marche-du-pneus-s-emballe\/"},"author":{"name":"N.S Carideal","@id":"https:\/\/www.carideal.com\/blog\/#\/schema\/person\/985c7e757d1042d647f21bfaf8d41ebc"},"headline":"Le marche du pneus s emballe","datePublished":"2011-12-31T14:55:00+00:00","dateModified":"2020-03-08T06:31:02+00:00","mainEntityOfPage":{"@id":"https:\/\/www.carideal.com\/blog\/2011\/12\/31\/le-marche-du-pneus-s-emballe\/"},"wordCount":221,"commentCount":0,"publisher":{"@id":"https:\/\/www.carideal.com\/blog\/#organization"},"articleSection":["Pneumatique"],"inLanguage":"fr-FR","potentialAction":[{"@type":"CommentAction","name":"Comment","target":["https:\/\/www.carideal.com\/blog\/2011\/12\/31\/le-marche-du-pneus-s-emballe\/#respond"]}]},{"@type":"WebPage","@id":"https:\/\/www.carideal.com\/blog\/2011\/12\/31\/le-marche-du-pneus-s-emballe\/","url":"https:\/\/www.carideal.com\/blog\/2011\/12\/31\/le-marche-du-pneus-s-emballe\/","name":"Le marche du pneus s emballe - Blog auto Carid\u00e9al","isPartOf":{"@id":"https:\/\/www.carideal.com\/blog\/#website"},"datePublished":"2011-12-31T14:55:00+00:00","dateModified":"2020-03-08T06:31:02+00:00","breadcrumb":{"@id":"https:\/\/www.carideal.com\/blog\/2011\/12\/31\/le-marche-du-pneus-s-emballe\/#breadcrumb"},"inLanguage":"fr-FR","potentialAction":[{"@type":"ReadAction","target":["https:\/\/www.carideal.com\/blog\/2011\/12\/31\/le-marche-du-pneus-s-emballe\/"]}]},{"@type":"BreadcrumbList","@id":"https:\/\/www.carideal.com\/blog\/2011\/12\/31\/le-marche-du-pneus-s-emballe\/#breadcrumb","itemListElement":[{"@type":"ListItem","position":1,"name":"Blog Carid\u00e9al","item":"https:\/\/www.carideal.com\/blog\/"},{"@type":"ListItem","position":2,"name":"Pneumatique","item":"https:\/\/www.carideal.com\/blog\/pneumatique\/"},{"@type":"ListItem","position":3,"name":"Le marche du pneus s emballe"}]},{"@type":"WebSite","@id":"https:\/\/www.carideal.com\/blog\/#website","url":"https:\/\/www.carideal.com\/blog\/","name":"Blog auto Carid\u00e9al","description":"Actualit\u00e9 auto par des passionn\u00e9s","publisher":{"@id":"https:\/\/www.carideal.com\/blog\/#organization"},"potentialAction":[{"@type":"SearchAction","target":{"@type":"EntryPoint","urlTemplate":"https:\/\/www.carideal.com\/blog\/?s={search_term_string}"},"query-input":{"@type":"PropertyValueSpecification","valueRequired":true,"valueName":"search_term_string"}}],"inLanguage":"fr-FR"},{"@type":"Organization","@id":"https:\/\/www.carideal.com\/blog\/#organization","name":"Carideal","url":"https:\/\/www.carideal.com\/blog\/","logo":{"@type":"ImageObject","inLanguage":"fr-FR","@id":"https:\/\/www.carideal.com\/blog\/#\/schema\/logo\/image\/","url":"http:\/\/www.carideal.com\/blog\/wp-content\/uploads\/2016\/03\/logo-carideal-mandataire-automobile.png","contentUrl":"http:\/\/www.carideal.com\/blog\/wp-content\/uploads\/2016\/03\/logo-carideal-mandataire-automobile.png","width":300,"height":300,"caption":"Carideal"},"image":{"@id":"https:\/\/www.carideal.com\/blog\/#\/schema\/logo\/image\/"},"sameAs":["https:\/\/www.facebook.com\/Carideal.mandataire.automobile","https:\/\/x.com\/caridealauto","https:\/\/www.instagram.com\/carideal1\/","https:\/\/www.linkedin.com\/company\/carideal.com","https:\/\/fr.pinterest.com\/schiavonsas\/","https:\/\/www.youtube.com\/user\/caridealsas"]},{"@type":"Person","@id":"https:\/\/www.carideal.com\/blog\/#\/schema\/person\/985c7e757d1042d647f21bfaf8d41ebc","name":"N.S Carideal","image":{"@type":"ImageObject","inLanguage":"fr-FR","@id":"https:\/\/www.carideal.com\/blog\/#\/schema\/person\/image\/","url":"https:\/\/secure.gravatar.com\/avatar\/edb7ccdf1a4e3d14aef967760d354d0e?s=96&r=g","contentUrl":"https:\/\/secure.gravatar.com\/avatar\/edb7ccdf1a4e3d14aef967760d354d0e?s=96&r=g","caption":"N.S Carideal"},"description":"Depuis tout petit fan d'automobile. Il est question d'essayer et de comparer toutes ces voitures qui nous ont fait r\u00e9ver, avant que celles-ci ne devient uniquement des voitures de collection.","sameAs":["http:\/\/www.carideal.com\/blog","https:\/\/www.facebook.com\/Carideal.mandataire.automobile\/","https:\/\/www.linkedin.com\/in\/nschiavon\/","https:\/\/www.youtube.com\/user\/caridealsas\/"],"url":"https:\/\/www.carideal.com\/blog\/author\/admin_carideal\/"}]}},"uagb_featured_image_src":{"full":false,"thumbnail":false,"medium":false,"medium_large":false,"large":false,"1536x1536":false,"2048x2048":false,"wppr-widget":false},"uagb_author_info":{"display_name":"N.S Carideal","author_link":"https:\/\/www.carideal.com\/blog\/author\/admin_carideal\/"},"uagb_comment_info":0,"uagb_excerpt":"Le march\u00e9 du pneus s'emballe Bridgestone a pr\u00e9sent\u00e9 ce prototype de pneu au salon de Tokyo Un nouveau logo sera apos\u00e9 sur les pneus hiver \u00e0 partir de Novembre 2012 . Le TPNF, Travaux de Normalisation des Pneumatiques pour la France, est une organisation professionnelle compos\u00e9e de Bridgestone, Continental, Goodyear-Dunlop, Michelin, Pirelli et Kleber. Le\u2026","_links":{"self":[{"href":"https:\/\/www.carideal.com\/blog\/wp-json\/wp\/v2\/posts\/1563"}],"collection":[{"href":"https:\/\/www.carideal.com\/blog\/wp-json\/wp\/v2\/posts"}],"about":[{"href":"https:\/\/www.carideal.com\/blog\/wp-json\/wp\/v2\/types\/post"}],"author":[{"embeddable":true,"href":"https:\/\/www.carideal.com\/blog\/wp-json\/wp\/v2\/users\/1"}],"replies":[{"embeddable":true,"href":"https:\/\/www.carideal.com\/blog\/wp-json\/wp\/v2\/comments?post=1563"}],"version-history":[{"count":0,"href":"https:\/\/www.carideal.com\/blog\/wp-json\/wp\/v2\/posts\/1563\/revisions"}],"wp:attachment":[{"href":"https:\/\/www.carideal.com\/blog\/wp-json\/wp\/v2\/media?parent=1563"}],"wp:term":[{"taxonomy":"category","embeddable":true,"href":"https:\/\/www.carideal.com\/blog\/wp-json\/wp\/v2\/categories?post=1563"},{"taxonomy":"post_tag","embeddable":true,"href":"https:\/\/www.carideal.com\/blog\/wp-json\/wp\/v2\/tags?post=1563"}],"curies":[{"name":"wp","href":"https:\/\/api.w.org\/{rel}","templated":true}]}}