{"id":1553,"date":"2010-09-30T16:49:00","date_gmt":"2010-09-30T16:49:00","guid":{"rendered":"http:\/\/carideal.com\/blog\/?p=1553"},"modified":"2020-03-08T07:31:02","modified_gmt":"2020-03-08T06:31:02","slug":"pneus-hiver-2010-2011","status":"publish","type":"post","link":"https:\/\/www.carideal.com\/blog\/2010\/09\/30\/pneus-hiver-2010-2011\/","title":{"rendered":"Pneus hiver 2010 2011"},"content":{"rendered":"<\/p>\n<blockquote>\n<p>Nouveau pneu Michelin Alpin destin\u00e9 aux citadines, monospaces, berlines compactes et familiales.<\/p>\n<\/blockquote>\n<p><strong>Le pneu hiver&nbsp;: une n\u00e9cessit\u00e9 sur les v\u00e9hicule r\u00e9cent<\/strong> En dessous de 6\u00b0c il est n\u00e9cessaire de s'\u00e9quiper de pneus hiver bien plus performant \u00e0 ces temp\u00e9rature qu'un pneu classique. Il est important de savoir ques les capteurs \u00e9lectroniques d'aides \u00e0 la conduite ESP, ABS etc d\u00e9tectent les conditions de grip sur la chauss\u00e9e. En clair, un capteur de freinage ABS analysera un blocage des roues en cas de freinage sur route glissante et relachera la pression du freinage jusqu'\u00e0 retrouver de l'adh\u00e9rence&nbsp;: donc pas d'adh\u00e9rence = freinage dangereusement r\u00e9duit. Il en va de m\u00eame pour l'ESP qui ne pourra permettre la motricit\u00e9 du v\u00e9hicule sans adh\u00e9rence sur la route.<br \/>\n<strong>Un Freinage Optimis\u00e9<\/strong><br \/>\nQuatre pneus hiver permettent de raccourcir les distances de freinage par rapport aux pneus \u00e9t\u00e9, par exemple&nbsp;:<\/p>\n<p><strong>Temp ext 5\u00b0C                     vitesse    \u00e9cart pneu hiver\/\u00e9t\u00e9<\/strong><br \/>\nroutes mouill\u00e9es et froide      50 km\/h   -7% <br \/>\nsur neige                             50 km\/h   -19% <br \/>\nsur verglas                          30 km\/h   -17% <\/p>\n<p><strong>Une meilleure tenue de route<\/strong><br \/>\nAu del\u00e0 de la motricit\u00e9, souvent crit\u00e8re d\u00e9terminant pour le consommateur lors de l'achat, la perte de contr\u00f4le en courbe et\/ou en freinage se r\u00e9v\u00e8le \u00eatre beaucoup plus importante sur l'aspect s\u00e9curit\u00e9. En effet, il est simple de comprendre que ne pas arriver \u00e0 monter une route est g\u00eanant mais pas aussi dangereux qu'une perte de contr\u00f4le en courbe...Deux pneus hiver mont\u00e9s sur l'essieu de traction ne permettent pas de garantir cette s\u00e9curit\u00e9, seul quatre pneus permettent cette efficacit\u00e9.<br \/>\n<strong>Dans quelle r\u00e9gion s'\u00e9quiper ?<\/strong><br \/>\nUne grande partie de la france passe l'hiver sous la barre des 7\u00b0C. Par exemple, la temp\u00e9rature moyenne \u00e0 Toulouse d'octobre \u00e0 Mars est de 4.3 \u00b0C et \u00e0 Marseille de 5.7\u00b0C.<br \/>\nQuelques \u00e9l\u00e9ments techniques...<br \/>\nIl est possible de monter un pneu hiver avec un indice de vitesse inf\u00e9rieur \u00e0 celui d'origine. Pour reconna\u00eetre un pneu hiver, il suffit de r\u00e9cuperer sur le flanc du pneu un flocon \u00e0 l'int\u00e9rieur d'une montagne \u00e0 trois pics et le marquage M+S.<br \/>\n<a href=\"\/blog\/index.php?post\/2010\/01\/07\/En-hiver-un-pneu-ete-est-moins-performant-qu-un-pneu-hiver\">En hiver un pneu \u00e9t\u00e9 est moins performant qu'un pneu hiver<\/a><br \/>\n<a href=\"\/blog\/index.php?post\/2009\/11\/04\/Promo-pneus-neige-pas-chere\">Promo pneus pas ch\u00e8res<\/a><\/p>\n","protected":false},"excerpt":{"rendered":"<p>Nouveau pneu Michelin Alpin destin\u00e9 aux citadines, monospaces, berlines compactes et familiales. Le pneu hiver&nbsp;: une n\u00e9cessit\u00e9 sur les v\u00e9hicule r\u00e9cent En dessous de 6\u00b0c il est n\u00e9cessaire de s&rsquo;\u00e9quiper de pneus hiver bien plus performant \u00e0 ces temp\u00e9rature qu&rsquo;un pneu classique. Il est important de savoir ques les capteurs \u00e9lectroniques d&rsquo;aides \u00e0 la conduite &#8230; <a title=\"Pneus hiver 2010 2011\" class=\"read-more\" href=\"https:\/\/www.carideal.com\/blog\/2010\/09\/30\/pneus-hiver-2010-2011\/\" aria-label=\"En savoir plus sur Pneus hiver 2010 2011\">Lire plus<\/a><\/p>\n","protected":false},"author":1,"featured_media":0,"comment_status":"open","ping_status":"open","sticky":false,"template":"","format":"standard","meta":{"_uag_custom_page_level_css":"","_themeisle_gutenberg_block_has_review":false,"footnotes":""},"categories":[13],"tags":[],"class_list":["post-1553","post","type-post","status-publish","format-standard","hentry","category-pneumatique"],"wppr_data":[],"yoast_head":"<!-- This site is optimized with the Yoast SEO plugin v24.8.1 - https:\/\/yoast.com\/wordpress\/plugins\/seo\/ -->\n<title>Pneus hiver 2010 2011 - Blog auto Carid\u00e9al<\/title>\n<meta name=\"robots\" content=\"index, follow, max-snippet:-1, max-image-preview:large, max-video-preview:-1\" \/>\n<link rel=\"canonical\" href=\"https:\/\/www.carideal.com\/blog\/2010\/09\/30\/pneus-hiver-2010-2011\/\" \/>\n<meta property=\"og:locale\" content=\"fr_FR\" \/>\n<meta property=\"og:type\" content=\"article\" \/>\n<meta property=\"og:title\" content=\"Pneus hiver 2010 2011 - Blog auto Carid\u00e9al\" \/>\n<meta property=\"og:description\" content=\"Nouveau pneu Michelin Alpin destin\u00e9 aux citadines, monospaces, berlines compactes et familiales. Le pneu hiver&nbsp;: une n\u00e9cessit\u00e9 sur les v\u00e9hicule r\u00e9cent En dessous de 6\u00b0c il est n\u00e9cessaire de s&#039;\u00e9quiper de pneus hiver bien plus performant \u00e0 ces temp\u00e9rature qu&#039;un pneu classique. Il est important de savoir ques les capteurs \u00e9lectroniques d&#039;aides \u00e0 la conduite ... Lire plus\" \/>\n<meta property=\"og:url\" content=\"https:\/\/www.carideal.com\/blog\/2010\/09\/30\/pneus-hiver-2010-2011\/\" \/>\n<meta property=\"og:site_name\" content=\"Blog auto Carid\u00e9al\" \/>\n<meta property=\"article:publisher\" content=\"https:\/\/www.facebook.com\/Carideal.mandataire.automobile\" \/>\n<meta property=\"article:author\" content=\"https:\/\/www.facebook.com\/Carideal.mandataire.automobile\/\" \/>\n<meta property=\"article:published_time\" content=\"2010-09-30T16:49:00+00:00\" \/>\n<meta property=\"article:modified_time\" content=\"2020-03-08T06:31:02+00:00\" \/>\n<meta property=\"og:image\" content=\"https:\/\/www.carideal.com\/blog\/wp-content\/uploads\/2016\/03\/logo-carideal-mandataire-automobile.png\" \/>\n\t<meta property=\"og:image:width\" content=\"300\" \/>\n\t<meta property=\"og:image:height\" content=\"300\" \/>\n\t<meta property=\"og:image:type\" content=\"image\/png\" \/>\n<meta name=\"author\" content=\"N.S Carideal\" \/>\n<meta name=\"twitter:card\" content=\"summary_large_image\" \/>\n<meta name=\"twitter:creator\" content=\"@caridealauto\" \/>\n<meta name=\"twitter:site\" content=\"@caridealauto\" \/>\n<meta name=\"twitter:label1\" content=\"\u00c9crit par\" \/>\n\t<meta name=\"twitter:data1\" content=\"N.S Carideal\" \/>\n\t<meta name=\"twitter:label2\" content=\"Dur\u00e9e de lecture estim\u00e9e\" \/>\n\t<meta name=\"twitter:data2\" content=\"2 minutes\" \/>\n<script type=\"application\/ld+json\" class=\"yoast-schema-graph\">{\"@context\":\"https:\/\/schema.org\",\"@graph\":[{\"@type\":\"Article\",\"@id\":\"https:\/\/www.carideal.com\/blog\/2010\/09\/30\/pneus-hiver-2010-2011\/#article\",\"isPartOf\":{\"@id\":\"https:\/\/www.carideal.com\/blog\/2010\/09\/30\/pneus-hiver-2010-2011\/\"},\"author\":{\"name\":\"N.S Carideal\",\"@id\":\"https:\/\/www.carideal.com\/blog\/#\/schema\/person\/985c7e757d1042d647f21bfaf8d41ebc\"},\"headline\":\"Pneus hiver 2010 2011\",\"datePublished\":\"2010-09-30T16:49:00+00:00\",\"dateModified\":\"2020-03-08T06:31:02+00:00\",\"mainEntityOfPage\":{\"@id\":\"https:\/\/www.carideal.com\/blog\/2010\/09\/30\/pneus-hiver-2010-2011\/\"},\"wordCount\":380,\"commentCount\":1,\"publisher\":{\"@id\":\"https:\/\/www.carideal.com\/blog\/#organization\"},\"articleSection\":[\"Pneumatique\"],\"inLanguage\":\"fr-FR\",\"potentialAction\":[{\"@type\":\"CommentAction\",\"name\":\"Comment\",\"target\":[\"https:\/\/www.carideal.com\/blog\/2010\/09\/30\/pneus-hiver-2010-2011\/#respond\"]}]},{\"@type\":\"WebPage\",\"@id\":\"https:\/\/www.carideal.com\/blog\/2010\/09\/30\/pneus-hiver-2010-2011\/\",\"url\":\"https:\/\/www.carideal.com\/blog\/2010\/09\/30\/pneus-hiver-2010-2011\/\",\"name\":\"Pneus hiver 2010 2011 - Blog auto Carid\u00e9al\",\"isPartOf\":{\"@id\":\"https:\/\/www.carideal.com\/blog\/#website\"},\"datePublished\":\"2010-09-30T16:49:00+00:00\",\"dateModified\":\"2020-03-08T06:31:02+00:00\",\"breadcrumb\":{\"@id\":\"https:\/\/www.carideal.com\/blog\/2010\/09\/30\/pneus-hiver-2010-2011\/#breadcrumb\"},\"inLanguage\":\"fr-FR\",\"potentialAction\":[{\"@type\":\"ReadAction\",\"target\":[\"https:\/\/www.carideal.com\/blog\/2010\/09\/30\/pneus-hiver-2010-2011\/\"]}]},{\"@type\":\"BreadcrumbList\",\"@id\":\"https:\/\/www.carideal.com\/blog\/2010\/09\/30\/pneus-hiver-2010-2011\/#breadcrumb\",\"itemListElement\":[{\"@type\":\"ListItem\",\"position\":1,\"name\":\"Blog Carid\u00e9al\",\"item\":\"https:\/\/www.carideal.com\/blog\/\"},{\"@type\":\"ListItem\",\"position\":2,\"name\":\"Pneumatique\",\"item\":\"https:\/\/www.carideal.com\/blog\/pneumatique\/\"},{\"@type\":\"ListItem\",\"position\":3,\"name\":\"Pneus hiver 2010 2011\"}]},{\"@type\":\"WebSite\",\"@id\":\"https:\/\/www.carideal.com\/blog\/#website\",\"url\":\"https:\/\/www.carideal.com\/blog\/\",\"name\":\"Blog auto Carid\u00e9al\",\"description\":\"Actualit\u00e9 auto par des passionn\u00e9s\",\"publisher\":{\"@id\":\"https:\/\/www.carideal.com\/blog\/#organization\"},\"potentialAction\":[{\"@type\":\"SearchAction\",\"target\":{\"@type\":\"EntryPoint\",\"urlTemplate\":\"https:\/\/www.carideal.com\/blog\/?s={search_term_string}\"},\"query-input\":{\"@type\":\"PropertyValueSpecification\",\"valueRequired\":true,\"valueName\":\"search_term_string\"}}],\"inLanguage\":\"fr-FR\"},{\"@type\":\"Organization\",\"@id\":\"https:\/\/www.carideal.com\/blog\/#organization\",\"name\":\"Carideal\",\"url\":\"https:\/\/www.carideal.com\/blog\/\",\"logo\":{\"@type\":\"ImageObject\",\"inLanguage\":\"fr-FR\",\"@id\":\"https:\/\/www.carideal.com\/blog\/#\/schema\/logo\/image\/\",\"url\":\"http:\/\/www.carideal.com\/blog\/wp-content\/uploads\/2016\/03\/logo-carideal-mandataire-automobile.png\",\"contentUrl\":\"http:\/\/www.carideal.com\/blog\/wp-content\/uploads\/2016\/03\/logo-carideal-mandataire-automobile.png\",\"width\":300,\"height\":300,\"caption\":\"Carideal\"},\"image\":{\"@id\":\"https:\/\/www.carideal.com\/blog\/#\/schema\/logo\/image\/\"},\"sameAs\":[\"https:\/\/www.facebook.com\/Carideal.mandataire.automobile\",\"https:\/\/x.com\/caridealauto\",\"https:\/\/www.instagram.com\/carideal1\/\",\"https:\/\/www.linkedin.com\/company\/carideal.com\",\"https:\/\/fr.pinterest.com\/schiavonsas\/\",\"https:\/\/www.youtube.com\/user\/caridealsas\"]},{\"@type\":\"Person\",\"@id\":\"https:\/\/www.carideal.com\/blog\/#\/schema\/person\/985c7e757d1042d647f21bfaf8d41ebc\",\"name\":\"N.S Carideal\",\"image\":{\"@type\":\"ImageObject\",\"inLanguage\":\"fr-FR\",\"@id\":\"https:\/\/www.carideal.com\/blog\/#\/schema\/person\/image\/\",\"url\":\"https:\/\/secure.gravatar.com\/avatar\/edb7ccdf1a4e3d14aef967760d354d0e?s=96&r=g\",\"contentUrl\":\"https:\/\/secure.gravatar.com\/avatar\/edb7ccdf1a4e3d14aef967760d354d0e?s=96&r=g\",\"caption\":\"N.S Carideal\"},\"description\":\"Depuis tout petit fan d'automobile. Il est question d'essayer et de comparer toutes ces voitures qui nous ont fait r\u00e9ver, avant que celles-ci ne devient uniquement des voitures de collection.\",\"sameAs\":[\"http:\/\/www.carideal.com\/blog\",\"https:\/\/www.facebook.com\/Carideal.mandataire.automobile\/\",\"https:\/\/www.linkedin.com\/in\/nschiavon\/\",\"https:\/\/www.youtube.com\/user\/caridealsas\/\"],\"url\":\"https:\/\/www.carideal.com\/blog\/author\/admin_carideal\/\"}]}<\/script>\n<!-- \/ Yoast SEO plugin. -->","yoast_head_json":{"title":"Pneus hiver 2010 2011 - Blog auto Carid\u00e9al","robots":{"index":"index","follow":"follow","max-snippet":"max-snippet:-1","max-image-preview":"max-image-preview:large","max-video-preview":"max-video-preview:-1"},"canonical":"https:\/\/www.carideal.com\/blog\/2010\/09\/30\/pneus-hiver-2010-2011\/","og_locale":"fr_FR","og_type":"article","og_title":"Pneus hiver 2010 2011 - Blog auto Carid\u00e9al","og_description":"Nouveau pneu Michelin Alpin destin\u00e9 aux citadines, monospaces, berlines compactes et familiales. Le pneu hiver&nbsp;: une n\u00e9cessit\u00e9 sur les v\u00e9hicule r\u00e9cent En dessous de 6\u00b0c il est n\u00e9cessaire de s'\u00e9quiper de pneus hiver bien plus performant \u00e0 ces temp\u00e9rature qu'un pneu classique. Il est important de savoir ques les capteurs \u00e9lectroniques d'aides \u00e0 la conduite ... Lire plus","og_url":"https:\/\/www.carideal.com\/blog\/2010\/09\/30\/pneus-hiver-2010-2011\/","og_site_name":"Blog auto Carid\u00e9al","article_publisher":"https:\/\/www.facebook.com\/Carideal.mandataire.automobile","article_author":"https:\/\/www.facebook.com\/Carideal.mandataire.automobile\/","article_published_time":"2010-09-30T16:49:00+00:00","article_modified_time":"2020-03-08T06:31:02+00:00","og_image":[{"width":300,"height":300,"url":"https:\/\/www.carideal.com\/blog\/wp-content\/uploads\/2016\/03\/logo-carideal-mandataire-automobile.png","type":"image\/png"}],"author":"N.S Carideal","twitter_card":"summary_large_image","twitter_creator":"@caridealauto","twitter_site":"@caridealauto","twitter_misc":{"\u00c9crit par":"N.S Carideal","Dur\u00e9e de lecture estim\u00e9e":"2 minutes"},"schema":{"@context":"https:\/\/schema.org","@graph":[{"@type":"Article","@id":"https:\/\/www.carideal.com\/blog\/2010\/09\/30\/pneus-hiver-2010-2011\/#article","isPartOf":{"@id":"https:\/\/www.carideal.com\/blog\/2010\/09\/30\/pneus-hiver-2010-2011\/"},"author":{"name":"N.S Carideal","@id":"https:\/\/www.carideal.com\/blog\/#\/schema\/person\/985c7e757d1042d647f21bfaf8d41ebc"},"headline":"Pneus hiver 2010 2011","datePublished":"2010-09-30T16:49:00+00:00","dateModified":"2020-03-08T06:31:02+00:00","mainEntityOfPage":{"@id":"https:\/\/www.carideal.com\/blog\/2010\/09\/30\/pneus-hiver-2010-2011\/"},"wordCount":380,"commentCount":1,"publisher":{"@id":"https:\/\/www.carideal.com\/blog\/#organization"},"articleSection":["Pneumatique"],"inLanguage":"fr-FR","potentialAction":[{"@type":"CommentAction","name":"Comment","target":["https:\/\/www.carideal.com\/blog\/2010\/09\/30\/pneus-hiver-2010-2011\/#respond"]}]},{"@type":"WebPage","@id":"https:\/\/www.carideal.com\/blog\/2010\/09\/30\/pneus-hiver-2010-2011\/","url":"https:\/\/www.carideal.com\/blog\/2010\/09\/30\/pneus-hiver-2010-2011\/","name":"Pneus hiver 2010 2011 - Blog auto Carid\u00e9al","isPartOf":{"@id":"https:\/\/www.carideal.com\/blog\/#website"},"datePublished":"2010-09-30T16:49:00+00:00","dateModified":"2020-03-08T06:31:02+00:00","breadcrumb":{"@id":"https:\/\/www.carideal.com\/blog\/2010\/09\/30\/pneus-hiver-2010-2011\/#breadcrumb"},"inLanguage":"fr-FR","potentialAction":[{"@type":"ReadAction","target":["https:\/\/www.carideal.com\/blog\/2010\/09\/30\/pneus-hiver-2010-2011\/"]}]},{"@type":"BreadcrumbList","@id":"https:\/\/www.carideal.com\/blog\/2010\/09\/30\/pneus-hiver-2010-2011\/#breadcrumb","itemListElement":[{"@type":"ListItem","position":1,"name":"Blog Carid\u00e9al","item":"https:\/\/www.carideal.com\/blog\/"},{"@type":"ListItem","position":2,"name":"Pneumatique","item":"https:\/\/www.carideal.com\/blog\/pneumatique\/"},{"@type":"ListItem","position":3,"name":"Pneus hiver 2010 2011"}]},{"@type":"WebSite","@id":"https:\/\/www.carideal.com\/blog\/#website","url":"https:\/\/www.carideal.com\/blog\/","name":"Blog auto Carid\u00e9al","description":"Actualit\u00e9 auto par des passionn\u00e9s","publisher":{"@id":"https:\/\/www.carideal.com\/blog\/#organization"},"potentialAction":[{"@type":"SearchAction","target":{"@type":"EntryPoint","urlTemplate":"https:\/\/www.carideal.com\/blog\/?s={search_term_string}"},"query-input":{"@type":"PropertyValueSpecification","valueRequired":true,"valueName":"search_term_string"}}],"inLanguage":"fr-FR"},{"@type":"Organization","@id":"https:\/\/www.carideal.com\/blog\/#organization","name":"Carideal","url":"https:\/\/www.carideal.com\/blog\/","logo":{"@type":"ImageObject","inLanguage":"fr-FR","@id":"https:\/\/www.carideal.com\/blog\/#\/schema\/logo\/image\/","url":"http:\/\/www.carideal.com\/blog\/wp-content\/uploads\/2016\/03\/logo-carideal-mandataire-automobile.png","contentUrl":"http:\/\/www.carideal.com\/blog\/wp-content\/uploads\/2016\/03\/logo-carideal-mandataire-automobile.png","width":300,"height":300,"caption":"Carideal"},"image":{"@id":"https:\/\/www.carideal.com\/blog\/#\/schema\/logo\/image\/"},"sameAs":["https:\/\/www.facebook.com\/Carideal.mandataire.automobile","https:\/\/x.com\/caridealauto","https:\/\/www.instagram.com\/carideal1\/","https:\/\/www.linkedin.com\/company\/carideal.com","https:\/\/fr.pinterest.com\/schiavonsas\/","https:\/\/www.youtube.com\/user\/caridealsas"]},{"@type":"Person","@id":"https:\/\/www.carideal.com\/blog\/#\/schema\/person\/985c7e757d1042d647f21bfaf8d41ebc","name":"N.S Carideal","image":{"@type":"ImageObject","inLanguage":"fr-FR","@id":"https:\/\/www.carideal.com\/blog\/#\/schema\/person\/image\/","url":"https:\/\/secure.gravatar.com\/avatar\/edb7ccdf1a4e3d14aef967760d354d0e?s=96&r=g","contentUrl":"https:\/\/secure.gravatar.com\/avatar\/edb7ccdf1a4e3d14aef967760d354d0e?s=96&r=g","caption":"N.S Carideal"},"description":"Depuis tout petit fan d'automobile. Il est question d'essayer et de comparer toutes ces voitures qui nous ont fait r\u00e9ver, avant que celles-ci ne devient uniquement des voitures de collection.","sameAs":["http:\/\/www.carideal.com\/blog","https:\/\/www.facebook.com\/Carideal.mandataire.automobile\/","https:\/\/www.linkedin.com\/in\/nschiavon\/","https:\/\/www.youtube.com\/user\/caridealsas\/"],"url":"https:\/\/www.carideal.com\/blog\/author\/admin_carideal\/"}]}},"uagb_featured_image_src":{"full":false,"thumbnail":false,"medium":false,"medium_large":false,"large":false,"1536x1536":false,"2048x2048":false,"wppr-widget":false},"uagb_author_info":{"display_name":"N.S Carideal","author_link":"https:\/\/www.carideal.com\/blog\/author\/admin_carideal\/"},"uagb_comment_info":1,"uagb_excerpt":"Nouveau pneu Michelin Alpin destin\u00e9 aux citadines, monospaces, berlines compactes et familiales. Le pneu hiver&nbsp;: une n\u00e9cessit\u00e9 sur les v\u00e9hicule r\u00e9cent En dessous de 6\u00b0c il est n\u00e9cessaire de s'\u00e9quiper de pneus hiver bien plus performant \u00e0 ces temp\u00e9rature qu'un pneu classique. Il est important de savoir ques les capteurs \u00e9lectroniques d'aides \u00e0 la conduite\u2026","_links":{"self":[{"href":"https:\/\/www.carideal.com\/blog\/wp-json\/wp\/v2\/posts\/1553"}],"collection":[{"href":"https:\/\/www.carideal.com\/blog\/wp-json\/wp\/v2\/posts"}],"about":[{"href":"https:\/\/www.carideal.com\/blog\/wp-json\/wp\/v2\/types\/post"}],"author":[{"embeddable":true,"href":"https:\/\/www.carideal.com\/blog\/wp-json\/wp\/v2\/users\/1"}],"replies":[{"embeddable":true,"href":"https:\/\/www.carideal.com\/blog\/wp-json\/wp\/v2\/comments?post=1553"}],"version-history":[{"count":0,"href":"https:\/\/www.carideal.com\/blog\/wp-json\/wp\/v2\/posts\/1553\/revisions"}],"wp:attachment":[{"href":"https:\/\/www.carideal.com\/blog\/wp-json\/wp\/v2\/media?parent=1553"}],"wp:term":[{"taxonomy":"category","embeddable":true,"href":"https:\/\/www.carideal.com\/blog\/wp-json\/wp\/v2\/categories?post=1553"},{"taxonomy":"post_tag","embeddable":true,"href":"https:\/\/www.carideal.com\/blog\/wp-json\/wp\/v2\/tags?post=1553"}],"curies":[{"name":"wp","href":"https:\/\/api.w.org\/{rel}","templated":true}]}}