{"id":1549,"date":"2009-11-04T08:51:00","date_gmt":"2009-11-04T08:51:00","guid":{"rendered":"http:\/\/carideal.com\/blog\/?p=1549"},"modified":"2020-03-08T07:31:01","modified_gmt":"2020-03-08T06:31:01","slug":"promo-pneus-neige-pas-chere","status":"publish","type":"post","link":"https:\/\/www.carideal.com\/blog\/2009\/11\/04\/promo-pneus-neige-pas-chere\/","title":{"rendered":"Promo pneus neige pas chere"},"content":{"rendered":"<h1><strong>Promo pneus neige pas chere<\/strong><\/h1>\n<p>La neige est \u00e0 nos portes, le froid, la pluie, le verglas bientot, l'hivers est l\u00e0 et il faut prendre ses pr\u00e9cautions afin de conduire en toute s\u00e9curit\u00e9. Nos voisins Allemand rendent obligatoire l'\u00e9quipement des voitures en pneus neige, pendant la p\u00e9riode hivernale et pas nous, nous ferions bien de prendre exemple sur eux. Vous verez dans la vid\u00e9o qui suit la dif\u00e9rence entre un pneu hivers et \u00e9t\u00e9 sur un rev\u00e8tement glissant.<\/p>\n<div class=\"external-media\" style=\"margin: 1em auto; text-align: center;\"><object data=\"http:\/\/www.youtube.com\/v\/dPvEDWWbx7c&amp;hl=en&amp;fs=1\" type=\"application\/x-shockwave-flash\" width=\"425\" height=\"350\"><param name=\"movie\" value=\"http:\/\/www.youtube.com\/v\/dPvEDWWbx7c&amp;hl=en&amp;fs=1\" \/><param name=\"wmode\" value=\"transparent\" \/><\/object><br \/>\nTests comparatifs pneus hiver<\/div>\n<p><span style=\"text-decoration: underline;\">Promo pneu neige pas cher\u00a0avec Carideal pneu<\/span><\/p>\n","protected":false},"excerpt":{"rendered":"<p>Promo pneus neige pas chere La neige est \u00e0 nos portes, le froid, la pluie, le verglas bientot, l&rsquo;hivers est l\u00e0 et il faut prendre ses pr\u00e9cautions afin de conduire en toute s\u00e9curit\u00e9. Nos voisins Allemand rendent obligatoire l&rsquo;\u00e9quipement des voitures en pneus neige, pendant la p\u00e9riode hivernale et pas nous, nous ferions bien de &#8230; <a title=\"Promo pneus neige pas chere\" class=\"read-more\" href=\"https:\/\/www.carideal.com\/blog\/2009\/11\/04\/promo-pneus-neige-pas-chere\/\" aria-label=\"En savoir plus sur Promo pneus neige pas chere\">Lire plus<\/a><\/p>\n","protected":false},"author":1,"featured_media":0,"comment_status":"open","ping_status":"open","sticky":false,"template":"","format":"standard","meta":{"_uag_custom_page_level_css":"","_themeisle_gutenberg_block_has_review":false,"footnotes":""},"categories":[13],"tags":[],"class_list":["post-1549","post","type-post","status-publish","format-standard","hentry","category-pneumatique"],"wppr_data":[],"yoast_head":"<!-- This site is optimized with the Yoast SEO plugin v24.8.1 - https:\/\/yoast.com\/wordpress\/plugins\/seo\/ -->\n<title>Promo pneus neige pas chere - Blog auto Carid\u00e9al<\/title>\n<meta name=\"robots\" content=\"index, follow, max-snippet:-1, max-image-preview:large, max-video-preview:-1\" \/>\n<link rel=\"canonical\" href=\"https:\/\/www.carideal.com\/blog\/2009\/11\/04\/promo-pneus-neige-pas-chere\/\" \/>\n<meta property=\"og:locale\" content=\"fr_FR\" \/>\n<meta property=\"og:type\" content=\"article\" \/>\n<meta property=\"og:title\" content=\"Promo pneus neige pas chere - Blog auto Carid\u00e9al\" \/>\n<meta property=\"og:description\" content=\"Promo pneus neige pas chere La neige est \u00e0 nos portes, le froid, la pluie, le verglas bientot, l&#039;hivers est l\u00e0 et il faut prendre ses pr\u00e9cautions afin de conduire en toute s\u00e9curit\u00e9. Nos voisins Allemand rendent obligatoire l&#039;\u00e9quipement des voitures en pneus neige, pendant la p\u00e9riode hivernale et pas nous, nous ferions bien de ... Lire plus\" \/>\n<meta property=\"og:url\" content=\"https:\/\/www.carideal.com\/blog\/2009\/11\/04\/promo-pneus-neige-pas-chere\/\" \/>\n<meta property=\"og:site_name\" content=\"Blog auto Carid\u00e9al\" \/>\n<meta property=\"article:publisher\" content=\"https:\/\/www.facebook.com\/Carideal.mandataire.automobile\" \/>\n<meta property=\"article:author\" content=\"https:\/\/www.facebook.com\/Carideal.mandataire.automobile\/\" \/>\n<meta property=\"article:published_time\" content=\"2009-11-04T08:51:00+00:00\" \/>\n<meta property=\"article:modified_time\" content=\"2020-03-08T06:31:01+00:00\" \/>\n<meta property=\"og:image\" content=\"https:\/\/www.carideal.com\/blog\/wp-content\/uploads\/2016\/03\/logo-carideal-mandataire-automobile.png\" \/>\n\t<meta property=\"og:image:width\" content=\"300\" \/>\n\t<meta property=\"og:image:height\" content=\"300\" \/>\n\t<meta property=\"og:image:type\" content=\"image\/png\" \/>\n<meta name=\"author\" content=\"N.S Carideal\" \/>\n<meta name=\"twitter:card\" content=\"summary_large_image\" \/>\n<meta name=\"twitter:creator\" content=\"@caridealauto\" \/>\n<meta name=\"twitter:site\" content=\"@caridealauto\" \/>\n<meta name=\"twitter:label1\" content=\"\u00c9crit par\" \/>\n\t<meta name=\"twitter:data1\" content=\"N.S Carideal\" \/>\n<script type=\"application\/ld+json\" class=\"yoast-schema-graph\">{\"@context\":\"https:\/\/schema.org\",\"@graph\":[{\"@type\":\"Article\",\"@id\":\"https:\/\/www.carideal.com\/blog\/2009\/11\/04\/promo-pneus-neige-pas-chere\/#article\",\"isPartOf\":{\"@id\":\"https:\/\/www.carideal.com\/blog\/2009\/11\/04\/promo-pneus-neige-pas-chere\/\"},\"author\":{\"name\":\"N.S Carideal\",\"@id\":\"https:\/\/www.carideal.com\/blog\/#\/schema\/person\/985c7e757d1042d647f21bfaf8d41ebc\"},\"headline\":\"Promo pneus neige pas chere\",\"datePublished\":\"2009-11-04T08:51:00+00:00\",\"dateModified\":\"2020-03-08T06:31:01+00:00\",\"mainEntityOfPage\":{\"@id\":\"https:\/\/www.carideal.com\/blog\/2009\/11\/04\/promo-pneus-neige-pas-chere\/\"},\"wordCount\":101,\"commentCount\":1,\"publisher\":{\"@id\":\"https:\/\/www.carideal.com\/blog\/#organization\"},\"articleSection\":[\"Pneumatique\"],\"inLanguage\":\"fr-FR\",\"potentialAction\":[{\"@type\":\"CommentAction\",\"name\":\"Comment\",\"target\":[\"https:\/\/www.carideal.com\/blog\/2009\/11\/04\/promo-pneus-neige-pas-chere\/#respond\"]}]},{\"@type\":\"WebPage\",\"@id\":\"https:\/\/www.carideal.com\/blog\/2009\/11\/04\/promo-pneus-neige-pas-chere\/\",\"url\":\"https:\/\/www.carideal.com\/blog\/2009\/11\/04\/promo-pneus-neige-pas-chere\/\",\"name\":\"Promo pneus neige pas chere - Blog auto Carid\u00e9al\",\"isPartOf\":{\"@id\":\"https:\/\/www.carideal.com\/blog\/#website\"},\"datePublished\":\"2009-11-04T08:51:00+00:00\",\"dateModified\":\"2020-03-08T06:31:01+00:00\",\"breadcrumb\":{\"@id\":\"https:\/\/www.carideal.com\/blog\/2009\/11\/04\/promo-pneus-neige-pas-chere\/#breadcrumb\"},\"inLanguage\":\"fr-FR\",\"potentialAction\":[{\"@type\":\"ReadAction\",\"target\":[\"https:\/\/www.carideal.com\/blog\/2009\/11\/04\/promo-pneus-neige-pas-chere\/\"]}]},{\"@type\":\"BreadcrumbList\",\"@id\":\"https:\/\/www.carideal.com\/blog\/2009\/11\/04\/promo-pneus-neige-pas-chere\/#breadcrumb\",\"itemListElement\":[{\"@type\":\"ListItem\",\"position\":1,\"name\":\"Blog Carid\u00e9al\",\"item\":\"https:\/\/www.carideal.com\/blog\/\"},{\"@type\":\"ListItem\",\"position\":2,\"name\":\"Pneumatique\",\"item\":\"https:\/\/www.carideal.com\/blog\/pneumatique\/\"},{\"@type\":\"ListItem\",\"position\":3,\"name\":\"Promo pneus neige pas chere\"}]},{\"@type\":\"WebSite\",\"@id\":\"https:\/\/www.carideal.com\/blog\/#website\",\"url\":\"https:\/\/www.carideal.com\/blog\/\",\"name\":\"Blog auto Carid\u00e9al\",\"description\":\"Actualit\u00e9 auto par des passionn\u00e9s\",\"publisher\":{\"@id\":\"https:\/\/www.carideal.com\/blog\/#organization\"},\"potentialAction\":[{\"@type\":\"SearchAction\",\"target\":{\"@type\":\"EntryPoint\",\"urlTemplate\":\"https:\/\/www.carideal.com\/blog\/?s={search_term_string}\"},\"query-input\":{\"@type\":\"PropertyValueSpecification\",\"valueRequired\":true,\"valueName\":\"search_term_string\"}}],\"inLanguage\":\"fr-FR\"},{\"@type\":\"Organization\",\"@id\":\"https:\/\/www.carideal.com\/blog\/#organization\",\"name\":\"Carideal\",\"url\":\"https:\/\/www.carideal.com\/blog\/\",\"logo\":{\"@type\":\"ImageObject\",\"inLanguage\":\"fr-FR\",\"@id\":\"https:\/\/www.carideal.com\/blog\/#\/schema\/logo\/image\/\",\"url\":\"http:\/\/www.carideal.com\/blog\/wp-content\/uploads\/2016\/03\/logo-carideal-mandataire-automobile.png\",\"contentUrl\":\"http:\/\/www.carideal.com\/blog\/wp-content\/uploads\/2016\/03\/logo-carideal-mandataire-automobile.png\",\"width\":300,\"height\":300,\"caption\":\"Carideal\"},\"image\":{\"@id\":\"https:\/\/www.carideal.com\/blog\/#\/schema\/logo\/image\/\"},\"sameAs\":[\"https:\/\/www.facebook.com\/Carideal.mandataire.automobile\",\"https:\/\/x.com\/caridealauto\",\"https:\/\/www.instagram.com\/carideal1\/\",\"https:\/\/www.linkedin.com\/company\/carideal.com\",\"https:\/\/fr.pinterest.com\/schiavonsas\/\",\"https:\/\/www.youtube.com\/user\/caridealsas\"]},{\"@type\":\"Person\",\"@id\":\"https:\/\/www.carideal.com\/blog\/#\/schema\/person\/985c7e757d1042d647f21bfaf8d41ebc\",\"name\":\"N.S Carideal\",\"image\":{\"@type\":\"ImageObject\",\"inLanguage\":\"fr-FR\",\"@id\":\"https:\/\/www.carideal.com\/blog\/#\/schema\/person\/image\/\",\"url\":\"https:\/\/secure.gravatar.com\/avatar\/edb7ccdf1a4e3d14aef967760d354d0e?s=96&r=g\",\"contentUrl\":\"https:\/\/secure.gravatar.com\/avatar\/edb7ccdf1a4e3d14aef967760d354d0e?s=96&r=g\",\"caption\":\"N.S Carideal\"},\"description\":\"Depuis tout petit fan d'automobile. Il est question d'essayer et de comparer toutes ces voitures qui nous ont fait r\u00e9ver, avant que celles-ci ne devient uniquement des voitures de collection.\",\"sameAs\":[\"http:\/\/www.carideal.com\/blog\",\"https:\/\/www.facebook.com\/Carideal.mandataire.automobile\/\",\"https:\/\/www.linkedin.com\/in\/nschiavon\/\",\"https:\/\/www.youtube.com\/user\/caridealsas\/\"],\"url\":\"https:\/\/www.carideal.com\/blog\/author\/admin_carideal\/\"}]}<\/script>\n<!-- \/ Yoast SEO plugin. -->","yoast_head_json":{"title":"Promo pneus neige pas chere - Blog auto Carid\u00e9al","robots":{"index":"index","follow":"follow","max-snippet":"max-snippet:-1","max-image-preview":"max-image-preview:large","max-video-preview":"max-video-preview:-1"},"canonical":"https:\/\/www.carideal.com\/blog\/2009\/11\/04\/promo-pneus-neige-pas-chere\/","og_locale":"fr_FR","og_type":"article","og_title":"Promo pneus neige pas chere - Blog auto Carid\u00e9al","og_description":"Promo pneus neige pas chere La neige est \u00e0 nos portes, le froid, la pluie, le verglas bientot, l'hivers est l\u00e0 et il faut prendre ses pr\u00e9cautions afin de conduire en toute s\u00e9curit\u00e9. Nos voisins Allemand rendent obligatoire l'\u00e9quipement des voitures en pneus neige, pendant la p\u00e9riode hivernale et pas nous, nous ferions bien de ... Lire plus","og_url":"https:\/\/www.carideal.com\/blog\/2009\/11\/04\/promo-pneus-neige-pas-chere\/","og_site_name":"Blog auto Carid\u00e9al","article_publisher":"https:\/\/www.facebook.com\/Carideal.mandataire.automobile","article_author":"https:\/\/www.facebook.com\/Carideal.mandataire.automobile\/","article_published_time":"2009-11-04T08:51:00+00:00","article_modified_time":"2020-03-08T06:31:01+00:00","og_image":[{"width":300,"height":300,"url":"https:\/\/www.carideal.com\/blog\/wp-content\/uploads\/2016\/03\/logo-carideal-mandataire-automobile.png","type":"image\/png"}],"author":"N.S Carideal","twitter_card":"summary_large_image","twitter_creator":"@caridealauto","twitter_site":"@caridealauto","twitter_misc":{"\u00c9crit par":"N.S Carideal"},"schema":{"@context":"https:\/\/schema.org","@graph":[{"@type":"Article","@id":"https:\/\/www.carideal.com\/blog\/2009\/11\/04\/promo-pneus-neige-pas-chere\/#article","isPartOf":{"@id":"https:\/\/www.carideal.com\/blog\/2009\/11\/04\/promo-pneus-neige-pas-chere\/"},"author":{"name":"N.S Carideal","@id":"https:\/\/www.carideal.com\/blog\/#\/schema\/person\/985c7e757d1042d647f21bfaf8d41ebc"},"headline":"Promo pneus neige pas chere","datePublished":"2009-11-04T08:51:00+00:00","dateModified":"2020-03-08T06:31:01+00:00","mainEntityOfPage":{"@id":"https:\/\/www.carideal.com\/blog\/2009\/11\/04\/promo-pneus-neige-pas-chere\/"},"wordCount":101,"commentCount":1,"publisher":{"@id":"https:\/\/www.carideal.com\/blog\/#organization"},"articleSection":["Pneumatique"],"inLanguage":"fr-FR","potentialAction":[{"@type":"CommentAction","name":"Comment","target":["https:\/\/www.carideal.com\/blog\/2009\/11\/04\/promo-pneus-neige-pas-chere\/#respond"]}]},{"@type":"WebPage","@id":"https:\/\/www.carideal.com\/blog\/2009\/11\/04\/promo-pneus-neige-pas-chere\/","url":"https:\/\/www.carideal.com\/blog\/2009\/11\/04\/promo-pneus-neige-pas-chere\/","name":"Promo pneus neige pas chere - Blog auto Carid\u00e9al","isPartOf":{"@id":"https:\/\/www.carideal.com\/blog\/#website"},"datePublished":"2009-11-04T08:51:00+00:00","dateModified":"2020-03-08T06:31:01+00:00","breadcrumb":{"@id":"https:\/\/www.carideal.com\/blog\/2009\/11\/04\/promo-pneus-neige-pas-chere\/#breadcrumb"},"inLanguage":"fr-FR","potentialAction":[{"@type":"ReadAction","target":["https:\/\/www.carideal.com\/blog\/2009\/11\/04\/promo-pneus-neige-pas-chere\/"]}]},{"@type":"BreadcrumbList","@id":"https:\/\/www.carideal.com\/blog\/2009\/11\/04\/promo-pneus-neige-pas-chere\/#breadcrumb","itemListElement":[{"@type":"ListItem","position":1,"name":"Blog Carid\u00e9al","item":"https:\/\/www.carideal.com\/blog\/"},{"@type":"ListItem","position":2,"name":"Pneumatique","item":"https:\/\/www.carideal.com\/blog\/pneumatique\/"},{"@type":"ListItem","position":3,"name":"Promo pneus neige pas chere"}]},{"@type":"WebSite","@id":"https:\/\/www.carideal.com\/blog\/#website","url":"https:\/\/www.carideal.com\/blog\/","name":"Blog auto Carid\u00e9al","description":"Actualit\u00e9 auto par des passionn\u00e9s","publisher":{"@id":"https:\/\/www.carideal.com\/blog\/#organization"},"potentialAction":[{"@type":"SearchAction","target":{"@type":"EntryPoint","urlTemplate":"https:\/\/www.carideal.com\/blog\/?s={search_term_string}"},"query-input":{"@type":"PropertyValueSpecification","valueRequired":true,"valueName":"search_term_string"}}],"inLanguage":"fr-FR"},{"@type":"Organization","@id":"https:\/\/www.carideal.com\/blog\/#organization","name":"Carideal","url":"https:\/\/www.carideal.com\/blog\/","logo":{"@type":"ImageObject","inLanguage":"fr-FR","@id":"https:\/\/www.carideal.com\/blog\/#\/schema\/logo\/image\/","url":"http:\/\/www.carideal.com\/blog\/wp-content\/uploads\/2016\/03\/logo-carideal-mandataire-automobile.png","contentUrl":"http:\/\/www.carideal.com\/blog\/wp-content\/uploads\/2016\/03\/logo-carideal-mandataire-automobile.png","width":300,"height":300,"caption":"Carideal"},"image":{"@id":"https:\/\/www.carideal.com\/blog\/#\/schema\/logo\/image\/"},"sameAs":["https:\/\/www.facebook.com\/Carideal.mandataire.automobile","https:\/\/x.com\/caridealauto","https:\/\/www.instagram.com\/carideal1\/","https:\/\/www.linkedin.com\/company\/carideal.com","https:\/\/fr.pinterest.com\/schiavonsas\/","https:\/\/www.youtube.com\/user\/caridealsas"]},{"@type":"Person","@id":"https:\/\/www.carideal.com\/blog\/#\/schema\/person\/985c7e757d1042d647f21bfaf8d41ebc","name":"N.S Carideal","image":{"@type":"ImageObject","inLanguage":"fr-FR","@id":"https:\/\/www.carideal.com\/blog\/#\/schema\/person\/image\/","url":"https:\/\/secure.gravatar.com\/avatar\/edb7ccdf1a4e3d14aef967760d354d0e?s=96&r=g","contentUrl":"https:\/\/secure.gravatar.com\/avatar\/edb7ccdf1a4e3d14aef967760d354d0e?s=96&r=g","caption":"N.S Carideal"},"description":"Depuis tout petit fan d'automobile. Il est question d'essayer et de comparer toutes ces voitures qui nous ont fait r\u00e9ver, avant que celles-ci ne devient uniquement des voitures de collection.","sameAs":["http:\/\/www.carideal.com\/blog","https:\/\/www.facebook.com\/Carideal.mandataire.automobile\/","https:\/\/www.linkedin.com\/in\/nschiavon\/","https:\/\/www.youtube.com\/user\/caridealsas\/"],"url":"https:\/\/www.carideal.com\/blog\/author\/admin_carideal\/"}]}},"uagb_featured_image_src":{"full":false,"thumbnail":false,"medium":false,"medium_large":false,"large":false,"1536x1536":false,"2048x2048":false,"wppr-widget":false},"uagb_author_info":{"display_name":"N.S Carideal","author_link":"https:\/\/www.carideal.com\/blog\/author\/admin_carideal\/"},"uagb_comment_info":1,"uagb_excerpt":"Promo pneus neige pas chere La neige est \u00e0 nos portes, le froid, la pluie, le verglas bientot, l'hivers est l\u00e0 et il faut prendre ses pr\u00e9cautions afin de conduire en toute s\u00e9curit\u00e9. Nos voisins Allemand rendent obligatoire l'\u00e9quipement des voitures en pneus neige, pendant la p\u00e9riode hivernale et pas nous, nous ferions bien de\u2026","_links":{"self":[{"href":"https:\/\/www.carideal.com\/blog\/wp-json\/wp\/v2\/posts\/1549"}],"collection":[{"href":"https:\/\/www.carideal.com\/blog\/wp-json\/wp\/v2\/posts"}],"about":[{"href":"https:\/\/www.carideal.com\/blog\/wp-json\/wp\/v2\/types\/post"}],"author":[{"embeddable":true,"href":"https:\/\/www.carideal.com\/blog\/wp-json\/wp\/v2\/users\/1"}],"replies":[{"embeddable":true,"href":"https:\/\/www.carideal.com\/blog\/wp-json\/wp\/v2\/comments?post=1549"}],"version-history":[{"count":0,"href":"https:\/\/www.carideal.com\/blog\/wp-json\/wp\/v2\/posts\/1549\/revisions"}],"wp:attachment":[{"href":"https:\/\/www.carideal.com\/blog\/wp-json\/wp\/v2\/media?parent=1549"}],"wp:term":[{"taxonomy":"category","embeddable":true,"href":"https:\/\/www.carideal.com\/blog\/wp-json\/wp\/v2\/categories?post=1549"},{"taxonomy":"post_tag","embeddable":true,"href":"https:\/\/www.carideal.com\/blog\/wp-json\/wp\/v2\/tags?post=1549"}],"curies":[{"name":"wp","href":"https:\/\/api.w.org\/{rel}","templated":true}]}}