{"id":1544,"date":"2014-06-20T09:01:00","date_gmt":"2014-06-20T09:01:00","guid":{"rendered":"http:\/\/carideal.com\/blog\/?p=1544"},"modified":"2020-03-08T07:31:01","modified_gmt":"2020-03-08T06:31:01","slug":"10-compacte-a-moins-de-12-000e-en-occasion","status":"publish","type":"post","link":"https:\/\/www.carideal.com\/blog\/2014\/06\/20\/10-compacte-a-moins-de-12-000e-en-occasion\/","title":{"rendered":"Voiture occasion \u00e0 12000 euros"},"content":{"rendered":" Voiture occasion \u00e0 12000 euros\n<h1>Voiture occasion \u00e0 12000 euros : la concurrence est rude chez les compactes<\/h1>\n<p>La concurrence fait rage dans la cat\u00e9gorie <strong>voiture d'occasion \u00e0 12000 euros<\/strong> berline et compacte. Il faut ajouter \u00e9galement une saturation de l\u2019offre sur le march\u00e9 de la voiture d\u2019occasion alors que la demande ralentie au profit d\u2019autres types de v\u00e9hicules, les SUV en t\u00eate par exemple.<\/p>\n<p>Ces derniers ne sont pas donn\u00e9s. Pour un budget de 12000 \u20ac, il est possible de trouver facilement une voiture d'occasion\u00a0de trois \u00e0 quatre ans d\u2019\u00e2ge avec peu de kilom\u00e8tres au compteur. Parmi ces voitures d'occasion \u00e0 12000 euros compactes on peut trouver des voitures r\u00e9centes en tr\u00e8s bon \u00e9tat qui feront votre bonheur, un exemple avec la liste ci-dessous :<\/p>\n<p><span style=\"text-decoration: underline;\">Audi A3<\/span> (11 990) - <span style=\"text-decoration: underline;\">BMW S\u00e9rie 1<\/span> (11 995) - <span style=\"text-decoration: underline;\">Citro\u00ebn C4 II<\/span> (11 900) - <span style=\"text-decoration: underline;\">Ford Focus<\/span> (11 980) - Honda Civic 8 (11 900) -Mazda 3 II (11 990) - Opel Astra IV (11 990) - <span style=\"text-decoration: underline;\">Peugeot 308<\/span> (11 990) - <span style=\"text-decoration: underline;\">Renault M\u00e9gane 3<\/span>\u00a0(11 900) - <span style=\"text-decoration: underline;\">Volkswagen Golf 4<\/span>\u00a0(11 900)<\/p>\n<p>Pour certaine <span style=\"text-decoration: underline;\">voiture d'occasion<\/span> \u00e0 12000 euros, il s\u2019agit de mod\u00e8les de derni\u00e8re g\u00e9n\u00e9ration commercialis\u00e9s apr\u00e8s 2010. Bien que le diesel soit largement plus r\u00e9pandu, les versions \u00e0 essence reprennent de l'importance gr\u00e2ce \u00e0 des motorisations turbo agr\u00e9ables. Malgr\u00e9 une consommation plus \u00e9lev\u00e9e ces blocs demeurent toutefois moins chers \u00e0 l\u2019achat et sont \u00e9pargn\u00e9s par les nombreux soucis inh\u00e9rents aux diesels modernes, comme l'<span style=\"text-decoration: underline;\"><a href=\"http:\/\/www.carideal.com\/blog\/2011\/03\/11\/encrassement-injecteur-diesel\/\">encrassement des injecteurs diesel<\/a><\/span> sur les voitures roulant peu. Pr\u00e9munissez-vous contre les al\u00e9as de fonctionnement de votre voiture en souscrivant une <span style=\"text-decoration: underline;\"><a href=\"http:\/\/www.carideal.com\/content\/7-extension-garantie\">extension de garantie\u00a0contre les pannes m\u00e9caniques<\/a><\/span>.<\/p>\n Voiture occasion \u00e0 12000 euros laquelle choisir ?\n<h2>Voiture d'occasion \u00e0 12000 euros<\/h2>\n<p>Enfin, le vaste choix permet de faire jouer la concurrence \u00e0 l\u2019heure de n\u00e9gocier votre future voiture d'occasion \u00e0 12000 euros ! L'offre des marques ayant \u00e9t\u00e9 grandissante ces derni\u00e8res ann\u00e9es, avec l'arriv\u00e9 des constructeurs Cor\u00e9en et le renforcement des Japonais, que trouver une voiture d'occasion \u00e0 12000 euros n'est plus une Gageure.<\/p>\n<p>Le client aura le choix entre de la voiture occasion \u00e0 12000 euros \u00e0 3 ou 5 portes et m\u00eame maintenant \u00e0 des versions break qui sont aussi recherch\u00e9s pour le volume qu'elle propose parfois plus important que certain <span style=\"text-decoration: underline;\">SUV<\/span>. Il ne restera plus qu'\u00e0 choisir la voiture r\u00e9vis\u00e9e et garantie par un professionnel.<\/p>\n","protected":false},"excerpt":{"rendered":"<p>Voiture occasion \u00e0 12000 euros : la concurrence est rude chez les compactes La concurrence fait rage dans la cat\u00e9gorie voiture d&rsquo;occasion \u00e0 12000 euros berline et compacte. Il faut ajouter \u00e9galement une saturation de l\u2019offre sur le march\u00e9 de la voiture d\u2019occasion alors que la demande ralentie au profit d\u2019autres types de v\u00e9hicules, les &#8230; <a title=\"Voiture occasion \u00e0 12000 euros\" class=\"read-more\" href=\"https:\/\/www.carideal.com\/blog\/2014\/06\/20\/10-compacte-a-moins-de-12-000e-en-occasion\/\" aria-label=\"En savoir plus sur Voiture occasion \u00e0 12000 euros\">Lire plus<\/a><\/p>\n","protected":false},"author":1,"featured_media":0,"comment_status":"closed","ping_status":"open","sticky":false,"template":"","format":"standard","meta":{"_uag_custom_page_level_css":"","_themeisle_gutenberg_block_has_review":false,"footnotes":""},"categories":[5978,5945,5,5944,5968,5966,6015,5946,5963,5985,6025,10,5974],"tags":[5044,2998],"class_list":["post-1544","post","type-post","status-publish","format-standard","hentry","category-audi","category-bmw","category-citroen","category-constructeur","category-ford","category-honda","category-mazda","category-peugeot","category-renault","category-volkswagen","category-occasion-type-de-vehicule-type-de-vehicule","category-marche-automobile-voiture-neuve-occasion-4x4-suv","category-type-de-vehicule","tag-guide-achat","tag-compactes"],"wppr_data":[],"yoast_head":"<!-- This site is optimized with the Yoast SEO plugin v24.8.1 - https:\/\/yoast.com\/wordpress\/plugins\/seo\/ -->\n<title>Voiture occasion \u00e0 12000 euros - Blog auto Carid\u00e9al<\/title>\n<meta name=\"description\" content=\"La concurrence fait rage dans la cat\u00e9gorie voiture occasion \u00e0 12000 euros berline et compacte. Il faut ajouter \u00e9galement une saturation de l\u2019offre.\" \/>\n<meta name=\"robots\" content=\"index, follow, max-snippet:-1, max-image-preview:large, max-video-preview:-1\" \/>\n<link rel=\"canonical\" href=\"https:\/\/www.carideal.com\/blog\/2014\/06\/20\/10-compacte-a-moins-de-12-000e-en-occasion\/\" \/>\n<meta property=\"og:locale\" content=\"fr_FR\" \/>\n<meta property=\"og:type\" content=\"article\" \/>\n<meta property=\"og:title\" content=\"Voiture occasion \u00e0 12000 euros - Blog auto Carid\u00e9al\" \/>\n<meta property=\"og:description\" content=\"La concurrence fait rage dans la cat\u00e9gorie voiture occasion \u00e0 12000 euros berline et compacte. Il faut ajouter \u00e9galement une saturation de l\u2019offre.\" \/>\n<meta property=\"og:url\" content=\"https:\/\/www.carideal.com\/blog\/2014\/06\/20\/10-compacte-a-moins-de-12-000e-en-occasion\/\" \/>\n<meta property=\"og:site_name\" content=\"Blog auto Carid\u00e9al\" \/>\n<meta property=\"article:publisher\" content=\"https:\/\/www.facebook.com\/Carideal.mandataire.automobile\" \/>\n<meta property=\"article:author\" content=\"https:\/\/www.facebook.com\/Carideal.mandataire.automobile\/\" \/>\n<meta property=\"article:published_time\" content=\"2014-06-20T09:01:00+00:00\" \/>\n<meta property=\"article:modified_time\" content=\"2020-03-08T06:31:01+00:00\" \/>\n<meta property=\"og:image\" content=\"https:\/\/www.carideal.com\/blog\/wp-content\/uploads\/2016\/03\/logo-carideal-mandataire-automobile.png\" \/>\n\t<meta property=\"og:image:width\" content=\"300\" \/>\n\t<meta property=\"og:image:height\" content=\"300\" \/>\n\t<meta property=\"og:image:type\" content=\"image\/png\" \/>\n<meta name=\"author\" content=\"N.S Carideal\" \/>\n<meta name=\"twitter:card\" content=\"summary_large_image\" \/>\n<meta name=\"twitter:creator\" content=\"@caridealauto\" \/>\n<meta name=\"twitter:site\" content=\"@caridealauto\" \/>\n<meta name=\"twitter:label1\" content=\"\u00c9crit par\" \/>\n\t<meta name=\"twitter:data1\" content=\"N.S Carideal\" \/>\n\t<meta name=\"twitter:label2\" content=\"Dur\u00e9e de lecture estim\u00e9e\" \/>\n\t<meta name=\"twitter:data2\" content=\"2 minutes\" \/>\n<script type=\"application\/ld+json\" class=\"yoast-schema-graph\">{\"@context\":\"https:\/\/schema.org\",\"@graph\":[{\"@type\":\"Article\",\"@id\":\"https:\/\/www.carideal.com\/blog\/2014\/06\/20\/10-compacte-a-moins-de-12-000e-en-occasion\/#article\",\"isPartOf\":{\"@id\":\"https:\/\/www.carideal.com\/blog\/2014\/06\/20\/10-compacte-a-moins-de-12-000e-en-occasion\/\"},\"author\":{\"name\":\"N.S Carideal\",\"@id\":\"https:\/\/www.carideal.com\/blog\/#\/schema\/person\/985c7e757d1042d647f21bfaf8d41ebc\"},\"headline\":\"Voiture occasion \u00e0 12000 euros\",\"datePublished\":\"2014-06-20T09:01:00+00:00\",\"dateModified\":\"2020-03-08T06:31:01+00:00\",\"mainEntityOfPage\":{\"@id\":\"https:\/\/www.carideal.com\/blog\/2014\/06\/20\/10-compacte-a-moins-de-12-000e-en-occasion\/\"},\"wordCount\":387,\"publisher\":{\"@id\":\"https:\/\/www.carideal.com\/blog\/#organization\"},\"keywords\":[\"Guide achat voiture\",\"Voiture compacte\"],\"articleSection\":[\"Actualit\u00e9 Audi\",\"Actualit\u00e9 BMW\",\"Actualit\u00e9 Citroen\",\"Actualit\u00e9 Constructeur automobile\",\"Actualit\u00e9 Ford\",\"Actualit\u00e9 Honda\",\"Actualit\u00e9 Mazda\",\"Actualit\u00e9 Peugeot\",\"Actualit\u00e9 Renault\",\"Actualit\u00e9 Volkswagen\",\"Essai Voiture Occasion\",\"March\u00e9 automobile\",\"Type de v\u00e9hicule\"],\"inLanguage\":\"fr-FR\"},{\"@type\":\"WebPage\",\"@id\":\"https:\/\/www.carideal.com\/blog\/2014\/06\/20\/10-compacte-a-moins-de-12-000e-en-occasion\/\",\"url\":\"https:\/\/www.carideal.com\/blog\/2014\/06\/20\/10-compacte-a-moins-de-12-000e-en-occasion\/\",\"name\":\"Voiture occasion \u00e0 12000 euros - Blog auto Carid\u00e9al\",\"isPartOf\":{\"@id\":\"https:\/\/www.carideal.com\/blog\/#website\"},\"datePublished\":\"2014-06-20T09:01:00+00:00\",\"dateModified\":\"2020-03-08T06:31:01+00:00\",\"description\":\"La concurrence fait rage dans la cat\u00e9gorie voiture occasion \u00e0 12000 euros berline et compacte. Il faut ajouter \u00e9galement une saturation de l\u2019offre.\",\"breadcrumb\":{\"@id\":\"https:\/\/www.carideal.com\/blog\/2014\/06\/20\/10-compacte-a-moins-de-12-000e-en-occasion\/#breadcrumb\"},\"inLanguage\":\"fr-FR\",\"potentialAction\":[{\"@type\":\"ReadAction\",\"target\":[\"https:\/\/www.carideal.com\/blog\/2014\/06\/20\/10-compacte-a-moins-de-12-000e-en-occasion\/\"]}]},{\"@type\":\"BreadcrumbList\",\"@id\":\"https:\/\/www.carideal.com\/blog\/2014\/06\/20\/10-compacte-a-moins-de-12-000e-en-occasion\/#breadcrumb\",\"itemListElement\":[{\"@type\":\"ListItem\",\"position\":1,\"name\":\"Blog Carid\u00e9al\",\"item\":\"https:\/\/www.carideal.com\/blog\/\"},{\"@type\":\"ListItem\",\"position\":2,\"name\":\"Type de v\u00e9hicule\",\"item\":\"https:\/\/www.carideal.com\/blog\/type-de-vehicule\/\"},{\"@type\":\"ListItem\",\"position\":3,\"name\":\"Essai Voiture Occasion\",\"item\":\"https:\/\/www.carideal.com\/blog\/type-de-vehicule\/occasion-type-de-vehicule-type-de-vehicule\/\"},{\"@type\":\"ListItem\",\"position\":4,\"name\":\"Voiture occasion \u00e0 12000 euros\"}]},{\"@type\":\"WebSite\",\"@id\":\"https:\/\/www.carideal.com\/blog\/#website\",\"url\":\"https:\/\/www.carideal.com\/blog\/\",\"name\":\"Blog auto Carid\u00e9al\",\"description\":\"Actualit\u00e9 auto par des passionn\u00e9s\",\"publisher\":{\"@id\":\"https:\/\/www.carideal.com\/blog\/#organization\"},\"potentialAction\":[{\"@type\":\"SearchAction\",\"target\":{\"@type\":\"EntryPoint\",\"urlTemplate\":\"https:\/\/www.carideal.com\/blog\/?s={search_term_string}\"},\"query-input\":{\"@type\":\"PropertyValueSpecification\",\"valueRequired\":true,\"valueName\":\"search_term_string\"}}],\"inLanguage\":\"fr-FR\"},{\"@type\":\"Organization\",\"@id\":\"https:\/\/www.carideal.com\/blog\/#organization\",\"name\":\"Carideal\",\"url\":\"https:\/\/www.carideal.com\/blog\/\",\"logo\":{\"@type\":\"ImageObject\",\"inLanguage\":\"fr-FR\",\"@id\":\"https:\/\/www.carideal.com\/blog\/#\/schema\/logo\/image\/\",\"url\":\"http:\/\/www.carideal.com\/blog\/wp-content\/uploads\/2016\/03\/logo-carideal-mandataire-automobile.png\",\"contentUrl\":\"http:\/\/www.carideal.com\/blog\/wp-content\/uploads\/2016\/03\/logo-carideal-mandataire-automobile.png\",\"width\":300,\"height\":300,\"caption\":\"Carideal\"},\"image\":{\"@id\":\"https:\/\/www.carideal.com\/blog\/#\/schema\/logo\/image\/\"},\"sameAs\":[\"https:\/\/www.facebook.com\/Carideal.mandataire.automobile\",\"https:\/\/x.com\/caridealauto\",\"https:\/\/www.instagram.com\/carideal1\/\",\"https:\/\/www.linkedin.com\/company\/carideal.com\",\"https:\/\/fr.pinterest.com\/schiavonsas\/\",\"https:\/\/www.youtube.com\/user\/caridealsas\"]},{\"@type\":\"Person\",\"@id\":\"https:\/\/www.carideal.com\/blog\/#\/schema\/person\/985c7e757d1042d647f21bfaf8d41ebc\",\"name\":\"N.S Carideal\",\"image\":{\"@type\":\"ImageObject\",\"inLanguage\":\"fr-FR\",\"@id\":\"https:\/\/www.carideal.com\/blog\/#\/schema\/person\/image\/\",\"url\":\"https:\/\/secure.gravatar.com\/avatar\/edb7ccdf1a4e3d14aef967760d354d0e?s=96&r=g\",\"contentUrl\":\"https:\/\/secure.gravatar.com\/avatar\/edb7ccdf1a4e3d14aef967760d354d0e?s=96&r=g\",\"caption\":\"N.S Carideal\"},\"description\":\"Depuis tout petit fan d'automobile. Il est question d'essayer et de comparer toutes ces voitures qui nous ont fait r\u00e9ver, avant que celles-ci ne devient uniquement des voitures de collection.\",\"sameAs\":[\"http:\/\/www.carideal.com\/blog\",\"https:\/\/www.facebook.com\/Carideal.mandataire.automobile\/\",\"https:\/\/www.linkedin.com\/in\/nschiavon\/\",\"https:\/\/www.youtube.com\/user\/caridealsas\/\"],\"url\":\"https:\/\/www.carideal.com\/blog\/author\/admin_carideal\/\"}]}<\/script>\n<!-- \/ Yoast SEO plugin. -->","yoast_head_json":{"title":"Voiture occasion \u00e0 12000 euros - Blog auto Carid\u00e9al","description":"La concurrence fait rage dans la cat\u00e9gorie voiture occasion \u00e0 12000 euros berline et compacte. Il faut ajouter \u00e9galement une saturation de l\u2019offre.","robots":{"index":"index","follow":"follow","max-snippet":"max-snippet:-1","max-image-preview":"max-image-preview:large","max-video-preview":"max-video-preview:-1"},"canonical":"https:\/\/www.carideal.com\/blog\/2014\/06\/20\/10-compacte-a-moins-de-12-000e-en-occasion\/","og_locale":"fr_FR","og_type":"article","og_title":"Voiture occasion \u00e0 12000 euros - Blog auto Carid\u00e9al","og_description":"La concurrence fait rage dans la cat\u00e9gorie voiture occasion \u00e0 12000 euros berline et compacte. Il faut ajouter \u00e9galement une saturation de l\u2019offre.","og_url":"https:\/\/www.carideal.com\/blog\/2014\/06\/20\/10-compacte-a-moins-de-12-000e-en-occasion\/","og_site_name":"Blog auto Carid\u00e9al","article_publisher":"https:\/\/www.facebook.com\/Carideal.mandataire.automobile","article_author":"https:\/\/www.facebook.com\/Carideal.mandataire.automobile\/","article_published_time":"2014-06-20T09:01:00+00:00","article_modified_time":"2020-03-08T06:31:01+00:00","og_image":[{"width":300,"height":300,"url":"https:\/\/www.carideal.com\/blog\/wp-content\/uploads\/2016\/03\/logo-carideal-mandataire-automobile.png","type":"image\/png"}],"author":"N.S Carideal","twitter_card":"summary_large_image","twitter_creator":"@caridealauto","twitter_site":"@caridealauto","twitter_misc":{"\u00c9crit par":"N.S Carideal","Dur\u00e9e de lecture estim\u00e9e":"2 minutes"},"schema":{"@context":"https:\/\/schema.org","@graph":[{"@type":"Article","@id":"https:\/\/www.carideal.com\/blog\/2014\/06\/20\/10-compacte-a-moins-de-12-000e-en-occasion\/#article","isPartOf":{"@id":"https:\/\/www.carideal.com\/blog\/2014\/06\/20\/10-compacte-a-moins-de-12-000e-en-occasion\/"},"author":{"name":"N.S Carideal","@id":"https:\/\/www.carideal.com\/blog\/#\/schema\/person\/985c7e757d1042d647f21bfaf8d41ebc"},"headline":"Voiture occasion \u00e0 12000 euros","datePublished":"2014-06-20T09:01:00+00:00","dateModified":"2020-03-08T06:31:01+00:00","mainEntityOfPage":{"@id":"https:\/\/www.carideal.com\/blog\/2014\/06\/20\/10-compacte-a-moins-de-12-000e-en-occasion\/"},"wordCount":387,"publisher":{"@id":"https:\/\/www.carideal.com\/blog\/#organization"},"keywords":["Guide achat voiture","Voiture compacte"],"articleSection":["Actualit\u00e9 Audi","Actualit\u00e9 BMW","Actualit\u00e9 Citroen","Actualit\u00e9 Constructeur automobile","Actualit\u00e9 Ford","Actualit\u00e9 Honda","Actualit\u00e9 Mazda","Actualit\u00e9 Peugeot","Actualit\u00e9 Renault","Actualit\u00e9 Volkswagen","Essai Voiture Occasion","March\u00e9 automobile","Type de v\u00e9hicule"],"inLanguage":"fr-FR"},{"@type":"WebPage","@id":"https:\/\/www.carideal.com\/blog\/2014\/06\/20\/10-compacte-a-moins-de-12-000e-en-occasion\/","url":"https:\/\/www.carideal.com\/blog\/2014\/06\/20\/10-compacte-a-moins-de-12-000e-en-occasion\/","name":"Voiture occasion \u00e0 12000 euros - Blog auto Carid\u00e9al","isPartOf":{"@id":"https:\/\/www.carideal.com\/blog\/#website"},"datePublished":"2014-06-20T09:01:00+00:00","dateModified":"2020-03-08T06:31:01+00:00","description":"La concurrence fait rage dans la cat\u00e9gorie voiture occasion \u00e0 12000 euros berline et compacte. Il faut ajouter \u00e9galement une saturation de l\u2019offre.","breadcrumb":{"@id":"https:\/\/www.carideal.com\/blog\/2014\/06\/20\/10-compacte-a-moins-de-12-000e-en-occasion\/#breadcrumb"},"inLanguage":"fr-FR","potentialAction":[{"@type":"ReadAction","target":["https:\/\/www.carideal.com\/blog\/2014\/06\/20\/10-compacte-a-moins-de-12-000e-en-occasion\/"]}]},{"@type":"BreadcrumbList","@id":"https:\/\/www.carideal.com\/blog\/2014\/06\/20\/10-compacte-a-moins-de-12-000e-en-occasion\/#breadcrumb","itemListElement":[{"@type":"ListItem","position":1,"name":"Blog Carid\u00e9al","item":"https:\/\/www.carideal.com\/blog\/"},{"@type":"ListItem","position":2,"name":"Type de v\u00e9hicule","item":"https:\/\/www.carideal.com\/blog\/type-de-vehicule\/"},{"@type":"ListItem","position":3,"name":"Essai Voiture Occasion","item":"https:\/\/www.carideal.com\/blog\/type-de-vehicule\/occasion-type-de-vehicule-type-de-vehicule\/"},{"@type":"ListItem","position":4,"name":"Voiture occasion \u00e0 12000 euros"}]},{"@type":"WebSite","@id":"https:\/\/www.carideal.com\/blog\/#website","url":"https:\/\/www.carideal.com\/blog\/","name":"Blog auto Carid\u00e9al","description":"Actualit\u00e9 auto par des passionn\u00e9s","publisher":{"@id":"https:\/\/www.carideal.com\/blog\/#organization"},"potentialAction":[{"@type":"SearchAction","target":{"@type":"EntryPoint","urlTemplate":"https:\/\/www.carideal.com\/blog\/?s={search_term_string}"},"query-input":{"@type":"PropertyValueSpecification","valueRequired":true,"valueName":"search_term_string"}}],"inLanguage":"fr-FR"},{"@type":"Organization","@id":"https:\/\/www.carideal.com\/blog\/#organization","name":"Carideal","url":"https:\/\/www.carideal.com\/blog\/","logo":{"@type":"ImageObject","inLanguage":"fr-FR","@id":"https:\/\/www.carideal.com\/blog\/#\/schema\/logo\/image\/","url":"http:\/\/www.carideal.com\/blog\/wp-content\/uploads\/2016\/03\/logo-carideal-mandataire-automobile.png","contentUrl":"http:\/\/www.carideal.com\/blog\/wp-content\/uploads\/2016\/03\/logo-carideal-mandataire-automobile.png","width":300,"height":300,"caption":"Carideal"},"image":{"@id":"https:\/\/www.carideal.com\/blog\/#\/schema\/logo\/image\/"},"sameAs":["https:\/\/www.facebook.com\/Carideal.mandataire.automobile","https:\/\/x.com\/caridealauto","https:\/\/www.instagram.com\/carideal1\/","https:\/\/www.linkedin.com\/company\/carideal.com","https:\/\/fr.pinterest.com\/schiavonsas\/","https:\/\/www.youtube.com\/user\/caridealsas"]},{"@type":"Person","@id":"https:\/\/www.carideal.com\/blog\/#\/schema\/person\/985c7e757d1042d647f21bfaf8d41ebc","name":"N.S Carideal","image":{"@type":"ImageObject","inLanguage":"fr-FR","@id":"https:\/\/www.carideal.com\/blog\/#\/schema\/person\/image\/","url":"https:\/\/secure.gravatar.com\/avatar\/edb7ccdf1a4e3d14aef967760d354d0e?s=96&r=g","contentUrl":"https:\/\/secure.gravatar.com\/avatar\/edb7ccdf1a4e3d14aef967760d354d0e?s=96&r=g","caption":"N.S Carideal"},"description":"Depuis tout petit fan d'automobile. Il est question d'essayer et de comparer toutes ces voitures qui nous ont fait r\u00e9ver, avant que celles-ci ne devient uniquement des voitures de collection.","sameAs":["http:\/\/www.carideal.com\/blog","https:\/\/www.facebook.com\/Carideal.mandataire.automobile\/","https:\/\/www.linkedin.com\/in\/nschiavon\/","https:\/\/www.youtube.com\/user\/caridealsas\/"],"url":"https:\/\/www.carideal.com\/blog\/author\/admin_carideal\/"}]}},"uagb_featured_image_src":{"full":false,"thumbnail":false,"medium":false,"medium_large":false,"large":false,"1536x1536":false,"2048x2048":false,"wppr-widget":false},"uagb_author_info":{"display_name":"N.S Carideal","author_link":"https:\/\/www.carideal.com\/blog\/author\/admin_carideal\/"},"uagb_comment_info":0,"uagb_excerpt":"Voiture occasion \u00e0 12000 euros : la concurrence est rude chez les compactes La concurrence fait rage dans la cat\u00e9gorie voiture d'occasion \u00e0 12000 euros berline et compacte. Il faut ajouter \u00e9galement une saturation de l\u2019offre sur le march\u00e9 de la voiture d\u2019occasion alors que la demande ralentie au profit d\u2019autres types de v\u00e9hicules, les\u2026","_links":{"self":[{"href":"https:\/\/www.carideal.com\/blog\/wp-json\/wp\/v2\/posts\/1544"}],"collection":[{"href":"https:\/\/www.carideal.com\/blog\/wp-json\/wp\/v2\/posts"}],"about":[{"href":"https:\/\/www.carideal.com\/blog\/wp-json\/wp\/v2\/types\/post"}],"author":[{"embeddable":true,"href":"https:\/\/www.carideal.com\/blog\/wp-json\/wp\/v2\/users\/1"}],"replies":[{"embeddable":true,"href":"https:\/\/www.carideal.com\/blog\/wp-json\/wp\/v2\/comments?post=1544"}],"version-history":[{"count":0,"href":"https:\/\/www.carideal.com\/blog\/wp-json\/wp\/v2\/posts\/1544\/revisions"}],"wp:attachment":[{"href":"https:\/\/www.carideal.com\/blog\/wp-json\/wp\/v2\/media?parent=1544"}],"wp:term":[{"taxonomy":"category","embeddable":true,"href":"https:\/\/www.carideal.com\/blog\/wp-json\/wp\/v2\/categories?post=1544"},{"taxonomy":"post_tag","embeddable":true,"href":"https:\/\/www.carideal.com\/blog\/wp-json\/wp\/v2\/tags?post=1544"}],"curies":[{"name":"wp","href":"https:\/\/api.w.org\/{rel}","templated":true}]}}