{"id":15439,"date":"2015-11-09T07:24:50","date_gmt":"2015-11-09T06:24:50","guid":{"rendered":"http:\/\/www.carideal.com\/blog\/?p=15439"},"modified":"2017-02-24T08:06:27","modified_gmt":"2017-02-24T07:06:27","slug":"emissions-polluantes-citroen-conforme","status":"publish","type":"post","link":"https:\/\/www.carideal.com\/blog\/2015\/11\/09\/emissions-polluantes-citroen-conforme\/","title":{"rendered":"\u00c9missions polluantes Citroen est conforme"},"content":{"rendered":"<h1><strong>Citroen Confirme la conformit\u00e9 de ses v\u00e9hicules en mati\u00e8re d'\u00e9missions polluantes<\/strong><\/h1>\n<p>PSA Peugeot <a href=\"http:\/\/www.carideal.com\/blog\/marque-de-voiture-actualites-essais\/citroen\/\">Citroen<\/a> a publi\u00e9 il y a quelques jours sur son site internet un communiqu\u00e9 pour rassurer ses clients sur les \u00e9missions polluantes et de CO2 de ses v\u00e9hicules.<\/p>\n<p>\" PSA Peugeot Citro\u00ebn confirme la conformit\u00e9 de ses v\u00e9hicules en mati\u00e8re d'\u00e9missions polluantes et prend l'initiative de publier les consommations en usage client en partenariat avec un organisme tiers ind\u00e9pendant.\"<\/p>\n<p><strong>Dans le contexte m\u00e9diatique actuel autour des \u00e9missions polluantes et du Diesel qui impacte l'ensemble du secteur automobile, PSA Peugeot Citro\u00ebn tient \u00e0 donner une meilleure information \u00e0 ses clients, investisseurs et autres parties prenantes.<\/strong><\/p>\n<p><a href=\"http:\/\/www.carideal.com\/blog\/tag\/psa\/\">PSA<\/a> Peugeot Citro\u00ebn confirme que ses v\u00e9hicules n'ont jamais \u00e9t\u00e9 \u00e9quip\u00e9s de logiciel ou de dispositif permettant de d\u00e9tecter un test de conformit\u00e9 et d'activer un dispositif de traitement des polluants, y compris les NOx (Oxydes d'Azote), qui serait inactif en usage client,<\/p>\n<p>PSA Peugeot Citro\u00ebn est le premier constructeur \u00e0 avoir g\u00e9n\u00e9ralis\u00e9 l'utilisation de la technologie SCR (Selective Catalytic Reduction) \u00ab Blue HDi \u00bb sur l'ensemble de ses v\u00e9hicules particuliers Diesel Euro 6. Ce syst\u00e8me de d\u00e9pollution, pour lequel le Groupe a d\u00e9pos\u00e9 une centaine de brevets, est reconnu dans de nombreuses publications comme \u00e9tant la technologie la plus performante pour le traitement des NOx.<\/p>\n<p>Dans le m\u00eame esprit, PSA Peugeot Citro\u00ebn a invent\u00e9 le <a href=\"http:\/\/www.carideal.com\/blog\/2017\/01\/19\/selon-psa-filtre-a-particules-purification-de-lair\/\">filtre \u00e0 particules<\/a> 11 ans avant que la norme Euro 5 ne l'impose en janvier 2011 \u00e0 tous les constructeurs automobiles.<\/p>\n<p>Soucieux de la confiance de ses clients, PSA Peugeot Citro\u00ebn prend l'initiative :<\/p>\n<p>De publier d\u00e8s que possible, pour ses principaux v\u00e9hicules, les consommations en usage client, sous le contr\u00f4le d'un organisme tiers ind\u00e9pendant ;<br \/>\nD'adopter des dispositions techniques permettant d'anticiper la future proc\u00e9dure WLT1)* plus repr\u00e9sentative de conditions r\u00e9elles d'utilisation.<br \/>\n*Worldwide harmonized Light vehicles Test Procedure \u2014 nouvelles r\u00e8gles harmonis\u00e9es pour les v\u00e9hicules l\u00e9gers.<\/p>\n<p>Dans ce contexte, il convient de distinguer les <strong>diff\u00e9rents types d'\u00e9missions polluantes issues de la combustion (chauffage domestique, feux de chemin\u00e9e, cigarettes, sites industriels, moteurs thermiques dont les plus notables sont<\/strong> :<\/p>\n<ul>\n<li><strong>le CO2 (dioxyde de carbone)<\/strong> : ce gaz \u00e0 effet de serre impacte la couche d'ozone. Les \u00e9missions de CO2 sont proportionnelles \u00e0 la consommation de carburant.<\/li>\n<li><strong>les particules<\/strong> : le transport routier dans son ensemble (camion, Bus, v\u00e9hicules utilitaires l\u00e9gers, v\u00e9hicules particuliers essence et Diesel) est \u00e0 l'origine de 14% des \u00e9missions de particules fines au niveau national, derri\u00e8re le r\u00e9sidentiel\/tertiaire (41%, chauffage urbain, feux de chemin\u00e9e, cuisson des aliments...) et l'Industrie manufacturi\u00e8re (31%).<\/li>\n<li><strong>les oxydes d'azote (N0x)<\/strong> : ils sont en partie responsables de la pollution atmosph\u00e9rique visible au-dessus des grandes villes.<\/li>\n<\/ul>\n<p>S'agissant des consommations de carburant, le test europ\u00e9en actuel NEDC (New European Driving Cycle - nouveau cycle europ\u00e9en de conduite), sur lequel repose les homologations, date de 1992 et est reconnu comme insuffisamment repr\u00e9sentatif des usages clients. Il permet n\u00e9anmoins de comparer les mod\u00e8les entre eux sur la base d'un protocole r\u00e9glement\u00e9.<\/p>\n<p>Il est important de rappeler les points importants suivants\u00a0:<\/p>\n<p>PSA Peugeot Citro\u00ebn est leader en 2015 en mati\u00e8re de r\u00e9duction d'\u00e9missions de CO2 avec 106,9 grammes de CO2 par kilom\u00e8tre (moyenne des constructeurs europ\u00e9ens 120,9gr).<\/p>\n<p>PSA Peugeot Citro\u00ebn propose et continue de d\u00e9velopper diff\u00e9rentes solutions (plug-in Hybrid, offre 100% \u00e9lectrique, optimisation et d\u00e9pollution des moteurs essence et Diesel, all\u00e8gement etc...) dans le but d'offrir les meilleures solutions pour une mobilit\u00e9 durable.<\/p>\n<h2>Citroen leader des \u00e9missions polluantes m\u00eame en diesel avec la technologie BlueHDI<\/h2>\n<p>Aujourd'hui, les Marques du Groupe PSA PEUGEOT CITRO\u00cbN disposent d'une offre de moteurs efficients pour limiter les \u00e9missions polluantes et r\u00e9duire la consommation avec :<\/p>\n<figure id=\"attachment_15440\" aria-describedby=\"caption-attachment-15440\" style=\"width: 598px\" class=\"wp-caption alignnone\"><a href=\"http:\/\/www.carideal.com\/blog\/wp-content\/uploads\/2017\/02\/logo-blue-hdi-.jpg\"><img loading=\"lazy\" decoding=\"async\" class=\"size-full wp-image-15440\" src=\"http:\/\/www.carideal.com\/blog\/wp-content\/uploads\/2017\/02\/logo-blue-hdi-.jpg\" alt=\"\u00c9missions polluantes Citroen est conforme avec la Technologie d'avant Garde BlueHDI\" width=\"608\" height=\"262\" srcset=\"https:\/\/www.carideal.com\/blog\/wp-content\/uploads\/2017\/02\/logo-blue-hdi-.jpg 608w, https:\/\/www.carideal.com\/blog\/wp-content\/uploads\/2017\/02\/logo-blue-hdi--300x129.jpg 300w, https:\/\/www.carideal.com\/blog\/wp-content\/uploads\/2017\/02\/logo-blue-hdi--110x47.jpg 110w, https:\/\/www.carideal.com\/blog\/wp-content\/uploads\/2017\/02\/logo-blue-hdi--420x181.jpg 420w, https:\/\/www.carideal.com\/blog\/wp-content\/uploads\/2017\/02\/logo-blue-hdi--50x22.jpg 50w\" sizes=\"(max-width: 608px) 100vw, 608px\" \/><\/a><figcaption id=\"caption-attachment-15440\" class=\"wp-caption-text\">\u00c9missions polluantes Citroen est conforme avec la Technologie d'avant Garde BlueHDI<\/figcaption><\/figure>\n<p>\u2022 <a href=\"http:\/\/www.carideal.com\/blog\/2014\/04\/25\/nouveaux-moteurs-bluehdi-1-6l-dv6f-euro6\/\">Les moteurs Diesel BlueHDi<\/a><\/p>\n<p>D'une fa\u00e7on g\u00e9n\u00e9rale les motorisations Diesel ont un rendement de combustion sup\u00e9rieur aux moteurs essence qui leur permettent une consommation \/ <a href=\"http:\/\/www.carideal.com\/blog\/tag\/co2\/\">\u00e9missions de CO2<\/a> plus basse \u00e0 puissance \u00e9quivalente.<\/p>\n<p>A partir de 2013, le Groupe a \u00e9t\u00e9 <strong>pr\u00e9curseur en \u00e9quipant l'ensemble de ses v\u00e9hicules Diesel Euro6 de la technologie SCR Selective-Catalytic Reduction, catalyseur de r\u00e9duction d'\u00e9missions de NOx s\u00e9lective<\/strong>), technologie aujourd'hui la plus efficace pour r\u00e9duire les Oxydes d'Azote (NOx tout en r\u00e9duisant la consommation.<\/p>\n<p>L'implantation de la <strong>SCR<\/strong> positionn\u00e9e en amont du <strong>FAP additivit\u00e9<\/strong>, permet de :<\/p>\n<p><strong>R\u00e9duire les<\/strong> <strong>NOx<\/strong> jusqu'\u00e0 90%<\/p>\n<p><strong>Eliminer les particules de 99,9% en nombre, y compris les plus fines<\/strong><\/p>\n<p><strong>R\u00e9duire les \u00e9missions de CO2<\/strong> et La consommation (jusqu'\u00e0 -20% par rapport aux motorisations Euro5) Garantir un traitement des <a href=\"http:\/\/www.carideal.com\/blog\/tag\/nox\/\">NOx<\/a> actif plus rapidement apr\u00e8s le d\u00e9marrage du v\u00e9hicule par rapport aux autres technologies.<\/p>\n<p>B\u00e9n\u00e9fices pour les\u00a0clients du groupe PSA :<\/p>\n<h2>Les \u00e9missions polluantes ont ainsi \u00e9t\u00e9 ramen\u00e9es au m\u00eame niveau que celles d'un moteur essence.<\/h2>\n<p><strong>A ce jour, le niveau de particules fines mesur\u00e9 \u00e0 la sortie de la ligne d'\u00e9chappement des moteurs BlueHDi ou des anciens moteurs HDi \u00e9quip\u00e9s d'un FAP est plus faible que celui de l'air ambiant aspir\u00e9 par te moteur (d\u00e9montr\u00e9 par des \u00e9tudes ind\u00e9pendantes : AlRPARIF \u2014 AQS \u2014 AERASENSE).<\/strong><\/p>\n<figure id=\"attachment_15441\" aria-describedby=\"caption-attachment-15441\" style=\"width: 590px\" class=\"wp-caption alignnone\"><a href=\"http:\/\/www.carideal.com\/blog\/wp-content\/uploads\/2017\/02\/moteur-essence-eb-turbo-puretech-citroen-2-e1487919172993.jpg\"><img loading=\"lazy\" decoding=\"async\" class=\"size-full wp-image-15441\" src=\"http:\/\/www.carideal.com\/blog\/wp-content\/uploads\/2017\/02\/moteur-essence-eb-turbo-puretech-citroen-2-e1487919172993.jpg\" alt=\"\u00c9missions polluantes en baisse avec le moteur essence Puretech Citroen\" width=\"600\" height=\"328\" \/><\/a><figcaption id=\"caption-attachment-15441\" class=\"wp-caption-text\">\u00c9missions polluantes en baisse avec le moteur essence Puretech Citroen<\/figcaption><\/figure>\n<p>&nbsp;<\/p>\n<ul>\n<li><a href=\"http:\/\/www.carideal.com\/blog\/2015\/05\/03\/moteur-puretech-citroen-meilleur-monde\/\">Les moteurs essence PureTech<\/a><\/li>\n<\/ul>\n<p>L'ensemble de la famille PureTech b\u00e9n\u00e9ficie de choix technologiques guid\u00e9s par la volont\u00e9 de limiter la consommation de carburant et les \u00e9missions polluantes issues de la combustion.<\/p>\n<h2>B\u00e9n\u00e9fices pour les\u00a0clients<\/h2>\n<p>Les consommations \/ \u00e9missions de CO2 ont \u00e9t\u00e9 r\u00e9duites jusqu'\u00e0 \u2014 25 % sur les versions atmosph\u00e9riques et de \u2014 21 % sur les versions turbo par rapport aux moteurs essence 4 cylindres de m\u00eame puissance.<\/p>\n<p>Cette r\u00e9duction de consommations et d'\u00e9missions de CO2 a \u00e9t\u00e9 r\u00e9alis\u00e9e sans compromis sur l'agr\u00e9ment de conduite et la performance {meilleur compromis couple bas r\u00e9gime et puissance avec 95% du couple disponible d\u00e8s 1500 tr\/min, proche de l'agr\u00e9ment et de la performance d'un moteur Diesel).<\/p>\n<p>Le moteur 3 cylindres essence turbo PureTech 110 et le PureTech 130 a re\u00e7u le <a href=\"http:\/\/www.carideal.com\/blog\/2015\/06\/18\/les-moteurs-puretech-turbo-de-citroen-peugeot-meilleurs-moteurs-du-monde\/\">prix du moteur international<\/a> dans sa cat\u00e9gorie en 2015.<\/p>\n<p>Ces technologies permettent d'obtenir en Diesel, comme en essence, les \u00e9carts parmi les plus faibles de l'industrie automobile entre les \u00e9missions homologu\u00e9es et l'usage client (r\u00e9f\u00e9rence Mesures Auto-Plus n\u00b0 1398 du 19\/06\/15 \u2014 \u00e9tude portant sur La consommation de 1000 v\u00e9hicules). \"<\/p>\n","protected":false},"excerpt":{"rendered":"<p>Citroen Confirme la conformit\u00e9 de ses v\u00e9hicules en mati\u00e8re d&rsquo;\u00e9missions polluantes PSA Peugeot Citroen a publi\u00e9 il y a quelques jours sur son site internet un communiqu\u00e9 pour rassurer ses clients sur les \u00e9missions polluantes et de CO2 de ses v\u00e9hicules. \u00a0\u00bb PSA Peugeot Citro\u00ebn confirme la conformit\u00e9 de ses v\u00e9hicules en mati\u00e8re d&rsquo;\u00e9missions polluantes &#8230; <a title=\"\u00c9missions polluantes Citroen est conforme\" class=\"read-more\" href=\"https:\/\/www.carideal.com\/blog\/2015\/11\/09\/emissions-polluantes-citroen-conforme\/\" aria-label=\"En savoir plus sur \u00c9missions polluantes Citroen est conforme\">Lire plus<\/a><\/p>\n","protected":false},"author":3,"featured_media":15440,"comment_status":"open","ping_status":"open","sticky":false,"template":"","format":"standard","meta":{"_uag_custom_page_level_css":"","_themeisle_gutenberg_block_has_review":false,"footnotes":""},"categories":[5,5944,6],"tags":[60,673,406,698,5127,548,4953,35],"class_list":["post-15439","post","type-post","status-publish","format-standard","has-post-thumbnail","hentry","category-citroen","category-constructeur","category-ecologie","tag-co2","tag-filtre-a-particules","tag-hdi","tag-nox","tag-particule-fine","tag-polluants","tag-pollution-de-lair","tag-psa"],"wppr_data":{"cwp_meta_box_check":"No"},"yoast_head":"<!-- This site is optimized with the Yoast SEO plugin v24.8.1 - https:\/\/yoast.com\/wordpress\/plugins\/seo\/ -->\n<title>\u00c9missions polluantes Citroen est conforme - Blog auto Carid\u00e9al<\/title>\n<meta name=\"description\" content=\"PSA Peugeot Citroen a publi\u00e9 il y a quelques jours sur son site internet un communiqu\u00e9 pour rassurer ses clients sur les \u00e9missions polluantes et de CO2\" \/>\n<meta name=\"robots\" content=\"index, follow, max-snippet:-1, max-image-preview:large, max-video-preview:-1\" \/>\n<link rel=\"canonical\" href=\"https:\/\/www.carideal.com\/blog\/2015\/11\/09\/emissions-polluantes-citroen-conforme\/\" \/>\n<meta property=\"og:locale\" content=\"fr_FR\" \/>\n<meta property=\"og:type\" content=\"article\" \/>\n<meta property=\"og:title\" content=\"\u00c9missions polluantes Citroen est conforme - Blog auto Carid\u00e9al\" \/>\n<meta property=\"og:description\" content=\"PSA Peugeot Citroen a publi\u00e9 il y a quelques jours sur son site internet un communiqu\u00e9 pour rassurer ses clients sur les \u00e9missions polluantes et de CO2\" \/>\n<meta property=\"og:url\" content=\"https:\/\/www.carideal.com\/blog\/2015\/11\/09\/emissions-polluantes-citroen-conforme\/\" \/>\n<meta property=\"og:site_name\" content=\"Blog auto Carid\u00e9al\" \/>\n<meta property=\"article:publisher\" content=\"https:\/\/www.facebook.com\/Carideal.mandataire.automobile\" \/>\n<meta property=\"article:author\" content=\"https:\/\/www.facebook.com\/nicolas.schiavon.39\" \/>\n<meta property=\"article:published_time\" content=\"2015-11-09T06:24:50+00:00\" \/>\n<meta property=\"article:modified_time\" content=\"2017-02-24T07:06:27+00:00\" \/>\n<meta property=\"og:image\" content=\"https:\/\/www.carideal.com\/blog\/wp-content\/uploads\/2017\/02\/logo-blue-hdi-.jpg\" \/>\n\t<meta property=\"og:image:width\" content=\"608\" \/>\n\t<meta property=\"og:image:height\" content=\"262\" \/>\n\t<meta property=\"og:image:type\" content=\"image\/jpeg\" \/>\n<meta name=\"author\" content=\"Nicolas SCHIAVON\" \/>\n<meta name=\"twitter:card\" content=\"summary_large_image\" \/>\n<meta name=\"twitter:creator\" content=\"@caridealauto\" \/>\n<meta name=\"twitter:site\" content=\"@caridealauto\" \/>\n<meta name=\"twitter:label1\" content=\"\u00c9crit par\" \/>\n\t<meta name=\"twitter:data1\" content=\"Nicolas SCHIAVON\" \/>\n\t<meta name=\"twitter:label2\" content=\"Dur\u00e9e de lecture estim\u00e9e\" \/>\n\t<meta name=\"twitter:data2\" content=\"5 minutes\" \/>\n<script type=\"application\/ld+json\" class=\"yoast-schema-graph\">{\"@context\":\"https:\/\/schema.org\",\"@graph\":[{\"@type\":\"Article\",\"@id\":\"https:\/\/www.carideal.com\/blog\/2015\/11\/09\/emissions-polluantes-citroen-conforme\/#article\",\"isPartOf\":{\"@id\":\"https:\/\/www.carideal.com\/blog\/2015\/11\/09\/emissions-polluantes-citroen-conforme\/\"},\"author\":{\"name\":\"Nicolas SCHIAVON\",\"@id\":\"https:\/\/www.carideal.com\/blog\/#\/schema\/person\/cd95dc7919660de90d31b366f85be1ec\"},\"headline\":\"\u00c9missions polluantes Citroen est conforme\",\"datePublished\":\"2015-11-09T06:24:50+00:00\",\"dateModified\":\"2017-02-24T07:06:27+00:00\",\"mainEntityOfPage\":{\"@id\":\"https:\/\/www.carideal.com\/blog\/2015\/11\/09\/emissions-polluantes-citroen-conforme\/\"},\"wordCount\":1090,\"commentCount\":0,\"publisher\":{\"@id\":\"https:\/\/www.carideal.com\/blog\/#organization\"},\"image\":{\"@id\":\"https:\/\/www.carideal.com\/blog\/2015\/11\/09\/emissions-polluantes-citroen-conforme\/#primaryimage\"},\"thumbnailUrl\":\"https:\/\/www.carideal.com\/blog\/wp-content\/uploads\/2017\/02\/logo-blue-hdi-.jpg\",\"keywords\":[\"CO2 \u00e9mission de CO2\",\"Filtre \u00e0 particules Diesel essence\",\"HDI Moteur diesel PSA\",\"NOx\",\"particule fine\",\"polluants\",\"Pollution de l\u2019air\",\"PSA\"],\"articleSection\":[\"Actualit\u00e9 Citroen\",\"Actualit\u00e9 Constructeur automobile\",\"Ecologie\"],\"inLanguage\":\"fr-FR\",\"potentialAction\":[{\"@type\":\"CommentAction\",\"name\":\"Comment\",\"target\":[\"https:\/\/www.carideal.com\/blog\/2015\/11\/09\/emissions-polluantes-citroen-conforme\/#respond\"]}]},{\"@type\":\"WebPage\",\"@id\":\"https:\/\/www.carideal.com\/blog\/2015\/11\/09\/emissions-polluantes-citroen-conforme\/\",\"url\":\"https:\/\/www.carideal.com\/blog\/2015\/11\/09\/emissions-polluantes-citroen-conforme\/\",\"name\":\"\u00c9missions polluantes Citroen est conforme - Blog auto Carid\u00e9al\",\"isPartOf\":{\"@id\":\"https:\/\/www.carideal.com\/blog\/#website\"},\"primaryImageOfPage\":{\"@id\":\"https:\/\/www.carideal.com\/blog\/2015\/11\/09\/emissions-polluantes-citroen-conforme\/#primaryimage\"},\"image\":{\"@id\":\"https:\/\/www.carideal.com\/blog\/2015\/11\/09\/emissions-polluantes-citroen-conforme\/#primaryimage\"},\"thumbnailUrl\":\"https:\/\/www.carideal.com\/blog\/wp-content\/uploads\/2017\/02\/logo-blue-hdi-.jpg\",\"datePublished\":\"2015-11-09T06:24:50+00:00\",\"dateModified\":\"2017-02-24T07:06:27+00:00\",\"description\":\"PSA Peugeot Citroen a publi\u00e9 il y a quelques jours sur son site internet un communiqu\u00e9 pour rassurer ses clients sur les \u00e9missions polluantes et de CO2\",\"breadcrumb\":{\"@id\":\"https:\/\/www.carideal.com\/blog\/2015\/11\/09\/emissions-polluantes-citroen-conforme\/#breadcrumb\"},\"inLanguage\":\"fr-FR\",\"potentialAction\":[{\"@type\":\"ReadAction\",\"target\":[\"https:\/\/www.carideal.com\/blog\/2015\/11\/09\/emissions-polluantes-citroen-conforme\/\"]}]},{\"@type\":\"ImageObject\",\"inLanguage\":\"fr-FR\",\"@id\":\"https:\/\/www.carideal.com\/blog\/2015\/11\/09\/emissions-polluantes-citroen-conforme\/#primaryimage\",\"url\":\"https:\/\/www.carideal.com\/blog\/wp-content\/uploads\/2017\/02\/logo-blue-hdi-.jpg\",\"contentUrl\":\"https:\/\/www.carideal.com\/blog\/wp-content\/uploads\/2017\/02\/logo-blue-hdi-.jpg\",\"width\":608,\"height\":262,\"caption\":\"\u00c9missions polluantes Citroen est conforme avec la Technologie d'avant Garde BlueHDI\"},{\"@type\":\"BreadcrumbList\",\"@id\":\"https:\/\/www.carideal.com\/blog\/2015\/11\/09\/emissions-polluantes-citroen-conforme\/#breadcrumb\",\"itemListElement\":[{\"@type\":\"ListItem\",\"position\":1,\"name\":\"Blog Carid\u00e9al\",\"item\":\"https:\/\/www.carideal.com\/blog\/\"},{\"@type\":\"ListItem\",\"position\":2,\"name\":\"Actualit\u00e9 constructeur automobile\",\"item\":\"https:\/\/www.carideal.com\/blog\/constructeur\/\"},{\"@type\":\"ListItem\",\"position\":3,\"name\":\"Actualit\u00e9 Citroen\",\"item\":\"https:\/\/www.carideal.com\/blog\/constructeur\/citroen\/\"},{\"@type\":\"ListItem\",\"position\":4,\"name\":\"\u00c9missions polluantes Citroen est conforme\"}]},{\"@type\":\"WebSite\",\"@id\":\"https:\/\/www.carideal.com\/blog\/#website\",\"url\":\"https:\/\/www.carideal.com\/blog\/\",\"name\":\"Blog auto Carid\u00e9al\",\"description\":\"Actualit\u00e9 auto par des passionn\u00e9s\",\"publisher\":{\"@id\":\"https:\/\/www.carideal.com\/blog\/#organization\"},\"potentialAction\":[{\"@type\":\"SearchAction\",\"target\":{\"@type\":\"EntryPoint\",\"urlTemplate\":\"https:\/\/www.carideal.com\/blog\/?s={search_term_string}\"},\"query-input\":{\"@type\":\"PropertyValueSpecification\",\"valueRequired\":true,\"valueName\":\"search_term_string\"}}],\"inLanguage\":\"fr-FR\"},{\"@type\":\"Organization\",\"@id\":\"https:\/\/www.carideal.com\/blog\/#organization\",\"name\":\"Carideal\",\"url\":\"https:\/\/www.carideal.com\/blog\/\",\"logo\":{\"@type\":\"ImageObject\",\"inLanguage\":\"fr-FR\",\"@id\":\"https:\/\/www.carideal.com\/blog\/#\/schema\/logo\/image\/\",\"url\":\"http:\/\/www.carideal.com\/blog\/wp-content\/uploads\/2016\/03\/logo-carideal-mandataire-automobile.png\",\"contentUrl\":\"http:\/\/www.carideal.com\/blog\/wp-content\/uploads\/2016\/03\/logo-carideal-mandataire-automobile.png\",\"width\":300,\"height\":300,\"caption\":\"Carideal\"},\"image\":{\"@id\":\"https:\/\/www.carideal.com\/blog\/#\/schema\/logo\/image\/\"},\"sameAs\":[\"https:\/\/www.facebook.com\/Carideal.mandataire.automobile\",\"https:\/\/x.com\/caridealauto\",\"https:\/\/www.instagram.com\/carideal1\/\",\"https:\/\/www.linkedin.com\/company\/carideal.com\",\"https:\/\/fr.pinterest.com\/schiavonsas\/\",\"https:\/\/www.youtube.com\/user\/caridealsas\"]},{\"@type\":\"Person\",\"@id\":\"https:\/\/www.carideal.com\/blog\/#\/schema\/person\/cd95dc7919660de90d31b366f85be1ec\",\"name\":\"Nicolas SCHIAVON\",\"image\":{\"@type\":\"ImageObject\",\"inLanguage\":\"fr-FR\",\"@id\":\"https:\/\/www.carideal.com\/blog\/#\/schema\/person\/image\/\",\"url\":\"https:\/\/secure.gravatar.com\/avatar\/c17e55009e671d92cc7f5dc837dc418a?s=96&r=g\",\"contentUrl\":\"https:\/\/secure.gravatar.com\/avatar\/c17e55009e671d92cc7f5dc837dc418a?s=96&r=g\",\"caption\":\"Nicolas SCHIAVON\"},\"description\":\"Nicolas Schiavon est tomb\u00e9 tout petit dans la marmite automobile. Ayant eu un garage de marque automobile, mandataire automobile de la premi\u00e8re heure d\u00e8s 1999. Nicolas a cr\u00e9\u00e9 ces premiers sites de vente de voiture et blog automobile d\u00e8s 1994. Carideal est n\u00e9 le 15 d\u00e9cembre 2000 de la volont\u00e9 de vendre des voitures d'occasions en ligne puis des voitures neuves. Il a pu essayer beaucoup de voitures tr\u00e8s diff\u00e9rentes et ayant eu personnellement quelques belles autos, Subaru Impreza, Mitsubishi Lancer Evo 7, Porsche 911, Ferrari Testarrossa, Audi RS3, RS4 et j'en passe...\",\"sameAs\":[\"http:\/\/www.carideal.com\",\"https:\/\/www.facebook.com\/nicolas.schiavon.39\",\"https:\/\/www.instagram.com\/carideal1\/\",\"https:\/\/www.linkedin.com\/in\/nschiavon\/\",\"https:\/\/x.com\/caridealauto\",\"https:\/\/www.youtube.com\/user\/caridealsas\/\"],\"url\":\"https:\/\/www.carideal.com\/blog\/author\/nschiavon\/\"}]}<\/script>\n<!-- \/ Yoast SEO plugin. -->","yoast_head_json":{"title":"\u00c9missions polluantes Citroen est conforme - Blog auto Carid\u00e9al","description":"PSA Peugeot Citroen a publi\u00e9 il y a quelques jours sur son site internet un communiqu\u00e9 pour rassurer ses clients sur les \u00e9missions polluantes et de CO2","robots":{"index":"index","follow":"follow","max-snippet":"max-snippet:-1","max-image-preview":"max-image-preview:large","max-video-preview":"max-video-preview:-1"},"canonical":"https:\/\/www.carideal.com\/blog\/2015\/11\/09\/emissions-polluantes-citroen-conforme\/","og_locale":"fr_FR","og_type":"article","og_title":"\u00c9missions polluantes Citroen est conforme - Blog auto Carid\u00e9al","og_description":"PSA Peugeot Citroen a publi\u00e9 il y a quelques jours sur son site internet un communiqu\u00e9 pour rassurer ses clients sur les \u00e9missions polluantes et de CO2","og_url":"https:\/\/www.carideal.com\/blog\/2015\/11\/09\/emissions-polluantes-citroen-conforme\/","og_site_name":"Blog auto Carid\u00e9al","article_publisher":"https:\/\/www.facebook.com\/Carideal.mandataire.automobile","article_author":"https:\/\/www.facebook.com\/nicolas.schiavon.39","article_published_time":"2015-11-09T06:24:50+00:00","article_modified_time":"2017-02-24T07:06:27+00:00","og_image":[{"width":608,"height":262,"url":"https:\/\/www.carideal.com\/blog\/wp-content\/uploads\/2017\/02\/logo-blue-hdi-.jpg","type":"image\/jpeg"}],"author":"Nicolas SCHIAVON","twitter_card":"summary_large_image","twitter_creator":"@caridealauto","twitter_site":"@caridealauto","twitter_misc":{"\u00c9crit par":"Nicolas SCHIAVON","Dur\u00e9e de lecture estim\u00e9e":"5 minutes"},"schema":{"@context":"https:\/\/schema.org","@graph":[{"@type":"Article","@id":"https:\/\/www.carideal.com\/blog\/2015\/11\/09\/emissions-polluantes-citroen-conforme\/#article","isPartOf":{"@id":"https:\/\/www.carideal.com\/blog\/2015\/11\/09\/emissions-polluantes-citroen-conforme\/"},"author":{"name":"Nicolas SCHIAVON","@id":"https:\/\/www.carideal.com\/blog\/#\/schema\/person\/cd95dc7919660de90d31b366f85be1ec"},"headline":"\u00c9missions polluantes Citroen est conforme","datePublished":"2015-11-09T06:24:50+00:00","dateModified":"2017-02-24T07:06:27+00:00","mainEntityOfPage":{"@id":"https:\/\/www.carideal.com\/blog\/2015\/11\/09\/emissions-polluantes-citroen-conforme\/"},"wordCount":1090,"commentCount":0,"publisher":{"@id":"https:\/\/www.carideal.com\/blog\/#organization"},"image":{"@id":"https:\/\/www.carideal.com\/blog\/2015\/11\/09\/emissions-polluantes-citroen-conforme\/#primaryimage"},"thumbnailUrl":"https:\/\/www.carideal.com\/blog\/wp-content\/uploads\/2017\/02\/logo-blue-hdi-.jpg","keywords":["CO2 \u00e9mission de CO2","Filtre \u00e0 particules Diesel essence","HDI Moteur diesel PSA","NOx","particule fine","polluants","Pollution de l\u2019air","PSA"],"articleSection":["Actualit\u00e9 Citroen","Actualit\u00e9 Constructeur automobile","Ecologie"],"inLanguage":"fr-FR","potentialAction":[{"@type":"CommentAction","name":"Comment","target":["https:\/\/www.carideal.com\/blog\/2015\/11\/09\/emissions-polluantes-citroen-conforme\/#respond"]}]},{"@type":"WebPage","@id":"https:\/\/www.carideal.com\/blog\/2015\/11\/09\/emissions-polluantes-citroen-conforme\/","url":"https:\/\/www.carideal.com\/blog\/2015\/11\/09\/emissions-polluantes-citroen-conforme\/","name":"\u00c9missions polluantes Citroen est conforme - Blog auto Carid\u00e9al","isPartOf":{"@id":"https:\/\/www.carideal.com\/blog\/#website"},"primaryImageOfPage":{"@id":"https:\/\/www.carideal.com\/blog\/2015\/11\/09\/emissions-polluantes-citroen-conforme\/#primaryimage"},"image":{"@id":"https:\/\/www.carideal.com\/blog\/2015\/11\/09\/emissions-polluantes-citroen-conforme\/#primaryimage"},"thumbnailUrl":"https:\/\/www.carideal.com\/blog\/wp-content\/uploads\/2017\/02\/logo-blue-hdi-.jpg","datePublished":"2015-11-09T06:24:50+00:00","dateModified":"2017-02-24T07:06:27+00:00","description":"PSA Peugeot Citroen a publi\u00e9 il y a quelques jours sur son site internet un communiqu\u00e9 pour rassurer ses clients sur les \u00e9missions polluantes et de CO2","breadcrumb":{"@id":"https:\/\/www.carideal.com\/blog\/2015\/11\/09\/emissions-polluantes-citroen-conforme\/#breadcrumb"},"inLanguage":"fr-FR","potentialAction":[{"@type":"ReadAction","target":["https:\/\/www.carideal.com\/blog\/2015\/11\/09\/emissions-polluantes-citroen-conforme\/"]}]},{"@type":"ImageObject","inLanguage":"fr-FR","@id":"https:\/\/www.carideal.com\/blog\/2015\/11\/09\/emissions-polluantes-citroen-conforme\/#primaryimage","url":"https:\/\/www.carideal.com\/blog\/wp-content\/uploads\/2017\/02\/logo-blue-hdi-.jpg","contentUrl":"https:\/\/www.carideal.com\/blog\/wp-content\/uploads\/2017\/02\/logo-blue-hdi-.jpg","width":608,"height":262,"caption":"\u00c9missions polluantes Citroen est conforme avec la Technologie d'avant Garde BlueHDI"},{"@type":"BreadcrumbList","@id":"https:\/\/www.carideal.com\/blog\/2015\/11\/09\/emissions-polluantes-citroen-conforme\/#breadcrumb","itemListElement":[{"@type":"ListItem","position":1,"name":"Blog Carid\u00e9al","item":"https:\/\/www.carideal.com\/blog\/"},{"@type":"ListItem","position":2,"name":"Actualit\u00e9 constructeur automobile","item":"https:\/\/www.carideal.com\/blog\/constructeur\/"},{"@type":"ListItem","position":3,"name":"Actualit\u00e9 Citroen","item":"https:\/\/www.carideal.com\/blog\/constructeur\/citroen\/"},{"@type":"ListItem","position":4,"name":"\u00c9missions polluantes Citroen est conforme"}]},{"@type":"WebSite","@id":"https:\/\/www.carideal.com\/blog\/#website","url":"https:\/\/www.carideal.com\/blog\/","name":"Blog auto Carid\u00e9al","description":"Actualit\u00e9 auto par des passionn\u00e9s","publisher":{"@id":"https:\/\/www.carideal.com\/blog\/#organization"},"potentialAction":[{"@type":"SearchAction","target":{"@type":"EntryPoint","urlTemplate":"https:\/\/www.carideal.com\/blog\/?s={search_term_string}"},"query-input":{"@type":"PropertyValueSpecification","valueRequired":true,"valueName":"search_term_string"}}],"inLanguage":"fr-FR"},{"@type":"Organization","@id":"https:\/\/www.carideal.com\/blog\/#organization","name":"Carideal","url":"https:\/\/www.carideal.com\/blog\/","logo":{"@type":"ImageObject","inLanguage":"fr-FR","@id":"https:\/\/www.carideal.com\/blog\/#\/schema\/logo\/image\/","url":"http:\/\/www.carideal.com\/blog\/wp-content\/uploads\/2016\/03\/logo-carideal-mandataire-automobile.png","contentUrl":"http:\/\/www.carideal.com\/blog\/wp-content\/uploads\/2016\/03\/logo-carideal-mandataire-automobile.png","width":300,"height":300,"caption":"Carideal"},"image":{"@id":"https:\/\/www.carideal.com\/blog\/#\/schema\/logo\/image\/"},"sameAs":["https:\/\/www.facebook.com\/Carideal.mandataire.automobile","https:\/\/x.com\/caridealauto","https:\/\/www.instagram.com\/carideal1\/","https:\/\/www.linkedin.com\/company\/carideal.com","https:\/\/fr.pinterest.com\/schiavonsas\/","https:\/\/www.youtube.com\/user\/caridealsas"]},{"@type":"Person","@id":"https:\/\/www.carideal.com\/blog\/#\/schema\/person\/cd95dc7919660de90d31b366f85be1ec","name":"Nicolas SCHIAVON","image":{"@type":"ImageObject","inLanguage":"fr-FR","@id":"https:\/\/www.carideal.com\/blog\/#\/schema\/person\/image\/","url":"https:\/\/secure.gravatar.com\/avatar\/c17e55009e671d92cc7f5dc837dc418a?s=96&r=g","contentUrl":"https:\/\/secure.gravatar.com\/avatar\/c17e55009e671d92cc7f5dc837dc418a?s=96&r=g","caption":"Nicolas SCHIAVON"},"description":"Nicolas Schiavon est tomb\u00e9 tout petit dans la marmite automobile. Ayant eu un garage de marque automobile, mandataire automobile de la premi\u00e8re heure d\u00e8s 1999. Nicolas a cr\u00e9\u00e9 ces premiers sites de vente de voiture et blog automobile d\u00e8s 1994. Carideal est n\u00e9 le 15 d\u00e9cembre 2000 de la volont\u00e9 de vendre des voitures d'occasions en ligne puis des voitures neuves. Il a pu essayer beaucoup de voitures tr\u00e8s diff\u00e9rentes et ayant eu personnellement quelques belles autos, Subaru Impreza, Mitsubishi Lancer Evo 7, Porsche 911, Ferrari Testarrossa, Audi RS3, RS4 et j'en passe...","sameAs":["http:\/\/www.carideal.com","https:\/\/www.facebook.com\/nicolas.schiavon.39","https:\/\/www.instagram.com\/carideal1\/","https:\/\/www.linkedin.com\/in\/nschiavon\/","https:\/\/x.com\/caridealauto","https:\/\/www.youtube.com\/user\/caridealsas\/"],"url":"https:\/\/www.carideal.com\/blog\/author\/nschiavon\/"}]}},"uagb_featured_image_src":{"full":["https:\/\/www.carideal.com\/blog\/wp-content\/uploads\/2017\/02\/logo-blue-hdi-.jpg",608,262,false],"thumbnail":["https:\/\/www.carideal.com\/blog\/wp-content\/uploads\/2017\/02\/logo-blue-hdi--150x150.jpg",150,150,true],"medium":["https:\/\/www.carideal.com\/blog\/wp-content\/uploads\/2017\/02\/logo-blue-hdi--300x129.jpg",300,129,true],"medium_large":["https:\/\/www.carideal.com\/blog\/wp-content\/uploads\/2017\/02\/logo-blue-hdi-.jpg",608,262,false],"large":["https:\/\/www.carideal.com\/blog\/wp-content\/uploads\/2017\/02\/logo-blue-hdi-.jpg",608,262,false],"1536x1536":["https:\/\/www.carideal.com\/blog\/wp-content\/uploads\/2017\/02\/logo-blue-hdi-.jpg",608,262,false],"2048x2048":["https:\/\/www.carideal.com\/blog\/wp-content\/uploads\/2017\/02\/logo-blue-hdi-.jpg",608,262,false],"wppr-widget":["https:\/\/www.carideal.com\/blog\/wp-content\/uploads\/2017\/02\/logo-blue-hdi-.jpg",50,22,false]},"uagb_author_info":{"display_name":"Nicolas SCHIAVON","author_link":"https:\/\/www.carideal.com\/blog\/author\/nschiavon\/"},"uagb_comment_info":0,"uagb_excerpt":"Citroen Confirme la conformit\u00e9 de ses v\u00e9hicules en mati\u00e8re d'\u00e9missions polluantes PSA Peugeot Citroen a publi\u00e9 il y a quelques jours sur son site internet un communiqu\u00e9 pour rassurer ses clients sur les \u00e9missions polluantes et de CO2 de ses v\u00e9hicules. \" PSA Peugeot Citro\u00ebn confirme la conformit\u00e9 de ses v\u00e9hicules en mati\u00e8re d'\u00e9missions polluantes\u2026","_links":{"self":[{"href":"https:\/\/www.carideal.com\/blog\/wp-json\/wp\/v2\/posts\/15439"}],"collection":[{"href":"https:\/\/www.carideal.com\/blog\/wp-json\/wp\/v2\/posts"}],"about":[{"href":"https:\/\/www.carideal.com\/blog\/wp-json\/wp\/v2\/types\/post"}],"author":[{"embeddable":true,"href":"https:\/\/www.carideal.com\/blog\/wp-json\/wp\/v2\/users\/3"}],"replies":[{"embeddable":true,"href":"https:\/\/www.carideal.com\/blog\/wp-json\/wp\/v2\/comments?post=15439"}],"version-history":[{"count":0,"href":"https:\/\/www.carideal.com\/blog\/wp-json\/wp\/v2\/posts\/15439\/revisions"}],"wp:featuredmedia":[{"embeddable":true,"href":"https:\/\/www.carideal.com\/blog\/wp-json\/wp\/v2\/media\/15440"}],"wp:attachment":[{"href":"https:\/\/www.carideal.com\/blog\/wp-json\/wp\/v2\/media?parent=15439"}],"wp:term":[{"taxonomy":"category","embeddable":true,"href":"https:\/\/www.carideal.com\/blog\/wp-json\/wp\/v2\/categories?post=15439"},{"taxonomy":"post_tag","embeddable":true,"href":"https:\/\/www.carideal.com\/blog\/wp-json\/wp\/v2\/tags?post=15439"}],"curies":[{"name":"wp","href":"https:\/\/api.w.org\/{rel}","templated":true}]}}