{"id":1541,"date":"2014-06-19T10:13:00","date_gmt":"2014-06-19T10:13:00","guid":{"rendered":"http:\/\/carideal.com\/blog\/?p=1541"},"modified":"2020-03-07T22:41:43","modified_gmt":"2020-03-07T21:41:43","slug":"peugeot-308-laquelle-choisir","status":"publish","type":"post","link":"https:\/\/www.carideal.com\/blog\/2014\/06\/19\/peugeot-308-laquelle-choisir\/","title":{"rendered":"Quelle Peugeot 308 choisir ?"},"content":{"rendered":"<figure style=\"width: 438px\" class=\"wp-caption alignnone\"><img loading=\"lazy\" decoding=\"async\" title=\"Quelle Peugeot 308 choisir ?\" src=\"\/blog\/public\/.Nouvelle-peugeot-308-2014-carideal-mandataire-automobile_m.jpg\" alt=\"Quelle Peugeot 308 choisir ?\" width=\"448\" height=\"256\" \/><figcaption class=\"wp-caption-text\">Quelle Peugeot 308 choisir ?<\/figcaption><\/figure>\n<h1>Quelle Peugeot 308 Choisir ?<\/h1>\n<p>Nouvelle compacte Fran\u00e7aise de r\u00e9f\u00e9rence, la Peugeot <span style=\"text-decoration: underline;\">308<\/span>, apparue voil\u00e0 cinq mois, va d\u00e9ployer dans quelques semaines une s\u00e9rie de versions in\u00e9dites (ex: Access, Allure, Active, F\u00e9line ...). Sa ligne sage ne le trahit gu\u00e8re, et pourtant: rarement un mod\u00e8le <span style=\"text-decoration: underline;\">Peugeot<\/span> n'avait autant \u00e9volu\u00e9 par rapport \u00e0 son a\u00efeul, le hayon \"enfonc\u00e9\" en partie basse reste l'unique originalit\u00e9 du dessin, plus sage qu'auparavant. Quelques d\u00e9tails: -quelle que soit la position de conduite, les compteurs sont visibles. Alors que l'afficheur central, pas toujours... Selleries fermes et faibles espace aux jambes n'invitent pas aux longs trajets sur la banquette. -la modularit\u00e9 reste quelconque. Pas le volume 420 l dont 22 le sous le plancher les feux de jour int\u00e8grent les optiques 100% LED \u00e0 partir de la finition Allure.<\/p>\n<h2>Quelle Peugeot 308 Choisir ? berline ou SW ?<\/h2>\n<p>Quelle Peugeot 308 choisir ? Entre berline et alors que la carrosserie break de la <span style=\"text-decoration: underline;\">308 SW<\/span> est disponible. Par rapport \u00e0 la berline, le break \u00e9tire son porte-\u00e0-faux arri\u00e8re de 33 cm et d\u00e9gage donc un volume de chargement de 620 l, 5 places au lieu de sept avec les toits qui est rabaiss\u00e9 de 9 cm.<\/p>\n<h2>Les Diff\u00e9rentes finitions de la Peugeot 308<\/h2>\n<p>Quelle Peugeot 308 choisir ? Quelle finition adopter ? La game se d\u00e9cline comme d'habitude en finition Access, Active Allure, Griffe mais Peugeot vient de rajouter des versions plus sportives, les 308 GT Line et <span style=\"text-decoration: underline;\"><a href=\"http:\/\/www.carideal.com\/blog\/2015\/02\/24\/peugeot-308-gt-plus-puissante-plus-de-plaisir\/\">GT<\/a><\/span>. Cette derni\u00e8re n'existe qu'en motorisations puissantes, diesel BlueHDI 180 EAT6 et essence THP 205 ch. La version GT Line, reprend des \u00e9quipement de style sp\u00e9cifique, agr\u00e9mentant son look, tandis que la Peugeot 308 GT voit son ch\u00e2ssis surbaiss\u00e9, ses suspensions revues afin d'assoir la voiture sur la route et d'encaisser la puissance supl\u00e9mentaire de ses motorisations.<\/p>\n<p>Alors <strong>quelle Peugeot 308 Choisir<\/strong> ? \u00a0Peut importe... pourvu que ce soit une GT ! \ud83d\ude09<\/p>\n","protected":false},"excerpt":{"rendered":"<p>Quelle Peugeot 308 Choisir ? Nouvelle compacte Fran\u00e7aise de r\u00e9f\u00e9rence, la Peugeot 308, apparue voil\u00e0 cinq mois, va d\u00e9ployer dans quelques semaines une s\u00e9rie de versions in\u00e9dites (ex: Access, Allure, Active, F\u00e9line &#8230;). Sa ligne sage ne le trahit gu\u00e8re, et pourtant: rarement un mod\u00e8le Peugeot n&rsquo;avait autant \u00e9volu\u00e9 par rapport \u00e0 son a\u00efeul, le &#8230; <a title=\"Quelle Peugeot 308 choisir ?\" class=\"read-more\" href=\"https:\/\/www.carideal.com\/blog\/2014\/06\/19\/peugeot-308-laquelle-choisir\/\" aria-label=\"En savoir plus sur Quelle Peugeot 308 choisir ?\">Lire plus<\/a><\/p>\n","protected":false},"author":1,"featured_media":0,"comment_status":"closed","ping_status":"open","sticky":false,"template":"","format":"standard","meta":{"_uag_custom_page_level_css":"","_themeisle_gutenberg_block_has_review":false,"footnotes":""},"categories":[5944,5946,6012,10,5974],"tags":[5044],"class_list":["post-1541","post","type-post","status-publish","format-standard","hentry","category-constructeur","category-peugeot","category-berlines","category-marche-automobile-voiture-neuve-occasion-4x4-suv","category-type-de-vehicule","tag-guide-achat"],"wppr_data":[],"yoast_head":"<!-- This site is optimized with the Yoast SEO plugin v24.8.1 - https:\/\/yoast.com\/wordpress\/plugins\/seo\/ -->\n<title>Quelle Peugeot 308 choisir ? - Blog auto Carid\u00e9al<\/title>\n<meta name=\"description\" content=\"Quelle Peugeot 308 choisir ? Berline ou Break ? La nouvelle r\u00e9f\u00e9rence du march\u00e9 va se d\u00e9cliner en plusieurs finitions Active Allure F\u00e9line ...\" \/>\n<meta name=\"robots\" content=\"index, follow, max-snippet:-1, max-image-preview:large, max-video-preview:-1\" \/>\n<link rel=\"canonical\" href=\"https:\/\/www.carideal.com\/blog\/2014\/06\/19\/peugeot-308-laquelle-choisir\/\" \/>\n<meta property=\"og:locale\" content=\"fr_FR\" \/>\n<meta property=\"og:type\" content=\"article\" \/>\n<meta property=\"og:title\" content=\"Quelle Peugeot 308 choisir ? - Blog auto Carid\u00e9al\" \/>\n<meta property=\"og:description\" content=\"Quelle Peugeot 308 choisir ? Berline ou Break ? La nouvelle r\u00e9f\u00e9rence du march\u00e9 va se d\u00e9cliner en plusieurs finitions Active Allure F\u00e9line ...\" \/>\n<meta property=\"og:url\" content=\"https:\/\/www.carideal.com\/blog\/2014\/06\/19\/peugeot-308-laquelle-choisir\/\" \/>\n<meta property=\"og:site_name\" content=\"Blog auto Carid\u00e9al\" \/>\n<meta property=\"article:publisher\" content=\"https:\/\/www.facebook.com\/Carideal.mandataire.automobile\" \/>\n<meta property=\"article:author\" content=\"https:\/\/www.facebook.com\/Carideal.mandataire.automobile\/\" \/>\n<meta property=\"article:published_time\" content=\"2014-06-19T10:13:00+00:00\" \/>\n<meta property=\"article:modified_time\" content=\"2020-03-07T21:41:43+00:00\" \/>\n<meta property=\"og:image\" content=\"https:\/\/www.carideal.com\/blog\/wp-content\/uploads\/2016\/03\/logo-carideal-mandataire-automobile.png\" \/>\n\t<meta property=\"og:image:width\" content=\"300\" \/>\n\t<meta property=\"og:image:height\" content=\"300\" \/>\n\t<meta property=\"og:image:type\" content=\"image\/png\" \/>\n<meta name=\"author\" content=\"N.S Carideal\" \/>\n<meta name=\"twitter:card\" content=\"summary_large_image\" \/>\n<meta name=\"twitter:creator\" content=\"@caridealauto\" \/>\n<meta name=\"twitter:site\" content=\"@caridealauto\" \/>\n<meta name=\"twitter:label1\" content=\"\u00c9crit par\" \/>\n\t<meta name=\"twitter:data1\" content=\"N.S Carideal\" \/>\n\t<meta name=\"twitter:label2\" content=\"Dur\u00e9e de lecture estim\u00e9e\" \/>\n\t<meta name=\"twitter:data2\" content=\"2 minutes\" \/>\n<script type=\"application\/ld+json\" class=\"yoast-schema-graph\">{\"@context\":\"https:\/\/schema.org\",\"@graph\":[{\"@type\":\"Article\",\"@id\":\"https:\/\/www.carideal.com\/blog\/2014\/06\/19\/peugeot-308-laquelle-choisir\/#article\",\"isPartOf\":{\"@id\":\"https:\/\/www.carideal.com\/blog\/2014\/06\/19\/peugeot-308-laquelle-choisir\/\"},\"author\":{\"name\":\"N.S Carideal\",\"@id\":\"https:\/\/www.carideal.com\/blog\/#\/schema\/person\/985c7e757d1042d647f21bfaf8d41ebc\"},\"headline\":\"Quelle Peugeot 308 choisir ?\",\"datePublished\":\"2014-06-19T10:13:00+00:00\",\"dateModified\":\"2020-03-07T21:41:43+00:00\",\"mainEntityOfPage\":{\"@id\":\"https:\/\/www.carideal.com\/blog\/2014\/06\/19\/peugeot-308-laquelle-choisir\/\"},\"wordCount\":317,\"publisher\":{\"@id\":\"https:\/\/www.carideal.com\/blog\/#organization\"},\"keywords\":[\"Guide achat voiture\"],\"articleSection\":[\"Actualit\u00e9 Constructeur automobile\",\"Actualit\u00e9 Peugeot\",\"Berlines\",\"March\u00e9 automobile\",\"Type de v\u00e9hicule\"],\"inLanguage\":\"fr-FR\"},{\"@type\":\"WebPage\",\"@id\":\"https:\/\/www.carideal.com\/blog\/2014\/06\/19\/peugeot-308-laquelle-choisir\/\",\"url\":\"https:\/\/www.carideal.com\/blog\/2014\/06\/19\/peugeot-308-laquelle-choisir\/\",\"name\":\"Quelle Peugeot 308 choisir ? - Blog auto Carid\u00e9al\",\"isPartOf\":{\"@id\":\"https:\/\/www.carideal.com\/blog\/#website\"},\"datePublished\":\"2014-06-19T10:13:00+00:00\",\"dateModified\":\"2020-03-07T21:41:43+00:00\",\"description\":\"Quelle Peugeot 308 choisir ? Berline ou Break ? La nouvelle r\u00e9f\u00e9rence du march\u00e9 va se d\u00e9cliner en plusieurs finitions Active Allure F\u00e9line ...\",\"breadcrumb\":{\"@id\":\"https:\/\/www.carideal.com\/blog\/2014\/06\/19\/peugeot-308-laquelle-choisir\/#breadcrumb\"},\"inLanguage\":\"fr-FR\",\"potentialAction\":[{\"@type\":\"ReadAction\",\"target\":[\"https:\/\/www.carideal.com\/blog\/2014\/06\/19\/peugeot-308-laquelle-choisir\/\"]}]},{\"@type\":\"BreadcrumbList\",\"@id\":\"https:\/\/www.carideal.com\/blog\/2014\/06\/19\/peugeot-308-laquelle-choisir\/#breadcrumb\",\"itemListElement\":[{\"@type\":\"ListItem\",\"position\":1,\"name\":\"Blog Carid\u00e9al\",\"item\":\"https:\/\/www.carideal.com\/blog\/\"},{\"@type\":\"ListItem\",\"position\":2,\"name\":\"March\u00e9 automobile\",\"item\":\"https:\/\/www.carideal.com\/blog\/marche-automobile-voiture-neuve-occasion-4x4-suv\/\"},{\"@type\":\"ListItem\",\"position\":3,\"name\":\"Quelle Peugeot 308 choisir ?\"}]},{\"@type\":\"WebSite\",\"@id\":\"https:\/\/www.carideal.com\/blog\/#website\",\"url\":\"https:\/\/www.carideal.com\/blog\/\",\"name\":\"Blog auto Carid\u00e9al\",\"description\":\"Actualit\u00e9 auto par des passionn\u00e9s\",\"publisher\":{\"@id\":\"https:\/\/www.carideal.com\/blog\/#organization\"},\"potentialAction\":[{\"@type\":\"SearchAction\",\"target\":{\"@type\":\"EntryPoint\",\"urlTemplate\":\"https:\/\/www.carideal.com\/blog\/?s={search_term_string}\"},\"query-input\":{\"@type\":\"PropertyValueSpecification\",\"valueRequired\":true,\"valueName\":\"search_term_string\"}}],\"inLanguage\":\"fr-FR\"},{\"@type\":\"Organization\",\"@id\":\"https:\/\/www.carideal.com\/blog\/#organization\",\"name\":\"Carideal\",\"url\":\"https:\/\/www.carideal.com\/blog\/\",\"logo\":{\"@type\":\"ImageObject\",\"inLanguage\":\"fr-FR\",\"@id\":\"https:\/\/www.carideal.com\/blog\/#\/schema\/logo\/image\/\",\"url\":\"http:\/\/www.carideal.com\/blog\/wp-content\/uploads\/2016\/03\/logo-carideal-mandataire-automobile.png\",\"contentUrl\":\"http:\/\/www.carideal.com\/blog\/wp-content\/uploads\/2016\/03\/logo-carideal-mandataire-automobile.png\",\"width\":300,\"height\":300,\"caption\":\"Carideal\"},\"image\":{\"@id\":\"https:\/\/www.carideal.com\/blog\/#\/schema\/logo\/image\/\"},\"sameAs\":[\"https:\/\/www.facebook.com\/Carideal.mandataire.automobile\",\"https:\/\/x.com\/caridealauto\",\"https:\/\/www.instagram.com\/carideal1\/\",\"https:\/\/www.linkedin.com\/company\/carideal.com\",\"https:\/\/fr.pinterest.com\/schiavonsas\/\",\"https:\/\/www.youtube.com\/user\/caridealsas\"]},{\"@type\":\"Person\",\"@id\":\"https:\/\/www.carideal.com\/blog\/#\/schema\/person\/985c7e757d1042d647f21bfaf8d41ebc\",\"name\":\"N.S Carideal\",\"image\":{\"@type\":\"ImageObject\",\"inLanguage\":\"fr-FR\",\"@id\":\"https:\/\/www.carideal.com\/blog\/#\/schema\/person\/image\/\",\"url\":\"https:\/\/secure.gravatar.com\/avatar\/edb7ccdf1a4e3d14aef967760d354d0e?s=96&r=g\",\"contentUrl\":\"https:\/\/secure.gravatar.com\/avatar\/edb7ccdf1a4e3d14aef967760d354d0e?s=96&r=g\",\"caption\":\"N.S Carideal\"},\"description\":\"Depuis tout petit fan d'automobile. Il est question d'essayer et de comparer toutes ces voitures qui nous ont fait r\u00e9ver, avant que celles-ci ne devient uniquement des voitures de collection.\",\"sameAs\":[\"http:\/\/www.carideal.com\/blog\",\"https:\/\/www.facebook.com\/Carideal.mandataire.automobile\/\",\"https:\/\/www.linkedin.com\/in\/nschiavon\/\",\"https:\/\/www.youtube.com\/user\/caridealsas\/\"],\"url\":\"https:\/\/www.carideal.com\/blog\/author\/admin_carideal\/\"}]}<\/script>\n<!-- \/ Yoast SEO plugin. -->","yoast_head_json":{"title":"Quelle Peugeot 308 choisir ? - Blog auto Carid\u00e9al","description":"Quelle Peugeot 308 choisir ? Berline ou Break ? La nouvelle r\u00e9f\u00e9rence du march\u00e9 va se d\u00e9cliner en plusieurs finitions Active Allure F\u00e9line ...","robots":{"index":"index","follow":"follow","max-snippet":"max-snippet:-1","max-image-preview":"max-image-preview:large","max-video-preview":"max-video-preview:-1"},"canonical":"https:\/\/www.carideal.com\/blog\/2014\/06\/19\/peugeot-308-laquelle-choisir\/","og_locale":"fr_FR","og_type":"article","og_title":"Quelle Peugeot 308 choisir ? - Blog auto Carid\u00e9al","og_description":"Quelle Peugeot 308 choisir ? Berline ou Break ? La nouvelle r\u00e9f\u00e9rence du march\u00e9 va se d\u00e9cliner en plusieurs finitions Active Allure F\u00e9line ...","og_url":"https:\/\/www.carideal.com\/blog\/2014\/06\/19\/peugeot-308-laquelle-choisir\/","og_site_name":"Blog auto Carid\u00e9al","article_publisher":"https:\/\/www.facebook.com\/Carideal.mandataire.automobile","article_author":"https:\/\/www.facebook.com\/Carideal.mandataire.automobile\/","article_published_time":"2014-06-19T10:13:00+00:00","article_modified_time":"2020-03-07T21:41:43+00:00","og_image":[{"width":300,"height":300,"url":"https:\/\/www.carideal.com\/blog\/wp-content\/uploads\/2016\/03\/logo-carideal-mandataire-automobile.png","type":"image\/png"}],"author":"N.S Carideal","twitter_card":"summary_large_image","twitter_creator":"@caridealauto","twitter_site":"@caridealauto","twitter_misc":{"\u00c9crit par":"N.S Carideal","Dur\u00e9e de lecture estim\u00e9e":"2 minutes"},"schema":{"@context":"https:\/\/schema.org","@graph":[{"@type":"Article","@id":"https:\/\/www.carideal.com\/blog\/2014\/06\/19\/peugeot-308-laquelle-choisir\/#article","isPartOf":{"@id":"https:\/\/www.carideal.com\/blog\/2014\/06\/19\/peugeot-308-laquelle-choisir\/"},"author":{"name":"N.S Carideal","@id":"https:\/\/www.carideal.com\/blog\/#\/schema\/person\/985c7e757d1042d647f21bfaf8d41ebc"},"headline":"Quelle Peugeot 308 choisir ?","datePublished":"2014-06-19T10:13:00+00:00","dateModified":"2020-03-07T21:41:43+00:00","mainEntityOfPage":{"@id":"https:\/\/www.carideal.com\/blog\/2014\/06\/19\/peugeot-308-laquelle-choisir\/"},"wordCount":317,"publisher":{"@id":"https:\/\/www.carideal.com\/blog\/#organization"},"keywords":["Guide achat voiture"],"articleSection":["Actualit\u00e9 Constructeur automobile","Actualit\u00e9 Peugeot","Berlines","March\u00e9 automobile","Type de v\u00e9hicule"],"inLanguage":"fr-FR"},{"@type":"WebPage","@id":"https:\/\/www.carideal.com\/blog\/2014\/06\/19\/peugeot-308-laquelle-choisir\/","url":"https:\/\/www.carideal.com\/blog\/2014\/06\/19\/peugeot-308-laquelle-choisir\/","name":"Quelle Peugeot 308 choisir ? - Blog auto Carid\u00e9al","isPartOf":{"@id":"https:\/\/www.carideal.com\/blog\/#website"},"datePublished":"2014-06-19T10:13:00+00:00","dateModified":"2020-03-07T21:41:43+00:00","description":"Quelle Peugeot 308 choisir ? Berline ou Break ? La nouvelle r\u00e9f\u00e9rence du march\u00e9 va se d\u00e9cliner en plusieurs finitions Active Allure F\u00e9line ...","breadcrumb":{"@id":"https:\/\/www.carideal.com\/blog\/2014\/06\/19\/peugeot-308-laquelle-choisir\/#breadcrumb"},"inLanguage":"fr-FR","potentialAction":[{"@type":"ReadAction","target":["https:\/\/www.carideal.com\/blog\/2014\/06\/19\/peugeot-308-laquelle-choisir\/"]}]},{"@type":"BreadcrumbList","@id":"https:\/\/www.carideal.com\/blog\/2014\/06\/19\/peugeot-308-laquelle-choisir\/#breadcrumb","itemListElement":[{"@type":"ListItem","position":1,"name":"Blog Carid\u00e9al","item":"https:\/\/www.carideal.com\/blog\/"},{"@type":"ListItem","position":2,"name":"March\u00e9 automobile","item":"https:\/\/www.carideal.com\/blog\/marche-automobile-voiture-neuve-occasion-4x4-suv\/"},{"@type":"ListItem","position":3,"name":"Quelle Peugeot 308 choisir ?"}]},{"@type":"WebSite","@id":"https:\/\/www.carideal.com\/blog\/#website","url":"https:\/\/www.carideal.com\/blog\/","name":"Blog auto Carid\u00e9al","description":"Actualit\u00e9 auto par des passionn\u00e9s","publisher":{"@id":"https:\/\/www.carideal.com\/blog\/#organization"},"potentialAction":[{"@type":"SearchAction","target":{"@type":"EntryPoint","urlTemplate":"https:\/\/www.carideal.com\/blog\/?s={search_term_string}"},"query-input":{"@type":"PropertyValueSpecification","valueRequired":true,"valueName":"search_term_string"}}],"inLanguage":"fr-FR"},{"@type":"Organization","@id":"https:\/\/www.carideal.com\/blog\/#organization","name":"Carideal","url":"https:\/\/www.carideal.com\/blog\/","logo":{"@type":"ImageObject","inLanguage":"fr-FR","@id":"https:\/\/www.carideal.com\/blog\/#\/schema\/logo\/image\/","url":"http:\/\/www.carideal.com\/blog\/wp-content\/uploads\/2016\/03\/logo-carideal-mandataire-automobile.png","contentUrl":"http:\/\/www.carideal.com\/blog\/wp-content\/uploads\/2016\/03\/logo-carideal-mandataire-automobile.png","width":300,"height":300,"caption":"Carideal"},"image":{"@id":"https:\/\/www.carideal.com\/blog\/#\/schema\/logo\/image\/"},"sameAs":["https:\/\/www.facebook.com\/Carideal.mandataire.automobile","https:\/\/x.com\/caridealauto","https:\/\/www.instagram.com\/carideal1\/","https:\/\/www.linkedin.com\/company\/carideal.com","https:\/\/fr.pinterest.com\/schiavonsas\/","https:\/\/www.youtube.com\/user\/caridealsas"]},{"@type":"Person","@id":"https:\/\/www.carideal.com\/blog\/#\/schema\/person\/985c7e757d1042d647f21bfaf8d41ebc","name":"N.S Carideal","image":{"@type":"ImageObject","inLanguage":"fr-FR","@id":"https:\/\/www.carideal.com\/blog\/#\/schema\/person\/image\/","url":"https:\/\/secure.gravatar.com\/avatar\/edb7ccdf1a4e3d14aef967760d354d0e?s=96&r=g","contentUrl":"https:\/\/secure.gravatar.com\/avatar\/edb7ccdf1a4e3d14aef967760d354d0e?s=96&r=g","caption":"N.S Carideal"},"description":"Depuis tout petit fan d'automobile. Il est question d'essayer et de comparer toutes ces voitures qui nous ont fait r\u00e9ver, avant que celles-ci ne devient uniquement des voitures de collection.","sameAs":["http:\/\/www.carideal.com\/blog","https:\/\/www.facebook.com\/Carideal.mandataire.automobile\/","https:\/\/www.linkedin.com\/in\/nschiavon\/","https:\/\/www.youtube.com\/user\/caridealsas\/"],"url":"https:\/\/www.carideal.com\/blog\/author\/admin_carideal\/"}]}},"uagb_featured_image_src":{"full":false,"thumbnail":false,"medium":false,"medium_large":false,"large":false,"1536x1536":false,"2048x2048":false,"wppr-widget":false},"uagb_author_info":{"display_name":"N.S Carideal","author_link":"https:\/\/www.carideal.com\/blog\/author\/admin_carideal\/"},"uagb_comment_info":0,"uagb_excerpt":"Quelle Peugeot 308 Choisir ? Nouvelle compacte Fran\u00e7aise de r\u00e9f\u00e9rence, la Peugeot 308, apparue voil\u00e0 cinq mois, va d\u00e9ployer dans quelques semaines une s\u00e9rie de versions in\u00e9dites (ex: Access, Allure, Active, F\u00e9line ...). Sa ligne sage ne le trahit gu\u00e8re, et pourtant: rarement un mod\u00e8le Peugeot n'avait autant \u00e9volu\u00e9 par rapport \u00e0 son a\u00efeul, le\u2026","_links":{"self":[{"href":"https:\/\/www.carideal.com\/blog\/wp-json\/wp\/v2\/posts\/1541"}],"collection":[{"href":"https:\/\/www.carideal.com\/blog\/wp-json\/wp\/v2\/posts"}],"about":[{"href":"https:\/\/www.carideal.com\/blog\/wp-json\/wp\/v2\/types\/post"}],"author":[{"embeddable":true,"href":"https:\/\/www.carideal.com\/blog\/wp-json\/wp\/v2\/users\/1"}],"replies":[{"embeddable":true,"href":"https:\/\/www.carideal.com\/blog\/wp-json\/wp\/v2\/comments?post=1541"}],"version-history":[{"count":0,"href":"https:\/\/www.carideal.com\/blog\/wp-json\/wp\/v2\/posts\/1541\/revisions"}],"wp:attachment":[{"href":"https:\/\/www.carideal.com\/blog\/wp-json\/wp\/v2\/media?parent=1541"}],"wp:term":[{"taxonomy":"category","embeddable":true,"href":"https:\/\/www.carideal.com\/blog\/wp-json\/wp\/v2\/categories?post=1541"},{"taxonomy":"post_tag","embeddable":true,"href":"https:\/\/www.carideal.com\/blog\/wp-json\/wp\/v2\/tags?post=1541"}],"curies":[{"name":"wp","href":"https:\/\/api.w.org\/{rel}","templated":true}]}}