{"id":154,"date":"2010-03-20T16:21:00","date_gmt":"2010-03-20T16:21:00","guid":{"rendered":"http:\/\/carideal.com\/blog\/?p=154"},"modified":"2016-11-08T16:39:47","modified_gmt":"2016-11-08T15:39:47","slug":"lotus-evora-hybrid","status":"publish","type":"post","link":"https:\/\/www.carideal.com\/blog\/2010\/03\/20\/lotus-evora-hybrid\/","title":{"rendered":"Lotus Evora Hybrid"},"content":{"rendered":"<p><img decoding=\"async\" style=\"display: block; margin: 0 auto;\" title=\"Lotus Evora Hybride, mar. 2010\" src=\"\/blog\/public\/.lotus-evora-carideal_m.jpg\" alt=\"Lotus Evora Hybride\" \/><\/p>\n<h1><strong>La Lotus Evora Hybride, nous on adore\u00a0! c'est comme cela que l'on voit le future de l'hybridation<\/strong><\/h1>\n<p>Commercialis\u00e9e en 2009, la <a href=\"\/blog\/index.php?tag\/Lotus\">Lotus<\/a> <a href=\"\/blog\/index.php?tag\/Evora\">Evora<\/a> dispose d'un moteur V6 3.5 L \u00e0 essence de 280 ch pour un couple de 342 Nm. La version <a href=\"\/blog\/index.php?tag\/414E%20Hybrid\">414E Hybrid<\/a> \u00e0 autonomie \u00e9tendue arrive \u00e0 l'automne. Propuls\u00e9e par deux moteurs \u00e9lectriques d\u00e9livrant chacun 207 ch, ce mod\u00e8le est \u00e9galement dot\u00e9 d'un moteur \u00e0 essence \u00e0 trois cylindres de 1.2 L de cylindr\u00e9e (!!!) qui fonctionne au r\u00e9gime constant de 3500 tr\/min afin de recharger les batteries. ce groupe \u00e9lectrog\u00e8ne offre une autonomie th\u00e9orique de 483 km. En mode 100 % \u00e9lectrique, la <a href=\"\/blog\/index.php?tag\/Lotus%20Evora%20Hybride%20414E\">Lotus Evora Hybride 414E<\/a> dispose d'une autonomie de 50 km.<br \/>\nLes Acc\u00e9lerations seront ultra franche, le couple de <strong>800 Nm<\/strong> \u00e9quivaut \u00e0 celui d'un V12 de plus de 500 ch, et l'exercice de 0 \u00e0 100 km\/h est exp\u00e9di\u00e9 en moins de 4 sec, soit une de moins de celle de l'Evora Classique. Seul le bruit manque....Lotus y remedie en proposant un son synh\u00e9tique !<br \/>\n<a href=\"\/blog\/index.php?post\/2010\/03\/20\/Audi-A8-Hybride\">\/\/\/ Audi A8 Hybride<\/a><br \/>\n<a href=\"\/blog\/index.php?post\/2010\/03\/20\/BMW-serie-5-Hybride\">\/\/\/ BMW serie 5 Hybride<\/a><br \/>\n<a href=\"\/blog\/index.php?post\/2010\/03\/18\/La-voiture-electrique-sans-modele-economique\">\/\/\/ Le moteur \u00e9lectrique<\/a><\/p>\n","protected":false},"excerpt":{"rendered":"<p>La Lotus Evora Hybride, nous on adore\u00a0! c&rsquo;est comme cela que l&rsquo;on voit le future de l&rsquo;hybridation Commercialis\u00e9e en 2009, la Lotus Evora dispose d&rsquo;un moteur V6 3.5 L \u00e0 essence de 280 ch pour un couple de 342 Nm. La version 414E Hybrid \u00e0 autonomie \u00e9tendue arrive \u00e0 l&rsquo;automne. Propuls\u00e9e par deux moteurs \u00e9lectriques &#8230; <a title=\"Lotus Evora Hybrid\" class=\"read-more\" href=\"https:\/\/www.carideal.com\/blog\/2010\/03\/20\/lotus-evora-hybrid\/\" aria-label=\"En savoir plus sur Lotus Evora Hybrid\">Lire plus<\/a><\/p>\n","protected":false},"author":1,"featured_media":0,"comment_status":"open","ping_status":"open","sticky":false,"template":"","format":"standard","meta":{"_uag_custom_page_level_css":"","_themeisle_gutenberg_block_has_review":false,"footnotes":""},"categories":[6],"tags":[3120],"class_list":["post-154","post","type-post","status-publish","format-standard","hentry","category-ecologie","tag-rivale-anglaise"],"wppr_data":[],"yoast_head":"<!-- This site is optimized with the Yoast SEO plugin v24.8.1 - https:\/\/yoast.com\/wordpress\/plugins\/seo\/ -->\n<title>Lotus Evora Hybrid - Blog auto Carid\u00e9al<\/title>\n<meta name=\"robots\" content=\"index, follow, max-snippet:-1, max-image-preview:large, max-video-preview:-1\" \/>\n<link rel=\"canonical\" href=\"https:\/\/www.carideal.com\/blog\/2010\/03\/20\/lotus-evora-hybrid\/\" \/>\n<meta property=\"og:locale\" content=\"fr_FR\" \/>\n<meta property=\"og:type\" content=\"article\" \/>\n<meta property=\"og:title\" content=\"Lotus Evora Hybrid - Blog auto Carid\u00e9al\" \/>\n<meta property=\"og:description\" content=\"La Lotus Evora Hybride, nous on adore\u00a0! c&#039;est comme cela que l&#039;on voit le future de l&#039;hybridation Commercialis\u00e9e en 2009, la Lotus Evora dispose d&#039;un moteur V6 3.5 L \u00e0 essence de 280 ch pour un couple de 342 Nm. La version 414E Hybrid \u00e0 autonomie \u00e9tendue arrive \u00e0 l&#039;automne. Propuls\u00e9e par deux moteurs \u00e9lectriques ... Lire plus\" \/>\n<meta property=\"og:url\" content=\"https:\/\/www.carideal.com\/blog\/2010\/03\/20\/lotus-evora-hybrid\/\" \/>\n<meta property=\"og:site_name\" content=\"Blog auto Carid\u00e9al\" \/>\n<meta property=\"article:publisher\" content=\"https:\/\/www.facebook.com\/Carideal.mandataire.automobile\" \/>\n<meta property=\"article:author\" content=\"https:\/\/www.facebook.com\/Carideal.mandataire.automobile\/\" \/>\n<meta property=\"article:published_time\" content=\"2010-03-20T16:21:00+00:00\" \/>\n<meta property=\"article:modified_time\" content=\"2016-11-08T15:39:47+00:00\" \/>\n<meta property=\"og:image\" content=\"https:\/\/www.carideal.com\/blog\/wp-content\/uploads\/2016\/03\/logo-carideal-mandataire-automobile.png\" \/>\n\t<meta property=\"og:image:width\" content=\"300\" \/>\n\t<meta property=\"og:image:height\" content=\"300\" \/>\n\t<meta property=\"og:image:type\" content=\"image\/png\" \/>\n<meta name=\"author\" content=\"N.S Carideal\" \/>\n<meta name=\"twitter:card\" content=\"summary_large_image\" \/>\n<meta name=\"twitter:creator\" content=\"@caridealauto\" \/>\n<meta name=\"twitter:site\" content=\"@caridealauto\" \/>\n<meta name=\"twitter:label1\" content=\"\u00c9crit par\" \/>\n\t<meta name=\"twitter:data1\" content=\"N.S Carideal\" \/>\n\t<meta name=\"twitter:label2\" content=\"Dur\u00e9e de lecture estim\u00e9e\" \/>\n\t<meta name=\"twitter:data2\" content=\"1 minute\" \/>\n<script type=\"application\/ld+json\" class=\"yoast-schema-graph\">{\"@context\":\"https:\/\/schema.org\",\"@graph\":[{\"@type\":\"Article\",\"@id\":\"https:\/\/www.carideal.com\/blog\/2010\/03\/20\/lotus-evora-hybrid\/#article\",\"isPartOf\":{\"@id\":\"https:\/\/www.carideal.com\/blog\/2010\/03\/20\/lotus-evora-hybrid\/\"},\"author\":{\"name\":\"N.S Carideal\",\"@id\":\"https:\/\/www.carideal.com\/blog\/#\/schema\/person\/985c7e757d1042d647f21bfaf8d41ebc\"},\"headline\":\"Lotus Evora Hybrid\",\"datePublished\":\"2010-03-20T16:21:00+00:00\",\"dateModified\":\"2016-11-08T15:39:47+00:00\",\"mainEntityOfPage\":{\"@id\":\"https:\/\/www.carideal.com\/blog\/2010\/03\/20\/lotus-evora-hybrid\/\"},\"wordCount\":172,\"commentCount\":0,\"publisher\":{\"@id\":\"https:\/\/www.carideal.com\/blog\/#organization\"},\"keywords\":[\"Voiture anglaise\"],\"articleSection\":[\"Ecologie\"],\"inLanguage\":\"fr-FR\",\"potentialAction\":[{\"@type\":\"CommentAction\",\"name\":\"Comment\",\"target\":[\"https:\/\/www.carideal.com\/blog\/2010\/03\/20\/lotus-evora-hybrid\/#respond\"]}]},{\"@type\":\"WebPage\",\"@id\":\"https:\/\/www.carideal.com\/blog\/2010\/03\/20\/lotus-evora-hybrid\/\",\"url\":\"https:\/\/www.carideal.com\/blog\/2010\/03\/20\/lotus-evora-hybrid\/\",\"name\":\"Lotus Evora Hybrid - Blog auto Carid\u00e9al\",\"isPartOf\":{\"@id\":\"https:\/\/www.carideal.com\/blog\/#website\"},\"datePublished\":\"2010-03-20T16:21:00+00:00\",\"dateModified\":\"2016-11-08T15:39:47+00:00\",\"breadcrumb\":{\"@id\":\"https:\/\/www.carideal.com\/blog\/2010\/03\/20\/lotus-evora-hybrid\/#breadcrumb\"},\"inLanguage\":\"fr-FR\",\"potentialAction\":[{\"@type\":\"ReadAction\",\"target\":[\"https:\/\/www.carideal.com\/blog\/2010\/03\/20\/lotus-evora-hybrid\/\"]}]},{\"@type\":\"BreadcrumbList\",\"@id\":\"https:\/\/www.carideal.com\/blog\/2010\/03\/20\/lotus-evora-hybrid\/#breadcrumb\",\"itemListElement\":[{\"@type\":\"ListItem\",\"position\":1,\"name\":\"Blog Carid\u00e9al\",\"item\":\"https:\/\/www.carideal.com\/blog\/\"},{\"@type\":\"ListItem\",\"position\":2,\"name\":\"Ecologie\",\"item\":\"https:\/\/www.carideal.com\/blog\/ecologie\/\"},{\"@type\":\"ListItem\",\"position\":3,\"name\":\"Lotus Evora Hybrid\"}]},{\"@type\":\"WebSite\",\"@id\":\"https:\/\/www.carideal.com\/blog\/#website\",\"url\":\"https:\/\/www.carideal.com\/blog\/\",\"name\":\"Blog auto Carid\u00e9al\",\"description\":\"Actualit\u00e9 auto par des passionn\u00e9s\",\"publisher\":{\"@id\":\"https:\/\/www.carideal.com\/blog\/#organization\"},\"potentialAction\":[{\"@type\":\"SearchAction\",\"target\":{\"@type\":\"EntryPoint\",\"urlTemplate\":\"https:\/\/www.carideal.com\/blog\/?s={search_term_string}\"},\"query-input\":{\"@type\":\"PropertyValueSpecification\",\"valueRequired\":true,\"valueName\":\"search_term_string\"}}],\"inLanguage\":\"fr-FR\"},{\"@type\":\"Organization\",\"@id\":\"https:\/\/www.carideal.com\/blog\/#organization\",\"name\":\"Carideal\",\"url\":\"https:\/\/www.carideal.com\/blog\/\",\"logo\":{\"@type\":\"ImageObject\",\"inLanguage\":\"fr-FR\",\"@id\":\"https:\/\/www.carideal.com\/blog\/#\/schema\/logo\/image\/\",\"url\":\"http:\/\/www.carideal.com\/blog\/wp-content\/uploads\/2016\/03\/logo-carideal-mandataire-automobile.png\",\"contentUrl\":\"http:\/\/www.carideal.com\/blog\/wp-content\/uploads\/2016\/03\/logo-carideal-mandataire-automobile.png\",\"width\":300,\"height\":300,\"caption\":\"Carideal\"},\"image\":{\"@id\":\"https:\/\/www.carideal.com\/blog\/#\/schema\/logo\/image\/\"},\"sameAs\":[\"https:\/\/www.facebook.com\/Carideal.mandataire.automobile\",\"https:\/\/x.com\/caridealauto\",\"https:\/\/www.instagram.com\/carideal1\/\",\"https:\/\/www.linkedin.com\/company\/carideal.com\",\"https:\/\/fr.pinterest.com\/schiavonsas\/\",\"https:\/\/www.youtube.com\/user\/caridealsas\"]},{\"@type\":\"Person\",\"@id\":\"https:\/\/www.carideal.com\/blog\/#\/schema\/person\/985c7e757d1042d647f21bfaf8d41ebc\",\"name\":\"N.S Carideal\",\"image\":{\"@type\":\"ImageObject\",\"inLanguage\":\"fr-FR\",\"@id\":\"https:\/\/www.carideal.com\/blog\/#\/schema\/person\/image\/\",\"url\":\"https:\/\/secure.gravatar.com\/avatar\/edb7ccdf1a4e3d14aef967760d354d0e?s=96&r=g\",\"contentUrl\":\"https:\/\/secure.gravatar.com\/avatar\/edb7ccdf1a4e3d14aef967760d354d0e?s=96&r=g\",\"caption\":\"N.S Carideal\"},\"description\":\"Depuis tout petit fan d'automobile. Il est question d'essayer et de comparer toutes ces voitures qui nous ont fait r\u00e9ver, avant que celles-ci ne devient uniquement des voitures de collection.\",\"sameAs\":[\"http:\/\/www.carideal.com\/blog\",\"https:\/\/www.facebook.com\/Carideal.mandataire.automobile\/\",\"https:\/\/www.linkedin.com\/in\/nschiavon\/\",\"https:\/\/www.youtube.com\/user\/caridealsas\/\"],\"url\":\"https:\/\/www.carideal.com\/blog\/author\/admin_carideal\/\"}]}<\/script>\n<!-- \/ Yoast SEO plugin. -->","yoast_head_json":{"title":"Lotus Evora Hybrid - Blog auto Carid\u00e9al","robots":{"index":"index","follow":"follow","max-snippet":"max-snippet:-1","max-image-preview":"max-image-preview:large","max-video-preview":"max-video-preview:-1"},"canonical":"https:\/\/www.carideal.com\/blog\/2010\/03\/20\/lotus-evora-hybrid\/","og_locale":"fr_FR","og_type":"article","og_title":"Lotus Evora Hybrid - Blog auto Carid\u00e9al","og_description":"La Lotus Evora Hybride, nous on adore\u00a0! c'est comme cela que l'on voit le future de l'hybridation Commercialis\u00e9e en 2009, la Lotus Evora dispose d'un moteur V6 3.5 L \u00e0 essence de 280 ch pour un couple de 342 Nm. La version 414E Hybrid \u00e0 autonomie \u00e9tendue arrive \u00e0 l'automne. Propuls\u00e9e par deux moteurs \u00e9lectriques ... Lire plus","og_url":"https:\/\/www.carideal.com\/blog\/2010\/03\/20\/lotus-evora-hybrid\/","og_site_name":"Blog auto Carid\u00e9al","article_publisher":"https:\/\/www.facebook.com\/Carideal.mandataire.automobile","article_author":"https:\/\/www.facebook.com\/Carideal.mandataire.automobile\/","article_published_time":"2010-03-20T16:21:00+00:00","article_modified_time":"2016-11-08T15:39:47+00:00","og_image":[{"width":300,"height":300,"url":"https:\/\/www.carideal.com\/blog\/wp-content\/uploads\/2016\/03\/logo-carideal-mandataire-automobile.png","type":"image\/png"}],"author":"N.S Carideal","twitter_card":"summary_large_image","twitter_creator":"@caridealauto","twitter_site":"@caridealauto","twitter_misc":{"\u00c9crit par":"N.S Carideal","Dur\u00e9e de lecture estim\u00e9e":"1 minute"},"schema":{"@context":"https:\/\/schema.org","@graph":[{"@type":"Article","@id":"https:\/\/www.carideal.com\/blog\/2010\/03\/20\/lotus-evora-hybrid\/#article","isPartOf":{"@id":"https:\/\/www.carideal.com\/blog\/2010\/03\/20\/lotus-evora-hybrid\/"},"author":{"name":"N.S Carideal","@id":"https:\/\/www.carideal.com\/blog\/#\/schema\/person\/985c7e757d1042d647f21bfaf8d41ebc"},"headline":"Lotus Evora Hybrid","datePublished":"2010-03-20T16:21:00+00:00","dateModified":"2016-11-08T15:39:47+00:00","mainEntityOfPage":{"@id":"https:\/\/www.carideal.com\/blog\/2010\/03\/20\/lotus-evora-hybrid\/"},"wordCount":172,"commentCount":0,"publisher":{"@id":"https:\/\/www.carideal.com\/blog\/#organization"},"keywords":["Voiture anglaise"],"articleSection":["Ecologie"],"inLanguage":"fr-FR","potentialAction":[{"@type":"CommentAction","name":"Comment","target":["https:\/\/www.carideal.com\/blog\/2010\/03\/20\/lotus-evora-hybrid\/#respond"]}]},{"@type":"WebPage","@id":"https:\/\/www.carideal.com\/blog\/2010\/03\/20\/lotus-evora-hybrid\/","url":"https:\/\/www.carideal.com\/blog\/2010\/03\/20\/lotus-evora-hybrid\/","name":"Lotus Evora Hybrid - Blog auto Carid\u00e9al","isPartOf":{"@id":"https:\/\/www.carideal.com\/blog\/#website"},"datePublished":"2010-03-20T16:21:00+00:00","dateModified":"2016-11-08T15:39:47+00:00","breadcrumb":{"@id":"https:\/\/www.carideal.com\/blog\/2010\/03\/20\/lotus-evora-hybrid\/#breadcrumb"},"inLanguage":"fr-FR","potentialAction":[{"@type":"ReadAction","target":["https:\/\/www.carideal.com\/blog\/2010\/03\/20\/lotus-evora-hybrid\/"]}]},{"@type":"BreadcrumbList","@id":"https:\/\/www.carideal.com\/blog\/2010\/03\/20\/lotus-evora-hybrid\/#breadcrumb","itemListElement":[{"@type":"ListItem","position":1,"name":"Blog Carid\u00e9al","item":"https:\/\/www.carideal.com\/blog\/"},{"@type":"ListItem","position":2,"name":"Ecologie","item":"https:\/\/www.carideal.com\/blog\/ecologie\/"},{"@type":"ListItem","position":3,"name":"Lotus Evora Hybrid"}]},{"@type":"WebSite","@id":"https:\/\/www.carideal.com\/blog\/#website","url":"https:\/\/www.carideal.com\/blog\/","name":"Blog auto Carid\u00e9al","description":"Actualit\u00e9 auto par des passionn\u00e9s","publisher":{"@id":"https:\/\/www.carideal.com\/blog\/#organization"},"potentialAction":[{"@type":"SearchAction","target":{"@type":"EntryPoint","urlTemplate":"https:\/\/www.carideal.com\/blog\/?s={search_term_string}"},"query-input":{"@type":"PropertyValueSpecification","valueRequired":true,"valueName":"search_term_string"}}],"inLanguage":"fr-FR"},{"@type":"Organization","@id":"https:\/\/www.carideal.com\/blog\/#organization","name":"Carideal","url":"https:\/\/www.carideal.com\/blog\/","logo":{"@type":"ImageObject","inLanguage":"fr-FR","@id":"https:\/\/www.carideal.com\/blog\/#\/schema\/logo\/image\/","url":"http:\/\/www.carideal.com\/blog\/wp-content\/uploads\/2016\/03\/logo-carideal-mandataire-automobile.png","contentUrl":"http:\/\/www.carideal.com\/blog\/wp-content\/uploads\/2016\/03\/logo-carideal-mandataire-automobile.png","width":300,"height":300,"caption":"Carideal"},"image":{"@id":"https:\/\/www.carideal.com\/blog\/#\/schema\/logo\/image\/"},"sameAs":["https:\/\/www.facebook.com\/Carideal.mandataire.automobile","https:\/\/x.com\/caridealauto","https:\/\/www.instagram.com\/carideal1\/","https:\/\/www.linkedin.com\/company\/carideal.com","https:\/\/fr.pinterest.com\/schiavonsas\/","https:\/\/www.youtube.com\/user\/caridealsas"]},{"@type":"Person","@id":"https:\/\/www.carideal.com\/blog\/#\/schema\/person\/985c7e757d1042d647f21bfaf8d41ebc","name":"N.S Carideal","image":{"@type":"ImageObject","inLanguage":"fr-FR","@id":"https:\/\/www.carideal.com\/blog\/#\/schema\/person\/image\/","url":"https:\/\/secure.gravatar.com\/avatar\/edb7ccdf1a4e3d14aef967760d354d0e?s=96&r=g","contentUrl":"https:\/\/secure.gravatar.com\/avatar\/edb7ccdf1a4e3d14aef967760d354d0e?s=96&r=g","caption":"N.S Carideal"},"description":"Depuis tout petit fan d'automobile. Il est question d'essayer et de comparer toutes ces voitures qui nous ont fait r\u00e9ver, avant que celles-ci ne devient uniquement des voitures de collection.","sameAs":["http:\/\/www.carideal.com\/blog","https:\/\/www.facebook.com\/Carideal.mandataire.automobile\/","https:\/\/www.linkedin.com\/in\/nschiavon\/","https:\/\/www.youtube.com\/user\/caridealsas\/"],"url":"https:\/\/www.carideal.com\/blog\/author\/admin_carideal\/"}]}},"uagb_featured_image_src":{"full":false,"thumbnail":false,"medium":false,"medium_large":false,"large":false,"1536x1536":false,"2048x2048":false,"wppr-widget":false},"uagb_author_info":{"display_name":"N.S Carideal","author_link":"https:\/\/www.carideal.com\/blog\/author\/admin_carideal\/"},"uagb_comment_info":0,"uagb_excerpt":"La Lotus Evora Hybride, nous on adore\u00a0! c'est comme cela que l'on voit le future de l'hybridation Commercialis\u00e9e en 2009, la Lotus Evora dispose d'un moteur V6 3.5 L \u00e0 essence de 280 ch pour un couple de 342 Nm. La version 414E Hybrid \u00e0 autonomie \u00e9tendue arrive \u00e0 l'automne. Propuls\u00e9e par deux moteurs \u00e9lectriques\u2026","_links":{"self":[{"href":"https:\/\/www.carideal.com\/blog\/wp-json\/wp\/v2\/posts\/154"}],"collection":[{"href":"https:\/\/www.carideal.com\/blog\/wp-json\/wp\/v2\/posts"}],"about":[{"href":"https:\/\/www.carideal.com\/blog\/wp-json\/wp\/v2\/types\/post"}],"author":[{"embeddable":true,"href":"https:\/\/www.carideal.com\/blog\/wp-json\/wp\/v2\/users\/1"}],"replies":[{"embeddable":true,"href":"https:\/\/www.carideal.com\/blog\/wp-json\/wp\/v2\/comments?post=154"}],"version-history":[{"count":0,"href":"https:\/\/www.carideal.com\/blog\/wp-json\/wp\/v2\/posts\/154\/revisions"}],"wp:attachment":[{"href":"https:\/\/www.carideal.com\/blog\/wp-json\/wp\/v2\/media?parent=154"}],"wp:term":[{"taxonomy":"category","embeddable":true,"href":"https:\/\/www.carideal.com\/blog\/wp-json\/wp\/v2\/categories?post=154"},{"taxonomy":"post_tag","embeddable":true,"href":"https:\/\/www.carideal.com\/blog\/wp-json\/wp\/v2\/tags?post=154"}],"curies":[{"name":"wp","href":"https:\/\/api.w.org\/{rel}","templated":true}]}}