{"id":1537,"date":"2014-06-04T14:55:00","date_gmt":"2014-06-04T14:55:00","guid":{"rendered":"http:\/\/carideal.com\/blog\/?p=1537"},"modified":"2016-04-18T16:26:06","modified_gmt":"2016-04-18T14:26:06","slug":"quelle-mercedes-classe-c-doccasion-choisir","status":"publish","type":"post","link":"https:\/\/www.carideal.com\/blog\/2014\/06\/04\/quelle-mercedes-classe-c-doccasion-choisir\/","title":{"rendered":"Quelle Mercedes Classe C d&rsquo;occasion choisir?"},"content":{"rendered":"<figure style=\"width: 438px\" class=\"wp-caption alignnone\"><img loading=\"lazy\" decoding=\"async\" title=\"La Mercedes Classe C d'occasion Coup\u00e9\" src=\"\/blog\/public\/.mercedes-classe-c-occasion-carideal-mandataire-automobile_m.jpg\" alt=\"La Mercedes Classe C d'occasion Coup\u00e9\" width=\"448\" height=\"251\" \/><figcaption class=\"wp-caption-text\">La Mercedes Classe C d'occasion Coup\u00e9<\/figcaption><\/figure>\n<h1>Quelle Mercedes Classe C d'occasion choisir?<\/h1>\n<p>Le choix des Mercedes Classe C d'occasion n'est pas si large qu'on pourrait le croire. Tout d'abord, le diesel est sur-repr\u00e9sent\u00e9 et les bo\u00eetes automatiques repr\u00e9sentent la moiti\u00e9 des ventes de Mercedes Classe C d'occasion, alors que la transmission 4matic est presque inexistante. Pendant longtemps les berlines Mercedes se sont vendu majoritairement en diesel, \u00e0 cause de la consommation. C'est aussi le cas pour les <span style=\"text-decoration: underline;\"><a href=\"http:\/\/www.carideal.com\/blog\/2009\/01\/22\/nouvelle-audi-a4-doccasion\/\">Audi A4\u00a0d'occasion,<\/a><\/span>\u00a0ou les <span style=\"text-decoration: underline;\"><a href=\"http:\/\/www.carideal.com\/blog\/2008\/11\/13\/bmw-serie-3-e90-d-occasion\/\">BMW s\u00e9rie 3 d'occasion<\/a><\/span>.<\/p>\n<p>Il n'y en a trop peu en circulation \u00e9quip\u00e9e de moteur essence, et ce sont soit des petits moteurs an\u00e9miques et sous motoris\u00e9s, soit de gros moteurs essence et forc\u00e9ment gloutons. Les moteurs \u00e0 Kompresseur Mercedes offre du couple agr\u00e9able pour mouvoir cette Mercedes Classe C d'occasion, mais qui consommera beaucoup plus que la m\u00eame puissance en diesel. Alors que dire de la motorisation AMG ? Rien, quand on a les moyens de se la payer, on a aussi les moyens de remplir le r\u00e9servoir...<\/p>\n<h2>Quel Prix\u00a0pour une Mercedes Classe C d'occasion ?<\/h2>\n<p>Pour moins de 100 000 km il faut compter environ 15 000 \u20ac pour une Mercedes Classe C d'occasion. Quelques s\u00e9ries sp\u00e9ciales valent le coup a contrario, la version de base poss\u00e8de trop peu d\u2019\u00e9quipement. N\u00e9anmoins, pour choisir la finition qui vous convient il faut s\u2019int\u00e9resser de pr\u00e8s \u00e0 l'\u00e9quipement pour esp\u00e9rer une meilleure revente.<\/p>\n<h2>Quelle Motorisation choisir pour sa Mercedes Classe C d'occasion ?<\/h2>\n<p>Pour les moteurs, le 63 AMG de 457 ch est plaisant ( c'est un euph\u00e9misme .. lol) malheureusement il est rare sur le march\u00e9 de l'occasion, le 220 CDI est tr\u00e8s pr\u00e9sent et fort appr\u00e9ci\u00e9 ainsi que le 320\/350 CDI. Les moteurs AMG sont au sommet des motorisations Mercedes qui met ainsi en avant les performances et la technique de son ancien pr\u00e9parateur AMG, comme pour ce <span style=\"text-decoration: underline;\">C<a href=\"http:\/\/www.carideal.com\/blog\/2013\/10\/10\/mercedes-classe-g-amg-6x6\/\">lasse G 6x6 AMG<\/a><\/span>.<br \/>\nPour plus de fiabilit\u00e9, il faut choisir un v\u00e9hicule entretenu chez Mercedes. Le restylage de 2011 offre plus de standing \u00e0 ce mod\u00e8le, il est donc \u00e0 privil\u00e9gier.<\/p>\n","protected":false},"excerpt":{"rendered":"<p>Quelle Mercedes Classe C d&rsquo;occasion choisir? Le choix des Mercedes Classe C d&rsquo;occasion n&rsquo;est pas si large qu&rsquo;on pourrait le croire. Tout d&rsquo;abord, le diesel est sur-repr\u00e9sent\u00e9 et les bo\u00eetes automatiques repr\u00e9sentent la moiti\u00e9 des ventes de Mercedes Classe C d&rsquo;occasion, alors que la transmission 4matic est presque inexistante. Pendant longtemps les berlines Mercedes se &#8230; <a title=\"Quelle Mercedes Classe C d&rsquo;occasion choisir?\" class=\"read-more\" href=\"https:\/\/www.carideal.com\/blog\/2014\/06\/04\/quelle-mercedes-classe-c-doccasion-choisir\/\" aria-label=\"En savoir plus sur Quelle Mercedes Classe C d&rsquo;occasion choisir?\">Lire plus<\/a><\/p>\n","protected":false},"author":1,"featured_media":0,"comment_status":"closed","ping_status":"open","sticky":false,"template":"","format":"standard","meta":{"_uag_custom_page_level_css":"","_themeisle_gutenberg_block_has_review":false,"footnotes":""},"categories":[5944,5995,6025,10,5974],"tags":[691],"class_list":["post-1537","post","type-post","status-publish","format-standard","hentry","category-constructeur","category-mercedes","category-occasion-type-de-vehicule-type-de-vehicule","category-marche-automobile-voiture-neuve-occasion-4x4-suv","category-type-de-vehicule","tag-fiabilite"],"wppr_data":[],"yoast_head":"<!-- This site is optimized with the Yoast SEO plugin v24.8.1 - https:\/\/yoast.com\/wordpress\/plugins\/seo\/ -->\n<title>Quelle Mercedes Classe C d&#039;occasion choisir? - Blog auto Carid\u00e9al<\/title>\n<meta name=\"description\" content=\"Le choix des Mercedes Classe C d&#039;occasion n&#039;est pas si large qu&#039;on pourrait le croire. Tout d&#039;abord, le diesel est sur-repr\u00e9sent\u00e9 et les bo\u00eetes automatiques\" \/>\n<meta name=\"robots\" content=\"index, follow, max-snippet:-1, max-image-preview:large, max-video-preview:-1\" \/>\n<link rel=\"canonical\" href=\"https:\/\/www.carideal.com\/blog\/2014\/06\/04\/quelle-mercedes-classe-c-doccasion-choisir\/\" \/>\n<meta property=\"og:locale\" content=\"fr_FR\" \/>\n<meta property=\"og:type\" content=\"article\" \/>\n<meta property=\"og:title\" content=\"Quelle Mercedes Classe C d&#039;occasion choisir? - Blog auto Carid\u00e9al\" \/>\n<meta property=\"og:description\" content=\"Le choix des Mercedes Classe C d&#039;occasion n&#039;est pas si large qu&#039;on pourrait le croire. Tout d&#039;abord, le diesel est sur-repr\u00e9sent\u00e9 et les bo\u00eetes automatiques\" \/>\n<meta property=\"og:url\" content=\"https:\/\/www.carideal.com\/blog\/2014\/06\/04\/quelle-mercedes-classe-c-doccasion-choisir\/\" \/>\n<meta property=\"og:site_name\" content=\"Blog auto Carid\u00e9al\" \/>\n<meta property=\"article:publisher\" content=\"https:\/\/www.facebook.com\/Carideal.mandataire.automobile\" \/>\n<meta property=\"article:author\" content=\"https:\/\/www.facebook.com\/Carideal.mandataire.automobile\/\" \/>\n<meta property=\"article:published_time\" content=\"2014-06-04T14:55:00+00:00\" \/>\n<meta property=\"article:modified_time\" content=\"2016-04-18T14:26:06+00:00\" \/>\n<meta property=\"og:image\" content=\"https:\/\/www.carideal.com\/blog\/wp-content\/uploads\/2016\/03\/logo-carideal-mandataire-automobile.png\" \/>\n\t<meta property=\"og:image:width\" content=\"300\" \/>\n\t<meta property=\"og:image:height\" content=\"300\" \/>\n\t<meta property=\"og:image:type\" content=\"image\/png\" \/>\n<meta name=\"author\" content=\"N.S Carideal\" \/>\n<meta name=\"twitter:card\" content=\"summary_large_image\" \/>\n<meta name=\"twitter:creator\" content=\"@caridealauto\" \/>\n<meta name=\"twitter:site\" content=\"@caridealauto\" \/>\n<meta name=\"twitter:label1\" content=\"\u00c9crit par\" \/>\n\t<meta name=\"twitter:data1\" content=\"N.S Carideal\" \/>\n\t<meta name=\"twitter:label2\" content=\"Dur\u00e9e de lecture estim\u00e9e\" \/>\n\t<meta name=\"twitter:data2\" content=\"2 minutes\" \/>\n<script type=\"application\/ld+json\" class=\"yoast-schema-graph\">{\"@context\":\"https:\/\/schema.org\",\"@graph\":[{\"@type\":\"Article\",\"@id\":\"https:\/\/www.carideal.com\/blog\/2014\/06\/04\/quelle-mercedes-classe-c-doccasion-choisir\/#article\",\"isPartOf\":{\"@id\":\"https:\/\/www.carideal.com\/blog\/2014\/06\/04\/quelle-mercedes-classe-c-doccasion-choisir\/\"},\"author\":{\"name\":\"N.S Carideal\",\"@id\":\"https:\/\/www.carideal.com\/blog\/#\/schema\/person\/985c7e757d1042d647f21bfaf8d41ebc\"},\"headline\":\"Quelle Mercedes Classe C d&rsquo;occasion choisir?\",\"datePublished\":\"2014-06-04T14:55:00+00:00\",\"dateModified\":\"2016-04-18T14:26:06+00:00\",\"mainEntityOfPage\":{\"@id\":\"https:\/\/www.carideal.com\/blog\/2014\/06\/04\/quelle-mercedes-classe-c-doccasion-choisir\/\"},\"wordCount\":364,\"publisher\":{\"@id\":\"https:\/\/www.carideal.com\/blog\/#organization\"},\"keywords\":[\"Fiabilit\u00e9 Voiture les autos les plus fiables\"],\"articleSection\":[\"Actualit\u00e9 Constructeur automobile\",\"Actualit\u00e9 Mercedes\",\"Essai Voiture Occasion\",\"March\u00e9 automobile\",\"Type de v\u00e9hicule\"],\"inLanguage\":\"fr-FR\"},{\"@type\":\"WebPage\",\"@id\":\"https:\/\/www.carideal.com\/blog\/2014\/06\/04\/quelle-mercedes-classe-c-doccasion-choisir\/\",\"url\":\"https:\/\/www.carideal.com\/blog\/2014\/06\/04\/quelle-mercedes-classe-c-doccasion-choisir\/\",\"name\":\"Quelle Mercedes Classe C d'occasion choisir? - Blog auto Carid\u00e9al\",\"isPartOf\":{\"@id\":\"https:\/\/www.carideal.com\/blog\/#website\"},\"datePublished\":\"2014-06-04T14:55:00+00:00\",\"dateModified\":\"2016-04-18T14:26:06+00:00\",\"description\":\"Le choix des Mercedes Classe C d'occasion n'est pas si large qu'on pourrait le croire. Tout d'abord, le diesel est sur-repr\u00e9sent\u00e9 et les bo\u00eetes automatiques\",\"breadcrumb\":{\"@id\":\"https:\/\/www.carideal.com\/blog\/2014\/06\/04\/quelle-mercedes-classe-c-doccasion-choisir\/#breadcrumb\"},\"inLanguage\":\"fr-FR\",\"potentialAction\":[{\"@type\":\"ReadAction\",\"target\":[\"https:\/\/www.carideal.com\/blog\/2014\/06\/04\/quelle-mercedes-classe-c-doccasion-choisir\/\"]}]},{\"@type\":\"BreadcrumbList\",\"@id\":\"https:\/\/www.carideal.com\/blog\/2014\/06\/04\/quelle-mercedes-classe-c-doccasion-choisir\/#breadcrumb\",\"itemListElement\":[{\"@type\":\"ListItem\",\"position\":1,\"name\":\"Blog Carid\u00e9al\",\"item\":\"https:\/\/www.carideal.com\/blog\/\"},{\"@type\":\"ListItem\",\"position\":2,\"name\":\"March\u00e9 automobile\",\"item\":\"https:\/\/www.carideal.com\/blog\/marche-automobile-voiture-neuve-occasion-4x4-suv\/\"},{\"@type\":\"ListItem\",\"position\":3,\"name\":\"Quelle Mercedes Classe C d&rsquo;occasion choisir?\"}]},{\"@type\":\"WebSite\",\"@id\":\"https:\/\/www.carideal.com\/blog\/#website\",\"url\":\"https:\/\/www.carideal.com\/blog\/\",\"name\":\"Blog auto Carid\u00e9al\",\"description\":\"Actualit\u00e9 auto par des passionn\u00e9s\",\"publisher\":{\"@id\":\"https:\/\/www.carideal.com\/blog\/#organization\"},\"potentialAction\":[{\"@type\":\"SearchAction\",\"target\":{\"@type\":\"EntryPoint\",\"urlTemplate\":\"https:\/\/www.carideal.com\/blog\/?s={search_term_string}\"},\"query-input\":{\"@type\":\"PropertyValueSpecification\",\"valueRequired\":true,\"valueName\":\"search_term_string\"}}],\"inLanguage\":\"fr-FR\"},{\"@type\":\"Organization\",\"@id\":\"https:\/\/www.carideal.com\/blog\/#organization\",\"name\":\"Carideal\",\"url\":\"https:\/\/www.carideal.com\/blog\/\",\"logo\":{\"@type\":\"ImageObject\",\"inLanguage\":\"fr-FR\",\"@id\":\"https:\/\/www.carideal.com\/blog\/#\/schema\/logo\/image\/\",\"url\":\"http:\/\/www.carideal.com\/blog\/wp-content\/uploads\/2016\/03\/logo-carideal-mandataire-automobile.png\",\"contentUrl\":\"http:\/\/www.carideal.com\/blog\/wp-content\/uploads\/2016\/03\/logo-carideal-mandataire-automobile.png\",\"width\":300,\"height\":300,\"caption\":\"Carideal\"},\"image\":{\"@id\":\"https:\/\/www.carideal.com\/blog\/#\/schema\/logo\/image\/\"},\"sameAs\":[\"https:\/\/www.facebook.com\/Carideal.mandataire.automobile\",\"https:\/\/x.com\/caridealauto\",\"https:\/\/www.instagram.com\/carideal1\/\",\"https:\/\/www.linkedin.com\/company\/carideal.com\",\"https:\/\/fr.pinterest.com\/schiavonsas\/\",\"https:\/\/www.youtube.com\/user\/caridealsas\"]},{\"@type\":\"Person\",\"@id\":\"https:\/\/www.carideal.com\/blog\/#\/schema\/person\/985c7e757d1042d647f21bfaf8d41ebc\",\"name\":\"N.S Carideal\",\"image\":{\"@type\":\"ImageObject\",\"inLanguage\":\"fr-FR\",\"@id\":\"https:\/\/www.carideal.com\/blog\/#\/schema\/person\/image\/\",\"url\":\"https:\/\/secure.gravatar.com\/avatar\/edb7ccdf1a4e3d14aef967760d354d0e?s=96&r=g\",\"contentUrl\":\"https:\/\/secure.gravatar.com\/avatar\/edb7ccdf1a4e3d14aef967760d354d0e?s=96&r=g\",\"caption\":\"N.S Carideal\"},\"description\":\"Depuis tout petit fan d'automobile. Il est question d'essayer et de comparer toutes ces voitures qui nous ont fait r\u00e9ver, avant que celles-ci ne devient uniquement des voitures de collection.\",\"sameAs\":[\"http:\/\/www.carideal.com\/blog\",\"https:\/\/www.facebook.com\/Carideal.mandataire.automobile\/\",\"https:\/\/www.linkedin.com\/in\/nschiavon\/\",\"https:\/\/www.youtube.com\/user\/caridealsas\/\"],\"url\":\"https:\/\/www.carideal.com\/blog\/author\/admin_carideal\/\"}]}<\/script>\n<!-- \/ Yoast SEO plugin. -->","yoast_head_json":{"title":"Quelle Mercedes Classe C d'occasion choisir? - Blog auto Carid\u00e9al","description":"Le choix des Mercedes Classe C d'occasion n'est pas si large qu'on pourrait le croire. Tout d'abord, le diesel est sur-repr\u00e9sent\u00e9 et les bo\u00eetes automatiques","robots":{"index":"index","follow":"follow","max-snippet":"max-snippet:-1","max-image-preview":"max-image-preview:large","max-video-preview":"max-video-preview:-1"},"canonical":"https:\/\/www.carideal.com\/blog\/2014\/06\/04\/quelle-mercedes-classe-c-doccasion-choisir\/","og_locale":"fr_FR","og_type":"article","og_title":"Quelle Mercedes Classe C d'occasion choisir? - Blog auto Carid\u00e9al","og_description":"Le choix des Mercedes Classe C d'occasion n'est pas si large qu'on pourrait le croire. Tout d'abord, le diesel est sur-repr\u00e9sent\u00e9 et les bo\u00eetes automatiques","og_url":"https:\/\/www.carideal.com\/blog\/2014\/06\/04\/quelle-mercedes-classe-c-doccasion-choisir\/","og_site_name":"Blog auto Carid\u00e9al","article_publisher":"https:\/\/www.facebook.com\/Carideal.mandataire.automobile","article_author":"https:\/\/www.facebook.com\/Carideal.mandataire.automobile\/","article_published_time":"2014-06-04T14:55:00+00:00","article_modified_time":"2016-04-18T14:26:06+00:00","og_image":[{"width":300,"height":300,"url":"https:\/\/www.carideal.com\/blog\/wp-content\/uploads\/2016\/03\/logo-carideal-mandataire-automobile.png","type":"image\/png"}],"author":"N.S Carideal","twitter_card":"summary_large_image","twitter_creator":"@caridealauto","twitter_site":"@caridealauto","twitter_misc":{"\u00c9crit par":"N.S Carideal","Dur\u00e9e de lecture estim\u00e9e":"2 minutes"},"schema":{"@context":"https:\/\/schema.org","@graph":[{"@type":"Article","@id":"https:\/\/www.carideal.com\/blog\/2014\/06\/04\/quelle-mercedes-classe-c-doccasion-choisir\/#article","isPartOf":{"@id":"https:\/\/www.carideal.com\/blog\/2014\/06\/04\/quelle-mercedes-classe-c-doccasion-choisir\/"},"author":{"name":"N.S Carideal","@id":"https:\/\/www.carideal.com\/blog\/#\/schema\/person\/985c7e757d1042d647f21bfaf8d41ebc"},"headline":"Quelle Mercedes Classe C d&rsquo;occasion choisir?","datePublished":"2014-06-04T14:55:00+00:00","dateModified":"2016-04-18T14:26:06+00:00","mainEntityOfPage":{"@id":"https:\/\/www.carideal.com\/blog\/2014\/06\/04\/quelle-mercedes-classe-c-doccasion-choisir\/"},"wordCount":364,"publisher":{"@id":"https:\/\/www.carideal.com\/blog\/#organization"},"keywords":["Fiabilit\u00e9 Voiture les autos les plus fiables"],"articleSection":["Actualit\u00e9 Constructeur automobile","Actualit\u00e9 Mercedes","Essai Voiture Occasion","March\u00e9 automobile","Type de v\u00e9hicule"],"inLanguage":"fr-FR"},{"@type":"WebPage","@id":"https:\/\/www.carideal.com\/blog\/2014\/06\/04\/quelle-mercedes-classe-c-doccasion-choisir\/","url":"https:\/\/www.carideal.com\/blog\/2014\/06\/04\/quelle-mercedes-classe-c-doccasion-choisir\/","name":"Quelle Mercedes Classe C d'occasion choisir? - Blog auto Carid\u00e9al","isPartOf":{"@id":"https:\/\/www.carideal.com\/blog\/#website"},"datePublished":"2014-06-04T14:55:00+00:00","dateModified":"2016-04-18T14:26:06+00:00","description":"Le choix des Mercedes Classe C d'occasion n'est pas si large qu'on pourrait le croire. Tout d'abord, le diesel est sur-repr\u00e9sent\u00e9 et les bo\u00eetes automatiques","breadcrumb":{"@id":"https:\/\/www.carideal.com\/blog\/2014\/06\/04\/quelle-mercedes-classe-c-doccasion-choisir\/#breadcrumb"},"inLanguage":"fr-FR","potentialAction":[{"@type":"ReadAction","target":["https:\/\/www.carideal.com\/blog\/2014\/06\/04\/quelle-mercedes-classe-c-doccasion-choisir\/"]}]},{"@type":"BreadcrumbList","@id":"https:\/\/www.carideal.com\/blog\/2014\/06\/04\/quelle-mercedes-classe-c-doccasion-choisir\/#breadcrumb","itemListElement":[{"@type":"ListItem","position":1,"name":"Blog Carid\u00e9al","item":"https:\/\/www.carideal.com\/blog\/"},{"@type":"ListItem","position":2,"name":"March\u00e9 automobile","item":"https:\/\/www.carideal.com\/blog\/marche-automobile-voiture-neuve-occasion-4x4-suv\/"},{"@type":"ListItem","position":3,"name":"Quelle Mercedes Classe C d&rsquo;occasion choisir?"}]},{"@type":"WebSite","@id":"https:\/\/www.carideal.com\/blog\/#website","url":"https:\/\/www.carideal.com\/blog\/","name":"Blog auto Carid\u00e9al","description":"Actualit\u00e9 auto par des passionn\u00e9s","publisher":{"@id":"https:\/\/www.carideal.com\/blog\/#organization"},"potentialAction":[{"@type":"SearchAction","target":{"@type":"EntryPoint","urlTemplate":"https:\/\/www.carideal.com\/blog\/?s={search_term_string}"},"query-input":{"@type":"PropertyValueSpecification","valueRequired":true,"valueName":"search_term_string"}}],"inLanguage":"fr-FR"},{"@type":"Organization","@id":"https:\/\/www.carideal.com\/blog\/#organization","name":"Carideal","url":"https:\/\/www.carideal.com\/blog\/","logo":{"@type":"ImageObject","inLanguage":"fr-FR","@id":"https:\/\/www.carideal.com\/blog\/#\/schema\/logo\/image\/","url":"http:\/\/www.carideal.com\/blog\/wp-content\/uploads\/2016\/03\/logo-carideal-mandataire-automobile.png","contentUrl":"http:\/\/www.carideal.com\/blog\/wp-content\/uploads\/2016\/03\/logo-carideal-mandataire-automobile.png","width":300,"height":300,"caption":"Carideal"},"image":{"@id":"https:\/\/www.carideal.com\/blog\/#\/schema\/logo\/image\/"},"sameAs":["https:\/\/www.facebook.com\/Carideal.mandataire.automobile","https:\/\/x.com\/caridealauto","https:\/\/www.instagram.com\/carideal1\/","https:\/\/www.linkedin.com\/company\/carideal.com","https:\/\/fr.pinterest.com\/schiavonsas\/","https:\/\/www.youtube.com\/user\/caridealsas"]},{"@type":"Person","@id":"https:\/\/www.carideal.com\/blog\/#\/schema\/person\/985c7e757d1042d647f21bfaf8d41ebc","name":"N.S Carideal","image":{"@type":"ImageObject","inLanguage":"fr-FR","@id":"https:\/\/www.carideal.com\/blog\/#\/schema\/person\/image\/","url":"https:\/\/secure.gravatar.com\/avatar\/edb7ccdf1a4e3d14aef967760d354d0e?s=96&r=g","contentUrl":"https:\/\/secure.gravatar.com\/avatar\/edb7ccdf1a4e3d14aef967760d354d0e?s=96&r=g","caption":"N.S Carideal"},"description":"Depuis tout petit fan d'automobile. Il est question d'essayer et de comparer toutes ces voitures qui nous ont fait r\u00e9ver, avant que celles-ci ne devient uniquement des voitures de collection.","sameAs":["http:\/\/www.carideal.com\/blog","https:\/\/www.facebook.com\/Carideal.mandataire.automobile\/","https:\/\/www.linkedin.com\/in\/nschiavon\/","https:\/\/www.youtube.com\/user\/caridealsas\/"],"url":"https:\/\/www.carideal.com\/blog\/author\/admin_carideal\/"}]}},"uagb_featured_image_src":{"full":false,"thumbnail":false,"medium":false,"medium_large":false,"large":false,"1536x1536":false,"2048x2048":false,"wppr-widget":false},"uagb_author_info":{"display_name":"N.S Carideal","author_link":"https:\/\/www.carideal.com\/blog\/author\/admin_carideal\/"},"uagb_comment_info":0,"uagb_excerpt":"Quelle Mercedes Classe C d'occasion choisir? Le choix des Mercedes Classe C d'occasion n'est pas si large qu'on pourrait le croire. Tout d'abord, le diesel est sur-repr\u00e9sent\u00e9 et les bo\u00eetes automatiques repr\u00e9sentent la moiti\u00e9 des ventes de Mercedes Classe C d'occasion, alors que la transmission 4matic est presque inexistante. Pendant longtemps les berlines Mercedes se\u2026","_links":{"self":[{"href":"https:\/\/www.carideal.com\/blog\/wp-json\/wp\/v2\/posts\/1537"}],"collection":[{"href":"https:\/\/www.carideal.com\/blog\/wp-json\/wp\/v2\/posts"}],"about":[{"href":"https:\/\/www.carideal.com\/blog\/wp-json\/wp\/v2\/types\/post"}],"author":[{"embeddable":true,"href":"https:\/\/www.carideal.com\/blog\/wp-json\/wp\/v2\/users\/1"}],"replies":[{"embeddable":true,"href":"https:\/\/www.carideal.com\/blog\/wp-json\/wp\/v2\/comments?post=1537"}],"version-history":[{"count":0,"href":"https:\/\/www.carideal.com\/blog\/wp-json\/wp\/v2\/posts\/1537\/revisions"}],"wp:attachment":[{"href":"https:\/\/www.carideal.com\/blog\/wp-json\/wp\/v2\/media?parent=1537"}],"wp:term":[{"taxonomy":"category","embeddable":true,"href":"https:\/\/www.carideal.com\/blog\/wp-json\/wp\/v2\/categories?post=1537"},{"taxonomy":"post_tag","embeddable":true,"href":"https:\/\/www.carideal.com\/blog\/wp-json\/wp\/v2\/tags?post=1537"}],"curies":[{"name":"wp","href":"https:\/\/api.w.org\/{rel}","templated":true}]}}