{"id":1536,"date":"2014-06-03T09:12:00","date_gmt":"2014-06-03T09:12:00","guid":{"rendered":"http:\/\/carideal.com\/blog\/?p=1536"},"modified":"2017-11-26T12:10:01","modified_gmt":"2017-11-26T11:10:01","slug":"volkswagen-e-up","status":"publish","type":"post","link":"https:\/\/www.carideal.com\/blog\/2014\/06\/03\/volkswagen-e-up\/","title":{"rendered":"Volkswagen e-up! 2014 : essai"},"content":{"rendered":"<h1>La Volkswagen e-up! 2014<\/h1>\n<p>La Volkswagen e-up! 2014 est une <a href=\"http:\/\/www.carideal.com\/blog\/technologie-2\/electrique-technologie-2\/\">voiture \u00e9lectrique<\/a> pr\u00e9vue pour une autonomie de 120 km environ. Son frein moteur est param\u00e9trable sur 4 niveaux et arrive presque \u00e0 se passer de freinage. Cette petite voiture est vivace en ville et poss\u00e8de une bonne acc\u00e9l\u00e9ration, son braquage est riquiqui. Les relances sont \u00e9nergiques et tr\u00e8s silencieuses.<br \/>\nLa\u00a0<strong>Volkswagen e-up\u00a02014<\/strong> est pratique, petite elle passe de partout et se gare tr\u00e8s facilement. De plus, gr\u00e2ce \u00e0 ces batteries log\u00e9es entre les 2 essieux il n'y a pas de perte de place.<br \/>\n<a href=\"http:\/\/www.carideal.com\/blog\/marque-de-voiture-actualites-essais\/volkswagen\/\">Volkswagen<\/a> cr\u00e9\u00e9 ici un v\u00e9hicule agr\u00e9able et bien pens\u00e9 malheureusement les prix sont un peu excessifs.<br \/>\nCompar\u00e9 \u00e0 la Renault Zo\u00e9 la Volkswagen e-up! est plus cher mais au moins les batteries n'ont pas besoin d'\u00eatre lou\u00e9, autre inconv\u00e9nient la Zo\u00e9 a besoin de point de chargements sp\u00e9ciaux. Elle reste tout de m\u00eame plus grande que la Volkswagen e-up avec un espace \u00e0 l'arri\u00e8re confortable et une autonomie sup\u00e9rieure.<\/p>\n<figure id=\"attachment_16612\" aria-describedby=\"caption-attachment-16612\" style=\"width: 590px\" class=\"wp-caption alignnone\"><a href=\"http:\/\/www.carideal.com\/blog\/wp-content\/uploads\/2014\/06\/Volkswagen_e-Up-2014-e1511693793912.jpg\"><img loading=\"lazy\" decoding=\"async\" class=\"size-full wp-image-16612\" src=\"http:\/\/www.carideal.com\/blog\/wp-content\/uploads\/2014\/06\/Volkswagen_e-Up-2014-e1511693793912.jpg\" alt=\"Volkswagen e-up 2014 sur sa borne de recharge\" width=\"600\" height=\"383\" \/><\/a><figcaption id=\"caption-attachment-16612\" class=\"wp-caption-text\">Volkswagen e-up 2014 sur sa borne de recharge<\/figcaption><\/figure>\n<p>La citadine \u00e9lectrique e-Up! 2014 de Volkswagen pourrait \u00eatre tr\u00e8s amusante \u00e0 conduire, mais elle ne va pas satisfaire les cyniques de voitures \u00e9lectriques<br \/>\n\u00abIl n'y a pas de\u00a0r\u00e9alit\u00e9 \u00e9conomique pour une voiture \u00e9lectrique comme la nouvelle Volkwagen e-Up! 2014 sur le march\u00e9 actuel.\u00bb Vous pouvez entendre ce type de conversation tout le temps parmi les observateurs neutres de l'industrie automobile. Il s'agit presque d'un axiome universel parmi les\u00a0r\u00e9dacteurs automobiles - m\u00eame s'il est enti\u00e8rement oppos\u00e9 aux d\u00e9terminations de l'establishment politique et environnemental.<br \/>\nIl \u00e9tait donc un peu difficile d'entendre exactement ces paroles prononc\u00e9es par un cadre sup\u00e9rieur de Volkswagen, surtout \u00e0 l'occasion de notre rencontre avec le lancement de la derni\u00e8re voiture \u00e9lectrique de Volkswagen, la nouvelle e-Up! 2014.<br \/>\nJe demandais \u00e0 cet homme de chiffrer le montant\u00a0en euro\u00a0qu'un client devrait \u00e9conomiser en carburant \u00e0 la pompe pour compenser le prix stup\u00e9fiant qui doit \u00eatre pay\u00e9e pour cette voiture \u00e9lectrique (la Volkswagen e-Up! 2014 co\u00fbte\u00a0 24 250\u20ac), en excluant la prime de 4000\u00a0euros que le gouvernement glisse dans la poche arri\u00e8re de tout acheteur d'une voiture \u00e9lectrique, la norme Up est au prix de 8265\u20ac - 11920\u20ac)<\/p>\n<p>Il a tressailli. \"Eh bien, c'est beaucoup d'essence, n'est-ce pas ? Vous ne verriez probablement jamais votre argent de cette fa\u00e7on. Et puis, bien s\u00fbr, il y a la question de la d\u00e9pr\u00e9ciation. La batterie est garantie pendant huit ans ou\u00a0159000 km, mais personne ne sait\u00a0quelle \u00e2ge\u00a0elle aura \u00e0 la fin de cette p\u00e9riode, il est donc impossible de pr\u00e9dire combien la voiture vaudra alors.<br \/>\n<iframe loading=\"lazy\" src=\"https:\/\/www.youtube.com\/embed\/IGeuX5kVZ7g\" width=\"560\" height=\"315\" frameborder=\"0\" allowfullscreen=\"allowfullscreen\"><\/iframe><\/p>\n<p>\"C'est la principale raison pour laquelle l'adoption des voitures \u00e9lectriques a \u00e9t\u00e9 si d\u00e9cevante\". Coup de chapeau pour cette franchise admirable. Si seulement il pouvait \u00eatre imit\u00e9 dans les parlements et les bureaux du gouvernement (tels que le maire de Paris) o\u00f9 le favoritisme pour les voitures \u00e9lectriques est si fixe qu'il \u00e9quivaut \u00e0 ce qui pourrait \u00eatre d\u00e9crit comme un pr\u00e9jug\u00e9 aveugle et ignorant.<br \/>\nIl peut y avoir peu de justification \u00e9conomique pour la\u00a0Volkswagen e-Up!, mais il est tr\u00e8s regrettable que cela n'ait aucun sens pour une personne priv\u00e9e d'en acheter une. La Volkswagen e-Up! 2014 est, en effet, une petite voiture miraculeuse qui m\u00e9rite d'\u00eatre appr\u00e9ci\u00e9e par un public plus large qu'un petit cercle\u00a0de r\u00e9dacteur g\u00e2t\u00e9s et endurcis. La m\u00eame chose vaut, \u00e0 parts \u00e9gales, pour la Nissan Leaf \u00e9lectrique, qu'on peut\u00a0garder \u00e0 la maison pendant un an et en profiter tous les jours.<\/p>\n<p>La petite citadine\u00a0Volkswagen\u00a0e-Up! 2014 est l'une des conceptions les plus scintillantes des g\u00e9nies du design pr\u00e9sidentiel de Volkswagen, Walter de Silva et Klaus Bischoff, et m\u00e9ritait d'\u00eatre\u00a0la meilleur voiture de 2012, quand elle a \u00e9t\u00e9 introduite.<br \/>\nPour le confort, l'\u00e9conomie, la praticit\u00e9 et le plaisir de conduire, il a assomm\u00e9 les\u00a0concurrents pr\u00e9existantes. Il \u00e9tait l\u00e9g\u00e8rement mal \u00e0 l'aise dans sa\u00a0conduite et moins que dynamique dans sa performance, mais son caract\u00e8re\u00a0gai\u00a0et\u00a0un grand coffre compense\u00a0ces imperfections.<br \/>\nLa nouvelle version \u00e9lectrique richement \u00e9quip\u00e9e et accessoiris\u00e9e \u00e9limine les deux d\u00e9fauts. Sa batterie au lithium-ion de 18,7 kW ajoute 230kg au poids total\u00a0de la\u00a0Up mais, au lieu d'alourdir son corps et de faire patauger la voiture comme une mamelle trop volumineuse, la batterie donne \u00e0 l'e-Up un fond ferme dans les virages. Il y a tellement de couple ou de puissance de traction que la Volkswagen e-Up! 2014 acc\u00e9l\u00e8re assez rapidement entre\u00a090 et\u00a0110\u00a0km\/hh sur les autoroutes.<\/p>\n<figure id=\"attachment_16613\" aria-describedby=\"caption-attachment-16613\" style=\"width: 590px\" class=\"wp-caption alignnone\"><a href=\"http:\/\/www.carideal.com\/blog\/wp-content\/uploads\/2014\/06\/Volkswagen_e-Up-2014-2-e1511694037813.jpg\"><img loading=\"lazy\" decoding=\"async\" class=\"size-full wp-image-16613\" src=\"http:\/\/www.carideal.com\/blog\/wp-content\/uploads\/2014\/06\/Volkswagen_e-Up-2014-2-e1511694037813.jpg\" alt=\"Tableau de bord et compteur de la Volkswagen e-up! 2014\" width=\"600\" height=\"385\" \/><\/a><figcaption id=\"caption-attachment-16613\" class=\"wp-caption-text\">Tableau de bord et compteur de la Volkswagen e-up! 2014<\/figcaption><\/figure>\n<p>Le probl\u00e8me est que, lorsque vous posez votre pied sur l'autoroute, l'indicateur d'autonomie se d\u00e9gonfle comme un ballon de f\u00eate \u00e0 la d\u00e9rive dans une bougie allum\u00e9e. L'autonomie apparente apr\u00e8s que la batterie a \u00e9t\u00e9 compl\u00e8tement charg\u00e9e pendant neuf heures devrait \u00eatre d'environ 150 km, mais le maintien de vitesses raisonnables m\u00eame bri\u00e8vement sur les routes \u00e0 deux voies que nous avons emprunt\u00e9s pour un essai a\u00a0explos\u00e9 ce chiffre. Apr\u00e8s\u00a059\u00a0kilom\u00e8tres au volant, l'indicateur de distance indiquait seulement\u00a056 km \u00e0 gauche.<br \/>\nCe n'est donc pas seulement un cas \u00e9conomique qui manque\u00a0\u00e0 cette Volkswagen e-Up! 2014 ; c'est aussi une forme d'utilit\u00e9 en tant que moyen de transport \u00e0 l'ext\u00e9rieur d'un rayon d'environ\u00a020 km de rues urbaines. H\u00e9las.<\/p>\n<h2>LES\u00a0CARACTERISTIQUES DE LA\u00a0Volkswagen E-Up! 2014<\/h2>\n<p><strong>Moteur<\/strong> :\u00a0 batterie lithium-ion 18.7 kWh alimentant le moteur \u00e9lectrique synchrone avec transmission \u00e0 une vitesse entra\u00eenant les roues avant<br \/>\n<strong>Prix \u00e0 la vente<\/strong> : 19250 \u20ac y compris 5 000\u00a0\u20ac de\u00a0de bonus \u00e9cologique du gouvernement<br \/>\n<strong>Puissance \/ couple<\/strong>: 81 ch \/\u00a0210 Nm<br \/>\n<strong>Vitesse maximale\u00a0<\/strong>:\u00a0131 km\/h<br \/>\n<strong>Acc\u00e9l\u00e9ration<\/strong> : 0-100 km\/h en 12.4sec<br \/>\n<strong>Autonomie<\/strong> : jusqu'\u00e0\u00a0158 km sur une charge compl\u00e8te<br \/>\n<strong>\u00c9missions de CO2<\/strong>: 0g \/ km<br \/>\n<strong>Verdict<\/strong> : Merveilleuse plaisir \u00e0 conduire et tr\u00e8s bien emball\u00e9, mais trop cher et pas encore une voiture viable pour la plupart des gens<\/p>\n","protected":false},"excerpt":{"rendered":"<p>La Volkswagen e-up! 2014 La Volkswagen e-up! 2014 est une voiture \u00e9lectrique pr\u00e9vue pour une autonomie de 120 km environ. Son frein moteur est param\u00e9trable sur 4 niveaux et arrive presque \u00e0 se passer de freinage. Cette petite voiture est vivace en ville et poss\u00e8de une bonne acc\u00e9l\u00e9ration, son braquage est riquiqui. Les relances sont &#8230; <a title=\"Volkswagen e-up! 2014 : essai\" class=\"read-more\" href=\"https:\/\/www.carideal.com\/blog\/2014\/06\/03\/volkswagen-e-up\/\" aria-label=\"En savoir plus sur Volkswagen e-up! 2014 : essai\">Lire plus<\/a><\/p>\n","protected":false},"author":1,"featured_media":16606,"comment_status":"open","ping_status":"open","sticky":false,"template":"","format":"standard","meta":{"_uag_custom_page_level_css":"","_themeisle_gutenberg_block_has_review":false,"footnotes":""},"categories":[21,5944,5985,6022,5080,5974,5970],"tags":[],"class_list":["post-1536","post","type-post","status-publish","format-standard","has-post-thumbnail","hentry","category-actualites-auto","category-constructeur","category-volkswagen","category-microcar","category-technologie-2","category-type-de-vehicule","category-electrique-technologie-2"],"wppr_data":{"cwp_meta_box_check":"No"},"yoast_head":"<!-- This site is optimized with the Yoast SEO plugin v24.8.1 - https:\/\/yoast.com\/wordpress\/plugins\/seo\/ -->\n<title>Volkswagen e-up! 2014 : essai - Blog auto Carid\u00e9al<\/title>\n<meta name=\"description\" content=\"La citadine \u00e9lectrique Volkswagen e-up! 2014 pourrait \u00eatre tr\u00e8s amusante \u00e0 conduire, mais elle ne va pas satisfaire les cyniques de voitures \u00e9lectriques\" \/>\n<meta name=\"robots\" content=\"index, follow, max-snippet:-1, max-image-preview:large, max-video-preview:-1\" \/>\n<link rel=\"canonical\" href=\"https:\/\/www.carideal.com\/blog\/2014\/06\/03\/volkswagen-e-up\/\" \/>\n<meta property=\"og:locale\" content=\"fr_FR\" \/>\n<meta property=\"og:type\" content=\"article\" \/>\n<meta property=\"og:title\" content=\"Volkswagen e-up! 2014 : essai - Blog auto Carid\u00e9al\" \/>\n<meta property=\"og:description\" content=\"La citadine \u00e9lectrique Volkswagen e-up! 2014 pourrait \u00eatre tr\u00e8s amusante \u00e0 conduire, mais elle ne va pas satisfaire les cyniques de voitures \u00e9lectriques\" \/>\n<meta property=\"og:url\" content=\"https:\/\/www.carideal.com\/blog\/2014\/06\/03\/volkswagen-e-up\/\" \/>\n<meta property=\"og:site_name\" content=\"Blog auto Carid\u00e9al\" \/>\n<meta property=\"article:publisher\" content=\"https:\/\/www.facebook.com\/Carideal.mandataire.automobile\" \/>\n<meta property=\"article:author\" content=\"https:\/\/www.facebook.com\/Carideal.mandataire.automobile\/\" \/>\n<meta property=\"article:published_time\" content=\"2014-06-03T09:12:00+00:00\" \/>\n<meta property=\"article:modified_time\" content=\"2017-11-26T11:10:01+00:00\" \/>\n<meta property=\"og:image\" content=\"https:\/\/www.carideal.com\/blog\/wp-content\/uploads\/2014\/06\/volkswagen-e-up-2014-carideal-mandataire-automobile_m.jpg\" \/>\n\t<meta property=\"og:image:width\" content=\"448\" \/>\n\t<meta property=\"og:image:height\" content=\"297\" \/>\n\t<meta property=\"og:image:type\" content=\"image\/jpeg\" \/>\n<meta name=\"author\" content=\"N.S Carideal\" \/>\n<meta name=\"twitter:card\" content=\"summary_large_image\" \/>\n<meta name=\"twitter:creator\" content=\"@caridealauto\" \/>\n<meta name=\"twitter:site\" content=\"@caridealauto\" \/>\n<meta name=\"twitter:label1\" content=\"\u00c9crit par\" \/>\n\t<meta name=\"twitter:data1\" content=\"N.S Carideal\" \/>\n\t<meta name=\"twitter:label2\" content=\"Dur\u00e9e de lecture estim\u00e9e\" \/>\n\t<meta name=\"twitter:data2\" content=\"5 minutes\" \/>\n<script type=\"application\/ld+json\" class=\"yoast-schema-graph\">{\"@context\":\"https:\/\/schema.org\",\"@graph\":[{\"@type\":\"Article\",\"@id\":\"https:\/\/www.carideal.com\/blog\/2014\/06\/03\/volkswagen-e-up\/#article\",\"isPartOf\":{\"@id\":\"https:\/\/www.carideal.com\/blog\/2014\/06\/03\/volkswagen-e-up\/\"},\"author\":{\"name\":\"N.S Carideal\",\"@id\":\"https:\/\/www.carideal.com\/blog\/#\/schema\/person\/985c7e757d1042d647f21bfaf8d41ebc\"},\"headline\":\"Volkswagen e-up! 2014 : essai\",\"datePublished\":\"2014-06-03T09:12:00+00:00\",\"dateModified\":\"2017-11-26T11:10:01+00:00\",\"mainEntityOfPage\":{\"@id\":\"https:\/\/www.carideal.com\/blog\/2014\/06\/03\/volkswagen-e-up\/\"},\"wordCount\":1010,\"commentCount\":0,\"publisher\":{\"@id\":\"https:\/\/www.carideal.com\/blog\/#organization\"},\"image\":{\"@id\":\"https:\/\/www.carideal.com\/blog\/2014\/06\/03\/volkswagen-e-up\/#primaryimage\"},\"thumbnailUrl\":\"https:\/\/www.carideal.com\/blog\/wp-content\/uploads\/2014\/06\/volkswagen-e-up-2014-carideal-mandataire-automobile_m.jpg\",\"articleSection\":[\"Actualit\u00e9 automobile\",\"Actualit\u00e9 Constructeur automobile\",\"Actualit\u00e9 Volkswagen\",\"Microcar\",\"Technologie Automobile\",\"Type de v\u00e9hicule\",\"Voiture \u00e9lectrique\"],\"inLanguage\":\"fr-FR\",\"potentialAction\":[{\"@type\":\"CommentAction\",\"name\":\"Comment\",\"target\":[\"https:\/\/www.carideal.com\/blog\/2014\/06\/03\/volkswagen-e-up\/#respond\"]}]},{\"@type\":\"WebPage\",\"@id\":\"https:\/\/www.carideal.com\/blog\/2014\/06\/03\/volkswagen-e-up\/\",\"url\":\"https:\/\/www.carideal.com\/blog\/2014\/06\/03\/volkswagen-e-up\/\",\"name\":\"Volkswagen e-up! 2014 : essai - Blog auto Carid\u00e9al\",\"isPartOf\":{\"@id\":\"https:\/\/www.carideal.com\/blog\/#website\"},\"primaryImageOfPage\":{\"@id\":\"https:\/\/www.carideal.com\/blog\/2014\/06\/03\/volkswagen-e-up\/#primaryimage\"},\"image\":{\"@id\":\"https:\/\/www.carideal.com\/blog\/2014\/06\/03\/volkswagen-e-up\/#primaryimage\"},\"thumbnailUrl\":\"https:\/\/www.carideal.com\/blog\/wp-content\/uploads\/2014\/06\/volkswagen-e-up-2014-carideal-mandataire-automobile_m.jpg\",\"datePublished\":\"2014-06-03T09:12:00+00:00\",\"dateModified\":\"2017-11-26T11:10:01+00:00\",\"description\":\"La citadine \u00e9lectrique Volkswagen e-up! 2014 pourrait \u00eatre tr\u00e8s amusante \u00e0 conduire, mais elle ne va pas satisfaire les cyniques de voitures \u00e9lectriques\",\"breadcrumb\":{\"@id\":\"https:\/\/www.carideal.com\/blog\/2014\/06\/03\/volkswagen-e-up\/#breadcrumb\"},\"inLanguage\":\"fr-FR\",\"potentialAction\":[{\"@type\":\"ReadAction\",\"target\":[\"https:\/\/www.carideal.com\/blog\/2014\/06\/03\/volkswagen-e-up\/\"]}]},{\"@type\":\"ImageObject\",\"inLanguage\":\"fr-FR\",\"@id\":\"https:\/\/www.carideal.com\/blog\/2014\/06\/03\/volkswagen-e-up\/#primaryimage\",\"url\":\"https:\/\/www.carideal.com\/blog\/wp-content\/uploads\/2014\/06\/volkswagen-e-up-2014-carideal-mandataire-automobile_m.jpg\",\"contentUrl\":\"https:\/\/www.carideal.com\/blog\/wp-content\/uploads\/2014\/06\/volkswagen-e-up-2014-carideal-mandataire-automobile_m.jpg\",\"width\":448,\"height\":297,\"caption\":\"Volkswagen e-UP 2014\"},{\"@type\":\"BreadcrumbList\",\"@id\":\"https:\/\/www.carideal.com\/blog\/2014\/06\/03\/volkswagen-e-up\/#breadcrumb\",\"itemListElement\":[{\"@type\":\"ListItem\",\"position\":1,\"name\":\"Blog Carid\u00e9al\",\"item\":\"https:\/\/www.carideal.com\/blog\/\"},{\"@type\":\"ListItem\",\"position\":2,\"name\":\"Actualit\u00e9 constructeur automobile\",\"item\":\"https:\/\/www.carideal.com\/blog\/constructeur\/\"},{\"@type\":\"ListItem\",\"position\":3,\"name\":\"Actualit\u00e9 Volkswagen\",\"item\":\"https:\/\/www.carideal.com\/blog\/constructeur\/volkswagen\/\"},{\"@type\":\"ListItem\",\"position\":4,\"name\":\"Volkswagen e-up! 2014 : essai\"}]},{\"@type\":\"WebSite\",\"@id\":\"https:\/\/www.carideal.com\/blog\/#website\",\"url\":\"https:\/\/www.carideal.com\/blog\/\",\"name\":\"Blog auto Carid\u00e9al\",\"description\":\"Actualit\u00e9 auto par des passionn\u00e9s\",\"publisher\":{\"@id\":\"https:\/\/www.carideal.com\/blog\/#organization\"},\"potentialAction\":[{\"@type\":\"SearchAction\",\"target\":{\"@type\":\"EntryPoint\",\"urlTemplate\":\"https:\/\/www.carideal.com\/blog\/?s={search_term_string}\"},\"query-input\":{\"@type\":\"PropertyValueSpecification\",\"valueRequired\":true,\"valueName\":\"search_term_string\"}}],\"inLanguage\":\"fr-FR\"},{\"@type\":\"Organization\",\"@id\":\"https:\/\/www.carideal.com\/blog\/#organization\",\"name\":\"Carideal\",\"url\":\"https:\/\/www.carideal.com\/blog\/\",\"logo\":{\"@type\":\"ImageObject\",\"inLanguage\":\"fr-FR\",\"@id\":\"https:\/\/www.carideal.com\/blog\/#\/schema\/logo\/image\/\",\"url\":\"http:\/\/www.carideal.com\/blog\/wp-content\/uploads\/2016\/03\/logo-carideal-mandataire-automobile.png\",\"contentUrl\":\"http:\/\/www.carideal.com\/blog\/wp-content\/uploads\/2016\/03\/logo-carideal-mandataire-automobile.png\",\"width\":300,\"height\":300,\"caption\":\"Carideal\"},\"image\":{\"@id\":\"https:\/\/www.carideal.com\/blog\/#\/schema\/logo\/image\/\"},\"sameAs\":[\"https:\/\/www.facebook.com\/Carideal.mandataire.automobile\",\"https:\/\/x.com\/caridealauto\",\"https:\/\/www.instagram.com\/carideal1\/\",\"https:\/\/www.linkedin.com\/company\/carideal.com\",\"https:\/\/fr.pinterest.com\/schiavonsas\/\",\"https:\/\/www.youtube.com\/user\/caridealsas\"]},{\"@type\":\"Person\",\"@id\":\"https:\/\/www.carideal.com\/blog\/#\/schema\/person\/985c7e757d1042d647f21bfaf8d41ebc\",\"name\":\"N.S Carideal\",\"image\":{\"@type\":\"ImageObject\",\"inLanguage\":\"fr-FR\",\"@id\":\"https:\/\/www.carideal.com\/blog\/#\/schema\/person\/image\/\",\"url\":\"https:\/\/secure.gravatar.com\/avatar\/edb7ccdf1a4e3d14aef967760d354d0e?s=96&r=g\",\"contentUrl\":\"https:\/\/secure.gravatar.com\/avatar\/edb7ccdf1a4e3d14aef967760d354d0e?s=96&r=g\",\"caption\":\"N.S Carideal\"},\"description\":\"Depuis tout petit fan d'automobile. Il est question d'essayer et de comparer toutes ces voitures qui nous ont fait r\u00e9ver, avant que celles-ci ne devient uniquement des voitures de collection.\",\"sameAs\":[\"http:\/\/www.carideal.com\/blog\",\"https:\/\/www.facebook.com\/Carideal.mandataire.automobile\/\",\"https:\/\/www.linkedin.com\/in\/nschiavon\/\",\"https:\/\/www.youtube.com\/user\/caridealsas\/\"],\"url\":\"https:\/\/www.carideal.com\/blog\/author\/admin_carideal\/\"}]}<\/script>\n<!-- \/ Yoast SEO plugin. -->","yoast_head_json":{"title":"Volkswagen e-up! 2014 : essai - Blog auto Carid\u00e9al","description":"La citadine \u00e9lectrique Volkswagen e-up! 2014 pourrait \u00eatre tr\u00e8s amusante \u00e0 conduire, mais elle ne va pas satisfaire les cyniques de voitures \u00e9lectriques","robots":{"index":"index","follow":"follow","max-snippet":"max-snippet:-1","max-image-preview":"max-image-preview:large","max-video-preview":"max-video-preview:-1"},"canonical":"https:\/\/www.carideal.com\/blog\/2014\/06\/03\/volkswagen-e-up\/","og_locale":"fr_FR","og_type":"article","og_title":"Volkswagen e-up! 2014 : essai - Blog auto Carid\u00e9al","og_description":"La citadine \u00e9lectrique Volkswagen e-up! 2014 pourrait \u00eatre tr\u00e8s amusante \u00e0 conduire, mais elle ne va pas satisfaire les cyniques de voitures \u00e9lectriques","og_url":"https:\/\/www.carideal.com\/blog\/2014\/06\/03\/volkswagen-e-up\/","og_site_name":"Blog auto Carid\u00e9al","article_publisher":"https:\/\/www.facebook.com\/Carideal.mandataire.automobile","article_author":"https:\/\/www.facebook.com\/Carideal.mandataire.automobile\/","article_published_time":"2014-06-03T09:12:00+00:00","article_modified_time":"2017-11-26T11:10:01+00:00","og_image":[{"width":448,"height":297,"url":"https:\/\/www.carideal.com\/blog\/wp-content\/uploads\/2014\/06\/volkswagen-e-up-2014-carideal-mandataire-automobile_m.jpg","type":"image\/jpeg"}],"author":"N.S Carideal","twitter_card":"summary_large_image","twitter_creator":"@caridealauto","twitter_site":"@caridealauto","twitter_misc":{"\u00c9crit par":"N.S Carideal","Dur\u00e9e de lecture estim\u00e9e":"5 minutes"},"schema":{"@context":"https:\/\/schema.org","@graph":[{"@type":"Article","@id":"https:\/\/www.carideal.com\/blog\/2014\/06\/03\/volkswagen-e-up\/#article","isPartOf":{"@id":"https:\/\/www.carideal.com\/blog\/2014\/06\/03\/volkswagen-e-up\/"},"author":{"name":"N.S Carideal","@id":"https:\/\/www.carideal.com\/blog\/#\/schema\/person\/985c7e757d1042d647f21bfaf8d41ebc"},"headline":"Volkswagen e-up! 2014 : essai","datePublished":"2014-06-03T09:12:00+00:00","dateModified":"2017-11-26T11:10:01+00:00","mainEntityOfPage":{"@id":"https:\/\/www.carideal.com\/blog\/2014\/06\/03\/volkswagen-e-up\/"},"wordCount":1010,"commentCount":0,"publisher":{"@id":"https:\/\/www.carideal.com\/blog\/#organization"},"image":{"@id":"https:\/\/www.carideal.com\/blog\/2014\/06\/03\/volkswagen-e-up\/#primaryimage"},"thumbnailUrl":"https:\/\/www.carideal.com\/blog\/wp-content\/uploads\/2014\/06\/volkswagen-e-up-2014-carideal-mandataire-automobile_m.jpg","articleSection":["Actualit\u00e9 automobile","Actualit\u00e9 Constructeur automobile","Actualit\u00e9 Volkswagen","Microcar","Technologie Automobile","Type de v\u00e9hicule","Voiture \u00e9lectrique"],"inLanguage":"fr-FR","potentialAction":[{"@type":"CommentAction","name":"Comment","target":["https:\/\/www.carideal.com\/blog\/2014\/06\/03\/volkswagen-e-up\/#respond"]}]},{"@type":"WebPage","@id":"https:\/\/www.carideal.com\/blog\/2014\/06\/03\/volkswagen-e-up\/","url":"https:\/\/www.carideal.com\/blog\/2014\/06\/03\/volkswagen-e-up\/","name":"Volkswagen e-up! 2014 : essai - Blog auto Carid\u00e9al","isPartOf":{"@id":"https:\/\/www.carideal.com\/blog\/#website"},"primaryImageOfPage":{"@id":"https:\/\/www.carideal.com\/blog\/2014\/06\/03\/volkswagen-e-up\/#primaryimage"},"image":{"@id":"https:\/\/www.carideal.com\/blog\/2014\/06\/03\/volkswagen-e-up\/#primaryimage"},"thumbnailUrl":"https:\/\/www.carideal.com\/blog\/wp-content\/uploads\/2014\/06\/volkswagen-e-up-2014-carideal-mandataire-automobile_m.jpg","datePublished":"2014-06-03T09:12:00+00:00","dateModified":"2017-11-26T11:10:01+00:00","description":"La citadine \u00e9lectrique Volkswagen e-up! 2014 pourrait \u00eatre tr\u00e8s amusante \u00e0 conduire, mais elle ne va pas satisfaire les cyniques de voitures \u00e9lectriques","breadcrumb":{"@id":"https:\/\/www.carideal.com\/blog\/2014\/06\/03\/volkswagen-e-up\/#breadcrumb"},"inLanguage":"fr-FR","potentialAction":[{"@type":"ReadAction","target":["https:\/\/www.carideal.com\/blog\/2014\/06\/03\/volkswagen-e-up\/"]}]},{"@type":"ImageObject","inLanguage":"fr-FR","@id":"https:\/\/www.carideal.com\/blog\/2014\/06\/03\/volkswagen-e-up\/#primaryimage","url":"https:\/\/www.carideal.com\/blog\/wp-content\/uploads\/2014\/06\/volkswagen-e-up-2014-carideal-mandataire-automobile_m.jpg","contentUrl":"https:\/\/www.carideal.com\/blog\/wp-content\/uploads\/2014\/06\/volkswagen-e-up-2014-carideal-mandataire-automobile_m.jpg","width":448,"height":297,"caption":"Volkswagen e-UP 2014"},{"@type":"BreadcrumbList","@id":"https:\/\/www.carideal.com\/blog\/2014\/06\/03\/volkswagen-e-up\/#breadcrumb","itemListElement":[{"@type":"ListItem","position":1,"name":"Blog Carid\u00e9al","item":"https:\/\/www.carideal.com\/blog\/"},{"@type":"ListItem","position":2,"name":"Actualit\u00e9 constructeur automobile","item":"https:\/\/www.carideal.com\/blog\/constructeur\/"},{"@type":"ListItem","position":3,"name":"Actualit\u00e9 Volkswagen","item":"https:\/\/www.carideal.com\/blog\/constructeur\/volkswagen\/"},{"@type":"ListItem","position":4,"name":"Volkswagen e-up! 2014 : essai"}]},{"@type":"WebSite","@id":"https:\/\/www.carideal.com\/blog\/#website","url":"https:\/\/www.carideal.com\/blog\/","name":"Blog auto Carid\u00e9al","description":"Actualit\u00e9 auto par des passionn\u00e9s","publisher":{"@id":"https:\/\/www.carideal.com\/blog\/#organization"},"potentialAction":[{"@type":"SearchAction","target":{"@type":"EntryPoint","urlTemplate":"https:\/\/www.carideal.com\/blog\/?s={search_term_string}"},"query-input":{"@type":"PropertyValueSpecification","valueRequired":true,"valueName":"search_term_string"}}],"inLanguage":"fr-FR"},{"@type":"Organization","@id":"https:\/\/www.carideal.com\/blog\/#organization","name":"Carideal","url":"https:\/\/www.carideal.com\/blog\/","logo":{"@type":"ImageObject","inLanguage":"fr-FR","@id":"https:\/\/www.carideal.com\/blog\/#\/schema\/logo\/image\/","url":"http:\/\/www.carideal.com\/blog\/wp-content\/uploads\/2016\/03\/logo-carideal-mandataire-automobile.png","contentUrl":"http:\/\/www.carideal.com\/blog\/wp-content\/uploads\/2016\/03\/logo-carideal-mandataire-automobile.png","width":300,"height":300,"caption":"Carideal"},"image":{"@id":"https:\/\/www.carideal.com\/blog\/#\/schema\/logo\/image\/"},"sameAs":["https:\/\/www.facebook.com\/Carideal.mandataire.automobile","https:\/\/x.com\/caridealauto","https:\/\/www.instagram.com\/carideal1\/","https:\/\/www.linkedin.com\/company\/carideal.com","https:\/\/fr.pinterest.com\/schiavonsas\/","https:\/\/www.youtube.com\/user\/caridealsas"]},{"@type":"Person","@id":"https:\/\/www.carideal.com\/blog\/#\/schema\/person\/985c7e757d1042d647f21bfaf8d41ebc","name":"N.S Carideal","image":{"@type":"ImageObject","inLanguage":"fr-FR","@id":"https:\/\/www.carideal.com\/blog\/#\/schema\/person\/image\/","url":"https:\/\/secure.gravatar.com\/avatar\/edb7ccdf1a4e3d14aef967760d354d0e?s=96&r=g","contentUrl":"https:\/\/secure.gravatar.com\/avatar\/edb7ccdf1a4e3d14aef967760d354d0e?s=96&r=g","caption":"N.S Carideal"},"description":"Depuis tout petit fan d'automobile. Il est question d'essayer et de comparer toutes ces voitures qui nous ont fait r\u00e9ver, avant que celles-ci ne devient uniquement des voitures de collection.","sameAs":["http:\/\/www.carideal.com\/blog","https:\/\/www.facebook.com\/Carideal.mandataire.automobile\/","https:\/\/www.linkedin.com\/in\/nschiavon\/","https:\/\/www.youtube.com\/user\/caridealsas\/"],"url":"https:\/\/www.carideal.com\/blog\/author\/admin_carideal\/"}]}},"uagb_featured_image_src":{"full":["https:\/\/www.carideal.com\/blog\/wp-content\/uploads\/2014\/06\/volkswagen-e-up-2014-carideal-mandataire-automobile_m.jpg",448,297,false],"thumbnail":["https:\/\/www.carideal.com\/blog\/wp-content\/uploads\/2014\/06\/volkswagen-e-up-2014-carideal-mandataire-automobile_m-150x150.jpg",150,150,true],"medium":["https:\/\/www.carideal.com\/blog\/wp-content\/uploads\/2014\/06\/volkswagen-e-up-2014-carideal-mandataire-automobile_m-300x199.jpg",300,199,true],"medium_large":["https:\/\/www.carideal.com\/blog\/wp-content\/uploads\/2014\/06\/volkswagen-e-up-2014-carideal-mandataire-automobile_m.jpg",448,297,false],"large":["https:\/\/www.carideal.com\/blog\/wp-content\/uploads\/2014\/06\/volkswagen-e-up-2014-carideal-mandataire-automobile_m.jpg",448,297,false],"1536x1536":["https:\/\/www.carideal.com\/blog\/wp-content\/uploads\/2014\/06\/volkswagen-e-up-2014-carideal-mandataire-automobile_m.jpg",448,297,false],"2048x2048":["https:\/\/www.carideal.com\/blog\/wp-content\/uploads\/2014\/06\/volkswagen-e-up-2014-carideal-mandataire-automobile_m.jpg",448,297,false],"wppr-widget":["https:\/\/www.carideal.com\/blog\/wp-content\/uploads\/2014\/06\/volkswagen-e-up-2014-carideal-mandataire-automobile_m.jpg",50,33,false]},"uagb_author_info":{"display_name":"N.S Carideal","author_link":"https:\/\/www.carideal.com\/blog\/author\/admin_carideal\/"},"uagb_comment_info":0,"uagb_excerpt":"La Volkswagen e-up! 2014 La Volkswagen e-up! 2014 est une voiture \u00e9lectrique pr\u00e9vue pour une autonomie de 120 km environ. Son frein moteur est param\u00e9trable sur 4 niveaux et arrive presque \u00e0 se passer de freinage. Cette petite voiture est vivace en ville et poss\u00e8de une bonne acc\u00e9l\u00e9ration, son braquage est riquiqui. Les relances sont\u2026","_links":{"self":[{"href":"https:\/\/www.carideal.com\/blog\/wp-json\/wp\/v2\/posts\/1536"}],"collection":[{"href":"https:\/\/www.carideal.com\/blog\/wp-json\/wp\/v2\/posts"}],"about":[{"href":"https:\/\/www.carideal.com\/blog\/wp-json\/wp\/v2\/types\/post"}],"author":[{"embeddable":true,"href":"https:\/\/www.carideal.com\/blog\/wp-json\/wp\/v2\/users\/1"}],"replies":[{"embeddable":true,"href":"https:\/\/www.carideal.com\/blog\/wp-json\/wp\/v2\/comments?post=1536"}],"version-history":[{"count":0,"href":"https:\/\/www.carideal.com\/blog\/wp-json\/wp\/v2\/posts\/1536\/revisions"}],"wp:featuredmedia":[{"embeddable":true,"href":"https:\/\/www.carideal.com\/blog\/wp-json\/wp\/v2\/media\/16606"}],"wp:attachment":[{"href":"https:\/\/www.carideal.com\/blog\/wp-json\/wp\/v2\/media?parent=1536"}],"wp:term":[{"taxonomy":"category","embeddable":true,"href":"https:\/\/www.carideal.com\/blog\/wp-json\/wp\/v2\/categories?post=1536"},{"taxonomy":"post_tag","embeddable":true,"href":"https:\/\/www.carideal.com\/blog\/wp-json\/wp\/v2\/tags?post=1536"}],"curies":[{"name":"wp","href":"https:\/\/api.w.org\/{rel}","templated":true}]}}