{"id":1535,"date":"2014-06-02T13:46:00","date_gmt":"2014-06-02T13:46:00","guid":{"rendered":"http:\/\/carideal.com\/blog\/?p=1535"},"modified":"2020-03-07T16:34:47","modified_gmt":"2020-03-07T15:34:47","slug":"nissan-qashqai","status":"publish","type":"post","link":"https:\/\/www.carideal.com\/blog\/2014\/06\/02\/nissan-qashqai\/","title":{"rendered":"Le nouveau Nissan Qashqai 2014"},"content":{"rendered":"<p><img decoding=\"async\" title=\"Nissan Qashqai 1.5 dCi 110 ch, juin 2014\" src=\"\/blog\/public\/.Nissan-Qashqai-2014-dci-110-carideal-mandataire-automobile_m.jpg\" alt=\"Nissan Qashqai 1.5 dCi 110 ch\" \/><\/p>\n<h1><strong>Le nouveau Nissan Qashqai<\/strong><\/h1>\n<p>Le Nissan Qashqai subit un l\u00e9ger restylage, son style \u00e9volue l\u00e9g\u00e8rement et son habitacle change de standing. En effet, Nissan devait renouveler son crossover qui datait de 2007.<br \/>\nIl est d\u00e9sormais plus long de 5 cm, plus large de 2.6 cm et plus bas de 1.59 cm. Avec 2 millions de Qashqai vendu depuis 2007, ce v\u00e9hicule attire la client\u00e8le qui se d\u00e9sint\u00e9resse des breaks et des monospaces.<br \/>\nPour bien faire, Nissan a demand\u00e9 aux automobilistes ce qu'ils reprochaient \u00e0 ce mod\u00e8le afin de le perfectionner. Il en est ressortie que la qualit\u00e9 de finition \u00e9tait \u00e0 revoir et qu'il y avait un manque de connectivit\u00e9.<br \/>\nDe ce fait, le Qashqai \u00e0 d\u00e9sormais un habitacle soign\u00e9 et il est dot\u00e9 d'un \u00e9quipement correct pour la finition de base. Ainsi, on peut y trouver le freinage d'urgence, le stationnement \u00e9pi ou bataille automatique, la surveillance d'angle mort, l'avertisseur de franchise de ligne... Nissan a donc mis le paquet c\u00f4t\u00e9 technologie afin de satisfaire sa client\u00e8le.<br \/>\nL'entr\u00e9e de gamme diesel est un 1.5 dCi, il consomme 3.8 l \/ 100 km et rejette 99 g de Co2 ce qui s\u00e9duira les entreprises. A 80 km\/h la reprise est un peu d\u00e9cevante.<br \/>\nEn bref, Nissan reprend son produit-phare pour modifier ses points faibles et am\u00e9liorer son mod\u00e8le. Un seul point persiste son prix, \u00e0 partir de 23 990 \u20ac.<\/p>\n<p>Le <a href=\"http:\/\/www.carideal.com\/blog\/2014\/03\/03\/le-nissan-qashqai-a-cree-un-nouveau-segment\/\">Nissan Qashqai\u00a0avait cr\u00e9\u00e9 en son temps un nouveau segment, le sien.<\/a><\/p>\n","protected":false},"excerpt":{"rendered":"<p>Le nouveau Nissan Qashqai Le Nissan Qashqai subit un l\u00e9ger restylage, son style \u00e9volue l\u00e9g\u00e8rement et son habitacle change de standing. En effet, Nissan devait renouveler son crossover qui datait de 2007. Il est d\u00e9sormais plus long de 5 cm, plus large de 2.6 cm et plus bas de 1.59 cm. Avec 2 millions de &#8230; <a title=\"Le nouveau Nissan Qashqai 2014\" class=\"read-more\" href=\"https:\/\/www.carideal.com\/blog\/2014\/06\/02\/nissan-qashqai\/\" aria-label=\"En savoir plus sur Le nouveau Nissan Qashqai 2014\">Lire plus<\/a><\/p>\n","protected":false},"author":1,"featured_media":0,"comment_status":"closed","ping_status":"open","sticky":false,"template":"","format":"standard","meta":{"_uag_custom_page_level_css":"","_themeisle_gutenberg_block_has_review":false,"footnotes":""},"categories":[21,5944,5990,10,6010,5974],"tags":[],"class_list":["post-1535","post","type-post","status-publish","format-standard","hentry","category-actualites-auto","category-constructeur","category-nissan","category-marche-automobile-voiture-neuve-occasion-4x4-suv","category-suv","category-type-de-vehicule"],"wppr_data":[],"yoast_head":"<!-- This site is optimized with the Yoast SEO plugin v24.8.1 - https:\/\/yoast.com\/wordpress\/plugins\/seo\/ -->\n<title>Le nouveau Nissan Qashqai 2014 - Blog auto Carid\u00e9al<\/title>\n<meta name=\"robots\" content=\"index, follow, max-snippet:-1, max-image-preview:large, max-video-preview:-1\" \/>\n<link rel=\"canonical\" href=\"https:\/\/www.carideal.com\/blog\/2014\/06\/02\/nissan-qashqai\/\" \/>\n<meta property=\"og:locale\" content=\"fr_FR\" \/>\n<meta property=\"og:type\" content=\"article\" \/>\n<meta property=\"og:title\" content=\"Le nouveau Nissan Qashqai 2014 - Blog auto Carid\u00e9al\" \/>\n<meta property=\"og:description\" content=\"Le nouveau Nissan Qashqai Le Nissan Qashqai subit un l\u00e9ger restylage, son style \u00e9volue l\u00e9g\u00e8rement et son habitacle change de standing. En effet, Nissan devait renouveler son crossover qui datait de 2007. Il est d\u00e9sormais plus long de 5 cm, plus large de 2.6 cm et plus bas de 1.59 cm. Avec 2 millions de ... Lire plus\" \/>\n<meta property=\"og:url\" content=\"https:\/\/www.carideal.com\/blog\/2014\/06\/02\/nissan-qashqai\/\" \/>\n<meta property=\"og:site_name\" content=\"Blog auto Carid\u00e9al\" \/>\n<meta property=\"article:publisher\" content=\"https:\/\/www.facebook.com\/Carideal.mandataire.automobile\" \/>\n<meta property=\"article:author\" content=\"https:\/\/www.facebook.com\/Carideal.mandataire.automobile\/\" \/>\n<meta property=\"article:published_time\" content=\"2014-06-02T13:46:00+00:00\" \/>\n<meta property=\"article:modified_time\" content=\"2020-03-07T15:34:47+00:00\" \/>\n<meta property=\"og:image\" content=\"https:\/\/www.carideal.com\/blog\/wp-content\/uploads\/2016\/03\/logo-carideal-mandataire-automobile.png\" \/>\n\t<meta property=\"og:image:width\" content=\"300\" \/>\n\t<meta property=\"og:image:height\" content=\"300\" \/>\n\t<meta property=\"og:image:type\" content=\"image\/png\" \/>\n<meta name=\"author\" content=\"N.S Carideal\" \/>\n<meta name=\"twitter:card\" content=\"summary_large_image\" \/>\n<meta name=\"twitter:creator\" content=\"@caridealauto\" \/>\n<meta name=\"twitter:site\" content=\"@caridealauto\" \/>\n<meta name=\"twitter:label1\" content=\"\u00c9crit par\" \/>\n\t<meta name=\"twitter:data1\" content=\"N.S Carideal\" \/>\n\t<meta name=\"twitter:label2\" content=\"Dur\u00e9e de lecture estim\u00e9e\" \/>\n\t<meta name=\"twitter:data2\" content=\"1 minute\" \/>\n<script type=\"application\/ld+json\" class=\"yoast-schema-graph\">{\"@context\":\"https:\/\/schema.org\",\"@graph\":[{\"@type\":\"Article\",\"@id\":\"https:\/\/www.carideal.com\/blog\/2014\/06\/02\/nissan-qashqai\/#article\",\"isPartOf\":{\"@id\":\"https:\/\/www.carideal.com\/blog\/2014\/06\/02\/nissan-qashqai\/\"},\"author\":{\"name\":\"N.S Carideal\",\"@id\":\"https:\/\/www.carideal.com\/blog\/#\/schema\/person\/985c7e757d1042d647f21bfaf8d41ebc\"},\"headline\":\"Le nouveau Nissan Qashqai 2014\",\"datePublished\":\"2014-06-02T13:46:00+00:00\",\"dateModified\":\"2020-03-07T15:34:47+00:00\",\"mainEntityOfPage\":{\"@id\":\"https:\/\/www.carideal.com\/blog\/2014\/06\/02\/nissan-qashqai\/\"},\"wordCount\":246,\"publisher\":{\"@id\":\"https:\/\/www.carideal.com\/blog\/#organization\"},\"articleSection\":[\"Actualit\u00e9 automobile\",\"Actualit\u00e9 Constructeur automobile\",\"Essais Nissan\",\"March\u00e9 automobile\",\"SUV\",\"Type de v\u00e9hicule\"],\"inLanguage\":\"fr-FR\"},{\"@type\":\"WebPage\",\"@id\":\"https:\/\/www.carideal.com\/blog\/2014\/06\/02\/nissan-qashqai\/\",\"url\":\"https:\/\/www.carideal.com\/blog\/2014\/06\/02\/nissan-qashqai\/\",\"name\":\"Le nouveau Nissan Qashqai 2014 - Blog auto Carid\u00e9al\",\"isPartOf\":{\"@id\":\"https:\/\/www.carideal.com\/blog\/#website\"},\"datePublished\":\"2014-06-02T13:46:00+00:00\",\"dateModified\":\"2020-03-07T15:34:47+00:00\",\"breadcrumb\":{\"@id\":\"https:\/\/www.carideal.com\/blog\/2014\/06\/02\/nissan-qashqai\/#breadcrumb\"},\"inLanguage\":\"fr-FR\",\"potentialAction\":[{\"@type\":\"ReadAction\",\"target\":[\"https:\/\/www.carideal.com\/blog\/2014\/06\/02\/nissan-qashqai\/\"]}]},{\"@type\":\"BreadcrumbList\",\"@id\":\"https:\/\/www.carideal.com\/blog\/2014\/06\/02\/nissan-qashqai\/#breadcrumb\",\"itemListElement\":[{\"@type\":\"ListItem\",\"position\":1,\"name\":\"Blog Carid\u00e9al\",\"item\":\"https:\/\/www.carideal.com\/blog\/\"},{\"@type\":\"ListItem\",\"position\":2,\"name\":\"March\u00e9 automobile\",\"item\":\"https:\/\/www.carideal.com\/blog\/marche-automobile-voiture-neuve-occasion-4x4-suv\/\"},{\"@type\":\"ListItem\",\"position\":3,\"name\":\"Le nouveau Nissan Qashqai 2014\"}]},{\"@type\":\"WebSite\",\"@id\":\"https:\/\/www.carideal.com\/blog\/#website\",\"url\":\"https:\/\/www.carideal.com\/blog\/\",\"name\":\"Blog auto Carid\u00e9al\",\"description\":\"Actualit\u00e9 auto par des passionn\u00e9s\",\"publisher\":{\"@id\":\"https:\/\/www.carideal.com\/blog\/#organization\"},\"potentialAction\":[{\"@type\":\"SearchAction\",\"target\":{\"@type\":\"EntryPoint\",\"urlTemplate\":\"https:\/\/www.carideal.com\/blog\/?s={search_term_string}\"},\"query-input\":{\"@type\":\"PropertyValueSpecification\",\"valueRequired\":true,\"valueName\":\"search_term_string\"}}],\"inLanguage\":\"fr-FR\"},{\"@type\":\"Organization\",\"@id\":\"https:\/\/www.carideal.com\/blog\/#organization\",\"name\":\"Carideal\",\"url\":\"https:\/\/www.carideal.com\/blog\/\",\"logo\":{\"@type\":\"ImageObject\",\"inLanguage\":\"fr-FR\",\"@id\":\"https:\/\/www.carideal.com\/blog\/#\/schema\/logo\/image\/\",\"url\":\"http:\/\/www.carideal.com\/blog\/wp-content\/uploads\/2016\/03\/logo-carideal-mandataire-automobile.png\",\"contentUrl\":\"http:\/\/www.carideal.com\/blog\/wp-content\/uploads\/2016\/03\/logo-carideal-mandataire-automobile.png\",\"width\":300,\"height\":300,\"caption\":\"Carideal\"},\"image\":{\"@id\":\"https:\/\/www.carideal.com\/blog\/#\/schema\/logo\/image\/\"},\"sameAs\":[\"https:\/\/www.facebook.com\/Carideal.mandataire.automobile\",\"https:\/\/x.com\/caridealauto\",\"https:\/\/www.instagram.com\/carideal1\/\",\"https:\/\/www.linkedin.com\/company\/carideal.com\",\"https:\/\/fr.pinterest.com\/schiavonsas\/\",\"https:\/\/www.youtube.com\/user\/caridealsas\"]},{\"@type\":\"Person\",\"@id\":\"https:\/\/www.carideal.com\/blog\/#\/schema\/person\/985c7e757d1042d647f21bfaf8d41ebc\",\"name\":\"N.S Carideal\",\"image\":{\"@type\":\"ImageObject\",\"inLanguage\":\"fr-FR\",\"@id\":\"https:\/\/www.carideal.com\/blog\/#\/schema\/person\/image\/\",\"url\":\"https:\/\/secure.gravatar.com\/avatar\/edb7ccdf1a4e3d14aef967760d354d0e?s=96&r=g\",\"contentUrl\":\"https:\/\/secure.gravatar.com\/avatar\/edb7ccdf1a4e3d14aef967760d354d0e?s=96&r=g\",\"caption\":\"N.S Carideal\"},\"description\":\"Depuis tout petit fan d'automobile. Il est question d'essayer et de comparer toutes ces voitures qui nous ont fait r\u00e9ver, avant que celles-ci ne devient uniquement des voitures de collection.\",\"sameAs\":[\"http:\/\/www.carideal.com\/blog\",\"https:\/\/www.facebook.com\/Carideal.mandataire.automobile\/\",\"https:\/\/www.linkedin.com\/in\/nschiavon\/\",\"https:\/\/www.youtube.com\/user\/caridealsas\/\"],\"url\":\"https:\/\/www.carideal.com\/blog\/author\/admin_carideal\/\"}]}<\/script>\n<!-- \/ Yoast SEO plugin. -->","yoast_head_json":{"title":"Le nouveau Nissan Qashqai 2014 - Blog auto Carid\u00e9al","robots":{"index":"index","follow":"follow","max-snippet":"max-snippet:-1","max-image-preview":"max-image-preview:large","max-video-preview":"max-video-preview:-1"},"canonical":"https:\/\/www.carideal.com\/blog\/2014\/06\/02\/nissan-qashqai\/","og_locale":"fr_FR","og_type":"article","og_title":"Le nouveau Nissan Qashqai 2014 - Blog auto Carid\u00e9al","og_description":"Le nouveau Nissan Qashqai Le Nissan Qashqai subit un l\u00e9ger restylage, son style \u00e9volue l\u00e9g\u00e8rement et son habitacle change de standing. En effet, Nissan devait renouveler son crossover qui datait de 2007. Il est d\u00e9sormais plus long de 5 cm, plus large de 2.6 cm et plus bas de 1.59 cm. Avec 2 millions de ... Lire plus","og_url":"https:\/\/www.carideal.com\/blog\/2014\/06\/02\/nissan-qashqai\/","og_site_name":"Blog auto Carid\u00e9al","article_publisher":"https:\/\/www.facebook.com\/Carideal.mandataire.automobile","article_author":"https:\/\/www.facebook.com\/Carideal.mandataire.automobile\/","article_published_time":"2014-06-02T13:46:00+00:00","article_modified_time":"2020-03-07T15:34:47+00:00","og_image":[{"width":300,"height":300,"url":"https:\/\/www.carideal.com\/blog\/wp-content\/uploads\/2016\/03\/logo-carideal-mandataire-automobile.png","type":"image\/png"}],"author":"N.S Carideal","twitter_card":"summary_large_image","twitter_creator":"@caridealauto","twitter_site":"@caridealauto","twitter_misc":{"\u00c9crit par":"N.S Carideal","Dur\u00e9e de lecture estim\u00e9e":"1 minute"},"schema":{"@context":"https:\/\/schema.org","@graph":[{"@type":"Article","@id":"https:\/\/www.carideal.com\/blog\/2014\/06\/02\/nissan-qashqai\/#article","isPartOf":{"@id":"https:\/\/www.carideal.com\/blog\/2014\/06\/02\/nissan-qashqai\/"},"author":{"name":"N.S Carideal","@id":"https:\/\/www.carideal.com\/blog\/#\/schema\/person\/985c7e757d1042d647f21bfaf8d41ebc"},"headline":"Le nouveau Nissan Qashqai 2014","datePublished":"2014-06-02T13:46:00+00:00","dateModified":"2020-03-07T15:34:47+00:00","mainEntityOfPage":{"@id":"https:\/\/www.carideal.com\/blog\/2014\/06\/02\/nissan-qashqai\/"},"wordCount":246,"publisher":{"@id":"https:\/\/www.carideal.com\/blog\/#organization"},"articleSection":["Actualit\u00e9 automobile","Actualit\u00e9 Constructeur automobile","Essais Nissan","March\u00e9 automobile","SUV","Type de v\u00e9hicule"],"inLanguage":"fr-FR"},{"@type":"WebPage","@id":"https:\/\/www.carideal.com\/blog\/2014\/06\/02\/nissan-qashqai\/","url":"https:\/\/www.carideal.com\/blog\/2014\/06\/02\/nissan-qashqai\/","name":"Le nouveau Nissan Qashqai 2014 - Blog auto Carid\u00e9al","isPartOf":{"@id":"https:\/\/www.carideal.com\/blog\/#website"},"datePublished":"2014-06-02T13:46:00+00:00","dateModified":"2020-03-07T15:34:47+00:00","breadcrumb":{"@id":"https:\/\/www.carideal.com\/blog\/2014\/06\/02\/nissan-qashqai\/#breadcrumb"},"inLanguage":"fr-FR","potentialAction":[{"@type":"ReadAction","target":["https:\/\/www.carideal.com\/blog\/2014\/06\/02\/nissan-qashqai\/"]}]},{"@type":"BreadcrumbList","@id":"https:\/\/www.carideal.com\/blog\/2014\/06\/02\/nissan-qashqai\/#breadcrumb","itemListElement":[{"@type":"ListItem","position":1,"name":"Blog Carid\u00e9al","item":"https:\/\/www.carideal.com\/blog\/"},{"@type":"ListItem","position":2,"name":"March\u00e9 automobile","item":"https:\/\/www.carideal.com\/blog\/marche-automobile-voiture-neuve-occasion-4x4-suv\/"},{"@type":"ListItem","position":3,"name":"Le nouveau Nissan Qashqai 2014"}]},{"@type":"WebSite","@id":"https:\/\/www.carideal.com\/blog\/#website","url":"https:\/\/www.carideal.com\/blog\/","name":"Blog auto Carid\u00e9al","description":"Actualit\u00e9 auto par des passionn\u00e9s","publisher":{"@id":"https:\/\/www.carideal.com\/blog\/#organization"},"potentialAction":[{"@type":"SearchAction","target":{"@type":"EntryPoint","urlTemplate":"https:\/\/www.carideal.com\/blog\/?s={search_term_string}"},"query-input":{"@type":"PropertyValueSpecification","valueRequired":true,"valueName":"search_term_string"}}],"inLanguage":"fr-FR"},{"@type":"Organization","@id":"https:\/\/www.carideal.com\/blog\/#organization","name":"Carideal","url":"https:\/\/www.carideal.com\/blog\/","logo":{"@type":"ImageObject","inLanguage":"fr-FR","@id":"https:\/\/www.carideal.com\/blog\/#\/schema\/logo\/image\/","url":"http:\/\/www.carideal.com\/blog\/wp-content\/uploads\/2016\/03\/logo-carideal-mandataire-automobile.png","contentUrl":"http:\/\/www.carideal.com\/blog\/wp-content\/uploads\/2016\/03\/logo-carideal-mandataire-automobile.png","width":300,"height":300,"caption":"Carideal"},"image":{"@id":"https:\/\/www.carideal.com\/blog\/#\/schema\/logo\/image\/"},"sameAs":["https:\/\/www.facebook.com\/Carideal.mandataire.automobile","https:\/\/x.com\/caridealauto","https:\/\/www.instagram.com\/carideal1\/","https:\/\/www.linkedin.com\/company\/carideal.com","https:\/\/fr.pinterest.com\/schiavonsas\/","https:\/\/www.youtube.com\/user\/caridealsas"]},{"@type":"Person","@id":"https:\/\/www.carideal.com\/blog\/#\/schema\/person\/985c7e757d1042d647f21bfaf8d41ebc","name":"N.S Carideal","image":{"@type":"ImageObject","inLanguage":"fr-FR","@id":"https:\/\/www.carideal.com\/blog\/#\/schema\/person\/image\/","url":"https:\/\/secure.gravatar.com\/avatar\/edb7ccdf1a4e3d14aef967760d354d0e?s=96&r=g","contentUrl":"https:\/\/secure.gravatar.com\/avatar\/edb7ccdf1a4e3d14aef967760d354d0e?s=96&r=g","caption":"N.S Carideal"},"description":"Depuis tout petit fan d'automobile. Il est question d'essayer et de comparer toutes ces voitures qui nous ont fait r\u00e9ver, avant que celles-ci ne devient uniquement des voitures de collection.","sameAs":["http:\/\/www.carideal.com\/blog","https:\/\/www.facebook.com\/Carideal.mandataire.automobile\/","https:\/\/www.linkedin.com\/in\/nschiavon\/","https:\/\/www.youtube.com\/user\/caridealsas\/"],"url":"https:\/\/www.carideal.com\/blog\/author\/admin_carideal\/"}]}},"uagb_featured_image_src":{"full":false,"thumbnail":false,"medium":false,"medium_large":false,"large":false,"1536x1536":false,"2048x2048":false,"wppr-widget":false},"uagb_author_info":{"display_name":"N.S Carideal","author_link":"https:\/\/www.carideal.com\/blog\/author\/admin_carideal\/"},"uagb_comment_info":0,"uagb_excerpt":"Le nouveau Nissan Qashqai Le Nissan Qashqai subit un l\u00e9ger restylage, son style \u00e9volue l\u00e9g\u00e8rement et son habitacle change de standing. En effet, Nissan devait renouveler son crossover qui datait de 2007. Il est d\u00e9sormais plus long de 5 cm, plus large de 2.6 cm et plus bas de 1.59 cm. Avec 2 millions de\u2026","_links":{"self":[{"href":"https:\/\/www.carideal.com\/blog\/wp-json\/wp\/v2\/posts\/1535"}],"collection":[{"href":"https:\/\/www.carideal.com\/blog\/wp-json\/wp\/v2\/posts"}],"about":[{"href":"https:\/\/www.carideal.com\/blog\/wp-json\/wp\/v2\/types\/post"}],"author":[{"embeddable":true,"href":"https:\/\/www.carideal.com\/blog\/wp-json\/wp\/v2\/users\/1"}],"replies":[{"embeddable":true,"href":"https:\/\/www.carideal.com\/blog\/wp-json\/wp\/v2\/comments?post=1535"}],"version-history":[{"count":0,"href":"https:\/\/www.carideal.com\/blog\/wp-json\/wp\/v2\/posts\/1535\/revisions"}],"wp:attachment":[{"href":"https:\/\/www.carideal.com\/blog\/wp-json\/wp\/v2\/media?parent=1535"}],"wp:term":[{"taxonomy":"category","embeddable":true,"href":"https:\/\/www.carideal.com\/blog\/wp-json\/wp\/v2\/categories?post=1535"},{"taxonomy":"post_tag","embeddable":true,"href":"https:\/\/www.carideal.com\/blog\/wp-json\/wp\/v2\/tags?post=1535"}],"curies":[{"name":"wp","href":"https:\/\/api.w.org\/{rel}","templated":true}]}}