{"id":1529,"date":"2014-05-27T14:19:00","date_gmt":"2014-05-27T14:19:00","guid":{"rendered":"http:\/\/carideal.com\/blog\/?p=1529"},"modified":"2016-12-27T10:47:03","modified_gmt":"2016-12-27T09:47:03","slug":"la-porsche-911-targa","status":"publish","type":"post","link":"https:\/\/www.carideal.com\/blog\/2014\/05\/27\/la-porsche-911-targa\/","title":{"rendered":"Porsche 911 Targa 2014"},"content":{"rendered":"<h1><strong>La Porsche 911 Targa 2014<\/strong><\/h1>\n<p>La Porsche 911 Targa\u00a02014 abandonne son toit en verre et son hayon pour un retour \u00e0 la toile souple avec arceau. Cette septi\u00e8me g\u00e9n\u00e9ration de Porsche 911 Targa est \u00e0 mi-chemin entre le coup\u00e9 et le cabriolet.<br \/>\nLes si\u00e8ges avant sont en toile souple et le m\u00e9canisme de la capote arri\u00e8re est automatique. Lorsque cette capote est install\u00e9e le v\u00e9hicule manque de luminosit\u00e9.<\/p>\n<figure style=\"width: 438px\" class=\"wp-caption alignnone\"><img loading=\"lazy\" decoding=\"async\" title=\"Porsche 911 Targa 2014\" src=\"\/blog\/public\/.Porsche-911-targa-2014-carideal-mandataire-automobile_m.jpg\" alt=\"Porsche 911 Targa 2014\" width=\"448\" height=\"276\" \/><figcaption class=\"wp-caption-text\">Porsche 911 Targa 2014<\/figcaption><\/figure>\n<p>La Porsche 911 Targa 2014 4 est une 6 cylindres de 350 ch, la Targa 4S est une 3.8 l de 400 ch.<br \/>\nA partir de 111 323 \u20ac.<\/p>\n<h2>Pr\u00e9sentation de la Porsche 911 Targa 2014 au salon de Detroit.<\/h2>\n<p>Au Salon international de l'auto d'Am\u00e9rique du Nord (NAIAS) \u00e0 Detroit, <a href=\"http:\/\/www.carideal.com\/blog\/marque-de-voiture-actualites-essais\/porsche\/\">Porsche<\/a> pr\u00e9sente deux nouveaux mod\u00e8les de\u00a0la gamme 911 Targa 2014 : la 911 Targa 4 et le 911 Targa 4S. Ces mod\u00e8les sont les premiers \u00e0 combiner le concept Targa classique avec une technologie de toiture innovante et innovante. Tout comme le 911 Targa original l\u00e9gendaire de 1965, les nouveaux mod\u00e8les comportent la barre de toit distinctive de Targa, une section mobile de toit avant, et une fen\u00eatre arri\u00e8re enveloppante. Mais contrairement au Targa 911 classique, le segment du toit peut \u00eatre ouvert et ferm\u00e9 \u00e0 la pression d'un bouton. Le syst\u00e8me de toit enti\u00e8rement automatique range le Targa derri\u00e8re les si\u00e8ges arri\u00e8re.<\/p>\n<p>Les deux mod\u00e8les Porsche 911 Targa 2014 sont livr\u00e9s exclusivement en version AWD, avec la voie arri\u00e8re et le corps plus larges, et le m\u00eame Porsche Traction Management (PTM), qui se trouve dans tous les mod\u00e8les \u00e0 traction int\u00e9grale 911. Il s'agit d'un syst\u00e8me \u00e0 quatre roues motrices actif qui permet d'assurer une distribution optimale de la puissance motrice pour une traction optimale dans la plupart des sc\u00e9narios routiers, que ce soit sur de longues lignes droites, dans des virages serr\u00e9s ou sur des surfaces avec des coefficients de frottement diff\u00e9rents. La combinaison de la largeur du corps, la barre Targa, et la fen\u00eatre arri\u00e8re enveloppante donne un profil extr\u00eamement sportif.<\/p>\n<p>Le 911 Targa 4 est propuls\u00e9 par un moteur \u00e0 6 cylindres de 3,4 litres horizontalement oppos\u00e9 avec 350 ch. Dot\u00e9 d'un ensemble Porsche Doppelkupplung (PDK) et Sport Chrono en option, le 911 Targa 4 acc\u00e9l\u00e8re de z\u00e9ro \u00e0 100 km\u00a0\/ h en 4,6 secondes et peut atteindre une vitesse de pointe de 278 km\u00a0\/ h avec la transmission manuelle. Le 911 Targa 4S offre 400 ch avec\u00a0son moteur \u00e0 6 cylindres horizontalement oppos\u00e9 de 3,8 litres et acc\u00e9l\u00e8re de z\u00e9ro \u00e0 100 km\u00a0\/ h en 4,2 secondes lorsqu'il est \u00e9quip\u00e9 d'un kit PDK et Sport Chrono en option. Le 911 Targa 4S est capable d'atteindre une vitesse de piste sup\u00e9rieure \u00e0\u00a0292 km\/h lorsqu'il est \u00e9quip\u00e9 d'une bo\u00eete de vitesses manuelle et 291\u00a0km\/h avec une boite auto PDK.<\/p>\n","protected":false},"excerpt":{"rendered":"<p>La Porsche 911 Targa 2014 La Porsche 911 Targa\u00a02014 abandonne son toit en verre et son hayon pour un retour \u00e0 la toile souple avec arceau. Cette septi\u00e8me g\u00e9n\u00e9ration de Porsche 911 Targa est \u00e0 mi-chemin entre le coup\u00e9 et le cabriolet. Les si\u00e8ges avant sont en toile souple et le m\u00e9canisme de la capote &#8230; <a title=\"Porsche 911 Targa 2014\" class=\"read-more\" href=\"https:\/\/www.carideal.com\/blog\/2014\/05\/27\/la-porsche-911-targa\/\" aria-label=\"En savoir plus sur Porsche 911 Targa 2014\">Lire plus<\/a><\/p>\n","protected":false},"author":1,"featured_media":14350,"comment_status":"closed","ping_status":"open","sticky":false,"template":"","format":"standard","meta":{"_uag_custom_page_level_css":"","_themeisle_gutenberg_block_has_review":false,"footnotes":""},"categories":[5944,6062,5972,6202],"tags":[],"class_list":["post-1529","post","type-post","status-publish","format-standard","has-post-thumbnail","hentry","category-constructeur","category-porsche","category-salons","category-salon-detroit"],"wppr_data":{"cwp_meta_box_check":"No"},"yoast_head":"<!-- This site is optimized with the Yoast SEO plugin v24.8.1 - https:\/\/yoast.com\/wordpress\/plugins\/seo\/ -->\n<title>Porsche 911 Targa 2014 - Blog auto Carid\u00e9al<\/title>\n<meta name=\"description\" content=\"La Porsche 911 Targa 2014 abandonne son toit en verre et son hayon pour un retour \u00e0 la toile souple avec arceau. Septi\u00e8me g\u00e9n\u00e9ration de Porsche 911 Targa\" \/>\n<meta name=\"robots\" content=\"index, follow, max-snippet:-1, max-image-preview:large, max-video-preview:-1\" \/>\n<link rel=\"canonical\" href=\"https:\/\/www.carideal.com\/blog\/2014\/05\/27\/la-porsche-911-targa\/\" \/>\n<meta property=\"og:locale\" content=\"fr_FR\" \/>\n<meta property=\"og:type\" content=\"article\" \/>\n<meta property=\"og:title\" content=\"Porsche 911 Targa 2014 - Blog auto Carid\u00e9al\" \/>\n<meta property=\"og:description\" content=\"La Porsche 911 Targa 2014 abandonne son toit en verre et son hayon pour un retour \u00e0 la toile souple avec arceau. Septi\u00e8me g\u00e9n\u00e9ration de Porsche 911 Targa\" \/>\n<meta property=\"og:url\" content=\"https:\/\/www.carideal.com\/blog\/2014\/05\/27\/la-porsche-911-targa\/\" \/>\n<meta property=\"og:site_name\" content=\"Blog auto Carid\u00e9al\" \/>\n<meta property=\"article:publisher\" content=\"https:\/\/www.facebook.com\/Carideal.mandataire.automobile\" \/>\n<meta property=\"article:author\" content=\"https:\/\/www.facebook.com\/Carideal.mandataire.automobile\/\" \/>\n<meta property=\"article:published_time\" content=\"2014-05-27T14:19:00+00:00\" \/>\n<meta property=\"article:modified_time\" content=\"2016-12-27T09:47:03+00:00\" \/>\n<meta property=\"og:image\" content=\"https:\/\/www.carideal.com\/blog\/wp-content\/uploads\/2014\/05\/Porsche-911-Targa-2014.jpg\" \/>\n\t<meta property=\"og:image:width\" content=\"800\" \/>\n\t<meta property=\"og:image:height\" content=\"533\" \/>\n\t<meta property=\"og:image:type\" content=\"image\/jpeg\" \/>\n<meta name=\"author\" content=\"N.S Carideal\" \/>\n<meta name=\"twitter:card\" content=\"summary_large_image\" \/>\n<meta name=\"twitter:creator\" content=\"@caridealauto\" \/>\n<meta name=\"twitter:site\" content=\"@caridealauto\" \/>\n<meta name=\"twitter:label1\" content=\"\u00c9crit par\" \/>\n\t<meta name=\"twitter:data1\" content=\"N.S Carideal\" \/>\n\t<meta name=\"twitter:label2\" content=\"Dur\u00e9e de lecture estim\u00e9e\" \/>\n\t<meta name=\"twitter:data2\" content=\"2 minutes\" \/>\n<script type=\"application\/ld+json\" class=\"yoast-schema-graph\">{\"@context\":\"https:\/\/schema.org\",\"@graph\":[{\"@type\":\"Article\",\"@id\":\"https:\/\/www.carideal.com\/blog\/2014\/05\/27\/la-porsche-911-targa\/#article\",\"isPartOf\":{\"@id\":\"https:\/\/www.carideal.com\/blog\/2014\/05\/27\/la-porsche-911-targa\/\"},\"author\":{\"name\":\"N.S Carideal\",\"@id\":\"https:\/\/www.carideal.com\/blog\/#\/schema\/person\/985c7e757d1042d647f21bfaf8d41ebc\"},\"headline\":\"Porsche 911 Targa 2014\",\"datePublished\":\"2014-05-27T14:19:00+00:00\",\"dateModified\":\"2016-12-27T09:47:03+00:00\",\"mainEntityOfPage\":{\"@id\":\"https:\/\/www.carideal.com\/blog\/2014\/05\/27\/la-porsche-911-targa\/\"},\"wordCount\":461,\"publisher\":{\"@id\":\"https:\/\/www.carideal.com\/blog\/#organization\"},\"image\":{\"@id\":\"https:\/\/www.carideal.com\/blog\/2014\/05\/27\/la-porsche-911-targa\/#primaryimage\"},\"thumbnailUrl\":\"https:\/\/www.carideal.com\/blog\/wp-content\/uploads\/2014\/05\/Porsche-911-Targa-2014.jpg\",\"articleSection\":[\"Actualit\u00e9 Constructeur automobile\",\"Actualit\u00e9 Porsche\",\"Salon automobile\",\"Salon de Detroit\"],\"inLanguage\":\"fr-FR\"},{\"@type\":\"WebPage\",\"@id\":\"https:\/\/www.carideal.com\/blog\/2014\/05\/27\/la-porsche-911-targa\/\",\"url\":\"https:\/\/www.carideal.com\/blog\/2014\/05\/27\/la-porsche-911-targa\/\",\"name\":\"Porsche 911 Targa 2014 - Blog auto Carid\u00e9al\",\"isPartOf\":{\"@id\":\"https:\/\/www.carideal.com\/blog\/#website\"},\"primaryImageOfPage\":{\"@id\":\"https:\/\/www.carideal.com\/blog\/2014\/05\/27\/la-porsche-911-targa\/#primaryimage\"},\"image\":{\"@id\":\"https:\/\/www.carideal.com\/blog\/2014\/05\/27\/la-porsche-911-targa\/#primaryimage\"},\"thumbnailUrl\":\"https:\/\/www.carideal.com\/blog\/wp-content\/uploads\/2014\/05\/Porsche-911-Targa-2014.jpg\",\"datePublished\":\"2014-05-27T14:19:00+00:00\",\"dateModified\":\"2016-12-27T09:47:03+00:00\",\"description\":\"La Porsche 911 Targa 2014 abandonne son toit en verre et son hayon pour un retour \u00e0 la toile souple avec arceau. Septi\u00e8me g\u00e9n\u00e9ration de Porsche 911 Targa\",\"breadcrumb\":{\"@id\":\"https:\/\/www.carideal.com\/blog\/2014\/05\/27\/la-porsche-911-targa\/#breadcrumb\"},\"inLanguage\":\"fr-FR\",\"potentialAction\":[{\"@type\":\"ReadAction\",\"target\":[\"https:\/\/www.carideal.com\/blog\/2014\/05\/27\/la-porsche-911-targa\/\"]}]},{\"@type\":\"ImageObject\",\"inLanguage\":\"fr-FR\",\"@id\":\"https:\/\/www.carideal.com\/blog\/2014\/05\/27\/la-porsche-911-targa\/#primaryimage\",\"url\":\"https:\/\/www.carideal.com\/blog\/wp-content\/uploads\/2014\/05\/Porsche-911-Targa-2014.jpg\",\"contentUrl\":\"https:\/\/www.carideal.com\/blog\/wp-content\/uploads\/2014\/05\/Porsche-911-Targa-2014.jpg\",\"width\":800,\"height\":533,\"caption\":\"Porsche 911 Targa 2014\"},{\"@type\":\"BreadcrumbList\",\"@id\":\"https:\/\/www.carideal.com\/blog\/2014\/05\/27\/la-porsche-911-targa\/#breadcrumb\",\"itemListElement\":[{\"@type\":\"ListItem\",\"position\":1,\"name\":\"Blog Carid\u00e9al\",\"item\":\"https:\/\/www.carideal.com\/blog\/\"},{\"@type\":\"ListItem\",\"position\":2,\"name\":\"Actualit\u00e9 constructeur automobile\",\"item\":\"https:\/\/www.carideal.com\/blog\/constructeur\/\"},{\"@type\":\"ListItem\",\"position\":3,\"name\":\"Porsche 911 Targa 2014\"}]},{\"@type\":\"WebSite\",\"@id\":\"https:\/\/www.carideal.com\/blog\/#website\",\"url\":\"https:\/\/www.carideal.com\/blog\/\",\"name\":\"Blog auto Carid\u00e9al\",\"description\":\"Actualit\u00e9 auto par des passionn\u00e9s\",\"publisher\":{\"@id\":\"https:\/\/www.carideal.com\/blog\/#organization\"},\"potentialAction\":[{\"@type\":\"SearchAction\",\"target\":{\"@type\":\"EntryPoint\",\"urlTemplate\":\"https:\/\/www.carideal.com\/blog\/?s={search_term_string}\"},\"query-input\":{\"@type\":\"PropertyValueSpecification\",\"valueRequired\":true,\"valueName\":\"search_term_string\"}}],\"inLanguage\":\"fr-FR\"},{\"@type\":\"Organization\",\"@id\":\"https:\/\/www.carideal.com\/blog\/#organization\",\"name\":\"Carideal\",\"url\":\"https:\/\/www.carideal.com\/blog\/\",\"logo\":{\"@type\":\"ImageObject\",\"inLanguage\":\"fr-FR\",\"@id\":\"https:\/\/www.carideal.com\/blog\/#\/schema\/logo\/image\/\",\"url\":\"http:\/\/www.carideal.com\/blog\/wp-content\/uploads\/2016\/03\/logo-carideal-mandataire-automobile.png\",\"contentUrl\":\"http:\/\/www.carideal.com\/blog\/wp-content\/uploads\/2016\/03\/logo-carideal-mandataire-automobile.png\",\"width\":300,\"height\":300,\"caption\":\"Carideal\"},\"image\":{\"@id\":\"https:\/\/www.carideal.com\/blog\/#\/schema\/logo\/image\/\"},\"sameAs\":[\"https:\/\/www.facebook.com\/Carideal.mandataire.automobile\",\"https:\/\/x.com\/caridealauto\",\"https:\/\/www.instagram.com\/carideal1\/\",\"https:\/\/www.linkedin.com\/company\/carideal.com\",\"https:\/\/fr.pinterest.com\/schiavonsas\/\",\"https:\/\/www.youtube.com\/user\/caridealsas\"]},{\"@type\":\"Person\",\"@id\":\"https:\/\/www.carideal.com\/blog\/#\/schema\/person\/985c7e757d1042d647f21bfaf8d41ebc\",\"name\":\"N.S Carideal\",\"image\":{\"@type\":\"ImageObject\",\"inLanguage\":\"fr-FR\",\"@id\":\"https:\/\/www.carideal.com\/blog\/#\/schema\/person\/image\/\",\"url\":\"https:\/\/secure.gravatar.com\/avatar\/edb7ccdf1a4e3d14aef967760d354d0e?s=96&r=g\",\"contentUrl\":\"https:\/\/secure.gravatar.com\/avatar\/edb7ccdf1a4e3d14aef967760d354d0e?s=96&r=g\",\"caption\":\"N.S Carideal\"},\"description\":\"Depuis tout petit fan d'automobile. Il est question d'essayer et de comparer toutes ces voitures qui nous ont fait r\u00e9ver, avant que celles-ci ne devient uniquement des voitures de collection.\",\"sameAs\":[\"http:\/\/www.carideal.com\/blog\",\"https:\/\/www.facebook.com\/Carideal.mandataire.automobile\/\",\"https:\/\/www.linkedin.com\/in\/nschiavon\/\",\"https:\/\/www.youtube.com\/user\/caridealsas\/\"],\"url\":\"https:\/\/www.carideal.com\/blog\/author\/admin_carideal\/\"}]}<\/script>\n<!-- \/ Yoast SEO plugin. -->","yoast_head_json":{"title":"Porsche 911 Targa 2014 - Blog auto Carid\u00e9al","description":"La Porsche 911 Targa 2014 abandonne son toit en verre et son hayon pour un retour \u00e0 la toile souple avec arceau. Septi\u00e8me g\u00e9n\u00e9ration de Porsche 911 Targa","robots":{"index":"index","follow":"follow","max-snippet":"max-snippet:-1","max-image-preview":"max-image-preview:large","max-video-preview":"max-video-preview:-1"},"canonical":"https:\/\/www.carideal.com\/blog\/2014\/05\/27\/la-porsche-911-targa\/","og_locale":"fr_FR","og_type":"article","og_title":"Porsche 911 Targa 2014 - Blog auto Carid\u00e9al","og_description":"La Porsche 911 Targa 2014 abandonne son toit en verre et son hayon pour un retour \u00e0 la toile souple avec arceau. Septi\u00e8me g\u00e9n\u00e9ration de Porsche 911 Targa","og_url":"https:\/\/www.carideal.com\/blog\/2014\/05\/27\/la-porsche-911-targa\/","og_site_name":"Blog auto Carid\u00e9al","article_publisher":"https:\/\/www.facebook.com\/Carideal.mandataire.automobile","article_author":"https:\/\/www.facebook.com\/Carideal.mandataire.automobile\/","article_published_time":"2014-05-27T14:19:00+00:00","article_modified_time":"2016-12-27T09:47:03+00:00","og_image":[{"width":800,"height":533,"url":"https:\/\/www.carideal.com\/blog\/wp-content\/uploads\/2014\/05\/Porsche-911-Targa-2014.jpg","type":"image\/jpeg"}],"author":"N.S Carideal","twitter_card":"summary_large_image","twitter_creator":"@caridealauto","twitter_site":"@caridealauto","twitter_misc":{"\u00c9crit par":"N.S Carideal","Dur\u00e9e de lecture estim\u00e9e":"2 minutes"},"schema":{"@context":"https:\/\/schema.org","@graph":[{"@type":"Article","@id":"https:\/\/www.carideal.com\/blog\/2014\/05\/27\/la-porsche-911-targa\/#article","isPartOf":{"@id":"https:\/\/www.carideal.com\/blog\/2014\/05\/27\/la-porsche-911-targa\/"},"author":{"name":"N.S Carideal","@id":"https:\/\/www.carideal.com\/blog\/#\/schema\/person\/985c7e757d1042d647f21bfaf8d41ebc"},"headline":"Porsche 911 Targa 2014","datePublished":"2014-05-27T14:19:00+00:00","dateModified":"2016-12-27T09:47:03+00:00","mainEntityOfPage":{"@id":"https:\/\/www.carideal.com\/blog\/2014\/05\/27\/la-porsche-911-targa\/"},"wordCount":461,"publisher":{"@id":"https:\/\/www.carideal.com\/blog\/#organization"},"image":{"@id":"https:\/\/www.carideal.com\/blog\/2014\/05\/27\/la-porsche-911-targa\/#primaryimage"},"thumbnailUrl":"https:\/\/www.carideal.com\/blog\/wp-content\/uploads\/2014\/05\/Porsche-911-Targa-2014.jpg","articleSection":["Actualit\u00e9 Constructeur automobile","Actualit\u00e9 Porsche","Salon automobile","Salon de Detroit"],"inLanguage":"fr-FR"},{"@type":"WebPage","@id":"https:\/\/www.carideal.com\/blog\/2014\/05\/27\/la-porsche-911-targa\/","url":"https:\/\/www.carideal.com\/blog\/2014\/05\/27\/la-porsche-911-targa\/","name":"Porsche 911 Targa 2014 - Blog auto Carid\u00e9al","isPartOf":{"@id":"https:\/\/www.carideal.com\/blog\/#website"},"primaryImageOfPage":{"@id":"https:\/\/www.carideal.com\/blog\/2014\/05\/27\/la-porsche-911-targa\/#primaryimage"},"image":{"@id":"https:\/\/www.carideal.com\/blog\/2014\/05\/27\/la-porsche-911-targa\/#primaryimage"},"thumbnailUrl":"https:\/\/www.carideal.com\/blog\/wp-content\/uploads\/2014\/05\/Porsche-911-Targa-2014.jpg","datePublished":"2014-05-27T14:19:00+00:00","dateModified":"2016-12-27T09:47:03+00:00","description":"La Porsche 911 Targa 2014 abandonne son toit en verre et son hayon pour un retour \u00e0 la toile souple avec arceau. Septi\u00e8me g\u00e9n\u00e9ration de Porsche 911 Targa","breadcrumb":{"@id":"https:\/\/www.carideal.com\/blog\/2014\/05\/27\/la-porsche-911-targa\/#breadcrumb"},"inLanguage":"fr-FR","potentialAction":[{"@type":"ReadAction","target":["https:\/\/www.carideal.com\/blog\/2014\/05\/27\/la-porsche-911-targa\/"]}]},{"@type":"ImageObject","inLanguage":"fr-FR","@id":"https:\/\/www.carideal.com\/blog\/2014\/05\/27\/la-porsche-911-targa\/#primaryimage","url":"https:\/\/www.carideal.com\/blog\/wp-content\/uploads\/2014\/05\/Porsche-911-Targa-2014.jpg","contentUrl":"https:\/\/www.carideal.com\/blog\/wp-content\/uploads\/2014\/05\/Porsche-911-Targa-2014.jpg","width":800,"height":533,"caption":"Porsche 911 Targa 2014"},{"@type":"BreadcrumbList","@id":"https:\/\/www.carideal.com\/blog\/2014\/05\/27\/la-porsche-911-targa\/#breadcrumb","itemListElement":[{"@type":"ListItem","position":1,"name":"Blog Carid\u00e9al","item":"https:\/\/www.carideal.com\/blog\/"},{"@type":"ListItem","position":2,"name":"Actualit\u00e9 constructeur automobile","item":"https:\/\/www.carideal.com\/blog\/constructeur\/"},{"@type":"ListItem","position":3,"name":"Porsche 911 Targa 2014"}]},{"@type":"WebSite","@id":"https:\/\/www.carideal.com\/blog\/#website","url":"https:\/\/www.carideal.com\/blog\/","name":"Blog auto Carid\u00e9al","description":"Actualit\u00e9 auto par des passionn\u00e9s","publisher":{"@id":"https:\/\/www.carideal.com\/blog\/#organization"},"potentialAction":[{"@type":"SearchAction","target":{"@type":"EntryPoint","urlTemplate":"https:\/\/www.carideal.com\/blog\/?s={search_term_string}"},"query-input":{"@type":"PropertyValueSpecification","valueRequired":true,"valueName":"search_term_string"}}],"inLanguage":"fr-FR"},{"@type":"Organization","@id":"https:\/\/www.carideal.com\/blog\/#organization","name":"Carideal","url":"https:\/\/www.carideal.com\/blog\/","logo":{"@type":"ImageObject","inLanguage":"fr-FR","@id":"https:\/\/www.carideal.com\/blog\/#\/schema\/logo\/image\/","url":"http:\/\/www.carideal.com\/blog\/wp-content\/uploads\/2016\/03\/logo-carideal-mandataire-automobile.png","contentUrl":"http:\/\/www.carideal.com\/blog\/wp-content\/uploads\/2016\/03\/logo-carideal-mandataire-automobile.png","width":300,"height":300,"caption":"Carideal"},"image":{"@id":"https:\/\/www.carideal.com\/blog\/#\/schema\/logo\/image\/"},"sameAs":["https:\/\/www.facebook.com\/Carideal.mandataire.automobile","https:\/\/x.com\/caridealauto","https:\/\/www.instagram.com\/carideal1\/","https:\/\/www.linkedin.com\/company\/carideal.com","https:\/\/fr.pinterest.com\/schiavonsas\/","https:\/\/www.youtube.com\/user\/caridealsas"]},{"@type":"Person","@id":"https:\/\/www.carideal.com\/blog\/#\/schema\/person\/985c7e757d1042d647f21bfaf8d41ebc","name":"N.S Carideal","image":{"@type":"ImageObject","inLanguage":"fr-FR","@id":"https:\/\/www.carideal.com\/blog\/#\/schema\/person\/image\/","url":"https:\/\/secure.gravatar.com\/avatar\/edb7ccdf1a4e3d14aef967760d354d0e?s=96&r=g","contentUrl":"https:\/\/secure.gravatar.com\/avatar\/edb7ccdf1a4e3d14aef967760d354d0e?s=96&r=g","caption":"N.S Carideal"},"description":"Depuis tout petit fan d'automobile. Il est question d'essayer et de comparer toutes ces voitures qui nous ont fait r\u00e9ver, avant que celles-ci ne devient uniquement des voitures de collection.","sameAs":["http:\/\/www.carideal.com\/blog","https:\/\/www.facebook.com\/Carideal.mandataire.automobile\/","https:\/\/www.linkedin.com\/in\/nschiavon\/","https:\/\/www.youtube.com\/user\/caridealsas\/"],"url":"https:\/\/www.carideal.com\/blog\/author\/admin_carideal\/"}]}},"uagb_featured_image_src":{"full":["https:\/\/www.carideal.com\/blog\/wp-content\/uploads\/2014\/05\/Porsche-911-Targa-2014.jpg",800,533,false],"thumbnail":["https:\/\/www.carideal.com\/blog\/wp-content\/uploads\/2014\/05\/Porsche-911-Targa-2014-150x150.jpg",150,150,true],"medium":["https:\/\/www.carideal.com\/blog\/wp-content\/uploads\/2014\/05\/Porsche-911-Targa-2014-300x200.jpg",300,200,true],"medium_large":["https:\/\/www.carideal.com\/blog\/wp-content\/uploads\/2014\/05\/Porsche-911-Targa-2014-768x512.jpg",768,512,true],"large":["https:\/\/www.carideal.com\/blog\/wp-content\/uploads\/2014\/05\/Porsche-911-Targa-2014.jpg",800,533,false],"1536x1536":["https:\/\/www.carideal.com\/blog\/wp-content\/uploads\/2014\/05\/Porsche-911-Targa-2014.jpg",800,533,false],"2048x2048":["https:\/\/www.carideal.com\/blog\/wp-content\/uploads\/2014\/05\/Porsche-911-Targa-2014.jpg",800,533,false],"wppr-widget":["https:\/\/www.carideal.com\/blog\/wp-content\/uploads\/2014\/05\/Porsche-911-Targa-2014.jpg",50,33,false]},"uagb_author_info":{"display_name":"N.S Carideal","author_link":"https:\/\/www.carideal.com\/blog\/author\/admin_carideal\/"},"uagb_comment_info":0,"uagb_excerpt":"La Porsche 911 Targa 2014 La Porsche 911 Targa\u00a02014 abandonne son toit en verre et son hayon pour un retour \u00e0 la toile souple avec arceau. Cette septi\u00e8me g\u00e9n\u00e9ration de Porsche 911 Targa est \u00e0 mi-chemin entre le coup\u00e9 et le cabriolet. Les si\u00e8ges avant sont en toile souple et le m\u00e9canisme de la capote\u2026","_links":{"self":[{"href":"https:\/\/www.carideal.com\/blog\/wp-json\/wp\/v2\/posts\/1529"}],"collection":[{"href":"https:\/\/www.carideal.com\/blog\/wp-json\/wp\/v2\/posts"}],"about":[{"href":"https:\/\/www.carideal.com\/blog\/wp-json\/wp\/v2\/types\/post"}],"author":[{"embeddable":true,"href":"https:\/\/www.carideal.com\/blog\/wp-json\/wp\/v2\/users\/1"}],"replies":[{"embeddable":true,"href":"https:\/\/www.carideal.com\/blog\/wp-json\/wp\/v2\/comments?post=1529"}],"version-history":[{"count":0,"href":"https:\/\/www.carideal.com\/blog\/wp-json\/wp\/v2\/posts\/1529\/revisions"}],"wp:featuredmedia":[{"embeddable":true,"href":"https:\/\/www.carideal.com\/blog\/wp-json\/wp\/v2\/media\/14350"}],"wp:attachment":[{"href":"https:\/\/www.carideal.com\/blog\/wp-json\/wp\/v2\/media?parent=1529"}],"wp:term":[{"taxonomy":"category","embeddable":true,"href":"https:\/\/www.carideal.com\/blog\/wp-json\/wp\/v2\/categories?post=1529"},{"taxonomy":"post_tag","embeddable":true,"href":"https:\/\/www.carideal.com\/blog\/wp-json\/wp\/v2\/tags?post=1529"}],"curies":[{"name":"wp","href":"https:\/\/api.w.org\/{rel}","templated":true}]}}