{"id":1528,"date":"2014-05-27T13:26:00","date_gmt":"2014-05-27T13:26:00","guid":{"rendered":"http:\/\/carideal.com\/blog\/?p=1528"},"modified":"2020-03-07T16:30:40","modified_gmt":"2020-03-07T15:30:40","slug":"la-volkswagen-beetle-dune","status":"publish","type":"post","link":"https:\/\/www.carideal.com\/blog\/2014\/05\/27\/la-volkswagen-beetle-dune\/","title":{"rendered":"La Volkswagen Beetle Dune \u00e0 Detroit"},"content":{"rendered":"<h1>La Volkswagen Beetle Dune<\/h1>\n<p>La<strong> Volkswagen Beetle Dune<\/strong> est une <strong>coccinelle<\/strong> habill\u00e9e fa\u00e7on <strong>buggy<\/strong>, moins extravagante que le prototype de 2000. <a href=\"http:\/\/www.carideal.com\/blog\/marque-de-voiture-actualites-essais\/volkswagen\/\">Volkswagen<\/a> envisage de la produire en s\u00e9rie. Cette Beetle Dune est b\u00e2tie sur le mod\u00e8le de la seconde g\u00e9n\u00e9ration de coccinelle, elle est dot\u00e9e d'un moteur 2.0 TSI de 211 ch associ\u00e9 \u00e0 une bo\u00eete DSG 6 rapports.<\/p>\n<p>Achetez votre Volkswagen avec Carideal mandataire automobile<\/p>\n<p>Ce concept car est \u00e0 traction avec un garde au sol rehauss\u00e9 de 5 cm sur des roues 19 pouces. Contrairement \u00e0 son nom cette voiture ne vise pas le sable mais plut\u00f4t la neige et les sports d'hiver, d'o\u00f9 sa pr\u00e9sentation avec des skis \u00e0 l'arri\u00e8re.<br \/>\nElle est \u00e9quip\u00e9 de feux LED \u00e0 demi circulaire et d'un toit panoramique. Sa planche de bord est simple avec une poign\u00e9e qui remplace la bo\u00eete \u00e0 gant et un \u00e9cran tactile au centre.<\/p>\n<figure id=\"attachment_16617\" aria-describedby=\"caption-attachment-16617\" style=\"width: 438px\" class=\"wp-caption alignnone\"><a href=\"http:\/\/www.carideal.com\/blog\/wp-content\/uploads\/2014\/05\/volkswagen-beetle-dune-concept-2014-carideal-mandataire-automobile_m.jpg\"><img loading=\"lazy\" decoding=\"async\" class=\"size-full wp-image-16617\" src=\"http:\/\/www.carideal.com\/blog\/wp-content\/uploads\/2014\/05\/volkswagen-beetle-dune-concept-2014-carideal-mandataire-automobile_m.jpg\" alt=\"Volkswagen Beetle Dune\" width=\"448\" height=\"298\" srcset=\"https:\/\/www.carideal.com\/blog\/wp-content\/uploads\/2014\/05\/volkswagen-beetle-dune-concept-2014-carideal-mandataire-automobile_m.jpg 448w, https:\/\/www.carideal.com\/blog\/wp-content\/uploads\/2014\/05\/volkswagen-beetle-dune-concept-2014-carideal-mandataire-automobile_m-300x200.jpg 300w, https:\/\/www.carideal.com\/blog\/wp-content\/uploads\/2014\/05\/volkswagen-beetle-dune-concept-2014-carideal-mandataire-automobile_m-110x73.jpg 110w, https:\/\/www.carideal.com\/blog\/wp-content\/uploads\/2014\/05\/volkswagen-beetle-dune-concept-2014-carideal-mandataire-automobile_m-420x279.jpg 420w, https:\/\/www.carideal.com\/blog\/wp-content\/uploads\/2014\/05\/volkswagen-beetle-dune-concept-2014-carideal-mandataire-automobile_m-272x182.jpg 272w\" sizes=\"(max-width: 448px) 100vw, 448px\" \/><\/a><figcaption id=\"caption-attachment-16617\" class=\"wp-caption-text\">Volkswagen Beetle Dune<\/figcaption><\/figure>\n<p>Avez-vous song\u00e9 \u00e0 acheter une coccinelle Volkswagen, mais votre style de vie actif, comme \u00abfaire\u00a0de la planche \u00e0 voile au Monteynard \u00e0 Grenoble\u00a0en Is\u00e8re, ou skier \u00e0 Courchevel, en Savoie, ou de la plong\u00e9e \u00e0 Marseille\u00bb, vous interdirait d'acheter un v\u00e9hicule aussi urbain ? N'ayez pas peur, car\u00a0Volkswagen a ce qu'il vous faut : ce concept Beetle Dune, qui fait ses d\u00e9buts au <a href=\"http:\/\/www.carideal.com\/blog\/salons\/salon-detroit\/\">Salon de l'auto de Detroit<\/a> cette ann\u00e9e, et il pr\u00e9voit m\u00eame un futur mod\u00e8le de production.<br \/>\nPropuls\u00e9 par le m\u00eame moteur turbo \u00e0 injection directe de 2,0 litres qui alimente la Beetle Turbo R-Line, le concept Beetle Dune d\u00e9veloppe 210 chevaux et\u00a0280 Nm de couple. Alors qu'il obtient\u00a010.7 l\/100 km en ville et\u00a07.8 l\/100 km sur l'autoroute dans\u00a0une\u00a0Beetle de s\u00e9rie, ces chiffres changent sur l'autoroute\u00a08.11 l\/100 km et, curieusement,\u00a010.22\u00a0en ville pour la Dune. Le concept est \u00e9quip\u00e9 d'une boite\u00a0automatique \u00e0 double embrayage \u00e0 six rapports, et malgr\u00e9 les pr\u00e9tentions esth\u00e9tiques\u00a0tous chemins du concept Beetle Dune, seules les roues avant sont entra\u00een\u00e9es.<\/p>\n<p><iframe loading=\"lazy\" src=\"https:\/\/www.youtube.com\/embed\/xQn2tmLryAM\" width=\"560\" height=\"315\" frameborder=\"0\" allowfullscreen=\"allowfullscreen\"><\/iframe><\/p>\n<p>Au moins, il ira plus loin qu'une\u00a0Beetle normale avant de se coincer. La garde au sol augmente de 5 cm, et le concept totalise\u00a0quelques milim\u00e8tres de plus.\u00a0La largeur des voies augmente de\u00a02.8 cm \u00e0 la fois \u00e0 l'avant et \u00e0 l'arri\u00e8re, tandis que la largeur totale augmente de 5.6 cm; le concept\u00a0Beetle Dune fait 2.5 cm de plus en longueur.<br \/>\nLa carrosserie\u00a0est \u00e9quip\u00e9 d'un certain nombre de signaux de croisement non fonctionnels, y compris les passages de roue gris-mat compl\u00e9t\u00e9s par des lames noires qui \"semblent planer au-dessus des bo\u00eetiers de roue massifs.\" Il y a des panneaux de seuil en aluminium, et le concept Bettle Dune comporte d'\u00e9normes plaques de protection de dessous de caisse. Le capot est\u00a0fait sur mesure avec une section centrale sur\u00e9lev\u00e9e, et la section inf\u00e9rieure du pare-chocs est domin\u00e9e par des phares antibrouillard semi-circulaires \u00e0\u00a0LED qui refl\u00e8tent les phares de la Beetle. Le show car est \u00e9galement \u00e9quip\u00e9 d'un toit panoramique, source de nombreux maux de t\u00eate pendant la p\u00e9riode pr\u00e9c\u00e9dant la production de la Beetle.<\/p>\n<p>L'int\u00e9rieur du Concept Beetle Dune est \u00e9quip\u00e9 de si\u00e8ges multicolores robustes, tandis que le tableau de bord est dot\u00e9 d'une barre d'appui qui remplace la bo\u00eete \u00e0 gants. Au centre de l'int\u00e9rieur se trouve l'interface \u00e0 \u00e9cran tactile Active Matrix Organic LED (AMOLED) de 7,7 pouces. Dans cet \u00e9cran se trouve \"Volkswagen Sideways\", une application qui int\u00e8gre des points d'int\u00e9r\u00eat dans le syst\u00e8me de navigation, et informe \u00e9galement les utilisateurs si des amis se trouvent sur l'un des points d'int\u00e9r\u00eat propos\u00e9s.<br \/>\nIl y a quatorze ans, Volkswagen a pr\u00e9sent\u00e9 le concept New Beetle Dune, qui int\u00e9grait une gamme similaire d'innovations et de v\u00e9hicules\u00a0tous chemins dans la New Beetle. Mais c'est rest\u00e9 une seule fois. Le concept Beetle Dune, cependant, ne\u00a0verra probablement pas le jour. Des sources \u00e0 Wolfsburg sugg\u00e8rent qu'une version de production de la Beetle Dune arrivera chez les concessionnaires dans les prochaines ann\u00e9es sous le nom de CrossBeetle.<\/p>\n","protected":false},"excerpt":{"rendered":"<p>La Volkswagen Beetle Dune La Volkswagen Beetle Dune est une coccinelle habill\u00e9e fa\u00e7on buggy, moins extravagante que le prototype de 2000. Volkswagen envisage de la produire en s\u00e9rie. Cette Beetle Dune est b\u00e2tie sur le mod\u00e8le de la seconde g\u00e9n\u00e9ration de coccinelle, elle est dot\u00e9e d&rsquo;un moteur 2.0 TSI de 211 ch associ\u00e9 \u00e0 une &#8230; <a title=\"La Volkswagen Beetle Dune \u00e0 Detroit\" class=\"read-more\" href=\"https:\/\/www.carideal.com\/blog\/2014\/05\/27\/la-volkswagen-beetle-dune\/\" aria-label=\"En savoir plus sur La Volkswagen Beetle Dune \u00e0 Detroit\">Lire plus<\/a><\/p>\n","protected":false},"author":1,"featured_media":16618,"comment_status":"closed","ping_status":"open","sticky":false,"template":"","format":"standard","meta":{"_uag_custom_page_level_css":"","_themeisle_gutenberg_block_has_review":false,"footnotes":""},"categories":[5944,5985,18],"tags":[],"class_list":["post-1528","post","type-post","status-publish","format-standard","has-post-thumbnail","hentry","category-constructeur","category-volkswagen","category-videos"],"wppr_data":{"cwp_meta_box_check":"No"},"yoast_head":"<!-- This site is optimized with the Yoast SEO plugin v24.8.1 - https:\/\/yoast.com\/wordpress\/plugins\/seo\/ -->\n<title>La Volkswagen Beetle Dune \u00e0 Detroit - Blog auto Carid\u00e9al<\/title>\n<meta name=\"description\" content=\"D\u00e9couverte du concept Volkswagen Beetle Dune au salon de l&#039;auto de Detroit : les principales caract\u00e9ristiques de la Beetle Dune\" \/>\n<meta name=\"robots\" content=\"index, follow, max-snippet:-1, max-image-preview:large, max-video-preview:-1\" \/>\n<link rel=\"canonical\" href=\"https:\/\/www.carideal.com\/blog\/2014\/05\/27\/la-volkswagen-beetle-dune\/\" \/>\n<meta property=\"og:locale\" content=\"fr_FR\" \/>\n<meta property=\"og:type\" content=\"article\" \/>\n<meta property=\"og:title\" content=\"La Volkswagen Beetle Dune \u00e0 Detroit - Blog auto Carid\u00e9al\" \/>\n<meta property=\"og:description\" content=\"D\u00e9couverte du concept Volkswagen Beetle Dune au salon de l&#039;auto de Detroit : les principales caract\u00e9ristiques de la Beetle Dune\" \/>\n<meta property=\"og:url\" content=\"https:\/\/www.carideal.com\/blog\/2014\/05\/27\/la-volkswagen-beetle-dune\/\" \/>\n<meta property=\"og:site_name\" content=\"Blog auto Carid\u00e9al\" \/>\n<meta property=\"article:publisher\" content=\"https:\/\/www.facebook.com\/Carideal.mandataire.automobile\" \/>\n<meta property=\"article:author\" content=\"https:\/\/www.facebook.com\/Carideal.mandataire.automobile\/\" \/>\n<meta property=\"article:published_time\" content=\"2014-05-27T13:26:00+00:00\" \/>\n<meta property=\"article:modified_time\" content=\"2020-03-07T15:30:40+00:00\" \/>\n<meta property=\"og:image\" content=\"https:\/\/www.carideal.com\/blog\/wp-content\/uploads\/2014\/05\/volkswagen-beetle-dune-concept-2014-e1511696507271.jpg\" \/>\n\t<meta property=\"og:image:width\" content=\"800\" \/>\n\t<meta property=\"og:image:height\" content=\"450\" \/>\n\t<meta property=\"og:image:type\" content=\"image\/jpeg\" \/>\n<meta name=\"author\" content=\"N.S Carideal\" \/>\n<meta name=\"twitter:card\" content=\"summary_large_image\" \/>\n<meta name=\"twitter:creator\" content=\"@caridealauto\" \/>\n<meta name=\"twitter:site\" content=\"@caridealauto\" \/>\n<meta name=\"twitter:label1\" content=\"\u00c9crit par\" \/>\n\t<meta name=\"twitter:data1\" content=\"N.S Carideal\" \/>\n\t<meta name=\"twitter:label2\" content=\"Dur\u00e9e de lecture estim\u00e9e\" \/>\n\t<meta name=\"twitter:data2\" content=\"3 minutes\" \/>\n<script type=\"application\/ld+json\" class=\"yoast-schema-graph\">{\"@context\":\"https:\/\/schema.org\",\"@graph\":[{\"@type\":\"Article\",\"@id\":\"https:\/\/www.carideal.com\/blog\/2014\/05\/27\/la-volkswagen-beetle-dune\/#article\",\"isPartOf\":{\"@id\":\"https:\/\/www.carideal.com\/blog\/2014\/05\/27\/la-volkswagen-beetle-dune\/\"},\"author\":{\"name\":\"N.S Carideal\",\"@id\":\"https:\/\/www.carideal.com\/blog\/#\/schema\/person\/985c7e757d1042d647f21bfaf8d41ebc\"},\"headline\":\"La Volkswagen Beetle Dune \u00e0 Detroit\",\"datePublished\":\"2014-05-27T13:26:00+00:00\",\"dateModified\":\"2020-03-07T15:30:40+00:00\",\"mainEntityOfPage\":{\"@id\":\"https:\/\/www.carideal.com\/blog\/2014\/05\/27\/la-volkswagen-beetle-dune\/\"},\"wordCount\":689,\"publisher\":{\"@id\":\"https:\/\/www.carideal.com\/blog\/#organization\"},\"image\":{\"@id\":\"https:\/\/www.carideal.com\/blog\/2014\/05\/27\/la-volkswagen-beetle-dune\/#primaryimage\"},\"thumbnailUrl\":\"https:\/\/www.carideal.com\/blog\/wp-content\/uploads\/2014\/05\/volkswagen-beetle-dune-concept-2014-e1511696507271.jpg\",\"articleSection\":[\"Actualit\u00e9 Constructeur automobile\",\"Actualit\u00e9 Volkswagen\",\"Vid\u00e9o voiture : vid\u00e9o automobile\"],\"inLanguage\":\"fr-FR\"},{\"@type\":\"WebPage\",\"@id\":\"https:\/\/www.carideal.com\/blog\/2014\/05\/27\/la-volkswagen-beetle-dune\/\",\"url\":\"https:\/\/www.carideal.com\/blog\/2014\/05\/27\/la-volkswagen-beetle-dune\/\",\"name\":\"La Volkswagen Beetle Dune \u00e0 Detroit - Blog auto Carid\u00e9al\",\"isPartOf\":{\"@id\":\"https:\/\/www.carideal.com\/blog\/#website\"},\"primaryImageOfPage\":{\"@id\":\"https:\/\/www.carideal.com\/blog\/2014\/05\/27\/la-volkswagen-beetle-dune\/#primaryimage\"},\"image\":{\"@id\":\"https:\/\/www.carideal.com\/blog\/2014\/05\/27\/la-volkswagen-beetle-dune\/#primaryimage\"},\"thumbnailUrl\":\"https:\/\/www.carideal.com\/blog\/wp-content\/uploads\/2014\/05\/volkswagen-beetle-dune-concept-2014-e1511696507271.jpg\",\"datePublished\":\"2014-05-27T13:26:00+00:00\",\"dateModified\":\"2020-03-07T15:30:40+00:00\",\"description\":\"D\u00e9couverte du concept Volkswagen Beetle Dune au salon de l'auto de Detroit : les principales caract\u00e9ristiques de la Beetle Dune\",\"breadcrumb\":{\"@id\":\"https:\/\/www.carideal.com\/blog\/2014\/05\/27\/la-volkswagen-beetle-dune\/#breadcrumb\"},\"inLanguage\":\"fr-FR\",\"potentialAction\":[{\"@type\":\"ReadAction\",\"target\":[\"https:\/\/www.carideal.com\/blog\/2014\/05\/27\/la-volkswagen-beetle-dune\/\"]}]},{\"@type\":\"ImageObject\",\"inLanguage\":\"fr-FR\",\"@id\":\"https:\/\/www.carideal.com\/blog\/2014\/05\/27\/la-volkswagen-beetle-dune\/#primaryimage\",\"url\":\"https:\/\/www.carideal.com\/blog\/wp-content\/uploads\/2014\/05\/volkswagen-beetle-dune-concept-2014-e1511696507271.jpg\",\"contentUrl\":\"https:\/\/www.carideal.com\/blog\/wp-content\/uploads\/2014\/05\/volkswagen-beetle-dune-concept-2014-e1511696507271.jpg\",\"width\":800,\"height\":450,\"caption\":\"Volkswagen Beetle Dune Concept 2014\"},{\"@type\":\"BreadcrumbList\",\"@id\":\"https:\/\/www.carideal.com\/blog\/2014\/05\/27\/la-volkswagen-beetle-dune\/#breadcrumb\",\"itemListElement\":[{\"@type\":\"ListItem\",\"position\":1,\"name\":\"Blog Carid\u00e9al\",\"item\":\"https:\/\/www.carideal.com\/blog\/\"},{\"@type\":\"ListItem\",\"position\":2,\"name\":\"Actualit\u00e9 constructeur automobile\",\"item\":\"https:\/\/www.carideal.com\/blog\/constructeur\/\"},{\"@type\":\"ListItem\",\"position\":3,\"name\":\"La Volkswagen Beetle Dune \u00e0 Detroit\"}]},{\"@type\":\"WebSite\",\"@id\":\"https:\/\/www.carideal.com\/blog\/#website\",\"url\":\"https:\/\/www.carideal.com\/blog\/\",\"name\":\"Blog auto Carid\u00e9al\",\"description\":\"Actualit\u00e9 auto par des passionn\u00e9s\",\"publisher\":{\"@id\":\"https:\/\/www.carideal.com\/blog\/#organization\"},\"potentialAction\":[{\"@type\":\"SearchAction\",\"target\":{\"@type\":\"EntryPoint\",\"urlTemplate\":\"https:\/\/www.carideal.com\/blog\/?s={search_term_string}\"},\"query-input\":{\"@type\":\"PropertyValueSpecification\",\"valueRequired\":true,\"valueName\":\"search_term_string\"}}],\"inLanguage\":\"fr-FR\"},{\"@type\":\"Organization\",\"@id\":\"https:\/\/www.carideal.com\/blog\/#organization\",\"name\":\"Carideal\",\"url\":\"https:\/\/www.carideal.com\/blog\/\",\"logo\":{\"@type\":\"ImageObject\",\"inLanguage\":\"fr-FR\",\"@id\":\"https:\/\/www.carideal.com\/blog\/#\/schema\/logo\/image\/\",\"url\":\"http:\/\/www.carideal.com\/blog\/wp-content\/uploads\/2016\/03\/logo-carideal-mandataire-automobile.png\",\"contentUrl\":\"http:\/\/www.carideal.com\/blog\/wp-content\/uploads\/2016\/03\/logo-carideal-mandataire-automobile.png\",\"width\":300,\"height\":300,\"caption\":\"Carideal\"},\"image\":{\"@id\":\"https:\/\/www.carideal.com\/blog\/#\/schema\/logo\/image\/\"},\"sameAs\":[\"https:\/\/www.facebook.com\/Carideal.mandataire.automobile\",\"https:\/\/x.com\/caridealauto\",\"https:\/\/www.instagram.com\/carideal1\/\",\"https:\/\/www.linkedin.com\/company\/carideal.com\",\"https:\/\/fr.pinterest.com\/schiavonsas\/\",\"https:\/\/www.youtube.com\/user\/caridealsas\"]},{\"@type\":\"Person\",\"@id\":\"https:\/\/www.carideal.com\/blog\/#\/schema\/person\/985c7e757d1042d647f21bfaf8d41ebc\",\"name\":\"N.S Carideal\",\"image\":{\"@type\":\"ImageObject\",\"inLanguage\":\"fr-FR\",\"@id\":\"https:\/\/www.carideal.com\/blog\/#\/schema\/person\/image\/\",\"url\":\"https:\/\/secure.gravatar.com\/avatar\/edb7ccdf1a4e3d14aef967760d354d0e?s=96&r=g\",\"contentUrl\":\"https:\/\/secure.gravatar.com\/avatar\/edb7ccdf1a4e3d14aef967760d354d0e?s=96&r=g\",\"caption\":\"N.S Carideal\"},\"description\":\"Depuis tout petit fan d'automobile. Il est question d'essayer et de comparer toutes ces voitures qui nous ont fait r\u00e9ver, avant que celles-ci ne devient uniquement des voitures de collection.\",\"sameAs\":[\"http:\/\/www.carideal.com\/blog\",\"https:\/\/www.facebook.com\/Carideal.mandataire.automobile\/\",\"https:\/\/www.linkedin.com\/in\/nschiavon\/\",\"https:\/\/www.youtube.com\/user\/caridealsas\/\"],\"url\":\"https:\/\/www.carideal.com\/blog\/author\/admin_carideal\/\"}]}<\/script>\n<!-- \/ Yoast SEO plugin. -->","yoast_head_json":{"title":"La Volkswagen Beetle Dune \u00e0 Detroit - Blog auto Carid\u00e9al","description":"D\u00e9couverte du concept Volkswagen Beetle Dune au salon de l'auto de Detroit : les principales caract\u00e9ristiques de la Beetle Dune","robots":{"index":"index","follow":"follow","max-snippet":"max-snippet:-1","max-image-preview":"max-image-preview:large","max-video-preview":"max-video-preview:-1"},"canonical":"https:\/\/www.carideal.com\/blog\/2014\/05\/27\/la-volkswagen-beetle-dune\/","og_locale":"fr_FR","og_type":"article","og_title":"La Volkswagen Beetle Dune \u00e0 Detroit - Blog auto Carid\u00e9al","og_description":"D\u00e9couverte du concept Volkswagen Beetle Dune au salon de l'auto de Detroit : les principales caract\u00e9ristiques de la Beetle Dune","og_url":"https:\/\/www.carideal.com\/blog\/2014\/05\/27\/la-volkswagen-beetle-dune\/","og_site_name":"Blog auto Carid\u00e9al","article_publisher":"https:\/\/www.facebook.com\/Carideal.mandataire.automobile","article_author":"https:\/\/www.facebook.com\/Carideal.mandataire.automobile\/","article_published_time":"2014-05-27T13:26:00+00:00","article_modified_time":"2020-03-07T15:30:40+00:00","og_image":[{"width":800,"height":450,"url":"https:\/\/www.carideal.com\/blog\/wp-content\/uploads\/2014\/05\/volkswagen-beetle-dune-concept-2014-e1511696507271.jpg","type":"image\/jpeg"}],"author":"N.S Carideal","twitter_card":"summary_large_image","twitter_creator":"@caridealauto","twitter_site":"@caridealauto","twitter_misc":{"\u00c9crit par":"N.S Carideal","Dur\u00e9e de lecture estim\u00e9e":"3 minutes"},"schema":{"@context":"https:\/\/schema.org","@graph":[{"@type":"Article","@id":"https:\/\/www.carideal.com\/blog\/2014\/05\/27\/la-volkswagen-beetle-dune\/#article","isPartOf":{"@id":"https:\/\/www.carideal.com\/blog\/2014\/05\/27\/la-volkswagen-beetle-dune\/"},"author":{"name":"N.S Carideal","@id":"https:\/\/www.carideal.com\/blog\/#\/schema\/person\/985c7e757d1042d647f21bfaf8d41ebc"},"headline":"La Volkswagen Beetle Dune \u00e0 Detroit","datePublished":"2014-05-27T13:26:00+00:00","dateModified":"2020-03-07T15:30:40+00:00","mainEntityOfPage":{"@id":"https:\/\/www.carideal.com\/blog\/2014\/05\/27\/la-volkswagen-beetle-dune\/"},"wordCount":689,"publisher":{"@id":"https:\/\/www.carideal.com\/blog\/#organization"},"image":{"@id":"https:\/\/www.carideal.com\/blog\/2014\/05\/27\/la-volkswagen-beetle-dune\/#primaryimage"},"thumbnailUrl":"https:\/\/www.carideal.com\/blog\/wp-content\/uploads\/2014\/05\/volkswagen-beetle-dune-concept-2014-e1511696507271.jpg","articleSection":["Actualit\u00e9 Constructeur automobile","Actualit\u00e9 Volkswagen","Vid\u00e9o voiture : vid\u00e9o automobile"],"inLanguage":"fr-FR"},{"@type":"WebPage","@id":"https:\/\/www.carideal.com\/blog\/2014\/05\/27\/la-volkswagen-beetle-dune\/","url":"https:\/\/www.carideal.com\/blog\/2014\/05\/27\/la-volkswagen-beetle-dune\/","name":"La Volkswagen Beetle Dune \u00e0 Detroit - Blog auto Carid\u00e9al","isPartOf":{"@id":"https:\/\/www.carideal.com\/blog\/#website"},"primaryImageOfPage":{"@id":"https:\/\/www.carideal.com\/blog\/2014\/05\/27\/la-volkswagen-beetle-dune\/#primaryimage"},"image":{"@id":"https:\/\/www.carideal.com\/blog\/2014\/05\/27\/la-volkswagen-beetle-dune\/#primaryimage"},"thumbnailUrl":"https:\/\/www.carideal.com\/blog\/wp-content\/uploads\/2014\/05\/volkswagen-beetle-dune-concept-2014-e1511696507271.jpg","datePublished":"2014-05-27T13:26:00+00:00","dateModified":"2020-03-07T15:30:40+00:00","description":"D\u00e9couverte du concept Volkswagen Beetle Dune au salon de l'auto de Detroit : les principales caract\u00e9ristiques de la Beetle Dune","breadcrumb":{"@id":"https:\/\/www.carideal.com\/blog\/2014\/05\/27\/la-volkswagen-beetle-dune\/#breadcrumb"},"inLanguage":"fr-FR","potentialAction":[{"@type":"ReadAction","target":["https:\/\/www.carideal.com\/blog\/2014\/05\/27\/la-volkswagen-beetle-dune\/"]}]},{"@type":"ImageObject","inLanguage":"fr-FR","@id":"https:\/\/www.carideal.com\/blog\/2014\/05\/27\/la-volkswagen-beetle-dune\/#primaryimage","url":"https:\/\/www.carideal.com\/blog\/wp-content\/uploads\/2014\/05\/volkswagen-beetle-dune-concept-2014-e1511696507271.jpg","contentUrl":"https:\/\/www.carideal.com\/blog\/wp-content\/uploads\/2014\/05\/volkswagen-beetle-dune-concept-2014-e1511696507271.jpg","width":800,"height":450,"caption":"Volkswagen Beetle Dune Concept 2014"},{"@type":"BreadcrumbList","@id":"https:\/\/www.carideal.com\/blog\/2014\/05\/27\/la-volkswagen-beetle-dune\/#breadcrumb","itemListElement":[{"@type":"ListItem","position":1,"name":"Blog Carid\u00e9al","item":"https:\/\/www.carideal.com\/blog\/"},{"@type":"ListItem","position":2,"name":"Actualit\u00e9 constructeur automobile","item":"https:\/\/www.carideal.com\/blog\/constructeur\/"},{"@type":"ListItem","position":3,"name":"La Volkswagen Beetle Dune \u00e0 Detroit"}]},{"@type":"WebSite","@id":"https:\/\/www.carideal.com\/blog\/#website","url":"https:\/\/www.carideal.com\/blog\/","name":"Blog auto Carid\u00e9al","description":"Actualit\u00e9 auto par des passionn\u00e9s","publisher":{"@id":"https:\/\/www.carideal.com\/blog\/#organization"},"potentialAction":[{"@type":"SearchAction","target":{"@type":"EntryPoint","urlTemplate":"https:\/\/www.carideal.com\/blog\/?s={search_term_string}"},"query-input":{"@type":"PropertyValueSpecification","valueRequired":true,"valueName":"search_term_string"}}],"inLanguage":"fr-FR"},{"@type":"Organization","@id":"https:\/\/www.carideal.com\/blog\/#organization","name":"Carideal","url":"https:\/\/www.carideal.com\/blog\/","logo":{"@type":"ImageObject","inLanguage":"fr-FR","@id":"https:\/\/www.carideal.com\/blog\/#\/schema\/logo\/image\/","url":"http:\/\/www.carideal.com\/blog\/wp-content\/uploads\/2016\/03\/logo-carideal-mandataire-automobile.png","contentUrl":"http:\/\/www.carideal.com\/blog\/wp-content\/uploads\/2016\/03\/logo-carideal-mandataire-automobile.png","width":300,"height":300,"caption":"Carideal"},"image":{"@id":"https:\/\/www.carideal.com\/blog\/#\/schema\/logo\/image\/"},"sameAs":["https:\/\/www.facebook.com\/Carideal.mandataire.automobile","https:\/\/x.com\/caridealauto","https:\/\/www.instagram.com\/carideal1\/","https:\/\/www.linkedin.com\/company\/carideal.com","https:\/\/fr.pinterest.com\/schiavonsas\/","https:\/\/www.youtube.com\/user\/caridealsas"]},{"@type":"Person","@id":"https:\/\/www.carideal.com\/blog\/#\/schema\/person\/985c7e757d1042d647f21bfaf8d41ebc","name":"N.S Carideal","image":{"@type":"ImageObject","inLanguage":"fr-FR","@id":"https:\/\/www.carideal.com\/blog\/#\/schema\/person\/image\/","url":"https:\/\/secure.gravatar.com\/avatar\/edb7ccdf1a4e3d14aef967760d354d0e?s=96&r=g","contentUrl":"https:\/\/secure.gravatar.com\/avatar\/edb7ccdf1a4e3d14aef967760d354d0e?s=96&r=g","caption":"N.S Carideal"},"description":"Depuis tout petit fan d'automobile. Il est question d'essayer et de comparer toutes ces voitures qui nous ont fait r\u00e9ver, avant que celles-ci ne devient uniquement des voitures de collection.","sameAs":["http:\/\/www.carideal.com\/blog","https:\/\/www.facebook.com\/Carideal.mandataire.automobile\/","https:\/\/www.linkedin.com\/in\/nschiavon\/","https:\/\/www.youtube.com\/user\/caridealsas\/"],"url":"https:\/\/www.carideal.com\/blog\/author\/admin_carideal\/"}]}},"uagb_featured_image_src":{"full":["https:\/\/www.carideal.com\/blog\/wp-content\/uploads\/2014\/05\/volkswagen-beetle-dune-concept-2014-e1511696507271.jpg",800,450,false],"thumbnail":["https:\/\/www.carideal.com\/blog\/wp-content\/uploads\/2014\/05\/volkswagen-beetle-dune-concept-2014-150x150.jpg",150,150,true],"medium":["https:\/\/www.carideal.com\/blog\/wp-content\/uploads\/2014\/05\/volkswagen-beetle-dune-concept-2014-300x169.jpg",300,169,true],"medium_large":["https:\/\/www.carideal.com\/blog\/wp-content\/uploads\/2014\/05\/volkswagen-beetle-dune-concept-2014-768x432.jpg",768,432,true],"large":["https:\/\/www.carideal.com\/blog\/wp-content\/uploads\/2014\/05\/volkswagen-beetle-dune-concept-2014-1024x576.jpg",1024,576,true],"1536x1536":["https:\/\/www.carideal.com\/blog\/wp-content\/uploads\/2014\/05\/volkswagen-beetle-dune-concept-2014-e1511696507271.jpg",800,450,false],"2048x2048":["https:\/\/www.carideal.com\/blog\/wp-content\/uploads\/2014\/05\/volkswagen-beetle-dune-concept-2014-e1511696507271.jpg",800,450,false],"wppr-widget":["https:\/\/www.carideal.com\/blog\/wp-content\/uploads\/2014\/05\/volkswagen-beetle-dune-concept-2014-e1511696507271.jpg",50,28,false]},"uagb_author_info":{"display_name":"N.S Carideal","author_link":"https:\/\/www.carideal.com\/blog\/author\/admin_carideal\/"},"uagb_comment_info":0,"uagb_excerpt":"La Volkswagen Beetle Dune La Volkswagen Beetle Dune est une coccinelle habill\u00e9e fa\u00e7on buggy, moins extravagante que le prototype de 2000. Volkswagen envisage de la produire en s\u00e9rie. Cette Beetle Dune est b\u00e2tie sur le mod\u00e8le de la seconde g\u00e9n\u00e9ration de coccinelle, elle est dot\u00e9e d'un moteur 2.0 TSI de 211 ch associ\u00e9 \u00e0 une\u2026","_links":{"self":[{"href":"https:\/\/www.carideal.com\/blog\/wp-json\/wp\/v2\/posts\/1528"}],"collection":[{"href":"https:\/\/www.carideal.com\/blog\/wp-json\/wp\/v2\/posts"}],"about":[{"href":"https:\/\/www.carideal.com\/blog\/wp-json\/wp\/v2\/types\/post"}],"author":[{"embeddable":true,"href":"https:\/\/www.carideal.com\/blog\/wp-json\/wp\/v2\/users\/1"}],"replies":[{"embeddable":true,"href":"https:\/\/www.carideal.com\/blog\/wp-json\/wp\/v2\/comments?post=1528"}],"version-history":[{"count":0,"href":"https:\/\/www.carideal.com\/blog\/wp-json\/wp\/v2\/posts\/1528\/revisions"}],"wp:featuredmedia":[{"embeddable":true,"href":"https:\/\/www.carideal.com\/blog\/wp-json\/wp\/v2\/media\/16618"}],"wp:attachment":[{"href":"https:\/\/www.carideal.com\/blog\/wp-json\/wp\/v2\/media?parent=1528"}],"wp:term":[{"taxonomy":"category","embeddable":true,"href":"https:\/\/www.carideal.com\/blog\/wp-json\/wp\/v2\/categories?post=1528"},{"taxonomy":"post_tag","embeddable":true,"href":"https:\/\/www.carideal.com\/blog\/wp-json\/wp\/v2\/tags?post=1528"}],"curies":[{"name":"wp","href":"https:\/\/api.w.org\/{rel}","templated":true}]}}