{"id":1527,"date":"2014-05-27T10:58:00","date_gmt":"2014-05-27T10:58:00","guid":{"rendered":"http:\/\/carideal.com\/blog\/?p=1527"},"modified":"2020-03-08T07:30:54","modified_gmt":"2020-03-08T06:30:54","slug":"laudi-allroad-shooting-brake","status":"publish","type":"post","link":"https:\/\/www.carideal.com\/blog\/2014\/05\/27\/laudi-allroad-shooting-brake\/","title":{"rendered":"L Audi Allroad shooting brake"},"content":{"rendered":"<h1><strong>L'Audi Allroad Shooting brake<\/strong><\/h1>\n<p><img decoding=\"async\" title=\"audi-allroad-shooting-brake-2014-carideal-mandataire-automobile.jpg, mai 2014\" src=\"\/blog\/public\/.audi-allroad-shooting-brake-2014-carideal-mandataire-automobile_m.jpg\" alt=\"audi-allroad-shooting-brake-2014-carideal-mandataire-automobile.jpg\" \/><\/p>\n<blockquote><p>l'Audi Allroad Shooting Brake<\/p><\/blockquote>\n<p>Le concept car de l'<strong>Audi Allroad Shooting Brake<\/strong> est consid\u00e9r\u00e9 comme l'annonce de la 3\u00e8me g\u00e9n\u00e9ration du <a href=\"http:\/\/www.carideal.com\/blog\/2015\/11\/08\/la-nouvelle-audi-tt-au-top-de-la-technologie\/\">TT<\/a>. Sa poupe est rebondie et sa surface lat\u00e9rale est faiblement vitr\u00e9e. L'<strong>Allroad shooting brake<\/strong> est bas\u00e9 sur la nouvelle plate-forme modulaire MQB, son interface multim\u00e9dia log\u00e9 sous la casquette devant le conducteur est minimaliste.<br \/>\nCe prototype annonce une nouvelle g\u00e9n\u00e9ration de transmission int\u00e9grale. D\u00e9sormais, un moteur 2.0 TFSI de 290 ch anime les roues avant du v\u00e9hicule alors que les roues arri\u00e8re son anim\u00e9 par un \u00e9lectromoteur de 85 kW. Ce dispositif, l'<strong>e-tron<\/strong>, offre les atouts d'un 4x4 \u00e0 ceux d'un hybride. De plus, il dispose d'un second moteur \u00e9lectrique de 40 kW qui est int\u00e9gr\u00e9 \u00e0 la bo\u00eete de vitesse double embrayage \u00e0 6 rapports ceci permet une fonction boost<br \/>\nEn cumul ce v\u00e9hicule est dot\u00e9 de 408 ch et passe de 0 \u00e0 100 km\/h en 4.65 s. Il devrait offrir une consommation de 1.9 l \/ 100 km et 45 g de rejet de Co2 par km.<\/p>\n<p>D\u00e9couvrez l'Audi\u00a0A3 pour tous les styles<\/p>\n","protected":false},"excerpt":{"rendered":"<p>L&rsquo;Audi Allroad Shooting brake l&rsquo;Audi Allroad Shooting Brake Le concept car de l&rsquo;Audi Allroad Shooting Brake est consid\u00e9r\u00e9 comme l&rsquo;annonce de la 3\u00e8me g\u00e9n\u00e9ration du TT. Sa poupe est rebondie et sa surface lat\u00e9rale est faiblement vitr\u00e9e. L&rsquo;Allroad shooting brake est bas\u00e9 sur la nouvelle plate-forme modulaire MQB, son interface multim\u00e9dia log\u00e9 sous la casquette &#8230; <a title=\"L Audi Allroad shooting brake\" class=\"read-more\" href=\"https:\/\/www.carideal.com\/blog\/2014\/05\/27\/laudi-allroad-shooting-brake\/\" aria-label=\"En savoir plus sur L Audi Allroad shooting brake\">Lire plus<\/a><\/p>\n","protected":false},"author":1,"featured_media":0,"comment_status":"closed","ping_status":"open","sticky":false,"template":"","format":"standard","meta":{"_uag_custom_page_level_css":"","_themeisle_gutenberg_block_has_review":false,"footnotes":""},"categories":[5978,5944,10],"tags":[],"class_list":["post-1527","post","type-post","status-publish","format-standard","hentry","category-audi","category-constructeur","category-marche-automobile-voiture-neuve-occasion-4x4-suv"],"wppr_data":{"cwp_meta_box_check":"No"},"yoast_head":"<!-- This site is optimized with the Yoast SEO plugin v24.8.1 - https:\/\/yoast.com\/wordpress\/plugins\/seo\/ -->\n<title>L Audi Allroad shooting brake - Blog auto Carid\u00e9al<\/title>\n<meta name=\"robots\" content=\"index, follow, max-snippet:-1, max-image-preview:large, max-video-preview:-1\" \/>\n<link rel=\"canonical\" href=\"https:\/\/www.carideal.com\/blog\/2014\/05\/27\/laudi-allroad-shooting-brake\/\" \/>\n<meta property=\"og:locale\" content=\"fr_FR\" \/>\n<meta property=\"og:type\" content=\"article\" \/>\n<meta property=\"og:title\" content=\"L Audi Allroad shooting brake - Blog auto Carid\u00e9al\" \/>\n<meta property=\"og:description\" content=\"L&#039;Audi Allroad Shooting brake l&#039;Audi Allroad Shooting Brake Le concept car de l&#039;Audi Allroad Shooting Brake est consid\u00e9r\u00e9 comme l&#039;annonce de la 3\u00e8me g\u00e9n\u00e9ration du TT. Sa poupe est rebondie et sa surface lat\u00e9rale est faiblement vitr\u00e9e. L&#039;Allroad shooting brake est bas\u00e9 sur la nouvelle plate-forme modulaire MQB, son interface multim\u00e9dia log\u00e9 sous la casquette ... Lire plus\" \/>\n<meta property=\"og:url\" content=\"https:\/\/www.carideal.com\/blog\/2014\/05\/27\/laudi-allroad-shooting-brake\/\" \/>\n<meta property=\"og:site_name\" content=\"Blog auto Carid\u00e9al\" \/>\n<meta property=\"article:publisher\" content=\"https:\/\/www.facebook.com\/Carideal.mandataire.automobile\" \/>\n<meta property=\"article:author\" content=\"https:\/\/www.facebook.com\/Carideal.mandataire.automobile\/\" \/>\n<meta property=\"article:published_time\" content=\"2014-05-27T10:58:00+00:00\" \/>\n<meta property=\"article:modified_time\" content=\"2020-03-08T06:30:54+00:00\" \/>\n<meta property=\"og:image\" content=\"https:\/\/www.carideal.com\/blog\/wp-content\/uploads\/2016\/03\/logo-carideal-mandataire-automobile.png\" \/>\n\t<meta property=\"og:image:width\" content=\"300\" \/>\n\t<meta property=\"og:image:height\" content=\"300\" \/>\n\t<meta property=\"og:image:type\" content=\"image\/png\" \/>\n<meta name=\"author\" content=\"N.S Carideal\" \/>\n<meta name=\"twitter:card\" content=\"summary_large_image\" \/>\n<meta name=\"twitter:creator\" content=\"@caridealauto\" \/>\n<meta name=\"twitter:site\" content=\"@caridealauto\" \/>\n<meta name=\"twitter:label1\" content=\"\u00c9crit par\" \/>\n\t<meta name=\"twitter:data1\" content=\"N.S Carideal\" \/>\n\t<meta name=\"twitter:label2\" content=\"Dur\u00e9e de lecture estim\u00e9e\" \/>\n\t<meta name=\"twitter:data2\" content=\"1 minute\" \/>\n<script type=\"application\/ld+json\" class=\"yoast-schema-graph\">{\"@context\":\"https:\/\/schema.org\",\"@graph\":[{\"@type\":\"Article\",\"@id\":\"https:\/\/www.carideal.com\/blog\/2014\/05\/27\/laudi-allroad-shooting-brake\/#article\",\"isPartOf\":{\"@id\":\"https:\/\/www.carideal.com\/blog\/2014\/05\/27\/laudi-allroad-shooting-brake\/\"},\"author\":{\"name\":\"N.S Carideal\",\"@id\":\"https:\/\/www.carideal.com\/blog\/#\/schema\/person\/985c7e757d1042d647f21bfaf8d41ebc\"},\"headline\":\"L Audi Allroad shooting brake\",\"datePublished\":\"2014-05-27T10:58:00+00:00\",\"dateModified\":\"2020-03-08T06:30:54+00:00\",\"mainEntityOfPage\":{\"@id\":\"https:\/\/www.carideal.com\/blog\/2014\/05\/27\/laudi-allroad-shooting-brake\/\"},\"wordCount\":188,\"publisher\":{\"@id\":\"https:\/\/www.carideal.com\/blog\/#organization\"},\"articleSection\":[\"Actualit\u00e9 Audi\",\"Actualit\u00e9 Constructeur automobile\",\"March\u00e9 automobile\"],\"inLanguage\":\"fr-FR\"},{\"@type\":\"WebPage\",\"@id\":\"https:\/\/www.carideal.com\/blog\/2014\/05\/27\/laudi-allroad-shooting-brake\/\",\"url\":\"https:\/\/www.carideal.com\/blog\/2014\/05\/27\/laudi-allroad-shooting-brake\/\",\"name\":\"L Audi Allroad shooting brake - Blog auto Carid\u00e9al\",\"isPartOf\":{\"@id\":\"https:\/\/www.carideal.com\/blog\/#website\"},\"datePublished\":\"2014-05-27T10:58:00+00:00\",\"dateModified\":\"2020-03-08T06:30:54+00:00\",\"breadcrumb\":{\"@id\":\"https:\/\/www.carideal.com\/blog\/2014\/05\/27\/laudi-allroad-shooting-brake\/#breadcrumb\"},\"inLanguage\":\"fr-FR\",\"potentialAction\":[{\"@type\":\"ReadAction\",\"target\":[\"https:\/\/www.carideal.com\/blog\/2014\/05\/27\/laudi-allroad-shooting-brake\/\"]}]},{\"@type\":\"BreadcrumbList\",\"@id\":\"https:\/\/www.carideal.com\/blog\/2014\/05\/27\/laudi-allroad-shooting-brake\/#breadcrumb\",\"itemListElement\":[{\"@type\":\"ListItem\",\"position\":1,\"name\":\"Blog Carid\u00e9al\",\"item\":\"https:\/\/www.carideal.com\/blog\/\"},{\"@type\":\"ListItem\",\"position\":2,\"name\":\"March\u00e9 automobile\",\"item\":\"https:\/\/www.carideal.com\/blog\/marche-automobile-voiture-neuve-occasion-4x4-suv\/\"},{\"@type\":\"ListItem\",\"position\":3,\"name\":\"L Audi Allroad shooting brake\"}]},{\"@type\":\"WebSite\",\"@id\":\"https:\/\/www.carideal.com\/blog\/#website\",\"url\":\"https:\/\/www.carideal.com\/blog\/\",\"name\":\"Blog auto Carid\u00e9al\",\"description\":\"Actualit\u00e9 auto par des passionn\u00e9s\",\"publisher\":{\"@id\":\"https:\/\/www.carideal.com\/blog\/#organization\"},\"potentialAction\":[{\"@type\":\"SearchAction\",\"target\":{\"@type\":\"EntryPoint\",\"urlTemplate\":\"https:\/\/www.carideal.com\/blog\/?s={search_term_string}\"},\"query-input\":{\"@type\":\"PropertyValueSpecification\",\"valueRequired\":true,\"valueName\":\"search_term_string\"}}],\"inLanguage\":\"fr-FR\"},{\"@type\":\"Organization\",\"@id\":\"https:\/\/www.carideal.com\/blog\/#organization\",\"name\":\"Carideal\",\"url\":\"https:\/\/www.carideal.com\/blog\/\",\"logo\":{\"@type\":\"ImageObject\",\"inLanguage\":\"fr-FR\",\"@id\":\"https:\/\/www.carideal.com\/blog\/#\/schema\/logo\/image\/\",\"url\":\"http:\/\/www.carideal.com\/blog\/wp-content\/uploads\/2016\/03\/logo-carideal-mandataire-automobile.png\",\"contentUrl\":\"http:\/\/www.carideal.com\/blog\/wp-content\/uploads\/2016\/03\/logo-carideal-mandataire-automobile.png\",\"width\":300,\"height\":300,\"caption\":\"Carideal\"},\"image\":{\"@id\":\"https:\/\/www.carideal.com\/blog\/#\/schema\/logo\/image\/\"},\"sameAs\":[\"https:\/\/www.facebook.com\/Carideal.mandataire.automobile\",\"https:\/\/x.com\/caridealauto\",\"https:\/\/www.instagram.com\/carideal1\/\",\"https:\/\/www.linkedin.com\/company\/carideal.com\",\"https:\/\/fr.pinterest.com\/schiavonsas\/\",\"https:\/\/www.youtube.com\/user\/caridealsas\"]},{\"@type\":\"Person\",\"@id\":\"https:\/\/www.carideal.com\/blog\/#\/schema\/person\/985c7e757d1042d647f21bfaf8d41ebc\",\"name\":\"N.S Carideal\",\"image\":{\"@type\":\"ImageObject\",\"inLanguage\":\"fr-FR\",\"@id\":\"https:\/\/www.carideal.com\/blog\/#\/schema\/person\/image\/\",\"url\":\"https:\/\/secure.gravatar.com\/avatar\/edb7ccdf1a4e3d14aef967760d354d0e?s=96&r=g\",\"contentUrl\":\"https:\/\/secure.gravatar.com\/avatar\/edb7ccdf1a4e3d14aef967760d354d0e?s=96&r=g\",\"caption\":\"N.S Carideal\"},\"description\":\"Depuis tout petit fan d'automobile. Il est question d'essayer et de comparer toutes ces voitures qui nous ont fait r\u00e9ver, avant que celles-ci ne devient uniquement des voitures de collection.\",\"sameAs\":[\"http:\/\/www.carideal.com\/blog\",\"https:\/\/www.facebook.com\/Carideal.mandataire.automobile\/\",\"https:\/\/www.linkedin.com\/in\/nschiavon\/\",\"https:\/\/www.youtube.com\/user\/caridealsas\/\"],\"url\":\"https:\/\/www.carideal.com\/blog\/author\/admin_carideal\/\"}]}<\/script>\n<!-- \/ Yoast SEO plugin. -->","yoast_head_json":{"title":"L Audi Allroad shooting brake - Blog auto Carid\u00e9al","robots":{"index":"index","follow":"follow","max-snippet":"max-snippet:-1","max-image-preview":"max-image-preview:large","max-video-preview":"max-video-preview:-1"},"canonical":"https:\/\/www.carideal.com\/blog\/2014\/05\/27\/laudi-allroad-shooting-brake\/","og_locale":"fr_FR","og_type":"article","og_title":"L Audi Allroad shooting brake - Blog auto Carid\u00e9al","og_description":"L'Audi Allroad Shooting brake l'Audi Allroad Shooting Brake Le concept car de l'Audi Allroad Shooting Brake est consid\u00e9r\u00e9 comme l'annonce de la 3\u00e8me g\u00e9n\u00e9ration du TT. Sa poupe est rebondie et sa surface lat\u00e9rale est faiblement vitr\u00e9e. L'Allroad shooting brake est bas\u00e9 sur la nouvelle plate-forme modulaire MQB, son interface multim\u00e9dia log\u00e9 sous la casquette ... Lire plus","og_url":"https:\/\/www.carideal.com\/blog\/2014\/05\/27\/laudi-allroad-shooting-brake\/","og_site_name":"Blog auto Carid\u00e9al","article_publisher":"https:\/\/www.facebook.com\/Carideal.mandataire.automobile","article_author":"https:\/\/www.facebook.com\/Carideal.mandataire.automobile\/","article_published_time":"2014-05-27T10:58:00+00:00","article_modified_time":"2020-03-08T06:30:54+00:00","og_image":[{"width":300,"height":300,"url":"https:\/\/www.carideal.com\/blog\/wp-content\/uploads\/2016\/03\/logo-carideal-mandataire-automobile.png","type":"image\/png"}],"author":"N.S Carideal","twitter_card":"summary_large_image","twitter_creator":"@caridealauto","twitter_site":"@caridealauto","twitter_misc":{"\u00c9crit par":"N.S Carideal","Dur\u00e9e de lecture estim\u00e9e":"1 minute"},"schema":{"@context":"https:\/\/schema.org","@graph":[{"@type":"Article","@id":"https:\/\/www.carideal.com\/blog\/2014\/05\/27\/laudi-allroad-shooting-brake\/#article","isPartOf":{"@id":"https:\/\/www.carideal.com\/blog\/2014\/05\/27\/laudi-allroad-shooting-brake\/"},"author":{"name":"N.S Carideal","@id":"https:\/\/www.carideal.com\/blog\/#\/schema\/person\/985c7e757d1042d647f21bfaf8d41ebc"},"headline":"L Audi Allroad shooting brake","datePublished":"2014-05-27T10:58:00+00:00","dateModified":"2020-03-08T06:30:54+00:00","mainEntityOfPage":{"@id":"https:\/\/www.carideal.com\/blog\/2014\/05\/27\/laudi-allroad-shooting-brake\/"},"wordCount":188,"publisher":{"@id":"https:\/\/www.carideal.com\/blog\/#organization"},"articleSection":["Actualit\u00e9 Audi","Actualit\u00e9 Constructeur automobile","March\u00e9 automobile"],"inLanguage":"fr-FR"},{"@type":"WebPage","@id":"https:\/\/www.carideal.com\/blog\/2014\/05\/27\/laudi-allroad-shooting-brake\/","url":"https:\/\/www.carideal.com\/blog\/2014\/05\/27\/laudi-allroad-shooting-brake\/","name":"L Audi Allroad shooting brake - Blog auto Carid\u00e9al","isPartOf":{"@id":"https:\/\/www.carideal.com\/blog\/#website"},"datePublished":"2014-05-27T10:58:00+00:00","dateModified":"2020-03-08T06:30:54+00:00","breadcrumb":{"@id":"https:\/\/www.carideal.com\/blog\/2014\/05\/27\/laudi-allroad-shooting-brake\/#breadcrumb"},"inLanguage":"fr-FR","potentialAction":[{"@type":"ReadAction","target":["https:\/\/www.carideal.com\/blog\/2014\/05\/27\/laudi-allroad-shooting-brake\/"]}]},{"@type":"BreadcrumbList","@id":"https:\/\/www.carideal.com\/blog\/2014\/05\/27\/laudi-allroad-shooting-brake\/#breadcrumb","itemListElement":[{"@type":"ListItem","position":1,"name":"Blog Carid\u00e9al","item":"https:\/\/www.carideal.com\/blog\/"},{"@type":"ListItem","position":2,"name":"March\u00e9 automobile","item":"https:\/\/www.carideal.com\/blog\/marche-automobile-voiture-neuve-occasion-4x4-suv\/"},{"@type":"ListItem","position":3,"name":"L Audi Allroad shooting brake"}]},{"@type":"WebSite","@id":"https:\/\/www.carideal.com\/blog\/#website","url":"https:\/\/www.carideal.com\/blog\/","name":"Blog auto Carid\u00e9al","description":"Actualit\u00e9 auto par des passionn\u00e9s","publisher":{"@id":"https:\/\/www.carideal.com\/blog\/#organization"},"potentialAction":[{"@type":"SearchAction","target":{"@type":"EntryPoint","urlTemplate":"https:\/\/www.carideal.com\/blog\/?s={search_term_string}"},"query-input":{"@type":"PropertyValueSpecification","valueRequired":true,"valueName":"search_term_string"}}],"inLanguage":"fr-FR"},{"@type":"Organization","@id":"https:\/\/www.carideal.com\/blog\/#organization","name":"Carideal","url":"https:\/\/www.carideal.com\/blog\/","logo":{"@type":"ImageObject","inLanguage":"fr-FR","@id":"https:\/\/www.carideal.com\/blog\/#\/schema\/logo\/image\/","url":"http:\/\/www.carideal.com\/blog\/wp-content\/uploads\/2016\/03\/logo-carideal-mandataire-automobile.png","contentUrl":"http:\/\/www.carideal.com\/blog\/wp-content\/uploads\/2016\/03\/logo-carideal-mandataire-automobile.png","width":300,"height":300,"caption":"Carideal"},"image":{"@id":"https:\/\/www.carideal.com\/blog\/#\/schema\/logo\/image\/"},"sameAs":["https:\/\/www.facebook.com\/Carideal.mandataire.automobile","https:\/\/x.com\/caridealauto","https:\/\/www.instagram.com\/carideal1\/","https:\/\/www.linkedin.com\/company\/carideal.com","https:\/\/fr.pinterest.com\/schiavonsas\/","https:\/\/www.youtube.com\/user\/caridealsas"]},{"@type":"Person","@id":"https:\/\/www.carideal.com\/blog\/#\/schema\/person\/985c7e757d1042d647f21bfaf8d41ebc","name":"N.S Carideal","image":{"@type":"ImageObject","inLanguage":"fr-FR","@id":"https:\/\/www.carideal.com\/blog\/#\/schema\/person\/image\/","url":"https:\/\/secure.gravatar.com\/avatar\/edb7ccdf1a4e3d14aef967760d354d0e?s=96&r=g","contentUrl":"https:\/\/secure.gravatar.com\/avatar\/edb7ccdf1a4e3d14aef967760d354d0e?s=96&r=g","caption":"N.S Carideal"},"description":"Depuis tout petit fan d'automobile. Il est question d'essayer et de comparer toutes ces voitures qui nous ont fait r\u00e9ver, avant que celles-ci ne devient uniquement des voitures de collection.","sameAs":["http:\/\/www.carideal.com\/blog","https:\/\/www.facebook.com\/Carideal.mandataire.automobile\/","https:\/\/www.linkedin.com\/in\/nschiavon\/","https:\/\/www.youtube.com\/user\/caridealsas\/"],"url":"https:\/\/www.carideal.com\/blog\/author\/admin_carideal\/"}]}},"uagb_featured_image_src":{"full":false,"thumbnail":false,"medium":false,"medium_large":false,"large":false,"1536x1536":false,"2048x2048":false,"wppr-widget":false},"uagb_author_info":{"display_name":"N.S Carideal","author_link":"https:\/\/www.carideal.com\/blog\/author\/admin_carideal\/"},"uagb_comment_info":0,"uagb_excerpt":"L'Audi Allroad Shooting brake l'Audi Allroad Shooting Brake Le concept car de l'Audi Allroad Shooting Brake est consid\u00e9r\u00e9 comme l'annonce de la 3\u00e8me g\u00e9n\u00e9ration du TT. Sa poupe est rebondie et sa surface lat\u00e9rale est faiblement vitr\u00e9e. L'Allroad shooting brake est bas\u00e9 sur la nouvelle plate-forme modulaire MQB, son interface multim\u00e9dia log\u00e9 sous la casquette\u2026","_links":{"self":[{"href":"https:\/\/www.carideal.com\/blog\/wp-json\/wp\/v2\/posts\/1527"}],"collection":[{"href":"https:\/\/www.carideal.com\/blog\/wp-json\/wp\/v2\/posts"}],"about":[{"href":"https:\/\/www.carideal.com\/blog\/wp-json\/wp\/v2\/types\/post"}],"author":[{"embeddable":true,"href":"https:\/\/www.carideal.com\/blog\/wp-json\/wp\/v2\/users\/1"}],"replies":[{"embeddable":true,"href":"https:\/\/www.carideal.com\/blog\/wp-json\/wp\/v2\/comments?post=1527"}],"version-history":[{"count":0,"href":"https:\/\/www.carideal.com\/blog\/wp-json\/wp\/v2\/posts\/1527\/revisions"}],"wp:attachment":[{"href":"https:\/\/www.carideal.com\/blog\/wp-json\/wp\/v2\/media?parent=1527"}],"wp:term":[{"taxonomy":"category","embeddable":true,"href":"https:\/\/www.carideal.com\/blog\/wp-json\/wp\/v2\/categories?post=1527"},{"taxonomy":"post_tag","embeddable":true,"href":"https:\/\/www.carideal.com\/blog\/wp-json\/wp\/v2\/tags?post=1527"}],"curies":[{"name":"wp","href":"https:\/\/api.w.org\/{rel}","templated":true}]}}