{"id":1517,"date":"2014-05-12T15:32:00","date_gmt":"2014-05-12T15:32:00","guid":{"rendered":"http:\/\/carideal.com\/blog\/?p=1517"},"modified":"2016-09-15T10:57:35","modified_gmt":"2016-09-15T08:57:35","slug":"la-nissan-micra-remise-au-gout-du-jour","status":"publish","type":"post","link":"https:\/\/www.carideal.com\/blog\/2014\/05\/12\/la-nissan-micra-remise-au-gout-du-jour\/","title":{"rendered":"La Nissan Micra remise au gout du jour"},"content":{"rendered":"<p><strong>La Nouvelle Nissan Micra\u00a0<\/strong><\/p>\n<p><img decoding=\"async\" title=\"Nissan-Micra-2014-carideal-mandataire-automobile.jpg, mai 2014\" src=\"\/blog\/public\/.Nissan-Micra-2014-carideal-mandataire-automobile_m.jpg\" alt=\"Nissan-Micra-2014-carideal-mandataire-automobile.jpg\" \/><\/p>\n<blockquote><p>Le nouveau look de la Nissan Micra<\/p><\/blockquote>\n<p>La concurrence est rude pour les citadines qui sont de plus en plus nombreuses ( Clio IV, 208, Polo, Yaris...), Nissan a d\u00fb faire face aux faibles ventes de sa Micra. La marque nippone prend donc les choses en main en donnant un coup de plumeau \u00e0 la Micra. Un ext\u00e9rieur transfigur\u00e9 surtout \u00e0 l'avant avec des feux \u00e0 diodes, et un int\u00e9rieur connect\u00e9 avec un GPS, une aide au stationnement avec un scan de la place et un avis (OK, difficile ou d\u00e9conseill\u00e9),<br \/>\nAvec les nouveaux boucliers, la voiture prend 5 cm mais reste malgr\u00e9 tout un v\u00e9hicule compact (toujours 6 mm de moins que la la Yaris et 0.23 de moins qu'une Clio). Le v\u00e9hicule conserve son assise haute position ainsi que le fait qu'elle braque court mais le volant n'est toujours pas r\u00e9glable et l'insonorisation reste mauvaise. D\u00e9sormais, l'assise passag\u00e8re n'est plus relevable et la banquette ne coulisse plus. La <a href=\"http:\/\/www.carideal.com\/blog\/2012\/01\/02\/nissan-micra-1-2-dig-s\/\">Nissan Micra datait de 2007 il \u00e9tait temps !<\/a><\/p>\n","protected":false},"excerpt":{"rendered":"<p>La Nouvelle Nissan Micra\u00a0 Le nouveau look de la Nissan Micra La concurrence est rude pour les citadines qui sont de plus en plus nombreuses ( Clio IV, 208, Polo, Yaris&#8230;), Nissan a d\u00fb faire face aux faibles ventes de sa Micra. La marque nippone prend donc les choses en main en donnant un coup &#8230; <a title=\"La Nissan Micra remise au gout du jour\" class=\"read-more\" href=\"https:\/\/www.carideal.com\/blog\/2014\/05\/12\/la-nissan-micra-remise-au-gout-du-jour\/\" aria-label=\"En savoir plus sur La Nissan Micra remise au gout du jour\">Lire plus<\/a><\/p>\n","protected":false},"author":1,"featured_media":0,"comment_status":"closed","ping_status":"open","sticky":false,"template":"","format":"standard","meta":{"_uag_custom_page_level_css":"","_themeisle_gutenberg_block_has_review":false,"footnotes":""},"categories":[10],"tags":[1348],"class_list":["post-1517","post","type-post","status-publish","format-standard","hentry","category-marche-automobile-voiture-neuve-occasion-4x4-suv","tag-citadine"],"wppr_data":[],"yoast_head":"<!-- This site is optimized with the Yoast SEO plugin v24.8.1 - https:\/\/yoast.com\/wordpress\/plugins\/seo\/ -->\n<title>La Nissan Micra remise au gout du jour - Blog auto Carid\u00e9al<\/title>\n<meta name=\"robots\" content=\"index, follow, max-snippet:-1, max-image-preview:large, max-video-preview:-1\" \/>\n<link rel=\"canonical\" href=\"https:\/\/www.carideal.com\/blog\/2014\/05\/12\/la-nissan-micra-remise-au-gout-du-jour\/\" \/>\n<meta property=\"og:locale\" content=\"fr_FR\" \/>\n<meta property=\"og:type\" content=\"article\" \/>\n<meta property=\"og:title\" content=\"La Nissan Micra remise au gout du jour - Blog auto Carid\u00e9al\" \/>\n<meta property=\"og:description\" content=\"La Nouvelle Nissan Micra\u00a0 Le nouveau look de la Nissan Micra La concurrence est rude pour les citadines qui sont de plus en plus nombreuses ( Clio IV, 208, Polo, Yaris...), Nissan a d\u00fb faire face aux faibles ventes de sa Micra. La marque nippone prend donc les choses en main en donnant un coup ... Lire plus\" \/>\n<meta property=\"og:url\" content=\"https:\/\/www.carideal.com\/blog\/2014\/05\/12\/la-nissan-micra-remise-au-gout-du-jour\/\" \/>\n<meta property=\"og:site_name\" content=\"Blog auto Carid\u00e9al\" \/>\n<meta property=\"article:publisher\" content=\"https:\/\/www.facebook.com\/Carideal.mandataire.automobile\" \/>\n<meta property=\"article:author\" content=\"https:\/\/www.facebook.com\/Carideal.mandataire.automobile\/\" \/>\n<meta property=\"article:published_time\" content=\"2014-05-12T15:32:00+00:00\" \/>\n<meta property=\"article:modified_time\" content=\"2016-09-15T08:57:35+00:00\" \/>\n<meta property=\"og:image\" content=\"https:\/\/www.carideal.com\/blog\/wp-content\/uploads\/2016\/03\/logo-carideal-mandataire-automobile.png\" \/>\n\t<meta property=\"og:image:width\" content=\"300\" \/>\n\t<meta property=\"og:image:height\" content=\"300\" \/>\n\t<meta property=\"og:image:type\" content=\"image\/png\" \/>\n<meta name=\"author\" content=\"N.S Carideal\" \/>\n<meta name=\"twitter:card\" content=\"summary_large_image\" \/>\n<meta name=\"twitter:creator\" content=\"@caridealauto\" \/>\n<meta name=\"twitter:site\" content=\"@caridealauto\" \/>\n<meta name=\"twitter:label1\" content=\"\u00c9crit par\" \/>\n\t<meta name=\"twitter:data1\" content=\"N.S Carideal\" \/>\n\t<meta name=\"twitter:label2\" content=\"Dur\u00e9e de lecture estim\u00e9e\" \/>\n\t<meta name=\"twitter:data2\" content=\"1 minute\" \/>\n<script type=\"application\/ld+json\" class=\"yoast-schema-graph\">{\"@context\":\"https:\/\/schema.org\",\"@graph\":[{\"@type\":\"Article\",\"@id\":\"https:\/\/www.carideal.com\/blog\/2014\/05\/12\/la-nissan-micra-remise-au-gout-du-jour\/#article\",\"isPartOf\":{\"@id\":\"https:\/\/www.carideal.com\/blog\/2014\/05\/12\/la-nissan-micra-remise-au-gout-du-jour\/\"},\"author\":{\"name\":\"N.S Carideal\",\"@id\":\"https:\/\/www.carideal.com\/blog\/#\/schema\/person\/985c7e757d1042d647f21bfaf8d41ebc\"},\"headline\":\"La Nissan Micra remise au gout du jour\",\"datePublished\":\"2014-05-12T15:32:00+00:00\",\"dateModified\":\"2016-09-15T08:57:35+00:00\",\"mainEntityOfPage\":{\"@id\":\"https:\/\/www.carideal.com\/blog\/2014\/05\/12\/la-nissan-micra-remise-au-gout-du-jour\/\"},\"wordCount\":179,\"publisher\":{\"@id\":\"https:\/\/www.carideal.com\/blog\/#organization\"},\"keywords\":[\"Voiture citadine\"],\"articleSection\":[\"March\u00e9 automobile\"],\"inLanguage\":\"fr-FR\"},{\"@type\":\"WebPage\",\"@id\":\"https:\/\/www.carideal.com\/blog\/2014\/05\/12\/la-nissan-micra-remise-au-gout-du-jour\/\",\"url\":\"https:\/\/www.carideal.com\/blog\/2014\/05\/12\/la-nissan-micra-remise-au-gout-du-jour\/\",\"name\":\"La Nissan Micra remise au gout du jour - Blog auto Carid\u00e9al\",\"isPartOf\":{\"@id\":\"https:\/\/www.carideal.com\/blog\/#website\"},\"datePublished\":\"2014-05-12T15:32:00+00:00\",\"dateModified\":\"2016-09-15T08:57:35+00:00\",\"breadcrumb\":{\"@id\":\"https:\/\/www.carideal.com\/blog\/2014\/05\/12\/la-nissan-micra-remise-au-gout-du-jour\/#breadcrumb\"},\"inLanguage\":\"fr-FR\",\"potentialAction\":[{\"@type\":\"ReadAction\",\"target\":[\"https:\/\/www.carideal.com\/blog\/2014\/05\/12\/la-nissan-micra-remise-au-gout-du-jour\/\"]}]},{\"@type\":\"BreadcrumbList\",\"@id\":\"https:\/\/www.carideal.com\/blog\/2014\/05\/12\/la-nissan-micra-remise-au-gout-du-jour\/#breadcrumb\",\"itemListElement\":[{\"@type\":\"ListItem\",\"position\":1,\"name\":\"Blog Carid\u00e9al\",\"item\":\"https:\/\/www.carideal.com\/blog\/\"},{\"@type\":\"ListItem\",\"position\":2,\"name\":\"March\u00e9 automobile\",\"item\":\"https:\/\/www.carideal.com\/blog\/marche-automobile-voiture-neuve-occasion-4x4-suv\/\"},{\"@type\":\"ListItem\",\"position\":3,\"name\":\"La Nissan Micra remise au gout du jour\"}]},{\"@type\":\"WebSite\",\"@id\":\"https:\/\/www.carideal.com\/blog\/#website\",\"url\":\"https:\/\/www.carideal.com\/blog\/\",\"name\":\"Blog auto Carid\u00e9al\",\"description\":\"Actualit\u00e9 auto par des passionn\u00e9s\",\"publisher\":{\"@id\":\"https:\/\/www.carideal.com\/blog\/#organization\"},\"potentialAction\":[{\"@type\":\"SearchAction\",\"target\":{\"@type\":\"EntryPoint\",\"urlTemplate\":\"https:\/\/www.carideal.com\/blog\/?s={search_term_string}\"},\"query-input\":{\"@type\":\"PropertyValueSpecification\",\"valueRequired\":true,\"valueName\":\"search_term_string\"}}],\"inLanguage\":\"fr-FR\"},{\"@type\":\"Organization\",\"@id\":\"https:\/\/www.carideal.com\/blog\/#organization\",\"name\":\"Carideal\",\"url\":\"https:\/\/www.carideal.com\/blog\/\",\"logo\":{\"@type\":\"ImageObject\",\"inLanguage\":\"fr-FR\",\"@id\":\"https:\/\/www.carideal.com\/blog\/#\/schema\/logo\/image\/\",\"url\":\"http:\/\/www.carideal.com\/blog\/wp-content\/uploads\/2016\/03\/logo-carideal-mandataire-automobile.png\",\"contentUrl\":\"http:\/\/www.carideal.com\/blog\/wp-content\/uploads\/2016\/03\/logo-carideal-mandataire-automobile.png\",\"width\":300,\"height\":300,\"caption\":\"Carideal\"},\"image\":{\"@id\":\"https:\/\/www.carideal.com\/blog\/#\/schema\/logo\/image\/\"},\"sameAs\":[\"https:\/\/www.facebook.com\/Carideal.mandataire.automobile\",\"https:\/\/x.com\/caridealauto\",\"https:\/\/www.instagram.com\/carideal1\/\",\"https:\/\/www.linkedin.com\/company\/carideal.com\",\"https:\/\/fr.pinterest.com\/schiavonsas\/\",\"https:\/\/www.youtube.com\/user\/caridealsas\"]},{\"@type\":\"Person\",\"@id\":\"https:\/\/www.carideal.com\/blog\/#\/schema\/person\/985c7e757d1042d647f21bfaf8d41ebc\",\"name\":\"N.S Carideal\",\"image\":{\"@type\":\"ImageObject\",\"inLanguage\":\"fr-FR\",\"@id\":\"https:\/\/www.carideal.com\/blog\/#\/schema\/person\/image\/\",\"url\":\"https:\/\/secure.gravatar.com\/avatar\/edb7ccdf1a4e3d14aef967760d354d0e?s=96&r=g\",\"contentUrl\":\"https:\/\/secure.gravatar.com\/avatar\/edb7ccdf1a4e3d14aef967760d354d0e?s=96&r=g\",\"caption\":\"N.S Carideal\"},\"description\":\"Depuis tout petit fan d'automobile. Il est question d'essayer et de comparer toutes ces voitures qui nous ont fait r\u00e9ver, avant que celles-ci ne devient uniquement des voitures de collection.\",\"sameAs\":[\"http:\/\/www.carideal.com\/blog\",\"https:\/\/www.facebook.com\/Carideal.mandataire.automobile\/\",\"https:\/\/www.linkedin.com\/in\/nschiavon\/\",\"https:\/\/www.youtube.com\/user\/caridealsas\/\"],\"url\":\"https:\/\/www.carideal.com\/blog\/author\/admin_carideal\/\"}]}<\/script>\n<!-- \/ Yoast SEO plugin. -->","yoast_head_json":{"title":"La Nissan Micra remise au gout du jour - Blog auto Carid\u00e9al","robots":{"index":"index","follow":"follow","max-snippet":"max-snippet:-1","max-image-preview":"max-image-preview:large","max-video-preview":"max-video-preview:-1"},"canonical":"https:\/\/www.carideal.com\/blog\/2014\/05\/12\/la-nissan-micra-remise-au-gout-du-jour\/","og_locale":"fr_FR","og_type":"article","og_title":"La Nissan Micra remise au gout du jour - Blog auto Carid\u00e9al","og_description":"La Nouvelle Nissan Micra\u00a0 Le nouveau look de la Nissan Micra La concurrence est rude pour les citadines qui sont de plus en plus nombreuses ( Clio IV, 208, Polo, Yaris...), Nissan a d\u00fb faire face aux faibles ventes de sa Micra. La marque nippone prend donc les choses en main en donnant un coup ... Lire plus","og_url":"https:\/\/www.carideal.com\/blog\/2014\/05\/12\/la-nissan-micra-remise-au-gout-du-jour\/","og_site_name":"Blog auto Carid\u00e9al","article_publisher":"https:\/\/www.facebook.com\/Carideal.mandataire.automobile","article_author":"https:\/\/www.facebook.com\/Carideal.mandataire.automobile\/","article_published_time":"2014-05-12T15:32:00+00:00","article_modified_time":"2016-09-15T08:57:35+00:00","og_image":[{"width":300,"height":300,"url":"https:\/\/www.carideal.com\/blog\/wp-content\/uploads\/2016\/03\/logo-carideal-mandataire-automobile.png","type":"image\/png"}],"author":"N.S Carideal","twitter_card":"summary_large_image","twitter_creator":"@caridealauto","twitter_site":"@caridealauto","twitter_misc":{"\u00c9crit par":"N.S Carideal","Dur\u00e9e de lecture estim\u00e9e":"1 minute"},"schema":{"@context":"https:\/\/schema.org","@graph":[{"@type":"Article","@id":"https:\/\/www.carideal.com\/blog\/2014\/05\/12\/la-nissan-micra-remise-au-gout-du-jour\/#article","isPartOf":{"@id":"https:\/\/www.carideal.com\/blog\/2014\/05\/12\/la-nissan-micra-remise-au-gout-du-jour\/"},"author":{"name":"N.S Carideal","@id":"https:\/\/www.carideal.com\/blog\/#\/schema\/person\/985c7e757d1042d647f21bfaf8d41ebc"},"headline":"La Nissan Micra remise au gout du jour","datePublished":"2014-05-12T15:32:00+00:00","dateModified":"2016-09-15T08:57:35+00:00","mainEntityOfPage":{"@id":"https:\/\/www.carideal.com\/blog\/2014\/05\/12\/la-nissan-micra-remise-au-gout-du-jour\/"},"wordCount":179,"publisher":{"@id":"https:\/\/www.carideal.com\/blog\/#organization"},"keywords":["Voiture citadine"],"articleSection":["March\u00e9 automobile"],"inLanguage":"fr-FR"},{"@type":"WebPage","@id":"https:\/\/www.carideal.com\/blog\/2014\/05\/12\/la-nissan-micra-remise-au-gout-du-jour\/","url":"https:\/\/www.carideal.com\/blog\/2014\/05\/12\/la-nissan-micra-remise-au-gout-du-jour\/","name":"La Nissan Micra remise au gout du jour - Blog auto Carid\u00e9al","isPartOf":{"@id":"https:\/\/www.carideal.com\/blog\/#website"},"datePublished":"2014-05-12T15:32:00+00:00","dateModified":"2016-09-15T08:57:35+00:00","breadcrumb":{"@id":"https:\/\/www.carideal.com\/blog\/2014\/05\/12\/la-nissan-micra-remise-au-gout-du-jour\/#breadcrumb"},"inLanguage":"fr-FR","potentialAction":[{"@type":"ReadAction","target":["https:\/\/www.carideal.com\/blog\/2014\/05\/12\/la-nissan-micra-remise-au-gout-du-jour\/"]}]},{"@type":"BreadcrumbList","@id":"https:\/\/www.carideal.com\/blog\/2014\/05\/12\/la-nissan-micra-remise-au-gout-du-jour\/#breadcrumb","itemListElement":[{"@type":"ListItem","position":1,"name":"Blog Carid\u00e9al","item":"https:\/\/www.carideal.com\/blog\/"},{"@type":"ListItem","position":2,"name":"March\u00e9 automobile","item":"https:\/\/www.carideal.com\/blog\/marche-automobile-voiture-neuve-occasion-4x4-suv\/"},{"@type":"ListItem","position":3,"name":"La Nissan Micra remise au gout du jour"}]},{"@type":"WebSite","@id":"https:\/\/www.carideal.com\/blog\/#website","url":"https:\/\/www.carideal.com\/blog\/","name":"Blog auto Carid\u00e9al","description":"Actualit\u00e9 auto par des passionn\u00e9s","publisher":{"@id":"https:\/\/www.carideal.com\/blog\/#organization"},"potentialAction":[{"@type":"SearchAction","target":{"@type":"EntryPoint","urlTemplate":"https:\/\/www.carideal.com\/blog\/?s={search_term_string}"},"query-input":{"@type":"PropertyValueSpecification","valueRequired":true,"valueName":"search_term_string"}}],"inLanguage":"fr-FR"},{"@type":"Organization","@id":"https:\/\/www.carideal.com\/blog\/#organization","name":"Carideal","url":"https:\/\/www.carideal.com\/blog\/","logo":{"@type":"ImageObject","inLanguage":"fr-FR","@id":"https:\/\/www.carideal.com\/blog\/#\/schema\/logo\/image\/","url":"http:\/\/www.carideal.com\/blog\/wp-content\/uploads\/2016\/03\/logo-carideal-mandataire-automobile.png","contentUrl":"http:\/\/www.carideal.com\/blog\/wp-content\/uploads\/2016\/03\/logo-carideal-mandataire-automobile.png","width":300,"height":300,"caption":"Carideal"},"image":{"@id":"https:\/\/www.carideal.com\/blog\/#\/schema\/logo\/image\/"},"sameAs":["https:\/\/www.facebook.com\/Carideal.mandataire.automobile","https:\/\/x.com\/caridealauto","https:\/\/www.instagram.com\/carideal1\/","https:\/\/www.linkedin.com\/company\/carideal.com","https:\/\/fr.pinterest.com\/schiavonsas\/","https:\/\/www.youtube.com\/user\/caridealsas"]},{"@type":"Person","@id":"https:\/\/www.carideal.com\/blog\/#\/schema\/person\/985c7e757d1042d647f21bfaf8d41ebc","name":"N.S Carideal","image":{"@type":"ImageObject","inLanguage":"fr-FR","@id":"https:\/\/www.carideal.com\/blog\/#\/schema\/person\/image\/","url":"https:\/\/secure.gravatar.com\/avatar\/edb7ccdf1a4e3d14aef967760d354d0e?s=96&r=g","contentUrl":"https:\/\/secure.gravatar.com\/avatar\/edb7ccdf1a4e3d14aef967760d354d0e?s=96&r=g","caption":"N.S Carideal"},"description":"Depuis tout petit fan d'automobile. Il est question d'essayer et de comparer toutes ces voitures qui nous ont fait r\u00e9ver, avant que celles-ci ne devient uniquement des voitures de collection.","sameAs":["http:\/\/www.carideal.com\/blog","https:\/\/www.facebook.com\/Carideal.mandataire.automobile\/","https:\/\/www.linkedin.com\/in\/nschiavon\/","https:\/\/www.youtube.com\/user\/caridealsas\/"],"url":"https:\/\/www.carideal.com\/blog\/author\/admin_carideal\/"}]}},"uagb_featured_image_src":{"full":false,"thumbnail":false,"medium":false,"medium_large":false,"large":false,"1536x1536":false,"2048x2048":false,"wppr-widget":false},"uagb_author_info":{"display_name":"N.S Carideal","author_link":"https:\/\/www.carideal.com\/blog\/author\/admin_carideal\/"},"uagb_comment_info":0,"uagb_excerpt":"La Nouvelle Nissan Micra\u00a0 Le nouveau look de la Nissan Micra La concurrence est rude pour les citadines qui sont de plus en plus nombreuses ( Clio IV, 208, Polo, Yaris...), Nissan a d\u00fb faire face aux faibles ventes de sa Micra. La marque nippone prend donc les choses en main en donnant un coup\u2026","_links":{"self":[{"href":"https:\/\/www.carideal.com\/blog\/wp-json\/wp\/v2\/posts\/1517"}],"collection":[{"href":"https:\/\/www.carideal.com\/blog\/wp-json\/wp\/v2\/posts"}],"about":[{"href":"https:\/\/www.carideal.com\/blog\/wp-json\/wp\/v2\/types\/post"}],"author":[{"embeddable":true,"href":"https:\/\/www.carideal.com\/blog\/wp-json\/wp\/v2\/users\/1"}],"replies":[{"embeddable":true,"href":"https:\/\/www.carideal.com\/blog\/wp-json\/wp\/v2\/comments?post=1517"}],"version-history":[{"count":0,"href":"https:\/\/www.carideal.com\/blog\/wp-json\/wp\/v2\/posts\/1517\/revisions"}],"wp:attachment":[{"href":"https:\/\/www.carideal.com\/blog\/wp-json\/wp\/v2\/media?parent=1517"}],"wp:term":[{"taxonomy":"category","embeddable":true,"href":"https:\/\/www.carideal.com\/blog\/wp-json\/wp\/v2\/categories?post=1517"},{"taxonomy":"post_tag","embeddable":true,"href":"https:\/\/www.carideal.com\/blog\/wp-json\/wp\/v2\/tags?post=1517"}],"curies":[{"name":"wp","href":"https:\/\/api.w.org\/{rel}","templated":true}]}}