{"id":1516,"date":"2014-05-12T14:15:00","date_gmt":"2014-05-12T14:15:00","guid":{"rendered":"http:\/\/carideal.com\/blog\/?p=1516"},"modified":"2023-08-26T12:06:58","modified_gmt":"2023-08-26T10:06:58","slug":"le-break-seat-leon-st","status":"publish","type":"post","link":"https:\/\/www.carideal.com\/blog\/2014\/05\/12\/le-break-seat-leon-st\/","title":{"rendered":"Le break Seat Leon ST 2014"},"content":{"rendered":"\n<h2 class=\"wp-block-heading\">La Seat Leon ST 2014 : Break compact alliant \u00e9l\u00e9gance, performance et polyvalence<\/h2>\n\n\n\n<p><img decoding=\"async\" title=\"Seat-Leon-ST-Carideal-mandataire-automoblile.jpg, mai 2014\" src=\"\/blog\/public\/.Seat-Leon-ST-Carideal-mandataire-automoblile_m.jpg\" alt=\"Seat-Leon-ST-Carideal-mandataire-automoblile.jpg\"> <br><a href=\"http:\/\/www.carideal.com\/blog\/marque-de-voiture-actualites-essais\/seat\/\">Seat<\/a> change d'optique pour la <a href=\"http:\/\/www.carideal.com\/blog\/2012\/12\/12\/seat-leon\/\">Leon<\/a>. Jug\u00e9 par les utilisateurs comme pas facile \u00e0 vivre, atypique et sportive le constructeur espagnol prend un virage visant les jeunes familles avec un break. La Leon ST a pour but de plaire \u00e0 un plus grand nombre d'utilisateurs en offrant un v\u00e9hicule plus accueillant et <a href=\"http:\/\/www.carideal.com\/blog\/2020\/01\/22\/voitures-les-plus-economiques\/\">ergonomique<\/a> pour un bon rapport qualit\u00e9-prix.<\/p>\n\n\n\n<p>Le porte-\u00e0-faux arri\u00e8re du v\u00e9hicule est donc rallong\u00e9 de 27 cm pour permettre une capacit\u00e9 de coffre de 587 litres. Il est d\u00e9sormais possible de charger d'importants volumes, mais aussi des longs objets (jusqu'\u00e0 2,67 m), une ouverture est pr\u00e9sente dans le plancher pour rabattre les si\u00e8ges et donc permettre un espace de chargement plat.<br>Seat offre donc un habitacle g\u00e9n\u00e9reux avec la motorisation d'une berline pour plus de tonicit\u00e9, de souplesse et de confort.<\/p>\n\n\n\n<h2 class=\"wp-block-heading\">D\u00e9couverte de la nouvelle Seat Leon ST : \u00e9l\u00e9gance et performance au rendez-vous<\/h2>\n\n\n<div class=\"wp-block-image\">\n<figure class=\"aligncenter size-full\"><a href=\"http:\/\/www.carideal.com\/blog\/wp-content\/uploads\/2023\/08\/interieur-seat-leaon-st-2014.jpg\"><img loading=\"lazy\" decoding=\"async\" width=\"840\" height=\"394\" src=\"http:\/\/www.carideal.com\/blog\/wp-content\/uploads\/2023\/08\/interieur-seat-leaon-st-2014.jpg\" alt=\"Int\u00e9rieur SEAT Leon ST 2014\" class=\"wp-image-27075\" srcset=\"https:\/\/www.carideal.com\/blog\/wp-content\/uploads\/2023\/08\/interieur-seat-leaon-st-2014.jpg 840w, https:\/\/www.carideal.com\/blog\/wp-content\/uploads\/2023\/08\/interieur-seat-leaon-st-2014-300x141.jpg 300w, https:\/\/www.carideal.com\/blog\/wp-content\/uploads\/2023\/08\/interieur-seat-leaon-st-2014-768x360.jpg 768w, https:\/\/www.carideal.com\/blog\/wp-content\/uploads\/2023\/08\/interieur-seat-leaon-st-2014-50x23.jpg 50w, https:\/\/www.carideal.com\/blog\/wp-content\/uploads\/2023\/08\/interieur-seat-leaon-st-2014-110x52.jpg 110w, https:\/\/www.carideal.com\/blog\/wp-content\/uploads\/2023\/08\/interieur-seat-leaon-st-2014-420x197.jpg 420w, https:\/\/www.carideal.com\/blog\/wp-content\/uploads\/2023\/08\/interieur-seat-leaon-st-2014-770x361.jpg 770w\" sizes=\"(max-width: 840px) 100vw, 840px\" \/><\/a><figcaption class=\"wp-element-caption\">Int\u00e9rieur SEAT Leon ST 2014<\/figcaption><\/figure><\/div>\n\n\n<h3 class=\"wp-block-heading\">Un break compact pour compl\u00e9ter l'offre du groupe Volkswagen<\/h3>\n\n\n\n<p>Apr\u00e8s avoir admir\u00e9 l'<a href=\"http:\/\/www.carideal.com\/blog\/2013\/07\/23\/skoda-octavia-combi\/\">Octavia Combi<\/a> de <a href=\"http:\/\/www.carideal.com\/blog\/marque-de-voiture-actualites-essais\/skoda\/\">Skoda<\/a> et la Golf Variant de <a href=\"http:\/\/www.carideal.com\/blog\/marque-de-voiture-actualites-essais\/volkswagen\/\">Volkswagen<\/a>, il est temps de d\u00e9couvrir la nouvelle version ST (break) de la Seat Leon. Ce mod\u00e8le vient en effet enrichir la gamme du groupe Volkswagen sur le segment des <a href=\"http:\/\/www.carideal.com\/blog\/2013\/01\/10\/le-retour-des-breaks-compacts\/\">breaks compacts<\/a>, d\u00e9velopp\u00e9 sur la plateforme MQB. La Leon ST compl\u00e8te \u00e9galement l'offre Seat avec ses d\u00e9clinaisons en 5 portes et 3 portes (<a href=\"http:\/\/www.carideal.com\/blog\/2013\/07\/23\/seat-leon-sc-3-portes\/\">Leon SC<\/a>). Mais quels sont les atouts de ce nouveau break ?<\/p>\n\n\n\n<h3 class=\"wp-block-heading\">Un design r\u00e9ussi et \u00e9l\u00e9gant<\/h3>\n\n\n\n<p>En s'inspirant de la berline Leon, la version ST dispose d'un empattement identique de 2,64 m\u00e8tres et mesure 4,54 m\u00e8tres de long pour 1,82 m\u00e8tre de large. Jusqu'au montant B, la Leon ST ressemble \u00e0 sa version classique. Cependant, un \u0153il attentif remarquera un porte-\u00e0-faux plus important et une ligne de toit effil\u00e9e qui dynamise le profil de la voiture. Les feux arri\u00e8re sont \u00e9galement dans la lign\u00e9e des derni\u00e8res cr\u00e9ations de Seat. Vous \u00eates curieux de conna\u00eetre les sp\u00e9cificit\u00e9s de l'habitacle ?<\/p>\n\n\n<div class=\"wp-block-image\">\n<figure class=\"aligncenter size-full\"><a href=\"http:\/\/www.carideal.com\/blog\/wp-content\/uploads\/2023\/08\/Seat-Leon-ST-Carideal-mandataire-automoblile_m.jpg\"><img loading=\"lazy\" decoding=\"async\" width=\"448\" height=\"293\" src=\"http:\/\/www.carideal.com\/blog\/wp-content\/uploads\/2023\/08\/Seat-Leon-ST-Carideal-mandataire-automoblile_m.jpg\" alt=\"Seat Leon ST\" class=\"wp-image-27076\" srcset=\"https:\/\/www.carideal.com\/blog\/wp-content\/uploads\/2023\/08\/Seat-Leon-ST-Carideal-mandataire-automoblile_m.jpg 448w, https:\/\/www.carideal.com\/blog\/wp-content\/uploads\/2023\/08\/Seat-Leon-ST-Carideal-mandataire-automoblile_m-300x196.jpg 300w, https:\/\/www.carideal.com\/blog\/wp-content\/uploads\/2023\/08\/Seat-Leon-ST-Carideal-mandataire-automoblile_m-50x33.jpg 50w, https:\/\/www.carideal.com\/blog\/wp-content\/uploads\/2023\/08\/Seat-Leon-ST-Carideal-mandataire-automoblile_m-110x72.jpg 110w, https:\/\/www.carideal.com\/blog\/wp-content\/uploads\/2023\/08\/Seat-Leon-ST-Carideal-mandataire-automoblile_m-420x275.jpg 420w\" sizes=\"(max-width: 448px) 100vw, 448px\" \/><\/a><figcaption class=\"wp-element-caption\">Seat Leon ST<\/figcaption><\/figure><\/div>\n\n\n<h3 class=\"wp-block-heading\">Un int\u00e9rieur tout en praticit\u00e9<\/h3>\n\n\n\n<p>La Leon ST mise sur un coffre offrant un volume de 587 dm3 avec la banquette arri\u00e8re en place, l\u00e9g\u00e8rement inf\u00e9rieur \u00e0 celui des Golf Variant et Octavia Combi. Gr\u00e2ce \u00e0 la banquette arri\u00e8re rabattable, le volume maximal atteint 1470 dm3. L'habitacle est similaire \u00e0 celui de la berline 5 portes : une finition soign\u00e9e et un niveau d'\u00e9quipement satisfaisant. Le si\u00e8ge du passager avant peut se replier et la banquette arri\u00e8re se rabattre depuis le coffre. Qu'en est-il des motorisations disponibles ?<\/p>\n\n\n\n<figure class=\"wp-block-embed is-type-video is-provider-youtube wp-block-embed-youtube wp-embed-aspect-16-9 wp-has-aspect-ratio\"><div class=\"wp-block-embed__wrapper\">\n<iframe loading=\"lazy\" title=\"Essai Seat Leon ST\" width=\"1200\" height=\"675\" src=\"https:\/\/www.youtube.com\/embed\/ycnIvdb6QbA?feature=oembed\" frameborder=\"0\" allow=\"accelerometer; autoplay; clipboard-write; encrypted-media; gyroscope; picture-in-picture; web-share\" allowfullscreen><\/iframe>\n<\/div><\/figure>\n\n\n\n<h3 class=\"wp-block-heading\">Des moteurs pour tous les go\u00fbts<\/h3>\n\n\n\n<p>La nouvelle Leon ST proposera la m\u00eame gamme de motorisations que la berline, comprenant des moteurs essence et diesel allant de 86 \u00e0 184 chevaux. Les bo\u00eetes de vitesses manuelles \u00e0 5 et 6 rapports seront disponibles, ainsi que la DSG pour certaines motorisations. \u00c0 noter qu'une version ST \u00e0 quatre roues motrices est \u00e9galement pr\u00e9vue dans les mois \u00e0 venir. Et pour les amateurs de sportivit\u00e9 ?<\/p>\n\n\n\n<ul class=\"wp-block-list\">\n<li><a href=\"http:\/\/www.carideal.com\/blog\/2012\/12\/12\/seat-leon\/\">Seat Leon 3 de 2012<\/a><\/li>\n\n\n\n<li><a href=\"http:\/\/www.carideal.com\/blog\/2008\/10\/20\/seat-leon-ii-occasion\/\">Avis Seat Leon II occasion<\/a><\/li>\n<\/ul>\n\n\n\n<h3 class=\"wp-block-heading\">Une version Cupra en pr\u00e9paration ?<\/h3>\n\n\n\n<p>La Leon ST sera pr\u00e9sent\u00e9e officiellement au salon de Francfort en septembre avant d'arriver en concession en fin d'ann\u00e9e. Les finitions R\u00e9f\u00e9rence, Style et FR seront propos\u00e9es. Mais il reste \u00e0 esp\u00e9rer qu'une version sportive Cupra vienne donner la r\u00e9plique \u00e0 la Ford Focus SW ST, la <a href=\"http:\/\/www.carideal.com\/blog\/2013\/10\/05\/les-version-rs-de-la-skoda-octavia\/\">Skoda Octavia Combi RS<\/a> ou la <a href=\"http:\/\/www.carideal.com\/blog\/2010\/03\/21\/renault-megane-gt-et-gt-line\/\">Renault Megane Estate GT 220<\/a>. Alors, la Leon ST saura-t-elle conqu\u00e9rir les amateurs de breaks compacts et \u00e9l\u00e9gants ?<\/p>\n","protected":false},"excerpt":{"rendered":"<p>La Seat Leon ST 2014 : Break compact alliant \u00e9l\u00e9gance, performance et polyvalence Seat change d&rsquo;optique pour la Leon. Jug\u00e9 par les utilisateurs comme pas facile \u00e0 vivre, atypique et sportive le constructeur espagnol prend un virage visant les jeunes familles avec un break. La Leon ST a pour but de plaire \u00e0 un plus &#8230; <a title=\"Le break Seat Leon ST 2014\" class=\"read-more\" href=\"https:\/\/www.carideal.com\/blog\/2014\/05\/12\/le-break-seat-leon-st\/\" aria-label=\"En savoir plus sur Le break Seat Leon ST 2014\">Lire plus<\/a><\/p>\n","protected":false},"author":1,"featured_media":27074,"comment_status":"closed","ping_status":"open","sticky":false,"template":"","format":"standard","meta":{"_uag_custom_page_level_css":"","_themeisle_gutenberg_block_has_review":false,"footnotes":""},"categories":[5965,6013],"tags":[5873],"class_list":["post-1516","post","type-post","status-publish","format-standard","has-post-thumbnail","hentry","category-seat","category-break","tag-voiture-familiale"],"wppr_data":{"cwp_meta_box_check":"No"},"yoast_head":"<!-- This site is optimized with the Yoast SEO plugin v24.8.1 - https:\/\/yoast.com\/wordpress\/plugins\/seo\/ -->\n<title>Le break Seat Leon ST 2014 - Blog auto Carid\u00e9al<\/title>\n<meta name=\"description\" content=\"La Leon ST a pour but de plaire \u00e0 un plus grand nombre d&#039;utilisateurs en offrant un v\u00e9hicule plus accueillant et ergonomique pour un bon rapport qualit\u00e9-prix.\" \/>\n<meta name=\"robots\" content=\"index, follow, max-snippet:-1, max-image-preview:large, max-video-preview:-1\" \/>\n<link rel=\"canonical\" href=\"https:\/\/www.carideal.com\/blog\/2014\/05\/12\/le-break-seat-leon-st\/\" \/>\n<meta property=\"og:locale\" content=\"fr_FR\" \/>\n<meta property=\"og:type\" content=\"article\" \/>\n<meta property=\"og:title\" content=\"Le break Seat Leon ST 2014 - Blog auto Carid\u00e9al\" \/>\n<meta property=\"og:description\" content=\"La Leon ST a pour but de plaire \u00e0 un plus grand nombre d&#039;utilisateurs en offrant un v\u00e9hicule plus accueillant et ergonomique pour un bon rapport qualit\u00e9-prix.\" \/>\n<meta property=\"og:url\" content=\"https:\/\/www.carideal.com\/blog\/2014\/05\/12\/le-break-seat-leon-st\/\" \/>\n<meta property=\"og:site_name\" content=\"Blog auto Carid\u00e9al\" \/>\n<meta property=\"article:publisher\" content=\"https:\/\/www.facebook.com\/Carideal.mandataire.automobile\" \/>\n<meta property=\"article:author\" content=\"https:\/\/www.facebook.com\/Carideal.mandataire.automobile\/\" \/>\n<meta property=\"article:published_time\" content=\"2014-05-12T14:15:00+00:00\" \/>\n<meta property=\"article:modified_time\" content=\"2023-08-26T10:06:58+00:00\" \/>\n<meta property=\"og:image\" content=\"https:\/\/www.carideal.com\/blog\/wp-content\/uploads\/2014\/05\/seat-leon-st-2014.jpg\" \/>\n\t<meta property=\"og:image:width\" content=\"1280\" \/>\n\t<meta property=\"og:image:height\" content=\"960\" \/>\n\t<meta property=\"og:image:type\" content=\"image\/jpeg\" \/>\n<meta name=\"author\" content=\"N.S Carideal\" \/>\n<meta name=\"twitter:card\" content=\"summary_large_image\" \/>\n<meta name=\"twitter:creator\" content=\"@caridealauto\" \/>\n<meta name=\"twitter:site\" content=\"@caridealauto\" \/>\n<meta name=\"twitter:label1\" content=\"\u00c9crit par\" \/>\n\t<meta name=\"twitter:data1\" content=\"N.S Carideal\" \/>\n\t<meta name=\"twitter:label2\" content=\"Dur\u00e9e de lecture estim\u00e9e\" \/>\n\t<meta name=\"twitter:data2\" content=\"4 minutes\" \/>\n<script type=\"application\/ld+json\" class=\"yoast-schema-graph\">{\"@context\":\"https:\/\/schema.org\",\"@graph\":[{\"@type\":\"Article\",\"@id\":\"https:\/\/www.carideal.com\/blog\/2014\/05\/12\/le-break-seat-leon-st\/#article\",\"isPartOf\":{\"@id\":\"https:\/\/www.carideal.com\/blog\/2014\/05\/12\/le-break-seat-leon-st\/\"},\"author\":{\"name\":\"N.S Carideal\",\"@id\":\"https:\/\/www.carideal.com\/blog\/#\/schema\/person\/985c7e757d1042d647f21bfaf8d41ebc\"},\"headline\":\"Le break Seat Leon ST 2014\",\"datePublished\":\"2014-05-12T14:15:00+00:00\",\"dateModified\":\"2023-08-26T10:06:58+00:00\",\"mainEntityOfPage\":{\"@id\":\"https:\/\/www.carideal.com\/blog\/2014\/05\/12\/le-break-seat-leon-st\/\"},\"wordCount\":623,\"publisher\":{\"@id\":\"https:\/\/www.carideal.com\/blog\/#organization\"},\"image\":{\"@id\":\"https:\/\/www.carideal.com\/blog\/2014\/05\/12\/le-break-seat-leon-st\/#primaryimage\"},\"thumbnailUrl\":\"https:\/\/www.carideal.com\/blog\/wp-content\/uploads\/2014\/05\/seat-leon-st-2014.jpg\",\"keywords\":[\"voiture familiale\"],\"articleSection\":[\"Actualit\u00e9 Seat\",\"Break\"],\"inLanguage\":\"fr-FR\"},{\"@type\":\"WebPage\",\"@id\":\"https:\/\/www.carideal.com\/blog\/2014\/05\/12\/le-break-seat-leon-st\/\",\"url\":\"https:\/\/www.carideal.com\/blog\/2014\/05\/12\/le-break-seat-leon-st\/\",\"name\":\"Le break Seat Leon ST 2014 - Blog auto Carid\u00e9al\",\"isPartOf\":{\"@id\":\"https:\/\/www.carideal.com\/blog\/#website\"},\"primaryImageOfPage\":{\"@id\":\"https:\/\/www.carideal.com\/blog\/2014\/05\/12\/le-break-seat-leon-st\/#primaryimage\"},\"image\":{\"@id\":\"https:\/\/www.carideal.com\/blog\/2014\/05\/12\/le-break-seat-leon-st\/#primaryimage\"},\"thumbnailUrl\":\"https:\/\/www.carideal.com\/blog\/wp-content\/uploads\/2014\/05\/seat-leon-st-2014.jpg\",\"datePublished\":\"2014-05-12T14:15:00+00:00\",\"dateModified\":\"2023-08-26T10:06:58+00:00\",\"description\":\"La Leon ST a pour but de plaire \u00e0 un plus grand nombre d'utilisateurs en offrant un v\u00e9hicule plus accueillant et ergonomique pour un bon rapport qualit\u00e9-prix.\",\"breadcrumb\":{\"@id\":\"https:\/\/www.carideal.com\/blog\/2014\/05\/12\/le-break-seat-leon-st\/#breadcrumb\"},\"inLanguage\":\"fr-FR\",\"potentialAction\":[{\"@type\":\"ReadAction\",\"target\":[\"https:\/\/www.carideal.com\/blog\/2014\/05\/12\/le-break-seat-leon-st\/\"]}]},{\"@type\":\"ImageObject\",\"inLanguage\":\"fr-FR\",\"@id\":\"https:\/\/www.carideal.com\/blog\/2014\/05\/12\/le-break-seat-leon-st\/#primaryimage\",\"url\":\"https:\/\/www.carideal.com\/blog\/wp-content\/uploads\/2014\/05\/seat-leon-st-2014.jpg\",\"contentUrl\":\"https:\/\/www.carideal.com\/blog\/wp-content\/uploads\/2014\/05\/seat-leon-st-2014.jpg\",\"width\":1280,\"height\":960,\"caption\":\"Le break Seat Leon ST 2014\"},{\"@type\":\"BreadcrumbList\",\"@id\":\"https:\/\/www.carideal.com\/blog\/2014\/05\/12\/le-break-seat-leon-st\/#breadcrumb\",\"itemListElement\":[{\"@type\":\"ListItem\",\"position\":1,\"name\":\"Blog Carid\u00e9al\",\"item\":\"https:\/\/www.carideal.com\/blog\/\"},{\"@type\":\"ListItem\",\"position\":2,\"name\":\"Type de v\u00e9hicule\",\"item\":\"https:\/\/www.carideal.com\/blog\/type-de-vehicule\/\"},{\"@type\":\"ListItem\",\"position\":3,\"name\":\"Break\",\"item\":\"https:\/\/www.carideal.com\/blog\/type-de-vehicule\/break\/\"},{\"@type\":\"ListItem\",\"position\":4,\"name\":\"Le break Seat Leon ST 2014\"}]},{\"@type\":\"WebSite\",\"@id\":\"https:\/\/www.carideal.com\/blog\/#website\",\"url\":\"https:\/\/www.carideal.com\/blog\/\",\"name\":\"Blog auto Carid\u00e9al\",\"description\":\"Actualit\u00e9 auto par des passionn\u00e9s\",\"publisher\":{\"@id\":\"https:\/\/www.carideal.com\/blog\/#organization\"},\"potentialAction\":[{\"@type\":\"SearchAction\",\"target\":{\"@type\":\"EntryPoint\",\"urlTemplate\":\"https:\/\/www.carideal.com\/blog\/?s={search_term_string}\"},\"query-input\":{\"@type\":\"PropertyValueSpecification\",\"valueRequired\":true,\"valueName\":\"search_term_string\"}}],\"inLanguage\":\"fr-FR\"},{\"@type\":\"Organization\",\"@id\":\"https:\/\/www.carideal.com\/blog\/#organization\",\"name\":\"Carideal\",\"url\":\"https:\/\/www.carideal.com\/blog\/\",\"logo\":{\"@type\":\"ImageObject\",\"inLanguage\":\"fr-FR\",\"@id\":\"https:\/\/www.carideal.com\/blog\/#\/schema\/logo\/image\/\",\"url\":\"http:\/\/www.carideal.com\/blog\/wp-content\/uploads\/2016\/03\/logo-carideal-mandataire-automobile.png\",\"contentUrl\":\"http:\/\/www.carideal.com\/blog\/wp-content\/uploads\/2016\/03\/logo-carideal-mandataire-automobile.png\",\"width\":300,\"height\":300,\"caption\":\"Carideal\"},\"image\":{\"@id\":\"https:\/\/www.carideal.com\/blog\/#\/schema\/logo\/image\/\"},\"sameAs\":[\"https:\/\/www.facebook.com\/Carideal.mandataire.automobile\",\"https:\/\/x.com\/caridealauto\",\"https:\/\/www.instagram.com\/carideal1\/\",\"https:\/\/www.linkedin.com\/company\/carideal.com\",\"https:\/\/fr.pinterest.com\/schiavonsas\/\",\"https:\/\/www.youtube.com\/user\/caridealsas\"]},{\"@type\":\"Person\",\"@id\":\"https:\/\/www.carideal.com\/blog\/#\/schema\/person\/985c7e757d1042d647f21bfaf8d41ebc\",\"name\":\"N.S Carideal\",\"image\":{\"@type\":\"ImageObject\",\"inLanguage\":\"fr-FR\",\"@id\":\"https:\/\/www.carideal.com\/blog\/#\/schema\/person\/image\/\",\"url\":\"https:\/\/secure.gravatar.com\/avatar\/edb7ccdf1a4e3d14aef967760d354d0e?s=96&r=g\",\"contentUrl\":\"https:\/\/secure.gravatar.com\/avatar\/edb7ccdf1a4e3d14aef967760d354d0e?s=96&r=g\",\"caption\":\"N.S Carideal\"},\"description\":\"Depuis tout petit fan d'automobile. Il est question d'essayer et de comparer toutes ces voitures qui nous ont fait r\u00e9ver, avant que celles-ci ne devient uniquement des voitures de collection.\",\"sameAs\":[\"http:\/\/www.carideal.com\/blog\",\"https:\/\/www.facebook.com\/Carideal.mandataire.automobile\/\",\"https:\/\/www.linkedin.com\/in\/nschiavon\/\",\"https:\/\/www.youtube.com\/user\/caridealsas\/\"],\"url\":\"https:\/\/www.carideal.com\/blog\/author\/admin_carideal\/\"}]}<\/script>\n<!-- \/ Yoast SEO plugin. -->","yoast_head_json":{"title":"Le break Seat Leon ST 2014 - Blog auto Carid\u00e9al","description":"La Leon ST a pour but de plaire \u00e0 un plus grand nombre d'utilisateurs en offrant un v\u00e9hicule plus accueillant et ergonomique pour un bon rapport qualit\u00e9-prix.","robots":{"index":"index","follow":"follow","max-snippet":"max-snippet:-1","max-image-preview":"max-image-preview:large","max-video-preview":"max-video-preview:-1"},"canonical":"https:\/\/www.carideal.com\/blog\/2014\/05\/12\/le-break-seat-leon-st\/","og_locale":"fr_FR","og_type":"article","og_title":"Le break Seat Leon ST 2014 - Blog auto Carid\u00e9al","og_description":"La Leon ST a pour but de plaire \u00e0 un plus grand nombre d'utilisateurs en offrant un v\u00e9hicule plus accueillant et ergonomique pour un bon rapport qualit\u00e9-prix.","og_url":"https:\/\/www.carideal.com\/blog\/2014\/05\/12\/le-break-seat-leon-st\/","og_site_name":"Blog auto Carid\u00e9al","article_publisher":"https:\/\/www.facebook.com\/Carideal.mandataire.automobile","article_author":"https:\/\/www.facebook.com\/Carideal.mandataire.automobile\/","article_published_time":"2014-05-12T14:15:00+00:00","article_modified_time":"2023-08-26T10:06:58+00:00","og_image":[{"width":1280,"height":960,"url":"https:\/\/www.carideal.com\/blog\/wp-content\/uploads\/2014\/05\/seat-leon-st-2014.jpg","type":"image\/jpeg"}],"author":"N.S Carideal","twitter_card":"summary_large_image","twitter_creator":"@caridealauto","twitter_site":"@caridealauto","twitter_misc":{"\u00c9crit par":"N.S Carideal","Dur\u00e9e de lecture estim\u00e9e":"4 minutes"},"schema":{"@context":"https:\/\/schema.org","@graph":[{"@type":"Article","@id":"https:\/\/www.carideal.com\/blog\/2014\/05\/12\/le-break-seat-leon-st\/#article","isPartOf":{"@id":"https:\/\/www.carideal.com\/blog\/2014\/05\/12\/le-break-seat-leon-st\/"},"author":{"name":"N.S Carideal","@id":"https:\/\/www.carideal.com\/blog\/#\/schema\/person\/985c7e757d1042d647f21bfaf8d41ebc"},"headline":"Le break Seat Leon ST 2014","datePublished":"2014-05-12T14:15:00+00:00","dateModified":"2023-08-26T10:06:58+00:00","mainEntityOfPage":{"@id":"https:\/\/www.carideal.com\/blog\/2014\/05\/12\/le-break-seat-leon-st\/"},"wordCount":623,"publisher":{"@id":"https:\/\/www.carideal.com\/blog\/#organization"},"image":{"@id":"https:\/\/www.carideal.com\/blog\/2014\/05\/12\/le-break-seat-leon-st\/#primaryimage"},"thumbnailUrl":"https:\/\/www.carideal.com\/blog\/wp-content\/uploads\/2014\/05\/seat-leon-st-2014.jpg","keywords":["voiture familiale"],"articleSection":["Actualit\u00e9 Seat","Break"],"inLanguage":"fr-FR"},{"@type":"WebPage","@id":"https:\/\/www.carideal.com\/blog\/2014\/05\/12\/le-break-seat-leon-st\/","url":"https:\/\/www.carideal.com\/blog\/2014\/05\/12\/le-break-seat-leon-st\/","name":"Le break Seat Leon ST 2014 - Blog auto Carid\u00e9al","isPartOf":{"@id":"https:\/\/www.carideal.com\/blog\/#website"},"primaryImageOfPage":{"@id":"https:\/\/www.carideal.com\/blog\/2014\/05\/12\/le-break-seat-leon-st\/#primaryimage"},"image":{"@id":"https:\/\/www.carideal.com\/blog\/2014\/05\/12\/le-break-seat-leon-st\/#primaryimage"},"thumbnailUrl":"https:\/\/www.carideal.com\/blog\/wp-content\/uploads\/2014\/05\/seat-leon-st-2014.jpg","datePublished":"2014-05-12T14:15:00+00:00","dateModified":"2023-08-26T10:06:58+00:00","description":"La Leon ST a pour but de plaire \u00e0 un plus grand nombre d'utilisateurs en offrant un v\u00e9hicule plus accueillant et ergonomique pour un bon rapport qualit\u00e9-prix.","breadcrumb":{"@id":"https:\/\/www.carideal.com\/blog\/2014\/05\/12\/le-break-seat-leon-st\/#breadcrumb"},"inLanguage":"fr-FR","potentialAction":[{"@type":"ReadAction","target":["https:\/\/www.carideal.com\/blog\/2014\/05\/12\/le-break-seat-leon-st\/"]}]},{"@type":"ImageObject","inLanguage":"fr-FR","@id":"https:\/\/www.carideal.com\/blog\/2014\/05\/12\/le-break-seat-leon-st\/#primaryimage","url":"https:\/\/www.carideal.com\/blog\/wp-content\/uploads\/2014\/05\/seat-leon-st-2014.jpg","contentUrl":"https:\/\/www.carideal.com\/blog\/wp-content\/uploads\/2014\/05\/seat-leon-st-2014.jpg","width":1280,"height":960,"caption":"Le break Seat Leon ST 2014"},{"@type":"BreadcrumbList","@id":"https:\/\/www.carideal.com\/blog\/2014\/05\/12\/le-break-seat-leon-st\/#breadcrumb","itemListElement":[{"@type":"ListItem","position":1,"name":"Blog Carid\u00e9al","item":"https:\/\/www.carideal.com\/blog\/"},{"@type":"ListItem","position":2,"name":"Type de v\u00e9hicule","item":"https:\/\/www.carideal.com\/blog\/type-de-vehicule\/"},{"@type":"ListItem","position":3,"name":"Break","item":"https:\/\/www.carideal.com\/blog\/type-de-vehicule\/break\/"},{"@type":"ListItem","position":4,"name":"Le break Seat Leon ST 2014"}]},{"@type":"WebSite","@id":"https:\/\/www.carideal.com\/blog\/#website","url":"https:\/\/www.carideal.com\/blog\/","name":"Blog auto Carid\u00e9al","description":"Actualit\u00e9 auto par des passionn\u00e9s","publisher":{"@id":"https:\/\/www.carideal.com\/blog\/#organization"},"potentialAction":[{"@type":"SearchAction","target":{"@type":"EntryPoint","urlTemplate":"https:\/\/www.carideal.com\/blog\/?s={search_term_string}"},"query-input":{"@type":"PropertyValueSpecification","valueRequired":true,"valueName":"search_term_string"}}],"inLanguage":"fr-FR"},{"@type":"Organization","@id":"https:\/\/www.carideal.com\/blog\/#organization","name":"Carideal","url":"https:\/\/www.carideal.com\/blog\/","logo":{"@type":"ImageObject","inLanguage":"fr-FR","@id":"https:\/\/www.carideal.com\/blog\/#\/schema\/logo\/image\/","url":"http:\/\/www.carideal.com\/blog\/wp-content\/uploads\/2016\/03\/logo-carideal-mandataire-automobile.png","contentUrl":"http:\/\/www.carideal.com\/blog\/wp-content\/uploads\/2016\/03\/logo-carideal-mandataire-automobile.png","width":300,"height":300,"caption":"Carideal"},"image":{"@id":"https:\/\/www.carideal.com\/blog\/#\/schema\/logo\/image\/"},"sameAs":["https:\/\/www.facebook.com\/Carideal.mandataire.automobile","https:\/\/x.com\/caridealauto","https:\/\/www.instagram.com\/carideal1\/","https:\/\/www.linkedin.com\/company\/carideal.com","https:\/\/fr.pinterest.com\/schiavonsas\/","https:\/\/www.youtube.com\/user\/caridealsas"]},{"@type":"Person","@id":"https:\/\/www.carideal.com\/blog\/#\/schema\/person\/985c7e757d1042d647f21bfaf8d41ebc","name":"N.S Carideal","image":{"@type":"ImageObject","inLanguage":"fr-FR","@id":"https:\/\/www.carideal.com\/blog\/#\/schema\/person\/image\/","url":"https:\/\/secure.gravatar.com\/avatar\/edb7ccdf1a4e3d14aef967760d354d0e?s=96&r=g","contentUrl":"https:\/\/secure.gravatar.com\/avatar\/edb7ccdf1a4e3d14aef967760d354d0e?s=96&r=g","caption":"N.S Carideal"},"description":"Depuis tout petit fan d'automobile. Il est question d'essayer et de comparer toutes ces voitures qui nous ont fait r\u00e9ver, avant que celles-ci ne devient uniquement des voitures de collection.","sameAs":["http:\/\/www.carideal.com\/blog","https:\/\/www.facebook.com\/Carideal.mandataire.automobile\/","https:\/\/www.linkedin.com\/in\/nschiavon\/","https:\/\/www.youtube.com\/user\/caridealsas\/"],"url":"https:\/\/www.carideal.com\/blog\/author\/admin_carideal\/"}]}},"uagb_featured_image_src":{"full":["https:\/\/www.carideal.com\/blog\/wp-content\/uploads\/2014\/05\/seat-leon-st-2014.jpg",1280,960,false],"thumbnail":["https:\/\/www.carideal.com\/blog\/wp-content\/uploads\/2014\/05\/seat-leon-st-2014-150x150.jpg",150,150,true],"medium":["https:\/\/www.carideal.com\/blog\/wp-content\/uploads\/2014\/05\/seat-leon-st-2014-300x225.jpg",300,225,true],"medium_large":["https:\/\/www.carideal.com\/blog\/wp-content\/uploads\/2014\/05\/seat-leon-st-2014-768x576.jpg",768,576,true],"large":["https:\/\/www.carideal.com\/blog\/wp-content\/uploads\/2014\/05\/seat-leon-st-2014-1024x768.jpg",1024,768,true],"1536x1536":["https:\/\/www.carideal.com\/blog\/wp-content\/uploads\/2014\/05\/seat-leon-st-2014.jpg",1280,960,false],"2048x2048":["https:\/\/www.carideal.com\/blog\/wp-content\/uploads\/2014\/05\/seat-leon-st-2014.jpg",1280,960,false],"wppr-widget":["https:\/\/www.carideal.com\/blog\/wp-content\/uploads\/2014\/05\/seat-leon-st-2014-50x38.jpg",50,38,true]},"uagb_author_info":{"display_name":"N.S Carideal","author_link":"https:\/\/www.carideal.com\/blog\/author\/admin_carideal\/"},"uagb_comment_info":0,"uagb_excerpt":"La Seat Leon ST 2014 : Break compact alliant \u00e9l\u00e9gance, performance et polyvalence Seat change d'optique pour la Leon. Jug\u00e9 par les utilisateurs comme pas facile \u00e0 vivre, atypique et sportive le constructeur espagnol prend un virage visant les jeunes familles avec un break. La Leon ST a pour but de plaire \u00e0 un plus\u2026","_links":{"self":[{"href":"https:\/\/www.carideal.com\/blog\/wp-json\/wp\/v2\/posts\/1516"}],"collection":[{"href":"https:\/\/www.carideal.com\/blog\/wp-json\/wp\/v2\/posts"}],"about":[{"href":"https:\/\/www.carideal.com\/blog\/wp-json\/wp\/v2\/types\/post"}],"author":[{"embeddable":true,"href":"https:\/\/www.carideal.com\/blog\/wp-json\/wp\/v2\/users\/1"}],"replies":[{"embeddable":true,"href":"https:\/\/www.carideal.com\/blog\/wp-json\/wp\/v2\/comments?post=1516"}],"version-history":[{"count":0,"href":"https:\/\/www.carideal.com\/blog\/wp-json\/wp\/v2\/posts\/1516\/revisions"}],"wp:featuredmedia":[{"embeddable":true,"href":"https:\/\/www.carideal.com\/blog\/wp-json\/wp\/v2\/media\/27074"}],"wp:attachment":[{"href":"https:\/\/www.carideal.com\/blog\/wp-json\/wp\/v2\/media?parent=1516"}],"wp:term":[{"taxonomy":"category","embeddable":true,"href":"https:\/\/www.carideal.com\/blog\/wp-json\/wp\/v2\/categories?post=1516"},{"taxonomy":"post_tag","embeddable":true,"href":"https:\/\/www.carideal.com\/blog\/wp-json\/wp\/v2\/tags?post=1516"}],"curies":[{"name":"wp","href":"https:\/\/api.w.org\/{rel}","templated":true}]}}