{"id":1508,"date":"2014-03-23T13:09:00","date_gmt":"2014-03-23T13:09:00","guid":{"rendered":"http:\/\/carideal.com\/blog\/?p=1508"},"modified":"2020-03-07T16:52:32","modified_gmt":"2020-03-07T15:52:32","slug":"essai-du-nouveau-dacia-duster","status":"publish","type":"post","link":"https:\/\/www.carideal.com\/blog\/2014\/03\/23\/essai-du-nouveau-dacia-duster\/","title":{"rendered":"Essai Dacia Duster du nouveau !"},"content":{"rendered":"<figure style=\"width: 438px\" class=\"wp-caption alignnone\"><img loading=\"lazy\" decoding=\"async\" title=\"Essai Dacia Duster\" src=\"\/blog\/public\/.Dacia-Duster-2014-achat-carideal-mandataire-automobile_m.jpg\" alt=\"Essai Dacia Duster\" width=\"448\" height=\"231\" \/><figcaption class=\"wp-caption-text\">Essai Dacia Duster<\/figcaption><\/figure>\n<h1>Essai Dacia Duster 2014 le nouveau restyl\u00e9<\/h1>\n<p>Essai dacia Duster : afin rester au sommet des ventes le <span style=\"text-decoration: underline;\"><strong>Dacia<\/strong><\/span> Duster change et en offre plus pour le m\u00eame prix.<br \/>\nLe Dacia Duster a \u00e9t\u00e9 lanc\u00e9 en 2010 et s'est d\u00e9j\u00e0 vendu \u00e0 plus de 820 000 unit\u00e9s \u00e0 travers le monde. Certains sont vendus sous la marque Renault Dans certains pays. La France est le premier march\u00e9 pour le Duster avec plus de 129 000 ventes.<br \/>\nApr\u00e8s trois ans d'existence et un lifting, le Duster se dote en s\u00e9rie de l'ESP, de quatre airbags au lieu de deux et sans hausse de tarif.<br \/>\nDacia a su \u00e9couter ses clients, le r\u00e9gulateur devient une option, (de s\u00e9rie sur prestige), l'ordinateur donne la temp\u00e9rature ext, le cache bagage devient rigide et les commandes de l\u00e8ve-vitre sont plus pratiques sur la porti\u00e8re.<br \/>\n<strong>La majorit\u00e9 des ventes du Dacia Duster ont lieu en 4x2 mais pour 2000 \u20ac de plus vous pouvez vous offrir le 4x4 et uniquement en dci 110.<\/strong> A l'ext\u00e9rieur seul la calandre et les feux \u00e0 double optiques \u00e9voluent, tandis qu'\u00e0 l'int\u00e9rieur la planche de bord \u00e9volue avec plus de rangement, et l'arriv\u00e9 du M\u00e9diaNav, l'\u00e9cran tactile de 18 cm. Lors de cet essai Dacia Duster, on a toujours affaire \u00e0 des plastiques durs et un int\u00e9rieur basique et la finition rapellent \u00e0 chaque instant que le Duster est une voiture Low Cost.<\/p>\n<h2>Essai Dacia Duster robuste et fiable<\/h2>\n<p>Au moins le Duster ne trompe pas son monde, sa simplicit\u00e9 et sa robustesse avec ses aspects pratiques font qu'on a pas peur de le salir et de l'emmener dans les chemins ou il se sent \u00e0 l'aise. Il a su prouver sa fiabilit\u00e9 depuis 3 ans.<br \/>\nNous avons pu nous rendre compte lors de cet essai Dacia Duster, que les moteurs n'ont pas chang\u00e9s, nous trouvons toujours le DCI 110 et DCI 90, \u00e0 noter que le DCI 90 est \u00e9quip\u00e9 d'une boite \u00e0 6 rapports et non plus 5. L'insonorisation a \u00e9t\u00e9 am\u00e9lior\u00e9e mais si les suspensions sont confortables, la pr\u00e9cision de conduite n'est pas vraiment son fort. Dacia monte aussi le moteur 1.2 TCe 125, plus puissant plus coupleux et plus sobre que l'ancien et d\u00e9pass\u00e9 1.6 16V, mais le pauvre est encore affubl\u00e9 d'un malus de 500 \u20ac.<\/p>\n<p><span style=\"text-decoration: underline;\"><a href=\"http:\/\/www.carideal.com\/blog\/2013\/11\/28\/dacia-duster-restyle\/\">Relisez\u00a0Dacia Duster restyl\u00e9<\/a><\/span><\/p>\n<p><strong>Le <span style=\"text-decoration: underline;\"><a href=\"http:\/\/www.carideal.com\/blog\/2013\/11\/28\/dacia-duster-restyle\/\">Dacia Duster<\/a><\/span> a encore de beaux jours devant lui car il un sacr\u00e9 argument\u00a0: son rapport qualit\u00e9 prix !<\/strong><\/p>\n<p><iframe loading=\"lazy\" src=\"\/\/www.youtube.com\/embed\/CxHy36LDUxU\" width=\"560\" height=\"315\" frameborder=\"0\" allowfullscreen=\"allowfullscreen\"><\/iframe><\/p>\n<p>&nbsp;<\/p>\n","protected":false},"excerpt":{"rendered":"<p>Essai Dacia Duster 2014 le nouveau restyl\u00e9 Essai dacia Duster : afin rester au sommet des ventes le Dacia Duster change et en offre plus pour le m\u00eame prix. Le Dacia Duster a \u00e9t\u00e9 lanc\u00e9 en 2010 et s&rsquo;est d\u00e9j\u00e0 vendu \u00e0 plus de 820 000 unit\u00e9s \u00e0 travers le monde. Certains sont vendus sous &#8230; <a title=\"Essai Dacia Duster du nouveau !\" class=\"read-more\" href=\"https:\/\/www.carideal.com\/blog\/2014\/03\/23\/essai-du-nouveau-dacia-duster\/\" aria-label=\"En savoir plus sur Essai Dacia Duster du nouveau !\">Lire plus<\/a><\/p>\n","protected":false},"author":1,"featured_media":0,"comment_status":"open","ping_status":"open","sticky":false,"template":"","format":"standard","meta":{"_uag_custom_page_level_css":"","_themeisle_gutenberg_block_has_review":false,"footnotes":""},"categories":[2,5944,6007,5947,6137,10,6010,5974],"tags":[5044,1433],"class_list":["post-1508","post","type-post","status-publish","format-standard","hentry","category-4x4-suv","category-constructeur","category-dacia","category-essai","category-dacia-essai","category-marche-automobile-voiture-neuve-occasion-4x4-suv","category-suv","category-type-de-vehicule","tag-guide-achat","tag-low-cost"],"wppr_data":[],"yoast_head":"<!-- This site is optimized with the Yoast SEO plugin v24.8.1 - https:\/\/yoast.com\/wordpress\/plugins\/seo\/ -->\n<title>Essai Dacia Duster du nouveau ! - Blog auto Carid\u00e9al<\/title>\n<meta name=\"description\" content=\"Essai Dacia Duster 2014 le neouveau restyl\u00e9 afin rester au sommet des ventes le Dacia Duster change et en offre plus pour le m\u00eame prix.\" \/>\n<meta name=\"robots\" content=\"index, follow, max-snippet:-1, max-image-preview:large, max-video-preview:-1\" \/>\n<link rel=\"canonical\" href=\"https:\/\/www.carideal.com\/blog\/2014\/03\/23\/essai-du-nouveau-dacia-duster\/\" \/>\n<meta property=\"og:locale\" content=\"fr_FR\" \/>\n<meta property=\"og:type\" content=\"article\" \/>\n<meta property=\"og:title\" content=\"Essai Dacia Duster du nouveau ! - Blog auto Carid\u00e9al\" \/>\n<meta property=\"og:description\" content=\"Essai Dacia Duster 2014 le neouveau restyl\u00e9 afin rester au sommet des ventes le Dacia Duster change et en offre plus pour le m\u00eame prix.\" \/>\n<meta property=\"og:url\" content=\"https:\/\/www.carideal.com\/blog\/2014\/03\/23\/essai-du-nouveau-dacia-duster\/\" \/>\n<meta property=\"og:site_name\" content=\"Blog auto Carid\u00e9al\" \/>\n<meta property=\"article:publisher\" content=\"https:\/\/www.facebook.com\/Carideal.mandataire.automobile\" \/>\n<meta property=\"article:author\" content=\"https:\/\/www.facebook.com\/Carideal.mandataire.automobile\/\" \/>\n<meta property=\"article:published_time\" content=\"2014-03-23T13:09:00+00:00\" \/>\n<meta property=\"article:modified_time\" content=\"2020-03-07T15:52:32+00:00\" \/>\n<meta property=\"og:image\" content=\"https:\/\/www.carideal.com\/blog\/wp-content\/uploads\/2016\/03\/logo-carideal-mandataire-automobile.png\" \/>\n\t<meta property=\"og:image:width\" content=\"300\" \/>\n\t<meta property=\"og:image:height\" content=\"300\" \/>\n\t<meta property=\"og:image:type\" content=\"image\/png\" \/>\n<meta name=\"author\" content=\"N.S Carideal\" \/>\n<meta name=\"twitter:card\" content=\"summary_large_image\" \/>\n<meta name=\"twitter:creator\" content=\"@caridealauto\" \/>\n<meta name=\"twitter:site\" content=\"@caridealauto\" \/>\n<meta name=\"twitter:label1\" content=\"\u00c9crit par\" \/>\n\t<meta name=\"twitter:data1\" content=\"N.S Carideal\" \/>\n\t<meta name=\"twitter:label2\" content=\"Dur\u00e9e de lecture estim\u00e9e\" \/>\n\t<meta name=\"twitter:data2\" content=\"2 minutes\" \/>\n<script type=\"application\/ld+json\" class=\"yoast-schema-graph\">{\"@context\":\"https:\/\/schema.org\",\"@graph\":[{\"@type\":\"Article\",\"@id\":\"https:\/\/www.carideal.com\/blog\/2014\/03\/23\/essai-du-nouveau-dacia-duster\/#article\",\"isPartOf\":{\"@id\":\"https:\/\/www.carideal.com\/blog\/2014\/03\/23\/essai-du-nouveau-dacia-duster\/\"},\"author\":{\"name\":\"N.S Carideal\",\"@id\":\"https:\/\/www.carideal.com\/blog\/#\/schema\/person\/985c7e757d1042d647f21bfaf8d41ebc\"},\"headline\":\"Essai Dacia Duster du nouveau !\",\"datePublished\":\"2014-03-23T13:09:00+00:00\",\"dateModified\":\"2020-03-07T15:52:32+00:00\",\"mainEntityOfPage\":{\"@id\":\"https:\/\/www.carideal.com\/blog\/2014\/03\/23\/essai-du-nouveau-dacia-duster\/\"},\"wordCount\":409,\"commentCount\":0,\"publisher\":{\"@id\":\"https:\/\/www.carideal.com\/blog\/#organization\"},\"keywords\":[\"Guide achat voiture\",\"low cost\"],\"articleSection\":[\"4X4 Actualit\u00e9\",\"Actualit\u00e9 Constructeur automobile\",\"Actualit\u00e9 Dacia\",\"Essais automobile\",\"Essais Dacia\",\"March\u00e9 automobile\",\"SUV\",\"Type de v\u00e9hicule\"],\"inLanguage\":\"fr-FR\",\"potentialAction\":[{\"@type\":\"CommentAction\",\"name\":\"Comment\",\"target\":[\"https:\/\/www.carideal.com\/blog\/2014\/03\/23\/essai-du-nouveau-dacia-duster\/#respond\"]}]},{\"@type\":\"WebPage\",\"@id\":\"https:\/\/www.carideal.com\/blog\/2014\/03\/23\/essai-du-nouveau-dacia-duster\/\",\"url\":\"https:\/\/www.carideal.com\/blog\/2014\/03\/23\/essai-du-nouveau-dacia-duster\/\",\"name\":\"Essai Dacia Duster du nouveau ! - Blog auto Carid\u00e9al\",\"isPartOf\":{\"@id\":\"https:\/\/www.carideal.com\/blog\/#website\"},\"datePublished\":\"2014-03-23T13:09:00+00:00\",\"dateModified\":\"2020-03-07T15:52:32+00:00\",\"description\":\"Essai Dacia Duster 2014 le neouveau restyl\u00e9 afin rester au sommet des ventes le Dacia Duster change et en offre plus pour le m\u00eame prix.\",\"breadcrumb\":{\"@id\":\"https:\/\/www.carideal.com\/blog\/2014\/03\/23\/essai-du-nouveau-dacia-duster\/#breadcrumb\"},\"inLanguage\":\"fr-FR\",\"potentialAction\":[{\"@type\":\"ReadAction\",\"target\":[\"https:\/\/www.carideal.com\/blog\/2014\/03\/23\/essai-du-nouveau-dacia-duster\/\"]}]},{\"@type\":\"BreadcrumbList\",\"@id\":\"https:\/\/www.carideal.com\/blog\/2014\/03\/23\/essai-du-nouveau-dacia-duster\/#breadcrumb\",\"itemListElement\":[{\"@type\":\"ListItem\",\"position\":1,\"name\":\"Blog Carid\u00e9al\",\"item\":\"https:\/\/www.carideal.com\/blog\/\"},{\"@type\":\"ListItem\",\"position\":2,\"name\":\"March\u00e9 automobile\",\"item\":\"https:\/\/www.carideal.com\/blog\/marche-automobile-voiture-neuve-occasion-4x4-suv\/\"},{\"@type\":\"ListItem\",\"position\":3,\"name\":\"Essai Dacia Duster du nouveau !\"}]},{\"@type\":\"WebSite\",\"@id\":\"https:\/\/www.carideal.com\/blog\/#website\",\"url\":\"https:\/\/www.carideal.com\/blog\/\",\"name\":\"Blog auto Carid\u00e9al\",\"description\":\"Actualit\u00e9 auto par des passionn\u00e9s\",\"publisher\":{\"@id\":\"https:\/\/www.carideal.com\/blog\/#organization\"},\"potentialAction\":[{\"@type\":\"SearchAction\",\"target\":{\"@type\":\"EntryPoint\",\"urlTemplate\":\"https:\/\/www.carideal.com\/blog\/?s={search_term_string}\"},\"query-input\":{\"@type\":\"PropertyValueSpecification\",\"valueRequired\":true,\"valueName\":\"search_term_string\"}}],\"inLanguage\":\"fr-FR\"},{\"@type\":\"Organization\",\"@id\":\"https:\/\/www.carideal.com\/blog\/#organization\",\"name\":\"Carideal\",\"url\":\"https:\/\/www.carideal.com\/blog\/\",\"logo\":{\"@type\":\"ImageObject\",\"inLanguage\":\"fr-FR\",\"@id\":\"https:\/\/www.carideal.com\/blog\/#\/schema\/logo\/image\/\",\"url\":\"http:\/\/www.carideal.com\/blog\/wp-content\/uploads\/2016\/03\/logo-carideal-mandataire-automobile.png\",\"contentUrl\":\"http:\/\/www.carideal.com\/blog\/wp-content\/uploads\/2016\/03\/logo-carideal-mandataire-automobile.png\",\"width\":300,\"height\":300,\"caption\":\"Carideal\"},\"image\":{\"@id\":\"https:\/\/www.carideal.com\/blog\/#\/schema\/logo\/image\/\"},\"sameAs\":[\"https:\/\/www.facebook.com\/Carideal.mandataire.automobile\",\"https:\/\/x.com\/caridealauto\",\"https:\/\/www.instagram.com\/carideal1\/\",\"https:\/\/www.linkedin.com\/company\/carideal.com\",\"https:\/\/fr.pinterest.com\/schiavonsas\/\",\"https:\/\/www.youtube.com\/user\/caridealsas\"]},{\"@type\":\"Person\",\"@id\":\"https:\/\/www.carideal.com\/blog\/#\/schema\/person\/985c7e757d1042d647f21bfaf8d41ebc\",\"name\":\"N.S Carideal\",\"image\":{\"@type\":\"ImageObject\",\"inLanguage\":\"fr-FR\",\"@id\":\"https:\/\/www.carideal.com\/blog\/#\/schema\/person\/image\/\",\"url\":\"https:\/\/secure.gravatar.com\/avatar\/edb7ccdf1a4e3d14aef967760d354d0e?s=96&r=g\",\"contentUrl\":\"https:\/\/secure.gravatar.com\/avatar\/edb7ccdf1a4e3d14aef967760d354d0e?s=96&r=g\",\"caption\":\"N.S Carideal\"},\"description\":\"Depuis tout petit fan d'automobile. Il est question d'essayer et de comparer toutes ces voitures qui nous ont fait r\u00e9ver, avant que celles-ci ne devient uniquement des voitures de collection.\",\"sameAs\":[\"http:\/\/www.carideal.com\/blog\",\"https:\/\/www.facebook.com\/Carideal.mandataire.automobile\/\",\"https:\/\/www.linkedin.com\/in\/nschiavon\/\",\"https:\/\/www.youtube.com\/user\/caridealsas\/\"],\"url\":\"https:\/\/www.carideal.com\/blog\/author\/admin_carideal\/\"}]}<\/script>\n<!-- \/ Yoast SEO plugin. -->","yoast_head_json":{"title":"Essai Dacia Duster du nouveau ! - Blog auto Carid\u00e9al","description":"Essai Dacia Duster 2014 le neouveau restyl\u00e9 afin rester au sommet des ventes le Dacia Duster change et en offre plus pour le m\u00eame prix.","robots":{"index":"index","follow":"follow","max-snippet":"max-snippet:-1","max-image-preview":"max-image-preview:large","max-video-preview":"max-video-preview:-1"},"canonical":"https:\/\/www.carideal.com\/blog\/2014\/03\/23\/essai-du-nouveau-dacia-duster\/","og_locale":"fr_FR","og_type":"article","og_title":"Essai Dacia Duster du nouveau ! - Blog auto Carid\u00e9al","og_description":"Essai Dacia Duster 2014 le neouveau restyl\u00e9 afin rester au sommet des ventes le Dacia Duster change et en offre plus pour le m\u00eame prix.","og_url":"https:\/\/www.carideal.com\/blog\/2014\/03\/23\/essai-du-nouveau-dacia-duster\/","og_site_name":"Blog auto Carid\u00e9al","article_publisher":"https:\/\/www.facebook.com\/Carideal.mandataire.automobile","article_author":"https:\/\/www.facebook.com\/Carideal.mandataire.automobile\/","article_published_time":"2014-03-23T13:09:00+00:00","article_modified_time":"2020-03-07T15:52:32+00:00","og_image":[{"width":300,"height":300,"url":"https:\/\/www.carideal.com\/blog\/wp-content\/uploads\/2016\/03\/logo-carideal-mandataire-automobile.png","type":"image\/png"}],"author":"N.S Carideal","twitter_card":"summary_large_image","twitter_creator":"@caridealauto","twitter_site":"@caridealauto","twitter_misc":{"\u00c9crit par":"N.S Carideal","Dur\u00e9e de lecture estim\u00e9e":"2 minutes"},"schema":{"@context":"https:\/\/schema.org","@graph":[{"@type":"Article","@id":"https:\/\/www.carideal.com\/blog\/2014\/03\/23\/essai-du-nouveau-dacia-duster\/#article","isPartOf":{"@id":"https:\/\/www.carideal.com\/blog\/2014\/03\/23\/essai-du-nouveau-dacia-duster\/"},"author":{"name":"N.S Carideal","@id":"https:\/\/www.carideal.com\/blog\/#\/schema\/person\/985c7e757d1042d647f21bfaf8d41ebc"},"headline":"Essai Dacia Duster du nouveau !","datePublished":"2014-03-23T13:09:00+00:00","dateModified":"2020-03-07T15:52:32+00:00","mainEntityOfPage":{"@id":"https:\/\/www.carideal.com\/blog\/2014\/03\/23\/essai-du-nouveau-dacia-duster\/"},"wordCount":409,"commentCount":0,"publisher":{"@id":"https:\/\/www.carideal.com\/blog\/#organization"},"keywords":["Guide achat voiture","low cost"],"articleSection":["4X4 Actualit\u00e9","Actualit\u00e9 Constructeur automobile","Actualit\u00e9 Dacia","Essais automobile","Essais Dacia","March\u00e9 automobile","SUV","Type de v\u00e9hicule"],"inLanguage":"fr-FR","potentialAction":[{"@type":"CommentAction","name":"Comment","target":["https:\/\/www.carideal.com\/blog\/2014\/03\/23\/essai-du-nouveau-dacia-duster\/#respond"]}]},{"@type":"WebPage","@id":"https:\/\/www.carideal.com\/blog\/2014\/03\/23\/essai-du-nouveau-dacia-duster\/","url":"https:\/\/www.carideal.com\/blog\/2014\/03\/23\/essai-du-nouveau-dacia-duster\/","name":"Essai Dacia Duster du nouveau ! - Blog auto Carid\u00e9al","isPartOf":{"@id":"https:\/\/www.carideal.com\/blog\/#website"},"datePublished":"2014-03-23T13:09:00+00:00","dateModified":"2020-03-07T15:52:32+00:00","description":"Essai Dacia Duster 2014 le neouveau restyl\u00e9 afin rester au sommet des ventes le Dacia Duster change et en offre plus pour le m\u00eame prix.","breadcrumb":{"@id":"https:\/\/www.carideal.com\/blog\/2014\/03\/23\/essai-du-nouveau-dacia-duster\/#breadcrumb"},"inLanguage":"fr-FR","potentialAction":[{"@type":"ReadAction","target":["https:\/\/www.carideal.com\/blog\/2014\/03\/23\/essai-du-nouveau-dacia-duster\/"]}]},{"@type":"BreadcrumbList","@id":"https:\/\/www.carideal.com\/blog\/2014\/03\/23\/essai-du-nouveau-dacia-duster\/#breadcrumb","itemListElement":[{"@type":"ListItem","position":1,"name":"Blog Carid\u00e9al","item":"https:\/\/www.carideal.com\/blog\/"},{"@type":"ListItem","position":2,"name":"March\u00e9 automobile","item":"https:\/\/www.carideal.com\/blog\/marche-automobile-voiture-neuve-occasion-4x4-suv\/"},{"@type":"ListItem","position":3,"name":"Essai Dacia Duster du nouveau !"}]},{"@type":"WebSite","@id":"https:\/\/www.carideal.com\/blog\/#website","url":"https:\/\/www.carideal.com\/blog\/","name":"Blog auto Carid\u00e9al","description":"Actualit\u00e9 auto par des passionn\u00e9s","publisher":{"@id":"https:\/\/www.carideal.com\/blog\/#organization"},"potentialAction":[{"@type":"SearchAction","target":{"@type":"EntryPoint","urlTemplate":"https:\/\/www.carideal.com\/blog\/?s={search_term_string}"},"query-input":{"@type":"PropertyValueSpecification","valueRequired":true,"valueName":"search_term_string"}}],"inLanguage":"fr-FR"},{"@type":"Organization","@id":"https:\/\/www.carideal.com\/blog\/#organization","name":"Carideal","url":"https:\/\/www.carideal.com\/blog\/","logo":{"@type":"ImageObject","inLanguage":"fr-FR","@id":"https:\/\/www.carideal.com\/blog\/#\/schema\/logo\/image\/","url":"http:\/\/www.carideal.com\/blog\/wp-content\/uploads\/2016\/03\/logo-carideal-mandataire-automobile.png","contentUrl":"http:\/\/www.carideal.com\/blog\/wp-content\/uploads\/2016\/03\/logo-carideal-mandataire-automobile.png","width":300,"height":300,"caption":"Carideal"},"image":{"@id":"https:\/\/www.carideal.com\/blog\/#\/schema\/logo\/image\/"},"sameAs":["https:\/\/www.facebook.com\/Carideal.mandataire.automobile","https:\/\/x.com\/caridealauto","https:\/\/www.instagram.com\/carideal1\/","https:\/\/www.linkedin.com\/company\/carideal.com","https:\/\/fr.pinterest.com\/schiavonsas\/","https:\/\/www.youtube.com\/user\/caridealsas"]},{"@type":"Person","@id":"https:\/\/www.carideal.com\/blog\/#\/schema\/person\/985c7e757d1042d647f21bfaf8d41ebc","name":"N.S Carideal","image":{"@type":"ImageObject","inLanguage":"fr-FR","@id":"https:\/\/www.carideal.com\/blog\/#\/schema\/person\/image\/","url":"https:\/\/secure.gravatar.com\/avatar\/edb7ccdf1a4e3d14aef967760d354d0e?s=96&r=g","contentUrl":"https:\/\/secure.gravatar.com\/avatar\/edb7ccdf1a4e3d14aef967760d354d0e?s=96&r=g","caption":"N.S Carideal"},"description":"Depuis tout petit fan d'automobile. Il est question d'essayer et de comparer toutes ces voitures qui nous ont fait r\u00e9ver, avant que celles-ci ne devient uniquement des voitures de collection.","sameAs":["http:\/\/www.carideal.com\/blog","https:\/\/www.facebook.com\/Carideal.mandataire.automobile\/","https:\/\/www.linkedin.com\/in\/nschiavon\/","https:\/\/www.youtube.com\/user\/caridealsas\/"],"url":"https:\/\/www.carideal.com\/blog\/author\/admin_carideal\/"}]}},"uagb_featured_image_src":{"full":false,"thumbnail":false,"medium":false,"medium_large":false,"large":false,"1536x1536":false,"2048x2048":false,"wppr-widget":false},"uagb_author_info":{"display_name":"N.S Carideal","author_link":"https:\/\/www.carideal.com\/blog\/author\/admin_carideal\/"},"uagb_comment_info":0,"uagb_excerpt":"Essai Dacia Duster 2014 le nouveau restyl\u00e9 Essai dacia Duster : afin rester au sommet des ventes le Dacia Duster change et en offre plus pour le m\u00eame prix. Le Dacia Duster a \u00e9t\u00e9 lanc\u00e9 en 2010 et s'est d\u00e9j\u00e0 vendu \u00e0 plus de 820 000 unit\u00e9s \u00e0 travers le monde. Certains sont vendus sous\u2026","_links":{"self":[{"href":"https:\/\/www.carideal.com\/blog\/wp-json\/wp\/v2\/posts\/1508"}],"collection":[{"href":"https:\/\/www.carideal.com\/blog\/wp-json\/wp\/v2\/posts"}],"about":[{"href":"https:\/\/www.carideal.com\/blog\/wp-json\/wp\/v2\/types\/post"}],"author":[{"embeddable":true,"href":"https:\/\/www.carideal.com\/blog\/wp-json\/wp\/v2\/users\/1"}],"replies":[{"embeddable":true,"href":"https:\/\/www.carideal.com\/blog\/wp-json\/wp\/v2\/comments?post=1508"}],"version-history":[{"count":0,"href":"https:\/\/www.carideal.com\/blog\/wp-json\/wp\/v2\/posts\/1508\/revisions"}],"wp:attachment":[{"href":"https:\/\/www.carideal.com\/blog\/wp-json\/wp\/v2\/media?parent=1508"}],"wp:term":[{"taxonomy":"category","embeddable":true,"href":"https:\/\/www.carideal.com\/blog\/wp-json\/wp\/v2\/categories?post=1508"},{"taxonomy":"post_tag","embeddable":true,"href":"https:\/\/www.carideal.com\/blog\/wp-json\/wp\/v2\/tags?post=1508"}],"curies":[{"name":"wp","href":"https:\/\/api.w.org\/{rel}","templated":true}]}}