{"id":1507,"date":"2014-03-22T09:51:00","date_gmt":"2014-03-22T09:51:00","guid":{"rendered":"http:\/\/carideal.com\/blog\/?p=1507"},"modified":"2020-02-06T15:25:58","modified_gmt":"2020-02-06T14:25:58","slug":"les-nouvelles-citroen-c1-et-peugeot-108-sont-la","status":"publish","type":"post","link":"https:\/\/www.carideal.com\/blog\/2014\/03\/22\/les-nouvelles-citroen-c1-et-peugeot-108-sont-la\/","title":{"rendered":"Les nouvelles Citroen C1 et Peugeot 108 sont la"},"content":{"rendered":"<p><img decoding=\"async\" title=\"citroen-C1-achat-carideal-mandataire-automobile.jpg, mar. 2014\" src=\"\/blog\/public\/.citroen-C1-achat-carideal-mandataire-automobile_m.jpg\" alt=\"citroen-C1-achat-carideal-mandataire-automobile.jpg\" \/><\/p>\n<h2>Nouvelle Citro\u00ebn C1 et Peugeot 108<\/h2>\n<p><strong>Les nouvelles Citroen C1 et Peugeot 108 sont l\u00e0<\/strong><\/p>\n<p>Neuf ans que ces deux cousines n'avaient pas \u00e9volu\u00e9es ... cela fait beaucoup dans le monde automobile de nos jours. PSA et Toyota renouvellent leur offre de citadine, pour <a href=\"http:\/\/www.carideal.com\/blog\/marque-de-voiture-actualites-essais\/citroen\/\">Citro\u00ebn<\/a> s'est d\u00e9j\u00e0 fait puisque la pr\u00e9sentation a eu lieu, la Peugeot 108 sera en vente le 12 juin, et la Toyota le 14.<br \/>\nPSA joue la diff\u00e9rentiation, les deux petites ne se ressemble plus comme par le pass\u00e9.<\/p>\n<p>La Peugeot 108 fait plus sage et \u00e9l\u00e9gante tandis que la <a href=\"http:\/\/www.carideal.com\/blog\/2012\/04\/05\/citroen-c1\/\">Citro\u00ebn C1<\/a> est plus originale, joviale et d\u00e9cal\u00e9e.<br \/>\nLes deux jouent sur un \u00e9clatement de leur gamme, 3 moteurs au choix des boites automatiques, 4 finitions de base, des s\u00e9rie sp\u00e9ciales pour le lancement chez citroen, des harmonies sp\u00e9cifiques, et m\u00eame des versions d\u00e9couvrables de la Citroen C1 AIRSCAPE.<\/p>\n<p>Il sera largement possible de les personnaliser pour rendre votre voiture unique.<br \/>\nLa Peugeot 108 elle proposera une version haut de gamme unique f\u00e9line avec climatisation automatique, si\u00e8ges en cuir et d\u00e9marrage sans cl\u00e9.<br \/>\nLe nouveau moteur e-VTI est \u00e9quip\u00e9 du stop and start avec un d\u00e9marreur renforc\u00e9.<\/p>\n<p><iframe loading=\"lazy\" src=\"\/\/www.youtube.com\/embed\/uymFwwk9wy4\" width=\"560\" height=\"315\" frameborder=\"0\" allowfullscreen=\"allowfullscreen\"><\/iframe><\/p>\n<p>Retrouvez nos infos sur la <a href=\"http:\/\/www.carideal.com\/blog\/marque-de-voiture-actualites-essais\/citroen\/c1\/\">Citro\u00ebn C1<\/a><\/p>\n","protected":false},"excerpt":{"rendered":"<p>Nouvelle Citro\u00ebn C1 et Peugeot 108 Les nouvelles Citroen C1 et Peugeot 108 sont l\u00e0 Neuf ans que ces deux cousines n&rsquo;avaient pas \u00e9volu\u00e9es &#8230; cela fait beaucoup dans le monde automobile de nos jours. PSA et Toyota renouvellent leur offre de citadine, pour Citro\u00ebn s&rsquo;est d\u00e9j\u00e0 fait puisque la pr\u00e9sentation a eu lieu, la &#8230; <a title=\"Les nouvelles Citroen C1 et Peugeot 108 sont la\" class=\"read-more\" href=\"https:\/\/www.carideal.com\/blog\/2014\/03\/22\/les-nouvelles-citroen-c1-et-peugeot-108-sont-la\/\" aria-label=\"En savoir plus sur Les nouvelles Citroen C1 et Peugeot 108 sont la\">Lire plus<\/a><\/p>\n","protected":false},"author":1,"featured_media":0,"comment_status":"open","ping_status":"open","sticky":false,"template":"","format":"standard","meta":{"_uag_custom_page_level_css":"","_themeisle_gutenberg_block_has_review":false,"footnotes":""},"categories":[5,17193],"tags":[35,1348],"class_list":["post-1507","post","type-post","status-publish","format-standard","hentry","category-citroen","category-actualites-citroen-c1","tag-psa","tag-citadine"],"wppr_data":{"cwp_meta_box_check":"No"},"yoast_head":"<!-- This site is optimized with the Yoast SEO plugin v24.8.1 - https:\/\/yoast.com\/wordpress\/plugins\/seo\/ -->\n<title>Les nouvelles Citroen C1 et Peugeot 108 sont la - Blog auto Carid\u00e9al<\/title>\n<meta name=\"robots\" content=\"index, follow, max-snippet:-1, max-image-preview:large, max-video-preview:-1\" \/>\n<link rel=\"canonical\" href=\"https:\/\/www.carideal.com\/blog\/2014\/03\/22\/les-nouvelles-citroen-c1-et-peugeot-108-sont-la\/\" \/>\n<meta property=\"og:locale\" content=\"fr_FR\" \/>\n<meta property=\"og:type\" content=\"article\" \/>\n<meta property=\"og:title\" content=\"Les nouvelles Citroen C1 et Peugeot 108 sont la - Blog auto Carid\u00e9al\" \/>\n<meta property=\"og:description\" content=\"Nouvelle Citro\u00ebn C1 et Peugeot 108 Les nouvelles Citroen C1 et Peugeot 108 sont l\u00e0 Neuf ans que ces deux cousines n&#039;avaient pas \u00e9volu\u00e9es ... cela fait beaucoup dans le monde automobile de nos jours. PSA et Toyota renouvellent leur offre de citadine, pour Citro\u00ebn s&#039;est d\u00e9j\u00e0 fait puisque la pr\u00e9sentation a eu lieu, la ... Lire plus\" \/>\n<meta property=\"og:url\" content=\"https:\/\/www.carideal.com\/blog\/2014\/03\/22\/les-nouvelles-citroen-c1-et-peugeot-108-sont-la\/\" \/>\n<meta property=\"og:site_name\" content=\"Blog auto Carid\u00e9al\" \/>\n<meta property=\"article:publisher\" content=\"https:\/\/www.facebook.com\/Carideal.mandataire.automobile\" \/>\n<meta property=\"article:author\" content=\"https:\/\/www.facebook.com\/Carideal.mandataire.automobile\/\" \/>\n<meta property=\"article:published_time\" content=\"2014-03-22T09:51:00+00:00\" \/>\n<meta property=\"article:modified_time\" content=\"2020-02-06T14:25:58+00:00\" \/>\n<meta property=\"og:image\" content=\"https:\/\/www.carideal.com\/blog\/wp-content\/uploads\/2016\/03\/logo-carideal-mandataire-automobile.png\" \/>\n\t<meta property=\"og:image:width\" content=\"300\" \/>\n\t<meta property=\"og:image:height\" content=\"300\" \/>\n\t<meta property=\"og:image:type\" content=\"image\/png\" \/>\n<meta name=\"author\" content=\"N.S Carideal\" \/>\n<meta name=\"twitter:card\" content=\"summary_large_image\" \/>\n<meta name=\"twitter:creator\" content=\"@caridealauto\" \/>\n<meta name=\"twitter:site\" content=\"@caridealauto\" \/>\n<meta name=\"twitter:label1\" content=\"\u00c9crit par\" \/>\n\t<meta name=\"twitter:data1\" content=\"N.S Carideal\" \/>\n\t<meta name=\"twitter:label2\" content=\"Dur\u00e9e de lecture estim\u00e9e\" \/>\n\t<meta name=\"twitter:data2\" content=\"1 minute\" \/>\n<script type=\"application\/ld+json\" class=\"yoast-schema-graph\">{\"@context\":\"https:\/\/schema.org\",\"@graph\":[{\"@type\":\"Article\",\"@id\":\"https:\/\/www.carideal.com\/blog\/2014\/03\/22\/les-nouvelles-citroen-c1-et-peugeot-108-sont-la\/#article\",\"isPartOf\":{\"@id\":\"https:\/\/www.carideal.com\/blog\/2014\/03\/22\/les-nouvelles-citroen-c1-et-peugeot-108-sont-la\/\"},\"author\":{\"name\":\"N.S Carideal\",\"@id\":\"https:\/\/www.carideal.com\/blog\/#\/schema\/person\/985c7e757d1042d647f21bfaf8d41ebc\"},\"headline\":\"Les nouvelles Citroen C1 et Peugeot 108 sont la\",\"datePublished\":\"2014-03-22T09:51:00+00:00\",\"dateModified\":\"2020-02-06T14:25:58+00:00\",\"mainEntityOfPage\":{\"@id\":\"https:\/\/www.carideal.com\/blog\/2014\/03\/22\/les-nouvelles-citroen-c1-et-peugeot-108-sont-la\/\"},\"wordCount\":216,\"commentCount\":0,\"publisher\":{\"@id\":\"https:\/\/www.carideal.com\/blog\/#organization\"},\"keywords\":[\"PSA\",\"Voiture citadine\"],\"articleSection\":[\"Actualit\u00e9 Citroen\",\"Actualit\u00e9s Citroen C1\"],\"inLanguage\":\"fr-FR\",\"potentialAction\":[{\"@type\":\"CommentAction\",\"name\":\"Comment\",\"target\":[\"https:\/\/www.carideal.com\/blog\/2014\/03\/22\/les-nouvelles-citroen-c1-et-peugeot-108-sont-la\/#respond\"]}]},{\"@type\":\"WebPage\",\"@id\":\"https:\/\/www.carideal.com\/blog\/2014\/03\/22\/les-nouvelles-citroen-c1-et-peugeot-108-sont-la\/\",\"url\":\"https:\/\/www.carideal.com\/blog\/2014\/03\/22\/les-nouvelles-citroen-c1-et-peugeot-108-sont-la\/\",\"name\":\"Les nouvelles Citroen C1 et Peugeot 108 sont la - Blog auto Carid\u00e9al\",\"isPartOf\":{\"@id\":\"https:\/\/www.carideal.com\/blog\/#website\"},\"datePublished\":\"2014-03-22T09:51:00+00:00\",\"dateModified\":\"2020-02-06T14:25:58+00:00\",\"breadcrumb\":{\"@id\":\"https:\/\/www.carideal.com\/blog\/2014\/03\/22\/les-nouvelles-citroen-c1-et-peugeot-108-sont-la\/#breadcrumb\"},\"inLanguage\":\"fr-FR\",\"potentialAction\":[{\"@type\":\"ReadAction\",\"target\":[\"https:\/\/www.carideal.com\/blog\/2014\/03\/22\/les-nouvelles-citroen-c1-et-peugeot-108-sont-la\/\"]}]},{\"@type\":\"BreadcrumbList\",\"@id\":\"https:\/\/www.carideal.com\/blog\/2014\/03\/22\/les-nouvelles-citroen-c1-et-peugeot-108-sont-la\/#breadcrumb\",\"itemListElement\":[{\"@type\":\"ListItem\",\"position\":1,\"name\":\"Blog Carid\u00e9al\",\"item\":\"https:\/\/www.carideal.com\/blog\/\"},{\"@type\":\"ListItem\",\"position\":2,\"name\":\"Actualit\u00e9 constructeur automobile\",\"item\":\"https:\/\/www.carideal.com\/blog\/constructeur\/\"},{\"@type\":\"ListItem\",\"position\":3,\"name\":\"Actualit\u00e9 Citroen\",\"item\":\"https:\/\/www.carideal.com\/blog\/constructeur\/citroen\/\"},{\"@type\":\"ListItem\",\"position\":4,\"name\":\"Actualit\u00e9s Citroen C1\",\"item\":\"https:\/\/www.carideal.com\/blog\/constructeur\/citroen\/actualites-citroen-c1\/\"},{\"@type\":\"ListItem\",\"position\":5,\"name\":\"Les nouvelles Citroen C1 et Peugeot 108 sont la\"}]},{\"@type\":\"WebSite\",\"@id\":\"https:\/\/www.carideal.com\/blog\/#website\",\"url\":\"https:\/\/www.carideal.com\/blog\/\",\"name\":\"Blog auto Carid\u00e9al\",\"description\":\"Actualit\u00e9 auto par des passionn\u00e9s\",\"publisher\":{\"@id\":\"https:\/\/www.carideal.com\/blog\/#organization\"},\"potentialAction\":[{\"@type\":\"SearchAction\",\"target\":{\"@type\":\"EntryPoint\",\"urlTemplate\":\"https:\/\/www.carideal.com\/blog\/?s={search_term_string}\"},\"query-input\":{\"@type\":\"PropertyValueSpecification\",\"valueRequired\":true,\"valueName\":\"search_term_string\"}}],\"inLanguage\":\"fr-FR\"},{\"@type\":\"Organization\",\"@id\":\"https:\/\/www.carideal.com\/blog\/#organization\",\"name\":\"Carideal\",\"url\":\"https:\/\/www.carideal.com\/blog\/\",\"logo\":{\"@type\":\"ImageObject\",\"inLanguage\":\"fr-FR\",\"@id\":\"https:\/\/www.carideal.com\/blog\/#\/schema\/logo\/image\/\",\"url\":\"http:\/\/www.carideal.com\/blog\/wp-content\/uploads\/2016\/03\/logo-carideal-mandataire-automobile.png\",\"contentUrl\":\"http:\/\/www.carideal.com\/blog\/wp-content\/uploads\/2016\/03\/logo-carideal-mandataire-automobile.png\",\"width\":300,\"height\":300,\"caption\":\"Carideal\"},\"image\":{\"@id\":\"https:\/\/www.carideal.com\/blog\/#\/schema\/logo\/image\/\"},\"sameAs\":[\"https:\/\/www.facebook.com\/Carideal.mandataire.automobile\",\"https:\/\/x.com\/caridealauto\",\"https:\/\/www.instagram.com\/carideal1\/\",\"https:\/\/www.linkedin.com\/company\/carideal.com\",\"https:\/\/fr.pinterest.com\/schiavonsas\/\",\"https:\/\/www.youtube.com\/user\/caridealsas\"]},{\"@type\":\"Person\",\"@id\":\"https:\/\/www.carideal.com\/blog\/#\/schema\/person\/985c7e757d1042d647f21bfaf8d41ebc\",\"name\":\"N.S Carideal\",\"image\":{\"@type\":\"ImageObject\",\"inLanguage\":\"fr-FR\",\"@id\":\"https:\/\/www.carideal.com\/blog\/#\/schema\/person\/image\/\",\"url\":\"https:\/\/secure.gravatar.com\/avatar\/edb7ccdf1a4e3d14aef967760d354d0e?s=96&r=g\",\"contentUrl\":\"https:\/\/secure.gravatar.com\/avatar\/edb7ccdf1a4e3d14aef967760d354d0e?s=96&r=g\",\"caption\":\"N.S Carideal\"},\"description\":\"Depuis tout petit fan d'automobile. Il est question d'essayer et de comparer toutes ces voitures qui nous ont fait r\u00e9ver, avant que celles-ci ne devient uniquement des voitures de collection.\",\"sameAs\":[\"http:\/\/www.carideal.com\/blog\",\"https:\/\/www.facebook.com\/Carideal.mandataire.automobile\/\",\"https:\/\/www.linkedin.com\/in\/nschiavon\/\",\"https:\/\/www.youtube.com\/user\/caridealsas\/\"],\"url\":\"https:\/\/www.carideal.com\/blog\/author\/admin_carideal\/\"}]}<\/script>\n<!-- \/ Yoast SEO plugin. -->","yoast_head_json":{"title":"Les nouvelles Citroen C1 et Peugeot 108 sont la - Blog auto Carid\u00e9al","robots":{"index":"index","follow":"follow","max-snippet":"max-snippet:-1","max-image-preview":"max-image-preview:large","max-video-preview":"max-video-preview:-1"},"canonical":"https:\/\/www.carideal.com\/blog\/2014\/03\/22\/les-nouvelles-citroen-c1-et-peugeot-108-sont-la\/","og_locale":"fr_FR","og_type":"article","og_title":"Les nouvelles Citroen C1 et Peugeot 108 sont la - Blog auto Carid\u00e9al","og_description":"Nouvelle Citro\u00ebn C1 et Peugeot 108 Les nouvelles Citroen C1 et Peugeot 108 sont l\u00e0 Neuf ans que ces deux cousines n'avaient pas \u00e9volu\u00e9es ... cela fait beaucoup dans le monde automobile de nos jours. PSA et Toyota renouvellent leur offre de citadine, pour Citro\u00ebn s'est d\u00e9j\u00e0 fait puisque la pr\u00e9sentation a eu lieu, la ... Lire plus","og_url":"https:\/\/www.carideal.com\/blog\/2014\/03\/22\/les-nouvelles-citroen-c1-et-peugeot-108-sont-la\/","og_site_name":"Blog auto Carid\u00e9al","article_publisher":"https:\/\/www.facebook.com\/Carideal.mandataire.automobile","article_author":"https:\/\/www.facebook.com\/Carideal.mandataire.automobile\/","article_published_time":"2014-03-22T09:51:00+00:00","article_modified_time":"2020-02-06T14:25:58+00:00","og_image":[{"width":300,"height":300,"url":"https:\/\/www.carideal.com\/blog\/wp-content\/uploads\/2016\/03\/logo-carideal-mandataire-automobile.png","type":"image\/png"}],"author":"N.S Carideal","twitter_card":"summary_large_image","twitter_creator":"@caridealauto","twitter_site":"@caridealauto","twitter_misc":{"\u00c9crit par":"N.S Carideal","Dur\u00e9e de lecture estim\u00e9e":"1 minute"},"schema":{"@context":"https:\/\/schema.org","@graph":[{"@type":"Article","@id":"https:\/\/www.carideal.com\/blog\/2014\/03\/22\/les-nouvelles-citroen-c1-et-peugeot-108-sont-la\/#article","isPartOf":{"@id":"https:\/\/www.carideal.com\/blog\/2014\/03\/22\/les-nouvelles-citroen-c1-et-peugeot-108-sont-la\/"},"author":{"name":"N.S Carideal","@id":"https:\/\/www.carideal.com\/blog\/#\/schema\/person\/985c7e757d1042d647f21bfaf8d41ebc"},"headline":"Les nouvelles Citroen C1 et Peugeot 108 sont la","datePublished":"2014-03-22T09:51:00+00:00","dateModified":"2020-02-06T14:25:58+00:00","mainEntityOfPage":{"@id":"https:\/\/www.carideal.com\/blog\/2014\/03\/22\/les-nouvelles-citroen-c1-et-peugeot-108-sont-la\/"},"wordCount":216,"commentCount":0,"publisher":{"@id":"https:\/\/www.carideal.com\/blog\/#organization"},"keywords":["PSA","Voiture citadine"],"articleSection":["Actualit\u00e9 Citroen","Actualit\u00e9s Citroen C1"],"inLanguage":"fr-FR","potentialAction":[{"@type":"CommentAction","name":"Comment","target":["https:\/\/www.carideal.com\/blog\/2014\/03\/22\/les-nouvelles-citroen-c1-et-peugeot-108-sont-la\/#respond"]}]},{"@type":"WebPage","@id":"https:\/\/www.carideal.com\/blog\/2014\/03\/22\/les-nouvelles-citroen-c1-et-peugeot-108-sont-la\/","url":"https:\/\/www.carideal.com\/blog\/2014\/03\/22\/les-nouvelles-citroen-c1-et-peugeot-108-sont-la\/","name":"Les nouvelles Citroen C1 et Peugeot 108 sont la - Blog auto Carid\u00e9al","isPartOf":{"@id":"https:\/\/www.carideal.com\/blog\/#website"},"datePublished":"2014-03-22T09:51:00+00:00","dateModified":"2020-02-06T14:25:58+00:00","breadcrumb":{"@id":"https:\/\/www.carideal.com\/blog\/2014\/03\/22\/les-nouvelles-citroen-c1-et-peugeot-108-sont-la\/#breadcrumb"},"inLanguage":"fr-FR","potentialAction":[{"@type":"ReadAction","target":["https:\/\/www.carideal.com\/blog\/2014\/03\/22\/les-nouvelles-citroen-c1-et-peugeot-108-sont-la\/"]}]},{"@type":"BreadcrumbList","@id":"https:\/\/www.carideal.com\/blog\/2014\/03\/22\/les-nouvelles-citroen-c1-et-peugeot-108-sont-la\/#breadcrumb","itemListElement":[{"@type":"ListItem","position":1,"name":"Blog Carid\u00e9al","item":"https:\/\/www.carideal.com\/blog\/"},{"@type":"ListItem","position":2,"name":"Actualit\u00e9 constructeur automobile","item":"https:\/\/www.carideal.com\/blog\/constructeur\/"},{"@type":"ListItem","position":3,"name":"Actualit\u00e9 Citroen","item":"https:\/\/www.carideal.com\/blog\/constructeur\/citroen\/"},{"@type":"ListItem","position":4,"name":"Actualit\u00e9s Citroen C1","item":"https:\/\/www.carideal.com\/blog\/constructeur\/citroen\/actualites-citroen-c1\/"},{"@type":"ListItem","position":5,"name":"Les nouvelles Citroen C1 et Peugeot 108 sont la"}]},{"@type":"WebSite","@id":"https:\/\/www.carideal.com\/blog\/#website","url":"https:\/\/www.carideal.com\/blog\/","name":"Blog auto Carid\u00e9al","description":"Actualit\u00e9 auto par des passionn\u00e9s","publisher":{"@id":"https:\/\/www.carideal.com\/blog\/#organization"},"potentialAction":[{"@type":"SearchAction","target":{"@type":"EntryPoint","urlTemplate":"https:\/\/www.carideal.com\/blog\/?s={search_term_string}"},"query-input":{"@type":"PropertyValueSpecification","valueRequired":true,"valueName":"search_term_string"}}],"inLanguage":"fr-FR"},{"@type":"Organization","@id":"https:\/\/www.carideal.com\/blog\/#organization","name":"Carideal","url":"https:\/\/www.carideal.com\/blog\/","logo":{"@type":"ImageObject","inLanguage":"fr-FR","@id":"https:\/\/www.carideal.com\/blog\/#\/schema\/logo\/image\/","url":"http:\/\/www.carideal.com\/blog\/wp-content\/uploads\/2016\/03\/logo-carideal-mandataire-automobile.png","contentUrl":"http:\/\/www.carideal.com\/blog\/wp-content\/uploads\/2016\/03\/logo-carideal-mandataire-automobile.png","width":300,"height":300,"caption":"Carideal"},"image":{"@id":"https:\/\/www.carideal.com\/blog\/#\/schema\/logo\/image\/"},"sameAs":["https:\/\/www.facebook.com\/Carideal.mandataire.automobile","https:\/\/x.com\/caridealauto","https:\/\/www.instagram.com\/carideal1\/","https:\/\/www.linkedin.com\/company\/carideal.com","https:\/\/fr.pinterest.com\/schiavonsas\/","https:\/\/www.youtube.com\/user\/caridealsas"]},{"@type":"Person","@id":"https:\/\/www.carideal.com\/blog\/#\/schema\/person\/985c7e757d1042d647f21bfaf8d41ebc","name":"N.S Carideal","image":{"@type":"ImageObject","inLanguage":"fr-FR","@id":"https:\/\/www.carideal.com\/blog\/#\/schema\/person\/image\/","url":"https:\/\/secure.gravatar.com\/avatar\/edb7ccdf1a4e3d14aef967760d354d0e?s=96&r=g","contentUrl":"https:\/\/secure.gravatar.com\/avatar\/edb7ccdf1a4e3d14aef967760d354d0e?s=96&r=g","caption":"N.S Carideal"},"description":"Depuis tout petit fan d'automobile. Il est question d'essayer et de comparer toutes ces voitures qui nous ont fait r\u00e9ver, avant que celles-ci ne devient uniquement des voitures de collection.","sameAs":["http:\/\/www.carideal.com\/blog","https:\/\/www.facebook.com\/Carideal.mandataire.automobile\/","https:\/\/www.linkedin.com\/in\/nschiavon\/","https:\/\/www.youtube.com\/user\/caridealsas\/"],"url":"https:\/\/www.carideal.com\/blog\/author\/admin_carideal\/"}]}},"uagb_featured_image_src":{"full":false,"thumbnail":false,"medium":false,"medium_large":false,"large":false,"1536x1536":false,"2048x2048":false,"wppr-widget":false},"uagb_author_info":{"display_name":"N.S Carideal","author_link":"https:\/\/www.carideal.com\/blog\/author\/admin_carideal\/"},"uagb_comment_info":0,"uagb_excerpt":"Nouvelle Citro\u00ebn C1 et Peugeot 108 Les nouvelles Citroen C1 et Peugeot 108 sont l\u00e0 Neuf ans que ces deux cousines n'avaient pas \u00e9volu\u00e9es ... cela fait beaucoup dans le monde automobile de nos jours. PSA et Toyota renouvellent leur offre de citadine, pour Citro\u00ebn s'est d\u00e9j\u00e0 fait puisque la pr\u00e9sentation a eu lieu, la\u2026","_links":{"self":[{"href":"https:\/\/www.carideal.com\/blog\/wp-json\/wp\/v2\/posts\/1507"}],"collection":[{"href":"https:\/\/www.carideal.com\/blog\/wp-json\/wp\/v2\/posts"}],"about":[{"href":"https:\/\/www.carideal.com\/blog\/wp-json\/wp\/v2\/types\/post"}],"author":[{"embeddable":true,"href":"https:\/\/www.carideal.com\/blog\/wp-json\/wp\/v2\/users\/1"}],"replies":[{"embeddable":true,"href":"https:\/\/www.carideal.com\/blog\/wp-json\/wp\/v2\/comments?post=1507"}],"version-history":[{"count":0,"href":"https:\/\/www.carideal.com\/blog\/wp-json\/wp\/v2\/posts\/1507\/revisions"}],"wp:attachment":[{"href":"https:\/\/www.carideal.com\/blog\/wp-json\/wp\/v2\/media?parent=1507"}],"wp:term":[{"taxonomy":"category","embeddable":true,"href":"https:\/\/www.carideal.com\/blog\/wp-json\/wp\/v2\/categories?post=1507"},{"taxonomy":"post_tag","embeddable":true,"href":"https:\/\/www.carideal.com\/blog\/wp-json\/wp\/v2\/tags?post=1507"}],"curies":[{"name":"wp","href":"https:\/\/api.w.org\/{rel}","templated":true}]}}