{"id":150,"date":"2010-02-16T14:30:00","date_gmt":"2010-02-16T14:30:00","guid":{"rendered":"http:\/\/carideal.com\/blog\/?p=150"},"modified":"2020-05-14T10:02:34","modified_gmt":"2020-05-14T08:02:34","slug":"citroen-c-zero-la-solution-100-electrique","status":"publish","type":"post","link":"https:\/\/www.carideal.com\/blog\/2010\/02\/16\/citroen-c-zero-la-solution-100-electrique\/","title":{"rendered":"Citroen C-Zero la solution 100% \u00e9lectrique"},"content":{"rendered":"\n<h2 class=\"wp-block-heading\">Citroen C-ZERO zero litre d'essence z\u00e9ro \u00e9mission, z\u00e9ro bruit moteur, z\u00e9ro co2 g\/km<\/h2>\n\n\n\n<p><a href=\"http:\/\/www.carideal.com\/blog\/marque-de-voiture-actualites-essais\/citroen\/c-zero\/\">Citro\u00ebn C-ZERO<\/a>\u00a0: des prestations r\u00e9elles et actuelles.<\/p>\n\n\n\n<p>Citro\u00ebn C-zero la solution 100% \u00e9lectrique. Z\u00e9ro bruit moteur, 0 \u00e9mission en roulant, z\u00e9ro litre d\u2019essence, ZERO g CO2\/km.<br>Citro\u00ebn C-ZERO r\u00e9pond pleinement aux besoins des entreprises : administrations, collectivit\u00e9s, flottes captives d'entreprises...Mais aussi aux particuliers \u00e0 la recherche d'un v\u00e9hicule \u00e9conome \u00e0 l'usage.<\/p>\n\n\n\n<figure class=\"wp-block-image alignnone size-full wp-image-19913\"><img loading=\"lazy\" decoding=\"async\" width=\"448\" height=\"289\" src=\"http:\/\/www.carideal.com\/blog\/wp-content\/uploads\/2010\/02\/citroen-c-zero-carideal_m-1.jpg\" alt=\"Citroen C-Zero la solution 100% \u00e9lectrique\" class=\"wp-image-19913\" srcset=\"https:\/\/www.carideal.com\/blog\/wp-content\/uploads\/2010\/02\/citroen-c-zero-carideal_m-1.jpg 448w, https:\/\/www.carideal.com\/blog\/wp-content\/uploads\/2010\/02\/citroen-c-zero-carideal_m-1-300x194.jpg 300w, https:\/\/www.carideal.com\/blog\/wp-content\/uploads\/2010\/02\/citroen-c-zero-carideal_m-1-50x32.jpg 50w, https:\/\/www.carideal.com\/blog\/wp-content\/uploads\/2010\/02\/citroen-c-zero-carideal_m-1-110x71.jpg 110w, https:\/\/www.carideal.com\/blog\/wp-content\/uploads\/2010\/02\/citroen-c-zero-carideal_m-1-420x271.jpg 420w\" sizes=\"(max-width: 448px) 100vw, 448px\" \/><figcaption>Citroen C-Zero la solution 100% \u00e9lectrique<\/figcaption><\/figure>\n\n\n\n<ul class=\"wp-block-list\"><li><a href=\"http:\/\/www.carideal.com\/blog\/2018\/11\/26\/meilleures-voitures-electriques-en-vente-2018\/\">Les meilleures voitures \u00e9lectriques<\/a><\/li><\/ul>\n\n\n\n<p>Elle dispose de 4 Vraies places et d'un coffre de 170 litres. Son silence de fonctionnement est impressionnant. Elle propose en s\u00e9rie de multiples \u00e9quipements de confort ou de s\u00e9curit\u00e9\u00a0: direction assist\u00e9e, ABS, ASR, vitres \u00e9lectriques, 6 airbags, climatisation et boitier t\u00e9l\u00e9matique autonome pour l'appel d'urgence.<\/p>\n\n\n\n<ul class=\"wp-block-list\"><li><a href=\"http:\/\/www.carideal.com\/blog\/2018\/02\/09\/meilleures-citadines-2018\/\">Les meilleures voitures citadines<\/a><\/li><\/ul>\n\n\n\n<p>Un mini site internet <a href=\"http:\/\/www.carideal.com\/blog\/marque-de-voiture-actualites-essais\/citroen\/\">Citro\u00ebn<\/a> d\u00e9di\u00e9 \u00e0 C-ZERO, www.c-zero.citroen.com et en ligne depuis le 10 Novembre.<br>0 \u00e9mission en roulant, z\u00e9ro bruit moteur, 0 Litre d'essence, ZERO gramme de CO2\/km<\/p>\n\n\n\n<h2 class=\"wp-block-heading\">Concept Car : Citroen C Zero 2010<\/h2>\n\n\n\n<p>Un concept d\u00e9j\u00e0 vu ! Regardez comme <a href=\"http:\/\/www.carideal.com\/blog\/2010\/05\/21\/la-i-miev-aux-chevrons\/\">Mitsubishi i-MiEV<\/a>. Citro\u00ebn vient d'adapter la voiture au style maison, comme Peugeot avec l'ion.<\/p>\n\n\n\n<p>PSA (Peugeot-Citro\u00ebn), la politique des v\u00e9hicules \u00e9lectriques est de s'associer avec des sp\u00e9cialistes. Ainsi, apr\u00e8s le Berlingo First Electric, d\u00e9velopp\u00e9 avec Venturi Automobiles, le groupe s'est rapproch\u00e9 de Mitsubishi Motors Corporation, pour d\u00e9velopper la C-Zero. <\/p>\n\n\n\n<p>Cette strat\u00e9gie fait preuve d'une certaine prudence de la part de PSA, contrairement au pari en termes d'investissement, qui propose une Renault \u00e9lectrique. Le groupe pr\u00e9f\u00e8re l'hybride, moins r\u00e9volutionnaire. Question de culture !<\/p>\n\n\n\n<p>Techniquement, la C-ZERO poss\u00e8de un moteur synchrone \u00e0 aimant permanent d\u00e9livrant 47 kilowatts (64ch) entre 3000 et 6000 tr\/min. Le couple maximal de 180 Nm est constant de 0 \u00e0 2000 tr\/min. La chute de couple \u00e0 partir de 2000 tr\/min est n\u00e9cessaire, c'est le d\u00e9fluxage technique, familier aux \u00e9lectriciens. <\/p>\n\n\n\n<p>L'alimentation du moteur est assur\u00e9e par des batteries de derni\u00e8re g\u00e9n\u00e9ration au Lithium-ion implant\u00e9es au centre du v\u00e9hicule dans le plancher. L'\u00e9nergie stock\u00e9e est de 16 kWh d\u00e9livr\u00e9e \u00e0 une tension de 330V.<\/p>\n\n\n\n<p>C\u00f4t\u00e9 performances, il n'y a qu'un seul chiffre \u00e0 retenir : 130. La voiture peut parcourir 130 km sur une seule charge et la vitesse maximale atteint 130 km\/h. Une <a href=\"http:\/\/www.carideal.com\/blog\/2018\/02\/09\/meilleures-citadines-2018\/\">voiture de ville<\/a> avec une capacit\u00e9 de p\u00e9riurbain. Sachez qu'en France, 70% des d\u00e9placements quotidiens en voiture en semaine, sont inf\u00e9rieurs \u00e0 30 km, pour une moyenne globale de 40 km.<\/p>\n\n\n\n<p>Comme l'ion Peugeot, la C-Zero sera commercialis\u00e9e en 2010 et pourra b\u00e9n\u00e9ficier de primes gouvernementales de 5 000 \u20ac. Pourquoi ne pas en profiter ?<\/p>\n","protected":false},"excerpt":{"rendered":"<p>Citroen C-ZERO zero litre d&rsquo;essence z\u00e9ro \u00e9mission, z\u00e9ro bruit moteur, z\u00e9ro co2 g\/km Citro\u00ebn C-ZERO\u00a0: des prestations r\u00e9elles et actuelles. Citro\u00ebn C-zero la solution 100% \u00e9lectrique. Z\u00e9ro bruit moteur, 0 \u00e9mission en roulant, z\u00e9ro litre d\u2019essence, ZERO g CO2\/km.Citro\u00ebn C-ZERO r\u00e9pond pleinement aux besoins des entreprises : administrations, collectivit\u00e9s, flottes captives d&rsquo;entreprises&#8230;Mais aussi aux particuliers &#8230; <a title=\"Citroen C-Zero la solution 100% \u00e9lectrique\" class=\"read-more\" href=\"https:\/\/www.carideal.com\/blog\/2010\/02\/16\/citroen-c-zero-la-solution-100-electrique\/\" aria-label=\"En savoir plus sur Citroen C-Zero la solution 100% \u00e9lectrique\">Lire plus<\/a><\/p>\n","protected":false},"author":1,"featured_media":19913,"comment_status":"open","ping_status":"open","sticky":false,"template":"","format":"standard","meta":{"_uag_custom_page_level_css":"","_themeisle_gutenberg_block_has_review":false,"footnotes":""},"categories":[5,17191,5970],"tags":[],"class_list":["post-150","post","type-post","status-publish","format-standard","has-post-thumbnail","hentry","category-citroen","category-actualites-citroen-c-zero","category-electrique-technologie-2"],"wppr_data":{"cwp_meta_box_check":"No"},"yoast_head":"<!-- This site is optimized with the Yoast SEO plugin v24.8.1 - https:\/\/yoast.com\/wordpress\/plugins\/seo\/ -->\n<title>Citroen C-Zero la solution 100% \u00e9lectrique - Blog auto Carid\u00e9al<\/title>\n<meta name=\"description\" content=\"Citroen C-Z\u00e9ro la voiture 100% \u00e9lectrique qui pourrait \u00eatre la solution pour les entreprises zero litre d&#039;essence z\u00e9ro \u00e9mission, z\u00e9ro bruit moteur, z\u00e9ro co2 g\/km\" \/>\n<meta name=\"robots\" content=\"index, follow, max-snippet:-1, max-image-preview:large, max-video-preview:-1\" \/>\n<link rel=\"canonical\" href=\"https:\/\/www.carideal.com\/blog\/2010\/02\/16\/citroen-c-zero-la-solution-100-electrique\/\" \/>\n<meta property=\"og:locale\" content=\"fr_FR\" \/>\n<meta property=\"og:type\" content=\"article\" \/>\n<meta property=\"og:title\" content=\"Citroen C-Zero la solution 100% \u00e9lectrique - Blog auto Carid\u00e9al\" \/>\n<meta property=\"og:description\" content=\"Citroen C-Z\u00e9ro la voiture 100% \u00e9lectrique qui pourrait \u00eatre la solution pour les entreprises zero litre d&#039;essence z\u00e9ro \u00e9mission, z\u00e9ro bruit moteur, z\u00e9ro co2 g\/km\" \/>\n<meta property=\"og:url\" content=\"https:\/\/www.carideal.com\/blog\/2010\/02\/16\/citroen-c-zero-la-solution-100-electrique\/\" \/>\n<meta property=\"og:site_name\" content=\"Blog auto Carid\u00e9al\" \/>\n<meta property=\"article:publisher\" content=\"https:\/\/www.facebook.com\/Carideal.mandataire.automobile\" \/>\n<meta property=\"article:author\" content=\"https:\/\/www.facebook.com\/Carideal.mandataire.automobile\/\" \/>\n<meta property=\"article:published_time\" content=\"2010-02-16T14:30:00+00:00\" \/>\n<meta property=\"article:modified_time\" content=\"2020-05-14T08:02:34+00:00\" \/>\n<meta property=\"og:image\" content=\"https:\/\/www.carideal.com\/blog\/wp-content\/uploads\/2010\/02\/citroen-c-zero-carideal_m-1.jpg\" \/>\n\t<meta property=\"og:image:width\" content=\"448\" \/>\n\t<meta property=\"og:image:height\" content=\"289\" \/>\n\t<meta property=\"og:image:type\" content=\"image\/jpeg\" \/>\n<meta name=\"author\" content=\"N.S Carideal\" \/>\n<meta name=\"twitter:card\" content=\"summary_large_image\" \/>\n<meta name=\"twitter:creator\" content=\"@caridealauto\" \/>\n<meta name=\"twitter:site\" content=\"@caridealauto\" \/>\n<meta name=\"twitter:label1\" content=\"\u00c9crit par\" \/>\n\t<meta name=\"twitter:data1\" content=\"N.S Carideal\" \/>\n\t<meta name=\"twitter:label2\" content=\"Dur\u00e9e de lecture estim\u00e9e\" \/>\n\t<meta name=\"twitter:data2\" content=\"2 minutes\" \/>\n<script type=\"application\/ld+json\" class=\"yoast-schema-graph\">{\"@context\":\"https:\/\/schema.org\",\"@graph\":[{\"@type\":\"Article\",\"@id\":\"https:\/\/www.carideal.com\/blog\/2010\/02\/16\/citroen-c-zero-la-solution-100-electrique\/#article\",\"isPartOf\":{\"@id\":\"https:\/\/www.carideal.com\/blog\/2010\/02\/16\/citroen-c-zero-la-solution-100-electrique\/\"},\"author\":{\"name\":\"N.S Carideal\",\"@id\":\"https:\/\/www.carideal.com\/blog\/#\/schema\/person\/985c7e757d1042d647f21bfaf8d41ebc\"},\"headline\":\"Citroen C-Zero la solution 100% \u00e9lectrique\",\"datePublished\":\"2010-02-16T14:30:00+00:00\",\"dateModified\":\"2020-05-14T08:02:34+00:00\",\"mainEntityOfPage\":{\"@id\":\"https:\/\/www.carideal.com\/blog\/2010\/02\/16\/citroen-c-zero-la-solution-100-electrique\/\"},\"wordCount\":446,\"commentCount\":0,\"publisher\":{\"@id\":\"https:\/\/www.carideal.com\/blog\/#organization\"},\"image\":{\"@id\":\"https:\/\/www.carideal.com\/blog\/2010\/02\/16\/citroen-c-zero-la-solution-100-electrique\/#primaryimage\"},\"thumbnailUrl\":\"https:\/\/www.carideal.com\/blog\/wp-content\/uploads\/2010\/02\/citroen-c-zero-carideal_m-1.jpg\",\"articleSection\":[\"Actualit\u00e9 Citroen\",\"Actualit\u00e9s Citroen C-Zero\",\"Voiture \u00e9lectrique\"],\"inLanguage\":\"fr-FR\",\"potentialAction\":[{\"@type\":\"CommentAction\",\"name\":\"Comment\",\"target\":[\"https:\/\/www.carideal.com\/blog\/2010\/02\/16\/citroen-c-zero-la-solution-100-electrique\/#respond\"]}]},{\"@type\":\"WebPage\",\"@id\":\"https:\/\/www.carideal.com\/blog\/2010\/02\/16\/citroen-c-zero-la-solution-100-electrique\/\",\"url\":\"https:\/\/www.carideal.com\/blog\/2010\/02\/16\/citroen-c-zero-la-solution-100-electrique\/\",\"name\":\"Citroen C-Zero la solution 100% \u00e9lectrique - Blog auto Carid\u00e9al\",\"isPartOf\":{\"@id\":\"https:\/\/www.carideal.com\/blog\/#website\"},\"primaryImageOfPage\":{\"@id\":\"https:\/\/www.carideal.com\/blog\/2010\/02\/16\/citroen-c-zero-la-solution-100-electrique\/#primaryimage\"},\"image\":{\"@id\":\"https:\/\/www.carideal.com\/blog\/2010\/02\/16\/citroen-c-zero-la-solution-100-electrique\/#primaryimage\"},\"thumbnailUrl\":\"https:\/\/www.carideal.com\/blog\/wp-content\/uploads\/2010\/02\/citroen-c-zero-carideal_m-1.jpg\",\"datePublished\":\"2010-02-16T14:30:00+00:00\",\"dateModified\":\"2020-05-14T08:02:34+00:00\",\"description\":\"Citroen C-Z\u00e9ro la voiture 100% \u00e9lectrique qui pourrait \u00eatre la solution pour les entreprises zero litre d'essence z\u00e9ro \u00e9mission, z\u00e9ro bruit moteur, z\u00e9ro co2 g\/km\",\"breadcrumb\":{\"@id\":\"https:\/\/www.carideal.com\/blog\/2010\/02\/16\/citroen-c-zero-la-solution-100-electrique\/#breadcrumb\"},\"inLanguage\":\"fr-FR\",\"potentialAction\":[{\"@type\":\"ReadAction\",\"target\":[\"https:\/\/www.carideal.com\/blog\/2010\/02\/16\/citroen-c-zero-la-solution-100-electrique\/\"]}]},{\"@type\":\"ImageObject\",\"inLanguage\":\"fr-FR\",\"@id\":\"https:\/\/www.carideal.com\/blog\/2010\/02\/16\/citroen-c-zero-la-solution-100-electrique\/#primaryimage\",\"url\":\"https:\/\/www.carideal.com\/blog\/wp-content\/uploads\/2010\/02\/citroen-c-zero-carideal_m-1.jpg\",\"contentUrl\":\"https:\/\/www.carideal.com\/blog\/wp-content\/uploads\/2010\/02\/citroen-c-zero-carideal_m-1.jpg\",\"width\":448,\"height\":289,\"caption\":\"Citroen C-Zero la solution 100% \u00e9lectrique\"},{\"@type\":\"BreadcrumbList\",\"@id\":\"https:\/\/www.carideal.com\/blog\/2010\/02\/16\/citroen-c-zero-la-solution-100-electrique\/#breadcrumb\",\"itemListElement\":[{\"@type\":\"ListItem\",\"position\":1,\"name\":\"Blog Carid\u00e9al\",\"item\":\"https:\/\/www.carideal.com\/blog\/\"},{\"@type\":\"ListItem\",\"position\":2,\"name\":\"Actualit\u00e9 constructeur automobile\",\"item\":\"https:\/\/www.carideal.com\/blog\/constructeur\/\"},{\"@type\":\"ListItem\",\"position\":3,\"name\":\"Actualit\u00e9 Citroen\",\"item\":\"https:\/\/www.carideal.com\/blog\/constructeur\/citroen\/\"},{\"@type\":\"ListItem\",\"position\":4,\"name\":\"Actualit\u00e9s Citroen C-Zero\",\"item\":\"https:\/\/www.carideal.com\/blog\/constructeur\/citroen\/actualites-citroen-c-zero\/\"},{\"@type\":\"ListItem\",\"position\":5,\"name\":\"Citroen C-Zero la solution 100% \u00e9lectrique\"}]},{\"@type\":\"WebSite\",\"@id\":\"https:\/\/www.carideal.com\/blog\/#website\",\"url\":\"https:\/\/www.carideal.com\/blog\/\",\"name\":\"Blog auto Carid\u00e9al\",\"description\":\"Actualit\u00e9 auto par des passionn\u00e9s\",\"publisher\":{\"@id\":\"https:\/\/www.carideal.com\/blog\/#organization\"},\"potentialAction\":[{\"@type\":\"SearchAction\",\"target\":{\"@type\":\"EntryPoint\",\"urlTemplate\":\"https:\/\/www.carideal.com\/blog\/?s={search_term_string}\"},\"query-input\":{\"@type\":\"PropertyValueSpecification\",\"valueRequired\":true,\"valueName\":\"search_term_string\"}}],\"inLanguage\":\"fr-FR\"},{\"@type\":\"Organization\",\"@id\":\"https:\/\/www.carideal.com\/blog\/#organization\",\"name\":\"Carideal\",\"url\":\"https:\/\/www.carideal.com\/blog\/\",\"logo\":{\"@type\":\"ImageObject\",\"inLanguage\":\"fr-FR\",\"@id\":\"https:\/\/www.carideal.com\/blog\/#\/schema\/logo\/image\/\",\"url\":\"http:\/\/www.carideal.com\/blog\/wp-content\/uploads\/2016\/03\/logo-carideal-mandataire-automobile.png\",\"contentUrl\":\"http:\/\/www.carideal.com\/blog\/wp-content\/uploads\/2016\/03\/logo-carideal-mandataire-automobile.png\",\"width\":300,\"height\":300,\"caption\":\"Carideal\"},\"image\":{\"@id\":\"https:\/\/www.carideal.com\/blog\/#\/schema\/logo\/image\/\"},\"sameAs\":[\"https:\/\/www.facebook.com\/Carideal.mandataire.automobile\",\"https:\/\/x.com\/caridealauto\",\"https:\/\/www.instagram.com\/carideal1\/\",\"https:\/\/www.linkedin.com\/company\/carideal.com\",\"https:\/\/fr.pinterest.com\/schiavonsas\/\",\"https:\/\/www.youtube.com\/user\/caridealsas\"]},{\"@type\":\"Person\",\"@id\":\"https:\/\/www.carideal.com\/blog\/#\/schema\/person\/985c7e757d1042d647f21bfaf8d41ebc\",\"name\":\"N.S Carideal\",\"image\":{\"@type\":\"ImageObject\",\"inLanguage\":\"fr-FR\",\"@id\":\"https:\/\/www.carideal.com\/blog\/#\/schema\/person\/image\/\",\"url\":\"https:\/\/secure.gravatar.com\/avatar\/edb7ccdf1a4e3d14aef967760d354d0e?s=96&r=g\",\"contentUrl\":\"https:\/\/secure.gravatar.com\/avatar\/edb7ccdf1a4e3d14aef967760d354d0e?s=96&r=g\",\"caption\":\"N.S Carideal\"},\"description\":\"Depuis tout petit fan d'automobile. Il est question d'essayer et de comparer toutes ces voitures qui nous ont fait r\u00e9ver, avant que celles-ci ne devient uniquement des voitures de collection.\",\"sameAs\":[\"http:\/\/www.carideal.com\/blog\",\"https:\/\/www.facebook.com\/Carideal.mandataire.automobile\/\",\"https:\/\/www.linkedin.com\/in\/nschiavon\/\",\"https:\/\/www.youtube.com\/user\/caridealsas\/\"],\"url\":\"https:\/\/www.carideal.com\/blog\/author\/admin_carideal\/\"}]}<\/script>\n<!-- \/ Yoast SEO plugin. -->","yoast_head_json":{"title":"Citroen C-Zero la solution 100% \u00e9lectrique - Blog auto Carid\u00e9al","description":"Citroen C-Z\u00e9ro la voiture 100% \u00e9lectrique qui pourrait \u00eatre la solution pour les entreprises zero litre d'essence z\u00e9ro \u00e9mission, z\u00e9ro bruit moteur, z\u00e9ro co2 g\/km","robots":{"index":"index","follow":"follow","max-snippet":"max-snippet:-1","max-image-preview":"max-image-preview:large","max-video-preview":"max-video-preview:-1"},"canonical":"https:\/\/www.carideal.com\/blog\/2010\/02\/16\/citroen-c-zero-la-solution-100-electrique\/","og_locale":"fr_FR","og_type":"article","og_title":"Citroen C-Zero la solution 100% \u00e9lectrique - Blog auto Carid\u00e9al","og_description":"Citroen C-Z\u00e9ro la voiture 100% \u00e9lectrique qui pourrait \u00eatre la solution pour les entreprises zero litre d'essence z\u00e9ro \u00e9mission, z\u00e9ro bruit moteur, z\u00e9ro co2 g\/km","og_url":"https:\/\/www.carideal.com\/blog\/2010\/02\/16\/citroen-c-zero-la-solution-100-electrique\/","og_site_name":"Blog auto Carid\u00e9al","article_publisher":"https:\/\/www.facebook.com\/Carideal.mandataire.automobile","article_author":"https:\/\/www.facebook.com\/Carideal.mandataire.automobile\/","article_published_time":"2010-02-16T14:30:00+00:00","article_modified_time":"2020-05-14T08:02:34+00:00","og_image":[{"width":448,"height":289,"url":"https:\/\/www.carideal.com\/blog\/wp-content\/uploads\/2010\/02\/citroen-c-zero-carideal_m-1.jpg","type":"image\/jpeg"}],"author":"N.S Carideal","twitter_card":"summary_large_image","twitter_creator":"@caridealauto","twitter_site":"@caridealauto","twitter_misc":{"\u00c9crit par":"N.S Carideal","Dur\u00e9e de lecture estim\u00e9e":"2 minutes"},"schema":{"@context":"https:\/\/schema.org","@graph":[{"@type":"Article","@id":"https:\/\/www.carideal.com\/blog\/2010\/02\/16\/citroen-c-zero-la-solution-100-electrique\/#article","isPartOf":{"@id":"https:\/\/www.carideal.com\/blog\/2010\/02\/16\/citroen-c-zero-la-solution-100-electrique\/"},"author":{"name":"N.S Carideal","@id":"https:\/\/www.carideal.com\/blog\/#\/schema\/person\/985c7e757d1042d647f21bfaf8d41ebc"},"headline":"Citroen C-Zero la solution 100% \u00e9lectrique","datePublished":"2010-02-16T14:30:00+00:00","dateModified":"2020-05-14T08:02:34+00:00","mainEntityOfPage":{"@id":"https:\/\/www.carideal.com\/blog\/2010\/02\/16\/citroen-c-zero-la-solution-100-electrique\/"},"wordCount":446,"commentCount":0,"publisher":{"@id":"https:\/\/www.carideal.com\/blog\/#organization"},"image":{"@id":"https:\/\/www.carideal.com\/blog\/2010\/02\/16\/citroen-c-zero-la-solution-100-electrique\/#primaryimage"},"thumbnailUrl":"https:\/\/www.carideal.com\/blog\/wp-content\/uploads\/2010\/02\/citroen-c-zero-carideal_m-1.jpg","articleSection":["Actualit\u00e9 Citroen","Actualit\u00e9s Citroen C-Zero","Voiture \u00e9lectrique"],"inLanguage":"fr-FR","potentialAction":[{"@type":"CommentAction","name":"Comment","target":["https:\/\/www.carideal.com\/blog\/2010\/02\/16\/citroen-c-zero-la-solution-100-electrique\/#respond"]}]},{"@type":"WebPage","@id":"https:\/\/www.carideal.com\/blog\/2010\/02\/16\/citroen-c-zero-la-solution-100-electrique\/","url":"https:\/\/www.carideal.com\/blog\/2010\/02\/16\/citroen-c-zero-la-solution-100-electrique\/","name":"Citroen C-Zero la solution 100% \u00e9lectrique - Blog auto Carid\u00e9al","isPartOf":{"@id":"https:\/\/www.carideal.com\/blog\/#website"},"primaryImageOfPage":{"@id":"https:\/\/www.carideal.com\/blog\/2010\/02\/16\/citroen-c-zero-la-solution-100-electrique\/#primaryimage"},"image":{"@id":"https:\/\/www.carideal.com\/blog\/2010\/02\/16\/citroen-c-zero-la-solution-100-electrique\/#primaryimage"},"thumbnailUrl":"https:\/\/www.carideal.com\/blog\/wp-content\/uploads\/2010\/02\/citroen-c-zero-carideal_m-1.jpg","datePublished":"2010-02-16T14:30:00+00:00","dateModified":"2020-05-14T08:02:34+00:00","description":"Citroen C-Z\u00e9ro la voiture 100% \u00e9lectrique qui pourrait \u00eatre la solution pour les entreprises zero litre d'essence z\u00e9ro \u00e9mission, z\u00e9ro bruit moteur, z\u00e9ro co2 g\/km","breadcrumb":{"@id":"https:\/\/www.carideal.com\/blog\/2010\/02\/16\/citroen-c-zero-la-solution-100-electrique\/#breadcrumb"},"inLanguage":"fr-FR","potentialAction":[{"@type":"ReadAction","target":["https:\/\/www.carideal.com\/blog\/2010\/02\/16\/citroen-c-zero-la-solution-100-electrique\/"]}]},{"@type":"ImageObject","inLanguage":"fr-FR","@id":"https:\/\/www.carideal.com\/blog\/2010\/02\/16\/citroen-c-zero-la-solution-100-electrique\/#primaryimage","url":"https:\/\/www.carideal.com\/blog\/wp-content\/uploads\/2010\/02\/citroen-c-zero-carideal_m-1.jpg","contentUrl":"https:\/\/www.carideal.com\/blog\/wp-content\/uploads\/2010\/02\/citroen-c-zero-carideal_m-1.jpg","width":448,"height":289,"caption":"Citroen C-Zero la solution 100% \u00e9lectrique"},{"@type":"BreadcrumbList","@id":"https:\/\/www.carideal.com\/blog\/2010\/02\/16\/citroen-c-zero-la-solution-100-electrique\/#breadcrumb","itemListElement":[{"@type":"ListItem","position":1,"name":"Blog Carid\u00e9al","item":"https:\/\/www.carideal.com\/blog\/"},{"@type":"ListItem","position":2,"name":"Actualit\u00e9 constructeur automobile","item":"https:\/\/www.carideal.com\/blog\/constructeur\/"},{"@type":"ListItem","position":3,"name":"Actualit\u00e9 Citroen","item":"https:\/\/www.carideal.com\/blog\/constructeur\/citroen\/"},{"@type":"ListItem","position":4,"name":"Actualit\u00e9s Citroen C-Zero","item":"https:\/\/www.carideal.com\/blog\/constructeur\/citroen\/actualites-citroen-c-zero\/"},{"@type":"ListItem","position":5,"name":"Citroen C-Zero la solution 100% \u00e9lectrique"}]},{"@type":"WebSite","@id":"https:\/\/www.carideal.com\/blog\/#website","url":"https:\/\/www.carideal.com\/blog\/","name":"Blog auto Carid\u00e9al","description":"Actualit\u00e9 auto par des passionn\u00e9s","publisher":{"@id":"https:\/\/www.carideal.com\/blog\/#organization"},"potentialAction":[{"@type":"SearchAction","target":{"@type":"EntryPoint","urlTemplate":"https:\/\/www.carideal.com\/blog\/?s={search_term_string}"},"query-input":{"@type":"PropertyValueSpecification","valueRequired":true,"valueName":"search_term_string"}}],"inLanguage":"fr-FR"},{"@type":"Organization","@id":"https:\/\/www.carideal.com\/blog\/#organization","name":"Carideal","url":"https:\/\/www.carideal.com\/blog\/","logo":{"@type":"ImageObject","inLanguage":"fr-FR","@id":"https:\/\/www.carideal.com\/blog\/#\/schema\/logo\/image\/","url":"http:\/\/www.carideal.com\/blog\/wp-content\/uploads\/2016\/03\/logo-carideal-mandataire-automobile.png","contentUrl":"http:\/\/www.carideal.com\/blog\/wp-content\/uploads\/2016\/03\/logo-carideal-mandataire-automobile.png","width":300,"height":300,"caption":"Carideal"},"image":{"@id":"https:\/\/www.carideal.com\/blog\/#\/schema\/logo\/image\/"},"sameAs":["https:\/\/www.facebook.com\/Carideal.mandataire.automobile","https:\/\/x.com\/caridealauto","https:\/\/www.instagram.com\/carideal1\/","https:\/\/www.linkedin.com\/company\/carideal.com","https:\/\/fr.pinterest.com\/schiavonsas\/","https:\/\/www.youtube.com\/user\/caridealsas"]},{"@type":"Person","@id":"https:\/\/www.carideal.com\/blog\/#\/schema\/person\/985c7e757d1042d647f21bfaf8d41ebc","name":"N.S Carideal","image":{"@type":"ImageObject","inLanguage":"fr-FR","@id":"https:\/\/www.carideal.com\/blog\/#\/schema\/person\/image\/","url":"https:\/\/secure.gravatar.com\/avatar\/edb7ccdf1a4e3d14aef967760d354d0e?s=96&r=g","contentUrl":"https:\/\/secure.gravatar.com\/avatar\/edb7ccdf1a4e3d14aef967760d354d0e?s=96&r=g","caption":"N.S Carideal"},"description":"Depuis tout petit fan d'automobile. Il est question d'essayer et de comparer toutes ces voitures qui nous ont fait r\u00e9ver, avant que celles-ci ne devient uniquement des voitures de collection.","sameAs":["http:\/\/www.carideal.com\/blog","https:\/\/www.facebook.com\/Carideal.mandataire.automobile\/","https:\/\/www.linkedin.com\/in\/nschiavon\/","https:\/\/www.youtube.com\/user\/caridealsas\/"],"url":"https:\/\/www.carideal.com\/blog\/author\/admin_carideal\/"}]}},"uagb_featured_image_src":{"full":["https:\/\/www.carideal.com\/blog\/wp-content\/uploads\/2010\/02\/citroen-c-zero-carideal_m-1.jpg",448,289,false],"thumbnail":["https:\/\/www.carideal.com\/blog\/wp-content\/uploads\/2010\/02\/citroen-c-zero-carideal_m-1-150x150.jpg",150,150,true],"medium":["https:\/\/www.carideal.com\/blog\/wp-content\/uploads\/2010\/02\/citroen-c-zero-carideal_m-1-300x194.jpg",300,194,true],"medium_large":["https:\/\/www.carideal.com\/blog\/wp-content\/uploads\/2010\/02\/citroen-c-zero-carideal_m-1.jpg",448,289,false],"large":["https:\/\/www.carideal.com\/blog\/wp-content\/uploads\/2010\/02\/citroen-c-zero-carideal_m-1.jpg",448,289,false],"1536x1536":["https:\/\/www.carideal.com\/blog\/wp-content\/uploads\/2010\/02\/citroen-c-zero-carideal_m-1.jpg",448,289,false],"2048x2048":["https:\/\/www.carideal.com\/blog\/wp-content\/uploads\/2010\/02\/citroen-c-zero-carideal_m-1.jpg",448,289,false],"wppr-widget":["https:\/\/www.carideal.com\/blog\/wp-content\/uploads\/2010\/02\/citroen-c-zero-carideal_m-1-50x32.jpg",50,32,true]},"uagb_author_info":{"display_name":"N.S Carideal","author_link":"https:\/\/www.carideal.com\/blog\/author\/admin_carideal\/"},"uagb_comment_info":1,"uagb_excerpt":"Citroen C-ZERO zero litre d'essence z\u00e9ro \u00e9mission, z\u00e9ro bruit moteur, z\u00e9ro co2 g\/km Citro\u00ebn C-ZERO\u00a0: des prestations r\u00e9elles et actuelles. Citro\u00ebn C-zero la solution 100% \u00e9lectrique. Z\u00e9ro bruit moteur, 0 \u00e9mission en roulant, z\u00e9ro litre d\u2019essence, ZERO g CO2\/km.Citro\u00ebn C-ZERO r\u00e9pond pleinement aux besoins des entreprises : administrations, collectivit\u00e9s, flottes captives d'entreprises...Mais aussi aux particuliers\u2026","_links":{"self":[{"href":"https:\/\/www.carideal.com\/blog\/wp-json\/wp\/v2\/posts\/150"}],"collection":[{"href":"https:\/\/www.carideal.com\/blog\/wp-json\/wp\/v2\/posts"}],"about":[{"href":"https:\/\/www.carideal.com\/blog\/wp-json\/wp\/v2\/types\/post"}],"author":[{"embeddable":true,"href":"https:\/\/www.carideal.com\/blog\/wp-json\/wp\/v2\/users\/1"}],"replies":[{"embeddable":true,"href":"https:\/\/www.carideal.com\/blog\/wp-json\/wp\/v2\/comments?post=150"}],"version-history":[{"count":0,"href":"https:\/\/www.carideal.com\/blog\/wp-json\/wp\/v2\/posts\/150\/revisions"}],"wp:featuredmedia":[{"embeddable":true,"href":"https:\/\/www.carideal.com\/blog\/wp-json\/wp\/v2\/media\/19913"}],"wp:attachment":[{"href":"https:\/\/www.carideal.com\/blog\/wp-json\/wp\/v2\/media?parent=150"}],"wp:term":[{"taxonomy":"category","embeddable":true,"href":"https:\/\/www.carideal.com\/blog\/wp-json\/wp\/v2\/categories?post=150"},{"taxonomy":"post_tag","embeddable":true,"href":"https:\/\/www.carideal.com\/blog\/wp-json\/wp\/v2\/tags?post=150"}],"curies":[{"name":"wp","href":"https:\/\/api.w.org\/{rel}","templated":true}]}}