{"id":1498,"date":"2014-02-23T10:46:00","date_gmt":"2014-02-23T10:46:00","guid":{"rendered":"http:\/\/carideal.com\/blog\/?p=1498"},"modified":"2016-06-26T19:46:33","modified_gmt":"2016-06-26T17:46:33","slug":"infiniti-q50-2-2d-bva-diesel-170-ch","status":"publish","type":"post","link":"https:\/\/www.carideal.com\/blog\/2014\/02\/23\/infiniti-q50-2-2d-bva-diesel-170-ch\/","title":{"rendered":"Infiniti Q50 2.2d BVA diesel 170 ch"},"content":{"rendered":"<p><img decoding=\"async\" title=\"Infiniti-Q50-2.2d-Diesel-essai-carideal-mandataire-automobile.jpg, f\u00e9v. 2014\" src=\"\/blog\/public\/.Infiniti-Q50-2.2d-Diesel-essai-carideal-mandataire-automobile_m.jpg\" alt=\"Infiniti-Q50-2.2d-Diesel-essai-carideal-mandataire-automobile.jpg\" \/><\/p>\n<h1><strong>Infiniti Q50 2.2d BVA diesel 170 ch<\/strong><\/h1>\n<p>InfinitiQ50 2.2d BVA 170 ch disponible depuis quelques semaines \u00e0 partir de 36990 \u20ac<\/p>\n<p>La Marque de Luxe de Nissan c'est Infiniti qui repr\u00e9sente 172000 ventes en 2012 alors que dans le m\u00eame temps le haut de gamme de Toyota, Lexus en a vendu 476500, il y a une sacr\u00e9 diff\u00e9rence.<br \/>\nInfiniti a d\u00e9cid\u00e9 de se r\u00e9veill\u00e9 avec la berline Q50 qui a \u00e9t\u00e9 con\u00e7u pour s\u00e9duire les europ\u00e9ens, elle est \u00e9quip\u00e9e d'un quatre cylindres diesel. On notera aussi que la future Q30 qui arrivera chez nous dans deux ans, sera une berline \"sur\u00e9lev\u00e9e\" comme la Citroen DS4. Cette Q30 sera fabriqu\u00e9e en Angleterre sur la base technique de la Mercedes GLA (accords Renault-Daimler).<br \/>\nLa premi\u00e8re \u00e0 annoncer le renouveau de la marque est la Q50 qui devrait permettre de trouver de nouveaux distributeurs, l'ancienne G37 n'ayant pas marqu\u00e9 les foules.<br \/>\nD'une longueur de 4.79 m elle vient concurrencer directement les BMW s\u00e9rie 3 et autres Audi A4. Elle profite d'un design \u00e9l\u00e9gant m\u00eame si certain d\u00e9faut peuvent para\u00eetre d\u00e9plac\u00e9s \u00e0 ce niveaux de gamme, poign\u00e9es de portes trop l\u00e9g\u00e8res, finitions de peinture...<\/p>\n<p><strong>A l'int\u00e9rieur<\/strong> toutes les commandes s'articulent via les deux \u00e9crans tactiles en partie centrale. L'ambiance int\u00e9rieur soign\u00e9e s'accompagne d'un silence de marche appr\u00e9ciable sur long parcours.<\/p>\n<p><strong>Du style<\/strong>, de la prestance, courbes sensuelles, lignes \u00e9quilibr\u00e9es, la Q50 entre avec \u00e9l\u00e9gance dans le monde des familiales premium. Sur la route la direction <strong>DAS<\/strong> exacerbe l'agilit\u00e9.<br \/>\n<strong>Un syst\u00e8me de direction r\u00e9volutionnaire<\/strong>\u00a0: Il n'y a plus de lien m\u00e9canique entre le volant et les roues, la cr\u00e9maill\u00e8re de direction est actionn\u00e9e par un moteur \u00e9lectrique. ( par obligation l\u00e9gale une colonne embrayable demeure par s\u00e9curit\u00e9 et obligation l\u00e9gale.<br \/>\nCette technologie <strong>DAS<\/strong>, permet de g\u00e9rer les lois de direction. et de mieux isoler les remont\u00e9s de la route et les filtrer afin qu'elle ne remonte pas dans la direction.<br \/>\nLe Moteur Diesel d'origine Mercedes 2.2D de 170 ch, n'est pa forc\u00e9ment un atout pour \u00e9quiper cette berline, surtout associ\u00e9 \u00e0 cette boite de vitesse automatique trop pataude.<\/p>\n<p>Une version hybride aussi disponible, mais son moteur V6 essence associ\u00e9 \u00e0 son moteur \u00e9lectrique fort de 365 ch cumul\u00e9e consomme beaucoup trop sur notre march\u00e9 ou son malus de 144 g de CO2, c'est un beaucoup trop haut !<\/p>\n<p>Question tarif, la version SPORT, \u00e0 44620 \u20ac propose la direction DAS, GPS, finition alu le moteur diesel et la boite de vitesse automatique. Il n'en reste pas moins un bon prix vis \u00e0 vis de la concurrence allemande.<br \/>\nReste que la route va \u00eatre longue pour Infiniti en qu\u00eate d'image et de r\u00e9seau de distribution.<\/p>\n<p>\/ infiniti Q50<\/p>\n","protected":false},"excerpt":{"rendered":"<p>Infiniti Q50 2.2d BVA diesel 170 ch InfinitiQ50 2.2d BVA 170 ch disponible depuis quelques semaines \u00e0 partir de 36990 \u20ac La Marque de Luxe de Nissan c&rsquo;est Infiniti qui repr\u00e9sente 172000 ventes en 2012 alors que dans le m\u00eame temps le haut de gamme de Toyota, Lexus en a vendu 476500, il y a &#8230; <a title=\"Infiniti Q50 2.2d BVA diesel 170 ch\" class=\"read-more\" href=\"https:\/\/www.carideal.com\/blog\/2014\/02\/23\/infiniti-q50-2-2d-bva-diesel-170-ch\/\" aria-label=\"En savoir plus sur Infiniti Q50 2.2d BVA diesel 170 ch\">Lire plus<\/a><\/p>\n","protected":false},"author":1,"featured_media":0,"comment_status":"open","ping_status":"open","sticky":false,"template":"","format":"standard","meta":{"_uag_custom_page_level_css":"","_themeisle_gutenberg_block_has_review":false,"footnotes":""},"categories":[21,5944,6093,6012,10,5974],"tags":[],"class_list":["post-1498","post","type-post","status-publish","format-standard","hentry","category-actualites-auto","category-constructeur","category-infiniti","category-berlines","category-marche-automobile-voiture-neuve-occasion-4x4-suv","category-type-de-vehicule"],"wppr_data":[],"yoast_head":"<!-- This site is optimized with the Yoast SEO plugin v24.8.1 - https:\/\/yoast.com\/wordpress\/plugins\/seo\/ -->\n<title>Infiniti Q50 2.2d BVA diesel 170 ch - Blog auto Carid\u00e9al<\/title>\n<meta name=\"robots\" content=\"index, follow, max-snippet:-1, max-image-preview:large, max-video-preview:-1\" \/>\n<link rel=\"canonical\" href=\"https:\/\/www.carideal.com\/blog\/2014\/02\/23\/infiniti-q50-2-2d-bva-diesel-170-ch\/\" \/>\n<meta property=\"og:locale\" content=\"fr_FR\" \/>\n<meta property=\"og:type\" content=\"article\" \/>\n<meta property=\"og:title\" content=\"Infiniti Q50 2.2d BVA diesel 170 ch - Blog auto Carid\u00e9al\" \/>\n<meta property=\"og:description\" content=\"Infiniti Q50 2.2d BVA diesel 170 ch InfinitiQ50 2.2d BVA 170 ch disponible depuis quelques semaines \u00e0 partir de 36990 \u20ac La Marque de Luxe de Nissan c&#039;est Infiniti qui repr\u00e9sente 172000 ventes en 2012 alors que dans le m\u00eame temps le haut de gamme de Toyota, Lexus en a vendu 476500, il y a ... Lire plus\" \/>\n<meta property=\"og:url\" content=\"https:\/\/www.carideal.com\/blog\/2014\/02\/23\/infiniti-q50-2-2d-bva-diesel-170-ch\/\" \/>\n<meta property=\"og:site_name\" content=\"Blog auto Carid\u00e9al\" \/>\n<meta property=\"article:publisher\" content=\"https:\/\/www.facebook.com\/Carideal.mandataire.automobile\" \/>\n<meta property=\"article:author\" content=\"https:\/\/www.facebook.com\/Carideal.mandataire.automobile\/\" \/>\n<meta property=\"article:published_time\" content=\"2014-02-23T10:46:00+00:00\" \/>\n<meta property=\"article:modified_time\" content=\"2016-06-26T17:46:33+00:00\" \/>\n<meta property=\"og:image\" content=\"https:\/\/www.carideal.com\/blog\/wp-content\/uploads\/2016\/03\/logo-carideal-mandataire-automobile.png\" \/>\n\t<meta property=\"og:image:width\" content=\"300\" \/>\n\t<meta property=\"og:image:height\" content=\"300\" \/>\n\t<meta property=\"og:image:type\" content=\"image\/png\" \/>\n<meta name=\"author\" content=\"N.S Carideal\" \/>\n<meta name=\"twitter:card\" content=\"summary_large_image\" \/>\n<meta name=\"twitter:creator\" content=\"@caridealauto\" \/>\n<meta name=\"twitter:site\" content=\"@caridealauto\" \/>\n<meta name=\"twitter:label1\" content=\"\u00c9crit par\" \/>\n\t<meta name=\"twitter:data1\" content=\"N.S Carideal\" \/>\n\t<meta name=\"twitter:label2\" content=\"Dur\u00e9e de lecture estim\u00e9e\" \/>\n\t<meta name=\"twitter:data2\" content=\"2 minutes\" \/>\n<script type=\"application\/ld+json\" class=\"yoast-schema-graph\">{\"@context\":\"https:\/\/schema.org\",\"@graph\":[{\"@type\":\"Article\",\"@id\":\"https:\/\/www.carideal.com\/blog\/2014\/02\/23\/infiniti-q50-2-2d-bva-diesel-170-ch\/#article\",\"isPartOf\":{\"@id\":\"https:\/\/www.carideal.com\/blog\/2014\/02\/23\/infiniti-q50-2-2d-bva-diesel-170-ch\/\"},\"author\":{\"name\":\"N.S Carideal\",\"@id\":\"https:\/\/www.carideal.com\/blog\/#\/schema\/person\/985c7e757d1042d647f21bfaf8d41ebc\"},\"headline\":\"Infiniti Q50 2.2d BVA diesel 170 ch\",\"datePublished\":\"2014-02-23T10:46:00+00:00\",\"dateModified\":\"2016-06-26T17:46:33+00:00\",\"mainEntityOfPage\":{\"@id\":\"https:\/\/www.carideal.com\/blog\/2014\/02\/23\/infiniti-q50-2-2d-bva-diesel-170-ch\/\"},\"wordCount\":468,\"commentCount\":0,\"publisher\":{\"@id\":\"https:\/\/www.carideal.com\/blog\/#organization\"},\"articleSection\":[\"Actualit\u00e9 automobile\",\"Actualit\u00e9 Constructeur automobile\",\"Actualit\u00e9 Infiniti\",\"Berlines\",\"March\u00e9 automobile\",\"Type de v\u00e9hicule\"],\"inLanguage\":\"fr-FR\",\"potentialAction\":[{\"@type\":\"CommentAction\",\"name\":\"Comment\",\"target\":[\"https:\/\/www.carideal.com\/blog\/2014\/02\/23\/infiniti-q50-2-2d-bva-diesel-170-ch\/#respond\"]}]},{\"@type\":\"WebPage\",\"@id\":\"https:\/\/www.carideal.com\/blog\/2014\/02\/23\/infiniti-q50-2-2d-bva-diesel-170-ch\/\",\"url\":\"https:\/\/www.carideal.com\/blog\/2014\/02\/23\/infiniti-q50-2-2d-bva-diesel-170-ch\/\",\"name\":\"Infiniti Q50 2.2d BVA diesel 170 ch - Blog auto Carid\u00e9al\",\"isPartOf\":{\"@id\":\"https:\/\/www.carideal.com\/blog\/#website\"},\"datePublished\":\"2014-02-23T10:46:00+00:00\",\"dateModified\":\"2016-06-26T17:46:33+00:00\",\"breadcrumb\":{\"@id\":\"https:\/\/www.carideal.com\/blog\/2014\/02\/23\/infiniti-q50-2-2d-bva-diesel-170-ch\/#breadcrumb\"},\"inLanguage\":\"fr-FR\",\"potentialAction\":[{\"@type\":\"ReadAction\",\"target\":[\"https:\/\/www.carideal.com\/blog\/2014\/02\/23\/infiniti-q50-2-2d-bva-diesel-170-ch\/\"]}]},{\"@type\":\"BreadcrumbList\",\"@id\":\"https:\/\/www.carideal.com\/blog\/2014\/02\/23\/infiniti-q50-2-2d-bva-diesel-170-ch\/#breadcrumb\",\"itemListElement\":[{\"@type\":\"ListItem\",\"position\":1,\"name\":\"Blog Carid\u00e9al\",\"item\":\"https:\/\/www.carideal.com\/blog\/\"},{\"@type\":\"ListItem\",\"position\":2,\"name\":\"March\u00e9 automobile\",\"item\":\"https:\/\/www.carideal.com\/blog\/marche-automobile-voiture-neuve-occasion-4x4-suv\/\"},{\"@type\":\"ListItem\",\"position\":3,\"name\":\"Infiniti Q50 2.2d BVA diesel 170 ch\"}]},{\"@type\":\"WebSite\",\"@id\":\"https:\/\/www.carideal.com\/blog\/#website\",\"url\":\"https:\/\/www.carideal.com\/blog\/\",\"name\":\"Blog auto Carid\u00e9al\",\"description\":\"Actualit\u00e9 auto par des passionn\u00e9s\",\"publisher\":{\"@id\":\"https:\/\/www.carideal.com\/blog\/#organization\"},\"potentialAction\":[{\"@type\":\"SearchAction\",\"target\":{\"@type\":\"EntryPoint\",\"urlTemplate\":\"https:\/\/www.carideal.com\/blog\/?s={search_term_string}\"},\"query-input\":{\"@type\":\"PropertyValueSpecification\",\"valueRequired\":true,\"valueName\":\"search_term_string\"}}],\"inLanguage\":\"fr-FR\"},{\"@type\":\"Organization\",\"@id\":\"https:\/\/www.carideal.com\/blog\/#organization\",\"name\":\"Carideal\",\"url\":\"https:\/\/www.carideal.com\/blog\/\",\"logo\":{\"@type\":\"ImageObject\",\"inLanguage\":\"fr-FR\",\"@id\":\"https:\/\/www.carideal.com\/blog\/#\/schema\/logo\/image\/\",\"url\":\"http:\/\/www.carideal.com\/blog\/wp-content\/uploads\/2016\/03\/logo-carideal-mandataire-automobile.png\",\"contentUrl\":\"http:\/\/www.carideal.com\/blog\/wp-content\/uploads\/2016\/03\/logo-carideal-mandataire-automobile.png\",\"width\":300,\"height\":300,\"caption\":\"Carideal\"},\"image\":{\"@id\":\"https:\/\/www.carideal.com\/blog\/#\/schema\/logo\/image\/\"},\"sameAs\":[\"https:\/\/www.facebook.com\/Carideal.mandataire.automobile\",\"https:\/\/x.com\/caridealauto\",\"https:\/\/www.instagram.com\/carideal1\/\",\"https:\/\/www.linkedin.com\/company\/carideal.com\",\"https:\/\/fr.pinterest.com\/schiavonsas\/\",\"https:\/\/www.youtube.com\/user\/caridealsas\"]},{\"@type\":\"Person\",\"@id\":\"https:\/\/www.carideal.com\/blog\/#\/schema\/person\/985c7e757d1042d647f21bfaf8d41ebc\",\"name\":\"N.S Carideal\",\"image\":{\"@type\":\"ImageObject\",\"inLanguage\":\"fr-FR\",\"@id\":\"https:\/\/www.carideal.com\/blog\/#\/schema\/person\/image\/\",\"url\":\"https:\/\/secure.gravatar.com\/avatar\/edb7ccdf1a4e3d14aef967760d354d0e?s=96&r=g\",\"contentUrl\":\"https:\/\/secure.gravatar.com\/avatar\/edb7ccdf1a4e3d14aef967760d354d0e?s=96&r=g\",\"caption\":\"N.S Carideal\"},\"description\":\"Depuis tout petit fan d'automobile. Il est question d'essayer et de comparer toutes ces voitures qui nous ont fait r\u00e9ver, avant que celles-ci ne devient uniquement des voitures de collection.\",\"sameAs\":[\"http:\/\/www.carideal.com\/blog\",\"https:\/\/www.facebook.com\/Carideal.mandataire.automobile\/\",\"https:\/\/www.linkedin.com\/in\/nschiavon\/\",\"https:\/\/www.youtube.com\/user\/caridealsas\/\"],\"url\":\"https:\/\/www.carideal.com\/blog\/author\/admin_carideal\/\"}]}<\/script>\n<!-- \/ Yoast SEO plugin. -->","yoast_head_json":{"title":"Infiniti Q50 2.2d BVA diesel 170 ch - Blog auto Carid\u00e9al","robots":{"index":"index","follow":"follow","max-snippet":"max-snippet:-1","max-image-preview":"max-image-preview:large","max-video-preview":"max-video-preview:-1"},"canonical":"https:\/\/www.carideal.com\/blog\/2014\/02\/23\/infiniti-q50-2-2d-bva-diesel-170-ch\/","og_locale":"fr_FR","og_type":"article","og_title":"Infiniti Q50 2.2d BVA diesel 170 ch - Blog auto Carid\u00e9al","og_description":"Infiniti Q50 2.2d BVA diesel 170 ch InfinitiQ50 2.2d BVA 170 ch disponible depuis quelques semaines \u00e0 partir de 36990 \u20ac La Marque de Luxe de Nissan c'est Infiniti qui repr\u00e9sente 172000 ventes en 2012 alors que dans le m\u00eame temps le haut de gamme de Toyota, Lexus en a vendu 476500, il y a ... Lire plus","og_url":"https:\/\/www.carideal.com\/blog\/2014\/02\/23\/infiniti-q50-2-2d-bva-diesel-170-ch\/","og_site_name":"Blog auto Carid\u00e9al","article_publisher":"https:\/\/www.facebook.com\/Carideal.mandataire.automobile","article_author":"https:\/\/www.facebook.com\/Carideal.mandataire.automobile\/","article_published_time":"2014-02-23T10:46:00+00:00","article_modified_time":"2016-06-26T17:46:33+00:00","og_image":[{"width":300,"height":300,"url":"https:\/\/www.carideal.com\/blog\/wp-content\/uploads\/2016\/03\/logo-carideal-mandataire-automobile.png","type":"image\/png"}],"author":"N.S Carideal","twitter_card":"summary_large_image","twitter_creator":"@caridealauto","twitter_site":"@caridealauto","twitter_misc":{"\u00c9crit par":"N.S Carideal","Dur\u00e9e de lecture estim\u00e9e":"2 minutes"},"schema":{"@context":"https:\/\/schema.org","@graph":[{"@type":"Article","@id":"https:\/\/www.carideal.com\/blog\/2014\/02\/23\/infiniti-q50-2-2d-bva-diesel-170-ch\/#article","isPartOf":{"@id":"https:\/\/www.carideal.com\/blog\/2014\/02\/23\/infiniti-q50-2-2d-bva-diesel-170-ch\/"},"author":{"name":"N.S Carideal","@id":"https:\/\/www.carideal.com\/blog\/#\/schema\/person\/985c7e757d1042d647f21bfaf8d41ebc"},"headline":"Infiniti Q50 2.2d BVA diesel 170 ch","datePublished":"2014-02-23T10:46:00+00:00","dateModified":"2016-06-26T17:46:33+00:00","mainEntityOfPage":{"@id":"https:\/\/www.carideal.com\/blog\/2014\/02\/23\/infiniti-q50-2-2d-bva-diesel-170-ch\/"},"wordCount":468,"commentCount":0,"publisher":{"@id":"https:\/\/www.carideal.com\/blog\/#organization"},"articleSection":["Actualit\u00e9 automobile","Actualit\u00e9 Constructeur automobile","Actualit\u00e9 Infiniti","Berlines","March\u00e9 automobile","Type de v\u00e9hicule"],"inLanguage":"fr-FR","potentialAction":[{"@type":"CommentAction","name":"Comment","target":["https:\/\/www.carideal.com\/blog\/2014\/02\/23\/infiniti-q50-2-2d-bva-diesel-170-ch\/#respond"]}]},{"@type":"WebPage","@id":"https:\/\/www.carideal.com\/blog\/2014\/02\/23\/infiniti-q50-2-2d-bva-diesel-170-ch\/","url":"https:\/\/www.carideal.com\/blog\/2014\/02\/23\/infiniti-q50-2-2d-bva-diesel-170-ch\/","name":"Infiniti Q50 2.2d BVA diesel 170 ch - Blog auto Carid\u00e9al","isPartOf":{"@id":"https:\/\/www.carideal.com\/blog\/#website"},"datePublished":"2014-02-23T10:46:00+00:00","dateModified":"2016-06-26T17:46:33+00:00","breadcrumb":{"@id":"https:\/\/www.carideal.com\/blog\/2014\/02\/23\/infiniti-q50-2-2d-bva-diesel-170-ch\/#breadcrumb"},"inLanguage":"fr-FR","potentialAction":[{"@type":"ReadAction","target":["https:\/\/www.carideal.com\/blog\/2014\/02\/23\/infiniti-q50-2-2d-bva-diesel-170-ch\/"]}]},{"@type":"BreadcrumbList","@id":"https:\/\/www.carideal.com\/blog\/2014\/02\/23\/infiniti-q50-2-2d-bva-diesel-170-ch\/#breadcrumb","itemListElement":[{"@type":"ListItem","position":1,"name":"Blog Carid\u00e9al","item":"https:\/\/www.carideal.com\/blog\/"},{"@type":"ListItem","position":2,"name":"March\u00e9 automobile","item":"https:\/\/www.carideal.com\/blog\/marche-automobile-voiture-neuve-occasion-4x4-suv\/"},{"@type":"ListItem","position":3,"name":"Infiniti Q50 2.2d BVA diesel 170 ch"}]},{"@type":"WebSite","@id":"https:\/\/www.carideal.com\/blog\/#website","url":"https:\/\/www.carideal.com\/blog\/","name":"Blog auto Carid\u00e9al","description":"Actualit\u00e9 auto par des passionn\u00e9s","publisher":{"@id":"https:\/\/www.carideal.com\/blog\/#organization"},"potentialAction":[{"@type":"SearchAction","target":{"@type":"EntryPoint","urlTemplate":"https:\/\/www.carideal.com\/blog\/?s={search_term_string}"},"query-input":{"@type":"PropertyValueSpecification","valueRequired":true,"valueName":"search_term_string"}}],"inLanguage":"fr-FR"},{"@type":"Organization","@id":"https:\/\/www.carideal.com\/blog\/#organization","name":"Carideal","url":"https:\/\/www.carideal.com\/blog\/","logo":{"@type":"ImageObject","inLanguage":"fr-FR","@id":"https:\/\/www.carideal.com\/blog\/#\/schema\/logo\/image\/","url":"http:\/\/www.carideal.com\/blog\/wp-content\/uploads\/2016\/03\/logo-carideal-mandataire-automobile.png","contentUrl":"http:\/\/www.carideal.com\/blog\/wp-content\/uploads\/2016\/03\/logo-carideal-mandataire-automobile.png","width":300,"height":300,"caption":"Carideal"},"image":{"@id":"https:\/\/www.carideal.com\/blog\/#\/schema\/logo\/image\/"},"sameAs":["https:\/\/www.facebook.com\/Carideal.mandataire.automobile","https:\/\/x.com\/caridealauto","https:\/\/www.instagram.com\/carideal1\/","https:\/\/www.linkedin.com\/company\/carideal.com","https:\/\/fr.pinterest.com\/schiavonsas\/","https:\/\/www.youtube.com\/user\/caridealsas"]},{"@type":"Person","@id":"https:\/\/www.carideal.com\/blog\/#\/schema\/person\/985c7e757d1042d647f21bfaf8d41ebc","name":"N.S Carideal","image":{"@type":"ImageObject","inLanguage":"fr-FR","@id":"https:\/\/www.carideal.com\/blog\/#\/schema\/person\/image\/","url":"https:\/\/secure.gravatar.com\/avatar\/edb7ccdf1a4e3d14aef967760d354d0e?s=96&r=g","contentUrl":"https:\/\/secure.gravatar.com\/avatar\/edb7ccdf1a4e3d14aef967760d354d0e?s=96&r=g","caption":"N.S Carideal"},"description":"Depuis tout petit fan d'automobile. Il est question d'essayer et de comparer toutes ces voitures qui nous ont fait r\u00e9ver, avant que celles-ci ne devient uniquement des voitures de collection.","sameAs":["http:\/\/www.carideal.com\/blog","https:\/\/www.facebook.com\/Carideal.mandataire.automobile\/","https:\/\/www.linkedin.com\/in\/nschiavon\/","https:\/\/www.youtube.com\/user\/caridealsas\/"],"url":"https:\/\/www.carideal.com\/blog\/author\/admin_carideal\/"}]}},"uagb_featured_image_src":{"full":false,"thumbnail":false,"medium":false,"medium_large":false,"large":false,"1536x1536":false,"2048x2048":false,"wppr-widget":false},"uagb_author_info":{"display_name":"N.S Carideal","author_link":"https:\/\/www.carideal.com\/blog\/author\/admin_carideal\/"},"uagb_comment_info":0,"uagb_excerpt":"Infiniti Q50 2.2d BVA diesel 170 ch InfinitiQ50 2.2d BVA 170 ch disponible depuis quelques semaines \u00e0 partir de 36990 \u20ac La Marque de Luxe de Nissan c'est Infiniti qui repr\u00e9sente 172000 ventes en 2012 alors que dans le m\u00eame temps le haut de gamme de Toyota, Lexus en a vendu 476500, il y a\u2026","_links":{"self":[{"href":"https:\/\/www.carideal.com\/blog\/wp-json\/wp\/v2\/posts\/1498"}],"collection":[{"href":"https:\/\/www.carideal.com\/blog\/wp-json\/wp\/v2\/posts"}],"about":[{"href":"https:\/\/www.carideal.com\/blog\/wp-json\/wp\/v2\/types\/post"}],"author":[{"embeddable":true,"href":"https:\/\/www.carideal.com\/blog\/wp-json\/wp\/v2\/users\/1"}],"replies":[{"embeddable":true,"href":"https:\/\/www.carideal.com\/blog\/wp-json\/wp\/v2\/comments?post=1498"}],"version-history":[{"count":0,"href":"https:\/\/www.carideal.com\/blog\/wp-json\/wp\/v2\/posts\/1498\/revisions"}],"wp:attachment":[{"href":"https:\/\/www.carideal.com\/blog\/wp-json\/wp\/v2\/media?parent=1498"}],"wp:term":[{"taxonomy":"category","embeddable":true,"href":"https:\/\/www.carideal.com\/blog\/wp-json\/wp\/v2\/categories?post=1498"},{"taxonomy":"post_tag","embeddable":true,"href":"https:\/\/www.carideal.com\/blog\/wp-json\/wp\/v2\/tags?post=1498"}],"curies":[{"name":"wp","href":"https:\/\/api.w.org\/{rel}","templated":true}]}}