{"id":1497,"date":"2014-02-17T19:56:00","date_gmt":"2014-02-17T19:56:00","guid":{"rendered":"http:\/\/carideal.com\/blog\/?p=1497"},"modified":"2017-12-14T23:04:58","modified_gmt":"2017-12-14T22:04:58","slug":"la-qoros-3-hatch-en-presentation-a-geneve","status":"publish","type":"post","link":"https:\/\/www.carideal.com\/blog\/2014\/02\/17\/la-qoros-3-hatch-en-presentation-a-geneve\/","title":{"rendered":"La Qoros 3 Hatch en pr\u00e9sentation \u00e0 Gen\u00e8ve"},"content":{"rendered":"<h1>Qoros 3 hatchback\u00a0r\u00e9v\u00e9l\u00e9e\u00a0\u00e0 Gen\u00e8ve<\/h1>\n<p>Qoros est tr\u00e8s fier d'avoir vu sa 3 Sedan, sa <a href=\"http:\/\/www.carideal.com\/blog\/type-de-vehicule\/berlines\/\">berline compacte<\/a> \u00e0 coffre recevoir le titre de voiture la plus s\u00fbr en 2013 par l'organisme EuroNCAP. Il ne remet le couvert avec sa version, Hatch, c'est \u00e0 dire avec un hayon sans coffre plus conforme aux attentes des clients europ\u00e9ens. Pour cela la <strong>Qoros 3 Hatch<\/strong> poss\u00e8de de nouveaux panneaux lat\u00e9raux arri\u00e8re et un hayon. Elle poss\u00e8de la base technique modulaire que la Sedan avec deux moteurs essences de 1.6 litres de cylindr\u00e9e, un atmosph\u00e9rique et l'autre turbocompress\u00e9. Le client aura le choix entre une boite de vitesse automatique \u00e0 double embrayages ou manuelle \u00e0 6 rapports.<\/p>\n<p>Le nouveau mod\u00e8le de la marque chinoise Qoros rejoint la version \u00e0 trois portes de la berline, revendique un espace int\u00e9rieur de premier ordre<\/p>\n<h2>La berline Qoros 3 a fait ses d\u00e9buts mondiaux au salon de Gen\u00e8ve.<\/h2>\n<p>La nouvelle berline du segment C s'inspire fortement du style de la berline Qoros 3 et est con\u00e7ue pour para\u00eetre jeune et sportive. La\u00a0berline 3 est bas\u00e9e sur la m\u00eame plate-forme modulaire que\u00a0sa grande soeur de berline mais comporte de nouveaux\u00a0pied millieux et arri\u00e8re\u00a0ainsi qu'une nouvelle traverse de toit arri\u00e8re, qui selon Qoros aide \u00e0 maintenir la rigidit\u00e9.<\/p>\n<p>Les deux voitures partagent \u00e9galement\u00a0le m\u00eame empattement, mais le hayon est 177 mm plus court que la berline. Qoros dit qu'en gardant l'empattement relativement long de la berline, la Qoros 3 Hatch offrira \u00abun espace int\u00e9rieur g\u00e9n\u00e9reux pour un v\u00e9hicule dans le segment des voitures compact\u00bb.<\/p>\n<p>La berline et la\u00a0Hatch\u00a0partagent \u00e9galement les m\u00eames moteurs 1,6 litre \u00e0 aspiration naturelle et turbocompress\u00e9s, offerts en ligue avec une bo\u00eete manuelle \u00e0 six vitesses et une transmission automatique \u00e0 double embrayage en option. Les chiffres de performance pour la berline n'ont pas encore \u00e9t\u00e9 r\u00e9v\u00e9l\u00e9s, mais le moteur atmosph\u00e9rique de 1,6 litre de 124 ch est suffisant pour propulser la berline Qoros 3 \u00e0\u00a0100 km\/h en 11,6 secondes, passant \u00e0 9,7 secondes lorsqu'il est aliment\u00e9 par\u00a0le moteur turbo de 154 ch.<\/p>\n<p>En plus de son nouveau hayon arri\u00e8re, la Qoros 3 Hatch est dot\u00e9e de nouvelles grappes de feux arri\u00e8re, d'une nouvelle calandre, d'un nouveau pare-chocs et de diff\u00e9rents phares antibrouillard qui le distinguent de la berline. Qoros dit que ces \u00e9l\u00e9ments cr\u00e9ent un \"visage plus audacieux\" pour le hayon.<\/p>\n<p>\u00c0 l'int\u00e9rieur, la berline \u00e0 cinq places partage beaucoup de ses caract\u00e9ristiques avec la berline, bien que de nouvelles combinaisons de couleurs et de nouveaux mat\u00e9riaux aient \u00e9t\u00e9 ajout\u00e9s. Un syst\u00e8me d'infodivertissement \u00e0 \u00e9cran tactile de huit pouces est inclus en standard.<\/p>\n<p>En vedette dans la suite d'infotainment de la 3 est QorosCloud, qui offre des services bas\u00e9s sur 3G comme la surveillance des v\u00e9hicules, les r\u00e9seaux sociaux et la \u00abnavigation am\u00e9lior\u00e9e\u00bb.<\/p>\n<p>Les Qoros 3 \u00e0 hayon seront disponibles avec quatre niveaux d'\u00e9quipement au lancement, avec les mod\u00e8les Essence d'entr\u00e9e de gamme recevant le d\u00e9marrage sans cl\u00e9 et la climatisation en standard. La\u00a0gamme\u00a0Exp\u00e9rience ajoute un contr\u00f4le de la temp\u00e9rature \u00e0 deux zones, une garniture en cuir et une cam\u00e9ra de stationnement arri\u00e8re. Les mod\u00e8les Experience Plus b\u00e9n\u00e9ficient d'un grand toit ouvrant en verre.<\/p>\n<p>Au sommet de la gamme, la\u00a0finition Elegance ajoute un r\u00e9gulateur de vitesse, des si\u00e8ges avant chauffants, une entr\u00e9e sans cl\u00e9 et un syst\u00e8me anti-vol am\u00e9lior\u00e9.<\/p>\n<p>Aucune information sur les prix n'a encore \u00e9t\u00e9 divulgu\u00e9e, mais la berline Qoros 3 surpasse la MG 6 de pr\u00e8s de 600\u00a0\u20ac en Chine, les prix commen\u00e7ant \u00e0 119 900 RMB (14100 \u20ac).<\/p>\n<p>La berline 3 a re\u00e7u le score le plus \u00e9lev\u00e9 de l'Euro NCAP en 2013, Qoros devenant la premi\u00e8re marque chinoise \u00e0 atteindre la cote de s\u00e9curit\u00e9 cinq \u00e9toiles.<\/p>\n","protected":false},"excerpt":{"rendered":"<p>Qoros 3 hatchback\u00a0r\u00e9v\u00e9l\u00e9e\u00a0\u00e0 Gen\u00e8ve Qoros est tr\u00e8s fier d&rsquo;avoir vu sa 3 Sedan, sa berline compacte \u00e0 coffre recevoir le titre de voiture la plus s\u00fbr en 2013 par l&rsquo;organisme EuroNCAP. Il ne remet le couvert avec sa version, Hatch, c&rsquo;est \u00e0 dire avec un hayon sans coffre plus conforme aux attentes des clients europ\u00e9ens. &#8230; <a title=\"La Qoros 3 Hatch en pr\u00e9sentation \u00e0 Gen\u00e8ve\" class=\"read-more\" href=\"https:\/\/www.carideal.com\/blog\/2014\/02\/17\/la-qoros-3-hatch-en-presentation-a-geneve\/\" aria-label=\"En savoir plus sur La Qoros 3 Hatch en pr\u00e9sentation \u00e0 Gen\u00e8ve\">Lire plus<\/a><\/p>\n","protected":false},"author":1,"featured_media":16710,"comment_status":"open","ping_status":"open","sticky":false,"template":"","format":"standard","meta":{"_uag_custom_page_level_css":"","_themeisle_gutenberg_block_has_review":false,"footnotes":""},"categories":[6012,10,5972,6097,5974],"tags":[],"class_list":["post-1497","post","type-post","status-publish","format-standard","has-post-thumbnail","hentry","category-berlines","category-marche-automobile-voiture-neuve-occasion-4x4-suv","category-salons","category-salon-de-geneve","category-type-de-vehicule"],"wppr_data":{"cwp_meta_box_check":"No"},"yoast_head":"<!-- This site is optimized with the Yoast SEO plugin v24.8.1 - https:\/\/yoast.com\/wordpress\/plugins\/seo\/ -->\n<title>La Qoros 3 Hatch en pr\u00e9sentation \u00e0 Gen\u00e8ve - Blog auto Carid\u00e9al<\/title>\n<meta name=\"description\" content=\"Le nouveau mod\u00e8le de la marque chinoise Qoros rejoint la version \u00e0 trois portes de la berline, revendique un espace int\u00e9rieur de premier ordre\" \/>\n<meta name=\"robots\" content=\"index, follow, max-snippet:-1, max-image-preview:large, max-video-preview:-1\" \/>\n<link rel=\"canonical\" href=\"https:\/\/www.carideal.com\/blog\/2014\/02\/17\/la-qoros-3-hatch-en-presentation-a-geneve\/\" \/>\n<meta property=\"og:locale\" content=\"fr_FR\" \/>\n<meta property=\"og:type\" content=\"article\" \/>\n<meta property=\"og:title\" content=\"La Qoros 3 Hatch en pr\u00e9sentation \u00e0 Gen\u00e8ve - Blog auto Carid\u00e9al\" \/>\n<meta property=\"og:description\" content=\"Le nouveau mod\u00e8le de la marque chinoise Qoros rejoint la version \u00e0 trois portes de la berline, revendique un espace int\u00e9rieur de premier ordre\" \/>\n<meta property=\"og:url\" content=\"https:\/\/www.carideal.com\/blog\/2014\/02\/17\/la-qoros-3-hatch-en-presentation-a-geneve\/\" \/>\n<meta property=\"og:site_name\" content=\"Blog auto Carid\u00e9al\" \/>\n<meta property=\"article:publisher\" content=\"https:\/\/www.facebook.com\/Carideal.mandataire.automobile\" \/>\n<meta property=\"article:author\" content=\"https:\/\/www.facebook.com\/Carideal.mandataire.automobile\/\" \/>\n<meta property=\"article:published_time\" content=\"2014-02-17T19:56:00+00:00\" \/>\n<meta property=\"article:modified_time\" content=\"2017-12-14T22:04:58+00:00\" \/>\n<meta property=\"og:image\" content=\"https:\/\/www.carideal.com\/blog\/wp-content\/uploads\/2014\/02\/Qoros-3-Hatch-carideal-mandataire-automobile_m.jpg\" \/>\n\t<meta property=\"og:image:width\" content=\"448\" \/>\n\t<meta property=\"og:image:height\" content=\"280\" \/>\n\t<meta property=\"og:image:type\" content=\"image\/jpeg\" \/>\n<meta name=\"author\" content=\"N.S Carideal\" \/>\n<meta name=\"twitter:card\" content=\"summary_large_image\" \/>\n<meta name=\"twitter:creator\" content=\"@caridealauto\" \/>\n<meta name=\"twitter:site\" content=\"@caridealauto\" \/>\n<meta name=\"twitter:label1\" content=\"\u00c9crit par\" \/>\n\t<meta name=\"twitter:data1\" content=\"N.S Carideal\" \/>\n\t<meta name=\"twitter:label2\" content=\"Dur\u00e9e de lecture estim\u00e9e\" \/>\n\t<meta name=\"twitter:data2\" content=\"3 minutes\" \/>\n<script type=\"application\/ld+json\" class=\"yoast-schema-graph\">{\"@context\":\"https:\/\/schema.org\",\"@graph\":[{\"@type\":\"Article\",\"@id\":\"https:\/\/www.carideal.com\/blog\/2014\/02\/17\/la-qoros-3-hatch-en-presentation-a-geneve\/#article\",\"isPartOf\":{\"@id\":\"https:\/\/www.carideal.com\/blog\/2014\/02\/17\/la-qoros-3-hatch-en-presentation-a-geneve\/\"},\"author\":{\"name\":\"N.S Carideal\",\"@id\":\"https:\/\/www.carideal.com\/blog\/#\/schema\/person\/985c7e757d1042d647f21bfaf8d41ebc\"},\"headline\":\"La Qoros 3 Hatch en pr\u00e9sentation \u00e0 Gen\u00e8ve\",\"datePublished\":\"2014-02-17T19:56:00+00:00\",\"dateModified\":\"2017-12-14T22:04:58+00:00\",\"mainEntityOfPage\":{\"@id\":\"https:\/\/www.carideal.com\/blog\/2014\/02\/17\/la-qoros-3-hatch-en-presentation-a-geneve\/\"},\"wordCount\":651,\"commentCount\":0,\"publisher\":{\"@id\":\"https:\/\/www.carideal.com\/blog\/#organization\"},\"image\":{\"@id\":\"https:\/\/www.carideal.com\/blog\/2014\/02\/17\/la-qoros-3-hatch-en-presentation-a-geneve\/#primaryimage\"},\"thumbnailUrl\":\"https:\/\/www.carideal.com\/blog\/wp-content\/uploads\/2014\/02\/Qoros-3-Hatch-carideal-mandataire-automobile_m.jpg\",\"articleSection\":[\"Berlines\",\"March\u00e9 automobile\",\"Salon automobile\",\"Salon de Gen\u00e8ve\",\"Type de v\u00e9hicule\"],\"inLanguage\":\"fr-FR\",\"potentialAction\":[{\"@type\":\"CommentAction\",\"name\":\"Comment\",\"target\":[\"https:\/\/www.carideal.com\/blog\/2014\/02\/17\/la-qoros-3-hatch-en-presentation-a-geneve\/#respond\"]}]},{\"@type\":\"WebPage\",\"@id\":\"https:\/\/www.carideal.com\/blog\/2014\/02\/17\/la-qoros-3-hatch-en-presentation-a-geneve\/\",\"url\":\"https:\/\/www.carideal.com\/blog\/2014\/02\/17\/la-qoros-3-hatch-en-presentation-a-geneve\/\",\"name\":\"La Qoros 3 Hatch en pr\u00e9sentation \u00e0 Gen\u00e8ve - Blog auto Carid\u00e9al\",\"isPartOf\":{\"@id\":\"https:\/\/www.carideal.com\/blog\/#website\"},\"primaryImageOfPage\":{\"@id\":\"https:\/\/www.carideal.com\/blog\/2014\/02\/17\/la-qoros-3-hatch-en-presentation-a-geneve\/#primaryimage\"},\"image\":{\"@id\":\"https:\/\/www.carideal.com\/blog\/2014\/02\/17\/la-qoros-3-hatch-en-presentation-a-geneve\/#primaryimage\"},\"thumbnailUrl\":\"https:\/\/www.carideal.com\/blog\/wp-content\/uploads\/2014\/02\/Qoros-3-Hatch-carideal-mandataire-automobile_m.jpg\",\"datePublished\":\"2014-02-17T19:56:00+00:00\",\"dateModified\":\"2017-12-14T22:04:58+00:00\",\"description\":\"Le nouveau mod\u00e8le de la marque chinoise Qoros rejoint la version \u00e0 trois portes de la berline, revendique un espace int\u00e9rieur de premier ordre\",\"breadcrumb\":{\"@id\":\"https:\/\/www.carideal.com\/blog\/2014\/02\/17\/la-qoros-3-hatch-en-presentation-a-geneve\/#breadcrumb\"},\"inLanguage\":\"fr-FR\",\"potentialAction\":[{\"@type\":\"ReadAction\",\"target\":[\"https:\/\/www.carideal.com\/blog\/2014\/02\/17\/la-qoros-3-hatch-en-presentation-a-geneve\/\"]}]},{\"@type\":\"ImageObject\",\"inLanguage\":\"fr-FR\",\"@id\":\"https:\/\/www.carideal.com\/blog\/2014\/02\/17\/la-qoros-3-hatch-en-presentation-a-geneve\/#primaryimage\",\"url\":\"https:\/\/www.carideal.com\/blog\/wp-content\/uploads\/2014\/02\/Qoros-3-Hatch-carideal-mandataire-automobile_m.jpg\",\"contentUrl\":\"https:\/\/www.carideal.com\/blog\/wp-content\/uploads\/2014\/02\/Qoros-3-Hatch-carideal-mandataire-automobile_m.jpg\",\"width\":448,\"height\":280,\"caption\":\"Qoros 3 Hatch \u00e0 Gen\u00e8ve\"},{\"@type\":\"BreadcrumbList\",\"@id\":\"https:\/\/www.carideal.com\/blog\/2014\/02\/17\/la-qoros-3-hatch-en-presentation-a-geneve\/#breadcrumb\",\"itemListElement\":[{\"@type\":\"ListItem\",\"position\":1,\"name\":\"Blog Carid\u00e9al\",\"item\":\"https:\/\/www.carideal.com\/blog\/\"},{\"@type\":\"ListItem\",\"position\":2,\"name\":\"March\u00e9 automobile\",\"item\":\"https:\/\/www.carideal.com\/blog\/marche-automobile-voiture-neuve-occasion-4x4-suv\/\"},{\"@type\":\"ListItem\",\"position\":3,\"name\":\"La Qoros 3 Hatch en pr\u00e9sentation \u00e0 Gen\u00e8ve\"}]},{\"@type\":\"WebSite\",\"@id\":\"https:\/\/www.carideal.com\/blog\/#website\",\"url\":\"https:\/\/www.carideal.com\/blog\/\",\"name\":\"Blog auto Carid\u00e9al\",\"description\":\"Actualit\u00e9 auto par des passionn\u00e9s\",\"publisher\":{\"@id\":\"https:\/\/www.carideal.com\/blog\/#organization\"},\"potentialAction\":[{\"@type\":\"SearchAction\",\"target\":{\"@type\":\"EntryPoint\",\"urlTemplate\":\"https:\/\/www.carideal.com\/blog\/?s={search_term_string}\"},\"query-input\":{\"@type\":\"PropertyValueSpecification\",\"valueRequired\":true,\"valueName\":\"search_term_string\"}}],\"inLanguage\":\"fr-FR\"},{\"@type\":\"Organization\",\"@id\":\"https:\/\/www.carideal.com\/blog\/#organization\",\"name\":\"Carideal\",\"url\":\"https:\/\/www.carideal.com\/blog\/\",\"logo\":{\"@type\":\"ImageObject\",\"inLanguage\":\"fr-FR\",\"@id\":\"https:\/\/www.carideal.com\/blog\/#\/schema\/logo\/image\/\",\"url\":\"http:\/\/www.carideal.com\/blog\/wp-content\/uploads\/2016\/03\/logo-carideal-mandataire-automobile.png\",\"contentUrl\":\"http:\/\/www.carideal.com\/blog\/wp-content\/uploads\/2016\/03\/logo-carideal-mandataire-automobile.png\",\"width\":300,\"height\":300,\"caption\":\"Carideal\"},\"image\":{\"@id\":\"https:\/\/www.carideal.com\/blog\/#\/schema\/logo\/image\/\"},\"sameAs\":[\"https:\/\/www.facebook.com\/Carideal.mandataire.automobile\",\"https:\/\/x.com\/caridealauto\",\"https:\/\/www.instagram.com\/carideal1\/\",\"https:\/\/www.linkedin.com\/company\/carideal.com\",\"https:\/\/fr.pinterest.com\/schiavonsas\/\",\"https:\/\/www.youtube.com\/user\/caridealsas\"]},{\"@type\":\"Person\",\"@id\":\"https:\/\/www.carideal.com\/blog\/#\/schema\/person\/985c7e757d1042d647f21bfaf8d41ebc\",\"name\":\"N.S Carideal\",\"image\":{\"@type\":\"ImageObject\",\"inLanguage\":\"fr-FR\",\"@id\":\"https:\/\/www.carideal.com\/blog\/#\/schema\/person\/image\/\",\"url\":\"https:\/\/secure.gravatar.com\/avatar\/edb7ccdf1a4e3d14aef967760d354d0e?s=96&r=g\",\"contentUrl\":\"https:\/\/secure.gravatar.com\/avatar\/edb7ccdf1a4e3d14aef967760d354d0e?s=96&r=g\",\"caption\":\"N.S Carideal\"},\"description\":\"Depuis tout petit fan d'automobile. Il est question d'essayer et de comparer toutes ces voitures qui nous ont fait r\u00e9ver, avant que celles-ci ne devient uniquement des voitures de collection.\",\"sameAs\":[\"http:\/\/www.carideal.com\/blog\",\"https:\/\/www.facebook.com\/Carideal.mandataire.automobile\/\",\"https:\/\/www.linkedin.com\/in\/nschiavon\/\",\"https:\/\/www.youtube.com\/user\/caridealsas\/\"],\"url\":\"https:\/\/www.carideal.com\/blog\/author\/admin_carideal\/\"}]}<\/script>\n<!-- \/ Yoast SEO plugin. -->","yoast_head_json":{"title":"La Qoros 3 Hatch en pr\u00e9sentation \u00e0 Gen\u00e8ve - Blog auto Carid\u00e9al","description":"Le nouveau mod\u00e8le de la marque chinoise Qoros rejoint la version \u00e0 trois portes de la berline, revendique un espace int\u00e9rieur de premier ordre","robots":{"index":"index","follow":"follow","max-snippet":"max-snippet:-1","max-image-preview":"max-image-preview:large","max-video-preview":"max-video-preview:-1"},"canonical":"https:\/\/www.carideal.com\/blog\/2014\/02\/17\/la-qoros-3-hatch-en-presentation-a-geneve\/","og_locale":"fr_FR","og_type":"article","og_title":"La Qoros 3 Hatch en pr\u00e9sentation \u00e0 Gen\u00e8ve - Blog auto Carid\u00e9al","og_description":"Le nouveau mod\u00e8le de la marque chinoise Qoros rejoint la version \u00e0 trois portes de la berline, revendique un espace int\u00e9rieur de premier ordre","og_url":"https:\/\/www.carideal.com\/blog\/2014\/02\/17\/la-qoros-3-hatch-en-presentation-a-geneve\/","og_site_name":"Blog auto Carid\u00e9al","article_publisher":"https:\/\/www.facebook.com\/Carideal.mandataire.automobile","article_author":"https:\/\/www.facebook.com\/Carideal.mandataire.automobile\/","article_published_time":"2014-02-17T19:56:00+00:00","article_modified_time":"2017-12-14T22:04:58+00:00","og_image":[{"width":448,"height":280,"url":"https:\/\/www.carideal.com\/blog\/wp-content\/uploads\/2014\/02\/Qoros-3-Hatch-carideal-mandataire-automobile_m.jpg","type":"image\/jpeg"}],"author":"N.S Carideal","twitter_card":"summary_large_image","twitter_creator":"@caridealauto","twitter_site":"@caridealauto","twitter_misc":{"\u00c9crit par":"N.S Carideal","Dur\u00e9e de lecture estim\u00e9e":"3 minutes"},"schema":{"@context":"https:\/\/schema.org","@graph":[{"@type":"Article","@id":"https:\/\/www.carideal.com\/blog\/2014\/02\/17\/la-qoros-3-hatch-en-presentation-a-geneve\/#article","isPartOf":{"@id":"https:\/\/www.carideal.com\/blog\/2014\/02\/17\/la-qoros-3-hatch-en-presentation-a-geneve\/"},"author":{"name":"N.S Carideal","@id":"https:\/\/www.carideal.com\/blog\/#\/schema\/person\/985c7e757d1042d647f21bfaf8d41ebc"},"headline":"La Qoros 3 Hatch en pr\u00e9sentation \u00e0 Gen\u00e8ve","datePublished":"2014-02-17T19:56:00+00:00","dateModified":"2017-12-14T22:04:58+00:00","mainEntityOfPage":{"@id":"https:\/\/www.carideal.com\/blog\/2014\/02\/17\/la-qoros-3-hatch-en-presentation-a-geneve\/"},"wordCount":651,"commentCount":0,"publisher":{"@id":"https:\/\/www.carideal.com\/blog\/#organization"},"image":{"@id":"https:\/\/www.carideal.com\/blog\/2014\/02\/17\/la-qoros-3-hatch-en-presentation-a-geneve\/#primaryimage"},"thumbnailUrl":"https:\/\/www.carideal.com\/blog\/wp-content\/uploads\/2014\/02\/Qoros-3-Hatch-carideal-mandataire-automobile_m.jpg","articleSection":["Berlines","March\u00e9 automobile","Salon automobile","Salon de Gen\u00e8ve","Type de v\u00e9hicule"],"inLanguage":"fr-FR","potentialAction":[{"@type":"CommentAction","name":"Comment","target":["https:\/\/www.carideal.com\/blog\/2014\/02\/17\/la-qoros-3-hatch-en-presentation-a-geneve\/#respond"]}]},{"@type":"WebPage","@id":"https:\/\/www.carideal.com\/blog\/2014\/02\/17\/la-qoros-3-hatch-en-presentation-a-geneve\/","url":"https:\/\/www.carideal.com\/blog\/2014\/02\/17\/la-qoros-3-hatch-en-presentation-a-geneve\/","name":"La Qoros 3 Hatch en pr\u00e9sentation \u00e0 Gen\u00e8ve - Blog auto Carid\u00e9al","isPartOf":{"@id":"https:\/\/www.carideal.com\/blog\/#website"},"primaryImageOfPage":{"@id":"https:\/\/www.carideal.com\/blog\/2014\/02\/17\/la-qoros-3-hatch-en-presentation-a-geneve\/#primaryimage"},"image":{"@id":"https:\/\/www.carideal.com\/blog\/2014\/02\/17\/la-qoros-3-hatch-en-presentation-a-geneve\/#primaryimage"},"thumbnailUrl":"https:\/\/www.carideal.com\/blog\/wp-content\/uploads\/2014\/02\/Qoros-3-Hatch-carideal-mandataire-automobile_m.jpg","datePublished":"2014-02-17T19:56:00+00:00","dateModified":"2017-12-14T22:04:58+00:00","description":"Le nouveau mod\u00e8le de la marque chinoise Qoros rejoint la version \u00e0 trois portes de la berline, revendique un espace int\u00e9rieur de premier ordre","breadcrumb":{"@id":"https:\/\/www.carideal.com\/blog\/2014\/02\/17\/la-qoros-3-hatch-en-presentation-a-geneve\/#breadcrumb"},"inLanguage":"fr-FR","potentialAction":[{"@type":"ReadAction","target":["https:\/\/www.carideal.com\/blog\/2014\/02\/17\/la-qoros-3-hatch-en-presentation-a-geneve\/"]}]},{"@type":"ImageObject","inLanguage":"fr-FR","@id":"https:\/\/www.carideal.com\/blog\/2014\/02\/17\/la-qoros-3-hatch-en-presentation-a-geneve\/#primaryimage","url":"https:\/\/www.carideal.com\/blog\/wp-content\/uploads\/2014\/02\/Qoros-3-Hatch-carideal-mandataire-automobile_m.jpg","contentUrl":"https:\/\/www.carideal.com\/blog\/wp-content\/uploads\/2014\/02\/Qoros-3-Hatch-carideal-mandataire-automobile_m.jpg","width":448,"height":280,"caption":"Qoros 3 Hatch \u00e0 Gen\u00e8ve"},{"@type":"BreadcrumbList","@id":"https:\/\/www.carideal.com\/blog\/2014\/02\/17\/la-qoros-3-hatch-en-presentation-a-geneve\/#breadcrumb","itemListElement":[{"@type":"ListItem","position":1,"name":"Blog Carid\u00e9al","item":"https:\/\/www.carideal.com\/blog\/"},{"@type":"ListItem","position":2,"name":"March\u00e9 automobile","item":"https:\/\/www.carideal.com\/blog\/marche-automobile-voiture-neuve-occasion-4x4-suv\/"},{"@type":"ListItem","position":3,"name":"La Qoros 3 Hatch en pr\u00e9sentation \u00e0 Gen\u00e8ve"}]},{"@type":"WebSite","@id":"https:\/\/www.carideal.com\/blog\/#website","url":"https:\/\/www.carideal.com\/blog\/","name":"Blog auto Carid\u00e9al","description":"Actualit\u00e9 auto par des passionn\u00e9s","publisher":{"@id":"https:\/\/www.carideal.com\/blog\/#organization"},"potentialAction":[{"@type":"SearchAction","target":{"@type":"EntryPoint","urlTemplate":"https:\/\/www.carideal.com\/blog\/?s={search_term_string}"},"query-input":{"@type":"PropertyValueSpecification","valueRequired":true,"valueName":"search_term_string"}}],"inLanguage":"fr-FR"},{"@type":"Organization","@id":"https:\/\/www.carideal.com\/blog\/#organization","name":"Carideal","url":"https:\/\/www.carideal.com\/blog\/","logo":{"@type":"ImageObject","inLanguage":"fr-FR","@id":"https:\/\/www.carideal.com\/blog\/#\/schema\/logo\/image\/","url":"http:\/\/www.carideal.com\/blog\/wp-content\/uploads\/2016\/03\/logo-carideal-mandataire-automobile.png","contentUrl":"http:\/\/www.carideal.com\/blog\/wp-content\/uploads\/2016\/03\/logo-carideal-mandataire-automobile.png","width":300,"height":300,"caption":"Carideal"},"image":{"@id":"https:\/\/www.carideal.com\/blog\/#\/schema\/logo\/image\/"},"sameAs":["https:\/\/www.facebook.com\/Carideal.mandataire.automobile","https:\/\/x.com\/caridealauto","https:\/\/www.instagram.com\/carideal1\/","https:\/\/www.linkedin.com\/company\/carideal.com","https:\/\/fr.pinterest.com\/schiavonsas\/","https:\/\/www.youtube.com\/user\/caridealsas"]},{"@type":"Person","@id":"https:\/\/www.carideal.com\/blog\/#\/schema\/person\/985c7e757d1042d647f21bfaf8d41ebc","name":"N.S Carideal","image":{"@type":"ImageObject","inLanguage":"fr-FR","@id":"https:\/\/www.carideal.com\/blog\/#\/schema\/person\/image\/","url":"https:\/\/secure.gravatar.com\/avatar\/edb7ccdf1a4e3d14aef967760d354d0e?s=96&r=g","contentUrl":"https:\/\/secure.gravatar.com\/avatar\/edb7ccdf1a4e3d14aef967760d354d0e?s=96&r=g","caption":"N.S Carideal"},"description":"Depuis tout petit fan d'automobile. Il est question d'essayer et de comparer toutes ces voitures qui nous ont fait r\u00e9ver, avant que celles-ci ne devient uniquement des voitures de collection.","sameAs":["http:\/\/www.carideal.com\/blog","https:\/\/www.facebook.com\/Carideal.mandataire.automobile\/","https:\/\/www.linkedin.com\/in\/nschiavon\/","https:\/\/www.youtube.com\/user\/caridealsas\/"],"url":"https:\/\/www.carideal.com\/blog\/author\/admin_carideal\/"}]}},"uagb_featured_image_src":{"full":["https:\/\/www.carideal.com\/blog\/wp-content\/uploads\/2014\/02\/Qoros-3-Hatch-carideal-mandataire-automobile_m.jpg",448,280,false],"thumbnail":["https:\/\/www.carideal.com\/blog\/wp-content\/uploads\/2014\/02\/Qoros-3-Hatch-carideal-mandataire-automobile_m-150x150.jpg",150,150,true],"medium":["https:\/\/www.carideal.com\/blog\/wp-content\/uploads\/2014\/02\/Qoros-3-Hatch-carideal-mandataire-automobile_m-300x188.jpg",300,188,true],"medium_large":["https:\/\/www.carideal.com\/blog\/wp-content\/uploads\/2014\/02\/Qoros-3-Hatch-carideal-mandataire-automobile_m.jpg",448,280,false],"large":["https:\/\/www.carideal.com\/blog\/wp-content\/uploads\/2014\/02\/Qoros-3-Hatch-carideal-mandataire-automobile_m.jpg",448,280,false],"1536x1536":["https:\/\/www.carideal.com\/blog\/wp-content\/uploads\/2014\/02\/Qoros-3-Hatch-carideal-mandataire-automobile_m.jpg",448,280,false],"2048x2048":["https:\/\/www.carideal.com\/blog\/wp-content\/uploads\/2014\/02\/Qoros-3-Hatch-carideal-mandataire-automobile_m.jpg",448,280,false],"wppr-widget":["https:\/\/www.carideal.com\/blog\/wp-content\/uploads\/2014\/02\/Qoros-3-Hatch-carideal-mandataire-automobile_m.jpg",50,31,false]},"uagb_author_info":{"display_name":"N.S Carideal","author_link":"https:\/\/www.carideal.com\/blog\/author\/admin_carideal\/"},"uagb_comment_info":0,"uagb_excerpt":"Qoros 3 hatchback\u00a0r\u00e9v\u00e9l\u00e9e\u00a0\u00e0 Gen\u00e8ve Qoros est tr\u00e8s fier d'avoir vu sa 3 Sedan, sa berline compacte \u00e0 coffre recevoir le titre de voiture la plus s\u00fbr en 2013 par l'organisme EuroNCAP. Il ne remet le couvert avec sa version, Hatch, c'est \u00e0 dire avec un hayon sans coffre plus conforme aux attentes des clients europ\u00e9ens.\u2026","_links":{"self":[{"href":"https:\/\/www.carideal.com\/blog\/wp-json\/wp\/v2\/posts\/1497"}],"collection":[{"href":"https:\/\/www.carideal.com\/blog\/wp-json\/wp\/v2\/posts"}],"about":[{"href":"https:\/\/www.carideal.com\/blog\/wp-json\/wp\/v2\/types\/post"}],"author":[{"embeddable":true,"href":"https:\/\/www.carideal.com\/blog\/wp-json\/wp\/v2\/users\/1"}],"replies":[{"embeddable":true,"href":"https:\/\/www.carideal.com\/blog\/wp-json\/wp\/v2\/comments?post=1497"}],"version-history":[{"count":0,"href":"https:\/\/www.carideal.com\/blog\/wp-json\/wp\/v2\/posts\/1497\/revisions"}],"wp:featuredmedia":[{"embeddable":true,"href":"https:\/\/www.carideal.com\/blog\/wp-json\/wp\/v2\/media\/16710"}],"wp:attachment":[{"href":"https:\/\/www.carideal.com\/blog\/wp-json\/wp\/v2\/media?parent=1497"}],"wp:term":[{"taxonomy":"category","embeddable":true,"href":"https:\/\/www.carideal.com\/blog\/wp-json\/wp\/v2\/categories?post=1497"},{"taxonomy":"post_tag","embeddable":true,"href":"https:\/\/www.carideal.com\/blog\/wp-json\/wp\/v2\/tags?post=1497"}],"curies":[{"name":"wp","href":"https:\/\/api.w.org\/{rel}","templated":true}]}}