{"id":14953,"date":"2017-01-24T18:33:17","date_gmt":"2017-01-24T17:33:17","guid":{"rendered":"http:\/\/www.carideal.com\/blog\/?p=14953"},"modified":"2020-03-15T12:47:34","modified_gmt":"2020-03-15T11:47:34","slug":"suv-mercedes-maybach-confirme-detroit","status":"publish","type":"post","link":"https:\/\/www.carideal.com\/blog\/2017\/01\/24\/suv-mercedes-maybach-confirme-detroit\/","title":{"rendered":"Le SUV Mercedes Maybach confirm\u00e9 \u00e0 Detroit"},"content":{"rendered":"<h1><strong>Le futur SUV Mercedes Maybach a \u00e9t\u00e9 confirm\u00e9 \u00e0 Detroit<\/strong><\/h1>\n<p>Un SUV Maybach est sur le point de voir le jour, avec des motorisations \u00e9lectriques pour la marque de luxe Mercedes.<\/p>\n<p>Un <a href=\"http:\/\/www.carideal.com\/blog\/type-de-vehicule\/suv\/\">SUV<\/a> Mercedes Maybach a \u00e9t\u00e9 confirm\u00e9 pour entrer en\u00a0production apr\u00e8s des ann\u00e9es de sp\u00e9culation. Dr. Dieter Zetsche, PDG de <a href=\"http:\/\/www.carideal.com\/blog\/marque-de-voiture-actualites-essais\/mercedes\/\">Mercedes-Benz<\/a>, a fait l'annonce au <a href=\"http:\/\/www.carideal.com\/blog\/salons\/salon-detroit\/\">Salon de Detroit<\/a> de 2017, en disant \u00e0 la presse: \"J'aimerais vous dire que vous allez le voir, mais pas encore.\"<\/p>\n<p>Le concepteur en chef de Mercedes, Gorden Wagoner, avait d\u00e9j\u00e0 dit que Maybach, comme <a href=\"http:\/\/www.carideal.com\/blog\/tag\/amg\/\">AMG<\/a>, pourrait avoir ses propres mod\u00e8les de signature plut\u00f4t que de les baser sur les voitures existantes. Un nouveau SUV se pr\u00eaterait id\u00e9alement \u00e0 cela, permettant \u00e0 Wagoner et \u00e0 son \u00e9quipe de produire un v\u00e9hicule qu'il d\u00e9crit comme l'incarnation du \u00abluxe moderne\u00bb.<\/p>\n<p>\u2022\u00a0<a href=\"http:\/\/www.carideal.com\/blog\/2008\/03\/25\/guide-d-achat-des-suv-compact-diesel\/\">Guide d'achat des SUV compacts diesel<\/a><\/p>\n<p>\"Mercedes Maybach est tout \u00e0 fait pr\u00eat pour le luxe moderne,\" dit Wagoner, l\u00e0 o\u00f9 d'autres concurrents super luxe adoptent une approche plus traditionnelle. La diff\u00e9rence est que le luxe moderne est un peu plus de bon go\u00fbt. \"<br \/>\nDans un entretien s\u00e9par\u00e9 avec le vice pr\u00e9sident de Mercedes pour le marketing, le Dr Jens Thiemer, il a dit Auto que l'\u00e9lectrification serait \u00e9galement pr\u00e9vu pour la\u00a0marque Maybach. \"Notre strat\u00e9gie pour notre sous-marque avec Maybach colle exactement, elle\u00a0va tr\u00e8s bien se positionner. Nous avons vendu plus de 10.000 voitures avec les d\u00e9riv\u00e9s de la <a href=\"http:\/\/www.carideal.com\/blog\/marque-de-voiture-actualites-essais\/mercedes\/mercedes-classe-s\/\">Classe S<\/a> - et la gamme de\u00a0produits sera \u00e9tendu.<\/p>\n<p>\u2022 <a href=\"http:\/\/www.carideal.com\/blog\/2016\/02\/14\/mercedes-glc-coupe-2016-en-octobre\/\">Mercedes GLC\u00a0SUV<\/a><\/p>\n<p>Mercedes a annonc\u00e9 vouloir EQ-iser\u00a0la gamme de ses voitures, Le constructeur allemand a pr\u00e9cis\u00e9 \u00e9galement vouloir des\u00a0voitures \u00e9lectriques dans la gamme\u00a0Mercedes AMG et Mercedes Maybach, donc c'est dit, nous allons avoir pas mal de nouveaux mod\u00e8les chez le constructeur.<\/p>\n<h2>Le Futur SUV Mercedes Maybach<\/h2>\n<p>L'\u00e9lectrification des voitures va se g\u00e9n\u00e9raliser, et Mercedes dit vouloir se pr\u00e9parer. Il arrivera un moment o\u00f9 le portefeuille complet du constructeur sera\u00a0\u00e9lectrifi\u00e9 - qu'il s'agisse de <a href=\"http:\/\/www.carideal.com\/blog\/technologie-2\/hybride\/\">moteurs hybrides<\/a> ou de <a href=\"http:\/\/www.carideal.com\/blog\/technologie-2\/electrique-technologie-2\/\">voitures\u00a0100 % \u00e9lectriques<\/a>.<\/p>\n<p>Que pensez-vous de l'arriv\u00e9e de\u00a0nouveaux SUV super-luxe sur nos routes ? Faites-nous savoir dans les commentaires ci-dessous ...<\/p>\n","protected":false},"excerpt":{"rendered":"<p>Le futur SUV Mercedes Maybach a \u00e9t\u00e9 confirm\u00e9 \u00e0 Detroit Un SUV Maybach est sur le point de voir le jour, avec des motorisations \u00e9lectriques pour la marque de luxe Mercedes. Un SUV Mercedes Maybach a \u00e9t\u00e9 confirm\u00e9 pour entrer en\u00a0production apr\u00e8s des ann\u00e9es de sp\u00e9culation. Dr. Dieter Zetsche, PDG de Mercedes-Benz, a fait l&rsquo;annonce &#8230; <a title=\"Le SUV Mercedes Maybach confirm\u00e9 \u00e0 Detroit\" class=\"read-more\" href=\"https:\/\/www.carideal.com\/blog\/2017\/01\/24\/suv-mercedes-maybach-confirme-detroit\/\" aria-label=\"En savoir plus sur Le SUV Mercedes Maybach confirm\u00e9 \u00e0 Detroit\">Lire plus<\/a><\/p>\n","protected":false},"author":3,"featured_media":14956,"comment_status":"open","ping_status":"open","sticky":false,"template":"","format":"standard","meta":{"_uag_custom_page_level_css":"","_themeisle_gutenberg_block_has_review":false,"footnotes":""},"categories":[2,21,5995,5972,6202,5974],"tags":[],"class_list":["post-14953","post","type-post","status-publish","format-standard","has-post-thumbnail","hentry","category-4x4-suv","category-actualites-auto","category-mercedes","category-salons","category-salon-detroit","category-type-de-vehicule"],"wppr_data":{"cwp_meta_box_check":"No"},"yoast_head":"<!-- This site is optimized with the Yoast SEO plugin v24.8.1 - https:\/\/yoast.com\/wordpress\/plugins\/seo\/ -->\n<title>Le SUV Mercedes Maybach confirm\u00e9 \u00e0 Detroit - Blog auto Carid\u00e9al<\/title>\n<meta name=\"description\" content=\"Un SUV Mercedes Maybach a \u00e9t\u00e9 confirm\u00e9 pour entrer en production apr\u00e8s des ann\u00e9es de sp\u00e9culation. Le PDG de Mercedes l&#039;a annonc\u00e9 au salon de D\u00e9troit 2017\" \/>\n<meta name=\"robots\" content=\"index, follow, max-snippet:-1, max-image-preview:large, max-video-preview:-1\" \/>\n<link rel=\"canonical\" href=\"https:\/\/www.carideal.com\/blog\/2017\/01\/24\/suv-mercedes-maybach-confirme-detroit\/\" \/>\n<meta property=\"og:locale\" content=\"fr_FR\" \/>\n<meta property=\"og:type\" content=\"article\" \/>\n<meta property=\"og:title\" content=\"Le SUV Mercedes Maybach confirm\u00e9 \u00e0 Detroit - Blog auto Carid\u00e9al\" \/>\n<meta property=\"og:description\" content=\"Un SUV Mercedes Maybach a \u00e9t\u00e9 confirm\u00e9 pour entrer en production apr\u00e8s des ann\u00e9es de sp\u00e9culation. Le PDG de Mercedes l&#039;a annonc\u00e9 au salon de D\u00e9troit 2017\" \/>\n<meta property=\"og:url\" content=\"https:\/\/www.carideal.com\/blog\/2017\/01\/24\/suv-mercedes-maybach-confirme-detroit\/\" \/>\n<meta property=\"og:site_name\" content=\"Blog auto Carid\u00e9al\" \/>\n<meta property=\"article:publisher\" content=\"https:\/\/www.facebook.com\/Carideal.mandataire.automobile\" \/>\n<meta property=\"article:author\" content=\"https:\/\/www.facebook.com\/nicolas.schiavon.39\" \/>\n<meta property=\"article:published_time\" content=\"2017-01-24T17:33:17+00:00\" \/>\n<meta property=\"article:modified_time\" content=\"2020-03-15T11:47:34+00:00\" \/>\n<meta property=\"og:image\" content=\"https:\/\/www.carideal.com\/blog\/wp-content\/uploads\/2017\/01\/suv-mercedes-maybach.jpg\" \/>\n\t<meta property=\"og:image:width\" content=\"800\" \/>\n\t<meta property=\"og:image:height\" content=\"395\" \/>\n\t<meta property=\"og:image:type\" content=\"image\/jpeg\" \/>\n<meta name=\"author\" content=\"Nicolas SCHIAVON\" \/>\n<meta name=\"twitter:card\" content=\"summary_large_image\" \/>\n<meta name=\"twitter:creator\" content=\"@caridealauto\" \/>\n<meta name=\"twitter:site\" content=\"@caridealauto\" \/>\n<meta name=\"twitter:label1\" content=\"\u00c9crit par\" \/>\n\t<meta name=\"twitter:data1\" content=\"Nicolas SCHIAVON\" \/>\n\t<meta name=\"twitter:label2\" content=\"Dur\u00e9e de lecture estim\u00e9e\" \/>\n\t<meta name=\"twitter:data2\" content=\"2 minutes\" \/>\n<script type=\"application\/ld+json\" class=\"yoast-schema-graph\">{\"@context\":\"https:\/\/schema.org\",\"@graph\":[{\"@type\":\"Article\",\"@id\":\"https:\/\/www.carideal.com\/blog\/2017\/01\/24\/suv-mercedes-maybach-confirme-detroit\/#article\",\"isPartOf\":{\"@id\":\"https:\/\/www.carideal.com\/blog\/2017\/01\/24\/suv-mercedes-maybach-confirme-detroit\/\"},\"author\":{\"name\":\"Nicolas SCHIAVON\",\"@id\":\"https:\/\/www.carideal.com\/blog\/#\/schema\/person\/cd95dc7919660de90d31b366f85be1ec\"},\"headline\":\"Le SUV Mercedes Maybach confirm\u00e9 \u00e0 Detroit\",\"datePublished\":\"2017-01-24T17:33:17+00:00\",\"dateModified\":\"2020-03-15T11:47:34+00:00\",\"mainEntityOfPage\":{\"@id\":\"https:\/\/www.carideal.com\/blog\/2017\/01\/24\/suv-mercedes-maybach-confirme-detroit\/\"},\"wordCount\":373,\"commentCount\":0,\"publisher\":{\"@id\":\"https:\/\/www.carideal.com\/blog\/#organization\"},\"image\":{\"@id\":\"https:\/\/www.carideal.com\/blog\/2017\/01\/24\/suv-mercedes-maybach-confirme-detroit\/#primaryimage\"},\"thumbnailUrl\":\"https:\/\/www.carideal.com\/blog\/wp-content\/uploads\/2017\/01\/suv-mercedes-maybach.jpg\",\"articleSection\":[\"4X4 Actualit\u00e9\",\"Actualit\u00e9 automobile\",\"Actualit\u00e9 Mercedes\",\"Salon automobile\",\"Salon de Detroit\",\"Type de v\u00e9hicule\"],\"inLanguage\":\"fr-FR\",\"potentialAction\":[{\"@type\":\"CommentAction\",\"name\":\"Comment\",\"target\":[\"https:\/\/www.carideal.com\/blog\/2017\/01\/24\/suv-mercedes-maybach-confirme-detroit\/#respond\"]}]},{\"@type\":\"WebPage\",\"@id\":\"https:\/\/www.carideal.com\/blog\/2017\/01\/24\/suv-mercedes-maybach-confirme-detroit\/\",\"url\":\"https:\/\/www.carideal.com\/blog\/2017\/01\/24\/suv-mercedes-maybach-confirme-detroit\/\",\"name\":\"Le SUV Mercedes Maybach confirm\u00e9 \u00e0 Detroit - Blog auto Carid\u00e9al\",\"isPartOf\":{\"@id\":\"https:\/\/www.carideal.com\/blog\/#website\"},\"primaryImageOfPage\":{\"@id\":\"https:\/\/www.carideal.com\/blog\/2017\/01\/24\/suv-mercedes-maybach-confirme-detroit\/#primaryimage\"},\"image\":{\"@id\":\"https:\/\/www.carideal.com\/blog\/2017\/01\/24\/suv-mercedes-maybach-confirme-detroit\/#primaryimage\"},\"thumbnailUrl\":\"https:\/\/www.carideal.com\/blog\/wp-content\/uploads\/2017\/01\/suv-mercedes-maybach.jpg\",\"datePublished\":\"2017-01-24T17:33:17+00:00\",\"dateModified\":\"2020-03-15T11:47:34+00:00\",\"description\":\"Un SUV Mercedes Maybach a \u00e9t\u00e9 confirm\u00e9 pour entrer en production apr\u00e8s des ann\u00e9es de sp\u00e9culation. Le PDG de Mercedes l'a annonc\u00e9 au salon de D\u00e9troit 2017\",\"breadcrumb\":{\"@id\":\"https:\/\/www.carideal.com\/blog\/2017\/01\/24\/suv-mercedes-maybach-confirme-detroit\/#breadcrumb\"},\"inLanguage\":\"fr-FR\",\"potentialAction\":[{\"@type\":\"ReadAction\",\"target\":[\"https:\/\/www.carideal.com\/blog\/2017\/01\/24\/suv-mercedes-maybach-confirme-detroit\/\"]}]},{\"@type\":\"ImageObject\",\"inLanguage\":\"fr-FR\",\"@id\":\"https:\/\/www.carideal.com\/blog\/2017\/01\/24\/suv-mercedes-maybach-confirme-detroit\/#primaryimage\",\"url\":\"https:\/\/www.carideal.com\/blog\/wp-content\/uploads\/2017\/01\/suv-mercedes-maybach.jpg\",\"contentUrl\":\"https:\/\/www.carideal.com\/blog\/wp-content\/uploads\/2017\/01\/suv-mercedes-maybach.jpg\",\"width\":800,\"height\":395,\"caption\":\"SUV Mercedes Maybach\"},{\"@type\":\"BreadcrumbList\",\"@id\":\"https:\/\/www.carideal.com\/blog\/2017\/01\/24\/suv-mercedes-maybach-confirme-detroit\/#breadcrumb\",\"itemListElement\":[{\"@type\":\"ListItem\",\"position\":1,\"name\":\"Blog Carid\u00e9al\",\"item\":\"https:\/\/www.carideal.com\/blog\/\"},{\"@type\":\"ListItem\",\"position\":2,\"name\":\"Actualit\u00e9 constructeur automobile\",\"item\":\"https:\/\/www.carideal.com\/blog\/constructeur\/\"},{\"@type\":\"ListItem\",\"position\":3,\"name\":\"Actualit\u00e9 Mercedes\",\"item\":\"https:\/\/www.carideal.com\/blog\/constructeur\/mercedes\/\"},{\"@type\":\"ListItem\",\"position\":4,\"name\":\"Le SUV Mercedes Maybach confirm\u00e9 \u00e0 Detroit\"}]},{\"@type\":\"WebSite\",\"@id\":\"https:\/\/www.carideal.com\/blog\/#website\",\"url\":\"https:\/\/www.carideal.com\/blog\/\",\"name\":\"Blog auto Carid\u00e9al\",\"description\":\"Actualit\u00e9 auto par des passionn\u00e9s\",\"publisher\":{\"@id\":\"https:\/\/www.carideal.com\/blog\/#organization\"},\"potentialAction\":[{\"@type\":\"SearchAction\",\"target\":{\"@type\":\"EntryPoint\",\"urlTemplate\":\"https:\/\/www.carideal.com\/blog\/?s={search_term_string}\"},\"query-input\":{\"@type\":\"PropertyValueSpecification\",\"valueRequired\":true,\"valueName\":\"search_term_string\"}}],\"inLanguage\":\"fr-FR\"},{\"@type\":\"Organization\",\"@id\":\"https:\/\/www.carideal.com\/blog\/#organization\",\"name\":\"Carideal\",\"url\":\"https:\/\/www.carideal.com\/blog\/\",\"logo\":{\"@type\":\"ImageObject\",\"inLanguage\":\"fr-FR\",\"@id\":\"https:\/\/www.carideal.com\/blog\/#\/schema\/logo\/image\/\",\"url\":\"http:\/\/www.carideal.com\/blog\/wp-content\/uploads\/2016\/03\/logo-carideal-mandataire-automobile.png\",\"contentUrl\":\"http:\/\/www.carideal.com\/blog\/wp-content\/uploads\/2016\/03\/logo-carideal-mandataire-automobile.png\",\"width\":300,\"height\":300,\"caption\":\"Carideal\"},\"image\":{\"@id\":\"https:\/\/www.carideal.com\/blog\/#\/schema\/logo\/image\/\"},\"sameAs\":[\"https:\/\/www.facebook.com\/Carideal.mandataire.automobile\",\"https:\/\/x.com\/caridealauto\",\"https:\/\/www.instagram.com\/carideal1\/\",\"https:\/\/www.linkedin.com\/company\/carideal.com\",\"https:\/\/fr.pinterest.com\/schiavonsas\/\",\"https:\/\/www.youtube.com\/user\/caridealsas\"]},{\"@type\":\"Person\",\"@id\":\"https:\/\/www.carideal.com\/blog\/#\/schema\/person\/cd95dc7919660de90d31b366f85be1ec\",\"name\":\"Nicolas SCHIAVON\",\"image\":{\"@type\":\"ImageObject\",\"inLanguage\":\"fr-FR\",\"@id\":\"https:\/\/www.carideal.com\/blog\/#\/schema\/person\/image\/\",\"url\":\"https:\/\/secure.gravatar.com\/avatar\/c17e55009e671d92cc7f5dc837dc418a?s=96&r=g\",\"contentUrl\":\"https:\/\/secure.gravatar.com\/avatar\/c17e55009e671d92cc7f5dc837dc418a?s=96&r=g\",\"caption\":\"Nicolas SCHIAVON\"},\"description\":\"Nicolas Schiavon est tomb\u00e9 tout petit dans la marmite automobile. Ayant eu un garage de marque automobile, mandataire automobile de la premi\u00e8re heure d\u00e8s 1999. Nicolas a cr\u00e9\u00e9 ces premiers sites de vente de voiture et blog automobile d\u00e8s 1994. Carideal est n\u00e9 le 15 d\u00e9cembre 2000 de la volont\u00e9 de vendre des voitures d'occasions en ligne puis des voitures neuves. Il a pu essayer beaucoup de voitures tr\u00e8s diff\u00e9rentes et ayant eu personnellement quelques belles autos, Subaru Impreza, Mitsubishi Lancer Evo 7, Porsche 911, Ferrari Testarrossa, Audi RS3, RS4 et j'en passe...\",\"sameAs\":[\"http:\/\/www.carideal.com\",\"https:\/\/www.facebook.com\/nicolas.schiavon.39\",\"https:\/\/www.instagram.com\/carideal1\/\",\"https:\/\/www.linkedin.com\/in\/nschiavon\/\",\"https:\/\/x.com\/caridealauto\",\"https:\/\/www.youtube.com\/user\/caridealsas\/\"],\"url\":\"https:\/\/www.carideal.com\/blog\/author\/nschiavon\/\"}]}<\/script>\n<!-- \/ Yoast SEO plugin. -->","yoast_head_json":{"title":"Le SUV Mercedes Maybach confirm\u00e9 \u00e0 Detroit - Blog auto Carid\u00e9al","description":"Un SUV Mercedes Maybach a \u00e9t\u00e9 confirm\u00e9 pour entrer en production apr\u00e8s des ann\u00e9es de sp\u00e9culation. Le PDG de Mercedes l'a annonc\u00e9 au salon de D\u00e9troit 2017","robots":{"index":"index","follow":"follow","max-snippet":"max-snippet:-1","max-image-preview":"max-image-preview:large","max-video-preview":"max-video-preview:-1"},"canonical":"https:\/\/www.carideal.com\/blog\/2017\/01\/24\/suv-mercedes-maybach-confirme-detroit\/","og_locale":"fr_FR","og_type":"article","og_title":"Le SUV Mercedes Maybach confirm\u00e9 \u00e0 Detroit - Blog auto Carid\u00e9al","og_description":"Un SUV Mercedes Maybach a \u00e9t\u00e9 confirm\u00e9 pour entrer en production apr\u00e8s des ann\u00e9es de sp\u00e9culation. Le PDG de Mercedes l'a annonc\u00e9 au salon de D\u00e9troit 2017","og_url":"https:\/\/www.carideal.com\/blog\/2017\/01\/24\/suv-mercedes-maybach-confirme-detroit\/","og_site_name":"Blog auto Carid\u00e9al","article_publisher":"https:\/\/www.facebook.com\/Carideal.mandataire.automobile","article_author":"https:\/\/www.facebook.com\/nicolas.schiavon.39","article_published_time":"2017-01-24T17:33:17+00:00","article_modified_time":"2020-03-15T11:47:34+00:00","og_image":[{"width":800,"height":395,"url":"https:\/\/www.carideal.com\/blog\/wp-content\/uploads\/2017\/01\/suv-mercedes-maybach.jpg","type":"image\/jpeg"}],"author":"Nicolas SCHIAVON","twitter_card":"summary_large_image","twitter_creator":"@caridealauto","twitter_site":"@caridealauto","twitter_misc":{"\u00c9crit par":"Nicolas SCHIAVON","Dur\u00e9e de lecture estim\u00e9e":"2 minutes"},"schema":{"@context":"https:\/\/schema.org","@graph":[{"@type":"Article","@id":"https:\/\/www.carideal.com\/blog\/2017\/01\/24\/suv-mercedes-maybach-confirme-detroit\/#article","isPartOf":{"@id":"https:\/\/www.carideal.com\/blog\/2017\/01\/24\/suv-mercedes-maybach-confirme-detroit\/"},"author":{"name":"Nicolas SCHIAVON","@id":"https:\/\/www.carideal.com\/blog\/#\/schema\/person\/cd95dc7919660de90d31b366f85be1ec"},"headline":"Le SUV Mercedes Maybach confirm\u00e9 \u00e0 Detroit","datePublished":"2017-01-24T17:33:17+00:00","dateModified":"2020-03-15T11:47:34+00:00","mainEntityOfPage":{"@id":"https:\/\/www.carideal.com\/blog\/2017\/01\/24\/suv-mercedes-maybach-confirme-detroit\/"},"wordCount":373,"commentCount":0,"publisher":{"@id":"https:\/\/www.carideal.com\/blog\/#organization"},"image":{"@id":"https:\/\/www.carideal.com\/blog\/2017\/01\/24\/suv-mercedes-maybach-confirme-detroit\/#primaryimage"},"thumbnailUrl":"https:\/\/www.carideal.com\/blog\/wp-content\/uploads\/2017\/01\/suv-mercedes-maybach.jpg","articleSection":["4X4 Actualit\u00e9","Actualit\u00e9 automobile","Actualit\u00e9 Mercedes","Salon automobile","Salon de Detroit","Type de v\u00e9hicule"],"inLanguage":"fr-FR","potentialAction":[{"@type":"CommentAction","name":"Comment","target":["https:\/\/www.carideal.com\/blog\/2017\/01\/24\/suv-mercedes-maybach-confirme-detroit\/#respond"]}]},{"@type":"WebPage","@id":"https:\/\/www.carideal.com\/blog\/2017\/01\/24\/suv-mercedes-maybach-confirme-detroit\/","url":"https:\/\/www.carideal.com\/blog\/2017\/01\/24\/suv-mercedes-maybach-confirme-detroit\/","name":"Le SUV Mercedes Maybach confirm\u00e9 \u00e0 Detroit - Blog auto Carid\u00e9al","isPartOf":{"@id":"https:\/\/www.carideal.com\/blog\/#website"},"primaryImageOfPage":{"@id":"https:\/\/www.carideal.com\/blog\/2017\/01\/24\/suv-mercedes-maybach-confirme-detroit\/#primaryimage"},"image":{"@id":"https:\/\/www.carideal.com\/blog\/2017\/01\/24\/suv-mercedes-maybach-confirme-detroit\/#primaryimage"},"thumbnailUrl":"https:\/\/www.carideal.com\/blog\/wp-content\/uploads\/2017\/01\/suv-mercedes-maybach.jpg","datePublished":"2017-01-24T17:33:17+00:00","dateModified":"2020-03-15T11:47:34+00:00","description":"Un SUV Mercedes Maybach a \u00e9t\u00e9 confirm\u00e9 pour entrer en production apr\u00e8s des ann\u00e9es de sp\u00e9culation. Le PDG de Mercedes l'a annonc\u00e9 au salon de D\u00e9troit 2017","breadcrumb":{"@id":"https:\/\/www.carideal.com\/blog\/2017\/01\/24\/suv-mercedes-maybach-confirme-detroit\/#breadcrumb"},"inLanguage":"fr-FR","potentialAction":[{"@type":"ReadAction","target":["https:\/\/www.carideal.com\/blog\/2017\/01\/24\/suv-mercedes-maybach-confirme-detroit\/"]}]},{"@type":"ImageObject","inLanguage":"fr-FR","@id":"https:\/\/www.carideal.com\/blog\/2017\/01\/24\/suv-mercedes-maybach-confirme-detroit\/#primaryimage","url":"https:\/\/www.carideal.com\/blog\/wp-content\/uploads\/2017\/01\/suv-mercedes-maybach.jpg","contentUrl":"https:\/\/www.carideal.com\/blog\/wp-content\/uploads\/2017\/01\/suv-mercedes-maybach.jpg","width":800,"height":395,"caption":"SUV Mercedes Maybach"},{"@type":"BreadcrumbList","@id":"https:\/\/www.carideal.com\/blog\/2017\/01\/24\/suv-mercedes-maybach-confirme-detroit\/#breadcrumb","itemListElement":[{"@type":"ListItem","position":1,"name":"Blog Carid\u00e9al","item":"https:\/\/www.carideal.com\/blog\/"},{"@type":"ListItem","position":2,"name":"Actualit\u00e9 constructeur automobile","item":"https:\/\/www.carideal.com\/blog\/constructeur\/"},{"@type":"ListItem","position":3,"name":"Actualit\u00e9 Mercedes","item":"https:\/\/www.carideal.com\/blog\/constructeur\/mercedes\/"},{"@type":"ListItem","position":4,"name":"Le SUV Mercedes Maybach confirm\u00e9 \u00e0 Detroit"}]},{"@type":"WebSite","@id":"https:\/\/www.carideal.com\/blog\/#website","url":"https:\/\/www.carideal.com\/blog\/","name":"Blog auto Carid\u00e9al","description":"Actualit\u00e9 auto par des passionn\u00e9s","publisher":{"@id":"https:\/\/www.carideal.com\/blog\/#organization"},"potentialAction":[{"@type":"SearchAction","target":{"@type":"EntryPoint","urlTemplate":"https:\/\/www.carideal.com\/blog\/?s={search_term_string}"},"query-input":{"@type":"PropertyValueSpecification","valueRequired":true,"valueName":"search_term_string"}}],"inLanguage":"fr-FR"},{"@type":"Organization","@id":"https:\/\/www.carideal.com\/blog\/#organization","name":"Carideal","url":"https:\/\/www.carideal.com\/blog\/","logo":{"@type":"ImageObject","inLanguage":"fr-FR","@id":"https:\/\/www.carideal.com\/blog\/#\/schema\/logo\/image\/","url":"http:\/\/www.carideal.com\/blog\/wp-content\/uploads\/2016\/03\/logo-carideal-mandataire-automobile.png","contentUrl":"http:\/\/www.carideal.com\/blog\/wp-content\/uploads\/2016\/03\/logo-carideal-mandataire-automobile.png","width":300,"height":300,"caption":"Carideal"},"image":{"@id":"https:\/\/www.carideal.com\/blog\/#\/schema\/logo\/image\/"},"sameAs":["https:\/\/www.facebook.com\/Carideal.mandataire.automobile","https:\/\/x.com\/caridealauto","https:\/\/www.instagram.com\/carideal1\/","https:\/\/www.linkedin.com\/company\/carideal.com","https:\/\/fr.pinterest.com\/schiavonsas\/","https:\/\/www.youtube.com\/user\/caridealsas"]},{"@type":"Person","@id":"https:\/\/www.carideal.com\/blog\/#\/schema\/person\/cd95dc7919660de90d31b366f85be1ec","name":"Nicolas SCHIAVON","image":{"@type":"ImageObject","inLanguage":"fr-FR","@id":"https:\/\/www.carideal.com\/blog\/#\/schema\/person\/image\/","url":"https:\/\/secure.gravatar.com\/avatar\/c17e55009e671d92cc7f5dc837dc418a?s=96&r=g","contentUrl":"https:\/\/secure.gravatar.com\/avatar\/c17e55009e671d92cc7f5dc837dc418a?s=96&r=g","caption":"Nicolas SCHIAVON"},"description":"Nicolas Schiavon est tomb\u00e9 tout petit dans la marmite automobile. Ayant eu un garage de marque automobile, mandataire automobile de la premi\u00e8re heure d\u00e8s 1999. Nicolas a cr\u00e9\u00e9 ces premiers sites de vente de voiture et blog automobile d\u00e8s 1994. Carideal est n\u00e9 le 15 d\u00e9cembre 2000 de la volont\u00e9 de vendre des voitures d'occasions en ligne puis des voitures neuves. Il a pu essayer beaucoup de voitures tr\u00e8s diff\u00e9rentes et ayant eu personnellement quelques belles autos, Subaru Impreza, Mitsubishi Lancer Evo 7, Porsche 911, Ferrari Testarrossa, Audi RS3, RS4 et j'en passe...","sameAs":["http:\/\/www.carideal.com","https:\/\/www.facebook.com\/nicolas.schiavon.39","https:\/\/www.instagram.com\/carideal1\/","https:\/\/www.linkedin.com\/in\/nschiavon\/","https:\/\/x.com\/caridealauto","https:\/\/www.youtube.com\/user\/caridealsas\/"],"url":"https:\/\/www.carideal.com\/blog\/author\/nschiavon\/"}]}},"uagb_featured_image_src":{"full":["https:\/\/www.carideal.com\/blog\/wp-content\/uploads\/2017\/01\/suv-mercedes-maybach.jpg",800,395,false],"thumbnail":["https:\/\/www.carideal.com\/blog\/wp-content\/uploads\/2017\/01\/suv-mercedes-maybach-150x150.jpg",150,150,true],"medium":["https:\/\/www.carideal.com\/blog\/wp-content\/uploads\/2017\/01\/suv-mercedes-maybach-300x148.jpg",300,148,true],"medium_large":["https:\/\/www.carideal.com\/blog\/wp-content\/uploads\/2017\/01\/suv-mercedes-maybach-768x379.jpg",768,379,true],"large":["https:\/\/www.carideal.com\/blog\/wp-content\/uploads\/2017\/01\/suv-mercedes-maybach.jpg",800,395,false],"1536x1536":["https:\/\/www.carideal.com\/blog\/wp-content\/uploads\/2017\/01\/suv-mercedes-maybach.jpg",800,395,false],"2048x2048":["https:\/\/www.carideal.com\/blog\/wp-content\/uploads\/2017\/01\/suv-mercedes-maybach.jpg",800,395,false],"wppr-widget":["https:\/\/www.carideal.com\/blog\/wp-content\/uploads\/2017\/01\/suv-mercedes-maybach.jpg",50,25,false]},"uagb_author_info":{"display_name":"Nicolas SCHIAVON","author_link":"https:\/\/www.carideal.com\/blog\/author\/nschiavon\/"},"uagb_comment_info":0,"uagb_excerpt":"Le futur SUV Mercedes Maybach a \u00e9t\u00e9 confirm\u00e9 \u00e0 Detroit Un SUV Maybach est sur le point de voir le jour, avec des motorisations \u00e9lectriques pour la marque de luxe Mercedes. Un SUV Mercedes Maybach a \u00e9t\u00e9 confirm\u00e9 pour entrer en\u00a0production apr\u00e8s des ann\u00e9es de sp\u00e9culation. Dr. Dieter Zetsche, PDG de Mercedes-Benz, a fait l'annonce\u2026","_links":{"self":[{"href":"https:\/\/www.carideal.com\/blog\/wp-json\/wp\/v2\/posts\/14953"}],"collection":[{"href":"https:\/\/www.carideal.com\/blog\/wp-json\/wp\/v2\/posts"}],"about":[{"href":"https:\/\/www.carideal.com\/blog\/wp-json\/wp\/v2\/types\/post"}],"author":[{"embeddable":true,"href":"https:\/\/www.carideal.com\/blog\/wp-json\/wp\/v2\/users\/3"}],"replies":[{"embeddable":true,"href":"https:\/\/www.carideal.com\/blog\/wp-json\/wp\/v2\/comments?post=14953"}],"version-history":[{"count":0,"href":"https:\/\/www.carideal.com\/blog\/wp-json\/wp\/v2\/posts\/14953\/revisions"}],"wp:featuredmedia":[{"embeddable":true,"href":"https:\/\/www.carideal.com\/blog\/wp-json\/wp\/v2\/media\/14956"}],"wp:attachment":[{"href":"https:\/\/www.carideal.com\/blog\/wp-json\/wp\/v2\/media?parent=14953"}],"wp:term":[{"taxonomy":"category","embeddable":true,"href":"https:\/\/www.carideal.com\/blog\/wp-json\/wp\/v2\/categories?post=14953"},{"taxonomy":"post_tag","embeddable":true,"href":"https:\/\/www.carideal.com\/blog\/wp-json\/wp\/v2\/tags?post=14953"}],"curies":[{"name":"wp","href":"https:\/\/api.w.org\/{rel}","templated":true}]}}