{"id":1493,"date":"2014-02-12T20:10:00","date_gmt":"2014-02-12T20:10:00","guid":{"rendered":"http:\/\/carideal.com\/blog\/?p=1493"},"modified":"2016-06-26T09:37:27","modified_gmt":"2016-06-26T07:37:27","slug":"francois-hollande-tance-les-industriels-francais-qui-veulent-retourner-en-iran","status":"publish","type":"post","link":"https:\/\/www.carideal.com\/blog\/2014\/02\/12\/francois-hollande-tance-les-industriels-francais-qui-veulent-retourner-en-iran\/","title":{"rendered":"Industriels fran\u00e7ais veulent retourner en Iran"},"content":{"rendered":"<p><img decoding=\"async\" title=\"Hollande_Obama_carideal-mandataire-automobile.jpg, f\u00e9v. 2014\" src=\"\/blog\/public\/.Hollande_Obama_carideal-mandataire-automobile_m.jpg\" alt=\"Hollande_Obama_carideal-mandataire-automobile.jpg\" \/><\/p>\n<h1><strong>Francois Hollande tance les industriels fran\u00e7ais qui veulent retourner en Iran<\/strong><\/h1>\n<p>On en entend parler partout, Le pr\u00e9sident am\u00e9ricain re\u00e7oit en grande pompe Le pr\u00e9sident Fran\u00e7ais Mr Fran\u00e7ois Hollande, comme rarement il le fait. Mais voil\u00e0 que notre pr\u00e9sident vient de tancer les industriels fran\u00e7ais qui r\u00e9vaient de retourner s'installer ou exporter en Iran il semblerait bien que ce soit chasse gard\u00e9e des am\u00e9ricains et qu'il soit aux ordres de Barack Obama !<br \/>\nOn se souvient de la fameuse histoire qui a co\u00fbt\u00e9 plus de 400 000 voitures \u00e0 PSA suite \u00e0 l'entr\u00e9e de Chevrolet dans le capital de PSA, et \u00e0 l'application de l'embargo de Mr Obama.<br \/>\n<span style=\"text-decoration: underline;\"><strong><a href=\"http:\/\/www.carideal.com\/blog\/2013\/11\/26\/comment-gm-et-les-etas-unis-ont-accelere-la-chute-de-psa\/\">L'article ICI Comment GM et les Etats-Unis ont acc\u00e9l\u00e9r\u00e9s la chute de PSA en Iran<\/a><\/strong><\/span><\/p>\n<p><strong>Un petit rappel des faits :<\/strong><br \/>\nD\u00e9but f\u00e9vrier une d\u00e9l\u00e9gation de 116 membres du Medef international sont parti en visite en Iran.<br \/>\nFran\u00e7ois Hollande vient de d\u00e9clarer alors qu'il venait d'arriver aux Etats-Unis \"Ces \"contacts\" ne peuvent \"pas d\u00e9boucher aujourd'hui sur des accords commerciaux\" ....<br \/>\nUne mise en garde pour PSA et Renault ??<br \/>\nDr\u00f4le non\u00a0? Car dans le m\u00eame temps le pr\u00e9sident am\u00e9ricain Barack Obama avait rappel\u00e9 aux entreprises \u00e9trang\u00e8res de ne pas prospecter en Iran sous peine \"d'une pluie de sanctions !\" \u00e0 celles qui ne respecteraient pas l'embargo Am\u00e9ricain.<br \/>\nPourtant les 116 chefs d'entreprises avaient re\u00e7u l'aval du Quay d'Orsay et de l'Elys\u00e9e.<br \/>\nWhashington voit ceci d'un tr\u00e8s mauvais oeil... normal quand on sait que Whashington y a envoy\u00e9 une arm\u00e9e de diplomates et d'industriels pour n\u00e9gocier leur retour avec les autorit\u00e9s iraniennes.<\/p>\n<p>\/ G\u00e9n\u00e9ral Motors quitte le capital de PSA<\/p>\n","protected":false},"excerpt":{"rendered":"<p>Francois Hollande tance les industriels fran\u00e7ais qui veulent retourner en Iran On en entend parler partout, Le pr\u00e9sident am\u00e9ricain re\u00e7oit en grande pompe Le pr\u00e9sident Fran\u00e7ais Mr Fran\u00e7ois Hollande, comme rarement il le fait. Mais voil\u00e0 que notre pr\u00e9sident vient de tancer les industriels fran\u00e7ais qui r\u00e9vaient de retourner s&rsquo;installer ou exporter en Iran il &#8230; <a title=\"Industriels fran\u00e7ais veulent retourner en Iran\" class=\"read-more\" href=\"https:\/\/www.carideal.com\/blog\/2014\/02\/12\/francois-hollande-tance-les-industriels-francais-qui-veulent-retourner-en-iran\/\" aria-label=\"En savoir plus sur Industriels fran\u00e7ais veulent retourner en Iran\">Lire plus<\/a><\/p>\n","protected":false},"author":1,"featured_media":0,"comment_status":"open","ping_status":"open","sticky":false,"template":"","format":"standard","meta":{"_uag_custom_page_level_css":"","_themeisle_gutenberg_block_has_review":false,"footnotes":""},"categories":[6146,5,5944,3,5946,10],"tags":[],"class_list":["post-1493","post","type-post","status-publish","format-standard","hentry","category-chevrolet","category-citroen","category-constructeur","category-actualites-financieres","category-peugeot","category-marche-automobile-voiture-neuve-occasion-4x4-suv"],"wppr_data":[],"yoast_head":"<!-- This site is optimized with the Yoast SEO plugin v24.8.1 - https:\/\/yoast.com\/wordpress\/plugins\/seo\/ -->\n<title>Industriels fran\u00e7ais veulent retourner en Iran - Blog auto Carid\u00e9al<\/title>\n<meta name=\"robots\" content=\"index, follow, max-snippet:-1, max-image-preview:large, max-video-preview:-1\" \/>\n<link rel=\"canonical\" href=\"https:\/\/www.carideal.com\/blog\/2014\/02\/12\/francois-hollande-tance-les-industriels-francais-qui-veulent-retourner-en-iran\/\" \/>\n<meta property=\"og:locale\" content=\"fr_FR\" \/>\n<meta property=\"og:type\" content=\"article\" \/>\n<meta property=\"og:title\" content=\"Industriels fran\u00e7ais veulent retourner en Iran - Blog auto Carid\u00e9al\" \/>\n<meta property=\"og:description\" content=\"Francois Hollande tance les industriels fran\u00e7ais qui veulent retourner en Iran On en entend parler partout, Le pr\u00e9sident am\u00e9ricain re\u00e7oit en grande pompe Le pr\u00e9sident Fran\u00e7ais Mr Fran\u00e7ois Hollande, comme rarement il le fait. Mais voil\u00e0 que notre pr\u00e9sident vient de tancer les industriels fran\u00e7ais qui r\u00e9vaient de retourner s&#039;installer ou exporter en Iran il ... Lire plus\" \/>\n<meta property=\"og:url\" content=\"https:\/\/www.carideal.com\/blog\/2014\/02\/12\/francois-hollande-tance-les-industriels-francais-qui-veulent-retourner-en-iran\/\" \/>\n<meta property=\"og:site_name\" content=\"Blog auto Carid\u00e9al\" \/>\n<meta property=\"article:publisher\" content=\"https:\/\/www.facebook.com\/Carideal.mandataire.automobile\" \/>\n<meta property=\"article:author\" content=\"https:\/\/www.facebook.com\/Carideal.mandataire.automobile\/\" \/>\n<meta property=\"article:published_time\" content=\"2014-02-12T20:10:00+00:00\" \/>\n<meta property=\"article:modified_time\" content=\"2016-06-26T07:37:27+00:00\" \/>\n<meta property=\"og:image\" content=\"https:\/\/www.carideal.com\/blog\/wp-content\/uploads\/2016\/03\/logo-carideal-mandataire-automobile.png\" \/>\n\t<meta property=\"og:image:width\" content=\"300\" \/>\n\t<meta property=\"og:image:height\" content=\"300\" \/>\n\t<meta property=\"og:image:type\" content=\"image\/png\" \/>\n<meta name=\"author\" content=\"N.S Carideal\" \/>\n<meta name=\"twitter:card\" content=\"summary_large_image\" \/>\n<meta name=\"twitter:creator\" content=\"@caridealauto\" \/>\n<meta name=\"twitter:site\" content=\"@caridealauto\" \/>\n<meta name=\"twitter:label1\" content=\"\u00c9crit par\" \/>\n\t<meta name=\"twitter:data1\" content=\"N.S Carideal\" \/>\n\t<meta name=\"twitter:label2\" content=\"Dur\u00e9e de lecture estim\u00e9e\" \/>\n\t<meta name=\"twitter:data2\" content=\"1 minute\" \/>\n<script type=\"application\/ld+json\" class=\"yoast-schema-graph\">{\"@context\":\"https:\/\/schema.org\",\"@graph\":[{\"@type\":\"Article\",\"@id\":\"https:\/\/www.carideal.com\/blog\/2014\/02\/12\/francois-hollande-tance-les-industriels-francais-qui-veulent-retourner-en-iran\/#article\",\"isPartOf\":{\"@id\":\"https:\/\/www.carideal.com\/blog\/2014\/02\/12\/francois-hollande-tance-les-industriels-francais-qui-veulent-retourner-en-iran\/\"},\"author\":{\"name\":\"N.S Carideal\",\"@id\":\"https:\/\/www.carideal.com\/blog\/#\/schema\/person\/985c7e757d1042d647f21bfaf8d41ebc\"},\"headline\":\"Industriels fran\u00e7ais veulent retourner en Iran\",\"datePublished\":\"2014-02-12T20:10:00+00:00\",\"dateModified\":\"2016-06-26T07:37:27+00:00\",\"mainEntityOfPage\":{\"@id\":\"https:\/\/www.carideal.com\/blog\/2014\/02\/12\/francois-hollande-tance-les-industriels-francais-qui-veulent-retourner-en-iran\/\"},\"wordCount\":298,\"commentCount\":0,\"publisher\":{\"@id\":\"https:\/\/www.carideal.com\/blog\/#organization\"},\"articleSection\":[\"Actualit\u00e9 Chevrolet\",\"Actualit\u00e9 Citroen\",\"Actualit\u00e9 Constructeur automobile\",\"Actualit\u00e9 Financi\u00e8re\",\"Actualit\u00e9 Peugeot\",\"March\u00e9 automobile\"],\"inLanguage\":\"fr-FR\",\"potentialAction\":[{\"@type\":\"CommentAction\",\"name\":\"Comment\",\"target\":[\"https:\/\/www.carideal.com\/blog\/2014\/02\/12\/francois-hollande-tance-les-industriels-francais-qui-veulent-retourner-en-iran\/#respond\"]}]},{\"@type\":\"WebPage\",\"@id\":\"https:\/\/www.carideal.com\/blog\/2014\/02\/12\/francois-hollande-tance-les-industriels-francais-qui-veulent-retourner-en-iran\/\",\"url\":\"https:\/\/www.carideal.com\/blog\/2014\/02\/12\/francois-hollande-tance-les-industriels-francais-qui-veulent-retourner-en-iran\/\",\"name\":\"Industriels fran\u00e7ais veulent retourner en Iran - Blog auto Carid\u00e9al\",\"isPartOf\":{\"@id\":\"https:\/\/www.carideal.com\/blog\/#website\"},\"datePublished\":\"2014-02-12T20:10:00+00:00\",\"dateModified\":\"2016-06-26T07:37:27+00:00\",\"breadcrumb\":{\"@id\":\"https:\/\/www.carideal.com\/blog\/2014\/02\/12\/francois-hollande-tance-les-industriels-francais-qui-veulent-retourner-en-iran\/#breadcrumb\"},\"inLanguage\":\"fr-FR\",\"potentialAction\":[{\"@type\":\"ReadAction\",\"target\":[\"https:\/\/www.carideal.com\/blog\/2014\/02\/12\/francois-hollande-tance-les-industriels-francais-qui-veulent-retourner-en-iran\/\"]}]},{\"@type\":\"BreadcrumbList\",\"@id\":\"https:\/\/www.carideal.com\/blog\/2014\/02\/12\/francois-hollande-tance-les-industriels-francais-qui-veulent-retourner-en-iran\/#breadcrumb\",\"itemListElement\":[{\"@type\":\"ListItem\",\"position\":1,\"name\":\"Blog Carid\u00e9al\",\"item\":\"https:\/\/www.carideal.com\/blog\/\"},{\"@type\":\"ListItem\",\"position\":2,\"name\":\"March\u00e9 automobile\",\"item\":\"https:\/\/www.carideal.com\/blog\/marche-automobile-voiture-neuve-occasion-4x4-suv\/\"},{\"@type\":\"ListItem\",\"position\":3,\"name\":\"Industriels fran\u00e7ais veulent retourner en Iran\"}]},{\"@type\":\"WebSite\",\"@id\":\"https:\/\/www.carideal.com\/blog\/#website\",\"url\":\"https:\/\/www.carideal.com\/blog\/\",\"name\":\"Blog auto Carid\u00e9al\",\"description\":\"Actualit\u00e9 auto par des passionn\u00e9s\",\"publisher\":{\"@id\":\"https:\/\/www.carideal.com\/blog\/#organization\"},\"potentialAction\":[{\"@type\":\"SearchAction\",\"target\":{\"@type\":\"EntryPoint\",\"urlTemplate\":\"https:\/\/www.carideal.com\/blog\/?s={search_term_string}\"},\"query-input\":{\"@type\":\"PropertyValueSpecification\",\"valueRequired\":true,\"valueName\":\"search_term_string\"}}],\"inLanguage\":\"fr-FR\"},{\"@type\":\"Organization\",\"@id\":\"https:\/\/www.carideal.com\/blog\/#organization\",\"name\":\"Carideal\",\"url\":\"https:\/\/www.carideal.com\/blog\/\",\"logo\":{\"@type\":\"ImageObject\",\"inLanguage\":\"fr-FR\",\"@id\":\"https:\/\/www.carideal.com\/blog\/#\/schema\/logo\/image\/\",\"url\":\"http:\/\/www.carideal.com\/blog\/wp-content\/uploads\/2016\/03\/logo-carideal-mandataire-automobile.png\",\"contentUrl\":\"http:\/\/www.carideal.com\/blog\/wp-content\/uploads\/2016\/03\/logo-carideal-mandataire-automobile.png\",\"width\":300,\"height\":300,\"caption\":\"Carideal\"},\"image\":{\"@id\":\"https:\/\/www.carideal.com\/blog\/#\/schema\/logo\/image\/\"},\"sameAs\":[\"https:\/\/www.facebook.com\/Carideal.mandataire.automobile\",\"https:\/\/x.com\/caridealauto\",\"https:\/\/www.instagram.com\/carideal1\/\",\"https:\/\/www.linkedin.com\/company\/carideal.com\",\"https:\/\/fr.pinterest.com\/schiavonsas\/\",\"https:\/\/www.youtube.com\/user\/caridealsas\"]},{\"@type\":\"Person\",\"@id\":\"https:\/\/www.carideal.com\/blog\/#\/schema\/person\/985c7e757d1042d647f21bfaf8d41ebc\",\"name\":\"N.S Carideal\",\"image\":{\"@type\":\"ImageObject\",\"inLanguage\":\"fr-FR\",\"@id\":\"https:\/\/www.carideal.com\/blog\/#\/schema\/person\/image\/\",\"url\":\"https:\/\/secure.gravatar.com\/avatar\/edb7ccdf1a4e3d14aef967760d354d0e?s=96&r=g\",\"contentUrl\":\"https:\/\/secure.gravatar.com\/avatar\/edb7ccdf1a4e3d14aef967760d354d0e?s=96&r=g\",\"caption\":\"N.S Carideal\"},\"description\":\"Depuis tout petit fan d'automobile. Il est question d'essayer et de comparer toutes ces voitures qui nous ont fait r\u00e9ver, avant que celles-ci ne devient uniquement des voitures de collection.\",\"sameAs\":[\"http:\/\/www.carideal.com\/blog\",\"https:\/\/www.facebook.com\/Carideal.mandataire.automobile\/\",\"https:\/\/www.linkedin.com\/in\/nschiavon\/\",\"https:\/\/www.youtube.com\/user\/caridealsas\/\"],\"url\":\"https:\/\/www.carideal.com\/blog\/author\/admin_carideal\/\"}]}<\/script>\n<!-- \/ Yoast SEO plugin. -->","yoast_head_json":{"title":"Industriels fran\u00e7ais veulent retourner en Iran - Blog auto Carid\u00e9al","robots":{"index":"index","follow":"follow","max-snippet":"max-snippet:-1","max-image-preview":"max-image-preview:large","max-video-preview":"max-video-preview:-1"},"canonical":"https:\/\/www.carideal.com\/blog\/2014\/02\/12\/francois-hollande-tance-les-industriels-francais-qui-veulent-retourner-en-iran\/","og_locale":"fr_FR","og_type":"article","og_title":"Industriels fran\u00e7ais veulent retourner en Iran - Blog auto Carid\u00e9al","og_description":"Francois Hollande tance les industriels fran\u00e7ais qui veulent retourner en Iran On en entend parler partout, Le pr\u00e9sident am\u00e9ricain re\u00e7oit en grande pompe Le pr\u00e9sident Fran\u00e7ais Mr Fran\u00e7ois Hollande, comme rarement il le fait. Mais voil\u00e0 que notre pr\u00e9sident vient de tancer les industriels fran\u00e7ais qui r\u00e9vaient de retourner s'installer ou exporter en Iran il ... Lire plus","og_url":"https:\/\/www.carideal.com\/blog\/2014\/02\/12\/francois-hollande-tance-les-industriels-francais-qui-veulent-retourner-en-iran\/","og_site_name":"Blog auto Carid\u00e9al","article_publisher":"https:\/\/www.facebook.com\/Carideal.mandataire.automobile","article_author":"https:\/\/www.facebook.com\/Carideal.mandataire.automobile\/","article_published_time":"2014-02-12T20:10:00+00:00","article_modified_time":"2016-06-26T07:37:27+00:00","og_image":[{"width":300,"height":300,"url":"https:\/\/www.carideal.com\/blog\/wp-content\/uploads\/2016\/03\/logo-carideal-mandataire-automobile.png","type":"image\/png"}],"author":"N.S Carideal","twitter_card":"summary_large_image","twitter_creator":"@caridealauto","twitter_site":"@caridealauto","twitter_misc":{"\u00c9crit par":"N.S Carideal","Dur\u00e9e de lecture estim\u00e9e":"1 minute"},"schema":{"@context":"https:\/\/schema.org","@graph":[{"@type":"Article","@id":"https:\/\/www.carideal.com\/blog\/2014\/02\/12\/francois-hollande-tance-les-industriels-francais-qui-veulent-retourner-en-iran\/#article","isPartOf":{"@id":"https:\/\/www.carideal.com\/blog\/2014\/02\/12\/francois-hollande-tance-les-industriels-francais-qui-veulent-retourner-en-iran\/"},"author":{"name":"N.S Carideal","@id":"https:\/\/www.carideal.com\/blog\/#\/schema\/person\/985c7e757d1042d647f21bfaf8d41ebc"},"headline":"Industriels fran\u00e7ais veulent retourner en Iran","datePublished":"2014-02-12T20:10:00+00:00","dateModified":"2016-06-26T07:37:27+00:00","mainEntityOfPage":{"@id":"https:\/\/www.carideal.com\/blog\/2014\/02\/12\/francois-hollande-tance-les-industriels-francais-qui-veulent-retourner-en-iran\/"},"wordCount":298,"commentCount":0,"publisher":{"@id":"https:\/\/www.carideal.com\/blog\/#organization"},"articleSection":["Actualit\u00e9 Chevrolet","Actualit\u00e9 Citroen","Actualit\u00e9 Constructeur automobile","Actualit\u00e9 Financi\u00e8re","Actualit\u00e9 Peugeot","March\u00e9 automobile"],"inLanguage":"fr-FR","potentialAction":[{"@type":"CommentAction","name":"Comment","target":["https:\/\/www.carideal.com\/blog\/2014\/02\/12\/francois-hollande-tance-les-industriels-francais-qui-veulent-retourner-en-iran\/#respond"]}]},{"@type":"WebPage","@id":"https:\/\/www.carideal.com\/blog\/2014\/02\/12\/francois-hollande-tance-les-industriels-francais-qui-veulent-retourner-en-iran\/","url":"https:\/\/www.carideal.com\/blog\/2014\/02\/12\/francois-hollande-tance-les-industriels-francais-qui-veulent-retourner-en-iran\/","name":"Industriels fran\u00e7ais veulent retourner en Iran - Blog auto Carid\u00e9al","isPartOf":{"@id":"https:\/\/www.carideal.com\/blog\/#website"},"datePublished":"2014-02-12T20:10:00+00:00","dateModified":"2016-06-26T07:37:27+00:00","breadcrumb":{"@id":"https:\/\/www.carideal.com\/blog\/2014\/02\/12\/francois-hollande-tance-les-industriels-francais-qui-veulent-retourner-en-iran\/#breadcrumb"},"inLanguage":"fr-FR","potentialAction":[{"@type":"ReadAction","target":["https:\/\/www.carideal.com\/blog\/2014\/02\/12\/francois-hollande-tance-les-industriels-francais-qui-veulent-retourner-en-iran\/"]}]},{"@type":"BreadcrumbList","@id":"https:\/\/www.carideal.com\/blog\/2014\/02\/12\/francois-hollande-tance-les-industriels-francais-qui-veulent-retourner-en-iran\/#breadcrumb","itemListElement":[{"@type":"ListItem","position":1,"name":"Blog Carid\u00e9al","item":"https:\/\/www.carideal.com\/blog\/"},{"@type":"ListItem","position":2,"name":"March\u00e9 automobile","item":"https:\/\/www.carideal.com\/blog\/marche-automobile-voiture-neuve-occasion-4x4-suv\/"},{"@type":"ListItem","position":3,"name":"Industriels fran\u00e7ais veulent retourner en Iran"}]},{"@type":"WebSite","@id":"https:\/\/www.carideal.com\/blog\/#website","url":"https:\/\/www.carideal.com\/blog\/","name":"Blog auto Carid\u00e9al","description":"Actualit\u00e9 auto par des passionn\u00e9s","publisher":{"@id":"https:\/\/www.carideal.com\/blog\/#organization"},"potentialAction":[{"@type":"SearchAction","target":{"@type":"EntryPoint","urlTemplate":"https:\/\/www.carideal.com\/blog\/?s={search_term_string}"},"query-input":{"@type":"PropertyValueSpecification","valueRequired":true,"valueName":"search_term_string"}}],"inLanguage":"fr-FR"},{"@type":"Organization","@id":"https:\/\/www.carideal.com\/blog\/#organization","name":"Carideal","url":"https:\/\/www.carideal.com\/blog\/","logo":{"@type":"ImageObject","inLanguage":"fr-FR","@id":"https:\/\/www.carideal.com\/blog\/#\/schema\/logo\/image\/","url":"http:\/\/www.carideal.com\/blog\/wp-content\/uploads\/2016\/03\/logo-carideal-mandataire-automobile.png","contentUrl":"http:\/\/www.carideal.com\/blog\/wp-content\/uploads\/2016\/03\/logo-carideal-mandataire-automobile.png","width":300,"height":300,"caption":"Carideal"},"image":{"@id":"https:\/\/www.carideal.com\/blog\/#\/schema\/logo\/image\/"},"sameAs":["https:\/\/www.facebook.com\/Carideal.mandataire.automobile","https:\/\/x.com\/caridealauto","https:\/\/www.instagram.com\/carideal1\/","https:\/\/www.linkedin.com\/company\/carideal.com","https:\/\/fr.pinterest.com\/schiavonsas\/","https:\/\/www.youtube.com\/user\/caridealsas"]},{"@type":"Person","@id":"https:\/\/www.carideal.com\/blog\/#\/schema\/person\/985c7e757d1042d647f21bfaf8d41ebc","name":"N.S Carideal","image":{"@type":"ImageObject","inLanguage":"fr-FR","@id":"https:\/\/www.carideal.com\/blog\/#\/schema\/person\/image\/","url":"https:\/\/secure.gravatar.com\/avatar\/edb7ccdf1a4e3d14aef967760d354d0e?s=96&r=g","contentUrl":"https:\/\/secure.gravatar.com\/avatar\/edb7ccdf1a4e3d14aef967760d354d0e?s=96&r=g","caption":"N.S Carideal"},"description":"Depuis tout petit fan d'automobile. Il est question d'essayer et de comparer toutes ces voitures qui nous ont fait r\u00e9ver, avant que celles-ci ne devient uniquement des voitures de collection.","sameAs":["http:\/\/www.carideal.com\/blog","https:\/\/www.facebook.com\/Carideal.mandataire.automobile\/","https:\/\/www.linkedin.com\/in\/nschiavon\/","https:\/\/www.youtube.com\/user\/caridealsas\/"],"url":"https:\/\/www.carideal.com\/blog\/author\/admin_carideal\/"}]}},"uagb_featured_image_src":{"full":false,"thumbnail":false,"medium":false,"medium_large":false,"large":false,"1536x1536":false,"2048x2048":false,"wppr-widget":false},"uagb_author_info":{"display_name":"N.S Carideal","author_link":"https:\/\/www.carideal.com\/blog\/author\/admin_carideal\/"},"uagb_comment_info":2,"uagb_excerpt":"Francois Hollande tance les industriels fran\u00e7ais qui veulent retourner en Iran On en entend parler partout, Le pr\u00e9sident am\u00e9ricain re\u00e7oit en grande pompe Le pr\u00e9sident Fran\u00e7ais Mr Fran\u00e7ois Hollande, comme rarement il le fait. Mais voil\u00e0 que notre pr\u00e9sident vient de tancer les industriels fran\u00e7ais qui r\u00e9vaient de retourner s'installer ou exporter en Iran il\u2026","_links":{"self":[{"href":"https:\/\/www.carideal.com\/blog\/wp-json\/wp\/v2\/posts\/1493"}],"collection":[{"href":"https:\/\/www.carideal.com\/blog\/wp-json\/wp\/v2\/posts"}],"about":[{"href":"https:\/\/www.carideal.com\/blog\/wp-json\/wp\/v2\/types\/post"}],"author":[{"embeddable":true,"href":"https:\/\/www.carideal.com\/blog\/wp-json\/wp\/v2\/users\/1"}],"replies":[{"embeddable":true,"href":"https:\/\/www.carideal.com\/blog\/wp-json\/wp\/v2\/comments?post=1493"}],"version-history":[{"count":0,"href":"https:\/\/www.carideal.com\/blog\/wp-json\/wp\/v2\/posts\/1493\/revisions"}],"wp:attachment":[{"href":"https:\/\/www.carideal.com\/blog\/wp-json\/wp\/v2\/media?parent=1493"}],"wp:term":[{"taxonomy":"category","embeddable":true,"href":"https:\/\/www.carideal.com\/blog\/wp-json\/wp\/v2\/categories?post=1493"},{"taxonomy":"post_tag","embeddable":true,"href":"https:\/\/www.carideal.com\/blog\/wp-json\/wp\/v2\/tags?post=1493"}],"curies":[{"name":"wp","href":"https:\/\/api.w.org\/{rel}","templated":true}]}}