{"id":1491,"date":"2014-02-01T09:11:00","date_gmt":"2014-02-01T09:11:00","guid":{"rendered":"http:\/\/carideal.com\/blog\/?p=1491"},"modified":"2016-04-19T17:00:09","modified_gmt":"2016-04-19T15:00:09","slug":"la-course-a-la-voiture-autonome-a-commencee-entre-les-constructeurs","status":"publish","type":"post","link":"https:\/\/www.carideal.com\/blog\/2014\/02\/01\/la-course-a-la-voiture-autonome-a-commencee-entre-les-constructeurs\/","title":{"rendered":"La course \u00e0 la voiture autonome sans chauffeur"},"content":{"rendered":"<figure style=\"width: 438px\" class=\"wp-caption alignnone\"><img loading=\"lazy\" decoding=\"async\" title=\"Voiture autonome sans chauffeur Nissan Leaf\" src=\"\/blog\/public\/.nissan_360_leaf_voiture-autonome-carideal-mandataire-automobile_m.jpg\" alt=\"Voiture autonome sans chauffeur Nissan Leaf\" width=\"448\" height=\"251\" \/><figcaption class=\"wp-caption-text\">Voiture autonome sans chauffeur Nissan Leaf<\/figcaption><\/figure>\n<h1>La course \u00e0 la voiture autonome sans chauffeur a commenc\u00e9 entre les constructeurs<\/h1>\n<h2>Nissan Leaf a re\u00e7u au salon des hautes technologies CEATEC la plus haute distinction pour sa voiture autonome sans chauffeur<\/h2>\n<p>Ca y est c'est parti tous les constructeurs vont se \"tirer la bourre\" pour mettre au point leur voiture autonome sans chauffeur, <span style=\"text-decoration: underline;\"><a href=\"http:\/\/www.carideal.com\/blog\/2014\/01\/01\/google-apple-et-dautres-veulent-semparer-de-lautomobile\/\">Apple<\/a><\/span>, <span style=\"text-decoration: underline;\"><a href=\"http:\/\/www.carideal.com\/blog\/2015\/11\/05\/pourquoi-donc-apple-google-uber-ne-se-lancent-ils-pas-dans-lauto\/\">Google<\/a><\/span> sont dans la danse aussi et ne veulent pas louper le march\u00e9. Toyota a annonc\u00e9 qu'il pr\u00e9senterait une voiture capable de g\u00e9rer automatiquement la distance avec celle de devant en 2015.<br \/>\nMercedes a fait rouler une S500 entre Mannheim et Pforzheim en Allemagne pendant 100 km en plein circulation sans chauffeur.<br \/>\nil ne s'agit pas d'une premi\u00e8re car La <span style=\"text-decoration: underline;\"><a href=\"http:\/\/www.carideal.com\/blog\/2015\/12\/22\/google-car-construite-par-ford\/\">Google car<\/a><\/span> le fait d\u00e9j\u00e0 et le N\u00e9vada et la Californie sont des \u00e9tats pionnier en la mati\u00e8re aux USA.<br \/>\nPourtant Mercedes pr\u00e9cise que sa S500 n'a pas trop \u00e9t\u00e9 modifi\u00e9e et qu'elle utilisait d\u00e9j\u00e0 nombres d'\u00e9quipements disponibles au catalogue.<\/p>\n<h3><span style=\"text-decoration: underline;\"><a href=\"http:\/\/www.carideal.com\/blog\/2015\/10\/06\/voiture-autonome-valeo-drive-4u\/\">Val\u00e9o<\/a><\/span> qui travaille sur le sujet a pourtant pr\u00e9cis\u00e9 que la voiture autonome sans chauffeur qui roulerait seul \u00e0 50 km\/h dans les rues de Paris n'\u00e9tait pas pour demain !<\/h3>\n<p>Le pr\u00e9sident de Ford a d'ailleurs publiquement raill\u00e9 l'annonce de Mercedes en se moquant qu'on ne pouvait pas encore d\u00e9tecter la neige et qu'un tel v\u00e9hicule co\u00fbte entre 600 000 et 700 000 \u20ac.<\/p>\n<h2>Le gouvernement fran\u00e7ais veut des voitures autonomes sans chauffeur d'ici \u00e0 2020<\/h2>\n<p>La France veut d\u00e9vellopper la voiture autonome sans chauffeur pour relancer l'automobile comme il l'a annonc\u00e9 dans son plan \"La nouvelle France Industrielle\".<\/p>\n<p><strong>Un certain nombres de probl\u00e8mes techniques sont encore \u00e0 r\u00e9soudre :<\/strong><\/p>\n<p>Comment g\u00e9rer les pi\u00e9tons, comment d\u00e9tecter les panneaux de signalisations, comment fixer la vitesse limite, comment reprendre le v\u00e9hicule en main\u00a0? Afin de g\u00e9rer la s\u00e9curit\u00e9 il faudra <span style=\"text-decoration: underline;\"><a href=\"http:\/\/www.carideal.com\/blog\/2013\/11\/04\/securite-on-compte-sur-lautomatisation\/\">maitriser l'automatisation<\/a><\/span> : la pr\u00e9cision de la g\u00e9olocalisation\u00a0? comment g\u00e9rer les situations inattendues\u00a0? Et \u00e0 quel prix\u00a0? bref on a compris que ce n'\u00e9tait pas pour tout de suite.<\/p>\n","protected":false},"excerpt":{"rendered":"<p>La course \u00e0 la voiture autonome sans chauffeur a commenc\u00e9 entre les constructeurs Nissan Leaf a re\u00e7u au salon des hautes technologies CEATEC la plus haute distinction pour sa voiture autonome sans chauffeur Ca y est c&rsquo;est parti tous les constructeurs vont se \u00ab\u00a0tirer la bourre\u00a0\u00bb pour mettre au point leur voiture autonome sans chauffeur, &#8230; <a title=\"La course \u00e0 la voiture autonome sans chauffeur\" class=\"read-more\" href=\"https:\/\/www.carideal.com\/blog\/2014\/02\/01\/la-course-a-la-voiture-autonome-a-commencee-entre-les-constructeurs\/\" aria-label=\"En savoir plus sur La course \u00e0 la voiture autonome sans chauffeur\">Lire plus<\/a><\/p>\n","protected":false},"author":1,"featured_media":0,"comment_status":"open","ping_status":"open","sticky":false,"template":"","format":"standard","meta":{"_uag_custom_page_level_css":"","_themeisle_gutenberg_block_has_review":false,"footnotes":""},"categories":[10,5080,6042],"tags":[1377],"class_list":["post-1491","post","type-post","status-publish","format-standard","hentry","category-marche-automobile-voiture-neuve-occasion-4x4-suv","category-technologie-2","category-voiture-autonome","tag-google"],"wppr_data":[],"yoast_head":"<!-- This site is optimized with the Yoast SEO plugin v24.8.1 - https:\/\/yoast.com\/wordpress\/plugins\/seo\/ -->\n<title>La course \u00e0 la voiture autonome sans chauffeur - Blog auto Carid\u00e9al<\/title>\n<meta name=\"description\" content=\"C&#039;est parti tous les constructeurs vont se &quot;tirer la bourre&quot; pour mettre au point leur voiture autonome sans chauffeur, Apple, Google sont dans la danse\" \/>\n<meta name=\"robots\" content=\"index, follow, max-snippet:-1, max-image-preview:large, max-video-preview:-1\" \/>\n<link rel=\"canonical\" href=\"https:\/\/www.carideal.com\/blog\/2014\/02\/01\/la-course-a-la-voiture-autonome-a-commencee-entre-les-constructeurs\/\" \/>\n<meta property=\"og:locale\" content=\"fr_FR\" \/>\n<meta property=\"og:type\" content=\"article\" \/>\n<meta property=\"og:title\" content=\"La course \u00e0 la voiture autonome sans chauffeur - Blog auto Carid\u00e9al\" \/>\n<meta property=\"og:description\" content=\"C&#039;est parti tous les constructeurs vont se &quot;tirer la bourre&quot; pour mettre au point leur voiture autonome sans chauffeur, Apple, Google sont dans la danse\" \/>\n<meta property=\"og:url\" content=\"https:\/\/www.carideal.com\/blog\/2014\/02\/01\/la-course-a-la-voiture-autonome-a-commencee-entre-les-constructeurs\/\" \/>\n<meta property=\"og:site_name\" content=\"Blog auto Carid\u00e9al\" \/>\n<meta property=\"article:publisher\" content=\"https:\/\/www.facebook.com\/Carideal.mandataire.automobile\" \/>\n<meta property=\"article:author\" content=\"https:\/\/www.facebook.com\/Carideal.mandataire.automobile\/\" \/>\n<meta property=\"article:published_time\" content=\"2014-02-01T09:11:00+00:00\" \/>\n<meta property=\"article:modified_time\" content=\"2016-04-19T15:00:09+00:00\" \/>\n<meta property=\"og:image\" content=\"https:\/\/www.carideal.com\/blog\/wp-content\/uploads\/2016\/03\/logo-carideal-mandataire-automobile.png\" \/>\n\t<meta property=\"og:image:width\" content=\"300\" \/>\n\t<meta property=\"og:image:height\" content=\"300\" \/>\n\t<meta property=\"og:image:type\" content=\"image\/png\" \/>\n<meta name=\"author\" content=\"N.S Carideal\" \/>\n<meta name=\"twitter:card\" content=\"summary_large_image\" \/>\n<meta name=\"twitter:creator\" content=\"@caridealauto\" \/>\n<meta name=\"twitter:site\" content=\"@caridealauto\" \/>\n<meta name=\"twitter:label1\" content=\"\u00c9crit par\" \/>\n\t<meta name=\"twitter:data1\" content=\"N.S Carideal\" \/>\n\t<meta name=\"twitter:label2\" content=\"Dur\u00e9e de lecture estim\u00e9e\" \/>\n\t<meta name=\"twitter:data2\" content=\"2 minutes\" \/>\n<script type=\"application\/ld+json\" class=\"yoast-schema-graph\">{\"@context\":\"https:\/\/schema.org\",\"@graph\":[{\"@type\":\"Article\",\"@id\":\"https:\/\/www.carideal.com\/blog\/2014\/02\/01\/la-course-a-la-voiture-autonome-a-commencee-entre-les-constructeurs\/#article\",\"isPartOf\":{\"@id\":\"https:\/\/www.carideal.com\/blog\/2014\/02\/01\/la-course-a-la-voiture-autonome-a-commencee-entre-les-constructeurs\/\"},\"author\":{\"name\":\"N.S Carideal\",\"@id\":\"https:\/\/www.carideal.com\/blog\/#\/schema\/person\/985c7e757d1042d647f21bfaf8d41ebc\"},\"headline\":\"La course \u00e0 la voiture autonome sans chauffeur\",\"datePublished\":\"2014-02-01T09:11:00+00:00\",\"dateModified\":\"2016-04-19T15:00:09+00:00\",\"mainEntityOfPage\":{\"@id\":\"https:\/\/www.carideal.com\/blog\/2014\/02\/01\/la-course-a-la-voiture-autonome-a-commencee-entre-les-constructeurs\/\"},\"wordCount\":359,\"commentCount\":0,\"publisher\":{\"@id\":\"https:\/\/www.carideal.com\/blog\/#organization\"},\"keywords\":[\"Google\"],\"articleSection\":[\"March\u00e9 automobile\",\"Technologie Automobile\",\"Voiture autonome\"],\"inLanguage\":\"fr-FR\",\"potentialAction\":[{\"@type\":\"CommentAction\",\"name\":\"Comment\",\"target\":[\"https:\/\/www.carideal.com\/blog\/2014\/02\/01\/la-course-a-la-voiture-autonome-a-commencee-entre-les-constructeurs\/#respond\"]}]},{\"@type\":\"WebPage\",\"@id\":\"https:\/\/www.carideal.com\/blog\/2014\/02\/01\/la-course-a-la-voiture-autonome-a-commencee-entre-les-constructeurs\/\",\"url\":\"https:\/\/www.carideal.com\/blog\/2014\/02\/01\/la-course-a-la-voiture-autonome-a-commencee-entre-les-constructeurs\/\",\"name\":\"La course \u00e0 la voiture autonome sans chauffeur - Blog auto Carid\u00e9al\",\"isPartOf\":{\"@id\":\"https:\/\/www.carideal.com\/blog\/#website\"},\"datePublished\":\"2014-02-01T09:11:00+00:00\",\"dateModified\":\"2016-04-19T15:00:09+00:00\",\"description\":\"C'est parti tous les constructeurs vont se \\\"tirer la bourre\\\" pour mettre au point leur voiture autonome sans chauffeur, Apple, Google sont dans la danse\",\"breadcrumb\":{\"@id\":\"https:\/\/www.carideal.com\/blog\/2014\/02\/01\/la-course-a-la-voiture-autonome-a-commencee-entre-les-constructeurs\/#breadcrumb\"},\"inLanguage\":\"fr-FR\",\"potentialAction\":[{\"@type\":\"ReadAction\",\"target\":[\"https:\/\/www.carideal.com\/blog\/2014\/02\/01\/la-course-a-la-voiture-autonome-a-commencee-entre-les-constructeurs\/\"]}]},{\"@type\":\"BreadcrumbList\",\"@id\":\"https:\/\/www.carideal.com\/blog\/2014\/02\/01\/la-course-a-la-voiture-autonome-a-commencee-entre-les-constructeurs\/#breadcrumb\",\"itemListElement\":[{\"@type\":\"ListItem\",\"position\":1,\"name\":\"Blog Carid\u00e9al\",\"item\":\"https:\/\/www.carideal.com\/blog\/\"},{\"@type\":\"ListItem\",\"position\":2,\"name\":\"Technologie Automobile\",\"item\":\"https:\/\/www.carideal.com\/blog\/technologie-2\/\"},{\"@type\":\"ListItem\",\"position\":3,\"name\":\"Voiture autonome\",\"item\":\"https:\/\/www.carideal.com\/blog\/technologie-2\/voiture-autonome\/\"},{\"@type\":\"ListItem\",\"position\":4,\"name\":\"La course \u00e0 la voiture autonome sans chauffeur\"}]},{\"@type\":\"WebSite\",\"@id\":\"https:\/\/www.carideal.com\/blog\/#website\",\"url\":\"https:\/\/www.carideal.com\/blog\/\",\"name\":\"Blog auto Carid\u00e9al\",\"description\":\"Actualit\u00e9 auto par des passionn\u00e9s\",\"publisher\":{\"@id\":\"https:\/\/www.carideal.com\/blog\/#organization\"},\"potentialAction\":[{\"@type\":\"SearchAction\",\"target\":{\"@type\":\"EntryPoint\",\"urlTemplate\":\"https:\/\/www.carideal.com\/blog\/?s={search_term_string}\"},\"query-input\":{\"@type\":\"PropertyValueSpecification\",\"valueRequired\":true,\"valueName\":\"search_term_string\"}}],\"inLanguage\":\"fr-FR\"},{\"@type\":\"Organization\",\"@id\":\"https:\/\/www.carideal.com\/blog\/#organization\",\"name\":\"Carideal\",\"url\":\"https:\/\/www.carideal.com\/blog\/\",\"logo\":{\"@type\":\"ImageObject\",\"inLanguage\":\"fr-FR\",\"@id\":\"https:\/\/www.carideal.com\/blog\/#\/schema\/logo\/image\/\",\"url\":\"http:\/\/www.carideal.com\/blog\/wp-content\/uploads\/2016\/03\/logo-carideal-mandataire-automobile.png\",\"contentUrl\":\"http:\/\/www.carideal.com\/blog\/wp-content\/uploads\/2016\/03\/logo-carideal-mandataire-automobile.png\",\"width\":300,\"height\":300,\"caption\":\"Carideal\"},\"image\":{\"@id\":\"https:\/\/www.carideal.com\/blog\/#\/schema\/logo\/image\/\"},\"sameAs\":[\"https:\/\/www.facebook.com\/Carideal.mandataire.automobile\",\"https:\/\/x.com\/caridealauto\",\"https:\/\/www.instagram.com\/carideal1\/\",\"https:\/\/www.linkedin.com\/company\/carideal.com\",\"https:\/\/fr.pinterest.com\/schiavonsas\/\",\"https:\/\/www.youtube.com\/user\/caridealsas\"]},{\"@type\":\"Person\",\"@id\":\"https:\/\/www.carideal.com\/blog\/#\/schema\/person\/985c7e757d1042d647f21bfaf8d41ebc\",\"name\":\"N.S Carideal\",\"image\":{\"@type\":\"ImageObject\",\"inLanguage\":\"fr-FR\",\"@id\":\"https:\/\/www.carideal.com\/blog\/#\/schema\/person\/image\/\",\"url\":\"https:\/\/secure.gravatar.com\/avatar\/edb7ccdf1a4e3d14aef967760d354d0e?s=96&r=g\",\"contentUrl\":\"https:\/\/secure.gravatar.com\/avatar\/edb7ccdf1a4e3d14aef967760d354d0e?s=96&r=g\",\"caption\":\"N.S Carideal\"},\"description\":\"Depuis tout petit fan d'automobile. Il est question d'essayer et de comparer toutes ces voitures qui nous ont fait r\u00e9ver, avant que celles-ci ne devient uniquement des voitures de collection.\",\"sameAs\":[\"http:\/\/www.carideal.com\/blog\",\"https:\/\/www.facebook.com\/Carideal.mandataire.automobile\/\",\"https:\/\/www.linkedin.com\/in\/nschiavon\/\",\"https:\/\/www.youtube.com\/user\/caridealsas\/\"],\"url\":\"https:\/\/www.carideal.com\/blog\/author\/admin_carideal\/\"}]}<\/script>\n<!-- \/ Yoast SEO plugin. -->","yoast_head_json":{"title":"La course \u00e0 la voiture autonome sans chauffeur - Blog auto Carid\u00e9al","description":"C'est parti tous les constructeurs vont se \"tirer la bourre\" pour mettre au point leur voiture autonome sans chauffeur, Apple, Google sont dans la danse","robots":{"index":"index","follow":"follow","max-snippet":"max-snippet:-1","max-image-preview":"max-image-preview:large","max-video-preview":"max-video-preview:-1"},"canonical":"https:\/\/www.carideal.com\/blog\/2014\/02\/01\/la-course-a-la-voiture-autonome-a-commencee-entre-les-constructeurs\/","og_locale":"fr_FR","og_type":"article","og_title":"La course \u00e0 la voiture autonome sans chauffeur - Blog auto Carid\u00e9al","og_description":"C'est parti tous les constructeurs vont se \"tirer la bourre\" pour mettre au point leur voiture autonome sans chauffeur, Apple, Google sont dans la danse","og_url":"https:\/\/www.carideal.com\/blog\/2014\/02\/01\/la-course-a-la-voiture-autonome-a-commencee-entre-les-constructeurs\/","og_site_name":"Blog auto Carid\u00e9al","article_publisher":"https:\/\/www.facebook.com\/Carideal.mandataire.automobile","article_author":"https:\/\/www.facebook.com\/Carideal.mandataire.automobile\/","article_published_time":"2014-02-01T09:11:00+00:00","article_modified_time":"2016-04-19T15:00:09+00:00","og_image":[{"width":300,"height":300,"url":"https:\/\/www.carideal.com\/blog\/wp-content\/uploads\/2016\/03\/logo-carideal-mandataire-automobile.png","type":"image\/png"}],"author":"N.S Carideal","twitter_card":"summary_large_image","twitter_creator":"@caridealauto","twitter_site":"@caridealauto","twitter_misc":{"\u00c9crit par":"N.S Carideal","Dur\u00e9e de lecture estim\u00e9e":"2 minutes"},"schema":{"@context":"https:\/\/schema.org","@graph":[{"@type":"Article","@id":"https:\/\/www.carideal.com\/blog\/2014\/02\/01\/la-course-a-la-voiture-autonome-a-commencee-entre-les-constructeurs\/#article","isPartOf":{"@id":"https:\/\/www.carideal.com\/blog\/2014\/02\/01\/la-course-a-la-voiture-autonome-a-commencee-entre-les-constructeurs\/"},"author":{"name":"N.S Carideal","@id":"https:\/\/www.carideal.com\/blog\/#\/schema\/person\/985c7e757d1042d647f21bfaf8d41ebc"},"headline":"La course \u00e0 la voiture autonome sans chauffeur","datePublished":"2014-02-01T09:11:00+00:00","dateModified":"2016-04-19T15:00:09+00:00","mainEntityOfPage":{"@id":"https:\/\/www.carideal.com\/blog\/2014\/02\/01\/la-course-a-la-voiture-autonome-a-commencee-entre-les-constructeurs\/"},"wordCount":359,"commentCount":0,"publisher":{"@id":"https:\/\/www.carideal.com\/blog\/#organization"},"keywords":["Google"],"articleSection":["March\u00e9 automobile","Technologie Automobile","Voiture autonome"],"inLanguage":"fr-FR","potentialAction":[{"@type":"CommentAction","name":"Comment","target":["https:\/\/www.carideal.com\/blog\/2014\/02\/01\/la-course-a-la-voiture-autonome-a-commencee-entre-les-constructeurs\/#respond"]}]},{"@type":"WebPage","@id":"https:\/\/www.carideal.com\/blog\/2014\/02\/01\/la-course-a-la-voiture-autonome-a-commencee-entre-les-constructeurs\/","url":"https:\/\/www.carideal.com\/blog\/2014\/02\/01\/la-course-a-la-voiture-autonome-a-commencee-entre-les-constructeurs\/","name":"La course \u00e0 la voiture autonome sans chauffeur - Blog auto Carid\u00e9al","isPartOf":{"@id":"https:\/\/www.carideal.com\/blog\/#website"},"datePublished":"2014-02-01T09:11:00+00:00","dateModified":"2016-04-19T15:00:09+00:00","description":"C'est parti tous les constructeurs vont se \"tirer la bourre\" pour mettre au point leur voiture autonome sans chauffeur, Apple, Google sont dans la danse","breadcrumb":{"@id":"https:\/\/www.carideal.com\/blog\/2014\/02\/01\/la-course-a-la-voiture-autonome-a-commencee-entre-les-constructeurs\/#breadcrumb"},"inLanguage":"fr-FR","potentialAction":[{"@type":"ReadAction","target":["https:\/\/www.carideal.com\/blog\/2014\/02\/01\/la-course-a-la-voiture-autonome-a-commencee-entre-les-constructeurs\/"]}]},{"@type":"BreadcrumbList","@id":"https:\/\/www.carideal.com\/blog\/2014\/02\/01\/la-course-a-la-voiture-autonome-a-commencee-entre-les-constructeurs\/#breadcrumb","itemListElement":[{"@type":"ListItem","position":1,"name":"Blog Carid\u00e9al","item":"https:\/\/www.carideal.com\/blog\/"},{"@type":"ListItem","position":2,"name":"Technologie Automobile","item":"https:\/\/www.carideal.com\/blog\/technologie-2\/"},{"@type":"ListItem","position":3,"name":"Voiture autonome","item":"https:\/\/www.carideal.com\/blog\/technologie-2\/voiture-autonome\/"},{"@type":"ListItem","position":4,"name":"La course \u00e0 la voiture autonome sans chauffeur"}]},{"@type":"WebSite","@id":"https:\/\/www.carideal.com\/blog\/#website","url":"https:\/\/www.carideal.com\/blog\/","name":"Blog auto Carid\u00e9al","description":"Actualit\u00e9 auto par des passionn\u00e9s","publisher":{"@id":"https:\/\/www.carideal.com\/blog\/#organization"},"potentialAction":[{"@type":"SearchAction","target":{"@type":"EntryPoint","urlTemplate":"https:\/\/www.carideal.com\/blog\/?s={search_term_string}"},"query-input":{"@type":"PropertyValueSpecification","valueRequired":true,"valueName":"search_term_string"}}],"inLanguage":"fr-FR"},{"@type":"Organization","@id":"https:\/\/www.carideal.com\/blog\/#organization","name":"Carideal","url":"https:\/\/www.carideal.com\/blog\/","logo":{"@type":"ImageObject","inLanguage":"fr-FR","@id":"https:\/\/www.carideal.com\/blog\/#\/schema\/logo\/image\/","url":"http:\/\/www.carideal.com\/blog\/wp-content\/uploads\/2016\/03\/logo-carideal-mandataire-automobile.png","contentUrl":"http:\/\/www.carideal.com\/blog\/wp-content\/uploads\/2016\/03\/logo-carideal-mandataire-automobile.png","width":300,"height":300,"caption":"Carideal"},"image":{"@id":"https:\/\/www.carideal.com\/blog\/#\/schema\/logo\/image\/"},"sameAs":["https:\/\/www.facebook.com\/Carideal.mandataire.automobile","https:\/\/x.com\/caridealauto","https:\/\/www.instagram.com\/carideal1\/","https:\/\/www.linkedin.com\/company\/carideal.com","https:\/\/fr.pinterest.com\/schiavonsas\/","https:\/\/www.youtube.com\/user\/caridealsas"]},{"@type":"Person","@id":"https:\/\/www.carideal.com\/blog\/#\/schema\/person\/985c7e757d1042d647f21bfaf8d41ebc","name":"N.S Carideal","image":{"@type":"ImageObject","inLanguage":"fr-FR","@id":"https:\/\/www.carideal.com\/blog\/#\/schema\/person\/image\/","url":"https:\/\/secure.gravatar.com\/avatar\/edb7ccdf1a4e3d14aef967760d354d0e?s=96&r=g","contentUrl":"https:\/\/secure.gravatar.com\/avatar\/edb7ccdf1a4e3d14aef967760d354d0e?s=96&r=g","caption":"N.S Carideal"},"description":"Depuis tout petit fan d'automobile. Il est question d'essayer et de comparer toutes ces voitures qui nous ont fait r\u00e9ver, avant que celles-ci ne devient uniquement des voitures de collection.","sameAs":["http:\/\/www.carideal.com\/blog","https:\/\/www.facebook.com\/Carideal.mandataire.automobile\/","https:\/\/www.linkedin.com\/in\/nschiavon\/","https:\/\/www.youtube.com\/user\/caridealsas\/"],"url":"https:\/\/www.carideal.com\/blog\/author\/admin_carideal\/"}]}},"uagb_featured_image_src":{"full":false,"thumbnail":false,"medium":false,"medium_large":false,"large":false,"1536x1536":false,"2048x2048":false,"wppr-widget":false},"uagb_author_info":{"display_name":"N.S Carideal","author_link":"https:\/\/www.carideal.com\/blog\/author\/admin_carideal\/"},"uagb_comment_info":0,"uagb_excerpt":"La course \u00e0 la voiture autonome sans chauffeur a commenc\u00e9 entre les constructeurs Nissan Leaf a re\u00e7u au salon des hautes technologies CEATEC la plus haute distinction pour sa voiture autonome sans chauffeur Ca y est c'est parti tous les constructeurs vont se \"tirer la bourre\" pour mettre au point leur voiture autonome sans chauffeur,\u2026","_links":{"self":[{"href":"https:\/\/www.carideal.com\/blog\/wp-json\/wp\/v2\/posts\/1491"}],"collection":[{"href":"https:\/\/www.carideal.com\/blog\/wp-json\/wp\/v2\/posts"}],"about":[{"href":"https:\/\/www.carideal.com\/blog\/wp-json\/wp\/v2\/types\/post"}],"author":[{"embeddable":true,"href":"https:\/\/www.carideal.com\/blog\/wp-json\/wp\/v2\/users\/1"}],"replies":[{"embeddable":true,"href":"https:\/\/www.carideal.com\/blog\/wp-json\/wp\/v2\/comments?post=1491"}],"version-history":[{"count":0,"href":"https:\/\/www.carideal.com\/blog\/wp-json\/wp\/v2\/posts\/1491\/revisions"}],"wp:attachment":[{"href":"https:\/\/www.carideal.com\/blog\/wp-json\/wp\/v2\/media?parent=1491"}],"wp:term":[{"taxonomy":"category","embeddable":true,"href":"https:\/\/www.carideal.com\/blog\/wp-json\/wp\/v2\/categories?post=1491"},{"taxonomy":"post_tag","embeddable":true,"href":"https:\/\/www.carideal.com\/blog\/wp-json\/wp\/v2\/tags?post=1491"}],"curies":[{"name":"wp","href":"https:\/\/api.w.org\/{rel}","templated":true}]}}