{"id":1489,"date":"2014-01-26T06:36:00","date_gmt":"2014-01-26T06:36:00","guid":{"rendered":"http:\/\/carideal.com\/blog\/?p=1489"},"modified":"2016-06-26T12:22:17","modified_gmt":"2016-06-26T10:22:17","slug":"essai-opel-insignia-20-cdti-140-ecoflex","status":"publish","type":"post","link":"https:\/\/www.carideal.com\/blog\/2014\/01\/26\/essai-opel-insignia-20-cdti-140-ecoflex\/","title":{"rendered":"Essai Opel Insignia 20 CDTI 140 Ecoflex"},"content":{"rendered":"<p><img decoding=\"async\" title=\"opel-insignia-20-CDTI-140-ecoflex.jpg, janv. 2014\" src=\"\/blog\/public\/.opel-insignia-20-CDTI-140-ecoflex_m.jpg\" alt=\"opel-insignia-20-CDTI-140-ecoflex.jpg\" \/><\/p>\n<h1><strong>Opel insignia 2.0 CDTI Ecoflex 140 \u00e0 partir de 29000 \u20ac<\/strong><\/h1>\n<p>L'Opel Insignia vient de subir une l\u00e9ger restylage et se dote pour l'occasion d'un bon moteur avec les \u00e9missions de CO2 les plus basses de la cat\u00e9gorie.<br \/>\nL'Opel Insignia a \u00e9t\u00e9 pr\u00e9sent\u00e9 pour la premi\u00e8re fois en 2008 avec de belles lignes mais n'a jamais convaincu en France et ses ventes ne d\u00e9collent pas, seulement 2500 en 2013.<br \/>\nSa nouvelle calandre, et antibrouillards avec ses feux diurnes la rendent plus a\u00e9rodynamique d'autant qu'elle est dot\u00e9 du meilleur a\u00e9rodynamisme de sa cat\u00e9gorie, (Cx de 0.25)<br \/>\nSon nouveau moteur 2.0 CDTI 140 ch, nouvellement revu, lui permet d'\u00eatre le plus sobre de sa cat\u00e9gorie 3.7 l\/100 km pour 99 g\/km de CO2 seulement.<br \/>\nLe nouveau moteur affiche 140 ch soit 10 ch de plus qu'auparavant pour un couple fort de 350 Nm disponible d\u00e8s 1750 tr\/min.<br \/>\nCe bloc engendre quelques vibrations \u00e0 bas r\u00e9gime au ralenti et gronde \u00e0 l'acc\u00e9l\u00e9ration. Son 6\u00b0 rapport tr\u00e8s long le p\u00e9nalise pour les reprises et oblige \u00e0 tomber un rapport.<br \/>\nL'Insignia est dot\u00e9 d'un bon confort et propose de bonnes qualit\u00e9s dynamique. En option vous pourrez choisir la suspension pilot\u00e9e \u00e0 850 \u20ac.<br \/>\nA l'int\u00e9rieur la pr\u00e9sentation \u00e9volue et utilise des mat\u00e9riaux de bonnes factures, il resterait \u00e0 perfectionner quelques assemblages restant perfectibles. Elle est \u00e9quip\u00e9 d'un nouvel \u00e9cran tactile de grande taille int\u00e9grant le GPS sur la version Cosmo.<\/p>\n<p>Le Coffre est vaste, 530 litres, ce qui nuit \u00e0 l'habitabilit\u00e9 des places arri\u00e8res. L'Opel Insignia n'est maintenant disponible qu'en version \u00e0 5p avec hayon.<\/p>\n<p>\/ Opel Insignia country Tourer<br \/>\n\/ Achat Opel Insignia Moins ch\u00e8re avec Carideal Mandataire Automobile<\/p>\n","protected":false},"excerpt":{"rendered":"<p>Opel insignia 2.0 CDTI Ecoflex 140 \u00e0 partir de 29000 \u20ac L&rsquo;Opel Insignia vient de subir une l\u00e9ger restylage et se dote pour l&rsquo;occasion d&rsquo;un bon moteur avec les \u00e9missions de CO2 les plus basses de la cat\u00e9gorie. L&rsquo;Opel Insignia a \u00e9t\u00e9 pr\u00e9sent\u00e9 pour la premi\u00e8re fois en 2008 avec de belles lignes mais n&rsquo;a &#8230; <a title=\"Essai Opel Insignia 20 CDTI 140 Ecoflex\" class=\"read-more\" href=\"https:\/\/www.carideal.com\/blog\/2014\/01\/26\/essai-opel-insignia-20-cdti-140-ecoflex\/\" aria-label=\"En savoir plus sur Essai Opel Insignia 20 CDTI 140 Ecoflex\">Lire plus<\/a><\/p>\n","protected":false},"author":1,"featured_media":0,"comment_status":"open","ping_status":"open","sticky":false,"template":"","format":"standard","meta":{"_uag_custom_page_level_css":"","_themeisle_gutenberg_block_has_review":false,"footnotes":""},"categories":[21,5944,6017,6012,5947,6018,10,5974],"tags":[],"class_list":["post-1489","post","type-post","status-publish","format-standard","hentry","category-actualites-auto","category-constructeur","category-opel","category-berlines","category-essai","category-opel-essai","category-marche-automobile-voiture-neuve-occasion-4x4-suv","category-type-de-vehicule"],"wppr_data":[],"yoast_head":"<!-- This site is optimized with the Yoast SEO plugin v24.8.1 - https:\/\/yoast.com\/wordpress\/plugins\/seo\/ -->\n<title>Essai Opel Insignia 20 CDTI 140 Ecoflex - Blog auto Carid\u00e9al<\/title>\n<meta name=\"robots\" content=\"index, follow, max-snippet:-1, max-image-preview:large, max-video-preview:-1\" \/>\n<link rel=\"canonical\" href=\"https:\/\/www.carideal.com\/blog\/2014\/01\/26\/essai-opel-insignia-20-cdti-140-ecoflex\/\" \/>\n<meta property=\"og:locale\" content=\"fr_FR\" \/>\n<meta property=\"og:type\" content=\"article\" \/>\n<meta property=\"og:title\" content=\"Essai Opel Insignia 20 CDTI 140 Ecoflex - Blog auto Carid\u00e9al\" \/>\n<meta property=\"og:description\" content=\"Opel insignia 2.0 CDTI Ecoflex 140 \u00e0 partir de 29000 \u20ac L&#039;Opel Insignia vient de subir une l\u00e9ger restylage et se dote pour l&#039;occasion d&#039;un bon moteur avec les \u00e9missions de CO2 les plus basses de la cat\u00e9gorie. L&#039;Opel Insignia a \u00e9t\u00e9 pr\u00e9sent\u00e9 pour la premi\u00e8re fois en 2008 avec de belles lignes mais n&#039;a ... Lire plus\" \/>\n<meta property=\"og:url\" content=\"https:\/\/www.carideal.com\/blog\/2014\/01\/26\/essai-opel-insignia-20-cdti-140-ecoflex\/\" \/>\n<meta property=\"og:site_name\" content=\"Blog auto Carid\u00e9al\" \/>\n<meta property=\"article:publisher\" content=\"https:\/\/www.facebook.com\/Carideal.mandataire.automobile\" \/>\n<meta property=\"article:author\" content=\"https:\/\/www.facebook.com\/Carideal.mandataire.automobile\/\" \/>\n<meta property=\"article:published_time\" content=\"2014-01-26T06:36:00+00:00\" \/>\n<meta property=\"article:modified_time\" content=\"2016-06-26T10:22:17+00:00\" \/>\n<meta property=\"og:image\" content=\"https:\/\/www.carideal.com\/blog\/wp-content\/uploads\/2016\/03\/logo-carideal-mandataire-automobile.png\" \/>\n\t<meta property=\"og:image:width\" content=\"300\" \/>\n\t<meta property=\"og:image:height\" content=\"300\" \/>\n\t<meta property=\"og:image:type\" content=\"image\/png\" \/>\n<meta name=\"author\" content=\"N.S Carideal\" \/>\n<meta name=\"twitter:card\" content=\"summary_large_image\" \/>\n<meta name=\"twitter:creator\" content=\"@caridealauto\" \/>\n<meta name=\"twitter:site\" content=\"@caridealauto\" \/>\n<meta name=\"twitter:label1\" content=\"\u00c9crit par\" \/>\n\t<meta name=\"twitter:data1\" content=\"N.S Carideal\" \/>\n\t<meta name=\"twitter:label2\" content=\"Dur\u00e9e de lecture estim\u00e9e\" \/>\n\t<meta name=\"twitter:data2\" content=\"1 minute\" \/>\n<script type=\"application\/ld+json\" class=\"yoast-schema-graph\">{\"@context\":\"https:\/\/schema.org\",\"@graph\":[{\"@type\":\"Article\",\"@id\":\"https:\/\/www.carideal.com\/blog\/2014\/01\/26\/essai-opel-insignia-20-cdti-140-ecoflex\/#article\",\"isPartOf\":{\"@id\":\"https:\/\/www.carideal.com\/blog\/2014\/01\/26\/essai-opel-insignia-20-cdti-140-ecoflex\/\"},\"author\":{\"name\":\"N.S Carideal\",\"@id\":\"https:\/\/www.carideal.com\/blog\/#\/schema\/person\/985c7e757d1042d647f21bfaf8d41ebc\"},\"headline\":\"Essai Opel Insignia 20 CDTI 140 Ecoflex\",\"datePublished\":\"2014-01-26T06:36:00+00:00\",\"dateModified\":\"2016-06-26T10:22:17+00:00\",\"mainEntityOfPage\":{\"@id\":\"https:\/\/www.carideal.com\/blog\/2014\/01\/26\/essai-opel-insignia-20-cdti-140-ecoflex\/\"},\"wordCount\":276,\"commentCount\":0,\"publisher\":{\"@id\":\"https:\/\/www.carideal.com\/blog\/#organization\"},\"articleSection\":[\"Actualit\u00e9 automobile\",\"Actualit\u00e9 Constructeur automobile\",\"Actualit\u00e9 Opel\",\"Berlines\",\"Essais automobile\",\"Essais Opel\",\"March\u00e9 automobile\",\"Type de v\u00e9hicule\"],\"inLanguage\":\"fr-FR\",\"potentialAction\":[{\"@type\":\"CommentAction\",\"name\":\"Comment\",\"target\":[\"https:\/\/www.carideal.com\/blog\/2014\/01\/26\/essai-opel-insignia-20-cdti-140-ecoflex\/#respond\"]}]},{\"@type\":\"WebPage\",\"@id\":\"https:\/\/www.carideal.com\/blog\/2014\/01\/26\/essai-opel-insignia-20-cdti-140-ecoflex\/\",\"url\":\"https:\/\/www.carideal.com\/blog\/2014\/01\/26\/essai-opel-insignia-20-cdti-140-ecoflex\/\",\"name\":\"Essai Opel Insignia 20 CDTI 140 Ecoflex - Blog auto Carid\u00e9al\",\"isPartOf\":{\"@id\":\"https:\/\/www.carideal.com\/blog\/#website\"},\"datePublished\":\"2014-01-26T06:36:00+00:00\",\"dateModified\":\"2016-06-26T10:22:17+00:00\",\"breadcrumb\":{\"@id\":\"https:\/\/www.carideal.com\/blog\/2014\/01\/26\/essai-opel-insignia-20-cdti-140-ecoflex\/#breadcrumb\"},\"inLanguage\":\"fr-FR\",\"potentialAction\":[{\"@type\":\"ReadAction\",\"target\":[\"https:\/\/www.carideal.com\/blog\/2014\/01\/26\/essai-opel-insignia-20-cdti-140-ecoflex\/\"]}]},{\"@type\":\"BreadcrumbList\",\"@id\":\"https:\/\/www.carideal.com\/blog\/2014\/01\/26\/essai-opel-insignia-20-cdti-140-ecoflex\/#breadcrumb\",\"itemListElement\":[{\"@type\":\"ListItem\",\"position\":1,\"name\":\"Blog Carid\u00e9al\",\"item\":\"https:\/\/www.carideal.com\/blog\/\"},{\"@type\":\"ListItem\",\"position\":2,\"name\":\"March\u00e9 automobile\",\"item\":\"https:\/\/www.carideal.com\/blog\/marche-automobile-voiture-neuve-occasion-4x4-suv\/\"},{\"@type\":\"ListItem\",\"position\":3,\"name\":\"Essai Opel Insignia 20 CDTI 140 Ecoflex\"}]},{\"@type\":\"WebSite\",\"@id\":\"https:\/\/www.carideal.com\/blog\/#website\",\"url\":\"https:\/\/www.carideal.com\/blog\/\",\"name\":\"Blog auto Carid\u00e9al\",\"description\":\"Actualit\u00e9 auto par des passionn\u00e9s\",\"publisher\":{\"@id\":\"https:\/\/www.carideal.com\/blog\/#organization\"},\"potentialAction\":[{\"@type\":\"SearchAction\",\"target\":{\"@type\":\"EntryPoint\",\"urlTemplate\":\"https:\/\/www.carideal.com\/blog\/?s={search_term_string}\"},\"query-input\":{\"@type\":\"PropertyValueSpecification\",\"valueRequired\":true,\"valueName\":\"search_term_string\"}}],\"inLanguage\":\"fr-FR\"},{\"@type\":\"Organization\",\"@id\":\"https:\/\/www.carideal.com\/blog\/#organization\",\"name\":\"Carideal\",\"url\":\"https:\/\/www.carideal.com\/blog\/\",\"logo\":{\"@type\":\"ImageObject\",\"inLanguage\":\"fr-FR\",\"@id\":\"https:\/\/www.carideal.com\/blog\/#\/schema\/logo\/image\/\",\"url\":\"http:\/\/www.carideal.com\/blog\/wp-content\/uploads\/2016\/03\/logo-carideal-mandataire-automobile.png\",\"contentUrl\":\"http:\/\/www.carideal.com\/blog\/wp-content\/uploads\/2016\/03\/logo-carideal-mandataire-automobile.png\",\"width\":300,\"height\":300,\"caption\":\"Carideal\"},\"image\":{\"@id\":\"https:\/\/www.carideal.com\/blog\/#\/schema\/logo\/image\/\"},\"sameAs\":[\"https:\/\/www.facebook.com\/Carideal.mandataire.automobile\",\"https:\/\/x.com\/caridealauto\",\"https:\/\/www.instagram.com\/carideal1\/\",\"https:\/\/www.linkedin.com\/company\/carideal.com\",\"https:\/\/fr.pinterest.com\/schiavonsas\/\",\"https:\/\/www.youtube.com\/user\/caridealsas\"]},{\"@type\":\"Person\",\"@id\":\"https:\/\/www.carideal.com\/blog\/#\/schema\/person\/985c7e757d1042d647f21bfaf8d41ebc\",\"name\":\"N.S Carideal\",\"image\":{\"@type\":\"ImageObject\",\"inLanguage\":\"fr-FR\",\"@id\":\"https:\/\/www.carideal.com\/blog\/#\/schema\/person\/image\/\",\"url\":\"https:\/\/secure.gravatar.com\/avatar\/edb7ccdf1a4e3d14aef967760d354d0e?s=96&r=g\",\"contentUrl\":\"https:\/\/secure.gravatar.com\/avatar\/edb7ccdf1a4e3d14aef967760d354d0e?s=96&r=g\",\"caption\":\"N.S Carideal\"},\"description\":\"Depuis tout petit fan d'automobile. Il est question d'essayer et de comparer toutes ces voitures qui nous ont fait r\u00e9ver, avant que celles-ci ne devient uniquement des voitures de collection.\",\"sameAs\":[\"http:\/\/www.carideal.com\/blog\",\"https:\/\/www.facebook.com\/Carideal.mandataire.automobile\/\",\"https:\/\/www.linkedin.com\/in\/nschiavon\/\",\"https:\/\/www.youtube.com\/user\/caridealsas\/\"],\"url\":\"https:\/\/www.carideal.com\/blog\/author\/admin_carideal\/\"}]}<\/script>\n<!-- \/ Yoast SEO plugin. -->","yoast_head_json":{"title":"Essai Opel Insignia 20 CDTI 140 Ecoflex - Blog auto Carid\u00e9al","robots":{"index":"index","follow":"follow","max-snippet":"max-snippet:-1","max-image-preview":"max-image-preview:large","max-video-preview":"max-video-preview:-1"},"canonical":"https:\/\/www.carideal.com\/blog\/2014\/01\/26\/essai-opel-insignia-20-cdti-140-ecoflex\/","og_locale":"fr_FR","og_type":"article","og_title":"Essai Opel Insignia 20 CDTI 140 Ecoflex - Blog auto Carid\u00e9al","og_description":"Opel insignia 2.0 CDTI Ecoflex 140 \u00e0 partir de 29000 \u20ac L'Opel Insignia vient de subir une l\u00e9ger restylage et se dote pour l'occasion d'un bon moteur avec les \u00e9missions de CO2 les plus basses de la cat\u00e9gorie. L'Opel Insignia a \u00e9t\u00e9 pr\u00e9sent\u00e9 pour la premi\u00e8re fois en 2008 avec de belles lignes mais n'a ... Lire plus","og_url":"https:\/\/www.carideal.com\/blog\/2014\/01\/26\/essai-opel-insignia-20-cdti-140-ecoflex\/","og_site_name":"Blog auto Carid\u00e9al","article_publisher":"https:\/\/www.facebook.com\/Carideal.mandataire.automobile","article_author":"https:\/\/www.facebook.com\/Carideal.mandataire.automobile\/","article_published_time":"2014-01-26T06:36:00+00:00","article_modified_time":"2016-06-26T10:22:17+00:00","og_image":[{"width":300,"height":300,"url":"https:\/\/www.carideal.com\/blog\/wp-content\/uploads\/2016\/03\/logo-carideal-mandataire-automobile.png","type":"image\/png"}],"author":"N.S Carideal","twitter_card":"summary_large_image","twitter_creator":"@caridealauto","twitter_site":"@caridealauto","twitter_misc":{"\u00c9crit par":"N.S Carideal","Dur\u00e9e de lecture estim\u00e9e":"1 minute"},"schema":{"@context":"https:\/\/schema.org","@graph":[{"@type":"Article","@id":"https:\/\/www.carideal.com\/blog\/2014\/01\/26\/essai-opel-insignia-20-cdti-140-ecoflex\/#article","isPartOf":{"@id":"https:\/\/www.carideal.com\/blog\/2014\/01\/26\/essai-opel-insignia-20-cdti-140-ecoflex\/"},"author":{"name":"N.S Carideal","@id":"https:\/\/www.carideal.com\/blog\/#\/schema\/person\/985c7e757d1042d647f21bfaf8d41ebc"},"headline":"Essai Opel Insignia 20 CDTI 140 Ecoflex","datePublished":"2014-01-26T06:36:00+00:00","dateModified":"2016-06-26T10:22:17+00:00","mainEntityOfPage":{"@id":"https:\/\/www.carideal.com\/blog\/2014\/01\/26\/essai-opel-insignia-20-cdti-140-ecoflex\/"},"wordCount":276,"commentCount":0,"publisher":{"@id":"https:\/\/www.carideal.com\/blog\/#organization"},"articleSection":["Actualit\u00e9 automobile","Actualit\u00e9 Constructeur automobile","Actualit\u00e9 Opel","Berlines","Essais automobile","Essais Opel","March\u00e9 automobile","Type de v\u00e9hicule"],"inLanguage":"fr-FR","potentialAction":[{"@type":"CommentAction","name":"Comment","target":["https:\/\/www.carideal.com\/blog\/2014\/01\/26\/essai-opel-insignia-20-cdti-140-ecoflex\/#respond"]}]},{"@type":"WebPage","@id":"https:\/\/www.carideal.com\/blog\/2014\/01\/26\/essai-opel-insignia-20-cdti-140-ecoflex\/","url":"https:\/\/www.carideal.com\/blog\/2014\/01\/26\/essai-opel-insignia-20-cdti-140-ecoflex\/","name":"Essai Opel Insignia 20 CDTI 140 Ecoflex - Blog auto Carid\u00e9al","isPartOf":{"@id":"https:\/\/www.carideal.com\/blog\/#website"},"datePublished":"2014-01-26T06:36:00+00:00","dateModified":"2016-06-26T10:22:17+00:00","breadcrumb":{"@id":"https:\/\/www.carideal.com\/blog\/2014\/01\/26\/essai-opel-insignia-20-cdti-140-ecoflex\/#breadcrumb"},"inLanguage":"fr-FR","potentialAction":[{"@type":"ReadAction","target":["https:\/\/www.carideal.com\/blog\/2014\/01\/26\/essai-opel-insignia-20-cdti-140-ecoflex\/"]}]},{"@type":"BreadcrumbList","@id":"https:\/\/www.carideal.com\/blog\/2014\/01\/26\/essai-opel-insignia-20-cdti-140-ecoflex\/#breadcrumb","itemListElement":[{"@type":"ListItem","position":1,"name":"Blog Carid\u00e9al","item":"https:\/\/www.carideal.com\/blog\/"},{"@type":"ListItem","position":2,"name":"March\u00e9 automobile","item":"https:\/\/www.carideal.com\/blog\/marche-automobile-voiture-neuve-occasion-4x4-suv\/"},{"@type":"ListItem","position":3,"name":"Essai Opel Insignia 20 CDTI 140 Ecoflex"}]},{"@type":"WebSite","@id":"https:\/\/www.carideal.com\/blog\/#website","url":"https:\/\/www.carideal.com\/blog\/","name":"Blog auto Carid\u00e9al","description":"Actualit\u00e9 auto par des passionn\u00e9s","publisher":{"@id":"https:\/\/www.carideal.com\/blog\/#organization"},"potentialAction":[{"@type":"SearchAction","target":{"@type":"EntryPoint","urlTemplate":"https:\/\/www.carideal.com\/blog\/?s={search_term_string}"},"query-input":{"@type":"PropertyValueSpecification","valueRequired":true,"valueName":"search_term_string"}}],"inLanguage":"fr-FR"},{"@type":"Organization","@id":"https:\/\/www.carideal.com\/blog\/#organization","name":"Carideal","url":"https:\/\/www.carideal.com\/blog\/","logo":{"@type":"ImageObject","inLanguage":"fr-FR","@id":"https:\/\/www.carideal.com\/blog\/#\/schema\/logo\/image\/","url":"http:\/\/www.carideal.com\/blog\/wp-content\/uploads\/2016\/03\/logo-carideal-mandataire-automobile.png","contentUrl":"http:\/\/www.carideal.com\/blog\/wp-content\/uploads\/2016\/03\/logo-carideal-mandataire-automobile.png","width":300,"height":300,"caption":"Carideal"},"image":{"@id":"https:\/\/www.carideal.com\/blog\/#\/schema\/logo\/image\/"},"sameAs":["https:\/\/www.facebook.com\/Carideal.mandataire.automobile","https:\/\/x.com\/caridealauto","https:\/\/www.instagram.com\/carideal1\/","https:\/\/www.linkedin.com\/company\/carideal.com","https:\/\/fr.pinterest.com\/schiavonsas\/","https:\/\/www.youtube.com\/user\/caridealsas"]},{"@type":"Person","@id":"https:\/\/www.carideal.com\/blog\/#\/schema\/person\/985c7e757d1042d647f21bfaf8d41ebc","name":"N.S Carideal","image":{"@type":"ImageObject","inLanguage":"fr-FR","@id":"https:\/\/www.carideal.com\/blog\/#\/schema\/person\/image\/","url":"https:\/\/secure.gravatar.com\/avatar\/edb7ccdf1a4e3d14aef967760d354d0e?s=96&r=g","contentUrl":"https:\/\/secure.gravatar.com\/avatar\/edb7ccdf1a4e3d14aef967760d354d0e?s=96&r=g","caption":"N.S Carideal"},"description":"Depuis tout petit fan d'automobile. Il est question d'essayer et de comparer toutes ces voitures qui nous ont fait r\u00e9ver, avant que celles-ci ne devient uniquement des voitures de collection.","sameAs":["http:\/\/www.carideal.com\/blog","https:\/\/www.facebook.com\/Carideal.mandataire.automobile\/","https:\/\/www.linkedin.com\/in\/nschiavon\/","https:\/\/www.youtube.com\/user\/caridealsas\/"],"url":"https:\/\/www.carideal.com\/blog\/author\/admin_carideal\/"}]}},"uagb_featured_image_src":{"full":false,"thumbnail":false,"medium":false,"medium_large":false,"large":false,"1536x1536":false,"2048x2048":false,"wppr-widget":false},"uagb_author_info":{"display_name":"N.S Carideal","author_link":"https:\/\/www.carideal.com\/blog\/author\/admin_carideal\/"},"uagb_comment_info":0,"uagb_excerpt":"Opel insignia 2.0 CDTI Ecoflex 140 \u00e0 partir de 29000 \u20ac L'Opel Insignia vient de subir une l\u00e9ger restylage et se dote pour l'occasion d'un bon moteur avec les \u00e9missions de CO2 les plus basses de la cat\u00e9gorie. L'Opel Insignia a \u00e9t\u00e9 pr\u00e9sent\u00e9 pour la premi\u00e8re fois en 2008 avec de belles lignes mais n'a\u2026","_links":{"self":[{"href":"https:\/\/www.carideal.com\/blog\/wp-json\/wp\/v2\/posts\/1489"}],"collection":[{"href":"https:\/\/www.carideal.com\/blog\/wp-json\/wp\/v2\/posts"}],"about":[{"href":"https:\/\/www.carideal.com\/blog\/wp-json\/wp\/v2\/types\/post"}],"author":[{"embeddable":true,"href":"https:\/\/www.carideal.com\/blog\/wp-json\/wp\/v2\/users\/1"}],"replies":[{"embeddable":true,"href":"https:\/\/www.carideal.com\/blog\/wp-json\/wp\/v2\/comments?post=1489"}],"version-history":[{"count":0,"href":"https:\/\/www.carideal.com\/blog\/wp-json\/wp\/v2\/posts\/1489\/revisions"}],"wp:attachment":[{"href":"https:\/\/www.carideal.com\/blog\/wp-json\/wp\/v2\/media?parent=1489"}],"wp:term":[{"taxonomy":"category","embeddable":true,"href":"https:\/\/www.carideal.com\/blog\/wp-json\/wp\/v2\/categories?post=1489"},{"taxonomy":"post_tag","embeddable":true,"href":"https:\/\/www.carideal.com\/blog\/wp-json\/wp\/v2\/tags?post=1489"}],"curies":[{"name":"wp","href":"https:\/\/api.w.org\/{rel}","templated":true}]}}