{"id":1480,"date":"2014-01-09T09:37:00","date_gmt":"2014-01-09T09:37:00","guid":{"rendered":"http:\/\/carideal.com\/blog\/?p=1480"},"modified":"2014-01-09T09:37:00","modified_gmt":"2014-01-09T09:37:00","slug":"bmw-x5-xdrive-30d-a-lessai","status":"publish","type":"post","link":"https:\/\/www.carideal.com\/blog\/2014\/01\/09\/bmw-x5-xdrive-30d-a-lessai\/","title":{"rendered":"BMW X5 xDrive 30d \u00e0 l&rsquo;essai"},"content":{"rendered":"<p><img decoding=\"async\" src=\"\/blog\/public\/.bmw-x5-2014-carideal-mandataire-automobile_m.jpg\" alt=\"bmw-x5-2014-carideal-mandataire-automobile.jpg\" title=\"bmw-x5-2014-carideal-mandataire-automobile.jpg, janv. 2014\" \/><\/p>\n<blockquote>\n<p>#BMW #X5 2014 en vente \u00e0 partir de 66400 \u20ac<\/p>\n<\/blockquote>\n<p>\nLe BMW X5 joue la modernit\u00e9. Il respecte les normes <a href=\"\/blog\/index.php?tag\/Euro%20VI\">Euro VI<\/a> et ram\u00e8ne son malus de 5000 \u00e0 1500 \u20ac. La troisi\u00e8me g\u00e9n\u00e9ration de BMW X5, m\u00eame sans compter sa version d'entr\u00e9 de gamme \u00e0 4 cylindres en <a href=\"\/blog\/index.php?tag\/4x2\">4x2<\/a>, sait \u00eatre plus \u00e9cologique en augmentant ses prestations.<br \/>\nOn pouvait compter sur l'expertise technique de BMW pour r\u00e9soudre l'\u00e9quation, <a href=\"\/blog\/index.php?tag\/SUV\">SUV<\/a>, 4,89 m, et deux tonnes avec le Malus \u00e9cologique.<br \/>\nLe constructeur allemand r\u00e9ussit \u00e0 proposer 13 ch et 20 Nm de plus en rejettant 33 g de CO2 \/ km en moins, ce qui ram\u00e8ne son malus de 5000 \u20ac \u00e0 2200 \u20ac cette ann\u00e9e.<\/p>\n<p>La version quatre cylindres en 4x2 de 218 ch ne propose que 400 \u20ac de malus. Reste \u00e0 savoir comment va r\u00e9agir le march\u00e9 \u00e0 cette nouvelle donne du malus en 2014\u00a0?<\/p>\n<p>Voyons... 2070 kg sur la balance annonc\u00e9 pour 6,2 litres aux 100 km en cycle mixte, donne en fait un bon 9,5 litres sur l'ordinateur de bord. Le 3,0d est tr\u00e8s agr\u00e9able \u00e0 conduite et reprend bien \u00e0 partir de 1500 tr\/min, il est tr\u00e8s nerveux et joue une belle musique, la boite de vitesse automatique \u00e0 huit rapports fait des merveilles.<br \/>\nBMW reste un ma\u00eetre dans l'art de passer la puissance \u00e0 la route, avec un anti-roulis actif, une direction \u00e0 d\u00e9multiplication variable, et la monte pneumatique sport permet aux 2 tonnes de l'engin de faire des merveilles. Les suspensions \u00ab\u00a0pompent\u00a0\u00bb et c'est dommage pour les passager, d'autant qu'il peut y en avoir 7 en option alors <a href=\"\/blog\/index.php?tag\/4x4\">4x4<\/a> ou monospace\u00a0?<\/p>\n<p><strong>Il s'est vendu 1,3 millions de <a href=\"\/blog\/index.php?tag\/BMW%20X5\">BMW X5<\/a> dans le monde dont 40000 en France depuis 1999.<\/strong> <\/p>\n<p>A l'int\u00e9rieur l'assemblage est plus pr\u00e9cis, l'\u00e9cran passe au 10,2 \u00ab\u00a0et monte en gamme sur la finition Exclusive la planche de bord et les panneaux de porte sont en cuir. <\/p>\n<p>Le BMW X5 a vu ses \u00e9quipements enrichis.<\/p>\n<p>La banquette arri\u00e8re du 3\u00b0 rang impose la suspension pneumatique \u00e0 correcteur d'assiette.<\/p>\n<p>Les feux 100 % LED flashe les pi\u00e9tons ou le gibier que la cam\u00e9ra thermique aura d\u00e9tect\u00e9s la nuit comme obstacle.<\/p>\n<p>On peut dire que ce nouveau BMX X5 de troisi\u00e8me g\u00e9n\u00e9ration est une r\u00e9ussite&nbsp;: plus pour moins cher.<\/p>\n<p>\/ <a href=\"\/blog\/index.php?post\/2013\/11\/24\/BMW-X5-eDRIVE\">BMW X5 eDRIVE<\/a><\/p>\n","protected":false},"excerpt":{"rendered":"<p>#BMW #X5 2014 en vente \u00e0 partir de 66400 \u20ac Le BMW X5 joue la modernit\u00e9. Il respecte les normes Euro VI et ram\u00e8ne son malus de 5000 \u00e0 1500 \u20ac. La troisi\u00e8me g\u00e9n\u00e9ration de BMW X5, m\u00eame sans compter sa version d&rsquo;entr\u00e9 de gamme \u00e0 4 cylindres en 4&#215;2, sait \u00eatre plus \u00e9cologique en &#8230; <a title=\"BMW X5 xDrive 30d \u00e0 l&rsquo;essai\" class=\"read-more\" href=\"https:\/\/www.carideal.com\/blog\/2014\/01\/09\/bmw-x5-xdrive-30d-a-lessai\/\" aria-label=\"En savoir plus sur BMW X5 xDrive 30d \u00e0 l&rsquo;essai\">Lire plus<\/a><\/p>\n","protected":false},"author":1,"featured_media":0,"comment_status":"open","ping_status":"open","sticky":false,"template":"","format":"standard","meta":{"_uag_custom_page_level_css":"","_themeisle_gutenberg_block_has_review":false,"footnotes":""},"categories":[10],"tags":[],"class_list":["post-1480","post","type-post","status-publish","format-standard","hentry","category-marche-automobile-voiture-neuve-occasion-4x4-suv"],"wppr_data":[],"yoast_head":"<!-- This site is optimized with the Yoast SEO plugin v24.8.1 - https:\/\/yoast.com\/wordpress\/plugins\/seo\/ -->\n<title>BMW X5 xDrive 30d \u00e0 l&#039;essai - Blog auto Carid\u00e9al<\/title>\n<meta name=\"robots\" content=\"index, follow, max-snippet:-1, max-image-preview:large, max-video-preview:-1\" \/>\n<link rel=\"canonical\" href=\"https:\/\/www.carideal.com\/blog\/2014\/01\/09\/bmw-x5-xdrive-30d-a-lessai\/\" \/>\n<meta property=\"og:locale\" content=\"fr_FR\" \/>\n<meta property=\"og:type\" content=\"article\" \/>\n<meta property=\"og:title\" content=\"BMW X5 xDrive 30d \u00e0 l&#039;essai - Blog auto Carid\u00e9al\" \/>\n<meta property=\"og:description\" content=\"#BMW #X5 2014 en vente \u00e0 partir de 66400 \u20ac Le BMW X5 joue la modernit\u00e9. Il respecte les normes Euro VI et ram\u00e8ne son malus de 5000 \u00e0 1500 \u20ac. La troisi\u00e8me g\u00e9n\u00e9ration de BMW X5, m\u00eame sans compter sa version d&#039;entr\u00e9 de gamme \u00e0 4 cylindres en 4x2, sait \u00eatre plus \u00e9cologique en ... Lire plus\" \/>\n<meta property=\"og:url\" content=\"https:\/\/www.carideal.com\/blog\/2014\/01\/09\/bmw-x5-xdrive-30d-a-lessai\/\" \/>\n<meta property=\"og:site_name\" content=\"Blog auto Carid\u00e9al\" \/>\n<meta property=\"article:publisher\" content=\"https:\/\/www.facebook.com\/Carideal.mandataire.automobile\" \/>\n<meta property=\"article:author\" content=\"https:\/\/www.facebook.com\/Carideal.mandataire.automobile\/\" \/>\n<meta property=\"article:published_time\" content=\"2014-01-09T09:37:00+00:00\" \/>\n<meta property=\"og:image\" content=\"https:\/\/www.carideal.com\/blog\/wp-content\/uploads\/2016\/03\/logo-carideal-mandataire-automobile.png\" \/>\n\t<meta property=\"og:image:width\" content=\"300\" \/>\n\t<meta property=\"og:image:height\" content=\"300\" \/>\n\t<meta property=\"og:image:type\" content=\"image\/png\" \/>\n<meta name=\"author\" content=\"N.S Carideal\" \/>\n<meta name=\"twitter:card\" content=\"summary_large_image\" \/>\n<meta name=\"twitter:creator\" content=\"@caridealauto\" \/>\n<meta name=\"twitter:site\" content=\"@caridealauto\" \/>\n<meta name=\"twitter:label1\" content=\"\u00c9crit par\" \/>\n\t<meta name=\"twitter:data1\" content=\"N.S Carideal\" \/>\n\t<meta name=\"twitter:label2\" content=\"Dur\u00e9e de lecture estim\u00e9e\" \/>\n\t<meta name=\"twitter:data2\" content=\"2 minutes\" \/>\n<script type=\"application\/ld+json\" class=\"yoast-schema-graph\">{\"@context\":\"https:\/\/schema.org\",\"@graph\":[{\"@type\":\"Article\",\"@id\":\"https:\/\/www.carideal.com\/blog\/2014\/01\/09\/bmw-x5-xdrive-30d-a-lessai\/#article\",\"isPartOf\":{\"@id\":\"https:\/\/www.carideal.com\/blog\/2014\/01\/09\/bmw-x5-xdrive-30d-a-lessai\/\"},\"author\":{\"name\":\"N.S Carideal\",\"@id\":\"https:\/\/www.carideal.com\/blog\/#\/schema\/person\/985c7e757d1042d647f21bfaf8d41ebc\"},\"headline\":\"BMW X5 xDrive 30d \u00e0 l&rsquo;essai\",\"datePublished\":\"2014-01-09T09:37:00+00:00\",\"mainEntityOfPage\":{\"@id\":\"https:\/\/www.carideal.com\/blog\/2014\/01\/09\/bmw-x5-xdrive-30d-a-lessai\/\"},\"wordCount\":366,\"commentCount\":0,\"publisher\":{\"@id\":\"https:\/\/www.carideal.com\/blog\/#organization\"},\"articleSection\":[\"March\u00e9 automobile\"],\"inLanguage\":\"fr-FR\",\"potentialAction\":[{\"@type\":\"CommentAction\",\"name\":\"Comment\",\"target\":[\"https:\/\/www.carideal.com\/blog\/2014\/01\/09\/bmw-x5-xdrive-30d-a-lessai\/#respond\"]}]},{\"@type\":\"WebPage\",\"@id\":\"https:\/\/www.carideal.com\/blog\/2014\/01\/09\/bmw-x5-xdrive-30d-a-lessai\/\",\"url\":\"https:\/\/www.carideal.com\/blog\/2014\/01\/09\/bmw-x5-xdrive-30d-a-lessai\/\",\"name\":\"BMW X5 xDrive 30d \u00e0 l'essai - Blog auto Carid\u00e9al\",\"isPartOf\":{\"@id\":\"https:\/\/www.carideal.com\/blog\/#website\"},\"datePublished\":\"2014-01-09T09:37:00+00:00\",\"breadcrumb\":{\"@id\":\"https:\/\/www.carideal.com\/blog\/2014\/01\/09\/bmw-x5-xdrive-30d-a-lessai\/#breadcrumb\"},\"inLanguage\":\"fr-FR\",\"potentialAction\":[{\"@type\":\"ReadAction\",\"target\":[\"https:\/\/www.carideal.com\/blog\/2014\/01\/09\/bmw-x5-xdrive-30d-a-lessai\/\"]}]},{\"@type\":\"BreadcrumbList\",\"@id\":\"https:\/\/www.carideal.com\/blog\/2014\/01\/09\/bmw-x5-xdrive-30d-a-lessai\/#breadcrumb\",\"itemListElement\":[{\"@type\":\"ListItem\",\"position\":1,\"name\":\"Blog Carid\u00e9al\",\"item\":\"https:\/\/www.carideal.com\/blog\/\"},{\"@type\":\"ListItem\",\"position\":2,\"name\":\"March\u00e9 automobile\",\"item\":\"https:\/\/www.carideal.com\/blog\/marche-automobile-voiture-neuve-occasion-4x4-suv\/\"},{\"@type\":\"ListItem\",\"position\":3,\"name\":\"BMW X5 xDrive 30d \u00e0 l&rsquo;essai\"}]},{\"@type\":\"WebSite\",\"@id\":\"https:\/\/www.carideal.com\/blog\/#website\",\"url\":\"https:\/\/www.carideal.com\/blog\/\",\"name\":\"Blog auto Carid\u00e9al\",\"description\":\"Actualit\u00e9 auto par des passionn\u00e9s\",\"publisher\":{\"@id\":\"https:\/\/www.carideal.com\/blog\/#organization\"},\"potentialAction\":[{\"@type\":\"SearchAction\",\"target\":{\"@type\":\"EntryPoint\",\"urlTemplate\":\"https:\/\/www.carideal.com\/blog\/?s={search_term_string}\"},\"query-input\":{\"@type\":\"PropertyValueSpecification\",\"valueRequired\":true,\"valueName\":\"search_term_string\"}}],\"inLanguage\":\"fr-FR\"},{\"@type\":\"Organization\",\"@id\":\"https:\/\/www.carideal.com\/blog\/#organization\",\"name\":\"Carideal\",\"url\":\"https:\/\/www.carideal.com\/blog\/\",\"logo\":{\"@type\":\"ImageObject\",\"inLanguage\":\"fr-FR\",\"@id\":\"https:\/\/www.carideal.com\/blog\/#\/schema\/logo\/image\/\",\"url\":\"http:\/\/www.carideal.com\/blog\/wp-content\/uploads\/2016\/03\/logo-carideal-mandataire-automobile.png\",\"contentUrl\":\"http:\/\/www.carideal.com\/blog\/wp-content\/uploads\/2016\/03\/logo-carideal-mandataire-automobile.png\",\"width\":300,\"height\":300,\"caption\":\"Carideal\"},\"image\":{\"@id\":\"https:\/\/www.carideal.com\/blog\/#\/schema\/logo\/image\/\"},\"sameAs\":[\"https:\/\/www.facebook.com\/Carideal.mandataire.automobile\",\"https:\/\/x.com\/caridealauto\",\"https:\/\/www.instagram.com\/carideal1\/\",\"https:\/\/www.linkedin.com\/company\/carideal.com\",\"https:\/\/fr.pinterest.com\/schiavonsas\/\",\"https:\/\/www.youtube.com\/user\/caridealsas\"]},{\"@type\":\"Person\",\"@id\":\"https:\/\/www.carideal.com\/blog\/#\/schema\/person\/985c7e757d1042d647f21bfaf8d41ebc\",\"name\":\"N.S Carideal\",\"image\":{\"@type\":\"ImageObject\",\"inLanguage\":\"fr-FR\",\"@id\":\"https:\/\/www.carideal.com\/blog\/#\/schema\/person\/image\/\",\"url\":\"https:\/\/secure.gravatar.com\/avatar\/edb7ccdf1a4e3d14aef967760d354d0e?s=96&r=g\",\"contentUrl\":\"https:\/\/secure.gravatar.com\/avatar\/edb7ccdf1a4e3d14aef967760d354d0e?s=96&r=g\",\"caption\":\"N.S Carideal\"},\"description\":\"Depuis tout petit fan d'automobile. Il est question d'essayer et de comparer toutes ces voitures qui nous ont fait r\u00e9ver, avant que celles-ci ne devient uniquement des voitures de collection.\",\"sameAs\":[\"http:\/\/www.carideal.com\/blog\",\"https:\/\/www.facebook.com\/Carideal.mandataire.automobile\/\",\"https:\/\/www.linkedin.com\/in\/nschiavon\/\",\"https:\/\/www.youtube.com\/user\/caridealsas\/\"],\"url\":\"https:\/\/www.carideal.com\/blog\/author\/admin_carideal\/\"}]}<\/script>\n<!-- \/ Yoast SEO plugin. -->","yoast_head_json":{"title":"BMW X5 xDrive 30d \u00e0 l'essai - Blog auto Carid\u00e9al","robots":{"index":"index","follow":"follow","max-snippet":"max-snippet:-1","max-image-preview":"max-image-preview:large","max-video-preview":"max-video-preview:-1"},"canonical":"https:\/\/www.carideal.com\/blog\/2014\/01\/09\/bmw-x5-xdrive-30d-a-lessai\/","og_locale":"fr_FR","og_type":"article","og_title":"BMW X5 xDrive 30d \u00e0 l'essai - Blog auto Carid\u00e9al","og_description":"#BMW #X5 2014 en vente \u00e0 partir de 66400 \u20ac Le BMW X5 joue la modernit\u00e9. Il respecte les normes Euro VI et ram\u00e8ne son malus de 5000 \u00e0 1500 \u20ac. La troisi\u00e8me g\u00e9n\u00e9ration de BMW X5, m\u00eame sans compter sa version d'entr\u00e9 de gamme \u00e0 4 cylindres en 4x2, sait \u00eatre plus \u00e9cologique en ... Lire plus","og_url":"https:\/\/www.carideal.com\/blog\/2014\/01\/09\/bmw-x5-xdrive-30d-a-lessai\/","og_site_name":"Blog auto Carid\u00e9al","article_publisher":"https:\/\/www.facebook.com\/Carideal.mandataire.automobile","article_author":"https:\/\/www.facebook.com\/Carideal.mandataire.automobile\/","article_published_time":"2014-01-09T09:37:00+00:00","og_image":[{"width":300,"height":300,"url":"https:\/\/www.carideal.com\/blog\/wp-content\/uploads\/2016\/03\/logo-carideal-mandataire-automobile.png","type":"image\/png"}],"author":"N.S Carideal","twitter_card":"summary_large_image","twitter_creator":"@caridealauto","twitter_site":"@caridealauto","twitter_misc":{"\u00c9crit par":"N.S Carideal","Dur\u00e9e de lecture estim\u00e9e":"2 minutes"},"schema":{"@context":"https:\/\/schema.org","@graph":[{"@type":"Article","@id":"https:\/\/www.carideal.com\/blog\/2014\/01\/09\/bmw-x5-xdrive-30d-a-lessai\/#article","isPartOf":{"@id":"https:\/\/www.carideal.com\/blog\/2014\/01\/09\/bmw-x5-xdrive-30d-a-lessai\/"},"author":{"name":"N.S Carideal","@id":"https:\/\/www.carideal.com\/blog\/#\/schema\/person\/985c7e757d1042d647f21bfaf8d41ebc"},"headline":"BMW X5 xDrive 30d \u00e0 l&rsquo;essai","datePublished":"2014-01-09T09:37:00+00:00","mainEntityOfPage":{"@id":"https:\/\/www.carideal.com\/blog\/2014\/01\/09\/bmw-x5-xdrive-30d-a-lessai\/"},"wordCount":366,"commentCount":0,"publisher":{"@id":"https:\/\/www.carideal.com\/blog\/#organization"},"articleSection":["March\u00e9 automobile"],"inLanguage":"fr-FR","potentialAction":[{"@type":"CommentAction","name":"Comment","target":["https:\/\/www.carideal.com\/blog\/2014\/01\/09\/bmw-x5-xdrive-30d-a-lessai\/#respond"]}]},{"@type":"WebPage","@id":"https:\/\/www.carideal.com\/blog\/2014\/01\/09\/bmw-x5-xdrive-30d-a-lessai\/","url":"https:\/\/www.carideal.com\/blog\/2014\/01\/09\/bmw-x5-xdrive-30d-a-lessai\/","name":"BMW X5 xDrive 30d \u00e0 l'essai - Blog auto Carid\u00e9al","isPartOf":{"@id":"https:\/\/www.carideal.com\/blog\/#website"},"datePublished":"2014-01-09T09:37:00+00:00","breadcrumb":{"@id":"https:\/\/www.carideal.com\/blog\/2014\/01\/09\/bmw-x5-xdrive-30d-a-lessai\/#breadcrumb"},"inLanguage":"fr-FR","potentialAction":[{"@type":"ReadAction","target":["https:\/\/www.carideal.com\/blog\/2014\/01\/09\/bmw-x5-xdrive-30d-a-lessai\/"]}]},{"@type":"BreadcrumbList","@id":"https:\/\/www.carideal.com\/blog\/2014\/01\/09\/bmw-x5-xdrive-30d-a-lessai\/#breadcrumb","itemListElement":[{"@type":"ListItem","position":1,"name":"Blog Carid\u00e9al","item":"https:\/\/www.carideal.com\/blog\/"},{"@type":"ListItem","position":2,"name":"March\u00e9 automobile","item":"https:\/\/www.carideal.com\/blog\/marche-automobile-voiture-neuve-occasion-4x4-suv\/"},{"@type":"ListItem","position":3,"name":"BMW X5 xDrive 30d \u00e0 l&rsquo;essai"}]},{"@type":"WebSite","@id":"https:\/\/www.carideal.com\/blog\/#website","url":"https:\/\/www.carideal.com\/blog\/","name":"Blog auto Carid\u00e9al","description":"Actualit\u00e9 auto par des passionn\u00e9s","publisher":{"@id":"https:\/\/www.carideal.com\/blog\/#organization"},"potentialAction":[{"@type":"SearchAction","target":{"@type":"EntryPoint","urlTemplate":"https:\/\/www.carideal.com\/blog\/?s={search_term_string}"},"query-input":{"@type":"PropertyValueSpecification","valueRequired":true,"valueName":"search_term_string"}}],"inLanguage":"fr-FR"},{"@type":"Organization","@id":"https:\/\/www.carideal.com\/blog\/#organization","name":"Carideal","url":"https:\/\/www.carideal.com\/blog\/","logo":{"@type":"ImageObject","inLanguage":"fr-FR","@id":"https:\/\/www.carideal.com\/blog\/#\/schema\/logo\/image\/","url":"http:\/\/www.carideal.com\/blog\/wp-content\/uploads\/2016\/03\/logo-carideal-mandataire-automobile.png","contentUrl":"http:\/\/www.carideal.com\/blog\/wp-content\/uploads\/2016\/03\/logo-carideal-mandataire-automobile.png","width":300,"height":300,"caption":"Carideal"},"image":{"@id":"https:\/\/www.carideal.com\/blog\/#\/schema\/logo\/image\/"},"sameAs":["https:\/\/www.facebook.com\/Carideal.mandataire.automobile","https:\/\/x.com\/caridealauto","https:\/\/www.instagram.com\/carideal1\/","https:\/\/www.linkedin.com\/company\/carideal.com","https:\/\/fr.pinterest.com\/schiavonsas\/","https:\/\/www.youtube.com\/user\/caridealsas"]},{"@type":"Person","@id":"https:\/\/www.carideal.com\/blog\/#\/schema\/person\/985c7e757d1042d647f21bfaf8d41ebc","name":"N.S Carideal","image":{"@type":"ImageObject","inLanguage":"fr-FR","@id":"https:\/\/www.carideal.com\/blog\/#\/schema\/person\/image\/","url":"https:\/\/secure.gravatar.com\/avatar\/edb7ccdf1a4e3d14aef967760d354d0e?s=96&r=g","contentUrl":"https:\/\/secure.gravatar.com\/avatar\/edb7ccdf1a4e3d14aef967760d354d0e?s=96&r=g","caption":"N.S Carideal"},"description":"Depuis tout petit fan d'automobile. Il est question d'essayer et de comparer toutes ces voitures qui nous ont fait r\u00e9ver, avant que celles-ci ne devient uniquement des voitures de collection.","sameAs":["http:\/\/www.carideal.com\/blog","https:\/\/www.facebook.com\/Carideal.mandataire.automobile\/","https:\/\/www.linkedin.com\/in\/nschiavon\/","https:\/\/www.youtube.com\/user\/caridealsas\/"],"url":"https:\/\/www.carideal.com\/blog\/author\/admin_carideal\/"}]}},"uagb_featured_image_src":{"full":false,"thumbnail":false,"medium":false,"medium_large":false,"large":false,"1536x1536":false,"2048x2048":false,"wppr-widget":false},"uagb_author_info":{"display_name":"N.S Carideal","author_link":"https:\/\/www.carideal.com\/blog\/author\/admin_carideal\/"},"uagb_comment_info":0,"uagb_excerpt":"#BMW #X5 2014 en vente \u00e0 partir de 66400 \u20ac Le BMW X5 joue la modernit\u00e9. Il respecte les normes Euro VI et ram\u00e8ne son malus de 5000 \u00e0 1500 \u20ac. La troisi\u00e8me g\u00e9n\u00e9ration de BMW X5, m\u00eame sans compter sa version d'entr\u00e9 de gamme \u00e0 4 cylindres en 4x2, sait \u00eatre plus \u00e9cologique en\u2026","_links":{"self":[{"href":"https:\/\/www.carideal.com\/blog\/wp-json\/wp\/v2\/posts\/1480"}],"collection":[{"href":"https:\/\/www.carideal.com\/blog\/wp-json\/wp\/v2\/posts"}],"about":[{"href":"https:\/\/www.carideal.com\/blog\/wp-json\/wp\/v2\/types\/post"}],"author":[{"embeddable":true,"href":"https:\/\/www.carideal.com\/blog\/wp-json\/wp\/v2\/users\/1"}],"replies":[{"embeddable":true,"href":"https:\/\/www.carideal.com\/blog\/wp-json\/wp\/v2\/comments?post=1480"}],"version-history":[{"count":0,"href":"https:\/\/www.carideal.com\/blog\/wp-json\/wp\/v2\/posts\/1480\/revisions"}],"wp:attachment":[{"href":"https:\/\/www.carideal.com\/blog\/wp-json\/wp\/v2\/media?parent=1480"}],"wp:term":[{"taxonomy":"category","embeddable":true,"href":"https:\/\/www.carideal.com\/blog\/wp-json\/wp\/v2\/categories?post=1480"},{"taxonomy":"post_tag","embeddable":true,"href":"https:\/\/www.carideal.com\/blog\/wp-json\/wp\/v2\/tags?post=1480"}],"curies":[{"name":"wp","href":"https:\/\/api.w.org\/{rel}","templated":true}]}}