{"id":14782,"date":"2017-01-11T11:04:59","date_gmt":"2017-01-11T10:04:59","guid":{"rendered":"http:\/\/www.carideal.com\/blog\/?p=14782"},"modified":"2017-02-06T22:57:55","modified_gmt":"2017-02-06T21:57:55","slug":"nouveau-suv-ford-bronco-pour-le-monde","status":"publish","type":"post","link":"https:\/\/www.carideal.com\/blog\/2017\/01\/11\/nouveau-suv-ford-bronco-pour-le-monde\/","title":{"rendered":"Nouveau SUV Ford Bronco pour le Monde"},"content":{"rendered":"<h1><strong>Nouveau SUV Ford Bronco pour\u00a0viser le march\u00e9 Mondial<\/strong><\/h1>\n<p>Le <strong>nouveau SUV Ford Bronco<\/strong> sera un <a href=\"http:\/\/www.carideal.com\/blog\/type-de-vehicule\/suv\/\">SUV<\/a> robuste, sans pareil, de taille moyenne et il pourrait \u00eatre vendu en Europe.<\/p>\n<p>Ford a annonc\u00e9 le retour de son insigne Bronco sur l'un des cinq nouveaux SUV\u00a0qui seront mis en vente dans le monde d'ici 2020. L'embl\u00e9matique Ford Bronco a \u00e9t\u00e9 en vente aux \u00c9tats-Unis de 1966 \u00e0 1996 et le nouveau mod\u00e8le qui sera construit aux <a href=\"http:\/\/www.carideal.com\/blog\/tag\/etats-unis\/\">\u00c9tats-Unis<\/a> sera en vente en 2020.<\/p>\n<p>Prenant la parole lors de la conf\u00e9rence de presse de <a href=\"http:\/\/www.carideal.com\/blog\/marque-de-voiture-actualites-essais\/ford\/\">Ford<\/a> au <a href=\"http:\/\/www.carideal.com\/blog\/salons\/salon-detroit\/\">Salon de l'auto de Detroit<\/a> 2017, le vice-pr\u00e9sident ex\u00e9cutif et pr\u00e9sident de FORD pour les Am\u00e9riques, Joe Hinrichs , a d\u00e9clar\u00e9 que la nouvelle voiture serait, \"un compromis utilitaire <a href=\"http:\/\/www.carideal.com\/blog\/type-de-vehicule\/4x4-suv\/\">4x4<\/a> de taille moyenne pour ceux qui recherche de \u00a0l'excitation, qui veulent \u00eatre libre\u00a0et avec des capacit\u00e9s en tout terrain, avec l'espace et la polyvalence d'un SUV.<\/p>\n<p>\u00abIl est capable de tout conqu\u00e9rir, de vos d\u00e9placements quotidiens aux routes de gravier et aux rochers\u00bb<\/p>\n<p>M\u00eame si aucune d\u00e9cision n'a \u00e9t\u00e9 prise quant \u00e0 savoir si la voiture sera vendu en Europe, le patron de Ford Europe, Jim Farley, a d\u00e9clar\u00e9 aux journalistes : \u00abLa nouvelle voiture sera un SUV\u00a0de taille moyenne robuste et avec tout ce qui est n\u00e9cessaire.<\/p>\n<p>Cependant, le succ\u00e8s de la <a href=\"http:\/\/www.carideal.com\/blog\/2015\/02\/22\/a-partir-de-35000-e-pour-la-ford-mustang\/\">Mustang<\/a> en Europe (o\u00f9 elle se vend\u00a0actuellement mieux que\u00a0la <a href=\"http:\/\/www.carideal.com\/blog\/2015\/09\/07\/nouvelle-porsche-911-carrera-a-moteur-turbo\/\">Porsche 911<\/a>) et en France\u00a0pourrait aider \u00e0 faire avancer\u00a0les choses. Certaines\u00a0rumeurs parlent de\u00a0prototypes qui seraient\u00a0d\u00e9j\u00e0 en cours de test en Australie.<\/p>\n<p>Farley a \u00e9galement confirm\u00e9 que de substantielles mises \u00e0 niveau du\u00a0plus petit SUV Ford, l'<a href=\"http:\/\/www.carideal.com\/blog\/2014\/05\/21\/le-ford-ecosport\/\">Ecosport<\/a>, arriveront plus tard dans l'ann\u00e9e avec la production qui passera de l'Inde \u00e0 la Roumanie. \"Vous remarquerez beaucoup de changements pour le rendre beaucoup plus comp\u00e9titif, en particulier \u00e0 l'int\u00e9rieur\", a d\u00e9clar\u00e9\u00a0Farley.<\/p>\n<p>Suite au succ\u00e8s de la FORD Mustang en Europe et en France, souhaitez-vous voir le Ford Bronco chez les concessionnaires Ford en France ? Dites le nous dans les commentaires\u2026<\/p>\n","protected":false},"excerpt":{"rendered":"<p>Nouveau SUV Ford Bronco pour\u00a0viser le march\u00e9 Mondial Le nouveau SUV Ford Bronco sera un SUV robuste, sans pareil, de taille moyenne et il pourrait \u00eatre vendu en Europe. Ford a annonc\u00e9 le retour de son insigne Bronco sur l&rsquo;un des cinq nouveaux SUV\u00a0qui seront mis en vente dans le monde d&rsquo;ici 2020. L&#8217;embl\u00e9matique Ford &#8230; <a title=\"Nouveau SUV Ford Bronco pour le Monde\" class=\"read-more\" href=\"https:\/\/www.carideal.com\/blog\/2017\/01\/11\/nouveau-suv-ford-bronco-pour-le-monde\/\" aria-label=\"En savoir plus sur Nouveau SUV Ford Bronco pour le Monde\">Lire plus<\/a><\/p>\n","protected":false},"author":3,"featured_media":14783,"comment_status":"open","ping_status":"open","sticky":false,"template":"","format":"standard","meta":{"_uag_custom_page_level_css":"","_themeisle_gutenberg_block_has_review":false,"footnotes":""},"categories":[21,5944,5968,5972,6202,6010,5974],"tags":[6230],"class_list":["post-14782","post","type-post","status-publish","format-standard","has-post-thumbnail","hentry","category-actualites-auto","category-constructeur","category-ford","category-salons","category-salon-detroit","category-suv","category-type-de-vehicule","tag-voiture-americaine"],"wppr_data":{"cwp_meta_box_check":"No"},"yoast_head":"<!-- This site is optimized with the Yoast SEO plugin v24.8.1 - https:\/\/yoast.com\/wordpress\/plugins\/seo\/ -->\n<title>Nouveau SUV Ford Bronco pour le Monde - Blog auto Carid\u00e9al<\/title>\n<meta name=\"description\" content=\"Le nouveau SUV Ford Bronco sera un SUV robuste, sans pareil, de taille moyenne et il pourrait \u00eatre vendu en Europe. Ford a annonc\u00e9 le retour du Bronco\" \/>\n<meta name=\"robots\" content=\"index, follow, max-snippet:-1, max-image-preview:large, max-video-preview:-1\" \/>\n<link rel=\"canonical\" href=\"https:\/\/www.carideal.com\/blog\/2017\/01\/11\/nouveau-suv-ford-bronco-pour-le-monde\/\" \/>\n<meta property=\"og:locale\" content=\"fr_FR\" \/>\n<meta property=\"og:type\" content=\"article\" \/>\n<meta property=\"og:title\" content=\"Nouveau SUV Ford Bronco pour le Monde - Blog auto Carid\u00e9al\" \/>\n<meta property=\"og:description\" content=\"Le nouveau SUV Ford Bronco sera un SUV robuste, sans pareil, de taille moyenne et il pourrait \u00eatre vendu en Europe. Ford a annonc\u00e9 le retour du Bronco\" \/>\n<meta property=\"og:url\" content=\"https:\/\/www.carideal.com\/blog\/2017\/01\/11\/nouveau-suv-ford-bronco-pour-le-monde\/\" \/>\n<meta property=\"og:site_name\" content=\"Blog auto Carid\u00e9al\" \/>\n<meta property=\"article:publisher\" content=\"https:\/\/www.facebook.com\/Carideal.mandataire.automobile\" \/>\n<meta property=\"article:author\" content=\"https:\/\/www.facebook.com\/nicolas.schiavon.39\" \/>\n<meta property=\"article:published_time\" content=\"2017-01-11T10:04:59+00:00\" \/>\n<meta property=\"article:modified_time\" content=\"2017-02-06T21:57:55+00:00\" \/>\n<meta property=\"og:image\" content=\"https:\/\/www.carideal.com\/blog\/wp-content\/uploads\/2017\/01\/Ford-bronco-mondial-detroit-2017-e1484127769446.jpg\" \/>\n\t<meta property=\"og:image:width\" content=\"800\" \/>\n\t<meta property=\"og:image:height\" content=\"450\" \/>\n\t<meta property=\"og:image:type\" content=\"image\/jpeg\" \/>\n<meta name=\"author\" content=\"Nicolas SCHIAVON\" \/>\n<meta name=\"twitter:card\" content=\"summary_large_image\" \/>\n<meta name=\"twitter:creator\" content=\"@caridealauto\" \/>\n<meta name=\"twitter:site\" content=\"@caridealauto\" \/>\n<meta name=\"twitter:label1\" content=\"\u00c9crit par\" \/>\n\t<meta name=\"twitter:data1\" content=\"Nicolas SCHIAVON\" \/>\n\t<meta name=\"twitter:label2\" content=\"Dur\u00e9e de lecture estim\u00e9e\" \/>\n\t<meta name=\"twitter:data2\" content=\"2 minutes\" \/>\n<script type=\"application\/ld+json\" class=\"yoast-schema-graph\">{\"@context\":\"https:\/\/schema.org\",\"@graph\":[{\"@type\":\"Article\",\"@id\":\"https:\/\/www.carideal.com\/blog\/2017\/01\/11\/nouveau-suv-ford-bronco-pour-le-monde\/#article\",\"isPartOf\":{\"@id\":\"https:\/\/www.carideal.com\/blog\/2017\/01\/11\/nouveau-suv-ford-bronco-pour-le-monde\/\"},\"author\":{\"name\":\"Nicolas SCHIAVON\",\"@id\":\"https:\/\/www.carideal.com\/blog\/#\/schema\/person\/cd95dc7919660de90d31b366f85be1ec\"},\"headline\":\"Nouveau SUV Ford Bronco pour le Monde\",\"datePublished\":\"2017-01-11T10:04:59+00:00\",\"dateModified\":\"2017-02-06T21:57:55+00:00\",\"mainEntityOfPage\":{\"@id\":\"https:\/\/www.carideal.com\/blog\/2017\/01\/11\/nouveau-suv-ford-bronco-pour-le-monde\/\"},\"wordCount\":349,\"commentCount\":0,\"publisher\":{\"@id\":\"https:\/\/www.carideal.com\/blog\/#organization\"},\"image\":{\"@id\":\"https:\/\/www.carideal.com\/blog\/2017\/01\/11\/nouveau-suv-ford-bronco-pour-le-monde\/#primaryimage\"},\"thumbnailUrl\":\"https:\/\/www.carideal.com\/blog\/wp-content\/uploads\/2017\/01\/Ford-bronco-mondial-detroit-2017-e1484127769446.jpg\",\"keywords\":[\"Voiture am\u00e9ricaine\"],\"articleSection\":[\"Actualit\u00e9 automobile\",\"Actualit\u00e9 Constructeur automobile\",\"Actualit\u00e9 Ford\",\"Salon automobile\",\"Salon de Detroit\",\"SUV\",\"Type de v\u00e9hicule\"],\"inLanguage\":\"fr-FR\",\"potentialAction\":[{\"@type\":\"CommentAction\",\"name\":\"Comment\",\"target\":[\"https:\/\/www.carideal.com\/blog\/2017\/01\/11\/nouveau-suv-ford-bronco-pour-le-monde\/#respond\"]}]},{\"@type\":\"WebPage\",\"@id\":\"https:\/\/www.carideal.com\/blog\/2017\/01\/11\/nouveau-suv-ford-bronco-pour-le-monde\/\",\"url\":\"https:\/\/www.carideal.com\/blog\/2017\/01\/11\/nouveau-suv-ford-bronco-pour-le-monde\/\",\"name\":\"Nouveau SUV Ford Bronco pour le Monde - Blog auto Carid\u00e9al\",\"isPartOf\":{\"@id\":\"https:\/\/www.carideal.com\/blog\/#website\"},\"primaryImageOfPage\":{\"@id\":\"https:\/\/www.carideal.com\/blog\/2017\/01\/11\/nouveau-suv-ford-bronco-pour-le-monde\/#primaryimage\"},\"image\":{\"@id\":\"https:\/\/www.carideal.com\/blog\/2017\/01\/11\/nouveau-suv-ford-bronco-pour-le-monde\/#primaryimage\"},\"thumbnailUrl\":\"https:\/\/www.carideal.com\/blog\/wp-content\/uploads\/2017\/01\/Ford-bronco-mondial-detroit-2017-e1484127769446.jpg\",\"datePublished\":\"2017-01-11T10:04:59+00:00\",\"dateModified\":\"2017-02-06T21:57:55+00:00\",\"description\":\"Le nouveau SUV Ford Bronco sera un SUV robuste, sans pareil, de taille moyenne et il pourrait \u00eatre vendu en Europe. Ford a annonc\u00e9 le retour du Bronco\",\"breadcrumb\":{\"@id\":\"https:\/\/www.carideal.com\/blog\/2017\/01\/11\/nouveau-suv-ford-bronco-pour-le-monde\/#breadcrumb\"},\"inLanguage\":\"fr-FR\",\"potentialAction\":[{\"@type\":\"ReadAction\",\"target\":[\"https:\/\/www.carideal.com\/blog\/2017\/01\/11\/nouveau-suv-ford-bronco-pour-le-monde\/\"]}]},{\"@type\":\"ImageObject\",\"inLanguage\":\"fr-FR\",\"@id\":\"https:\/\/www.carideal.com\/blog\/2017\/01\/11\/nouveau-suv-ford-bronco-pour-le-monde\/#primaryimage\",\"url\":\"https:\/\/www.carideal.com\/blog\/wp-content\/uploads\/2017\/01\/Ford-bronco-mondial-detroit-2017-e1484127769446.jpg\",\"contentUrl\":\"https:\/\/www.carideal.com\/blog\/wp-content\/uploads\/2017\/01\/Ford-bronco-mondial-detroit-2017-e1484127769446.jpg\",\"width\":800,\"height\":450,\"caption\":\"SUV Ford Bronco Mondial pour 2020 confirm\u00e9 au salon de Detroit 2017\"},{\"@type\":\"BreadcrumbList\",\"@id\":\"https:\/\/www.carideal.com\/blog\/2017\/01\/11\/nouveau-suv-ford-bronco-pour-le-monde\/#breadcrumb\",\"itemListElement\":[{\"@type\":\"ListItem\",\"position\":1,\"name\":\"Blog Carid\u00e9al\",\"item\":\"https:\/\/www.carideal.com\/blog\/\"},{\"@type\":\"ListItem\",\"position\":2,\"name\":\"Salon automobile\",\"item\":\"https:\/\/www.carideal.com\/blog\/salons\/\"},{\"@type\":\"ListItem\",\"position\":3,\"name\":\"Salon de Detroit\",\"item\":\"https:\/\/www.carideal.com\/blog\/salons\/salon-detroit\/\"},{\"@type\":\"ListItem\",\"position\":4,\"name\":\"Nouveau SUV Ford Bronco pour le Monde\"}]},{\"@type\":\"WebSite\",\"@id\":\"https:\/\/www.carideal.com\/blog\/#website\",\"url\":\"https:\/\/www.carideal.com\/blog\/\",\"name\":\"Blog auto Carid\u00e9al\",\"description\":\"Actualit\u00e9 auto par des passionn\u00e9s\",\"publisher\":{\"@id\":\"https:\/\/www.carideal.com\/blog\/#organization\"},\"potentialAction\":[{\"@type\":\"SearchAction\",\"target\":{\"@type\":\"EntryPoint\",\"urlTemplate\":\"https:\/\/www.carideal.com\/blog\/?s={search_term_string}\"},\"query-input\":{\"@type\":\"PropertyValueSpecification\",\"valueRequired\":true,\"valueName\":\"search_term_string\"}}],\"inLanguage\":\"fr-FR\"},{\"@type\":\"Organization\",\"@id\":\"https:\/\/www.carideal.com\/blog\/#organization\",\"name\":\"Carideal\",\"url\":\"https:\/\/www.carideal.com\/blog\/\",\"logo\":{\"@type\":\"ImageObject\",\"inLanguage\":\"fr-FR\",\"@id\":\"https:\/\/www.carideal.com\/blog\/#\/schema\/logo\/image\/\",\"url\":\"http:\/\/www.carideal.com\/blog\/wp-content\/uploads\/2016\/03\/logo-carideal-mandataire-automobile.png\",\"contentUrl\":\"http:\/\/www.carideal.com\/blog\/wp-content\/uploads\/2016\/03\/logo-carideal-mandataire-automobile.png\",\"width\":300,\"height\":300,\"caption\":\"Carideal\"},\"image\":{\"@id\":\"https:\/\/www.carideal.com\/blog\/#\/schema\/logo\/image\/\"},\"sameAs\":[\"https:\/\/www.facebook.com\/Carideal.mandataire.automobile\",\"https:\/\/x.com\/caridealauto\",\"https:\/\/www.instagram.com\/carideal1\/\",\"https:\/\/www.linkedin.com\/company\/carideal.com\",\"https:\/\/fr.pinterest.com\/schiavonsas\/\",\"https:\/\/www.youtube.com\/user\/caridealsas\"]},{\"@type\":\"Person\",\"@id\":\"https:\/\/www.carideal.com\/blog\/#\/schema\/person\/cd95dc7919660de90d31b366f85be1ec\",\"name\":\"Nicolas SCHIAVON\",\"image\":{\"@type\":\"ImageObject\",\"inLanguage\":\"fr-FR\",\"@id\":\"https:\/\/www.carideal.com\/blog\/#\/schema\/person\/image\/\",\"url\":\"https:\/\/secure.gravatar.com\/avatar\/c17e55009e671d92cc7f5dc837dc418a?s=96&r=g\",\"contentUrl\":\"https:\/\/secure.gravatar.com\/avatar\/c17e55009e671d92cc7f5dc837dc418a?s=96&r=g\",\"caption\":\"Nicolas SCHIAVON\"},\"description\":\"Nicolas Schiavon est tomb\u00e9 tout petit dans la marmite automobile. Ayant eu un garage de marque automobile, mandataire automobile de la premi\u00e8re heure d\u00e8s 1999. Nicolas a cr\u00e9\u00e9 ces premiers sites de vente de voiture et blog automobile d\u00e8s 1994. Carideal est n\u00e9 le 15 d\u00e9cembre 2000 de la volont\u00e9 de vendre des voitures d'occasions en ligne puis des voitures neuves. Il a pu essayer beaucoup de voitures tr\u00e8s diff\u00e9rentes et ayant eu personnellement quelques belles autos, Subaru Impreza, Mitsubishi Lancer Evo 7, Porsche 911, Ferrari Testarrossa, Audi RS3, RS4 et j'en passe...\",\"sameAs\":[\"http:\/\/www.carideal.com\",\"https:\/\/www.facebook.com\/nicolas.schiavon.39\",\"https:\/\/www.instagram.com\/carideal1\/\",\"https:\/\/www.linkedin.com\/in\/nschiavon\/\",\"https:\/\/x.com\/caridealauto\",\"https:\/\/www.youtube.com\/user\/caridealsas\/\"],\"url\":\"https:\/\/www.carideal.com\/blog\/author\/nschiavon\/\"}]}<\/script>\n<!-- \/ Yoast SEO plugin. -->","yoast_head_json":{"title":"Nouveau SUV Ford Bronco pour le Monde - Blog auto Carid\u00e9al","description":"Le nouveau SUV Ford Bronco sera un SUV robuste, sans pareil, de taille moyenne et il pourrait \u00eatre vendu en Europe. Ford a annonc\u00e9 le retour du Bronco","robots":{"index":"index","follow":"follow","max-snippet":"max-snippet:-1","max-image-preview":"max-image-preview:large","max-video-preview":"max-video-preview:-1"},"canonical":"https:\/\/www.carideal.com\/blog\/2017\/01\/11\/nouveau-suv-ford-bronco-pour-le-monde\/","og_locale":"fr_FR","og_type":"article","og_title":"Nouveau SUV Ford Bronco pour le Monde - Blog auto Carid\u00e9al","og_description":"Le nouveau SUV Ford Bronco sera un SUV robuste, sans pareil, de taille moyenne et il pourrait \u00eatre vendu en Europe. Ford a annonc\u00e9 le retour du Bronco","og_url":"https:\/\/www.carideal.com\/blog\/2017\/01\/11\/nouveau-suv-ford-bronco-pour-le-monde\/","og_site_name":"Blog auto Carid\u00e9al","article_publisher":"https:\/\/www.facebook.com\/Carideal.mandataire.automobile","article_author":"https:\/\/www.facebook.com\/nicolas.schiavon.39","article_published_time":"2017-01-11T10:04:59+00:00","article_modified_time":"2017-02-06T21:57:55+00:00","og_image":[{"width":800,"height":450,"url":"https:\/\/www.carideal.com\/blog\/wp-content\/uploads\/2017\/01\/Ford-bronco-mondial-detroit-2017-e1484127769446.jpg","type":"image\/jpeg"}],"author":"Nicolas SCHIAVON","twitter_card":"summary_large_image","twitter_creator":"@caridealauto","twitter_site":"@caridealauto","twitter_misc":{"\u00c9crit par":"Nicolas SCHIAVON","Dur\u00e9e de lecture estim\u00e9e":"2 minutes"},"schema":{"@context":"https:\/\/schema.org","@graph":[{"@type":"Article","@id":"https:\/\/www.carideal.com\/blog\/2017\/01\/11\/nouveau-suv-ford-bronco-pour-le-monde\/#article","isPartOf":{"@id":"https:\/\/www.carideal.com\/blog\/2017\/01\/11\/nouveau-suv-ford-bronco-pour-le-monde\/"},"author":{"name":"Nicolas SCHIAVON","@id":"https:\/\/www.carideal.com\/blog\/#\/schema\/person\/cd95dc7919660de90d31b366f85be1ec"},"headline":"Nouveau SUV Ford Bronco pour le Monde","datePublished":"2017-01-11T10:04:59+00:00","dateModified":"2017-02-06T21:57:55+00:00","mainEntityOfPage":{"@id":"https:\/\/www.carideal.com\/blog\/2017\/01\/11\/nouveau-suv-ford-bronco-pour-le-monde\/"},"wordCount":349,"commentCount":0,"publisher":{"@id":"https:\/\/www.carideal.com\/blog\/#organization"},"image":{"@id":"https:\/\/www.carideal.com\/blog\/2017\/01\/11\/nouveau-suv-ford-bronco-pour-le-monde\/#primaryimage"},"thumbnailUrl":"https:\/\/www.carideal.com\/blog\/wp-content\/uploads\/2017\/01\/Ford-bronco-mondial-detroit-2017-e1484127769446.jpg","keywords":["Voiture am\u00e9ricaine"],"articleSection":["Actualit\u00e9 automobile","Actualit\u00e9 Constructeur automobile","Actualit\u00e9 Ford","Salon automobile","Salon de Detroit","SUV","Type de v\u00e9hicule"],"inLanguage":"fr-FR","potentialAction":[{"@type":"CommentAction","name":"Comment","target":["https:\/\/www.carideal.com\/blog\/2017\/01\/11\/nouveau-suv-ford-bronco-pour-le-monde\/#respond"]}]},{"@type":"WebPage","@id":"https:\/\/www.carideal.com\/blog\/2017\/01\/11\/nouveau-suv-ford-bronco-pour-le-monde\/","url":"https:\/\/www.carideal.com\/blog\/2017\/01\/11\/nouveau-suv-ford-bronco-pour-le-monde\/","name":"Nouveau SUV Ford Bronco pour le Monde - Blog auto Carid\u00e9al","isPartOf":{"@id":"https:\/\/www.carideal.com\/blog\/#website"},"primaryImageOfPage":{"@id":"https:\/\/www.carideal.com\/blog\/2017\/01\/11\/nouveau-suv-ford-bronco-pour-le-monde\/#primaryimage"},"image":{"@id":"https:\/\/www.carideal.com\/blog\/2017\/01\/11\/nouveau-suv-ford-bronco-pour-le-monde\/#primaryimage"},"thumbnailUrl":"https:\/\/www.carideal.com\/blog\/wp-content\/uploads\/2017\/01\/Ford-bronco-mondial-detroit-2017-e1484127769446.jpg","datePublished":"2017-01-11T10:04:59+00:00","dateModified":"2017-02-06T21:57:55+00:00","description":"Le nouveau SUV Ford Bronco sera un SUV robuste, sans pareil, de taille moyenne et il pourrait \u00eatre vendu en Europe. Ford a annonc\u00e9 le retour du Bronco","breadcrumb":{"@id":"https:\/\/www.carideal.com\/blog\/2017\/01\/11\/nouveau-suv-ford-bronco-pour-le-monde\/#breadcrumb"},"inLanguage":"fr-FR","potentialAction":[{"@type":"ReadAction","target":["https:\/\/www.carideal.com\/blog\/2017\/01\/11\/nouveau-suv-ford-bronco-pour-le-monde\/"]}]},{"@type":"ImageObject","inLanguage":"fr-FR","@id":"https:\/\/www.carideal.com\/blog\/2017\/01\/11\/nouveau-suv-ford-bronco-pour-le-monde\/#primaryimage","url":"https:\/\/www.carideal.com\/blog\/wp-content\/uploads\/2017\/01\/Ford-bronco-mondial-detroit-2017-e1484127769446.jpg","contentUrl":"https:\/\/www.carideal.com\/blog\/wp-content\/uploads\/2017\/01\/Ford-bronco-mondial-detroit-2017-e1484127769446.jpg","width":800,"height":450,"caption":"SUV Ford Bronco Mondial pour 2020 confirm\u00e9 au salon de Detroit 2017"},{"@type":"BreadcrumbList","@id":"https:\/\/www.carideal.com\/blog\/2017\/01\/11\/nouveau-suv-ford-bronco-pour-le-monde\/#breadcrumb","itemListElement":[{"@type":"ListItem","position":1,"name":"Blog Carid\u00e9al","item":"https:\/\/www.carideal.com\/blog\/"},{"@type":"ListItem","position":2,"name":"Salon automobile","item":"https:\/\/www.carideal.com\/blog\/salons\/"},{"@type":"ListItem","position":3,"name":"Salon de Detroit","item":"https:\/\/www.carideal.com\/blog\/salons\/salon-detroit\/"},{"@type":"ListItem","position":4,"name":"Nouveau SUV Ford Bronco pour le Monde"}]},{"@type":"WebSite","@id":"https:\/\/www.carideal.com\/blog\/#website","url":"https:\/\/www.carideal.com\/blog\/","name":"Blog auto Carid\u00e9al","description":"Actualit\u00e9 auto par des passionn\u00e9s","publisher":{"@id":"https:\/\/www.carideal.com\/blog\/#organization"},"potentialAction":[{"@type":"SearchAction","target":{"@type":"EntryPoint","urlTemplate":"https:\/\/www.carideal.com\/blog\/?s={search_term_string}"},"query-input":{"@type":"PropertyValueSpecification","valueRequired":true,"valueName":"search_term_string"}}],"inLanguage":"fr-FR"},{"@type":"Organization","@id":"https:\/\/www.carideal.com\/blog\/#organization","name":"Carideal","url":"https:\/\/www.carideal.com\/blog\/","logo":{"@type":"ImageObject","inLanguage":"fr-FR","@id":"https:\/\/www.carideal.com\/blog\/#\/schema\/logo\/image\/","url":"http:\/\/www.carideal.com\/blog\/wp-content\/uploads\/2016\/03\/logo-carideal-mandataire-automobile.png","contentUrl":"http:\/\/www.carideal.com\/blog\/wp-content\/uploads\/2016\/03\/logo-carideal-mandataire-automobile.png","width":300,"height":300,"caption":"Carideal"},"image":{"@id":"https:\/\/www.carideal.com\/blog\/#\/schema\/logo\/image\/"},"sameAs":["https:\/\/www.facebook.com\/Carideal.mandataire.automobile","https:\/\/x.com\/caridealauto","https:\/\/www.instagram.com\/carideal1\/","https:\/\/www.linkedin.com\/company\/carideal.com","https:\/\/fr.pinterest.com\/schiavonsas\/","https:\/\/www.youtube.com\/user\/caridealsas"]},{"@type":"Person","@id":"https:\/\/www.carideal.com\/blog\/#\/schema\/person\/cd95dc7919660de90d31b366f85be1ec","name":"Nicolas SCHIAVON","image":{"@type":"ImageObject","inLanguage":"fr-FR","@id":"https:\/\/www.carideal.com\/blog\/#\/schema\/person\/image\/","url":"https:\/\/secure.gravatar.com\/avatar\/c17e55009e671d92cc7f5dc837dc418a?s=96&r=g","contentUrl":"https:\/\/secure.gravatar.com\/avatar\/c17e55009e671d92cc7f5dc837dc418a?s=96&r=g","caption":"Nicolas SCHIAVON"},"description":"Nicolas Schiavon est tomb\u00e9 tout petit dans la marmite automobile. Ayant eu un garage de marque automobile, mandataire automobile de la premi\u00e8re heure d\u00e8s 1999. Nicolas a cr\u00e9\u00e9 ces premiers sites de vente de voiture et blog automobile d\u00e8s 1994. Carideal est n\u00e9 le 15 d\u00e9cembre 2000 de la volont\u00e9 de vendre des voitures d'occasions en ligne puis des voitures neuves. Il a pu essayer beaucoup de voitures tr\u00e8s diff\u00e9rentes et ayant eu personnellement quelques belles autos, Subaru Impreza, Mitsubishi Lancer Evo 7, Porsche 911, Ferrari Testarrossa, Audi RS3, RS4 et j'en passe...","sameAs":["http:\/\/www.carideal.com","https:\/\/www.facebook.com\/nicolas.schiavon.39","https:\/\/www.instagram.com\/carideal1\/","https:\/\/www.linkedin.com\/in\/nschiavon\/","https:\/\/x.com\/caridealauto","https:\/\/www.youtube.com\/user\/caridealsas\/"],"url":"https:\/\/www.carideal.com\/blog\/author\/nschiavon\/"}]}},"uagb_featured_image_src":{"full":["https:\/\/www.carideal.com\/blog\/wp-content\/uploads\/2017\/01\/Ford-bronco-mondial-detroit-2017-e1484127769446.jpg",800,450,false],"thumbnail":["https:\/\/www.carideal.com\/blog\/wp-content\/uploads\/2017\/01\/Ford-bronco-mondial-detroit-2017-150x150.jpg",150,150,true],"medium":["https:\/\/www.carideal.com\/blog\/wp-content\/uploads\/2017\/01\/Ford-bronco-mondial-detroit-2017-300x169.jpg",300,169,true],"medium_large":["https:\/\/www.carideal.com\/blog\/wp-content\/uploads\/2017\/01\/Ford-bronco-mondial-detroit-2017-768x432.jpg",768,432,true],"large":["https:\/\/www.carideal.com\/blog\/wp-content\/uploads\/2017\/01\/Ford-bronco-mondial-detroit-2017-1024x576.jpg",1024,576,true],"1536x1536":["https:\/\/www.carideal.com\/blog\/wp-content\/uploads\/2017\/01\/Ford-bronco-mondial-detroit-2017-e1484127769446.jpg",800,450,false],"2048x2048":["https:\/\/www.carideal.com\/blog\/wp-content\/uploads\/2017\/01\/Ford-bronco-mondial-detroit-2017-e1484127769446.jpg",800,450,false],"wppr-widget":["https:\/\/www.carideal.com\/blog\/wp-content\/uploads\/2017\/01\/Ford-bronco-mondial-detroit-2017-e1484127769446.jpg",50,28,false]},"uagb_author_info":{"display_name":"Nicolas SCHIAVON","author_link":"https:\/\/www.carideal.com\/blog\/author\/nschiavon\/"},"uagb_comment_info":0,"uagb_excerpt":"Nouveau SUV Ford Bronco pour\u00a0viser le march\u00e9 Mondial Le nouveau SUV Ford Bronco sera un SUV robuste, sans pareil, de taille moyenne et il pourrait \u00eatre vendu en Europe. Ford a annonc\u00e9 le retour de son insigne Bronco sur l'un des cinq nouveaux SUV\u00a0qui seront mis en vente dans le monde d'ici 2020. L'embl\u00e9matique Ford\u2026","_links":{"self":[{"href":"https:\/\/www.carideal.com\/blog\/wp-json\/wp\/v2\/posts\/14782"}],"collection":[{"href":"https:\/\/www.carideal.com\/blog\/wp-json\/wp\/v2\/posts"}],"about":[{"href":"https:\/\/www.carideal.com\/blog\/wp-json\/wp\/v2\/types\/post"}],"author":[{"embeddable":true,"href":"https:\/\/www.carideal.com\/blog\/wp-json\/wp\/v2\/users\/3"}],"replies":[{"embeddable":true,"href":"https:\/\/www.carideal.com\/blog\/wp-json\/wp\/v2\/comments?post=14782"}],"version-history":[{"count":0,"href":"https:\/\/www.carideal.com\/blog\/wp-json\/wp\/v2\/posts\/14782\/revisions"}],"wp:featuredmedia":[{"embeddable":true,"href":"https:\/\/www.carideal.com\/blog\/wp-json\/wp\/v2\/media\/14783"}],"wp:attachment":[{"href":"https:\/\/www.carideal.com\/blog\/wp-json\/wp\/v2\/media?parent=14782"}],"wp:term":[{"taxonomy":"category","embeddable":true,"href":"https:\/\/www.carideal.com\/blog\/wp-json\/wp\/v2\/categories?post=14782"},{"taxonomy":"post_tag","embeddable":true,"href":"https:\/\/www.carideal.com\/blog\/wp-json\/wp\/v2\/tags?post=14782"}],"curies":[{"name":"wp","href":"https:\/\/api.w.org\/{rel}","templated":true}]}}