{"id":1475,"date":"2013-12-30T06:19:00","date_gmt":"2013-12-30T06:19:00","guid":{"rendered":"http:\/\/carideal.com\/blog\/?p=1475"},"modified":"2017-11-26T15:34:57","modified_gmt":"2017-11-26T14:34:57","slug":"volkswagen-golf-r-300-ch","status":"publish","type":"post","link":"https:\/\/www.carideal.com\/blog\/2013\/12\/30\/volkswagen-golf-r-300-ch\/","title":{"rendered":"Nouvelle Volkswagen Golf R 300"},"content":{"rendered":"<h1><strong>Nouvelle Volkswagen Golf R 300 \u00e0 partir de 40000 \u20ac<\/strong><\/h1>\n<p>Depuis quelques jours <a href=\"http:\/\/www.carideal.com\/blog\/marque-de-voiture-actualites-essais\/volkswagen\/\">Volkswagen<\/a> a sorti le mod\u00e8le le plus puissant de sa gamme Golf la \"R\" . La <strong>nouvelle Volkswagen Golf R 300<\/strong> reprend\u00a0la m\u00e9canique et la transmission de l'Audi S3, le 2.0 TSI de 300 ch avec sa transmission 4Motion.<br \/>\nLa Volkswagen\u00a0Golf R\u00a0300 n'est disponible pour le moment qu'en version 3 portes \u00e0 partir de 40000 \u20ac mais devrait l'\u00eatre aussi en 5 portes. Avec la boite robotis\u00e9e DSG, elle est capable d'abattre le 0 \u00e0 100 km\/h en seulement 4.9 sec pour une vitesse maximale de 250 km\/h.<br \/>\nOn la reconna\u00eetra de loin gr\u00e2ce \u00e0 ses jantes de 18\" et son kit carrosserie sp\u00e9cifique.<\/p>\n<h2>La nouvelle Volkswagen Golf R 300 en Vid\u00e9o<\/h2>\n<p>&lt;<iframe loading=\"lazy\" src=\"https:\/\/www.youtube.com\/embed\/Hab-cdQsyMg\" width=\"560\" height=\"315\" frameborder=\"0\" allowfullscreen=\"allowfullscreen\"><\/iframe><\/p>\n<h3>Plus d'info sur Volkswagen Golf R 300<\/h3>\n<p>C'est la\u00a0Volkswagen Golf R : la plus chaude de toutes les berlines Golf. Notre premier aper\u00e7u de cette Golf de\u00a0300 cv est sur le terrain de jeu g\u00e9ant d'un lac gel\u00e9 dans le nord de la Su\u00e8de. Comment cette\u00a0berline \u00e0 transmission int\u00e9grale turbocompress\u00e9e se comportera-t-elle dans les\u00a0d\u00e9serts gel\u00e9s?<\/p>\n<h2>Quelle est la\u00a0caract\u00e9ristique de la nouvelle Volkswagen Golf R de 300 ch ?<\/h2>\n<p>Comme son\u00a0pr\u00e9d\u00e9cesseur, la nouvelle Volkswagen Golf R \u00e9vite les motorisations V6 des mod\u00e8les R pass\u00e9s. En fait, le moteur turbo de 2,0 litres et 296 chevaux et le syst\u00e8me de traction int\u00e9grale de la Volkswagen Golf R sont \u00e0 peu pr\u00e8s les m\u00eames que ceux de la derni\u00e8re Audi S3.<\/p>\n<h2>On dirait une\u00a0copie de l'A3 ...<\/h2>\n<p>Bien s\u00fbr, les\u00a040000 \u20ac qu'il en co\u00fbte pour le sac \u00e0 main d'une Golf R manuelle \u00e0 trois portes est un peu moins cher de\u00a01000 \u20ac\u00a0que l'Audi S3 tout aussi subtile. Et avec <a href=\"http:\/\/www.carideal.com\/blog\/marque-de-voiture-actualites-essais\/bmw\/\">BMW<\/a> et <a href=\"http:\/\/www.carideal.com\/blog\/marque-de-voiture-actualites-essais\/mercedes\/\">Mercedes<\/a> offrant leurs propres trappes chaudes avec 316\u00a0ch et 355\u00a0ch respectivement, il est clair que tandis que le R est le roi parmi les Golf, il est loin d'avoir le leadership sur le march\u00e9 des fus\u00e9es de poche.<\/p>\n<p>Encore une fois, nous avons ici une berline familiale qui va suivre une Porsche 911 Carrera sur le 0 \u00e0 100 km\/h, tout en transportant deux fois plus de personnes et qui co\u00fbte moiti\u00e9 moins cher. Et avec un pare-chocs avant plus profond, des prises d'air plus larges, des roues de 18 ou 19 pouces et des \u00e9chappements quadruples \u00e9tant les seuls t\u00e9moins ext\u00e9rieurs, c'est aussi une sorte de Q-Car pour les non-initi\u00e9s.<\/p>\n<h2>Quelques chiffres sur la Volkswagen Golf R 300 ch<\/h2>\n<p>La nouvelle\u00a0Volkswagen Golf R 300 ch passe 62 km\/h\u00a0en 4,9 secondes (avec la bo\u00eete \u00e0 double embrayage DSG \u00e0 bord). Plat dehors, vous embrasserez 205 km\/h.\u00a0La consommation d'essence est respectable aussi, correspondant\u00a0aux valeurs de\u00a05.8 L\/100 km de la Mercedes A45 AMG. En fait, la nouvelle voiture est jusqu'\u00e0 30% plus efficace, m\u00eame si elle est \u00e9galement plus puissante et fera un certain tour de\u00a0circuit allemand 15 sec plus\u00a0vite que son pr\u00e9d\u00e9cesseur Mk6.<\/p>\n<h2>Alors, \u00e0 quoi ressemble le nouveau Golf R pr\u00e8s de 300 ch ?<\/h2>\n<p>Alors que nous devons attendre un peu plus longtemps avant de nous retrouver derri\u00e8re le volant \u00e0 fond plat et les p\u00e9dales polies d'une Volkswagen Golf R sur la route, le test\u00a0sur la glace montre le c\u00f4t\u00e9 ludique\u00a0de la Volkswagen\u00a0Golf R - et sa nouvelle\u00a0fonctionalit\u00e9 pour d\u00e9sactiver tous les syst\u00e8mes d'assistance au conducteur.<\/p>\n<p>D\u00e9sactiver l'ESP pour de bon signifie que vous pouvez vraiment sentir le syst\u00e8me de transmission int\u00e9grale adaptative Haldex au travail. Par d\u00e9faut, la puissance du Golf R sera transmise aux roues avant, comme sur une Mercedes A45 AMG. Si des probl\u00e8mes de traction sont d\u00e9tect\u00e9s, jusqu'\u00e0 100% de la traction peut \u00eatre ramen\u00e9 \u00e0 l'essieu arri\u00e8re en une fraction de seconde, et, par l'interm\u00e9diaire des \u00e9triers effroyables des frein, se diviser entre les deux c\u00f4t\u00e9s de la voiture.<\/p>\n<p>Apprenez tout cela et la conduite\u00a0sur glace\u00a0de la Volkswagen Golf R 300 ch n'est pas aussi effrayante que vous pourriez l'imaginer. En fait, c'est hilarant. Vous tournez, soulevez, attendez un moment jusqu'\u00e0 ce que l'arri\u00e8re commence \u00e0 tourner, puis revenez sur la p\u00e9dale d'acc\u00e9l\u00e9rateur et passez. C'est juste une\u00a0question de choisir votre\u00a0angle et la courbe \u00e0 travers les trucs blancs. L'\u00e9treinte de l'apex n'est pas spectaculaire, mais rapide, couvrant\u00a0la courbe de couple et laisse patiner sur la glace brute, tout en laissant la voiture courir \u00e0 travers la poudre fra\u00eechement tomb\u00e9e est carr\u00e9ment d\u00e9licieux.<\/p>\n<p>Les amateurs de Golf GTI sauront d\u00e9j\u00e0 que la nouvelle\u00a0Volkswagen Golf R 300 ch emprunte le syst\u00e8me de direction de leur GTI. Il s'agit d'une cr\u00e9maill\u00e8re progressive assist\u00e9e \u00e9lectriquement, qui est l\u00e9g\u00e8re lorsque vous garez votre v\u00e9hicule, mais qui\u00a0durcit lorsque vous acc\u00e9l\u00e9rez. Ou, par exemple, chargez \u00e0 travers un lac gel\u00e9 \u00e0\u00a0100 km\/h\u00a0en regardant par les fen\u00eatres lat\u00e9rales. La Volkswagen Golf R se sent bien et\u00a0riv\u00e9e autour de la position droite,\u00a0elle est tr\u00e8s r\u00e9active juste d\u00e9centr\u00e9.<\/p>\n<h2>Verdict<\/h2>\n<p>La Volkswagen Golf R 300 ch vaut-il vraiment une\u00a0augmentation\u00a0de 14% par rapport \u00e0 la GTI ? Volkswagen affirme\u00a0que oui - il pr\u00e9tend que la nouvelle Golf R pourrait constituer jusqu'\u00e0 5% des ventes de Golf - deux fois son ratio pr\u00e9c\u00e9dent.<\/p>\n<p>Cependant, avec l'Audi S3 tout aussi comp\u00e9tente et plus sexy disponible pour presque le m\u00eame prix, et une Golf RS folle de 400 chevaux en pr\u00e9paration pour la fin de 2015, laisseraient la\u00a0Volkswagen Golf R en retrait.<\/p>\n<p><iframe loading=\"lazy\" src=\"https:\/\/www.youtube.com\/embed\/yeUuUGvX1Vw\" width=\"560\" height=\"315\" frameborder=\"0\" allowfullscreen=\"allowfullscreen\"><\/iframe><\/p>\n","protected":false},"excerpt":{"rendered":"<p>Nouvelle Volkswagen Golf R 300 \u00e0 partir de 40000 \u20ac Depuis quelques jours Volkswagen a sorti le mod\u00e8le le plus puissant de sa gamme Golf la \u00ab\u00a0R\u00a0\u00bb . La nouvelle Volkswagen Golf R 300 reprend\u00a0la m\u00e9canique et la transmission de l&rsquo;Audi S3, le 2.0 TSI de 300 ch avec sa transmission 4Motion. La Volkswagen\u00a0Golf R\u00a0300 &#8230; <a title=\"Nouvelle Volkswagen Golf R 300\" class=\"read-more\" href=\"https:\/\/www.carideal.com\/blog\/2013\/12\/30\/volkswagen-golf-r-300-ch\/\" aria-label=\"En savoir plus sur Nouvelle Volkswagen Golf R 300\">Lire plus<\/a><\/p>\n","protected":false},"author":1,"featured_media":16629,"comment_status":"open","ping_status":"open","sticky":false,"template":"","format":"standard","meta":{"_uag_custom_page_level_css":"","_themeisle_gutenberg_block_has_review":false,"footnotes":""},"categories":[5944,5985,10,5998,5974],"tags":[],"class_list":["post-1475","post","type-post","status-publish","format-standard","has-post-thumbnail","hentry","category-constructeur","category-volkswagen","category-marche-automobile-voiture-neuve-occasion-4x4-suv","category-sportive","category-type-de-vehicule"],"wppr_data":{"cwp_meta_box_check":"No"},"yoast_head":"<!-- This site is optimized with the Yoast SEO plugin v24.8.1 - https:\/\/yoast.com\/wordpress\/plugins\/seo\/ -->\n<title>Nouvelle Volkswagen Golf R 300 - Blog auto Carid\u00e9al<\/title>\n<meta name=\"description\" content=\"La nouvelle Volkswagen Golf R 300 reprend la m\u00e9canique et la transmission de l&#039;Audi S3, le 2.0 TSI de 300 ch avec sa transmission 4Motion.\" \/>\n<meta name=\"robots\" content=\"index, follow, max-snippet:-1, max-image-preview:large, max-video-preview:-1\" \/>\n<link rel=\"canonical\" href=\"https:\/\/www.carideal.com\/blog\/2013\/12\/30\/volkswagen-golf-r-300-ch\/\" \/>\n<meta property=\"og:locale\" content=\"fr_FR\" \/>\n<meta property=\"og:type\" content=\"article\" \/>\n<meta property=\"og:title\" content=\"Nouvelle Volkswagen Golf R 300 - Blog auto Carid\u00e9al\" \/>\n<meta property=\"og:description\" content=\"La nouvelle Volkswagen Golf R 300 reprend la m\u00e9canique et la transmission de l&#039;Audi S3, le 2.0 TSI de 300 ch avec sa transmission 4Motion.\" \/>\n<meta property=\"og:url\" content=\"https:\/\/www.carideal.com\/blog\/2013\/12\/30\/volkswagen-golf-r-300-ch\/\" \/>\n<meta property=\"og:site_name\" content=\"Blog auto Carid\u00e9al\" \/>\n<meta property=\"article:publisher\" content=\"https:\/\/www.facebook.com\/Carideal.mandataire.automobile\" \/>\n<meta property=\"article:author\" content=\"https:\/\/www.facebook.com\/Carideal.mandataire.automobile\/\" \/>\n<meta property=\"article:published_time\" content=\"2013-12-30T06:19:00+00:00\" \/>\n<meta property=\"article:modified_time\" content=\"2017-11-26T14:34:57+00:00\" \/>\n<meta property=\"og:image\" content=\"https:\/\/www.carideal.com\/blog\/wp-content\/uploads\/2013\/12\/volkswagen-golf-r-carideal-mandataire-automobile_m.jpg\" \/>\n\t<meta property=\"og:image:width\" content=\"448\" \/>\n\t<meta property=\"og:image:height\" content=\"298\" \/>\n\t<meta property=\"og:image:type\" content=\"image\/jpeg\" \/>\n<meta name=\"author\" content=\"N.S Carideal\" \/>\n<meta name=\"twitter:card\" content=\"summary_large_image\" \/>\n<meta name=\"twitter:creator\" content=\"@caridealauto\" \/>\n<meta name=\"twitter:site\" content=\"@caridealauto\" \/>\n<meta name=\"twitter:label1\" content=\"\u00c9crit par\" \/>\n\t<meta name=\"twitter:data1\" content=\"N.S Carideal\" \/>\n\t<meta name=\"twitter:label2\" content=\"Dur\u00e9e de lecture estim\u00e9e\" \/>\n\t<meta name=\"twitter:data2\" content=\"5 minutes\" \/>\n<script type=\"application\/ld+json\" class=\"yoast-schema-graph\">{\"@context\":\"https:\/\/schema.org\",\"@graph\":[{\"@type\":\"Article\",\"@id\":\"https:\/\/www.carideal.com\/blog\/2013\/12\/30\/volkswagen-golf-r-300-ch\/#article\",\"isPartOf\":{\"@id\":\"https:\/\/www.carideal.com\/blog\/2013\/12\/30\/volkswagen-golf-r-300-ch\/\"},\"author\":{\"name\":\"N.S Carideal\",\"@id\":\"https:\/\/www.carideal.com\/blog\/#\/schema\/person\/985c7e757d1042d647f21bfaf8d41ebc\"},\"headline\":\"Nouvelle Volkswagen Golf R 300\",\"datePublished\":\"2013-12-30T06:19:00+00:00\",\"dateModified\":\"2017-11-26T14:34:57+00:00\",\"mainEntityOfPage\":{\"@id\":\"https:\/\/www.carideal.com\/blog\/2013\/12\/30\/volkswagen-golf-r-300-ch\/\"},\"wordCount\":928,\"commentCount\":0,\"publisher\":{\"@id\":\"https:\/\/www.carideal.com\/blog\/#organization\"},\"image\":{\"@id\":\"https:\/\/www.carideal.com\/blog\/2013\/12\/30\/volkswagen-golf-r-300-ch\/#primaryimage\"},\"thumbnailUrl\":\"https:\/\/www.carideal.com\/blog\/wp-content\/uploads\/2013\/12\/volkswagen-golf-r-carideal-mandataire-automobile_m.jpg\",\"articleSection\":[\"Actualit\u00e9 Constructeur automobile\",\"Actualit\u00e9 Volkswagen\",\"March\u00e9 automobile\",\"Sportive\",\"Type de v\u00e9hicule\"],\"inLanguage\":\"fr-FR\",\"potentialAction\":[{\"@type\":\"CommentAction\",\"name\":\"Comment\",\"target\":[\"https:\/\/www.carideal.com\/blog\/2013\/12\/30\/volkswagen-golf-r-300-ch\/#respond\"]}]},{\"@type\":\"WebPage\",\"@id\":\"https:\/\/www.carideal.com\/blog\/2013\/12\/30\/volkswagen-golf-r-300-ch\/\",\"url\":\"https:\/\/www.carideal.com\/blog\/2013\/12\/30\/volkswagen-golf-r-300-ch\/\",\"name\":\"Nouvelle Volkswagen Golf R 300 - Blog auto Carid\u00e9al\",\"isPartOf\":{\"@id\":\"https:\/\/www.carideal.com\/blog\/#website\"},\"primaryImageOfPage\":{\"@id\":\"https:\/\/www.carideal.com\/blog\/2013\/12\/30\/volkswagen-golf-r-300-ch\/#primaryimage\"},\"image\":{\"@id\":\"https:\/\/www.carideal.com\/blog\/2013\/12\/30\/volkswagen-golf-r-300-ch\/#primaryimage\"},\"thumbnailUrl\":\"https:\/\/www.carideal.com\/blog\/wp-content\/uploads\/2013\/12\/volkswagen-golf-r-carideal-mandataire-automobile_m.jpg\",\"datePublished\":\"2013-12-30T06:19:00+00:00\",\"dateModified\":\"2017-11-26T14:34:57+00:00\",\"description\":\"La nouvelle Volkswagen Golf R 300 reprend la m\u00e9canique et la transmission de l'Audi S3, le 2.0 TSI de 300 ch avec sa transmission 4Motion.\",\"breadcrumb\":{\"@id\":\"https:\/\/www.carideal.com\/blog\/2013\/12\/30\/volkswagen-golf-r-300-ch\/#breadcrumb\"},\"inLanguage\":\"fr-FR\",\"potentialAction\":[{\"@type\":\"ReadAction\",\"target\":[\"https:\/\/www.carideal.com\/blog\/2013\/12\/30\/volkswagen-golf-r-300-ch\/\"]}]},{\"@type\":\"ImageObject\",\"inLanguage\":\"fr-FR\",\"@id\":\"https:\/\/www.carideal.com\/blog\/2013\/12\/30\/volkswagen-golf-r-300-ch\/#primaryimage\",\"url\":\"https:\/\/www.carideal.com\/blog\/wp-content\/uploads\/2013\/12\/volkswagen-golf-r-carideal-mandataire-automobile_m.jpg\",\"contentUrl\":\"https:\/\/www.carideal.com\/blog\/wp-content\/uploads\/2013\/12\/volkswagen-golf-r-carideal-mandataire-automobile_m.jpg\",\"width\":448,\"height\":298,\"caption\":\"Nouvelle Volkswagen Golf R\"},{\"@type\":\"BreadcrumbList\",\"@id\":\"https:\/\/www.carideal.com\/blog\/2013\/12\/30\/volkswagen-golf-r-300-ch\/#breadcrumb\",\"itemListElement\":[{\"@type\":\"ListItem\",\"position\":1,\"name\":\"Blog Carid\u00e9al\",\"item\":\"https:\/\/www.carideal.com\/blog\/\"},{\"@type\":\"ListItem\",\"position\":2,\"name\":\"Actualit\u00e9 constructeur automobile\",\"item\":\"https:\/\/www.carideal.com\/blog\/constructeur\/\"},{\"@type\":\"ListItem\",\"position\":3,\"name\":\"Actualit\u00e9 Volkswagen\",\"item\":\"https:\/\/www.carideal.com\/blog\/constructeur\/volkswagen\/\"},{\"@type\":\"ListItem\",\"position\":4,\"name\":\"Nouvelle Volkswagen Golf R 300\"}]},{\"@type\":\"WebSite\",\"@id\":\"https:\/\/www.carideal.com\/blog\/#website\",\"url\":\"https:\/\/www.carideal.com\/blog\/\",\"name\":\"Blog auto Carid\u00e9al\",\"description\":\"Actualit\u00e9 auto par des passionn\u00e9s\",\"publisher\":{\"@id\":\"https:\/\/www.carideal.com\/blog\/#organization\"},\"potentialAction\":[{\"@type\":\"SearchAction\",\"target\":{\"@type\":\"EntryPoint\",\"urlTemplate\":\"https:\/\/www.carideal.com\/blog\/?s={search_term_string}\"},\"query-input\":{\"@type\":\"PropertyValueSpecification\",\"valueRequired\":true,\"valueName\":\"search_term_string\"}}],\"inLanguage\":\"fr-FR\"},{\"@type\":\"Organization\",\"@id\":\"https:\/\/www.carideal.com\/blog\/#organization\",\"name\":\"Carideal\",\"url\":\"https:\/\/www.carideal.com\/blog\/\",\"logo\":{\"@type\":\"ImageObject\",\"inLanguage\":\"fr-FR\",\"@id\":\"https:\/\/www.carideal.com\/blog\/#\/schema\/logo\/image\/\",\"url\":\"http:\/\/www.carideal.com\/blog\/wp-content\/uploads\/2016\/03\/logo-carideal-mandataire-automobile.png\",\"contentUrl\":\"http:\/\/www.carideal.com\/blog\/wp-content\/uploads\/2016\/03\/logo-carideal-mandataire-automobile.png\",\"width\":300,\"height\":300,\"caption\":\"Carideal\"},\"image\":{\"@id\":\"https:\/\/www.carideal.com\/blog\/#\/schema\/logo\/image\/\"},\"sameAs\":[\"https:\/\/www.facebook.com\/Carideal.mandataire.automobile\",\"https:\/\/x.com\/caridealauto\",\"https:\/\/www.instagram.com\/carideal1\/\",\"https:\/\/www.linkedin.com\/company\/carideal.com\",\"https:\/\/fr.pinterest.com\/schiavonsas\/\",\"https:\/\/www.youtube.com\/user\/caridealsas\"]},{\"@type\":\"Person\",\"@id\":\"https:\/\/www.carideal.com\/blog\/#\/schema\/person\/985c7e757d1042d647f21bfaf8d41ebc\",\"name\":\"N.S Carideal\",\"image\":{\"@type\":\"ImageObject\",\"inLanguage\":\"fr-FR\",\"@id\":\"https:\/\/www.carideal.com\/blog\/#\/schema\/person\/image\/\",\"url\":\"https:\/\/secure.gravatar.com\/avatar\/edb7ccdf1a4e3d14aef967760d354d0e?s=96&r=g\",\"contentUrl\":\"https:\/\/secure.gravatar.com\/avatar\/edb7ccdf1a4e3d14aef967760d354d0e?s=96&r=g\",\"caption\":\"N.S Carideal\"},\"description\":\"Depuis tout petit fan d'automobile. Il est question d'essayer et de comparer toutes ces voitures qui nous ont fait r\u00e9ver, avant que celles-ci ne devient uniquement des voitures de collection.\",\"sameAs\":[\"http:\/\/www.carideal.com\/blog\",\"https:\/\/www.facebook.com\/Carideal.mandataire.automobile\/\",\"https:\/\/www.linkedin.com\/in\/nschiavon\/\",\"https:\/\/www.youtube.com\/user\/caridealsas\/\"],\"url\":\"https:\/\/www.carideal.com\/blog\/author\/admin_carideal\/\"}]}<\/script>\n<!-- \/ Yoast SEO plugin. -->","yoast_head_json":{"title":"Nouvelle Volkswagen Golf R 300 - Blog auto Carid\u00e9al","description":"La nouvelle Volkswagen Golf R 300 reprend la m\u00e9canique et la transmission de l'Audi S3, le 2.0 TSI de 300 ch avec sa transmission 4Motion.","robots":{"index":"index","follow":"follow","max-snippet":"max-snippet:-1","max-image-preview":"max-image-preview:large","max-video-preview":"max-video-preview:-1"},"canonical":"https:\/\/www.carideal.com\/blog\/2013\/12\/30\/volkswagen-golf-r-300-ch\/","og_locale":"fr_FR","og_type":"article","og_title":"Nouvelle Volkswagen Golf R 300 - Blog auto Carid\u00e9al","og_description":"La nouvelle Volkswagen Golf R 300 reprend la m\u00e9canique et la transmission de l'Audi S3, le 2.0 TSI de 300 ch avec sa transmission 4Motion.","og_url":"https:\/\/www.carideal.com\/blog\/2013\/12\/30\/volkswagen-golf-r-300-ch\/","og_site_name":"Blog auto Carid\u00e9al","article_publisher":"https:\/\/www.facebook.com\/Carideal.mandataire.automobile","article_author":"https:\/\/www.facebook.com\/Carideal.mandataire.automobile\/","article_published_time":"2013-12-30T06:19:00+00:00","article_modified_time":"2017-11-26T14:34:57+00:00","og_image":[{"width":448,"height":298,"url":"https:\/\/www.carideal.com\/blog\/wp-content\/uploads\/2013\/12\/volkswagen-golf-r-carideal-mandataire-automobile_m.jpg","type":"image\/jpeg"}],"author":"N.S Carideal","twitter_card":"summary_large_image","twitter_creator":"@caridealauto","twitter_site":"@caridealauto","twitter_misc":{"\u00c9crit par":"N.S Carideal","Dur\u00e9e de lecture estim\u00e9e":"5 minutes"},"schema":{"@context":"https:\/\/schema.org","@graph":[{"@type":"Article","@id":"https:\/\/www.carideal.com\/blog\/2013\/12\/30\/volkswagen-golf-r-300-ch\/#article","isPartOf":{"@id":"https:\/\/www.carideal.com\/blog\/2013\/12\/30\/volkswagen-golf-r-300-ch\/"},"author":{"name":"N.S Carideal","@id":"https:\/\/www.carideal.com\/blog\/#\/schema\/person\/985c7e757d1042d647f21bfaf8d41ebc"},"headline":"Nouvelle Volkswagen Golf R 300","datePublished":"2013-12-30T06:19:00+00:00","dateModified":"2017-11-26T14:34:57+00:00","mainEntityOfPage":{"@id":"https:\/\/www.carideal.com\/blog\/2013\/12\/30\/volkswagen-golf-r-300-ch\/"},"wordCount":928,"commentCount":0,"publisher":{"@id":"https:\/\/www.carideal.com\/blog\/#organization"},"image":{"@id":"https:\/\/www.carideal.com\/blog\/2013\/12\/30\/volkswagen-golf-r-300-ch\/#primaryimage"},"thumbnailUrl":"https:\/\/www.carideal.com\/blog\/wp-content\/uploads\/2013\/12\/volkswagen-golf-r-carideal-mandataire-automobile_m.jpg","articleSection":["Actualit\u00e9 Constructeur automobile","Actualit\u00e9 Volkswagen","March\u00e9 automobile","Sportive","Type de v\u00e9hicule"],"inLanguage":"fr-FR","potentialAction":[{"@type":"CommentAction","name":"Comment","target":["https:\/\/www.carideal.com\/blog\/2013\/12\/30\/volkswagen-golf-r-300-ch\/#respond"]}]},{"@type":"WebPage","@id":"https:\/\/www.carideal.com\/blog\/2013\/12\/30\/volkswagen-golf-r-300-ch\/","url":"https:\/\/www.carideal.com\/blog\/2013\/12\/30\/volkswagen-golf-r-300-ch\/","name":"Nouvelle Volkswagen Golf R 300 - Blog auto Carid\u00e9al","isPartOf":{"@id":"https:\/\/www.carideal.com\/blog\/#website"},"primaryImageOfPage":{"@id":"https:\/\/www.carideal.com\/blog\/2013\/12\/30\/volkswagen-golf-r-300-ch\/#primaryimage"},"image":{"@id":"https:\/\/www.carideal.com\/blog\/2013\/12\/30\/volkswagen-golf-r-300-ch\/#primaryimage"},"thumbnailUrl":"https:\/\/www.carideal.com\/blog\/wp-content\/uploads\/2013\/12\/volkswagen-golf-r-carideal-mandataire-automobile_m.jpg","datePublished":"2013-12-30T06:19:00+00:00","dateModified":"2017-11-26T14:34:57+00:00","description":"La nouvelle Volkswagen Golf R 300 reprend la m\u00e9canique et la transmission de l'Audi S3, le 2.0 TSI de 300 ch avec sa transmission 4Motion.","breadcrumb":{"@id":"https:\/\/www.carideal.com\/blog\/2013\/12\/30\/volkswagen-golf-r-300-ch\/#breadcrumb"},"inLanguage":"fr-FR","potentialAction":[{"@type":"ReadAction","target":["https:\/\/www.carideal.com\/blog\/2013\/12\/30\/volkswagen-golf-r-300-ch\/"]}]},{"@type":"ImageObject","inLanguage":"fr-FR","@id":"https:\/\/www.carideal.com\/blog\/2013\/12\/30\/volkswagen-golf-r-300-ch\/#primaryimage","url":"https:\/\/www.carideal.com\/blog\/wp-content\/uploads\/2013\/12\/volkswagen-golf-r-carideal-mandataire-automobile_m.jpg","contentUrl":"https:\/\/www.carideal.com\/blog\/wp-content\/uploads\/2013\/12\/volkswagen-golf-r-carideal-mandataire-automobile_m.jpg","width":448,"height":298,"caption":"Nouvelle Volkswagen Golf R"},{"@type":"BreadcrumbList","@id":"https:\/\/www.carideal.com\/blog\/2013\/12\/30\/volkswagen-golf-r-300-ch\/#breadcrumb","itemListElement":[{"@type":"ListItem","position":1,"name":"Blog Carid\u00e9al","item":"https:\/\/www.carideal.com\/blog\/"},{"@type":"ListItem","position":2,"name":"Actualit\u00e9 constructeur automobile","item":"https:\/\/www.carideal.com\/blog\/constructeur\/"},{"@type":"ListItem","position":3,"name":"Actualit\u00e9 Volkswagen","item":"https:\/\/www.carideal.com\/blog\/constructeur\/volkswagen\/"},{"@type":"ListItem","position":4,"name":"Nouvelle Volkswagen Golf R 300"}]},{"@type":"WebSite","@id":"https:\/\/www.carideal.com\/blog\/#website","url":"https:\/\/www.carideal.com\/blog\/","name":"Blog auto Carid\u00e9al","description":"Actualit\u00e9 auto par des passionn\u00e9s","publisher":{"@id":"https:\/\/www.carideal.com\/blog\/#organization"},"potentialAction":[{"@type":"SearchAction","target":{"@type":"EntryPoint","urlTemplate":"https:\/\/www.carideal.com\/blog\/?s={search_term_string}"},"query-input":{"@type":"PropertyValueSpecification","valueRequired":true,"valueName":"search_term_string"}}],"inLanguage":"fr-FR"},{"@type":"Organization","@id":"https:\/\/www.carideal.com\/blog\/#organization","name":"Carideal","url":"https:\/\/www.carideal.com\/blog\/","logo":{"@type":"ImageObject","inLanguage":"fr-FR","@id":"https:\/\/www.carideal.com\/blog\/#\/schema\/logo\/image\/","url":"http:\/\/www.carideal.com\/blog\/wp-content\/uploads\/2016\/03\/logo-carideal-mandataire-automobile.png","contentUrl":"http:\/\/www.carideal.com\/blog\/wp-content\/uploads\/2016\/03\/logo-carideal-mandataire-automobile.png","width":300,"height":300,"caption":"Carideal"},"image":{"@id":"https:\/\/www.carideal.com\/blog\/#\/schema\/logo\/image\/"},"sameAs":["https:\/\/www.facebook.com\/Carideal.mandataire.automobile","https:\/\/x.com\/caridealauto","https:\/\/www.instagram.com\/carideal1\/","https:\/\/www.linkedin.com\/company\/carideal.com","https:\/\/fr.pinterest.com\/schiavonsas\/","https:\/\/www.youtube.com\/user\/caridealsas"]},{"@type":"Person","@id":"https:\/\/www.carideal.com\/blog\/#\/schema\/person\/985c7e757d1042d647f21bfaf8d41ebc","name":"N.S Carideal","image":{"@type":"ImageObject","inLanguage":"fr-FR","@id":"https:\/\/www.carideal.com\/blog\/#\/schema\/person\/image\/","url":"https:\/\/secure.gravatar.com\/avatar\/edb7ccdf1a4e3d14aef967760d354d0e?s=96&r=g","contentUrl":"https:\/\/secure.gravatar.com\/avatar\/edb7ccdf1a4e3d14aef967760d354d0e?s=96&r=g","caption":"N.S Carideal"},"description":"Depuis tout petit fan d'automobile. Il est question d'essayer et de comparer toutes ces voitures qui nous ont fait r\u00e9ver, avant que celles-ci ne devient uniquement des voitures de collection.","sameAs":["http:\/\/www.carideal.com\/blog","https:\/\/www.facebook.com\/Carideal.mandataire.automobile\/","https:\/\/www.linkedin.com\/in\/nschiavon\/","https:\/\/www.youtube.com\/user\/caridealsas\/"],"url":"https:\/\/www.carideal.com\/blog\/author\/admin_carideal\/"}]}},"uagb_featured_image_src":{"full":["https:\/\/www.carideal.com\/blog\/wp-content\/uploads\/2013\/12\/volkswagen-golf-r-carideal-mandataire-automobile_m.jpg",448,298,false],"thumbnail":["https:\/\/www.carideal.com\/blog\/wp-content\/uploads\/2013\/12\/volkswagen-golf-r-carideal-mandataire-automobile_m-150x150.jpg",150,150,true],"medium":["https:\/\/www.carideal.com\/blog\/wp-content\/uploads\/2013\/12\/volkswagen-golf-r-carideal-mandataire-automobile_m-300x200.jpg",300,200,true],"medium_large":["https:\/\/www.carideal.com\/blog\/wp-content\/uploads\/2013\/12\/volkswagen-golf-r-carideal-mandataire-automobile_m.jpg",448,298,false],"large":["https:\/\/www.carideal.com\/blog\/wp-content\/uploads\/2013\/12\/volkswagen-golf-r-carideal-mandataire-automobile_m.jpg",448,298,false],"1536x1536":["https:\/\/www.carideal.com\/blog\/wp-content\/uploads\/2013\/12\/volkswagen-golf-r-carideal-mandataire-automobile_m.jpg",448,298,false],"2048x2048":["https:\/\/www.carideal.com\/blog\/wp-content\/uploads\/2013\/12\/volkswagen-golf-r-carideal-mandataire-automobile_m.jpg",448,298,false],"wppr-widget":["https:\/\/www.carideal.com\/blog\/wp-content\/uploads\/2013\/12\/volkswagen-golf-r-carideal-mandataire-automobile_m.jpg",50,33,false]},"uagb_author_info":{"display_name":"N.S Carideal","author_link":"https:\/\/www.carideal.com\/blog\/author\/admin_carideal\/"},"uagb_comment_info":0,"uagb_excerpt":"Nouvelle Volkswagen Golf R 300 \u00e0 partir de 40000 \u20ac Depuis quelques jours Volkswagen a sorti le mod\u00e8le le plus puissant de sa gamme Golf la \"R\" . La nouvelle Volkswagen Golf R 300 reprend\u00a0la m\u00e9canique et la transmission de l'Audi S3, le 2.0 TSI de 300 ch avec sa transmission 4Motion. La Volkswagen\u00a0Golf R\u00a0300\u2026","_links":{"self":[{"href":"https:\/\/www.carideal.com\/blog\/wp-json\/wp\/v2\/posts\/1475"}],"collection":[{"href":"https:\/\/www.carideal.com\/blog\/wp-json\/wp\/v2\/posts"}],"about":[{"href":"https:\/\/www.carideal.com\/blog\/wp-json\/wp\/v2\/types\/post"}],"author":[{"embeddable":true,"href":"https:\/\/www.carideal.com\/blog\/wp-json\/wp\/v2\/users\/1"}],"replies":[{"embeddable":true,"href":"https:\/\/www.carideal.com\/blog\/wp-json\/wp\/v2\/comments?post=1475"}],"version-history":[{"count":0,"href":"https:\/\/www.carideal.com\/blog\/wp-json\/wp\/v2\/posts\/1475\/revisions"}],"wp:featuredmedia":[{"embeddable":true,"href":"https:\/\/www.carideal.com\/blog\/wp-json\/wp\/v2\/media\/16629"}],"wp:attachment":[{"href":"https:\/\/www.carideal.com\/blog\/wp-json\/wp\/v2\/media?parent=1475"}],"wp:term":[{"taxonomy":"category","embeddable":true,"href":"https:\/\/www.carideal.com\/blog\/wp-json\/wp\/v2\/categories?post=1475"},{"taxonomy":"post_tag","embeddable":true,"href":"https:\/\/www.carideal.com\/blog\/wp-json\/wp\/v2\/tags?post=1475"}],"curies":[{"name":"wp","href":"https:\/\/api.w.org\/{rel}","templated":true}]}}