{"id":1471,"date":"2013-12-20T21:11:00","date_gmt":"2013-12-20T21:11:00","guid":{"rendered":"http:\/\/carideal.com\/blog\/?p=1471"},"modified":"2020-03-07T16:42:03","modified_gmt":"2020-03-07T15:42:03","slug":"nouveau-peugeot-5008-restyle","status":"publish","type":"post","link":"https:\/\/www.carideal.com\/blog\/2013\/12\/20\/nouveau-peugeot-5008-restyle\/","title":{"rendered":"Nouveau Peugeot 5008 2013 restyl\u00e9"},"content":{"rendered":"<h1>Nouveau Peugeot 5008\u00a02013 restyl\u00e9<\/h1>\n<p>Depuis quelques jours est en vente le <strong>nouveau Peugeot 5008\u00a02013 restyl\u00e9<\/strong> au minimum. Le nouveau Citroen C4 Picasso et le Renault Sc\u00e9nic restyl\u00e9 lui font en effet de l'ombre. tr\u00e8s peu de changement malheureusement. pour en savoir plus ici\u00a0:<\/p>\n<p>Le nouveau Peugeot 5008 2013 est une voiture spacieuse, pratique, bien construite et \u00e9tonnamment bonne\u00a0proposant sept places.<\/p>\n<p>Achat Peugeot 5008 avec Carideal Mandataire automobile<\/p>\n<p>Le nouveau Peugeot 5008 2013 vous fait croire que si vous avez besoin d'un monospace de sept places, vous devriez vous attendre \u00e0 une exp\u00e9rience de conduite sans int\u00e9r\u00eat. Bien que la Ford S-MAX ne puisse pas tout \u00e0 fait \u00e9galer le plaisir du conducteur et que la Citro\u00ebn Grand C4 Picasso soit plus styl\u00e9e, le\u00a0nouveau Peugeot 5008 2013 est agr\u00e9able sur la route, extr\u00eamement pratique et dot\u00e9e d'une gamme de moteurs \u00e9conomiques.<\/p>\n<p>Cependant, si vous en voulez un, vous devrez \u00eatre rapide. Le mod\u00e8le est\u00a0arr\u00e9t\u00e9 et Peugeot ne dispose que de mod\u00e8les \u00aben stock\u00bb, vous ne pourrez donc pas obtenir les sp\u00e9cifications pr\u00e9cises que vous souhaitez.<br \/>\nIl n'y a qu'un seul\u00a0moteur disponible: un 1,2 litre turbocompress\u00e9 de 130 ch. Alors qu'il est assez efficace, il\u00a0consomme 5.4 L\/100 km et \u00e9met 124 g \/ km de CO2 . Cependant, le moteur diesel de 1,6 litre convient mieux au 5008. Il\u00a0demande 4.3 L\/100 km et ne co\u00fbte rien en malus.<\/p>\n<p>Quel que soit le moteur choisi, le nouveau Peugeot\u00a05008 2013 n'est pas une voiture rapide: le moteur le plus rapide est l'essence de 1,2 litre, qui passe de 0 \u00e0\u00a0100 km\/h en 10,9 secondes, tandis que le diesel 1,6 litre est un peu plus lent, en 12,2 secondes sur le 0 \u00e0 100 km\/h. C'est encore un peu plus lent avec la bo\u00eete de vitesses automatique. En toute justice, la performance pure et simple ne semble pas \u00eatre une priorit\u00e9 absolue lors du choix d'un <a href=\"http:\/\/www.carideal.com\/blog\/type-de-vehicule\/monospace\/\">monospace<\/a>.<\/p>\n<figure id=\"attachment_16767\" aria-describedby=\"caption-attachment-16767\" style=\"width: 540px\" class=\"wp-caption alignnone\"><a href=\"http:\/\/www.carideal.com\/blog\/wp-content\/uploads\/2013\/12\/peugeot-5008-2013-sieges-pli\u00e9s-e1513751624136.jpg\"><img loading=\"lazy\" decoding=\"async\" class=\"size-full wp-image-16767\" src=\"http:\/\/www.carideal.com\/blog\/wp-content\/uploads\/2013\/12\/peugeot-5008-2013-sieges-pli\u00e9s-e1513751624136.jpg\" alt=\"Nouveau Peugeot 5008 2013 si\u00e8ges pli\u00e9s\" width=\"550\" height=\"366\" \/><\/a><figcaption id=\"caption-attachment-16767\" class=\"wp-caption-text\">Nouveau Peugeot 5008 2013 si\u00e8ges pli\u00e9s<\/figcaption><\/figure>\n<p>En d\u00e9pit de cette performance tranquille, le nouveau Peugeot 5008 2013 est une voiture agr\u00e9able \u00e0 conduire: le levier de vitesse sur\u00e9lev\u00e9 facilite le changement de vitesse, tandis que sa direction est pr\u00e9cise et que sa carrosserie est bien ma\u00eetris\u00e9e dans les virages. Vous pouvez \u00e9galement opter pour le Dynamic Roll Control de <a href=\"http:\/\/www.carideal.com\/blog\/marque-de-voiture-actualites-essais\/peugeot\/\">Peugeot<\/a>, qui contribue \u00e0 r\u00e9duire encore plus la d\u00e9formation de la carrosserie, ce que les passagers susceptibles de souffrir de mal\u00a0de mer risquent d'appr\u00e9cier.<\/p>\n<h2>Int\u00e9rieur et confort du nouveau Peugeot 5008 2013<\/h2>\n<p>\u00c0 l'int\u00e9rieur, le\u00a0nouveau Peugeot 5008 2013 est\u00a0pour chaque cm2 une voiture d\u00e9di\u00e9 au\u00a0transport de personnes pratique. Les si\u00e8ges peuvent \u00eatre pli\u00e9s et gliss\u00e9s de diff\u00e9rentes fa\u00e7ons, selon vos besoins, tandis que le tableau de bord est facile \u00e0 utiliser et comporte beaucoup de plastiques doux au toucher. Les si\u00e8ges de troisi\u00e8me rang\u00e9e sont mieux adapt\u00e9s aux enfants (ce qui est souvent le cas avec les voitures \u00e0 sept places), mais en plus, le nouveau Peugeot 5008 2013 offre une place g\u00e9n\u00e9reuse pour la t\u00eate et les jambes, tandis qu'un\u00a0coffrede 823 litres (avec les si\u00e8ges arri\u00e8re rabattus) offre beaucoup d'espace pour les bagages.<\/p>\n<p>Peugeot propose la 5008 2013 en deux versions : Active et Allure. L'Active est dot\u00e9e de capteurs de stationnement et de vitres \u00e9lectriques, d'un r\u00e9gulateur de vitesse, d'une connectivit\u00e9 Bluetooth, de la climatisation, de stores, de jantes en alliage, de feux de circulation \u00e0\u00a0LED et de feux et essuie-glaces automatiques. Passer \u00e0 la finition Allure co\u00fbte environ\u00a02500 \u20ac et ajoute un affichage t\u00eate haute, un GPS, une cam\u00e9ra de recul, de plus grandes roues en alliage, un toit ouvrant panoramique et des vitres arri\u00e8re teint\u00e9es.<\/p>\n<p>Alors que le nouveau Peugeot\u00a05008 2013 a de solides atouts en mati\u00e8re de s\u00e9curit\u00e9 gr\u00e2ce \u00e0 son classement cinq \u00e9toiles <a href=\"http:\/\/www.carideal.com\/blog\/tag\/euro-ncap\/\">Euro NCAP<\/a>, la fiabilit\u00e9 est moins impressionnante. Peugeot a r\u00e9cemment am\u00e9lior\u00e9 sa r\u00e9putation de fiabilit\u00e9, mais une 17 \u00e8me place dans\u00a0une enqu\u00eate de satisfaction de la client\u00e8le\u00a0r\u00e9cente repr\u00e9sente une baisse de sept places par rapport \u00e0 l'ann\u00e9e pr\u00e9c\u00e9dente. La 137e place de la 5008 sur 150 voitures n'inspire pas non plus confiance.<\/p>\n","protected":false},"excerpt":{"rendered":"<p>Nouveau Peugeot 5008\u00a02013 restyl\u00e9 Depuis quelques jours est en vente le nouveau Peugeot 5008\u00a02013 restyl\u00e9 au minimum. Le nouveau Citroen C4 Picasso et le Renault Sc\u00e9nic restyl\u00e9 lui font en effet de l&rsquo;ombre. tr\u00e8s peu de changement malheureusement. pour en savoir plus ici\u00a0: Le nouveau Peugeot 5008 2013 est une voiture spacieuse, pratique, bien construite &#8230; <a title=\"Nouveau Peugeot 5008 2013 restyl\u00e9\" class=\"read-more\" href=\"https:\/\/www.carideal.com\/blog\/2013\/12\/20\/nouveau-peugeot-5008-restyle\/\" aria-label=\"En savoir plus sur Nouveau Peugeot 5008 2013 restyl\u00e9\">Lire plus<\/a><\/p>\n","protected":false},"author":1,"featured_media":16766,"comment_status":"open","ping_status":"open","sticky":false,"template":"","format":"standard","meta":{"_uag_custom_page_level_css":"","_themeisle_gutenberg_block_has_review":false,"footnotes":""},"categories":[5944,5946,6023,5974],"tags":[5873],"class_list":["post-1471","post","type-post","status-publish","format-standard","has-post-thumbnail","hentry","category-constructeur","category-peugeot","category-monospace","category-type-de-vehicule","tag-voiture-familiale"],"wppr_data":{"cwp_meta_box_check":"No"},"yoast_head":"<!-- This site is optimized with the Yoast SEO plugin v24.8.1 - https:\/\/yoast.com\/wordpress\/plugins\/seo\/ -->\n<title>Nouveau Peugeot 5008 2013 restyl\u00e9 - Blog auto Carid\u00e9al<\/title>\n<meta name=\"description\" content=\"D\u00e9couvrez la pr\u00e9sentation du nouveau Peugeot 5008 2013, le monospace de Peugeot pour contrer les Ford S Max et Citroen grand C4 Picasso\" \/>\n<meta name=\"robots\" content=\"index, follow, max-snippet:-1, max-image-preview:large, max-video-preview:-1\" \/>\n<link rel=\"canonical\" href=\"https:\/\/www.carideal.com\/blog\/2013\/12\/20\/nouveau-peugeot-5008-restyle\/\" \/>\n<meta property=\"og:locale\" content=\"fr_FR\" \/>\n<meta property=\"og:type\" content=\"article\" \/>\n<meta property=\"og:title\" content=\"Nouveau Peugeot 5008 2013 restyl\u00e9 - Blog auto Carid\u00e9al\" \/>\n<meta property=\"og:description\" content=\"D\u00e9couvrez la pr\u00e9sentation du nouveau Peugeot 5008 2013, le monospace de Peugeot pour contrer les Ford S Max et Citroen grand C4 Picasso\" \/>\n<meta property=\"og:url\" content=\"https:\/\/www.carideal.com\/blog\/2013\/12\/20\/nouveau-peugeot-5008-restyle\/\" \/>\n<meta property=\"og:site_name\" content=\"Blog auto Carid\u00e9al\" \/>\n<meta property=\"article:publisher\" content=\"https:\/\/www.facebook.com\/Carideal.mandataire.automobile\" \/>\n<meta property=\"article:author\" content=\"https:\/\/www.facebook.com\/Carideal.mandataire.automobile\/\" \/>\n<meta property=\"article:published_time\" content=\"2013-12-20T21:11:00+00:00\" \/>\n<meta property=\"article:modified_time\" content=\"2020-03-07T15:42:03+00:00\" \/>\n<meta property=\"og:image\" content=\"https:\/\/www.carideal.com\/blog\/wp-content\/uploads\/2013\/12\/peugeot-5008-2013-carideal-mandataire-automobile_m.jpg\" \/>\n\t<meta property=\"og:image:width\" content=\"448\" \/>\n\t<meta property=\"og:image:height\" content=\"251\" \/>\n\t<meta property=\"og:image:type\" content=\"image\/jpeg\" \/>\n<meta name=\"author\" content=\"N.S Carideal\" \/>\n<meta name=\"twitter:card\" content=\"summary_large_image\" \/>\n<meta name=\"twitter:creator\" content=\"@caridealauto\" \/>\n<meta name=\"twitter:site\" content=\"@caridealauto\" \/>\n<meta name=\"twitter:label1\" content=\"\u00c9crit par\" \/>\n\t<meta name=\"twitter:data1\" content=\"N.S Carideal\" \/>\n\t<meta name=\"twitter:label2\" content=\"Dur\u00e9e de lecture estim\u00e9e\" \/>\n\t<meta name=\"twitter:data2\" content=\"3 minutes\" \/>\n<script type=\"application\/ld+json\" class=\"yoast-schema-graph\">{\"@context\":\"https:\/\/schema.org\",\"@graph\":[{\"@type\":\"Article\",\"@id\":\"https:\/\/www.carideal.com\/blog\/2013\/12\/20\/nouveau-peugeot-5008-restyle\/#article\",\"isPartOf\":{\"@id\":\"https:\/\/www.carideal.com\/blog\/2013\/12\/20\/nouveau-peugeot-5008-restyle\/\"},\"author\":{\"name\":\"N.S Carideal\",\"@id\":\"https:\/\/www.carideal.com\/blog\/#\/schema\/person\/985c7e757d1042d647f21bfaf8d41ebc\"},\"headline\":\"Nouveau Peugeot 5008 2013 restyl\u00e9\",\"datePublished\":\"2013-12-20T21:11:00+00:00\",\"dateModified\":\"2020-03-07T15:42:03+00:00\",\"mainEntityOfPage\":{\"@id\":\"https:\/\/www.carideal.com\/blog\/2013\/12\/20\/nouveau-peugeot-5008-restyle\/\"},\"wordCount\":695,\"commentCount\":0,\"publisher\":{\"@id\":\"https:\/\/www.carideal.com\/blog\/#organization\"},\"image\":{\"@id\":\"https:\/\/www.carideal.com\/blog\/2013\/12\/20\/nouveau-peugeot-5008-restyle\/#primaryimage\"},\"thumbnailUrl\":\"https:\/\/www.carideal.com\/blog\/wp-content\/uploads\/2013\/12\/peugeot-5008-2013-carideal-mandataire-automobile_m.jpg\",\"keywords\":[\"voiture familiale\"],\"articleSection\":[\"Actualit\u00e9 Constructeur automobile\",\"Actualit\u00e9 Peugeot\",\"Monospace\",\"Type de v\u00e9hicule\"],\"inLanguage\":\"fr-FR\",\"potentialAction\":[{\"@type\":\"CommentAction\",\"name\":\"Comment\",\"target\":[\"https:\/\/www.carideal.com\/blog\/2013\/12\/20\/nouveau-peugeot-5008-restyle\/#respond\"]}]},{\"@type\":\"WebPage\",\"@id\":\"https:\/\/www.carideal.com\/blog\/2013\/12\/20\/nouveau-peugeot-5008-restyle\/\",\"url\":\"https:\/\/www.carideal.com\/blog\/2013\/12\/20\/nouveau-peugeot-5008-restyle\/\",\"name\":\"Nouveau Peugeot 5008 2013 restyl\u00e9 - Blog auto Carid\u00e9al\",\"isPartOf\":{\"@id\":\"https:\/\/www.carideal.com\/blog\/#website\"},\"primaryImageOfPage\":{\"@id\":\"https:\/\/www.carideal.com\/blog\/2013\/12\/20\/nouveau-peugeot-5008-restyle\/#primaryimage\"},\"image\":{\"@id\":\"https:\/\/www.carideal.com\/blog\/2013\/12\/20\/nouveau-peugeot-5008-restyle\/#primaryimage\"},\"thumbnailUrl\":\"https:\/\/www.carideal.com\/blog\/wp-content\/uploads\/2013\/12\/peugeot-5008-2013-carideal-mandataire-automobile_m.jpg\",\"datePublished\":\"2013-12-20T21:11:00+00:00\",\"dateModified\":\"2020-03-07T15:42:03+00:00\",\"description\":\"D\u00e9couvrez la pr\u00e9sentation du nouveau Peugeot 5008 2013, le monospace de Peugeot pour contrer les Ford S Max et Citroen grand C4 Picasso\",\"breadcrumb\":{\"@id\":\"https:\/\/www.carideal.com\/blog\/2013\/12\/20\/nouveau-peugeot-5008-restyle\/#breadcrumb\"},\"inLanguage\":\"fr-FR\",\"potentialAction\":[{\"@type\":\"ReadAction\",\"target\":[\"https:\/\/www.carideal.com\/blog\/2013\/12\/20\/nouveau-peugeot-5008-restyle\/\"]}]},{\"@type\":\"ImageObject\",\"inLanguage\":\"fr-FR\",\"@id\":\"https:\/\/www.carideal.com\/blog\/2013\/12\/20\/nouveau-peugeot-5008-restyle\/#primaryimage\",\"url\":\"https:\/\/www.carideal.com\/blog\/wp-content\/uploads\/2013\/12\/peugeot-5008-2013-carideal-mandataire-automobile_m.jpg\",\"contentUrl\":\"https:\/\/www.carideal.com\/blog\/wp-content\/uploads\/2013\/12\/peugeot-5008-2013-carideal-mandataire-automobile_m.jpg\",\"width\":448,\"height\":251,\"caption\":\"Nouveau Peugeot 5008 2013 restyl\u00e9\"},{\"@type\":\"BreadcrumbList\",\"@id\":\"https:\/\/www.carideal.com\/blog\/2013\/12\/20\/nouveau-peugeot-5008-restyle\/#breadcrumb\",\"itemListElement\":[{\"@type\":\"ListItem\",\"position\":1,\"name\":\"Blog Carid\u00e9al\",\"item\":\"https:\/\/www.carideal.com\/blog\/\"},{\"@type\":\"ListItem\",\"position\":2,\"name\":\"Actualit\u00e9 constructeur automobile\",\"item\":\"https:\/\/www.carideal.com\/blog\/constructeur\/\"},{\"@type\":\"ListItem\",\"position\":3,\"name\":\"Nouveau Peugeot 5008 2013 restyl\u00e9\"}]},{\"@type\":\"WebSite\",\"@id\":\"https:\/\/www.carideal.com\/blog\/#website\",\"url\":\"https:\/\/www.carideal.com\/blog\/\",\"name\":\"Blog auto Carid\u00e9al\",\"description\":\"Actualit\u00e9 auto par des passionn\u00e9s\",\"publisher\":{\"@id\":\"https:\/\/www.carideal.com\/blog\/#organization\"},\"potentialAction\":[{\"@type\":\"SearchAction\",\"target\":{\"@type\":\"EntryPoint\",\"urlTemplate\":\"https:\/\/www.carideal.com\/blog\/?s={search_term_string}\"},\"query-input\":{\"@type\":\"PropertyValueSpecification\",\"valueRequired\":true,\"valueName\":\"search_term_string\"}}],\"inLanguage\":\"fr-FR\"},{\"@type\":\"Organization\",\"@id\":\"https:\/\/www.carideal.com\/blog\/#organization\",\"name\":\"Carideal\",\"url\":\"https:\/\/www.carideal.com\/blog\/\",\"logo\":{\"@type\":\"ImageObject\",\"inLanguage\":\"fr-FR\",\"@id\":\"https:\/\/www.carideal.com\/blog\/#\/schema\/logo\/image\/\",\"url\":\"http:\/\/www.carideal.com\/blog\/wp-content\/uploads\/2016\/03\/logo-carideal-mandataire-automobile.png\",\"contentUrl\":\"http:\/\/www.carideal.com\/blog\/wp-content\/uploads\/2016\/03\/logo-carideal-mandataire-automobile.png\",\"width\":300,\"height\":300,\"caption\":\"Carideal\"},\"image\":{\"@id\":\"https:\/\/www.carideal.com\/blog\/#\/schema\/logo\/image\/\"},\"sameAs\":[\"https:\/\/www.facebook.com\/Carideal.mandataire.automobile\",\"https:\/\/x.com\/caridealauto\",\"https:\/\/www.instagram.com\/carideal1\/\",\"https:\/\/www.linkedin.com\/company\/carideal.com\",\"https:\/\/fr.pinterest.com\/schiavonsas\/\",\"https:\/\/www.youtube.com\/user\/caridealsas\"]},{\"@type\":\"Person\",\"@id\":\"https:\/\/www.carideal.com\/blog\/#\/schema\/person\/985c7e757d1042d647f21bfaf8d41ebc\",\"name\":\"N.S Carideal\",\"image\":{\"@type\":\"ImageObject\",\"inLanguage\":\"fr-FR\",\"@id\":\"https:\/\/www.carideal.com\/blog\/#\/schema\/person\/image\/\",\"url\":\"https:\/\/secure.gravatar.com\/avatar\/edb7ccdf1a4e3d14aef967760d354d0e?s=96&r=g\",\"contentUrl\":\"https:\/\/secure.gravatar.com\/avatar\/edb7ccdf1a4e3d14aef967760d354d0e?s=96&r=g\",\"caption\":\"N.S Carideal\"},\"description\":\"Depuis tout petit fan d'automobile. Il est question d'essayer et de comparer toutes ces voitures qui nous ont fait r\u00e9ver, avant que celles-ci ne devient uniquement des voitures de collection.\",\"sameAs\":[\"http:\/\/www.carideal.com\/blog\",\"https:\/\/www.facebook.com\/Carideal.mandataire.automobile\/\",\"https:\/\/www.linkedin.com\/in\/nschiavon\/\",\"https:\/\/www.youtube.com\/user\/caridealsas\/\"],\"url\":\"https:\/\/www.carideal.com\/blog\/author\/admin_carideal\/\"}]}<\/script>\n<!-- \/ Yoast SEO plugin. -->","yoast_head_json":{"title":"Nouveau Peugeot 5008 2013 restyl\u00e9 - Blog auto Carid\u00e9al","description":"D\u00e9couvrez la pr\u00e9sentation du nouveau Peugeot 5008 2013, le monospace de Peugeot pour contrer les Ford S Max et Citroen grand C4 Picasso","robots":{"index":"index","follow":"follow","max-snippet":"max-snippet:-1","max-image-preview":"max-image-preview:large","max-video-preview":"max-video-preview:-1"},"canonical":"https:\/\/www.carideal.com\/blog\/2013\/12\/20\/nouveau-peugeot-5008-restyle\/","og_locale":"fr_FR","og_type":"article","og_title":"Nouveau Peugeot 5008 2013 restyl\u00e9 - Blog auto Carid\u00e9al","og_description":"D\u00e9couvrez la pr\u00e9sentation du nouveau Peugeot 5008 2013, le monospace de Peugeot pour contrer les Ford S Max et Citroen grand C4 Picasso","og_url":"https:\/\/www.carideal.com\/blog\/2013\/12\/20\/nouveau-peugeot-5008-restyle\/","og_site_name":"Blog auto Carid\u00e9al","article_publisher":"https:\/\/www.facebook.com\/Carideal.mandataire.automobile","article_author":"https:\/\/www.facebook.com\/Carideal.mandataire.automobile\/","article_published_time":"2013-12-20T21:11:00+00:00","article_modified_time":"2020-03-07T15:42:03+00:00","og_image":[{"width":448,"height":251,"url":"https:\/\/www.carideal.com\/blog\/wp-content\/uploads\/2013\/12\/peugeot-5008-2013-carideal-mandataire-automobile_m.jpg","type":"image\/jpeg"}],"author":"N.S Carideal","twitter_card":"summary_large_image","twitter_creator":"@caridealauto","twitter_site":"@caridealauto","twitter_misc":{"\u00c9crit par":"N.S Carideal","Dur\u00e9e de lecture estim\u00e9e":"3 minutes"},"schema":{"@context":"https:\/\/schema.org","@graph":[{"@type":"Article","@id":"https:\/\/www.carideal.com\/blog\/2013\/12\/20\/nouveau-peugeot-5008-restyle\/#article","isPartOf":{"@id":"https:\/\/www.carideal.com\/blog\/2013\/12\/20\/nouveau-peugeot-5008-restyle\/"},"author":{"name":"N.S Carideal","@id":"https:\/\/www.carideal.com\/blog\/#\/schema\/person\/985c7e757d1042d647f21bfaf8d41ebc"},"headline":"Nouveau Peugeot 5008 2013 restyl\u00e9","datePublished":"2013-12-20T21:11:00+00:00","dateModified":"2020-03-07T15:42:03+00:00","mainEntityOfPage":{"@id":"https:\/\/www.carideal.com\/blog\/2013\/12\/20\/nouveau-peugeot-5008-restyle\/"},"wordCount":695,"commentCount":0,"publisher":{"@id":"https:\/\/www.carideal.com\/blog\/#organization"},"image":{"@id":"https:\/\/www.carideal.com\/blog\/2013\/12\/20\/nouveau-peugeot-5008-restyle\/#primaryimage"},"thumbnailUrl":"https:\/\/www.carideal.com\/blog\/wp-content\/uploads\/2013\/12\/peugeot-5008-2013-carideal-mandataire-automobile_m.jpg","keywords":["voiture familiale"],"articleSection":["Actualit\u00e9 Constructeur automobile","Actualit\u00e9 Peugeot","Monospace","Type de v\u00e9hicule"],"inLanguage":"fr-FR","potentialAction":[{"@type":"CommentAction","name":"Comment","target":["https:\/\/www.carideal.com\/blog\/2013\/12\/20\/nouveau-peugeot-5008-restyle\/#respond"]}]},{"@type":"WebPage","@id":"https:\/\/www.carideal.com\/blog\/2013\/12\/20\/nouveau-peugeot-5008-restyle\/","url":"https:\/\/www.carideal.com\/blog\/2013\/12\/20\/nouveau-peugeot-5008-restyle\/","name":"Nouveau Peugeot 5008 2013 restyl\u00e9 - Blog auto Carid\u00e9al","isPartOf":{"@id":"https:\/\/www.carideal.com\/blog\/#website"},"primaryImageOfPage":{"@id":"https:\/\/www.carideal.com\/blog\/2013\/12\/20\/nouveau-peugeot-5008-restyle\/#primaryimage"},"image":{"@id":"https:\/\/www.carideal.com\/blog\/2013\/12\/20\/nouveau-peugeot-5008-restyle\/#primaryimage"},"thumbnailUrl":"https:\/\/www.carideal.com\/blog\/wp-content\/uploads\/2013\/12\/peugeot-5008-2013-carideal-mandataire-automobile_m.jpg","datePublished":"2013-12-20T21:11:00+00:00","dateModified":"2020-03-07T15:42:03+00:00","description":"D\u00e9couvrez la pr\u00e9sentation du nouveau Peugeot 5008 2013, le monospace de Peugeot pour contrer les Ford S Max et Citroen grand C4 Picasso","breadcrumb":{"@id":"https:\/\/www.carideal.com\/blog\/2013\/12\/20\/nouveau-peugeot-5008-restyle\/#breadcrumb"},"inLanguage":"fr-FR","potentialAction":[{"@type":"ReadAction","target":["https:\/\/www.carideal.com\/blog\/2013\/12\/20\/nouveau-peugeot-5008-restyle\/"]}]},{"@type":"ImageObject","inLanguage":"fr-FR","@id":"https:\/\/www.carideal.com\/blog\/2013\/12\/20\/nouveau-peugeot-5008-restyle\/#primaryimage","url":"https:\/\/www.carideal.com\/blog\/wp-content\/uploads\/2013\/12\/peugeot-5008-2013-carideal-mandataire-automobile_m.jpg","contentUrl":"https:\/\/www.carideal.com\/blog\/wp-content\/uploads\/2013\/12\/peugeot-5008-2013-carideal-mandataire-automobile_m.jpg","width":448,"height":251,"caption":"Nouveau Peugeot 5008 2013 restyl\u00e9"},{"@type":"BreadcrumbList","@id":"https:\/\/www.carideal.com\/blog\/2013\/12\/20\/nouveau-peugeot-5008-restyle\/#breadcrumb","itemListElement":[{"@type":"ListItem","position":1,"name":"Blog Carid\u00e9al","item":"https:\/\/www.carideal.com\/blog\/"},{"@type":"ListItem","position":2,"name":"Actualit\u00e9 constructeur automobile","item":"https:\/\/www.carideal.com\/blog\/constructeur\/"},{"@type":"ListItem","position":3,"name":"Nouveau Peugeot 5008 2013 restyl\u00e9"}]},{"@type":"WebSite","@id":"https:\/\/www.carideal.com\/blog\/#website","url":"https:\/\/www.carideal.com\/blog\/","name":"Blog auto Carid\u00e9al","description":"Actualit\u00e9 auto par des passionn\u00e9s","publisher":{"@id":"https:\/\/www.carideal.com\/blog\/#organization"},"potentialAction":[{"@type":"SearchAction","target":{"@type":"EntryPoint","urlTemplate":"https:\/\/www.carideal.com\/blog\/?s={search_term_string}"},"query-input":{"@type":"PropertyValueSpecification","valueRequired":true,"valueName":"search_term_string"}}],"inLanguage":"fr-FR"},{"@type":"Organization","@id":"https:\/\/www.carideal.com\/blog\/#organization","name":"Carideal","url":"https:\/\/www.carideal.com\/blog\/","logo":{"@type":"ImageObject","inLanguage":"fr-FR","@id":"https:\/\/www.carideal.com\/blog\/#\/schema\/logo\/image\/","url":"http:\/\/www.carideal.com\/blog\/wp-content\/uploads\/2016\/03\/logo-carideal-mandataire-automobile.png","contentUrl":"http:\/\/www.carideal.com\/blog\/wp-content\/uploads\/2016\/03\/logo-carideal-mandataire-automobile.png","width":300,"height":300,"caption":"Carideal"},"image":{"@id":"https:\/\/www.carideal.com\/blog\/#\/schema\/logo\/image\/"},"sameAs":["https:\/\/www.facebook.com\/Carideal.mandataire.automobile","https:\/\/x.com\/caridealauto","https:\/\/www.instagram.com\/carideal1\/","https:\/\/www.linkedin.com\/company\/carideal.com","https:\/\/fr.pinterest.com\/schiavonsas\/","https:\/\/www.youtube.com\/user\/caridealsas"]},{"@type":"Person","@id":"https:\/\/www.carideal.com\/blog\/#\/schema\/person\/985c7e757d1042d647f21bfaf8d41ebc","name":"N.S Carideal","image":{"@type":"ImageObject","inLanguage":"fr-FR","@id":"https:\/\/www.carideal.com\/blog\/#\/schema\/person\/image\/","url":"https:\/\/secure.gravatar.com\/avatar\/edb7ccdf1a4e3d14aef967760d354d0e?s=96&r=g","contentUrl":"https:\/\/secure.gravatar.com\/avatar\/edb7ccdf1a4e3d14aef967760d354d0e?s=96&r=g","caption":"N.S Carideal"},"description":"Depuis tout petit fan d'automobile. Il est question d'essayer et de comparer toutes ces voitures qui nous ont fait r\u00e9ver, avant que celles-ci ne devient uniquement des voitures de collection.","sameAs":["http:\/\/www.carideal.com\/blog","https:\/\/www.facebook.com\/Carideal.mandataire.automobile\/","https:\/\/www.linkedin.com\/in\/nschiavon\/","https:\/\/www.youtube.com\/user\/caridealsas\/"],"url":"https:\/\/www.carideal.com\/blog\/author\/admin_carideal\/"}]}},"uagb_featured_image_src":{"full":["https:\/\/www.carideal.com\/blog\/wp-content\/uploads\/2013\/12\/peugeot-5008-2013-carideal-mandataire-automobile_m.jpg",448,251,false],"thumbnail":["https:\/\/www.carideal.com\/blog\/wp-content\/uploads\/2013\/12\/peugeot-5008-2013-carideal-mandataire-automobile_m-150x150.jpg",150,150,true],"medium":["https:\/\/www.carideal.com\/blog\/wp-content\/uploads\/2013\/12\/peugeot-5008-2013-carideal-mandataire-automobile_m-300x168.jpg",300,168,true],"medium_large":["https:\/\/www.carideal.com\/blog\/wp-content\/uploads\/2013\/12\/peugeot-5008-2013-carideal-mandataire-automobile_m.jpg",448,251,false],"large":["https:\/\/www.carideal.com\/blog\/wp-content\/uploads\/2013\/12\/peugeot-5008-2013-carideal-mandataire-automobile_m.jpg",448,251,false],"1536x1536":["https:\/\/www.carideal.com\/blog\/wp-content\/uploads\/2013\/12\/peugeot-5008-2013-carideal-mandataire-automobile_m.jpg",448,251,false],"2048x2048":["https:\/\/www.carideal.com\/blog\/wp-content\/uploads\/2013\/12\/peugeot-5008-2013-carideal-mandataire-automobile_m.jpg",448,251,false],"wppr-widget":["https:\/\/www.carideal.com\/blog\/wp-content\/uploads\/2013\/12\/peugeot-5008-2013-carideal-mandataire-automobile_m.jpg",50,28,false]},"uagb_author_info":{"display_name":"N.S Carideal","author_link":"https:\/\/www.carideal.com\/blog\/author\/admin_carideal\/"},"uagb_comment_info":0,"uagb_excerpt":"Nouveau Peugeot 5008\u00a02013 restyl\u00e9 Depuis quelques jours est en vente le nouveau Peugeot 5008\u00a02013 restyl\u00e9 au minimum. Le nouveau Citroen C4 Picasso et le Renault Sc\u00e9nic restyl\u00e9 lui font en effet de l'ombre. tr\u00e8s peu de changement malheureusement. pour en savoir plus ici\u00a0: Le nouveau Peugeot 5008 2013 est une voiture spacieuse, pratique, bien construite\u2026","_links":{"self":[{"href":"https:\/\/www.carideal.com\/blog\/wp-json\/wp\/v2\/posts\/1471"}],"collection":[{"href":"https:\/\/www.carideal.com\/blog\/wp-json\/wp\/v2\/posts"}],"about":[{"href":"https:\/\/www.carideal.com\/blog\/wp-json\/wp\/v2\/types\/post"}],"author":[{"embeddable":true,"href":"https:\/\/www.carideal.com\/blog\/wp-json\/wp\/v2\/users\/1"}],"replies":[{"embeddable":true,"href":"https:\/\/www.carideal.com\/blog\/wp-json\/wp\/v2\/comments?post=1471"}],"version-history":[{"count":0,"href":"https:\/\/www.carideal.com\/blog\/wp-json\/wp\/v2\/posts\/1471\/revisions"}],"wp:featuredmedia":[{"embeddable":true,"href":"https:\/\/www.carideal.com\/blog\/wp-json\/wp\/v2\/media\/16766"}],"wp:attachment":[{"href":"https:\/\/www.carideal.com\/blog\/wp-json\/wp\/v2\/media?parent=1471"}],"wp:term":[{"taxonomy":"category","embeddable":true,"href":"https:\/\/www.carideal.com\/blog\/wp-json\/wp\/v2\/categories?post=1471"},{"taxonomy":"post_tag","embeddable":true,"href":"https:\/\/www.carideal.com\/blog\/wp-json\/wp\/v2\/tags?post=1471"}],"curies":[{"name":"wp","href":"https:\/\/api.w.org\/{rel}","templated":true}]}}