{"id":1461,"date":"2013-11-24T14:47:00","date_gmt":"2013-11-24T14:47:00","guid":{"rendered":"http:\/\/carideal.com\/blog\/?p=1461"},"modified":"2016-11-17T16:35:10","modified_gmt":"2016-11-17T15:35:10","slug":"alfa-romeo-giulietta-restylee","status":"publish","type":"post","link":"https:\/\/www.carideal.com\/blog\/2013\/11\/24\/alfa-romeo-giulietta-restylee\/","title":{"rendered":"Alfa Romeo Giulietta restyl\u00e9e 2013"},"content":{"rendered":"<figure style=\"width: 438px\" class=\"wp-caption aligncenter\"><img loading=\"lazy\" decoding=\"async\" title=\"Alfa Romeo Giulietta restyl\u00e9e 2013\" src=\"\/blog\/public\/.alfa-romeo-giulietta-restylee-carideal-mandataire-automobile_m.jpg\" alt=\"Alfa Romeo Giulietta restyl\u00e9e 2013\" width=\"448\" height=\"267\" \/><figcaption class=\"wp-caption-text\">Alfa Romeo Giulietta restyl\u00e9e 2013<\/figcaption><\/figure>\n<h1><strong>Alfa Romeo Giulietta restyl\u00e9e 2013<\/strong><\/h1>\n<blockquote><p>L'Alfa Romeo Giulietta 2013 qui vient d'\u00eatre restyl\u00e9e est l'une des plus belles\u00a0berlines du moment. Elle\u00a0est amusante \u00e0\u00a0conduire, mais la qualit\u00e9 et les probl\u00e8mes d'aspect pratique\u00a0ruinent l'exp\u00e9rience de conduite.<\/p><\/blockquote>\n<p>Depuis peu en vente chez les concessionnaires la nouvelle Alfa Rom\u00e9o Giulietta restyl\u00e9e 2013, l\u00e9ger restylage pour contrer les <a href=\"http:\/\/www.carideal.com\/blog\/2013\/02\/17\/nouvelle-audi-a3-sportback-2-0-tdi-184\/\">nouvelles Audi A3<\/a>, Mercedes Classe A. n'ont \u00e9t\u00e9 retouch\u00e9s que les antibrouillards, le moteur diesel 2.0 JTDM monte de 140 \u00e0 150 ch et le tableau de bord qui int\u00e8gre un \u00e9cran tactile de 5 ou 6.5 \" et un nouveau volant. Cela va t il suffire \u00e0 relancer la Giulietta ?<\/p>\n<p>Sur sa seule apparence l'Alfa Romeo Giulietta restyl\u00e9e 2013 semble imbattable, mais vous n'avez pas besoin de gratter loin sous cette surface \u00e9l\u00e9gante pour d\u00e9couvrir quelques compromis graves.<\/p>\n<figure id=\"attachment_13538\" aria-describedby=\"caption-attachment-13538\" style=\"width: 580px\" class=\"wp-caption aligncenter\"><a href=\"http:\/\/www.carideal.com\/blog\/wp-content\/uploads\/2013\/11\/alfa-romeo-giulietta-2013-7.jpg\"><img loading=\"lazy\" decoding=\"async\" class=\"wp-image-13538 size-full\" title=\"Alfa Romeo Giulietta restyl\u00e9e 2013\" src=\"http:\/\/www.carideal.com\/blog\/wp-content\/uploads\/2013\/11\/alfa-romeo-giulietta-2013-7.jpg\" alt=\"Alfa Romeo Giulietta restyl\u00e9e 2013\" width=\"590\" height=\"401\" srcset=\"https:\/\/www.carideal.com\/blog\/wp-content\/uploads\/2013\/11\/alfa-romeo-giulietta-2013-7.jpg 590w, https:\/\/www.carideal.com\/blog\/wp-content\/uploads\/2013\/11\/alfa-romeo-giulietta-2013-7-300x204.jpg 300w, https:\/\/www.carideal.com\/blog\/wp-content\/uploads\/2013\/11\/alfa-romeo-giulietta-2013-7-110x75.jpg 110w, https:\/\/www.carideal.com\/blog\/wp-content\/uploads\/2013\/11\/alfa-romeo-giulietta-2013-7-420x285.jpg 420w, https:\/\/www.carideal.com\/blog\/wp-content\/uploads\/2013\/11\/alfa-romeo-giulietta-2013-7-50x34.jpg 50w\" sizes=\"(max-width: 590px) 100vw, 590px\" \/><\/a><figcaption id=\"caption-attachment-13538\" class=\"wp-caption-text\">Alfa Romeo Giulietta restyl\u00e9e 2013<\/figcaption><\/figure>\n<p>Ces jolies lignes et une exp\u00e9rience de conduite \u00e9nergique soutenue particuli\u00e8rement bien par la forte gamme de moteurs \u00e0 essence turbo compte en\u00a0faveur de la Giulietta 2013. Il est toutefois entrav\u00e9 par la qualit\u00e9 occasionnellement moyenne et, plus cruciale pour une voiture avec de telles intentions sportives \u00e9videntes, des modes de conduite mal r\u00e9gl\u00e9s de son syst\u00e8me D.N.A qui ne satisfont pas le conducteur enthousiaste.<\/p>\n<p>L'image globale de la Giulietta n'est pas aid\u00e9 par un int\u00e9rieur \u00e9troit avec des plastiques de mauvaise qualit\u00e9 un peu partout\u00a0et une position de conduite bizzare. Les r\u00e9flexions des propri\u00e9taires que nous avons interrog\u00e9s sur la fiabilit\u00e9 et la qualit\u00e9 de construction n'inspirent pas beaucoup confiance, bien que les valeurs r\u00e9siduelles se maintiennent bien.<\/p>\n<p>Si nous devions en choisir une ce serait : l'Alfa Romeo Giulietta 2.0 JTDm-2 150\u00a0Business Edition<\/p>\n<p>L'Alfa Romeo Giulietta restyl\u00e9e 2013 est la meilleure berline familiale de la marque\u00a0italienne et offre un\u00a0style plus valorisant par rapport \u00e0 des mod\u00e8les plus courants comme la <a href=\"http:\/\/www.carideal.com\/blog\/2012\/11\/22\/ford-focus\/\">Ford Focus<\/a> et l'<a href=\"http:\/\/www.carideal.com\/blog\/2012\/06\/22\/lopel-astra-opc\/\">Opel Astra<\/a>.<\/p>\n<p>La voiture a subi un\u00a0lifting en 2013 avec des ajustements sur\u00a0l'\u00e9quipement et la gamme de niveau de finition ainsi que des retouches\u00a0l\u00e9g\u00e8res \u00e0 sur le\u00a0style. Le plus important a \u00e9t\u00e9 l'ajout du syst\u00e8me d'info-divertissement Uconnect avec \u00e9cran tactile dans toute la gamme avec une int\u00e9gration compl\u00e8te des smartphones.<\/p>\n<p>Seulement disponible en cinq portes, l'Alfa Romeo Giulietta 2013 est aussi frappante que ce que vous pouvez attendre d'une <a href=\"http:\/\/www.carideal.com\/blog\/alfa-romeo\/\">Alfa Romeo<\/a>, avec des touches de design soign\u00e9 comme la c\u00e9l\u00e8bre grille triangulaire de la marque, des poign\u00e9es de porte cach\u00e9es \u00e0 l'arri\u00e8re et des feux arri\u00e8re \u00e0 LED. Les derniers mod\u00e8les ont une grille en nid d'abeille, mais le lifting n'a pas touch\u00e9\u00a0le design ext\u00e9rieur qui fait le succ\u00e8s de la voiture.<\/p>\n<p>Comme avec beaucoup de mod\u00e8les d'Alfa Romeo, la qualit\u00e9 de construction manque et ne correspond pas aux normes fix\u00e9es par la\u00a0<a href=\"http:\/\/www.carideal.com\/blog\/2015\/02\/22\/volkswagen-golf-edition-serie-speciale\/\">Golf <\/a>actuelle de Volkswagen. L'Alfa Romeo Giulietta restyl\u00e9e 2013\u00a0n'est pas aussi bien pr\u00e9sent\u00e9e \u00e0 l'int\u00e9rieur que certains de ses rivalles plus modernes, avec un espace limit\u00e9 \u00e0 l'arri\u00e8re, si bien qu'on se sent \u00e0 l'\u00e9troit dans la Giulietta. Ayant d'abord \u00e9t\u00e9 en vente en 2010, l'habitacle commence maintenant \u00e0 montrer son \u00e2ge, malgr\u00e9 le syst\u00e8me de contr\u00f4le tactile qui \u00e9quipe\u00a0maintenant la gamme.<\/p>\n<h2>Vid\u00e9o Alfa Romeo Giulietta 2010<\/h2>\n<p><iframe loading=\"lazy\" src=\"https:\/\/www.youtube.com\/embed\/yz-64eMeqgc\" width=\"560\" height=\"315\" frameborder=\"0\" allowfullscreen=\"allowfullscreen\"><\/iframe><\/p>\n<p>Il ya sept puissances\u00a0sur l'offre dans la gamme principale de l'Alfa Romeo Giulietta restyl\u00e9e 2013 : trois essence et trois diesel. Les essences sont toutes des 1.4 Turbo MultiAir, offrant 120 ch, 150 ch\u00a0et 170 ch,\u00a0et la version la plus puissante est \u00e9galement disponible avec la transmission automatique \u00e0 double embrayage TCT d'Alfa.<\/p>\n<p>En fonction du niveau d'\u00e9quipement, Alfa propose un turbodiesel 1,6 JTDm-2 MultiJet de 120 ch\u00a0en boite manuelle ou automatique, ou un choix de blocs\u00a0de 2,0 litres, dont un moteur de 150 ch\u00a0et un autre\u00a0plus puissant avec\u00a0170 ch\u00a0. Les deux moteurs\u00a0120 chet 170 ch sont disponibles avec la bo\u00eete de vitesses TCT \u00e0 six vitesses au lieu de la boite m\u00e9ca en standard.<\/p>\n<p>Vous devrez payer plus cher pour une Alfa Romeo Giulietta restyl\u00e9e 2013 que beaucoup de ses rivalles, mais tous les mod\u00e8les obtiennent la climatisation, les vitres\u00a0\u00e9lectriques avant eta rri\u00e8res, la radio DAB et le Bluetooth en s\u00e9rie.<\/p>\n<p>&nbsp;<\/p>\n<figure id=\"attachment_13536\" aria-describedby=\"caption-attachment-13536\" style=\"width: 630px\" class=\"wp-caption aligncenter\"><a href=\"http:\/\/www.carideal.com\/blog\/wp-content\/uploads\/2013\/11\/alfa-romeo-giulietta-2013-5.jpg\"><img loading=\"lazy\" decoding=\"async\" class=\"wp-image-13536\" title=\"Alfa Romeo Giulietta restyl\u00e9e 2013\" src=\"http:\/\/www.carideal.com\/blog\/wp-content\/uploads\/2013\/11\/alfa-romeo-giulietta-2013-5.jpg\" alt=\"Alfa Romeo Giulietta restyl\u00e9e 2013\" width=\"640\" height=\"341\" srcset=\"https:\/\/www.carideal.com\/blog\/wp-content\/uploads\/2013\/11\/alfa-romeo-giulietta-2013-5.jpg 900w, https:\/\/www.carideal.com\/blog\/wp-content\/uploads\/2013\/11\/alfa-romeo-giulietta-2013-5-300x160.jpg 300w, https:\/\/www.carideal.com\/blog\/wp-content\/uploads\/2013\/11\/alfa-romeo-giulietta-2013-5-768x410.jpg 768w, https:\/\/www.carideal.com\/blog\/wp-content\/uploads\/2013\/11\/alfa-romeo-giulietta-2013-5-110x59.jpg 110w, https:\/\/www.carideal.com\/blog\/wp-content\/uploads\/2013\/11\/alfa-romeo-giulietta-2013-5-420x224.jpg 420w, https:\/\/www.carideal.com\/blog\/wp-content\/uploads\/2013\/11\/alfa-romeo-giulietta-2013-5-770x411.jpg 770w, https:\/\/www.carideal.com\/blog\/wp-content\/uploads\/2013\/11\/alfa-romeo-giulietta-2013-5-50x27.jpg 50w\" sizes=\"(max-width: 640px) 100vw, 640px\" \/><\/a><figcaption id=\"caption-attachment-13536\" class=\"wp-caption-text\">Alfa Romeo Giulietta restyl\u00e9e 2013<\/figcaption><\/figure>\n<h2>Moteurs, performances et\u00a0conduite<\/h2>\n<p>'DNA Switch' comporte des modes d'entra\u00eenement mal r\u00e8gl\u00e9s, et le conduite\u00a0est compromise\u00a0sur route.<br \/>\nLe m\u00e9lange de confort et de performance de la Giulietta 2013 est vraiment efficace, l'Alfa se montrant \u00e0 l'aise comme chez elle\u00a0sur l'autoroute, les rues urbaines in\u00e9gales et les routes de campagne sinueuses. Le bruit est bien contr\u00f4l\u00e9 dans l'habitacle et dans chaque recoins de la voiture et sa carrosserie se comporte bien.<\/p>\n<p>La Giulietta 2013 obtient ce que Alfa appelle son commutateur D.N.A . Cela modifie la r\u00e9ponse de l'acc\u00e9l\u00e9rateur et la duret\u00e9 de la direction entre trois modes de conduite: dynamique, normal\u00a0et tout temps. Malheureusement, c'est un peu comme un gadget et il ne parvient pas \u00e0 fournir un compromis satisfaisant entre l'agressivit\u00e9 et le confort, avec trop de poids en mode dynamique et et un manque de r\u00e9ponse flagrand de la p\u00e9dale d'acc\u00e9l\u00e9rateur en mode normal et tout temps.<\/p>\n<p>La suspension sur l'Alfa Romeo Giulietta restyl\u00e9e de 2013 n'est pas assez souple pour absorber toutes\u00a0les bosses les plus mauvaises sur nos routes fran\u00e7aises, et avec l'ergonomie douteuse de l'habitacle\u00a0cela signifie que la'Alfa Romeo Giulietta restyl\u00e9e 2013 n'est pas la voiture la plus confortable \u00e0 vivre.<\/p>\n<figure id=\"attachment_13537\" aria-describedby=\"caption-attachment-13537\" style=\"width: 630px\" class=\"wp-caption aligncenter\"><a href=\"http:\/\/www.carideal.com\/blog\/wp-content\/uploads\/2013\/11\/alfa-romeo-giulietta-2013-6.jpg\"><img loading=\"lazy\" decoding=\"async\" class=\"wp-image-13537\" title=\"Alfa Romeo Giulietta restyl\u00e9e 2013\" src=\"http:\/\/www.carideal.com\/blog\/wp-content\/uploads\/2013\/11\/alfa-romeo-giulietta-2013-6.jpg\" alt=\"Alfa Romeo Giulietta restyl\u00e9e 2013\" width=\"640\" height=\"341\" srcset=\"https:\/\/www.carideal.com\/blog\/wp-content\/uploads\/2013\/11\/alfa-romeo-giulietta-2013-6.jpg 900w, https:\/\/www.carideal.com\/blog\/wp-content\/uploads\/2013\/11\/alfa-romeo-giulietta-2013-6-300x160.jpg 300w, https:\/\/www.carideal.com\/blog\/wp-content\/uploads\/2013\/11\/alfa-romeo-giulietta-2013-6-768x410.jpg 768w, https:\/\/www.carideal.com\/blog\/wp-content\/uploads\/2013\/11\/alfa-romeo-giulietta-2013-6-110x59.jpg 110w, https:\/\/www.carideal.com\/blog\/wp-content\/uploads\/2013\/11\/alfa-romeo-giulietta-2013-6-420x224.jpg 420w, https:\/\/www.carideal.com\/blog\/wp-content\/uploads\/2013\/11\/alfa-romeo-giulietta-2013-6-770x411.jpg 770w, https:\/\/www.carideal.com\/blog\/wp-content\/uploads\/2013\/11\/alfa-romeo-giulietta-2013-6-50x27.jpg 50w\" sizes=\"(max-width: 640px) 100vw, 640px\" \/><\/a><figcaption id=\"caption-attachment-13537\" class=\"wp-caption-text\">Alfa Romeo Giulietta restyl\u00e9e 2013<\/figcaption><\/figure>\n<h2>Les Moteurs de l'Alfa Romeo Giulietta 2013<\/h2>\n<p>Les mod\u00e8les \u00e0 double embrayage TCT obtiennent aussi l'option des palettes de commande mont\u00e9s derri\u00e8re le volant pour les changements de vitesse manuelle si vous voulez une conduite\u00a0plus sportive. Ceci est disponible sur la plus puissante motorisation essence de 170 ch et les moteurs diesel 120 ch\u00a0et 170 ch. C'est une bo\u00eete de vitesse bien faite, passant les rapports en douceurs en conduite coul\u00e9e, et rapide \u00e0 descendre quelques rapports si vous utilisez les commandes manuelles, mais la\u00a0concurrence est dure avec les autres voitures \u00e0 double embrayage sur le march\u00e9 automobile.<\/p>\n<p>Le diesel de 170 ch est relativement rapide, avec beaucoup de couple \u00e0 bas r\u00e9gime et g\u00e8re le 0 \u00e0 100 km\/h\u00a0en 7.8 secondes. Le moteur le plus populaire 1.6 litre de 120 ch\u00a0prend 10.2s pour faire le sprint ou 10s avec la bo\u00eete de vitesse manuelle et de toute fa\u00e7on il est relativement vivant \u00e0 conduire,\u00a0sans faire beaucoup de bruit. La version\u00a0\u00e0 essence \u00e0 double embrayage d\u00e9roule\u00a0le\u00a00 \u00e0 100 km\/h en 7.6 secondes, et fournit la m\u00eame vitesse de pointe que le moteur diesel le plus puissant, diesel punchiest - autour de 216 km\/h.<\/p>\n<p>Le diesel de 150 ch avec la boite de vitesses manuelle acc\u00e9l\u00e8re de 0 \u00e0 100 km\/h\u00a0en 8.8 secondes et garde notre pr\u00e9f\u00e9rence dans\u00a0la gamme, un mix entre\u00a0le prix, la performance et le prix. Le seul inconv\u00e9nient est que vous ne pouvez pas avoir l'auto !<\/p>\n<p>En ce qui concerne la gamme essence, le moteur 1,4 litre essence turbo fonctionne mieux dans la petite <a href=\"http:\/\/www.carideal.com\/blog\/2010\/03\/31\/alfa-romeo-mito-1-4-tb-multiair-quadrifoglio-verde\/\">Mito<\/a> comme il peut lutter avec le volume comparable de la Giulietta 2013. Il reste un moteur\u00a0charismatique cependant, et la version la plus puissante de 168bhp 1.4 semble percutante et d\u00e9sireuse de rev.<\/p>\n<p>Pour les fans de sportive il y a la version Quadrifolio Verde, \u00e9quip\u00e9e avec le m\u00eame moteur que la tr\u00e8s sportive <a href=\"http:\/\/www.carideal.com\/blog\/2014\/01\/28\/alfa-romeo-4c-plus-belle-voiture-de-l-annee-2013\/\">Alfa Romeo\u00a04C<\/a>. Produisant 237 ch, il a une vitesse de pointe de 240 km\/h, de quoi inqui\u00e9ter la <a href=\"http:\/\/www.carideal.com\/blog\/2012\/04\/26\/volkswagen-golf-gti-cabriolet\/\">Golf GTI<\/a>.<\/p>\n<p>Cela en fait l'une des plus chaudes sportives du moment, mais elle\u00a0est loin d'\u00eatre la plus divertissante \u00e0 conduire. La bo\u00eete de vitesses \u00e0 double embrayage n'est pas aussi percutante\u00a0en conduite rapide que celles\u00a0des principalles\u00a0rivalles de la Quadrifolio Verde, ni aussi douce \u00e0 changer les rapports \u00e0 basse vitesse en ville.<br \/>\n<iframe loading=\"lazy\" src=\"https:\/\/www.youtube.com\/embed\/1T0LBX1vmTM\" width=\"560\" height=\"315\" frameborder=\"0\" allowfullscreen=\"allowfullscreen\"><\/iframe><\/p>\n<h2>Consommation, CO2 et co\u00fbts\u00a0de fonctionnement de la Giulietta 2013<\/h2>\n<p>Les mod\u00e8les Diesel et essence offrent un bon rendement, et la d\u00e9pr\u00e9ciation de l'Alfa Romeo Giulietta n'est pas trop mauvaise\u00a0non plus.<br \/>\nLa gamme des moteurs de cette Alfa Romeo Giulietta restyl\u00e9e 2013 est raisonnablement \u00e9conomique mais offre \u00e9galement des performances d\u00e9centes. Le diesel 1.6 litres est l'option la moins ch\u00e8re pour les <a href=\"http:\/\/www.carideal.com\/blog\/2014\/04\/04\/entretien-quel-est-le-cout-reel-de-votre-vehicule\/\">co\u00fbts quotidiens de fonctionnement<\/a>, le retour d'un bon 3.8 L\/100 km\u00a0sur le cycle mixte\u00a0et l'\u00e9mission de 99\/km de CO2, ce qui signifie que la <a href=\"http:\/\/www.carideal.com\/blog\/2013\/10\/25\/bonus-malus-tvs-2014\/\">TVS pour les entreprise<\/a> sera tr\u00e8s basse.<\/p>\n<p>Notre choix dans la gamme Alfa Romeo Guilietta 2013 est le gros moteur de 2.0-litre turbodiesel, qui dans cette version de 150 ch fournit un couple tr\u00e8s bas, \u00e0 partir de 1750 tr\/min. Ce moteur\u00a02,0 litre de 150 ch \u00e9met \u00e9galement 110g\/km de CO2, d\u00e9passant le 1,6 litres diesel de 120 ch, avec\u00a04.2 L\/100 km, ce qui est tr\u00e8s l\u00e9g\u00e8rement moins bon en cycle mixte. Les deux moteurs diesel turbocompress\u00e9s sont \u00e9quip\u00e9s en s\u00e9rie de la\u00a0technologie de <a href=\"http:\/\/www.carideal.com\/blog\/2012\/12\/06\/stopstart\/\">stop-start<\/a> visant \u00e0 l'\u00e9conomie.<\/p>\n<p>Le moteur \u00e0 essence de 1,4 litre en version 120 ch\u00a0la plus basse d\u00e9pense\u00a06.2 l\/100 km sur le cycle combin\u00e9e et \u00e9met 144 g \/ km de CO2, ce qui d\u00e9gage un <a href=\"http:\/\/www.carideal.com\/blog\/2013\/01\/24\/le-bonus-malus-2013-va-augmenter-la-polution\/\">malus<\/a>. Si vous achetez la variante 150 ch\u00a0les chiffres sont\u00a05.5 L\/100 km et 127 g\/km, tandis que les particularit\u00e9s des cycles d'essais\u00a0montrent que le mod\u00e8le 170 ch en boite\u00a0manuelle est en mesure de revendiquer\u00a0les m\u00eames chiffres. Choisissez le moteur 170 ch \u00a0avec la boite automatique TCT et vous pourriez bien verrifier ces chiffres\u00a0que 4.9 L\/100 km\u00a0et 114 g\/km.<\/p>\n<p>La version Quadrifolio Verde haut de gamme avec son moteur \u00e0 essence de 237 ch de\u00a01,7 litres de cylindr\u00e9e renvoie 6.8 L\/100 km\u00a0et 157 g\/km.<\/p>\n<figure id=\"attachment_13535\" aria-describedby=\"caption-attachment-13535\" style=\"width: 630px\" class=\"wp-caption aligncenter\"><a href=\"http:\/\/www.carideal.com\/blog\/wp-content\/uploads\/2013\/11\/alfa-romeo-giulietta-2013-4.jpg\"><img loading=\"lazy\" decoding=\"async\" class=\"wp-image-13535\" title=\"Int\u00e9rieur Alfa Romeo Giulietta restyl\u00e9e 2013\" src=\"http:\/\/www.carideal.com\/blog\/wp-content\/uploads\/2013\/11\/alfa-romeo-giulietta-2013-4.jpg\" alt=\"Int\u00e9rieur Alfa Romeo Giulietta restyl\u00e9e 2013\" width=\"640\" height=\"424\" srcset=\"https:\/\/www.carideal.com\/blog\/wp-content\/uploads\/2013\/11\/alfa-romeo-giulietta-2013-4.jpg 900w, https:\/\/www.carideal.com\/blog\/wp-content\/uploads\/2013\/11\/alfa-romeo-giulietta-2013-4-300x199.jpg 300w, https:\/\/www.carideal.com\/blog\/wp-content\/uploads\/2013\/11\/alfa-romeo-giulietta-2013-4-768x509.jpg 768w, https:\/\/www.carideal.com\/blog\/wp-content\/uploads\/2013\/11\/alfa-romeo-giulietta-2013-4-110x73.jpg 110w, https:\/\/www.carideal.com\/blog\/wp-content\/uploads\/2013\/11\/alfa-romeo-giulietta-2013-4-420x278.jpg 420w, https:\/\/www.carideal.com\/blog\/wp-content\/uploads\/2013\/11\/alfa-romeo-giulietta-2013-4-649x430.jpg 649w, https:\/\/www.carideal.com\/blog\/wp-content\/uploads\/2013\/11\/alfa-romeo-giulietta-2013-4-50x33.jpg 50w\" sizes=\"(max-width: 640px) 100vw, 640px\" \/><\/a><figcaption id=\"caption-attachment-13535\" class=\"wp-caption-text\">Int\u00e9rieur Alfa Romeo Giulietta restyl\u00e9e 2013<\/figcaption><\/figure>\n<h2>Groupes d'assurance<\/h2>\n<p>La plus grande partie de la gamme Giulietta restyl\u00e9e 2013 se situe dans les groupes d'assurance moyens sup\u00e9rieurs, bien que les voitures d'entr\u00e9e de gamme de faible puissance commencent dans des groupes plus bas et que le mod\u00e8le le plus cher en assurance soit la version Quadrifolio Verde.<\/p>\n<h2>D\u00e9pr\u00e9ciation<\/h2>\n<p>La demande d\u00e9cente pour l'Alfa Romeo Giulietta sur le march\u00e9 d'occasion\u00a0signifie que que sa valeur r\u00e9siduelle sera plus \u00e9lev\u00e9e que les ancien mod\u00e8les Alfa. En fait, les\u00a0experts estiment que vous aurrez une valeur\u00a0r\u00e9siduelle de 42 \u00e0 45 %\u00a0de votre investissement apr\u00e8s trois ans \/ 50 000\u00a0km, \u00e0 moins que vous ne craquiez pour une ch\u00e8re Quadrifolio Verde, dans ce cas le pourcentage pourrait chuter dans les 30 \u00e0 33 % seulement. Vous obtiendrez un meilleur investissement avec une Volkswagen Golf GTi.<\/p>\n<figure id=\"attachment_13534\" aria-describedby=\"caption-attachment-13534\" style=\"width: 630px\" class=\"wp-caption aligncenter\"><a href=\"http:\/\/www.carideal.com\/blog\/wp-content\/uploads\/2013\/11\/alfa-romeo-giulietta-2013-3.jpg\"><img loading=\"lazy\" decoding=\"async\" class=\"wp-image-13534 size-large\" title=\"Int\u00e9rieur Alfa Romeo Giulietta restyl\u00e9e 2013\" src=\"http:\/\/www.carideal.com\/blog\/wp-content\/uploads\/2013\/11\/alfa-romeo-giulietta-2013-3-1024x577.jpg\" alt=\"Int\u00e9rieur Alfa Romeo Giulietta restyl\u00e9e 2013\" width=\"640\" height=\"361\" srcset=\"https:\/\/www.carideal.com\/blog\/wp-content\/uploads\/2013\/11\/alfa-romeo-giulietta-2013-3.jpg 1024w, https:\/\/www.carideal.com\/blog\/wp-content\/uploads\/2013\/11\/alfa-romeo-giulietta-2013-3-300x169.jpg 300w, https:\/\/www.carideal.com\/blog\/wp-content\/uploads\/2013\/11\/alfa-romeo-giulietta-2013-3-768x432.jpg 768w, https:\/\/www.carideal.com\/blog\/wp-content\/uploads\/2013\/11\/alfa-romeo-giulietta-2013-3-110x62.jpg 110w, https:\/\/www.carideal.com\/blog\/wp-content\/uploads\/2013\/11\/alfa-romeo-giulietta-2013-3-420x237.jpg 420w, https:\/\/www.carideal.com\/blog\/wp-content\/uploads\/2013\/11\/alfa-romeo-giulietta-2013-3-764x430.jpg 764w, https:\/\/www.carideal.com\/blog\/wp-content\/uploads\/2013\/11\/alfa-romeo-giulietta-2013-3-50x28.jpg 50w\" sizes=\"(max-width: 640px) 100vw, 640px\" \/><\/a><figcaption id=\"caption-attachment-13534\" class=\"wp-caption-text\">Int\u00e9rieur Alfa Romeo Giulietta restyl\u00e9e 2013<\/figcaption><\/figure>\n<h2>Int\u00e9rieur, design et technologie<\/h2>\n<p>Le style ext\u00e9rieur sexy de l'Alfa Romeo Giulietta restyl\u00e9e 2013 n'est que l\u00e9g\u00e8rement marqu\u00e9 par la qualit\u00e9 de l'int\u00e9rieur.<br \/>\nL'Alfa Romeo Giulietta a \u00e9t\u00e9 facelift\u00e9e en 2013, rafra\u00eechi avec un pare-chocs avant bomb\u00e9\u00a0et une nouvelle calandre. Diff\u00e9rentes roues en alliage, des choix de couleurs suppl\u00e9mentaires et un int\u00e9rieur l\u00e9g\u00e8rement am\u00e9lior\u00e9 ont \u00e9galement contribu\u00e9 \u00e0 am\u00e9liorer l'attrait de la voiture, et il n'y a aucun doute, c'est l'un des berlines\u00a0les plus \u00e9l\u00e9gantes sur le march\u00e9.<\/p>\n<p>En fait, la Giulietta 2013 a tr\u00e8s peu de concurrents au point de vue\u00a0du style. Les rivalles comme la Ford Focus et la Volkswagen Golf sont beaucoup plus conservateurs, et les d\u00e9tails bien finis comme les feux\u00a0avant et arri\u00e8re \u00e0 LED accrocheur, et les poign\u00e9es de porte arri\u00e8re cach\u00e9es aident vraiment l'Alfa Giulietta \u00e0 se d\u00e9marquer.<\/p>\n<p>La sportive Alfa Romeo\u00a0Giulietta Quadrifolio Verde\u00a0sert de porte-\u00e9tendard de la gamme avec ses grandes roues en alliage, son int\u00e9rieur cuir et alcantara et ses \u00e9triers de frein rouge, sa suspension abaiss\u00e9e, ses sorties d'\u00e9chappement plus grandes, ses si\u00e8ges sport et ses badges Quadrifolio Verde.<\/p>\n<p>L'int\u00e9rieur refl\u00e8te l'ext\u00e9rieur de la Giulietta 2013, avec un accent sur le style. Il ya un bon \u00e9quilibre entre la simplicit\u00e9 et des\u00a0\u00e9l\u00e9ments de design remarquables qui ajoutent un attrait suppl\u00e9mentaire, ce qui signifie que l'habitacle est facile \u00e0 utiliser au jour le jour, mais encore sp\u00e9ciale.<\/p>\n<p>Cependant, l'int\u00e9rieur n'est pas finalement aussi agr\u00e9able que l'ext\u00e9rieur. L'Alfa Romeo Giulietta 2013 supporte encore des d\u00e9fauts tels que des coussins de si\u00e8ge pas assez\u00a0robustes, un cuir de mauvaise\u00a0qualit\u00e9 sur le volant et les finitions de peinture trops sensibles aux rayures, mais la Giulietta restyl\u00e9e 2013 n'est tout simplement pas aux niveaux de qualit\u00e9 du groupe VW. Les plastiques utilis\u00e9s sur les inserts de porte et plus bas sur le tableau de bord sont de mauvaise qualit\u00e9.<\/p>\n<figure id=\"attachment_13533\" aria-describedby=\"caption-attachment-13533\" style=\"width: 630px\" class=\"wp-caption aligncenter\"><a href=\"http:\/\/www.carideal.com\/blog\/wp-content\/uploads\/2013\/11\/alfa-romeo-giulietta-2013-2.jpg\"><img loading=\"lazy\" decoding=\"async\" class=\"wp-image-13533 size-large\" title=\"Int\u00e9rieur nouvel \u00e9cran Alfa Romeo Giulietta restyl\u00e9e 2013\" src=\"http:\/\/www.carideal.com\/blog\/wp-content\/uploads\/2013\/11\/alfa-romeo-giulietta-2013-2-1024x575.jpg\" alt=\"Int\u00e9rieur nouvel \u00e9cran Alfa Romeo Giulietta restyl\u00e9e 2013\" width=\"640\" height=\"359\" srcset=\"https:\/\/www.carideal.com\/blog\/wp-content\/uploads\/2013\/11\/alfa-romeo-giulietta-2013-2.jpg 1024w, https:\/\/www.carideal.com\/blog\/wp-content\/uploads\/2013\/11\/alfa-romeo-giulietta-2013-2-300x169.jpg 300w, https:\/\/www.carideal.com\/blog\/wp-content\/uploads\/2013\/11\/alfa-romeo-giulietta-2013-2-768x431.jpg 768w, https:\/\/www.carideal.com\/blog\/wp-content\/uploads\/2013\/11\/alfa-romeo-giulietta-2013-2-110x62.jpg 110w, https:\/\/www.carideal.com\/blog\/wp-content\/uploads\/2013\/11\/alfa-romeo-giulietta-2013-2-420x236.jpg 420w, https:\/\/www.carideal.com\/blog\/wp-content\/uploads\/2013\/11\/alfa-romeo-giulietta-2013-2-248x138.jpg 248w, https:\/\/www.carideal.com\/blog\/wp-content\/uploads\/2013\/11\/alfa-romeo-giulietta-2013-2-765x430.jpg 765w, https:\/\/www.carideal.com\/blog\/wp-content\/uploads\/2013\/11\/alfa-romeo-giulietta-2013-2-50x28.jpg 50w\" sizes=\"(max-width: 640px) 100vw, 640px\" \/><\/a><figcaption id=\"caption-attachment-13533\" class=\"wp-caption-text\">Int\u00e9rieur nouvel \u00e9cran Alfa Romeo Giulietta restyl\u00e9e 2013<\/figcaption><\/figure>\n<h2>Navigation, radio\u00a0et divertissement<\/h2>\n<p>La voiture d'entr\u00e9e de gamme est livr\u00e9e avec un syst\u00e8me audio \u00e0 six haut-parleurs avec radio DAB, Bluetooth, lecteur CD, reconnaissance vocale et connectivit\u00e9 pour smartphone, tous accessibles via le syst\u00e8me tactile couleur Uconnect 5 pouces d'Alfa. C'est un \u00e9cran de bonne facture\u00a0avec un systeme de menu clair qui devrait s'av\u00e9rer facile \u00e0 utiliser. Il faudra payer\u00a01500 \u20ac de plus pour obtenir le GPS\u00a0avec reconnaissance vocale et l'impressionnant \u00e9cran de 6.5 \".<\/p>\n<h2>Pratique, confort et espace de rangement dans la Giulietta 2013<\/h2>\n<p><strong>Un int\u00e9rieur \u00e0 l'\u00e9troit et la position de conduite maladroite est le prix que vous payez pour ce style\u00a0charmeur.<\/strong><br \/>\nL'espace int\u00e9rieur n'\u00e9tait pas la plus haute priorit\u00e9 d'Alfa quand il a concu de l'Alfa Romeo Giulietta restyl\u00e9e 2013, et il le montre. Les Alfa Romeo sont construits pour le style, pas pour \u00eatre pratique.<\/p>\n<p>La visibilit\u00e9 arri\u00e8re\u00a0est mauvaise\u00a0en raison de la petite vitre\u00a0arri\u00e8re et les montants de custode \u00e9pais comme sur une Golf rendent la visibilit\u00e9 arri\u00e8re limit\u00e9e et\u00a0le stationnement probl\u00e9matique. Le cleint d'une version plus haute peut se faire aider par des capteurs de stationnement livr\u00e9s de s\u00e9rie. L'\u00e9criture stylis\u00e9e sur les cadrans sportifs peut \u00e9galement \u00eatre difficile \u00e0 lire d'un coup d'\u0153il.<\/p>\n<p>Les p\u00e9dales sont positionn\u00e9es un peu trop pr\u00e8s l'une de l'autre et il n'y a pas d'espace pour reposer votre pied gauche, tandis que le volant est trop loin, ce qui entra\u00eene une position de conduite inconfortable.<\/p>\n<p>En outre, la disposition du tableau de bord est embrouill\u00e9e et peut \u00eatre difficile \u00e0 utiliser en roulant, de plus l'\u00e9cran de la navigation en option\u00a0est petit et quelque fois difficile \u00e0 lire. L'espace de rangement est aussi trop cher, car il n'y a qu'un petit compartiment de rangement dans l'accoudoir central et seulement une boite \u00e0 gants de taille moyenne.<\/p>\n<h2>Taille de l'Alfa Romeo Giulietta<\/h2>\n<p>L'Alfa Romeo Giulietta restyl\u00e9e 2013 est un peu plus petite en\u00a0longueur et largeur face \u00e0 des rivaux comme les Ford Focus et Opel\u00a0Astra. Il est de 4 351 mm de long et 1,798 de large donc ses dimensions sont plus proches des mod\u00e8les\u00a0de marque premium comme l'Audi A3 et <a href=\"http:\/\/www.carideal.com\/blog\/2013\/01\/14\/renouveau-complet\/\">Mercedes Classe A<\/a> qui ont tendance \u00e0 se concentrer moins sur la praticit\u00e9.<\/p>\n<figure id=\"attachment_13532\" aria-describedby=\"caption-attachment-13532\" style=\"width: 630px\" class=\"wp-caption aligncenter\"><a href=\"http:\/\/www.carideal.com\/blog\/wp-content\/uploads\/2013\/11\/alfa-romeo-giulietta-2013.jpg\"><img loading=\"lazy\" decoding=\"async\" class=\"wp-image-13532 size-large\" title=\"Int\u00e9rieur nouvelle planche de bord Alfa Romeo Giulietta restyl\u00e9e 2013\" src=\"http:\/\/www.carideal.com\/blog\/wp-content\/uploads\/2013\/11\/alfa-romeo-giulietta-2013-1024x768.jpg\" alt=\"Int\u00e9rieur nouvelle planche de bord Alfa Romeo Giulietta restyl\u00e9e 2013\" width=\"640\" height=\"480\" srcset=\"https:\/\/www.carideal.com\/blog\/wp-content\/uploads\/2013\/11\/alfa-romeo-giulietta-2013.jpg 1024w, https:\/\/www.carideal.com\/blog\/wp-content\/uploads\/2013\/11\/alfa-romeo-giulietta-2013-300x225.jpg 300w, https:\/\/www.carideal.com\/blog\/wp-content\/uploads\/2013\/11\/alfa-romeo-giulietta-2013-768x576.jpg 768w, https:\/\/www.carideal.com\/blog\/wp-content\/uploads\/2013\/11\/alfa-romeo-giulietta-2013-110x83.jpg 110w, https:\/\/www.carideal.com\/blog\/wp-content\/uploads\/2013\/11\/alfa-romeo-giulietta-2013-420x315.jpg 420w, https:\/\/www.carideal.com\/blog\/wp-content\/uploads\/2013\/11\/alfa-romeo-giulietta-2013-573x430.jpg 573w, https:\/\/www.carideal.com\/blog\/wp-content\/uploads\/2013\/11\/alfa-romeo-giulietta-2013-50x38.jpg 50w\" sizes=\"(max-width: 640px) 100vw, 640px\" \/><\/a><figcaption id=\"caption-attachment-13532\" class=\"wp-caption-text\">Int\u00e9rieur nouvelle planche de bord Alfa Romeo Giulietta restyl\u00e9e 2013<\/figcaption><\/figure>\n<h2>Place aux\u00a0jambes, hauteur\u00a0et espace r\u00e9serv\u00e9 aux passagers<\/h2>\n<p>Malgr\u00e9 la disposition \u00e0 cinq portes de l'Alfa Giulietta 2013, il y a un manque surprenant d'espace pour les passagers et l'espace pour les jambes est restreint. Les passagers arri\u00e8re peuvent \u00e9galement \u00eatre\u00a0inconfortablement assis \u00e0 caus e du manque de garde au toit pour tenir sa t\u00eate droite, r\u00e9sultat de l'espace r\u00e9duit \u00e0 cause du style et de la ligne de toit fuyante. Les enfants seront OK, car il y a des points de fixation Isofix pour accueillir leurs si\u00e8ges\u00a0et l'acc\u00e8s \u00e0 la banquette arri\u00e8re par les portes arri\u00e8re est bonne.<\/p>\n<p>Les choses ne s'am\u00e9liorent pas \u00e0 l'avant\u00a0pour les adultes, malheureusement,\u00a0car autant la position de conduite est bizzare que l'habitacle est \u00e9troit.<\/p>\n<h2>Le Coffre<\/h2>\n<p>Vous obtenez 350 litres d'espace de coffre dans l'Alfa Romeo\u00a0Giulietta restyl\u00e9e 2013 qui n'est pas grand, c'est plus que la Ford Focus mais plus petit que le coffre\u00a0de\u00a0la VW Golf. Il ya aussi une hauteur de cahrgement\u00a0\u00e9lev\u00e9e qui rend le chargement\u00a0des objets lourds ou encombrants dans le coffre\u00a0assez difficile. M\u00eame si vous rabattez les si\u00e8ges arri\u00e8res repliables 60:40, le volume du coffre ne change pas autant que \u00e7a\u00a0et l'espace n'est pas pratique. Vous obtenez une roue de secours temporaire\u00a0sur tous les niveaux de finition, ce qui est mieux\u00a0qu'une bo\u00eete de colle.<\/p>\n<h2>Fiabilit\u00e9 et s\u00e9curit\u00e9<\/h2>\n<p>Les propri\u00e9taires consult\u00e9s\u00a0ne sont pas enthousiasm\u00e9s par la qualit\u00e9 de fabriquation de l'Alfa Romeo Giulietta 2013 ou la fiabilit\u00e9, mais la s\u00e9curit\u00e9 est bien couverte.<br \/>\nIl semble que la r\u00e9putation de la marque italienne pour sa fiabilit\u00e9 douteuse soit\u00a0encore bien vivante, avec la qualit\u00e9 de construction et les co\u00fbts de fonctionnement \u00e9galement mis en cause par les r\u00e9sultats. Alfa a termin\u00e9 quatri\u00e8me en bas de la liste\u00a0quand les lecteurs ont \u00e9t\u00e9 interrog\u00e9s sur la fiabilit\u00e9 seule.<\/p>\n<p>Le mod\u00e8le Giulietta lui-m\u00eame finit 94e sur 150 audit\u00e9, ce qui est en dessous de la moyenne. Bien qu'il y ait des mat\u00e9riaux de haute qualit\u00e9 utilis\u00e9s dans l'habitacle, certains ajustements et la finition ne sont\u00a0pas de bonne qualit\u00e9, avec les panneau rugueux et bon march\u00e9. Pourtant, il n'y a pas eu de rappels majeurs ou de probl\u00e8mes importants signal\u00e9s pour la Giulietta jusqu'\u00e0 pr\u00e9sent.<\/p>\n<p>S'il ya des points d'interrogation sur la fiabilit\u00e9, il n'y en a pas quand il s'agit de s\u00e9curit\u00e9, car les capacit\u00e9s\u00a0de la Giulietta dans ce domaine sont de premier ordre. La voiture a obtenu le maximum de cinq \u00e9toiles et une impressionnante note de 97 pour cent pour les occupants adultes dans les <a href=\"http:\/\/www.carideal.com\/blog\/2014\/05\/13\/les-5-etoiles-de-l-euro-ncap\/\">crash tests de s\u00e9curit\u00e9 Euro NCAP<\/a>, donc c'est aussi s\u00fbr que les meilleures voitures dans la cat\u00e9gorie. La s\u00e9curit\u00e9 des occupants enfants \u00e9tait \u00e9valu\u00e9e \u00e0 85%, bien que la s\u00e9curit\u00e9 des pi\u00e9tons \u00e9tait en baisse sur la classe la meilleure \u00e0 63%. \u00c0 titre de comparaison, la VW Golf aest not\u00e9e 94 % , 89 %\u00a0et 65 %, tandis que la Classe A de Mercedes a obtenu 93 %, 81 %\u00a0et 67 %\u00a0dans les cat\u00e9gories respectives.<\/p>\n<h2>Entretien<\/h2>\n<p>Les <a href=\"http:\/\/www.carideal.com\/blog\/2016\/09\/01\/revision-voiture-entretien-revision-auto\/\">principaux entretiens<\/a>\u00a0sont n\u00e9cessaires \u00e0 60 000\u00a0km ou tous les deux ans, mais l'Alfa a \u00e9galement besoin d'inspections provisoires annuellement ou \u00e0 30000 km.<\/p>\n<h2>Gallerie Images Alfa Romeo Giulietta 2013<\/h2>\n<div id='gallery-1' class='gallery galleryid-1461 gallery-columns-3 gallery-size-medium'><figure class='gallery-item'>\n\t\t\t<div class='gallery-icon landscape'>\n\t\t\t\t<a href='https:\/\/www.carideal.com\/blog\/2013\/11\/24\/alfa-romeo-giulietta-restylee\/alfa-romeo-giulietta-2013\/#main'><img loading=\"lazy\" decoding=\"async\" width=\"300\" height=\"225\" src=\"https:\/\/www.carideal.com\/blog\/wp-content\/uploads\/2013\/11\/alfa-romeo-giulietta-2013-300x225.jpg\" class=\"attachment-medium size-medium\" alt=\"Int\u00e9rieur nouvelle planche de bord Alfa Romeo Giulietta restyl\u00e9e 2013\" aria-describedby=\"gallery-1-13532\" srcset=\"https:\/\/www.carideal.com\/blog\/wp-content\/uploads\/2013\/11\/alfa-romeo-giulietta-2013-300x225.jpg 300w, https:\/\/www.carideal.com\/blog\/wp-content\/uploads\/2013\/11\/alfa-romeo-giulietta-2013-768x576.jpg 768w, https:\/\/www.carideal.com\/blog\/wp-content\/uploads\/2013\/11\/alfa-romeo-giulietta-2013.jpg 1024w, https:\/\/www.carideal.com\/blog\/wp-content\/uploads\/2013\/11\/alfa-romeo-giulietta-2013-110x83.jpg 110w, https:\/\/www.carideal.com\/blog\/wp-content\/uploads\/2013\/11\/alfa-romeo-giulietta-2013-420x315.jpg 420w, https:\/\/www.carideal.com\/blog\/wp-content\/uploads\/2013\/11\/alfa-romeo-giulietta-2013-573x430.jpg 573w, https:\/\/www.carideal.com\/blog\/wp-content\/uploads\/2013\/11\/alfa-romeo-giulietta-2013-50x38.jpg 50w\" sizes=\"(max-width: 300px) 100vw, 300px\" \/><\/a>\n\t\t\t<\/div>\n\t\t\t\t<figcaption class='wp-caption-text gallery-caption' id='gallery-1-13532'>\n\t\t\t\tInt\u00e9rieur nouvelle planche de bord Alfa Romeo Giulietta restyl\u00e9e 2013\n\t\t\t\t<\/figcaption><\/figure><figure class='gallery-item'>\n\t\t\t<div class='gallery-icon landscape'>\n\t\t\t\t<a href='https:\/\/www.carideal.com\/blog\/2013\/11\/24\/alfa-romeo-giulietta-restylee\/alfa-romeo-giulietta-2013-2\/#main'><img loading=\"lazy\" decoding=\"async\" width=\"300\" height=\"169\" src=\"https:\/\/www.carideal.com\/blog\/wp-content\/uploads\/2013\/11\/alfa-romeo-giulietta-2013-2-300x169.jpg\" class=\"attachment-medium size-medium\" alt=\"Int\u00e9rieur nouvel \u00e9cran Alfa Romeo Giulietta restyl\u00e9e 2013\" aria-describedby=\"gallery-1-13533\" srcset=\"https:\/\/www.carideal.com\/blog\/wp-content\/uploads\/2013\/11\/alfa-romeo-giulietta-2013-2-300x169.jpg 300w, https:\/\/www.carideal.com\/blog\/wp-content\/uploads\/2013\/11\/alfa-romeo-giulietta-2013-2-768x431.jpg 768w, https:\/\/www.carideal.com\/blog\/wp-content\/uploads\/2013\/11\/alfa-romeo-giulietta-2013-2.jpg 1024w, https:\/\/www.carideal.com\/blog\/wp-content\/uploads\/2013\/11\/alfa-romeo-giulietta-2013-2-110x62.jpg 110w, https:\/\/www.carideal.com\/blog\/wp-content\/uploads\/2013\/11\/alfa-romeo-giulietta-2013-2-420x236.jpg 420w, https:\/\/www.carideal.com\/blog\/wp-content\/uploads\/2013\/11\/alfa-romeo-giulietta-2013-2-770x430.jpg 770w, https:\/\/www.carideal.com\/blog\/wp-content\/uploads\/2013\/11\/alfa-romeo-giulietta-2013-2-765x430.jpg 765w, https:\/\/www.carideal.com\/blog\/wp-content\/uploads\/2013\/11\/alfa-romeo-giulietta-2013-2-50x28.jpg 50w\" sizes=\"(max-width: 300px) 100vw, 300px\" \/><\/a>\n\t\t\t<\/div>\n\t\t\t\t<figcaption class='wp-caption-text gallery-caption' id='gallery-1-13533'>\n\t\t\t\tInt\u00e9rieur nouvel \u00e9cran Alfa Romeo Giulietta restyl\u00e9e 2013\n\t\t\t\t<\/figcaption><\/figure><figure class='gallery-item'>\n\t\t\t<div class='gallery-icon landscape'>\n\t\t\t\t<a href='https:\/\/www.carideal.com\/blog\/2013\/11\/24\/alfa-romeo-giulietta-restylee\/alfa-romeo-giulietta-2013-3\/#main'><img loading=\"lazy\" decoding=\"async\" width=\"300\" height=\"169\" src=\"https:\/\/www.carideal.com\/blog\/wp-content\/uploads\/2013\/11\/alfa-romeo-giulietta-2013-3-300x169.jpg\" class=\"attachment-medium size-medium\" alt=\"Int\u00e9rieur Alfa Romeo Giulietta restyl\u00e9e 2013\" aria-describedby=\"gallery-1-13534\" srcset=\"https:\/\/www.carideal.com\/blog\/wp-content\/uploads\/2013\/11\/alfa-romeo-giulietta-2013-3-300x169.jpg 300w, https:\/\/www.carideal.com\/blog\/wp-content\/uploads\/2013\/11\/alfa-romeo-giulietta-2013-3-768x432.jpg 768w, https:\/\/www.carideal.com\/blog\/wp-content\/uploads\/2013\/11\/alfa-romeo-giulietta-2013-3.jpg 1024w, https:\/\/www.carideal.com\/blog\/wp-content\/uploads\/2013\/11\/alfa-romeo-giulietta-2013-3-110x62.jpg 110w, https:\/\/www.carideal.com\/blog\/wp-content\/uploads\/2013\/11\/alfa-romeo-giulietta-2013-3-420x237.jpg 420w, https:\/\/www.carideal.com\/blog\/wp-content\/uploads\/2013\/11\/alfa-romeo-giulietta-2013-3-770x430.jpg 770w, https:\/\/www.carideal.com\/blog\/wp-content\/uploads\/2013\/11\/alfa-romeo-giulietta-2013-3-764x430.jpg 764w, https:\/\/www.carideal.com\/blog\/wp-content\/uploads\/2013\/11\/alfa-romeo-giulietta-2013-3-50x28.jpg 50w\" sizes=\"(max-width: 300px) 100vw, 300px\" \/><\/a>\n\t\t\t<\/div>\n\t\t\t\t<figcaption class='wp-caption-text gallery-caption' id='gallery-1-13534'>\n\t\t\t\tInt\u00e9rieur Alfa Romeo Giulietta restyl\u00e9e 2013\n\t\t\t\t<\/figcaption><\/figure><figure class='gallery-item'>\n\t\t\t<div class='gallery-icon landscape'>\n\t\t\t\t<a href='https:\/\/www.carideal.com\/blog\/2013\/11\/24\/alfa-romeo-giulietta-restylee\/alfa-romeo-giulietta-2013-4\/#main'><img loading=\"lazy\" decoding=\"async\" width=\"300\" height=\"199\" src=\"https:\/\/www.carideal.com\/blog\/wp-content\/uploads\/2013\/11\/alfa-romeo-giulietta-2013-4-300x199.jpg\" class=\"attachment-medium size-medium\" alt=\"Int\u00e9rieur Alfa Romeo Giulietta restyl\u00e9e 2013\" aria-describedby=\"gallery-1-13535\" srcset=\"https:\/\/www.carideal.com\/blog\/wp-content\/uploads\/2013\/11\/alfa-romeo-giulietta-2013-4-300x199.jpg 300w, https:\/\/www.carideal.com\/blog\/wp-content\/uploads\/2013\/11\/alfa-romeo-giulietta-2013-4-768x509.jpg 768w, https:\/\/www.carideal.com\/blog\/wp-content\/uploads\/2013\/11\/alfa-romeo-giulietta-2013-4-110x73.jpg 110w, https:\/\/www.carideal.com\/blog\/wp-content\/uploads\/2013\/11\/alfa-romeo-giulietta-2013-4-420x278.jpg 420w, https:\/\/www.carideal.com\/blog\/wp-content\/uploads\/2013\/11\/alfa-romeo-giulietta-2013-4-649x430.jpg 649w, https:\/\/www.carideal.com\/blog\/wp-content\/uploads\/2013\/11\/alfa-romeo-giulietta-2013-4-50x33.jpg 50w, https:\/\/www.carideal.com\/blog\/wp-content\/uploads\/2013\/11\/alfa-romeo-giulietta-2013-4.jpg 900w\" sizes=\"(max-width: 300px) 100vw, 300px\" \/><\/a>\n\t\t\t<\/div>\n\t\t\t\t<figcaption class='wp-caption-text gallery-caption' id='gallery-1-13535'>\n\t\t\t\tInt\u00e9rieur Alfa Romeo Giulietta restyl\u00e9e 2013\n\t\t\t\t<\/figcaption><\/figure><figure class='gallery-item'>\n\t\t\t<div class='gallery-icon landscape'>\n\t\t\t\t<a href='https:\/\/www.carideal.com\/blog\/2013\/11\/24\/alfa-romeo-giulietta-restylee\/alfa-romeo-giulietta-2013-5\/#main'><img loading=\"lazy\" decoding=\"async\" width=\"300\" height=\"160\" src=\"https:\/\/www.carideal.com\/blog\/wp-content\/uploads\/2013\/11\/alfa-romeo-giulietta-2013-5-300x160.jpg\" class=\"attachment-medium size-medium\" alt=\"Alfa Romeo Giulietta restyl\u00e9e 2013\" aria-describedby=\"gallery-1-13536\" srcset=\"https:\/\/www.carideal.com\/blog\/wp-content\/uploads\/2013\/11\/alfa-romeo-giulietta-2013-5-300x160.jpg 300w, https:\/\/www.carideal.com\/blog\/wp-content\/uploads\/2013\/11\/alfa-romeo-giulietta-2013-5-768x410.jpg 768w, https:\/\/www.carideal.com\/blog\/wp-content\/uploads\/2013\/11\/alfa-romeo-giulietta-2013-5-110x59.jpg 110w, https:\/\/www.carideal.com\/blog\/wp-content\/uploads\/2013\/11\/alfa-romeo-giulietta-2013-5-420x224.jpg 420w, https:\/\/www.carideal.com\/blog\/wp-content\/uploads\/2013\/11\/alfa-romeo-giulietta-2013-5-770x411.jpg 770w, https:\/\/www.carideal.com\/blog\/wp-content\/uploads\/2013\/11\/alfa-romeo-giulietta-2013-5-50x27.jpg 50w, https:\/\/www.carideal.com\/blog\/wp-content\/uploads\/2013\/11\/alfa-romeo-giulietta-2013-5.jpg 900w\" sizes=\"(max-width: 300px) 100vw, 300px\" \/><\/a>\n\t\t\t<\/div>\n\t\t\t\t<figcaption class='wp-caption-text gallery-caption' id='gallery-1-13536'>\n\t\t\t\tAlfa Romeo Giulietta restyl\u00e9e 2013\n\t\t\t\t<\/figcaption><\/figure><figure class='gallery-item'>\n\t\t\t<div class='gallery-icon landscape'>\n\t\t\t\t<a href='https:\/\/www.carideal.com\/blog\/2013\/11\/24\/alfa-romeo-giulietta-restylee\/alfa-romeo-giulietta-2013-6\/#main'><img loading=\"lazy\" decoding=\"async\" width=\"300\" height=\"160\" src=\"https:\/\/www.carideal.com\/blog\/wp-content\/uploads\/2013\/11\/alfa-romeo-giulietta-2013-6-300x160.jpg\" class=\"attachment-medium size-medium\" alt=\"Alfa Romeo Giulietta restyl\u00e9e 2013\" aria-describedby=\"gallery-1-13537\" srcset=\"https:\/\/www.carideal.com\/blog\/wp-content\/uploads\/2013\/11\/alfa-romeo-giulietta-2013-6-300x160.jpg 300w, https:\/\/www.carideal.com\/blog\/wp-content\/uploads\/2013\/11\/alfa-romeo-giulietta-2013-6-768x410.jpg 768w, https:\/\/www.carideal.com\/blog\/wp-content\/uploads\/2013\/11\/alfa-romeo-giulietta-2013-6-110x59.jpg 110w, https:\/\/www.carideal.com\/blog\/wp-content\/uploads\/2013\/11\/alfa-romeo-giulietta-2013-6-420x224.jpg 420w, https:\/\/www.carideal.com\/blog\/wp-content\/uploads\/2013\/11\/alfa-romeo-giulietta-2013-6-770x411.jpg 770w, https:\/\/www.carideal.com\/blog\/wp-content\/uploads\/2013\/11\/alfa-romeo-giulietta-2013-6-50x27.jpg 50w, https:\/\/www.carideal.com\/blog\/wp-content\/uploads\/2013\/11\/alfa-romeo-giulietta-2013-6.jpg 900w\" sizes=\"(max-width: 300px) 100vw, 300px\" \/><\/a>\n\t\t\t<\/div>\n\t\t\t\t<figcaption class='wp-caption-text gallery-caption' id='gallery-1-13537'>\n\t\t\t\tAlfa Romeo Giulietta restyl\u00e9e 2013\n\t\t\t\t<\/figcaption><\/figure><figure class='gallery-item'>\n\t\t\t<div class='gallery-icon landscape'>\n\t\t\t\t<a href='https:\/\/www.carideal.com\/blog\/2013\/11\/24\/alfa-romeo-giulietta-restylee\/alfa-romeo-giulietta-2013-7\/#main'><img loading=\"lazy\" decoding=\"async\" width=\"300\" height=\"204\" src=\"https:\/\/www.carideal.com\/blog\/wp-content\/uploads\/2013\/11\/alfa-romeo-giulietta-2013-7-300x204.jpg\" class=\"attachment-medium size-medium\" alt=\"Alfa Romeo Giulietta restyl\u00e9e 2013\" aria-describedby=\"gallery-1-13538\" srcset=\"https:\/\/www.carideal.com\/blog\/wp-content\/uploads\/2013\/11\/alfa-romeo-giulietta-2013-7-300x204.jpg 300w, https:\/\/www.carideal.com\/blog\/wp-content\/uploads\/2013\/11\/alfa-romeo-giulietta-2013-7-110x75.jpg 110w, https:\/\/www.carideal.com\/blog\/wp-content\/uploads\/2013\/11\/alfa-romeo-giulietta-2013-7-420x285.jpg 420w, https:\/\/www.carideal.com\/blog\/wp-content\/uploads\/2013\/11\/alfa-romeo-giulietta-2013-7-50x34.jpg 50w, https:\/\/www.carideal.com\/blog\/wp-content\/uploads\/2013\/11\/alfa-romeo-giulietta-2013-7.jpg 590w\" sizes=\"(max-width: 300px) 100vw, 300px\" \/><\/a>\n\t\t\t<\/div>\n\t\t\t\t<figcaption class='wp-caption-text gallery-caption' id='gallery-1-13538'>\n\t\t\t\tAlfa Romeo Giulietta restyl\u00e9e 2013\n\t\t\t\t<\/figcaption><\/figure>\n\t\t<\/div>\n\n<p>\/ Achat Alfa Romeo Giulietta moins ch\u00e8re avec Carideal Mandataire automobile<\/p>\n","protected":false},"excerpt":{"rendered":"<p>Alfa Romeo Giulietta restyl\u00e9e 2013 L&rsquo;Alfa Romeo Giulietta 2013 qui vient d&rsquo;\u00eatre restyl\u00e9e est l&rsquo;une des plus belles\u00a0berlines du moment. Elle\u00a0est amusante \u00e0\u00a0conduire, mais la qualit\u00e9 et les probl\u00e8mes d&rsquo;aspect pratique\u00a0ruinent l&rsquo;exp\u00e9rience de conduite. Depuis peu en vente chez les concessionnaires la nouvelle Alfa Rom\u00e9o Giulietta restyl\u00e9e 2013, l\u00e9ger restylage pour contrer les nouvelles Audi &#8230; <a title=\"Alfa Romeo Giulietta restyl\u00e9e 2013\" class=\"read-more\" href=\"https:\/\/www.carideal.com\/blog\/2013\/11\/24\/alfa-romeo-giulietta-restylee\/\" aria-label=\"En savoir plus sur Alfa Romeo Giulietta restyl\u00e9e 2013\">Lire plus<\/a><\/p>\n","protected":false},"author":1,"featured_media":13536,"comment_status":"open","ping_status":"open","sticky":false,"template":"","format":"standard","meta":{"_uag_custom_page_level_css":"","_themeisle_gutenberg_block_has_review":false,"footnotes":""},"categories":[6058,10],"tags":[5044],"class_list":["post-1461","post","type-post","status-publish","format-standard","has-post-thumbnail","hentry","category-alfra-romeo","category-marche-automobile-voiture-neuve-occasion-4x4-suv","tag-guide-achat"],"wppr_data":{"cwp_meta_box_check":"No"},"yoast_head":"<!-- This site is optimized with the Yoast SEO plugin v24.8.1 - https:\/\/yoast.com\/wordpress\/plugins\/seo\/ -->\n<title>Alfa Romeo Giulietta restyl\u00e9e 2013 - Blog auto Carid\u00e9al<\/title>\n<meta name=\"description\" content=\"Depuis peu en vente chez les concessionnaires la nouvelle Alfa Romeo Giulietta restyl\u00e9e 2013, l\u00e9ger restylage pour contrer les nouvelles Audi A3\" \/>\n<meta name=\"robots\" content=\"index, follow, max-snippet:-1, max-image-preview:large, max-video-preview:-1\" \/>\n<link rel=\"canonical\" href=\"https:\/\/www.carideal.com\/blog\/2013\/11\/24\/alfa-romeo-giulietta-restylee\/\" \/>\n<meta property=\"og:locale\" content=\"fr_FR\" \/>\n<meta property=\"og:type\" content=\"article\" \/>\n<meta property=\"og:title\" content=\"Alfa Romeo Giulietta restyl\u00e9e 2013 - Blog auto Carid\u00e9al\" \/>\n<meta property=\"og:description\" content=\"Depuis peu en vente chez les concessionnaires la nouvelle Alfa Romeo Giulietta restyl\u00e9e 2013, l\u00e9ger restylage pour contrer les nouvelles Audi A3\" \/>\n<meta property=\"og:url\" content=\"https:\/\/www.carideal.com\/blog\/2013\/11\/24\/alfa-romeo-giulietta-restylee\/\" \/>\n<meta property=\"og:site_name\" content=\"Blog auto Carid\u00e9al\" \/>\n<meta property=\"article:publisher\" content=\"https:\/\/www.facebook.com\/Carideal.mandataire.automobile\" \/>\n<meta property=\"article:author\" content=\"https:\/\/www.facebook.com\/Carideal.mandataire.automobile\/\" \/>\n<meta property=\"article:published_time\" content=\"2013-11-24T14:47:00+00:00\" \/>\n<meta property=\"article:modified_time\" content=\"2016-11-17T15:35:10+00:00\" \/>\n<meta property=\"og:image\" content=\"https:\/\/www.carideal.com\/blog\/wp-content\/uploads\/2013\/11\/alfa-romeo-giulietta-2013-5.jpg\" \/>\n\t<meta property=\"og:image:width\" content=\"900\" \/>\n\t<meta property=\"og:image:height\" content=\"480\" \/>\n\t<meta property=\"og:image:type\" content=\"image\/jpeg\" \/>\n<meta name=\"author\" content=\"N.S Carideal\" \/>\n<meta name=\"twitter:card\" content=\"summary_large_image\" \/>\n<meta name=\"twitter:creator\" content=\"@caridealauto\" \/>\n<meta name=\"twitter:site\" content=\"@caridealauto\" \/>\n<meta name=\"twitter:label1\" content=\"\u00c9crit par\" \/>\n\t<meta name=\"twitter:data1\" content=\"N.S Carideal\" \/>\n\t<meta name=\"twitter:label2\" content=\"Dur\u00e9e de lecture estim\u00e9e\" \/>\n\t<meta name=\"twitter:data2\" content=\"16 minutes\" \/>\n<script type=\"application\/ld+json\" class=\"yoast-schema-graph\">{\"@context\":\"https:\/\/schema.org\",\"@graph\":[{\"@type\":\"Article\",\"@id\":\"https:\/\/www.carideal.com\/blog\/2013\/11\/24\/alfa-romeo-giulietta-restylee\/#article\",\"isPartOf\":{\"@id\":\"https:\/\/www.carideal.com\/blog\/2013\/11\/24\/alfa-romeo-giulietta-restylee\/\"},\"author\":{\"name\":\"N.S Carideal\",\"@id\":\"https:\/\/www.carideal.com\/blog\/#\/schema\/person\/985c7e757d1042d647f21bfaf8d41ebc\"},\"headline\":\"Alfa Romeo Giulietta restyl\u00e9e 2013\",\"datePublished\":\"2013-11-24T14:47:00+00:00\",\"dateModified\":\"2016-11-17T15:35:10+00:00\",\"mainEntityOfPage\":{\"@id\":\"https:\/\/www.carideal.com\/blog\/2013\/11\/24\/alfa-romeo-giulietta-restylee\/\"},\"wordCount\":3148,\"commentCount\":0,\"publisher\":{\"@id\":\"https:\/\/www.carideal.com\/blog\/#organization\"},\"image\":{\"@id\":\"https:\/\/www.carideal.com\/blog\/2013\/11\/24\/alfa-romeo-giulietta-restylee\/#primaryimage\"},\"thumbnailUrl\":\"https:\/\/www.carideal.com\/blog\/wp-content\/uploads\/2013\/11\/alfa-romeo-giulietta-2013-5.jpg\",\"keywords\":[\"Guide achat voiture\"],\"articleSection\":[\"Actualit\u00e9 Alfa Romeo\",\"March\u00e9 automobile\"],\"inLanguage\":\"fr-FR\",\"potentialAction\":[{\"@type\":\"CommentAction\",\"name\":\"Comment\",\"target\":[\"https:\/\/www.carideal.com\/blog\/2013\/11\/24\/alfa-romeo-giulietta-restylee\/#respond\"]}]},{\"@type\":\"WebPage\",\"@id\":\"https:\/\/www.carideal.com\/blog\/2013\/11\/24\/alfa-romeo-giulietta-restylee\/\",\"url\":\"https:\/\/www.carideal.com\/blog\/2013\/11\/24\/alfa-romeo-giulietta-restylee\/\",\"name\":\"Alfa Romeo Giulietta restyl\u00e9e 2013 - Blog auto Carid\u00e9al\",\"isPartOf\":{\"@id\":\"https:\/\/www.carideal.com\/blog\/#website\"},\"primaryImageOfPage\":{\"@id\":\"https:\/\/www.carideal.com\/blog\/2013\/11\/24\/alfa-romeo-giulietta-restylee\/#primaryimage\"},\"image\":{\"@id\":\"https:\/\/www.carideal.com\/blog\/2013\/11\/24\/alfa-romeo-giulietta-restylee\/#primaryimage\"},\"thumbnailUrl\":\"https:\/\/www.carideal.com\/blog\/wp-content\/uploads\/2013\/11\/alfa-romeo-giulietta-2013-5.jpg\",\"datePublished\":\"2013-11-24T14:47:00+00:00\",\"dateModified\":\"2016-11-17T15:35:10+00:00\",\"description\":\"Depuis peu en vente chez les concessionnaires la nouvelle Alfa Romeo Giulietta restyl\u00e9e 2013, l\u00e9ger restylage pour contrer les nouvelles Audi A3\",\"breadcrumb\":{\"@id\":\"https:\/\/www.carideal.com\/blog\/2013\/11\/24\/alfa-romeo-giulietta-restylee\/#breadcrumb\"},\"inLanguage\":\"fr-FR\",\"potentialAction\":[{\"@type\":\"ReadAction\",\"target\":[\"https:\/\/www.carideal.com\/blog\/2013\/11\/24\/alfa-romeo-giulietta-restylee\/\"]}]},{\"@type\":\"ImageObject\",\"inLanguage\":\"fr-FR\",\"@id\":\"https:\/\/www.carideal.com\/blog\/2013\/11\/24\/alfa-romeo-giulietta-restylee\/#primaryimage\",\"url\":\"https:\/\/www.carideal.com\/blog\/wp-content\/uploads\/2013\/11\/alfa-romeo-giulietta-2013-5.jpg\",\"contentUrl\":\"https:\/\/www.carideal.com\/blog\/wp-content\/uploads\/2013\/11\/alfa-romeo-giulietta-2013-5.jpg\",\"width\":900,\"height\":480,\"caption\":\"Alfa Romeo Giulietta restyl\u00e9e 2013\"},{\"@type\":\"BreadcrumbList\",\"@id\":\"https:\/\/www.carideal.com\/blog\/2013\/11\/24\/alfa-romeo-giulietta-restylee\/#breadcrumb\",\"itemListElement\":[{\"@type\":\"ListItem\",\"position\":1,\"name\":\"Blog Carid\u00e9al\",\"item\":\"https:\/\/www.carideal.com\/blog\/\"},{\"@type\":\"ListItem\",\"position\":2,\"name\":\"March\u00e9 automobile\",\"item\":\"https:\/\/www.carideal.com\/blog\/marche-automobile-voiture-neuve-occasion-4x4-suv\/\"},{\"@type\":\"ListItem\",\"position\":3,\"name\":\"Alfa Romeo Giulietta restyl\u00e9e 2013\"}]},{\"@type\":\"WebSite\",\"@id\":\"https:\/\/www.carideal.com\/blog\/#website\",\"url\":\"https:\/\/www.carideal.com\/blog\/\",\"name\":\"Blog auto Carid\u00e9al\",\"description\":\"Actualit\u00e9 auto par des passionn\u00e9s\",\"publisher\":{\"@id\":\"https:\/\/www.carideal.com\/blog\/#organization\"},\"potentialAction\":[{\"@type\":\"SearchAction\",\"target\":{\"@type\":\"EntryPoint\",\"urlTemplate\":\"https:\/\/www.carideal.com\/blog\/?s={search_term_string}\"},\"query-input\":{\"@type\":\"PropertyValueSpecification\",\"valueRequired\":true,\"valueName\":\"search_term_string\"}}],\"inLanguage\":\"fr-FR\"},{\"@type\":\"Organization\",\"@id\":\"https:\/\/www.carideal.com\/blog\/#organization\",\"name\":\"Carideal\",\"url\":\"https:\/\/www.carideal.com\/blog\/\",\"logo\":{\"@type\":\"ImageObject\",\"inLanguage\":\"fr-FR\",\"@id\":\"https:\/\/www.carideal.com\/blog\/#\/schema\/logo\/image\/\",\"url\":\"http:\/\/www.carideal.com\/blog\/wp-content\/uploads\/2016\/03\/logo-carideal-mandataire-automobile.png\",\"contentUrl\":\"http:\/\/www.carideal.com\/blog\/wp-content\/uploads\/2016\/03\/logo-carideal-mandataire-automobile.png\",\"width\":300,\"height\":300,\"caption\":\"Carideal\"},\"image\":{\"@id\":\"https:\/\/www.carideal.com\/blog\/#\/schema\/logo\/image\/\"},\"sameAs\":[\"https:\/\/www.facebook.com\/Carideal.mandataire.automobile\",\"https:\/\/x.com\/caridealauto\",\"https:\/\/www.instagram.com\/carideal1\/\",\"https:\/\/www.linkedin.com\/company\/carideal.com\",\"https:\/\/fr.pinterest.com\/schiavonsas\/\",\"https:\/\/www.youtube.com\/user\/caridealsas\"]},{\"@type\":\"Person\",\"@id\":\"https:\/\/www.carideal.com\/blog\/#\/schema\/person\/985c7e757d1042d647f21bfaf8d41ebc\",\"name\":\"N.S Carideal\",\"image\":{\"@type\":\"ImageObject\",\"inLanguage\":\"fr-FR\",\"@id\":\"https:\/\/www.carideal.com\/blog\/#\/schema\/person\/image\/\",\"url\":\"https:\/\/secure.gravatar.com\/avatar\/edb7ccdf1a4e3d14aef967760d354d0e?s=96&r=g\",\"contentUrl\":\"https:\/\/secure.gravatar.com\/avatar\/edb7ccdf1a4e3d14aef967760d354d0e?s=96&r=g\",\"caption\":\"N.S Carideal\"},\"description\":\"Depuis tout petit fan d'automobile. Il est question d'essayer et de comparer toutes ces voitures qui nous ont fait r\u00e9ver, avant que celles-ci ne devient uniquement des voitures de collection.\",\"sameAs\":[\"http:\/\/www.carideal.com\/blog\",\"https:\/\/www.facebook.com\/Carideal.mandataire.automobile\/\",\"https:\/\/www.linkedin.com\/in\/nschiavon\/\",\"https:\/\/www.youtube.com\/user\/caridealsas\/\"],\"url\":\"https:\/\/www.carideal.com\/blog\/author\/admin_carideal\/\"}]}<\/script>\n<!-- \/ Yoast SEO plugin. -->","yoast_head_json":{"title":"Alfa Romeo Giulietta restyl\u00e9e 2013 - Blog auto Carid\u00e9al","description":"Depuis peu en vente chez les concessionnaires la nouvelle Alfa Romeo Giulietta restyl\u00e9e 2013, l\u00e9ger restylage pour contrer les nouvelles Audi A3","robots":{"index":"index","follow":"follow","max-snippet":"max-snippet:-1","max-image-preview":"max-image-preview:large","max-video-preview":"max-video-preview:-1"},"canonical":"https:\/\/www.carideal.com\/blog\/2013\/11\/24\/alfa-romeo-giulietta-restylee\/","og_locale":"fr_FR","og_type":"article","og_title":"Alfa Romeo Giulietta restyl\u00e9e 2013 - Blog auto Carid\u00e9al","og_description":"Depuis peu en vente chez les concessionnaires la nouvelle Alfa Romeo Giulietta restyl\u00e9e 2013, l\u00e9ger restylage pour contrer les nouvelles Audi A3","og_url":"https:\/\/www.carideal.com\/blog\/2013\/11\/24\/alfa-romeo-giulietta-restylee\/","og_site_name":"Blog auto Carid\u00e9al","article_publisher":"https:\/\/www.facebook.com\/Carideal.mandataire.automobile","article_author":"https:\/\/www.facebook.com\/Carideal.mandataire.automobile\/","article_published_time":"2013-11-24T14:47:00+00:00","article_modified_time":"2016-11-17T15:35:10+00:00","og_image":[{"width":900,"height":480,"url":"https:\/\/www.carideal.com\/blog\/wp-content\/uploads\/2013\/11\/alfa-romeo-giulietta-2013-5.jpg","type":"image\/jpeg"}],"author":"N.S Carideal","twitter_card":"summary_large_image","twitter_creator":"@caridealauto","twitter_site":"@caridealauto","twitter_misc":{"\u00c9crit par":"N.S Carideal","Dur\u00e9e de lecture estim\u00e9e":"16 minutes"},"schema":{"@context":"https:\/\/schema.org","@graph":[{"@type":"Article","@id":"https:\/\/www.carideal.com\/blog\/2013\/11\/24\/alfa-romeo-giulietta-restylee\/#article","isPartOf":{"@id":"https:\/\/www.carideal.com\/blog\/2013\/11\/24\/alfa-romeo-giulietta-restylee\/"},"author":{"name":"N.S Carideal","@id":"https:\/\/www.carideal.com\/blog\/#\/schema\/person\/985c7e757d1042d647f21bfaf8d41ebc"},"headline":"Alfa Romeo Giulietta restyl\u00e9e 2013","datePublished":"2013-11-24T14:47:00+00:00","dateModified":"2016-11-17T15:35:10+00:00","mainEntityOfPage":{"@id":"https:\/\/www.carideal.com\/blog\/2013\/11\/24\/alfa-romeo-giulietta-restylee\/"},"wordCount":3148,"commentCount":0,"publisher":{"@id":"https:\/\/www.carideal.com\/blog\/#organization"},"image":{"@id":"https:\/\/www.carideal.com\/blog\/2013\/11\/24\/alfa-romeo-giulietta-restylee\/#primaryimage"},"thumbnailUrl":"https:\/\/www.carideal.com\/blog\/wp-content\/uploads\/2013\/11\/alfa-romeo-giulietta-2013-5.jpg","keywords":["Guide achat voiture"],"articleSection":["Actualit\u00e9 Alfa Romeo","March\u00e9 automobile"],"inLanguage":"fr-FR","potentialAction":[{"@type":"CommentAction","name":"Comment","target":["https:\/\/www.carideal.com\/blog\/2013\/11\/24\/alfa-romeo-giulietta-restylee\/#respond"]}]},{"@type":"WebPage","@id":"https:\/\/www.carideal.com\/blog\/2013\/11\/24\/alfa-romeo-giulietta-restylee\/","url":"https:\/\/www.carideal.com\/blog\/2013\/11\/24\/alfa-romeo-giulietta-restylee\/","name":"Alfa Romeo Giulietta restyl\u00e9e 2013 - Blog auto Carid\u00e9al","isPartOf":{"@id":"https:\/\/www.carideal.com\/blog\/#website"},"primaryImageOfPage":{"@id":"https:\/\/www.carideal.com\/blog\/2013\/11\/24\/alfa-romeo-giulietta-restylee\/#primaryimage"},"image":{"@id":"https:\/\/www.carideal.com\/blog\/2013\/11\/24\/alfa-romeo-giulietta-restylee\/#primaryimage"},"thumbnailUrl":"https:\/\/www.carideal.com\/blog\/wp-content\/uploads\/2013\/11\/alfa-romeo-giulietta-2013-5.jpg","datePublished":"2013-11-24T14:47:00+00:00","dateModified":"2016-11-17T15:35:10+00:00","description":"Depuis peu en vente chez les concessionnaires la nouvelle Alfa Romeo Giulietta restyl\u00e9e 2013, l\u00e9ger restylage pour contrer les nouvelles Audi A3","breadcrumb":{"@id":"https:\/\/www.carideal.com\/blog\/2013\/11\/24\/alfa-romeo-giulietta-restylee\/#breadcrumb"},"inLanguage":"fr-FR","potentialAction":[{"@type":"ReadAction","target":["https:\/\/www.carideal.com\/blog\/2013\/11\/24\/alfa-romeo-giulietta-restylee\/"]}]},{"@type":"ImageObject","inLanguage":"fr-FR","@id":"https:\/\/www.carideal.com\/blog\/2013\/11\/24\/alfa-romeo-giulietta-restylee\/#primaryimage","url":"https:\/\/www.carideal.com\/blog\/wp-content\/uploads\/2013\/11\/alfa-romeo-giulietta-2013-5.jpg","contentUrl":"https:\/\/www.carideal.com\/blog\/wp-content\/uploads\/2013\/11\/alfa-romeo-giulietta-2013-5.jpg","width":900,"height":480,"caption":"Alfa Romeo Giulietta restyl\u00e9e 2013"},{"@type":"BreadcrumbList","@id":"https:\/\/www.carideal.com\/blog\/2013\/11\/24\/alfa-romeo-giulietta-restylee\/#breadcrumb","itemListElement":[{"@type":"ListItem","position":1,"name":"Blog Carid\u00e9al","item":"https:\/\/www.carideal.com\/blog\/"},{"@type":"ListItem","position":2,"name":"March\u00e9 automobile","item":"https:\/\/www.carideal.com\/blog\/marche-automobile-voiture-neuve-occasion-4x4-suv\/"},{"@type":"ListItem","position":3,"name":"Alfa Romeo Giulietta restyl\u00e9e 2013"}]},{"@type":"WebSite","@id":"https:\/\/www.carideal.com\/blog\/#website","url":"https:\/\/www.carideal.com\/blog\/","name":"Blog auto Carid\u00e9al","description":"Actualit\u00e9 auto par des passionn\u00e9s","publisher":{"@id":"https:\/\/www.carideal.com\/blog\/#organization"},"potentialAction":[{"@type":"SearchAction","target":{"@type":"EntryPoint","urlTemplate":"https:\/\/www.carideal.com\/blog\/?s={search_term_string}"},"query-input":{"@type":"PropertyValueSpecification","valueRequired":true,"valueName":"search_term_string"}}],"inLanguage":"fr-FR"},{"@type":"Organization","@id":"https:\/\/www.carideal.com\/blog\/#organization","name":"Carideal","url":"https:\/\/www.carideal.com\/blog\/","logo":{"@type":"ImageObject","inLanguage":"fr-FR","@id":"https:\/\/www.carideal.com\/blog\/#\/schema\/logo\/image\/","url":"http:\/\/www.carideal.com\/blog\/wp-content\/uploads\/2016\/03\/logo-carideal-mandataire-automobile.png","contentUrl":"http:\/\/www.carideal.com\/blog\/wp-content\/uploads\/2016\/03\/logo-carideal-mandataire-automobile.png","width":300,"height":300,"caption":"Carideal"},"image":{"@id":"https:\/\/www.carideal.com\/blog\/#\/schema\/logo\/image\/"},"sameAs":["https:\/\/www.facebook.com\/Carideal.mandataire.automobile","https:\/\/x.com\/caridealauto","https:\/\/www.instagram.com\/carideal1\/","https:\/\/www.linkedin.com\/company\/carideal.com","https:\/\/fr.pinterest.com\/schiavonsas\/","https:\/\/www.youtube.com\/user\/caridealsas"]},{"@type":"Person","@id":"https:\/\/www.carideal.com\/blog\/#\/schema\/person\/985c7e757d1042d647f21bfaf8d41ebc","name":"N.S Carideal","image":{"@type":"ImageObject","inLanguage":"fr-FR","@id":"https:\/\/www.carideal.com\/blog\/#\/schema\/person\/image\/","url":"https:\/\/secure.gravatar.com\/avatar\/edb7ccdf1a4e3d14aef967760d354d0e?s=96&r=g","contentUrl":"https:\/\/secure.gravatar.com\/avatar\/edb7ccdf1a4e3d14aef967760d354d0e?s=96&r=g","caption":"N.S Carideal"},"description":"Depuis tout petit fan d'automobile. Il est question d'essayer et de comparer toutes ces voitures qui nous ont fait r\u00e9ver, avant que celles-ci ne devient uniquement des voitures de collection.","sameAs":["http:\/\/www.carideal.com\/blog","https:\/\/www.facebook.com\/Carideal.mandataire.automobile\/","https:\/\/www.linkedin.com\/in\/nschiavon\/","https:\/\/www.youtube.com\/user\/caridealsas\/"],"url":"https:\/\/www.carideal.com\/blog\/author\/admin_carideal\/"}]}},"uagb_featured_image_src":{"full":["https:\/\/www.carideal.com\/blog\/wp-content\/uploads\/2013\/11\/alfa-romeo-giulietta-2013-5.jpg",900,480,false],"thumbnail":["https:\/\/www.carideal.com\/blog\/wp-content\/uploads\/2013\/11\/alfa-romeo-giulietta-2013-5-150x150.jpg",150,150,true],"medium":["https:\/\/www.carideal.com\/blog\/wp-content\/uploads\/2013\/11\/alfa-romeo-giulietta-2013-5-300x160.jpg",300,160,true],"medium_large":["https:\/\/www.carideal.com\/blog\/wp-content\/uploads\/2013\/11\/alfa-romeo-giulietta-2013-5-768x410.jpg",768,410,true],"large":["https:\/\/www.carideal.com\/blog\/wp-content\/uploads\/2013\/11\/alfa-romeo-giulietta-2013-5.jpg",900,480,false],"1536x1536":["https:\/\/www.carideal.com\/blog\/wp-content\/uploads\/2013\/11\/alfa-romeo-giulietta-2013-5.jpg",900,480,false],"2048x2048":["https:\/\/www.carideal.com\/blog\/wp-content\/uploads\/2013\/11\/alfa-romeo-giulietta-2013-5.jpg",900,480,false],"wppr-widget":["https:\/\/www.carideal.com\/blog\/wp-content\/uploads\/2013\/11\/alfa-romeo-giulietta-2013-5.jpg",50,27,false]},"uagb_author_info":{"display_name":"N.S Carideal","author_link":"https:\/\/www.carideal.com\/blog\/author\/admin_carideal\/"},"uagb_comment_info":0,"uagb_excerpt":"Alfa Romeo Giulietta restyl\u00e9e 2013 L'Alfa Romeo Giulietta 2013 qui vient d'\u00eatre restyl\u00e9e est l'une des plus belles\u00a0berlines du moment. Elle\u00a0est amusante \u00e0\u00a0conduire, mais la qualit\u00e9 et les probl\u00e8mes d'aspect pratique\u00a0ruinent l'exp\u00e9rience de conduite. Depuis peu en vente chez les concessionnaires la nouvelle Alfa Rom\u00e9o Giulietta restyl\u00e9e 2013, l\u00e9ger restylage pour contrer les nouvelles Audi\u2026","_links":{"self":[{"href":"https:\/\/www.carideal.com\/blog\/wp-json\/wp\/v2\/posts\/1461"}],"collection":[{"href":"https:\/\/www.carideal.com\/blog\/wp-json\/wp\/v2\/posts"}],"about":[{"href":"https:\/\/www.carideal.com\/blog\/wp-json\/wp\/v2\/types\/post"}],"author":[{"embeddable":true,"href":"https:\/\/www.carideal.com\/blog\/wp-json\/wp\/v2\/users\/1"}],"replies":[{"embeddable":true,"href":"https:\/\/www.carideal.com\/blog\/wp-json\/wp\/v2\/comments?post=1461"}],"version-history":[{"count":0,"href":"https:\/\/www.carideal.com\/blog\/wp-json\/wp\/v2\/posts\/1461\/revisions"}],"wp:featuredmedia":[{"embeddable":true,"href":"https:\/\/www.carideal.com\/blog\/wp-json\/wp\/v2\/media\/13536"}],"wp:attachment":[{"href":"https:\/\/www.carideal.com\/blog\/wp-json\/wp\/v2\/media?parent=1461"}],"wp:term":[{"taxonomy":"category","embeddable":true,"href":"https:\/\/www.carideal.com\/blog\/wp-json\/wp\/v2\/categories?post=1461"},{"taxonomy":"post_tag","embeddable":true,"href":"https:\/\/www.carideal.com\/blog\/wp-json\/wp\/v2\/tags?post=1461"}],"curies":[{"name":"wp","href":"https:\/\/api.w.org\/{rel}","templated":true}]}}