{"id":14579,"date":"2017-01-05T17:52:05","date_gmt":"2017-01-05T16:52:05","guid":{"rendered":"http:\/\/www.carideal.com\/blog\/?p=14579"},"modified":"2024-04-06T20:18:26","modified_gmt":"2024-04-06T18:18:26","slug":"legislation-auto-2017","status":"publish","type":"post","link":"https:\/\/www.carideal.com\/blog\/2017\/01\/05\/legislation-auto-2017\/","title":{"rendered":"L\u00e9gislation routi\u00e8re 2017 comment se faire manger"},"content":{"rendered":"\n<h2 class=\"wp-block-heading\" id=\"h-legislation-routiere-2017-comment-les-automobilistes-vont-se-faire-manger\">L\u00e9gislation routi\u00e8re\u00a02017 comment les automobilistes vont se faire manger<\/h2>\n\n\n\n<p><strong>LEGISLATION ROUTI\u00c9RE&nbsp;2017<\/strong> - Une mise au point sur les dix nouveaut\u00e9s de l'ann\u00e9e 2017 avec une r\u00e8glementation routi\u00e8re encore plus dure et qui ne laissera aucune chance \u00e0 votre porte-monaie. Car il semble bien que c'est par l\u00e0 que le gouvernement veut passer une fois de plus. La vie des automobilistes et des motards va se durcir sur les routes de France. Personne ne sera \u00e9pargn\u00e9, les autos, les motos et les scooters. Notre quotidien sera impact\u00e9, l'\u00e9tat nous force \u00e0 devenir des moutons.<\/p>\n\n\n\n<h2 class=\"wp-block-heading\" id=\"h-bonus-malus-2017\">Bonus-malus 2017<\/h2>\n\n\n\n<p>Cela ne sert \u00e0 rien de discuter du bien fond\u00e9 du syst\u00e8me du bonus malus. Toujours bas\u00e9 sur les seules \u00e9missions de C02, alors que les scientifiques ont prouv\u00e9 que cela ne servait \u00e0 rien et que la part de transport automobile n'est pour rien dans le r\u00e9chauffement climatique, et sans tenir compte des polluants (<a href=\"http:\/\/www.carideal.com\/blog\/2014\/02\/01\/les-etudes-tronquees-du-gouvernement-au-sujet-des-particules-fines\/\">Particules<\/a>, <a href=\"http:\/\/www.carideal.com\/blog\/2014\/09\/01\/les-emissions-reelles-de-nox-seraient-4-a-5-fois-superieures-a-celles-annoncees\/\">NOx<\/a>), le bar\u00e8me du bonus-malus \u00e0 l'achat de voitures neuves \u00e9volue sensiblement. Ainsi, 2017 voit le seuil de d\u00e9clenchement du malus encore&nbsp;abaiss\u00e9 de 131 g\/km \u00e0 127 g\/km....<\/p>\n\n\n\n<p>Plus important, et de loin, le montant du malus, qui d\u00e9bute \u00e0 50 \u20ac pour 127 g\/km, augmente d\u00e9sormais gramme par gramme, pour atteindre 9.973 \u20ac \u00e0 190 g\/km. Au-del\u00e0 de ce seuil, le propri\u00e9taire du v\u00e9hicule \u00e9cope d'une amende, qui vient d'\u00eatre major\u00e9e\u00a0de 8.000 \u00e0 10.000 euros, assortie d'une redevance annuelle de 160 \u20ac.<br>Le gouvernement ne se veut plus dispendieux, la prime de 750 \u20ac accord\u00e9e aux voitures hybrides classiques c'est \u00e0 dire non rechargeables dispara\u00eet. Question Bonus, seul l'achat d'un v\u00e9hicule hybride rechargeable permettra de toucher\u00a0une prime de 1.000 \u20ac, seulement \u00e0 condition que ses \u00e9missions de C02 restent inf\u00e9rieures \u00e0 60 g\/km.<\/p>\n\n\n\n<p>Pour ce qui est des voitures \u00e9lectriques, le bonus\u00a0qui leur est accord\u00e9e redescend de 6.300 \u00e0 6.000 \u20ac. Le gouvernement continue dans son raisonnement, la <a href=\"https:\/\/www.carideal.com\/prime-a-la-conversion\/\">prime \u00e0 la conversion<\/a>, qui est allou\u00e9e lors de la mise \u00e0 la casse\u00a0d'un v\u00e9hicule diesel de plus de dix ans pour\u00a0l'achat d'une voiture \u00e9lectrique, augmente\u00a0de 3.700 \u20ac \u00e0 4.000 \u20ac mais au final le bonus total reste \u00e0\u00a010.000 \u20ac.<\/p>\n\n\n\n<p>En ce qui concerte les scooters et les motos \u00e9lectriques, il ne sont pas oubli\u00e9s non plus. Ceux qui n'utilisent pas de batterie au plomb et dont la puissance maximale nette du moteur est sup\u00e9rieure ou \u00e9gale \u00e0 3 kW, vont b\u00e9n\u00e9ficier d'un\u00a0Bonus aussi. Le\u00a0montant de cette prime ne pourra pas d\u00e9passer 27 % du co\u00fbt d'acquisition et elle sera plafonn\u00e9e \u00e0 1.000 \u20ac.<\/p>\n\n\n\n<h2 class=\"wp-block-heading\" id=\"h-retour-de-la-vignette\">Retour de la vignette<\/h2>\n\n\n<div class=\"wp-block-image\">\n<figure class=\"alignleft\"><a href=\"http:\/\/www.carideal.com\/blog\/wp-content\/uploads\/2017\/01\/Tableau-classification-voitures-particulieres-vignette-critt-air-e1483628454484.png\"><img loading=\"lazy\" decoding=\"async\" width=\"479\" height=\"600\" src=\"http:\/\/www.carideal.com\/blog\/wp-content\/uploads\/2017\/01\/Tableau-classification-voitures-particulieres-vignette-critt-air-e1483628454484.png\" alt=\"L\u00e9gislation routi\u00e8re 2017 : le tableau des classements de vignettes CRITT'AIR\" class=\"wp-image-14582\"\/><\/a><figcaption class=\"wp-element-caption\">L\u00e9gislation routi\u00e8re 2017 : le tableau des classements de vignettes CRITT'AIR<\/figcaption><\/figure><\/div>\n\n\n<p>Les vignettes CRIT'Air \u00e0 apposer sur le pare-brise pour la nouvelle l\u00e9gislation routi\u00e8re 2017.<\/p>\n\n\n\n<p>Ce que je trouve dr\u00f4le est ce que l'on peut lire sur le site du d\u00e9velloppement durable :<\/p>\n\n\n\n<blockquote class=\"wp-block-quote is-layout-flow wp-block-quote-is-layout-flow\">\n<p>Cette classification permettra aux collectivit\u00e9s de moduler les mesures incitatives ou restrictives qu\u2019elles souhaitent mettre en place, en concertation avec les habitants et les acteurs \u00e9conomiques du territoire.<\/p>\n<\/blockquote>\n\n\n\n<p>Cette vignette est en vigueur depuis d\u00e9but d\u00e9cembre \u00e0 la mairie \u00e9colo de Grenoble, la mise en place de zones \u00e0 circulation restreinte (ZCR) d\u00e9butera le 16 janvier \u00e0 Paris. Cette mesure sera mise en place selon le bon vouloir des maires, et toutes les aglom\u00e9rations et centre urbains pourront l'adopter. En gros, les automobiles immatricul\u00e9es avant 1997 et les motos et scooters d'avant juin 2000 y seront dor\u00e9navant interdits de s\u00e9jour pendant la\u00a0semaine entre 8h et 20h.<\/p>\n\n\n\n<p>Les mod\u00e8les plus r\u00e9cents seront class\u00e9s dans six cat\u00e9gories, en fonction de leur motorisation et de leur ann\u00e9e de production. Ces V\u00e9hicules\u00a0seront identifi\u00e9s par une vignette CRIT'Air \u00e0 apposer sur le pare-brise pour les voitures ou la fourche de la moto. Ce qui veut dire que les jours de pics de pollution, un maire pourra d\u00e9cider qui aura le droit de circuler. Heureusement cette mesure ne concerne pas les <a href=\"http:\/\/www.carideal.com\/blog\/2013\/08\/16\/voitures-de-collection-meilleur-placement-financement\/\">voitures de collection<\/a> de 30 ans d'\u00e2ge, des secours et des voitures\u00a0conduites par des personnes handicap\u00e9es.<\/p>\n\n\n\n<h2 class=\"wp-block-heading\" id=\"h-la-delation-rendu-obligatoire\">La D\u00e9lation rendu obligatoire<\/h2>\n\n\n\n<p>L\u00e9gislation routi\u00e8re 2017 : Serait-on revenu au temps de Vichy ? Ceux dont c'est le m\u00e9tier de rouler, pouvait de temps en temps avoir l'avantage de ne pas se voir retirer de point en cas de PV si l'entreprise refusait de donner le nom du conducteur. En cas d'infraction sans interpellation, le conducteur restait anonyme. Il payait&nbsp;l'amende, mais gardait ses&nbsp;points. Depuis le 1er janvier, les entreprises, propri\u00e9taire&nbsp;de la carte grise, <strong>ont l'obligation de d\u00e9noncer leur salari\u00e9<\/strong>. \u00c0 d\u00e9faut, elles s'exposent \u00e0 une amende de 750 \u20ac. L'\u00e9tat leur demande de faire son boulot, c'est d\u00e9gueulasse ! On n'a pas besoin de \u00e7a dans une entreprise !<\/p>\n\n\n\n<h2 class=\"wp-block-heading\" id=\"h-video-verbalisation\">Vid\u00e9o verbalisation<\/h2>\n\n\n<div class=\"wp-block-image\">\n<figure class=\"aligncenter\"><a href=\"http:\/\/www.carideal.com\/blog\/wp-content\/uploads\/2017\/01\/video-verbalisation.jpg\"><img loading=\"lazy\" decoding=\"async\" width=\"500\" height=\"312\" src=\"http:\/\/www.carideal.com\/blog\/wp-content\/uploads\/2017\/01\/video-verbalisation.jpg\" alt=\"L\u00e9gislation routi\u00e8re 2017 : Vid\u00e9o verbalisation\" class=\"wp-image-14583\" srcset=\"https:\/\/www.carideal.com\/blog\/wp-content\/uploads\/2017\/01\/video-verbalisation.jpg 500w, https:\/\/www.carideal.com\/blog\/wp-content\/uploads\/2017\/01\/video-verbalisation-300x187.jpg 300w, https:\/\/www.carideal.com\/blog\/wp-content\/uploads\/2017\/01\/video-verbalisation-110x69.jpg 110w, https:\/\/www.carideal.com\/blog\/wp-content\/uploads\/2017\/01\/video-verbalisation-420x262.jpg 420w, https:\/\/www.carideal.com\/blog\/wp-content\/uploads\/2017\/01\/video-verbalisation-50x31.jpg 50w\" sizes=\"(max-width: 500px) 100vw, 500px\" \/><\/a><figcaption class=\"wp-element-caption\">L\u00e9gislation routi\u00e8re 2017 : Vid\u00e9o verbalisation<\/figcaption><\/figure><\/div>\n\n\n<p>La vid\u00e9o verbalisation est en marche. L\u00e0 on va vers une sacr\u00e9e avanc\u00e9 en terme de contr\u00f4le : plus besoin de vous arr\u00eater.. donc pour contester cela va \u00eatre tr\u00e8s compliqu\u00e9.<\/p>\n\n\n\n<p>Parmi les infractions routi\u00e8res pouvant \u00eatre constat\u00e9es sans interception du conducteur, on recensait d\u00e9j\u00e0 le non-respect des limitations de vitesse, des distances de s\u00e9curit\u00e9, d'un feu rouge, d'un stop et des voies r\u00e9serv\u00e9es. Mais, le gouvernement en a rajout\u00e9 une louche depuis le 1er Janvier\u00a02017, la liste s'est allong\u00e9e.<\/p>\n\n\n\n<p>Elle inclut d\u00e9sormais : le non\u00a0port de la ceinture de s\u00e9curit\u00e9, l'usage du t\u00e9l\u00e9phone portable tenu en main, la circulation, l'arr\u00eat et le stationnement sur les bandes d'arr\u00eat d'urgence, le chevauchement et le franchissement des lignes continues, le non-respect des r\u00e8gles de d\u00e9passement et des \u00absas v\u00e9los\u00bb (<strong>espace avant un feu<\/strong>), et le d\u00e9faut du port du casque en moto, autant d'infractions qui pourront \u00eatre constat\u00e9es via la vid\u00e9osurveillance, et que vous aurez la surprise de d\u00e9couvrir au courrier ... ou pas !<\/p>\n\n\n\n<h2 class=\"wp-block-heading\" id=\"h-legislation-routiere-2017-le-controle-technique-est-durci\">L\u00e9gislation routi\u00e8re 2017 le Contr\u00f4le technique est durci<\/h2>\n\n\n\n<p>Depuis le 1er janvier, les <strong>vitres fortement teint\u00e9es (taux de transmission de la lumi\u00e8re inf\u00e9rieur \u00e0 70%) sont interdites<\/strong>. (Pour le coup c'est normal) Les films trop opaques doivent \u00eatre retir\u00e9s. Le contrevenant risque\u00a0une amende de 135 \u20ac et m\u00eame \u00e0 un retrait de 3 points sur le permis. Le contr\u00f4le technique obligatoire a d\u00e9j\u00e0 int\u00e8gr\u00e9 cette l\u00e9gislation\u00a0qui, en cas de d\u00e9faut constat\u00e9pourra entra\u00eener une contre-visite.<\/p>\n\n\n\n<p>De m\u00eame les v\u00e9hicules mis en circulation apr\u00e8s 2004, dont la prise OBD de diagnostique, ne fonctionne pas se verront afflig\u00e9s d'une Contre-visite. Le l\u00e9gislateur souhaite ainsi que les donn\u00e9es relev\u00e9es par l'OBD soient archiv\u00e9es de fa\u00e7on \u00e0 assurer la tra\u00e7abilit\u00e9 du v\u00e9hicule et surveiller les maquillages, vols, faux km etc.<\/p>\n\n\n\n<h2 class=\"wp-block-heading\" id=\"h-pieces-detachees-d-occasion\">Pi\u00e8ces d\u00e9tach\u00e9es d'occasion<\/h2>\n\n\n\n<p>Tous les concessionnaires et <a href=\"http:\/\/www.carideal.com\/blog\/garage-automobile\/\">r\u00e9parateurs automobiles<\/a> sont d\u00e9sormais contraints de proposer \u00e0 leurs clients des pi\u00e8ces d'occasion ou r\u00e9nov\u00e9es d\u00eetes \u00ab\u00e9change standard\u00bb. Ne sont pas concern\u00e9s les v\u00e9hicules qui sont encore sous garantie et les pi\u00e8ces composant les trains roulants, la direction et le syst\u00e8me de freinage.<\/p>\n\n\n\n<h2 class=\"wp-block-heading\" id=\"h-permis-de-conduire-moins-cher-en-automatique\">Permis de conduire moins cher en automatique<\/h2>\n\n\n\n<p>Le\u00a0permis pour voiture automatique sera plus facile \u00e0 passer et moins cher. Il \u00e9tait <a href=\"http:\/\/www.carideal.com\/blog\/2013\/09\/19\/le-permis-de-conduire-coute-trop-cher\/\">trop cher<\/a>.<br>Le permis de conduire sp\u00e9cifique aux voitures\u00a0\u00e0 bo\u00eete automatique BEA pr\u00e9sente, depuis l'automne dernier, un avantage certain en termes de tarif.<\/p>\n\n\n\n<p>L'arr\u00eat\u00e9 du 18 octobre stipule en effet que la formation au permis de conduire d'une voiture automatique n'impose plus que 13 heures de le\u00e7ons, contre 20 heures pour un mod\u00e8le \u00e0 bo\u00eete manuelle, ce qui va bien entendu faire baisser son prix. L'\u00e9l\u00e8ve pourra alors d\u00e9cider\u00a0une fois son permis automatique obtenu, son titulaire pourra, en respectant un d\u00e9lai de six mois, s'inscrire \u00e0 une formation de sept heures compl\u00e9mentaire pour l'obtention du permis de conduire une voiture \u00e0 boite manuelle et ce, sans examen compl\u00e9mentaire.<\/p>\n\n\n\n<h2 class=\"wp-block-heading\" id=\"h-des-chiffres-de-consommation-plus-realistes-avec-une-nouvelle-norme\">Des chiffres de consommation plus r\u00e9alistes avec une nouvelle norme<\/h2>\n\n\n\n<p>Une nouvelle <a href=\"http:\/\/www.carideal.com\/blog\/2013\/12\/12\/les-nouvelles-normes-euro-6-font-faire-augmenter-le-prix-des-moteurs-diesels\/\">norme d'homologation des automobiles<\/a> (Euro 6c) va entrer en vigueur et, avec elle, une nouvelle proc\u00e9dure <a href=\"http:\/\/www.carideal.com\/blog\/2014\/11\/30\/consommation-bientot-de-nouvelles-normes\/\">WLTC<\/a> (Worldwide harmonized Light duty driving Test Cycle) qui inclura notamment des mesures RDE en conditions r\u00e9elles (real driving emissions), autrement dit sur route et plus uniquement sur banc \u00e0 rouleau, avec des cycles plus long et tenant compte de tous les accessoires.<br>Les chiffres de consommation et d'\u00e9missions de CO2 publi\u00e9s vont donc augmenter pour se rapprocher de la r\u00e9alit\u00e9. Il en sera de m\u00eame pour les rejets polluants. Pour \u00eatre conforme aux nouvelles normes, les <a href=\"http:\/\/www.carideal.com\/blog\/2014\/04\/26\/le-filtre-a-particules-pour-moteur-a-essence-est-pret-et-sera-lance-cette-annee\/\">moteurs essence \u00e0 injection directe seront&nbsp;\u00e9quip\u00e9s d'un filtre \u00e0 particules<\/a>.<br>La norme Euro 6c entrera en vigueur en septembre prochain pour tous les nouveaux mod\u00e8les homologu\u00e9s&nbsp;\u00e0 partir de cette date, et un an plus tard pour tous les v\u00e9hicules neufs livr\u00e9s. Tout le monde r\u00e9clamaient des chiffres de consomations publi\u00e9s plus r\u00e9alistes : voil\u00e0 on y arrive, m\u00eame si ce n'est pas encore tout \u00e0 fait cela.<\/p>\n\n\n\n<h2 class=\"wp-block-heading\" id=\"h-des-plaques-d-immatriculation-moto-plus-grandes\">Des plaques d'immatriculation moto plus grandes<\/h2>\n\n\n<div class=\"wp-block-image\">\n<figure class=\"aligncenter\"><a href=\"http:\/\/www.carideal.com\/blog\/wp-content\/uploads\/2017\/01\/taille-plaque-immatriculation-moto-e1483632806823.jpg\"><img loading=\"lazy\" decoding=\"async\" width=\"600\" height=\"379\" src=\"http:\/\/www.carideal.com\/blog\/wp-content\/uploads\/2017\/01\/taille-plaque-immatriculation-moto-e1483632806823.jpg\" alt=\"L\u00e9gislation routi\u00e8re 2017 : Taille unique des plaques d'immatriculation pour toutes les motos 210*130\" class=\"wp-image-14585\"\/><\/a><figcaption class=\"wp-element-caption\">L\u00e9gislation routi\u00e8re 2017 : Taille unique des plaques d'immatriculation pour toutes les motos 210*130<\/figcaption><\/figure><\/div>\n\n\n<p>Un format uniformis\u00e9 pour les deux et trois-roues motoris\u00e9s. De plus depuis le 20 novembre, tous les motards et les scooters y compris leur passager doivent porter une paire de gants homologu\u00e9s CE, \u00e7a tombe sous le sens non ? Les propri\u00e9taires de deux-roues motoris\u00e9s devront s'assurer que la plaque d'immatriculation de leur v\u00e9hicule mesure bien 210 x 130 mm. Finit les anciens six formats de plaques diff\u00e9rents. Cette mesure concerne donc les motos et les scooters, mais aussi les 50 cm3, les trois-roues et les quads.<\/p>\n\n\n\n<h2 class=\"wp-block-heading\" id=\"h-controle-technique-pour-les-deux-roues-motorises\">Contr\u00f4le technique pour les deux-roues motoris\u00e9s<\/h2>\n\n\n\n<p>2017 pourrait pourrait voir l'entr\u00e9e en vigueur du contr\u00f4le technique obligatoire pour les motos et les scooters de toutes cylindr\u00e9es. Le gouvernement a un projet de d\u00e9cret dans les cartons, pr\u00e9voyant&nbsp;l'instauration, en octobre prochain, d'un contr\u00f4le technique obligatoire en cas de revente, d\u00e8s que la moto&nbsp;aura plus de deux ans.<\/p>\n","protected":false},"excerpt":{"rendered":"<p>L\u00e9gislation routi\u00e8re\u00a02017 comment les automobilistes vont se faire manger LEGISLATION ROUTI\u00c9RE&nbsp;2017 &#8211; Une mise au point sur les dix nouveaut\u00e9s de l&rsquo;ann\u00e9e 2017 avec une r\u00e8glementation routi\u00e8re encore plus dure et qui ne laissera aucune chance \u00e0 votre porte-monaie. Car il semble bien que c&rsquo;est par l\u00e0 que le gouvernement veut passer une fois de &#8230; <a title=\"L\u00e9gislation routi\u00e8re 2017 comment se faire manger\" class=\"read-more\" href=\"https:\/\/www.carideal.com\/blog\/2017\/01\/05\/legislation-auto-2017\/\" aria-label=\"En savoir plus sur L\u00e9gislation routi\u00e8re 2017 comment se faire manger\">Lire plus<\/a><\/p>\n","protected":false},"author":3,"featured_media":27883,"comment_status":"open","ping_status":"open","sticky":false,"template":"","format":"standard","meta":{"_uag_custom_page_level_css":"","_themeisle_gutenberg_block_has_review":false,"footnotes":""},"categories":[21,9,5962,10],"tags":[248],"class_list":["post-14579","post","type-post","status-publish","format-standard","has-post-thumbnail","hentry","category-actualites-auto","category-divers","category-legislation","category-marche-automobile-voiture-neuve-occasion-4x4-suv","tag-bonus-malus"],"wppr_data":{"cwp_meta_box_check":"No"},"yoast_head":"<!-- This site is optimized with the Yoast SEO plugin v24.8.1 - https:\/\/yoast.com\/wordpress\/plugins\/seo\/ -->\n<title>L\u00e9gislation routi\u00e8re 2017 comment se faire manger - Blog auto Carid\u00e9al<\/title>\n<meta name=\"description\" content=\"L\u00e9gislation routi\u00e8re 2017 - Une mise au point sur les dix nouveaut\u00e9s de l&#039;ann\u00e9e 2017 avec une r\u00e8glementation routi\u00e8re encore plus dure\" \/>\n<meta name=\"robots\" content=\"index, follow, max-snippet:-1, max-image-preview:large, max-video-preview:-1\" \/>\n<link rel=\"canonical\" href=\"https:\/\/www.carideal.com\/blog\/2017\/01\/05\/legislation-auto-2017\/\" \/>\n<meta property=\"og:locale\" content=\"fr_FR\" \/>\n<meta property=\"og:type\" content=\"article\" \/>\n<meta property=\"og:title\" content=\"L\u00e9gislation routi\u00e8re 2017 comment se faire manger - Blog auto Carid\u00e9al\" \/>\n<meta property=\"og:description\" content=\"L\u00e9gislation routi\u00e8re 2017 - Une mise au point sur les dix nouveaut\u00e9s de l&#039;ann\u00e9e 2017 avec une r\u00e8glementation routi\u00e8re encore plus dure\" \/>\n<meta property=\"og:url\" content=\"https:\/\/www.carideal.com\/blog\/2017\/01\/05\/legislation-auto-2017\/\" \/>\n<meta property=\"og:site_name\" content=\"Blog auto Carid\u00e9al\" \/>\n<meta property=\"article:publisher\" content=\"https:\/\/www.facebook.com\/Carideal.mandataire.automobile\" \/>\n<meta property=\"article:author\" content=\"https:\/\/www.facebook.com\/nicolas.schiavon.39\" \/>\n<meta property=\"article:published_time\" content=\"2017-01-05T16:52:05+00:00\" \/>\n<meta property=\"article:modified_time\" content=\"2024-04-06T18:18:26+00:00\" \/>\n<meta property=\"og:image\" content=\"https:\/\/www.carideal.com\/blog\/wp-content\/uploads\/2017\/01\/legislation-routiere-2017.jpg\" \/>\n\t<meta property=\"og:image:width\" content=\"1238\" \/>\n\t<meta property=\"og:image:height\" content=\"593\" \/>\n\t<meta property=\"og:image:type\" content=\"image\/jpeg\" \/>\n<meta name=\"author\" content=\"Nicolas SCHIAVON\" \/>\n<meta name=\"twitter:card\" content=\"summary_large_image\" \/>\n<meta name=\"twitter:creator\" content=\"@caridealauto\" \/>\n<meta name=\"twitter:site\" content=\"@caridealauto\" \/>\n<meta name=\"twitter:label1\" content=\"\u00c9crit par\" \/>\n\t<meta name=\"twitter:data1\" content=\"Nicolas SCHIAVON\" \/>\n\t<meta name=\"twitter:label2\" content=\"Dur\u00e9e de lecture estim\u00e9e\" \/>\n\t<meta name=\"twitter:data2\" content=\"9 minutes\" \/>\n<script type=\"application\/ld+json\" class=\"yoast-schema-graph\">{\"@context\":\"https:\/\/schema.org\",\"@graph\":[{\"@type\":\"Article\",\"@id\":\"https:\/\/www.carideal.com\/blog\/2017\/01\/05\/legislation-auto-2017\/#article\",\"isPartOf\":{\"@id\":\"https:\/\/www.carideal.com\/blog\/2017\/01\/05\/legislation-auto-2017\/\"},\"author\":{\"name\":\"Nicolas SCHIAVON\",\"@id\":\"https:\/\/www.carideal.com\/blog\/#\/schema\/person\/cd95dc7919660de90d31b366f85be1ec\"},\"headline\":\"L\u00e9gislation routi\u00e8re 2017 comment se faire manger\",\"datePublished\":\"2017-01-05T16:52:05+00:00\",\"dateModified\":\"2024-04-06T18:18:26+00:00\",\"mainEntityOfPage\":{\"@id\":\"https:\/\/www.carideal.com\/blog\/2017\/01\/05\/legislation-auto-2017\/\"},\"wordCount\":1686,\"commentCount\":0,\"publisher\":{\"@id\":\"https:\/\/www.carideal.com\/blog\/#organization\"},\"image\":{\"@id\":\"https:\/\/www.carideal.com\/blog\/2017\/01\/05\/legislation-auto-2017\/#primaryimage\"},\"thumbnailUrl\":\"https:\/\/www.carideal.com\/blog\/wp-content\/uploads\/2017\/01\/legislation-routiere-2017.jpg\",\"keywords\":[\"Bonus malus\"],\"articleSection\":[\"Actualit\u00e9 automobile\",\"Divers\",\"L\u00e9gislation Automobile\",\"March\u00e9 automobile\"],\"inLanguage\":\"fr-FR\",\"potentialAction\":[{\"@type\":\"CommentAction\",\"name\":\"Comment\",\"target\":[\"https:\/\/www.carideal.com\/blog\/2017\/01\/05\/legislation-auto-2017\/#respond\"]}]},{\"@type\":\"WebPage\",\"@id\":\"https:\/\/www.carideal.com\/blog\/2017\/01\/05\/legislation-auto-2017\/\",\"url\":\"https:\/\/www.carideal.com\/blog\/2017\/01\/05\/legislation-auto-2017\/\",\"name\":\"L\u00e9gislation routi\u00e8re 2017 comment se faire manger - Blog auto Carid\u00e9al\",\"isPartOf\":{\"@id\":\"https:\/\/www.carideal.com\/blog\/#website\"},\"primaryImageOfPage\":{\"@id\":\"https:\/\/www.carideal.com\/blog\/2017\/01\/05\/legislation-auto-2017\/#primaryimage\"},\"image\":{\"@id\":\"https:\/\/www.carideal.com\/blog\/2017\/01\/05\/legislation-auto-2017\/#primaryimage\"},\"thumbnailUrl\":\"https:\/\/www.carideal.com\/blog\/wp-content\/uploads\/2017\/01\/legislation-routiere-2017.jpg\",\"datePublished\":\"2017-01-05T16:52:05+00:00\",\"dateModified\":\"2024-04-06T18:18:26+00:00\",\"description\":\"L\u00e9gislation routi\u00e8re 2017 - Une mise au point sur les dix nouveaut\u00e9s de l'ann\u00e9e 2017 avec une r\u00e8glementation routi\u00e8re encore plus dure\",\"breadcrumb\":{\"@id\":\"https:\/\/www.carideal.com\/blog\/2017\/01\/05\/legislation-auto-2017\/#breadcrumb\"},\"inLanguage\":\"fr-FR\",\"potentialAction\":[{\"@type\":\"ReadAction\",\"target\":[\"https:\/\/www.carideal.com\/blog\/2017\/01\/05\/legislation-auto-2017\/\"]}]},{\"@type\":\"ImageObject\",\"inLanguage\":\"fr-FR\",\"@id\":\"https:\/\/www.carideal.com\/blog\/2017\/01\/05\/legislation-auto-2017\/#primaryimage\",\"url\":\"https:\/\/www.carideal.com\/blog\/wp-content\/uploads\/2017\/01\/legislation-routiere-2017.jpg\",\"contentUrl\":\"https:\/\/www.carideal.com\/blog\/wp-content\/uploads\/2017\/01\/legislation-routiere-2017.jpg\",\"width\":1238,\"height\":593,\"caption\":\"L\u00e9gislation routi\u00e8re 2017 comment se faire manger\"},{\"@type\":\"BreadcrumbList\",\"@id\":\"https:\/\/www.carideal.com\/blog\/2017\/01\/05\/legislation-auto-2017\/#breadcrumb\",\"itemListElement\":[{\"@type\":\"ListItem\",\"position\":1,\"name\":\"Blog Carid\u00e9al\",\"item\":\"https:\/\/www.carideal.com\/blog\/\"},{\"@type\":\"ListItem\",\"position\":2,\"name\":\"Divers\",\"item\":\"https:\/\/www.carideal.com\/blog\/divers\/\"},{\"@type\":\"ListItem\",\"position\":3,\"name\":\"L\u00e9gislation Automobile\",\"item\":\"https:\/\/www.carideal.com\/blog\/divers\/legislation\/\"},{\"@type\":\"ListItem\",\"position\":4,\"name\":\"L\u00e9gislation routi\u00e8re 2017 comment se faire manger\"}]},{\"@type\":\"WebSite\",\"@id\":\"https:\/\/www.carideal.com\/blog\/#website\",\"url\":\"https:\/\/www.carideal.com\/blog\/\",\"name\":\"Blog auto Carid\u00e9al\",\"description\":\"Actualit\u00e9 auto par des passionn\u00e9s\",\"publisher\":{\"@id\":\"https:\/\/www.carideal.com\/blog\/#organization\"},\"potentialAction\":[{\"@type\":\"SearchAction\",\"target\":{\"@type\":\"EntryPoint\",\"urlTemplate\":\"https:\/\/www.carideal.com\/blog\/?s={search_term_string}\"},\"query-input\":{\"@type\":\"PropertyValueSpecification\",\"valueRequired\":true,\"valueName\":\"search_term_string\"}}],\"inLanguage\":\"fr-FR\"},{\"@type\":\"Organization\",\"@id\":\"https:\/\/www.carideal.com\/blog\/#organization\",\"name\":\"Carideal\",\"url\":\"https:\/\/www.carideal.com\/blog\/\",\"logo\":{\"@type\":\"ImageObject\",\"inLanguage\":\"fr-FR\",\"@id\":\"https:\/\/www.carideal.com\/blog\/#\/schema\/logo\/image\/\",\"url\":\"http:\/\/www.carideal.com\/blog\/wp-content\/uploads\/2016\/03\/logo-carideal-mandataire-automobile.png\",\"contentUrl\":\"http:\/\/www.carideal.com\/blog\/wp-content\/uploads\/2016\/03\/logo-carideal-mandataire-automobile.png\",\"width\":300,\"height\":300,\"caption\":\"Carideal\"},\"image\":{\"@id\":\"https:\/\/www.carideal.com\/blog\/#\/schema\/logo\/image\/\"},\"sameAs\":[\"https:\/\/www.facebook.com\/Carideal.mandataire.automobile\",\"https:\/\/x.com\/caridealauto\",\"https:\/\/www.instagram.com\/carideal1\/\",\"https:\/\/www.linkedin.com\/company\/carideal.com\",\"https:\/\/fr.pinterest.com\/schiavonsas\/\",\"https:\/\/www.youtube.com\/user\/caridealsas\"]},{\"@type\":\"Person\",\"@id\":\"https:\/\/www.carideal.com\/blog\/#\/schema\/person\/cd95dc7919660de90d31b366f85be1ec\",\"name\":\"Nicolas SCHIAVON\",\"image\":{\"@type\":\"ImageObject\",\"inLanguage\":\"fr-FR\",\"@id\":\"https:\/\/www.carideal.com\/blog\/#\/schema\/person\/image\/\",\"url\":\"https:\/\/secure.gravatar.com\/avatar\/c17e55009e671d92cc7f5dc837dc418a?s=96&r=g\",\"contentUrl\":\"https:\/\/secure.gravatar.com\/avatar\/c17e55009e671d92cc7f5dc837dc418a?s=96&r=g\",\"caption\":\"Nicolas SCHIAVON\"},\"description\":\"Nicolas Schiavon est tomb\u00e9 tout petit dans la marmite automobile. Ayant eu un garage de marque automobile, mandataire automobile de la premi\u00e8re heure d\u00e8s 1999. Nicolas a cr\u00e9\u00e9 ces premiers sites de vente de voiture et blog automobile d\u00e8s 1994. Carideal est n\u00e9 le 15 d\u00e9cembre 2000 de la volont\u00e9 de vendre des voitures d'occasions en ligne puis des voitures neuves. Il a pu essayer beaucoup de voitures tr\u00e8s diff\u00e9rentes et ayant eu personnellement quelques belles autos, Subaru Impreza, Mitsubishi Lancer Evo 7, Porsche 911, Ferrari Testarrossa, Audi RS3, RS4 et j'en passe...\",\"sameAs\":[\"http:\/\/www.carideal.com\",\"https:\/\/www.facebook.com\/nicolas.schiavon.39\",\"https:\/\/www.instagram.com\/carideal1\/\",\"https:\/\/www.linkedin.com\/in\/nschiavon\/\",\"https:\/\/x.com\/caridealauto\",\"https:\/\/www.youtube.com\/user\/caridealsas\/\"],\"url\":\"https:\/\/www.carideal.com\/blog\/author\/nschiavon\/\"}]}<\/script>\n<!-- \/ Yoast SEO plugin. -->","yoast_head_json":{"title":"L\u00e9gislation routi\u00e8re 2017 comment se faire manger - Blog auto Carid\u00e9al","description":"L\u00e9gislation routi\u00e8re 2017 - Une mise au point sur les dix nouveaut\u00e9s de l'ann\u00e9e 2017 avec une r\u00e8glementation routi\u00e8re encore plus dure","robots":{"index":"index","follow":"follow","max-snippet":"max-snippet:-1","max-image-preview":"max-image-preview:large","max-video-preview":"max-video-preview:-1"},"canonical":"https:\/\/www.carideal.com\/blog\/2017\/01\/05\/legislation-auto-2017\/","og_locale":"fr_FR","og_type":"article","og_title":"L\u00e9gislation routi\u00e8re 2017 comment se faire manger - Blog auto Carid\u00e9al","og_description":"L\u00e9gislation routi\u00e8re 2017 - Une mise au point sur les dix nouveaut\u00e9s de l'ann\u00e9e 2017 avec une r\u00e8glementation routi\u00e8re encore plus dure","og_url":"https:\/\/www.carideal.com\/blog\/2017\/01\/05\/legislation-auto-2017\/","og_site_name":"Blog auto Carid\u00e9al","article_publisher":"https:\/\/www.facebook.com\/Carideal.mandataire.automobile","article_author":"https:\/\/www.facebook.com\/nicolas.schiavon.39","article_published_time":"2017-01-05T16:52:05+00:00","article_modified_time":"2024-04-06T18:18:26+00:00","og_image":[{"width":1238,"height":593,"url":"https:\/\/www.carideal.com\/blog\/wp-content\/uploads\/2017\/01\/legislation-routiere-2017.jpg","type":"image\/jpeg"}],"author":"Nicolas SCHIAVON","twitter_card":"summary_large_image","twitter_creator":"@caridealauto","twitter_site":"@caridealauto","twitter_misc":{"\u00c9crit par":"Nicolas SCHIAVON","Dur\u00e9e de lecture estim\u00e9e":"9 minutes"},"schema":{"@context":"https:\/\/schema.org","@graph":[{"@type":"Article","@id":"https:\/\/www.carideal.com\/blog\/2017\/01\/05\/legislation-auto-2017\/#article","isPartOf":{"@id":"https:\/\/www.carideal.com\/blog\/2017\/01\/05\/legislation-auto-2017\/"},"author":{"name":"Nicolas SCHIAVON","@id":"https:\/\/www.carideal.com\/blog\/#\/schema\/person\/cd95dc7919660de90d31b366f85be1ec"},"headline":"L\u00e9gislation routi\u00e8re 2017 comment se faire manger","datePublished":"2017-01-05T16:52:05+00:00","dateModified":"2024-04-06T18:18:26+00:00","mainEntityOfPage":{"@id":"https:\/\/www.carideal.com\/blog\/2017\/01\/05\/legislation-auto-2017\/"},"wordCount":1686,"commentCount":0,"publisher":{"@id":"https:\/\/www.carideal.com\/blog\/#organization"},"image":{"@id":"https:\/\/www.carideal.com\/blog\/2017\/01\/05\/legislation-auto-2017\/#primaryimage"},"thumbnailUrl":"https:\/\/www.carideal.com\/blog\/wp-content\/uploads\/2017\/01\/legislation-routiere-2017.jpg","keywords":["Bonus malus"],"articleSection":["Actualit\u00e9 automobile","Divers","L\u00e9gislation Automobile","March\u00e9 automobile"],"inLanguage":"fr-FR","potentialAction":[{"@type":"CommentAction","name":"Comment","target":["https:\/\/www.carideal.com\/blog\/2017\/01\/05\/legislation-auto-2017\/#respond"]}]},{"@type":"WebPage","@id":"https:\/\/www.carideal.com\/blog\/2017\/01\/05\/legislation-auto-2017\/","url":"https:\/\/www.carideal.com\/blog\/2017\/01\/05\/legislation-auto-2017\/","name":"L\u00e9gislation routi\u00e8re 2017 comment se faire manger - Blog auto Carid\u00e9al","isPartOf":{"@id":"https:\/\/www.carideal.com\/blog\/#website"},"primaryImageOfPage":{"@id":"https:\/\/www.carideal.com\/blog\/2017\/01\/05\/legislation-auto-2017\/#primaryimage"},"image":{"@id":"https:\/\/www.carideal.com\/blog\/2017\/01\/05\/legislation-auto-2017\/#primaryimage"},"thumbnailUrl":"https:\/\/www.carideal.com\/blog\/wp-content\/uploads\/2017\/01\/legislation-routiere-2017.jpg","datePublished":"2017-01-05T16:52:05+00:00","dateModified":"2024-04-06T18:18:26+00:00","description":"L\u00e9gislation routi\u00e8re 2017 - Une mise au point sur les dix nouveaut\u00e9s de l'ann\u00e9e 2017 avec une r\u00e8glementation routi\u00e8re encore plus dure","breadcrumb":{"@id":"https:\/\/www.carideal.com\/blog\/2017\/01\/05\/legislation-auto-2017\/#breadcrumb"},"inLanguage":"fr-FR","potentialAction":[{"@type":"ReadAction","target":["https:\/\/www.carideal.com\/blog\/2017\/01\/05\/legislation-auto-2017\/"]}]},{"@type":"ImageObject","inLanguage":"fr-FR","@id":"https:\/\/www.carideal.com\/blog\/2017\/01\/05\/legislation-auto-2017\/#primaryimage","url":"https:\/\/www.carideal.com\/blog\/wp-content\/uploads\/2017\/01\/legislation-routiere-2017.jpg","contentUrl":"https:\/\/www.carideal.com\/blog\/wp-content\/uploads\/2017\/01\/legislation-routiere-2017.jpg","width":1238,"height":593,"caption":"L\u00e9gislation routi\u00e8re 2017 comment se faire manger"},{"@type":"BreadcrumbList","@id":"https:\/\/www.carideal.com\/blog\/2017\/01\/05\/legislation-auto-2017\/#breadcrumb","itemListElement":[{"@type":"ListItem","position":1,"name":"Blog Carid\u00e9al","item":"https:\/\/www.carideal.com\/blog\/"},{"@type":"ListItem","position":2,"name":"Divers","item":"https:\/\/www.carideal.com\/blog\/divers\/"},{"@type":"ListItem","position":3,"name":"L\u00e9gislation Automobile","item":"https:\/\/www.carideal.com\/blog\/divers\/legislation\/"},{"@type":"ListItem","position":4,"name":"L\u00e9gislation routi\u00e8re 2017 comment se faire manger"}]},{"@type":"WebSite","@id":"https:\/\/www.carideal.com\/blog\/#website","url":"https:\/\/www.carideal.com\/blog\/","name":"Blog auto Carid\u00e9al","description":"Actualit\u00e9 auto par des passionn\u00e9s","publisher":{"@id":"https:\/\/www.carideal.com\/blog\/#organization"},"potentialAction":[{"@type":"SearchAction","target":{"@type":"EntryPoint","urlTemplate":"https:\/\/www.carideal.com\/blog\/?s={search_term_string}"},"query-input":{"@type":"PropertyValueSpecification","valueRequired":true,"valueName":"search_term_string"}}],"inLanguage":"fr-FR"},{"@type":"Organization","@id":"https:\/\/www.carideal.com\/blog\/#organization","name":"Carideal","url":"https:\/\/www.carideal.com\/blog\/","logo":{"@type":"ImageObject","inLanguage":"fr-FR","@id":"https:\/\/www.carideal.com\/blog\/#\/schema\/logo\/image\/","url":"http:\/\/www.carideal.com\/blog\/wp-content\/uploads\/2016\/03\/logo-carideal-mandataire-automobile.png","contentUrl":"http:\/\/www.carideal.com\/blog\/wp-content\/uploads\/2016\/03\/logo-carideal-mandataire-automobile.png","width":300,"height":300,"caption":"Carideal"},"image":{"@id":"https:\/\/www.carideal.com\/blog\/#\/schema\/logo\/image\/"},"sameAs":["https:\/\/www.facebook.com\/Carideal.mandataire.automobile","https:\/\/x.com\/caridealauto","https:\/\/www.instagram.com\/carideal1\/","https:\/\/www.linkedin.com\/company\/carideal.com","https:\/\/fr.pinterest.com\/schiavonsas\/","https:\/\/www.youtube.com\/user\/caridealsas"]},{"@type":"Person","@id":"https:\/\/www.carideal.com\/blog\/#\/schema\/person\/cd95dc7919660de90d31b366f85be1ec","name":"Nicolas SCHIAVON","image":{"@type":"ImageObject","inLanguage":"fr-FR","@id":"https:\/\/www.carideal.com\/blog\/#\/schema\/person\/image\/","url":"https:\/\/secure.gravatar.com\/avatar\/c17e55009e671d92cc7f5dc837dc418a?s=96&r=g","contentUrl":"https:\/\/secure.gravatar.com\/avatar\/c17e55009e671d92cc7f5dc837dc418a?s=96&r=g","caption":"Nicolas SCHIAVON"},"description":"Nicolas Schiavon est tomb\u00e9 tout petit dans la marmite automobile. Ayant eu un garage de marque automobile, mandataire automobile de la premi\u00e8re heure d\u00e8s 1999. Nicolas a cr\u00e9\u00e9 ces premiers sites de vente de voiture et blog automobile d\u00e8s 1994. Carideal est n\u00e9 le 15 d\u00e9cembre 2000 de la volont\u00e9 de vendre des voitures d'occasions en ligne puis des voitures neuves. Il a pu essayer beaucoup de voitures tr\u00e8s diff\u00e9rentes et ayant eu personnellement quelques belles autos, Subaru Impreza, Mitsubishi Lancer Evo 7, Porsche 911, Ferrari Testarrossa, Audi RS3, RS4 et j'en passe...","sameAs":["http:\/\/www.carideal.com","https:\/\/www.facebook.com\/nicolas.schiavon.39","https:\/\/www.instagram.com\/carideal1\/","https:\/\/www.linkedin.com\/in\/nschiavon\/","https:\/\/x.com\/caridealauto","https:\/\/www.youtube.com\/user\/caridealsas\/"],"url":"https:\/\/www.carideal.com\/blog\/author\/nschiavon\/"}]}},"uagb_featured_image_src":{"full":["https:\/\/www.carideal.com\/blog\/wp-content\/uploads\/2017\/01\/legislation-routiere-2017.jpg",1238,593,false],"thumbnail":["https:\/\/www.carideal.com\/blog\/wp-content\/uploads\/2017\/01\/legislation-routiere-2017-150x150.jpg",150,150,true],"medium":["https:\/\/www.carideal.com\/blog\/wp-content\/uploads\/2017\/01\/legislation-routiere-2017-300x144.jpg",300,144,true],"medium_large":["https:\/\/www.carideal.com\/blog\/wp-content\/uploads\/2017\/01\/legislation-routiere-2017-768x368.jpg",768,368,true],"large":["https:\/\/www.carideal.com\/blog\/wp-content\/uploads\/2017\/01\/legislation-routiere-2017-1024x490.jpg",1024,490,true],"1536x1536":["https:\/\/www.carideal.com\/blog\/wp-content\/uploads\/2017\/01\/legislation-routiere-2017.jpg",1238,593,false],"2048x2048":["https:\/\/www.carideal.com\/blog\/wp-content\/uploads\/2017\/01\/legislation-routiere-2017.jpg",1238,593,false],"wppr-widget":["https:\/\/www.carideal.com\/blog\/wp-content\/uploads\/2017\/01\/legislation-routiere-2017-50x24.jpg",50,24,true]},"uagb_author_info":{"display_name":"Nicolas SCHIAVON","author_link":"https:\/\/www.carideal.com\/blog\/author\/nschiavon\/"},"uagb_comment_info":0,"uagb_excerpt":"L\u00e9gislation routi\u00e8re\u00a02017 comment les automobilistes vont se faire manger LEGISLATION ROUTI\u00c9RE&nbsp;2017 - Une mise au point sur les dix nouveaut\u00e9s de l'ann\u00e9e 2017 avec une r\u00e8glementation routi\u00e8re encore plus dure et qui ne laissera aucune chance \u00e0 votre porte-monaie. Car il semble bien que c'est par l\u00e0 que le gouvernement veut passer une fois de\u2026","_links":{"self":[{"href":"https:\/\/www.carideal.com\/blog\/wp-json\/wp\/v2\/posts\/14579"}],"collection":[{"href":"https:\/\/www.carideal.com\/blog\/wp-json\/wp\/v2\/posts"}],"about":[{"href":"https:\/\/www.carideal.com\/blog\/wp-json\/wp\/v2\/types\/post"}],"author":[{"embeddable":true,"href":"https:\/\/www.carideal.com\/blog\/wp-json\/wp\/v2\/users\/3"}],"replies":[{"embeddable":true,"href":"https:\/\/www.carideal.com\/blog\/wp-json\/wp\/v2\/comments?post=14579"}],"version-history":[{"count":0,"href":"https:\/\/www.carideal.com\/blog\/wp-json\/wp\/v2\/posts\/14579\/revisions"}],"wp:featuredmedia":[{"embeddable":true,"href":"https:\/\/www.carideal.com\/blog\/wp-json\/wp\/v2\/media\/27883"}],"wp:attachment":[{"href":"https:\/\/www.carideal.com\/blog\/wp-json\/wp\/v2\/media?parent=14579"}],"wp:term":[{"taxonomy":"category","embeddable":true,"href":"https:\/\/www.carideal.com\/blog\/wp-json\/wp\/v2\/categories?post=14579"},{"taxonomy":"post_tag","embeddable":true,"href":"https:\/\/www.carideal.com\/blog\/wp-json\/wp\/v2\/tags?post=14579"}],"curies":[{"name":"wp","href":"https:\/\/api.w.org\/{rel}","templated":true}]}}