{"id":14548,"date":"2017-01-03T22:51:46","date_gmt":"2017-01-03T21:51:46","guid":{"rendered":"http:\/\/www.carideal.com\/blog\/?p=14548"},"modified":"2020-03-24T15:32:44","modified_gmt":"2020-03-24T14:32:44","slug":"loeb-gagne-la-deuxieme-etape-du-dakar-2017","status":"publish","type":"post","link":"https:\/\/www.carideal.com\/blog\/2017\/01\/03\/loeb-gagne-la-deuxieme-etape-du-dakar-2017\/","title":{"rendered":"Loeb gagne la deuxi\u00e8me \u00e9tape du Dakar 2017"},"content":{"rendered":"<h2>Loeb Gagne la deuxi\u00e8me \u00e9tape du Dakar 2017 et prend la t\u00eate du Dakar<\/h2>\n<p>La l\u00e9gende du\u00a0<a href=\"http:\/\/www.carideal.com\/blog\/sport-auto\/wrc\/\">WRC<\/a>, <a href=\"http:\/\/www.carideal.com\/blog\/tag\/sebastien-loeb\/\">S\u00e9bastien Loeb<\/a>, a remport\u00e9 la premi\u00e8re victoire de <a href=\"http:\/\/www.carideal.com\/blog\/marque-de-voiture-actualites-essais\/peugeot\/\">Peugeot<\/a> lors de la deuxi\u00e8me\u00a0\u00e9tape du\u00a0<a href=\"http:\/\/www.carideal.com\/blog\/tag\/dakar-2017\/\">Dakar 2017<\/a>, d\u00e9passant ainsi Nasser Al-Attiyah sur\u00a0Toyota au\u00a0le classement g\u00e9n\u00e9ral.<\/p>\n<figure id=\"attachment_14549\" aria-describedby=\"caption-attachment-14549\" style=\"width: 590px\" class=\"wp-caption alignnone\"><img loading=\"lazy\" decoding=\"async\" class=\"size-full wp-image-14549\" src=\"http:\/\/www.carideal.com\/blog\/wp-content\/uploads\/2017\/01\/loeb-gagne-la-deuxi\u00e8me-\u00e9tape-du-dakar-2017-e1585060311990.jpg\" alt=\"Sebastien Loeb remporte la deuxi\u00e8me \u00e9tape du Dakar 2017\" width=\"600\" height=\"400\" \/><figcaption id=\"caption-attachment-14549\" class=\"wp-caption-text\">Sebastien Loeb remporte la deuxi\u00e8me \u00e9tape du Dakar 2017<\/figcaption><\/figure>\n<p>Loeb, qui a termin\u00e9 sixi\u00e8me dans la <a href=\"http:\/\/www.carideal.com\/blog\/2017\/01\/03\/al-attiyah-remporte-la-premiere-etape-du-dakar-2017\/\">premi\u00e8re \u00e9tape du Dakar 2017<\/a>\u00a0de 39 km, lundi, \u00e9tait pessimiste sur les chances de la <a href=\"http:\/\/www.carideal.com\/blog\/2016\/09\/13\/peugeot-3008-dkr-a-lassaut-du-dakar-2017\/\">Peugeot 3008DKR<\/a> \u00e0 travers les sprints de style WRC \u00e0 la suite des changements de r\u00e8gles techniques pour la course de cette ann\u00e9e.<\/p>\n<p>Cependant, le Fran\u00e7ais s'est retrouv\u00e9 \u00e0 la t\u00eate de chaque division de la section chronom\u00e9tr\u00e9e de 275 km de cette l'\u00e9tape Resistencia - San Miguel de Tucuman et \u00e9tait \u00e0 1m23 s devant le second\u00a0sur\u00a0la ligne d'arriv\u00e9e pour la cinqui\u00e8me victoire de sa carri\u00e8re au <a href=\"http:\/\/www.carideal.com\/blog\/sport-auto\/dakar\/\">Dakar<\/a>.<\/p>\n<p>Al-Attiyah a r\u00e9ussi \u00e0 limiter ses pertes en terminant l'\u00e9tape en seconde position, le Qatari restant \u00e0 moins d'une demi-minute de Loeb. (28s)<\/p>\n<p>Leurs co\u00e9quipiers respectifs - <a href=\"http:\/\/www.carideal.com\/blog\/2020\/03\/24\/carlos-sainz-complete-la-dream-team-citroen-en-2003\/\">Carlos Sainz<\/a> sur\u00a0Peugeot et Giniel de Villiers de Toyota - ont \u00e9t\u00e9 \u00e9troitement assortis \u00e0 travers l'\u00e9tape, et sont maintenant positionn\u00e9s\u00a0\u00e0 environ deux minutes \u00e0 l'arri\u00e8re de la t\u00eate en troisi\u00e8me et quatri\u00e8me position.<\/p>\n<p>Nani Roma a mis\u00a0trois Toyota dans le top cinq, \u00e0 la fois dans l'\u00e9tape et au\u00a0classement g\u00e9n\u00e9ral.<\/p>\n<p>Les deux voitures restantes de Peugeot ont \u00e9t\u00e9 plus remarquablement en dehors du coup aujourd'hui, le champion en titre St\u00e9phane Peterhansel perdant\u00a0presque sept minutes et Cyril Despres en perdant plus de 10.<\/p>\n<p>En cons\u00e9quence, Peterhansel est maintenant en\u00a0septi\u00e8me position au classement G\u00e9neral, entre les deux Mini X-Raid de Yazeed Al-Rajhi et Mikko Hirvonen, tandis que Despres a chut\u00e9 \u00e0 la 11e place.<\/p>\n<p>L'ex pilote de WRC, Xevi Pons, qui a fait\u00a0une impressionnante seconde place lors de la premi\u00e8re \u00e9tape\u00a0avec la Ford Ranger du South Racing, n'a pas encore termin\u00e9 l'\u00e9tape, partant en tonneaux avec\u00a0sa voiture au d\u00e9but de la deuxi\u00e8me manche et perdu une roue plus tard.<\/p>\n<h2>Classement des voitures apr\u00e8s l'\u00e9tape 2:<\/h2>\n<div class=\"table-wrapper\">\n<table>\n<tbody>\n<tr>\n<th><strong>Pos.<\/strong><\/th>\n<th><strong>Driver\/Navigator<\/strong><\/th>\n<th><strong>Car<\/strong><\/th>\n<th><strong>Time\/Gap<\/strong><\/th>\n<\/tr>\n<tr>\n<td>1<\/td>\n<td>Sebastien Loeb<\/p>\n<p>Daniel Elena<\/td>\n<td>Peugeot<\/td>\n<td>2h33m31s<\/td>\n<\/tr>\n<tr>\n<td>2<\/td>\n<td>Nasser Al-Attiyah<\/p>\n<p>Mathieu Baumel<\/td>\n<td>Toyota<\/td>\n<td>+28s<\/td>\n<\/tr>\n<tr>\n<td>3<\/td>\n<td>Carlos Sainz<\/p>\n<p>Lucas Cruz<\/td>\n<td>Peugeot<\/td>\n<td>+1m56s<\/td>\n<\/tr>\n<tr>\n<td>4<\/td>\n<td>Giniel de Villiers<\/p>\n<p>Dirk von Zitzewitz<\/td>\n<td>Toyota<\/td>\n<td>+2m05s<\/td>\n<\/tr>\n<tr>\n<td>5<\/td>\n<td>Nani Roma<\/p>\n<p>Alex Haro<\/td>\n<td>Toyota<\/td>\n<td>+2m56s<\/td>\n<\/tr>\n<tr>\n<td>6<\/td>\n<td>Yazeed Al-Rajhi<\/p>\n<p>Timo Gottschalk<\/td>\n<td>Mini<\/td>\n<td>+5m12s<\/td>\n<\/tr>\n<tr>\n<td>7<\/td>\n<td>Stephane Peterhansel<\/p>\n<p>Jean-Paul Cottret<\/td>\n<td>Peugeot<\/td>\n<td>+7m26s<\/td>\n<\/tr>\n<tr>\n<td>8<\/td>\n<td>Mikko Hirvonen<\/p>\n<p>Michel Perin<\/td>\n<td>Mini<\/td>\n<td>+8m49s<\/td>\n<\/tr>\n<tr>\n<td>9<\/td>\n<td>Erik van Loon<\/p>\n<p>Wouter Rosegaar<\/td>\n<td>Toyota<\/td>\n<td>+9m36s<\/td>\n<\/tr>\n<tr>\n<td>10<\/td>\n<td>Romain Dumas<\/p>\n<p>Alain Guehennec<\/td>\n<td>Peugeot<\/td>\n<td>+9m58s<\/td>\n<\/tr>\n<\/tbody>\n<\/table>\n<\/div>\n<h2>Vid\u00e9o de la deuxi\u00e8me \u00e9tape du Dakar 2017<\/h2>\n<p><iframe loading=\"lazy\" src=\"https:\/\/www.youtube.com\/embed\/SoWQpmxko8s\" width=\"560\" height=\"315\" frameborder=\"0\" allowfullscreen=\"allowfullscreen\"><\/iframe><\/p>\n<p>Le r\u00e9sum\u00e9 de l'\u00e9tape<br \/>\n<iframe loading=\"lazy\" src=\"https:\/\/www.youtube.com\/embed\/VYr8In6FNl0\" width=\"560\" height=\"315\" frameborder=\"0\" allowfullscreen=\"allowfullscreen\"><\/iframe><\/p>\n","protected":false},"excerpt":{"rendered":"<p>Loeb Gagne la deuxi\u00e8me \u00e9tape du Dakar 2017 et prend la t\u00eate du Dakar La l\u00e9gende du\u00a0WRC, S\u00e9bastien Loeb, a remport\u00e9 la premi\u00e8re victoire de Peugeot lors de la deuxi\u00e8me\u00a0\u00e9tape du\u00a0Dakar 2017, d\u00e9passant ainsi Nasser Al-Attiyah sur\u00a0Toyota au\u00a0le classement g\u00e9n\u00e9ral. Loeb, qui a termin\u00e9 sixi\u00e8me dans la premi\u00e8re \u00e9tape du Dakar 2017\u00a0de 39 km, lundi, &#8230; <a title=\"Loeb gagne la deuxi\u00e8me \u00e9tape du Dakar 2017\" class=\"read-more\" href=\"https:\/\/www.carideal.com\/blog\/2017\/01\/03\/loeb-gagne-la-deuxieme-etape-du-dakar-2017\/\" aria-label=\"En savoir plus sur Loeb gagne la deuxi\u00e8me \u00e9tape du Dakar 2017\">Lire plus<\/a><\/p>\n","protected":false},"author":3,"featured_media":14549,"comment_status":"open","ping_status":"open","sticky":false,"template":"","format":"standard","meta":{"_uag_custom_page_level_css":"","_themeisle_gutenberg_block_has_review":false,"footnotes":""},"categories":[6043,16],"tags":[6199,1284],"class_list":["post-14548","post","type-post","status-publish","format-standard","has-post-thumbnail","hentry","category-dakar","category-sport-auto","tag-dakar-2017","tag-sebastien-loeb"],"wppr_data":{"cwp_meta_box_check":"No"},"yoast_head":"<!-- This site is optimized with the Yoast SEO plugin v24.8.1 - https:\/\/yoast.com\/wordpress\/plugins\/seo\/ -->\n<title>Loeb gagne la deuxi\u00e8me \u00e9tape du Dakar 2017 - Blog auto Carid\u00e9al<\/title>\n<meta name=\"description\" content=\"La l\u00e9gende du WRC, S\u00e9bastien Loeb, a remport\u00e9 la premi\u00e8re victoire de Peugeot lors de la deuxi\u00e8me \u00e9tape du Dakar 2017, d\u00e9passant ainsi Al-Attiyah\" \/>\n<meta name=\"robots\" content=\"index, follow, max-snippet:-1, max-image-preview:large, max-video-preview:-1\" \/>\n<link rel=\"canonical\" href=\"https:\/\/www.carideal.com\/blog\/2017\/01\/03\/loeb-gagne-la-deuxieme-etape-du-dakar-2017\/\" \/>\n<meta property=\"og:locale\" content=\"fr_FR\" \/>\n<meta property=\"og:type\" content=\"article\" \/>\n<meta property=\"og:title\" content=\"Loeb gagne la deuxi\u00e8me \u00e9tape du Dakar 2017 - Blog auto Carid\u00e9al\" \/>\n<meta property=\"og:description\" content=\"La l\u00e9gende du WRC, S\u00e9bastien Loeb, a remport\u00e9 la premi\u00e8re victoire de Peugeot lors de la deuxi\u00e8me \u00e9tape du Dakar 2017, d\u00e9passant ainsi Al-Attiyah\" \/>\n<meta property=\"og:url\" content=\"https:\/\/www.carideal.com\/blog\/2017\/01\/03\/loeb-gagne-la-deuxieme-etape-du-dakar-2017\/\" \/>\n<meta property=\"og:site_name\" content=\"Blog auto Carid\u00e9al\" \/>\n<meta property=\"article:publisher\" content=\"https:\/\/www.facebook.com\/Carideal.mandataire.automobile\" \/>\n<meta property=\"article:author\" content=\"https:\/\/www.facebook.com\/nicolas.schiavon.39\" \/>\n<meta property=\"article:published_time\" content=\"2017-01-03T21:51:46+00:00\" \/>\n<meta property=\"article:modified_time\" content=\"2020-03-24T14:32:44+00:00\" \/>\n<meta property=\"og:image\" content=\"https:\/\/www.carideal.com\/blog\/wp-content\/uploads\/2017\/01\/loeb-gagne-la-deuxi\u00e8me-\u00e9tape-du-dakar-2017-e1585060311990.jpg\" \/>\n\t<meta property=\"og:image:width\" content=\"600\" \/>\n\t<meta property=\"og:image:height\" content=\"400\" \/>\n\t<meta property=\"og:image:type\" content=\"image\/jpeg\" \/>\n<meta name=\"author\" content=\"Nicolas SCHIAVON\" \/>\n<meta name=\"twitter:card\" content=\"summary_large_image\" \/>\n<meta name=\"twitter:creator\" content=\"@caridealauto\" \/>\n<meta name=\"twitter:site\" content=\"@caridealauto\" \/>\n<meta name=\"twitter:label1\" content=\"\u00c9crit par\" \/>\n\t<meta name=\"twitter:data1\" content=\"Nicolas SCHIAVON\" \/>\n\t<meta name=\"twitter:label2\" content=\"Dur\u00e9e de lecture estim\u00e9e\" \/>\n\t<meta name=\"twitter:data2\" content=\"2 minutes\" \/>\n<script type=\"application\/ld+json\" class=\"yoast-schema-graph\">{\"@context\":\"https:\/\/schema.org\",\"@graph\":[{\"@type\":\"Article\",\"@id\":\"https:\/\/www.carideal.com\/blog\/2017\/01\/03\/loeb-gagne-la-deuxieme-etape-du-dakar-2017\/#article\",\"isPartOf\":{\"@id\":\"https:\/\/www.carideal.com\/blog\/2017\/01\/03\/loeb-gagne-la-deuxieme-etape-du-dakar-2017\/\"},\"author\":{\"name\":\"Nicolas SCHIAVON\",\"@id\":\"https:\/\/www.carideal.com\/blog\/#\/schema\/person\/cd95dc7919660de90d31b366f85be1ec\"},\"headline\":\"Loeb gagne la deuxi\u00e8me \u00e9tape du Dakar 2017\",\"datePublished\":\"2017-01-03T21:51:46+00:00\",\"dateModified\":\"2020-03-24T14:32:44+00:00\",\"mainEntityOfPage\":{\"@id\":\"https:\/\/www.carideal.com\/blog\/2017\/01\/03\/loeb-gagne-la-deuxieme-etape-du-dakar-2017\/\"},\"wordCount\":482,\"commentCount\":0,\"publisher\":{\"@id\":\"https:\/\/www.carideal.com\/blog\/#organization\"},\"image\":{\"@id\":\"https:\/\/www.carideal.com\/blog\/2017\/01\/03\/loeb-gagne-la-deuxieme-etape-du-dakar-2017\/#primaryimage\"},\"thumbnailUrl\":\"https:\/\/www.carideal.com\/blog\/wp-content\/uploads\/2017\/01\/loeb-gagne-la-deuxi\u00e8me-\u00e9tape-du-dakar-2017-e1585060311990.jpg\",\"keywords\":[\"Dakar 2017\",\"Sebastien Loeb Champion du monde\"],\"articleSection\":[\"Rallye Dakar\",\"Sport Automobile\"],\"inLanguage\":\"fr-FR\",\"potentialAction\":[{\"@type\":\"CommentAction\",\"name\":\"Comment\",\"target\":[\"https:\/\/www.carideal.com\/blog\/2017\/01\/03\/loeb-gagne-la-deuxieme-etape-du-dakar-2017\/#respond\"]}]},{\"@type\":\"WebPage\",\"@id\":\"https:\/\/www.carideal.com\/blog\/2017\/01\/03\/loeb-gagne-la-deuxieme-etape-du-dakar-2017\/\",\"url\":\"https:\/\/www.carideal.com\/blog\/2017\/01\/03\/loeb-gagne-la-deuxieme-etape-du-dakar-2017\/\",\"name\":\"Loeb gagne la deuxi\u00e8me \u00e9tape du Dakar 2017 - Blog auto Carid\u00e9al\",\"isPartOf\":{\"@id\":\"https:\/\/www.carideal.com\/blog\/#website\"},\"primaryImageOfPage\":{\"@id\":\"https:\/\/www.carideal.com\/blog\/2017\/01\/03\/loeb-gagne-la-deuxieme-etape-du-dakar-2017\/#primaryimage\"},\"image\":{\"@id\":\"https:\/\/www.carideal.com\/blog\/2017\/01\/03\/loeb-gagne-la-deuxieme-etape-du-dakar-2017\/#primaryimage\"},\"thumbnailUrl\":\"https:\/\/www.carideal.com\/blog\/wp-content\/uploads\/2017\/01\/loeb-gagne-la-deuxi\u00e8me-\u00e9tape-du-dakar-2017-e1585060311990.jpg\",\"datePublished\":\"2017-01-03T21:51:46+00:00\",\"dateModified\":\"2020-03-24T14:32:44+00:00\",\"description\":\"La l\u00e9gende du WRC, S\u00e9bastien Loeb, a remport\u00e9 la premi\u00e8re victoire de Peugeot lors de la deuxi\u00e8me \u00e9tape du Dakar 2017, d\u00e9passant ainsi Al-Attiyah\",\"breadcrumb\":{\"@id\":\"https:\/\/www.carideal.com\/blog\/2017\/01\/03\/loeb-gagne-la-deuxieme-etape-du-dakar-2017\/#breadcrumb\"},\"inLanguage\":\"fr-FR\",\"potentialAction\":[{\"@type\":\"ReadAction\",\"target\":[\"https:\/\/www.carideal.com\/blog\/2017\/01\/03\/loeb-gagne-la-deuxieme-etape-du-dakar-2017\/\"]}]},{\"@type\":\"ImageObject\",\"inLanguage\":\"fr-FR\",\"@id\":\"https:\/\/www.carideal.com\/blog\/2017\/01\/03\/loeb-gagne-la-deuxieme-etape-du-dakar-2017\/#primaryimage\",\"url\":\"https:\/\/www.carideal.com\/blog\/wp-content\/uploads\/2017\/01\/loeb-gagne-la-deuxi\u00e8me-\u00e9tape-du-dakar-2017-e1585060311990.jpg\",\"contentUrl\":\"https:\/\/www.carideal.com\/blog\/wp-content\/uploads\/2017\/01\/loeb-gagne-la-deuxi\u00e8me-\u00e9tape-du-dakar-2017-e1585060311990.jpg\",\"width\":600,\"height\":400,\"caption\":\"Sebastien Loeb remporte la deuxi\u00e8me \u00e9tape du Dakar 2017\"},{\"@type\":\"BreadcrumbList\",\"@id\":\"https:\/\/www.carideal.com\/blog\/2017\/01\/03\/loeb-gagne-la-deuxieme-etape-du-dakar-2017\/#breadcrumb\",\"itemListElement\":[{\"@type\":\"ListItem\",\"position\":1,\"name\":\"Blog Carid\u00e9al\",\"item\":\"https:\/\/www.carideal.com\/blog\/\"},{\"@type\":\"ListItem\",\"position\":2,\"name\":\"Sport Automobile\",\"item\":\"https:\/\/www.carideal.com\/blog\/sport-auto\/\"},{\"@type\":\"ListItem\",\"position\":3,\"name\":\"Rallye Dakar\",\"item\":\"https:\/\/www.carideal.com\/blog\/sport-auto\/dakar\/\"},{\"@type\":\"ListItem\",\"position\":4,\"name\":\"Loeb gagne la deuxi\u00e8me \u00e9tape du Dakar 2017\"}]},{\"@type\":\"WebSite\",\"@id\":\"https:\/\/www.carideal.com\/blog\/#website\",\"url\":\"https:\/\/www.carideal.com\/blog\/\",\"name\":\"Blog auto Carid\u00e9al\",\"description\":\"Actualit\u00e9 auto par des passionn\u00e9s\",\"publisher\":{\"@id\":\"https:\/\/www.carideal.com\/blog\/#organization\"},\"potentialAction\":[{\"@type\":\"SearchAction\",\"target\":{\"@type\":\"EntryPoint\",\"urlTemplate\":\"https:\/\/www.carideal.com\/blog\/?s={search_term_string}\"},\"query-input\":{\"@type\":\"PropertyValueSpecification\",\"valueRequired\":true,\"valueName\":\"search_term_string\"}}],\"inLanguage\":\"fr-FR\"},{\"@type\":\"Organization\",\"@id\":\"https:\/\/www.carideal.com\/blog\/#organization\",\"name\":\"Carideal\",\"url\":\"https:\/\/www.carideal.com\/blog\/\",\"logo\":{\"@type\":\"ImageObject\",\"inLanguage\":\"fr-FR\",\"@id\":\"https:\/\/www.carideal.com\/blog\/#\/schema\/logo\/image\/\",\"url\":\"http:\/\/www.carideal.com\/blog\/wp-content\/uploads\/2016\/03\/logo-carideal-mandataire-automobile.png\",\"contentUrl\":\"http:\/\/www.carideal.com\/blog\/wp-content\/uploads\/2016\/03\/logo-carideal-mandataire-automobile.png\",\"width\":300,\"height\":300,\"caption\":\"Carideal\"},\"image\":{\"@id\":\"https:\/\/www.carideal.com\/blog\/#\/schema\/logo\/image\/\"},\"sameAs\":[\"https:\/\/www.facebook.com\/Carideal.mandataire.automobile\",\"https:\/\/x.com\/caridealauto\",\"https:\/\/www.instagram.com\/carideal1\/\",\"https:\/\/www.linkedin.com\/company\/carideal.com\",\"https:\/\/fr.pinterest.com\/schiavonsas\/\",\"https:\/\/www.youtube.com\/user\/caridealsas\"]},{\"@type\":\"Person\",\"@id\":\"https:\/\/www.carideal.com\/blog\/#\/schema\/person\/cd95dc7919660de90d31b366f85be1ec\",\"name\":\"Nicolas SCHIAVON\",\"image\":{\"@type\":\"ImageObject\",\"inLanguage\":\"fr-FR\",\"@id\":\"https:\/\/www.carideal.com\/blog\/#\/schema\/person\/image\/\",\"url\":\"https:\/\/secure.gravatar.com\/avatar\/c17e55009e671d92cc7f5dc837dc418a?s=96&r=g\",\"contentUrl\":\"https:\/\/secure.gravatar.com\/avatar\/c17e55009e671d92cc7f5dc837dc418a?s=96&r=g\",\"caption\":\"Nicolas SCHIAVON\"},\"description\":\"Nicolas Schiavon est tomb\u00e9 tout petit dans la marmite automobile. Ayant eu un garage de marque automobile, mandataire automobile de la premi\u00e8re heure d\u00e8s 1999. Nicolas a cr\u00e9\u00e9 ces premiers sites de vente de voiture et blog automobile d\u00e8s 1994. Carideal est n\u00e9 le 15 d\u00e9cembre 2000 de la volont\u00e9 de vendre des voitures d'occasions en ligne puis des voitures neuves. Il a pu essayer beaucoup de voitures tr\u00e8s diff\u00e9rentes et ayant eu personnellement quelques belles autos, Subaru Impreza, Mitsubishi Lancer Evo 7, Porsche 911, Ferrari Testarrossa, Audi RS3, RS4 et j'en passe...\",\"sameAs\":[\"http:\/\/www.carideal.com\",\"https:\/\/www.facebook.com\/nicolas.schiavon.39\",\"https:\/\/www.instagram.com\/carideal1\/\",\"https:\/\/www.linkedin.com\/in\/nschiavon\/\",\"https:\/\/x.com\/caridealauto\",\"https:\/\/www.youtube.com\/user\/caridealsas\/\"],\"url\":\"https:\/\/www.carideal.com\/blog\/author\/nschiavon\/\"}]}<\/script>\n<!-- \/ Yoast SEO plugin. -->","yoast_head_json":{"title":"Loeb gagne la deuxi\u00e8me \u00e9tape du Dakar 2017 - Blog auto Carid\u00e9al","description":"La l\u00e9gende du WRC, S\u00e9bastien Loeb, a remport\u00e9 la premi\u00e8re victoire de Peugeot lors de la deuxi\u00e8me \u00e9tape du Dakar 2017, d\u00e9passant ainsi Al-Attiyah","robots":{"index":"index","follow":"follow","max-snippet":"max-snippet:-1","max-image-preview":"max-image-preview:large","max-video-preview":"max-video-preview:-1"},"canonical":"https:\/\/www.carideal.com\/blog\/2017\/01\/03\/loeb-gagne-la-deuxieme-etape-du-dakar-2017\/","og_locale":"fr_FR","og_type":"article","og_title":"Loeb gagne la deuxi\u00e8me \u00e9tape du Dakar 2017 - Blog auto Carid\u00e9al","og_description":"La l\u00e9gende du WRC, S\u00e9bastien Loeb, a remport\u00e9 la premi\u00e8re victoire de Peugeot lors de la deuxi\u00e8me \u00e9tape du Dakar 2017, d\u00e9passant ainsi Al-Attiyah","og_url":"https:\/\/www.carideal.com\/blog\/2017\/01\/03\/loeb-gagne-la-deuxieme-etape-du-dakar-2017\/","og_site_name":"Blog auto Carid\u00e9al","article_publisher":"https:\/\/www.facebook.com\/Carideal.mandataire.automobile","article_author":"https:\/\/www.facebook.com\/nicolas.schiavon.39","article_published_time":"2017-01-03T21:51:46+00:00","article_modified_time":"2020-03-24T14:32:44+00:00","og_image":[{"width":600,"height":400,"url":"https:\/\/www.carideal.com\/blog\/wp-content\/uploads\/2017\/01\/loeb-gagne-la-deuxi\u00e8me-\u00e9tape-du-dakar-2017-e1585060311990.jpg","type":"image\/jpeg"}],"author":"Nicolas SCHIAVON","twitter_card":"summary_large_image","twitter_creator":"@caridealauto","twitter_site":"@caridealauto","twitter_misc":{"\u00c9crit par":"Nicolas SCHIAVON","Dur\u00e9e de lecture estim\u00e9e":"2 minutes"},"schema":{"@context":"https:\/\/schema.org","@graph":[{"@type":"Article","@id":"https:\/\/www.carideal.com\/blog\/2017\/01\/03\/loeb-gagne-la-deuxieme-etape-du-dakar-2017\/#article","isPartOf":{"@id":"https:\/\/www.carideal.com\/blog\/2017\/01\/03\/loeb-gagne-la-deuxieme-etape-du-dakar-2017\/"},"author":{"name":"Nicolas SCHIAVON","@id":"https:\/\/www.carideal.com\/blog\/#\/schema\/person\/cd95dc7919660de90d31b366f85be1ec"},"headline":"Loeb gagne la deuxi\u00e8me \u00e9tape du Dakar 2017","datePublished":"2017-01-03T21:51:46+00:00","dateModified":"2020-03-24T14:32:44+00:00","mainEntityOfPage":{"@id":"https:\/\/www.carideal.com\/blog\/2017\/01\/03\/loeb-gagne-la-deuxieme-etape-du-dakar-2017\/"},"wordCount":482,"commentCount":0,"publisher":{"@id":"https:\/\/www.carideal.com\/blog\/#organization"},"image":{"@id":"https:\/\/www.carideal.com\/blog\/2017\/01\/03\/loeb-gagne-la-deuxieme-etape-du-dakar-2017\/#primaryimage"},"thumbnailUrl":"https:\/\/www.carideal.com\/blog\/wp-content\/uploads\/2017\/01\/loeb-gagne-la-deuxi\u00e8me-\u00e9tape-du-dakar-2017-e1585060311990.jpg","keywords":["Dakar 2017","Sebastien Loeb Champion du monde"],"articleSection":["Rallye Dakar","Sport Automobile"],"inLanguage":"fr-FR","potentialAction":[{"@type":"CommentAction","name":"Comment","target":["https:\/\/www.carideal.com\/blog\/2017\/01\/03\/loeb-gagne-la-deuxieme-etape-du-dakar-2017\/#respond"]}]},{"@type":"WebPage","@id":"https:\/\/www.carideal.com\/blog\/2017\/01\/03\/loeb-gagne-la-deuxieme-etape-du-dakar-2017\/","url":"https:\/\/www.carideal.com\/blog\/2017\/01\/03\/loeb-gagne-la-deuxieme-etape-du-dakar-2017\/","name":"Loeb gagne la deuxi\u00e8me \u00e9tape du Dakar 2017 - Blog auto Carid\u00e9al","isPartOf":{"@id":"https:\/\/www.carideal.com\/blog\/#website"},"primaryImageOfPage":{"@id":"https:\/\/www.carideal.com\/blog\/2017\/01\/03\/loeb-gagne-la-deuxieme-etape-du-dakar-2017\/#primaryimage"},"image":{"@id":"https:\/\/www.carideal.com\/blog\/2017\/01\/03\/loeb-gagne-la-deuxieme-etape-du-dakar-2017\/#primaryimage"},"thumbnailUrl":"https:\/\/www.carideal.com\/blog\/wp-content\/uploads\/2017\/01\/loeb-gagne-la-deuxi\u00e8me-\u00e9tape-du-dakar-2017-e1585060311990.jpg","datePublished":"2017-01-03T21:51:46+00:00","dateModified":"2020-03-24T14:32:44+00:00","description":"La l\u00e9gende du WRC, S\u00e9bastien Loeb, a remport\u00e9 la premi\u00e8re victoire de Peugeot lors de la deuxi\u00e8me \u00e9tape du Dakar 2017, d\u00e9passant ainsi Al-Attiyah","breadcrumb":{"@id":"https:\/\/www.carideal.com\/blog\/2017\/01\/03\/loeb-gagne-la-deuxieme-etape-du-dakar-2017\/#breadcrumb"},"inLanguage":"fr-FR","potentialAction":[{"@type":"ReadAction","target":["https:\/\/www.carideal.com\/blog\/2017\/01\/03\/loeb-gagne-la-deuxieme-etape-du-dakar-2017\/"]}]},{"@type":"ImageObject","inLanguage":"fr-FR","@id":"https:\/\/www.carideal.com\/blog\/2017\/01\/03\/loeb-gagne-la-deuxieme-etape-du-dakar-2017\/#primaryimage","url":"https:\/\/www.carideal.com\/blog\/wp-content\/uploads\/2017\/01\/loeb-gagne-la-deuxi\u00e8me-\u00e9tape-du-dakar-2017-e1585060311990.jpg","contentUrl":"https:\/\/www.carideal.com\/blog\/wp-content\/uploads\/2017\/01\/loeb-gagne-la-deuxi\u00e8me-\u00e9tape-du-dakar-2017-e1585060311990.jpg","width":600,"height":400,"caption":"Sebastien Loeb remporte la deuxi\u00e8me \u00e9tape du Dakar 2017"},{"@type":"BreadcrumbList","@id":"https:\/\/www.carideal.com\/blog\/2017\/01\/03\/loeb-gagne-la-deuxieme-etape-du-dakar-2017\/#breadcrumb","itemListElement":[{"@type":"ListItem","position":1,"name":"Blog Carid\u00e9al","item":"https:\/\/www.carideal.com\/blog\/"},{"@type":"ListItem","position":2,"name":"Sport Automobile","item":"https:\/\/www.carideal.com\/blog\/sport-auto\/"},{"@type":"ListItem","position":3,"name":"Rallye Dakar","item":"https:\/\/www.carideal.com\/blog\/sport-auto\/dakar\/"},{"@type":"ListItem","position":4,"name":"Loeb gagne la deuxi\u00e8me \u00e9tape du Dakar 2017"}]},{"@type":"WebSite","@id":"https:\/\/www.carideal.com\/blog\/#website","url":"https:\/\/www.carideal.com\/blog\/","name":"Blog auto Carid\u00e9al","description":"Actualit\u00e9 auto par des passionn\u00e9s","publisher":{"@id":"https:\/\/www.carideal.com\/blog\/#organization"},"potentialAction":[{"@type":"SearchAction","target":{"@type":"EntryPoint","urlTemplate":"https:\/\/www.carideal.com\/blog\/?s={search_term_string}"},"query-input":{"@type":"PropertyValueSpecification","valueRequired":true,"valueName":"search_term_string"}}],"inLanguage":"fr-FR"},{"@type":"Organization","@id":"https:\/\/www.carideal.com\/blog\/#organization","name":"Carideal","url":"https:\/\/www.carideal.com\/blog\/","logo":{"@type":"ImageObject","inLanguage":"fr-FR","@id":"https:\/\/www.carideal.com\/blog\/#\/schema\/logo\/image\/","url":"http:\/\/www.carideal.com\/blog\/wp-content\/uploads\/2016\/03\/logo-carideal-mandataire-automobile.png","contentUrl":"http:\/\/www.carideal.com\/blog\/wp-content\/uploads\/2016\/03\/logo-carideal-mandataire-automobile.png","width":300,"height":300,"caption":"Carideal"},"image":{"@id":"https:\/\/www.carideal.com\/blog\/#\/schema\/logo\/image\/"},"sameAs":["https:\/\/www.facebook.com\/Carideal.mandataire.automobile","https:\/\/x.com\/caridealauto","https:\/\/www.instagram.com\/carideal1\/","https:\/\/www.linkedin.com\/company\/carideal.com","https:\/\/fr.pinterest.com\/schiavonsas\/","https:\/\/www.youtube.com\/user\/caridealsas"]},{"@type":"Person","@id":"https:\/\/www.carideal.com\/blog\/#\/schema\/person\/cd95dc7919660de90d31b366f85be1ec","name":"Nicolas SCHIAVON","image":{"@type":"ImageObject","inLanguage":"fr-FR","@id":"https:\/\/www.carideal.com\/blog\/#\/schema\/person\/image\/","url":"https:\/\/secure.gravatar.com\/avatar\/c17e55009e671d92cc7f5dc837dc418a?s=96&r=g","contentUrl":"https:\/\/secure.gravatar.com\/avatar\/c17e55009e671d92cc7f5dc837dc418a?s=96&r=g","caption":"Nicolas SCHIAVON"},"description":"Nicolas Schiavon est tomb\u00e9 tout petit dans la marmite automobile. Ayant eu un garage de marque automobile, mandataire automobile de la premi\u00e8re heure d\u00e8s 1999. Nicolas a cr\u00e9\u00e9 ces premiers sites de vente de voiture et blog automobile d\u00e8s 1994. Carideal est n\u00e9 le 15 d\u00e9cembre 2000 de la volont\u00e9 de vendre des voitures d'occasions en ligne puis des voitures neuves. Il a pu essayer beaucoup de voitures tr\u00e8s diff\u00e9rentes et ayant eu personnellement quelques belles autos, Subaru Impreza, Mitsubishi Lancer Evo 7, Porsche 911, Ferrari Testarrossa, Audi RS3, RS4 et j'en passe...","sameAs":["http:\/\/www.carideal.com","https:\/\/www.facebook.com\/nicolas.schiavon.39","https:\/\/www.instagram.com\/carideal1\/","https:\/\/www.linkedin.com\/in\/nschiavon\/","https:\/\/x.com\/caridealauto","https:\/\/www.youtube.com\/user\/caridealsas\/"],"url":"https:\/\/www.carideal.com\/blog\/author\/nschiavon\/"}]}},"uagb_featured_image_src":{"full":["https:\/\/www.carideal.com\/blog\/wp-content\/uploads\/2017\/01\/loeb-gagne-la-deuxi\u00e8me-\u00e9tape-du-dakar-2017-e1585060311990.jpg",600,400,false],"thumbnail":["https:\/\/www.carideal.com\/blog\/wp-content\/uploads\/2017\/01\/loeb-gagne-la-deuxi\u00e8me-\u00e9tape-du-dakar-2017-150x150.jpg",150,150,true],"medium":["https:\/\/www.carideal.com\/blog\/wp-content\/uploads\/2017\/01\/loeb-gagne-la-deuxi\u00e8me-\u00e9tape-du-dakar-2017-300x200.jpg",300,200,true],"medium_large":["https:\/\/www.carideal.com\/blog\/wp-content\/uploads\/2017\/01\/loeb-gagne-la-deuxi\u00e8me-\u00e9tape-du-dakar-2017-768x512.jpg",768,512,true],"large":["https:\/\/www.carideal.com\/blog\/wp-content\/uploads\/2017\/01\/loeb-gagne-la-deuxi\u00e8me-\u00e9tape-du-dakar-2017-1024x682.jpg",1024,682,true],"1536x1536":["https:\/\/www.carideal.com\/blog\/wp-content\/uploads\/2017\/01\/loeb-gagne-la-deuxi\u00e8me-\u00e9tape-du-dakar-2017-e1585060311990.jpg",600,400,false],"2048x2048":["https:\/\/www.carideal.com\/blog\/wp-content\/uploads\/2017\/01\/loeb-gagne-la-deuxi\u00e8me-\u00e9tape-du-dakar-2017-e1585060311990.jpg",600,400,false],"wppr-widget":["https:\/\/www.carideal.com\/blog\/wp-content\/uploads\/2017\/01\/loeb-gagne-la-deuxi\u00e8me-\u00e9tape-du-dakar-2017-e1585060311990.jpg",50,33,false]},"uagb_author_info":{"display_name":"Nicolas SCHIAVON","author_link":"https:\/\/www.carideal.com\/blog\/author\/nschiavon\/"},"uagb_comment_info":0,"uagb_excerpt":"Loeb Gagne la deuxi\u00e8me \u00e9tape du Dakar 2017 et prend la t\u00eate du Dakar La l\u00e9gende du\u00a0WRC, S\u00e9bastien Loeb, a remport\u00e9 la premi\u00e8re victoire de Peugeot lors de la deuxi\u00e8me\u00a0\u00e9tape du\u00a0Dakar 2017, d\u00e9passant ainsi Nasser Al-Attiyah sur\u00a0Toyota au\u00a0le classement g\u00e9n\u00e9ral. Loeb, qui a termin\u00e9 sixi\u00e8me dans la premi\u00e8re \u00e9tape du Dakar 2017\u00a0de 39 km, lundi,\u2026","_links":{"self":[{"href":"https:\/\/www.carideal.com\/blog\/wp-json\/wp\/v2\/posts\/14548"}],"collection":[{"href":"https:\/\/www.carideal.com\/blog\/wp-json\/wp\/v2\/posts"}],"about":[{"href":"https:\/\/www.carideal.com\/blog\/wp-json\/wp\/v2\/types\/post"}],"author":[{"embeddable":true,"href":"https:\/\/www.carideal.com\/blog\/wp-json\/wp\/v2\/users\/3"}],"replies":[{"embeddable":true,"href":"https:\/\/www.carideal.com\/blog\/wp-json\/wp\/v2\/comments?post=14548"}],"version-history":[{"count":0,"href":"https:\/\/www.carideal.com\/blog\/wp-json\/wp\/v2\/posts\/14548\/revisions"}],"wp:featuredmedia":[{"embeddable":true,"href":"https:\/\/www.carideal.com\/blog\/wp-json\/wp\/v2\/media\/14549"}],"wp:attachment":[{"href":"https:\/\/www.carideal.com\/blog\/wp-json\/wp\/v2\/media?parent=14548"}],"wp:term":[{"taxonomy":"category","embeddable":true,"href":"https:\/\/www.carideal.com\/blog\/wp-json\/wp\/v2\/categories?post=14548"},{"taxonomy":"post_tag","embeddable":true,"href":"https:\/\/www.carideal.com\/blog\/wp-json\/wp\/v2\/tags?post=14548"}],"curies":[{"name":"wp","href":"https:\/\/api.w.org\/{rel}","templated":true}]}}