{"id":14503,"date":"2016-12-31T09:28:30","date_gmt":"2016-12-31T08:28:30","guid":{"rendered":"http:\/\/www.carideal.com\/blog\/?p=14503"},"modified":"2020-03-20T09:58:43","modified_gmt":"2020-03-20T08:58:43","slug":"hubert-auriol-premier-gagne-dakar-moto-auto","status":"publish","type":"post","link":"https:\/\/www.carideal.com\/blog\/2016\/12\/31\/hubert-auriol-premier-gagne-dakar-moto-auto\/","title":{"rendered":"Hubert Auriol : le premier a gagner le Dakar en Moto et Auto"},"content":{"rendered":"<h2>Hubert Auriol est le premier a avoir gagn\u00e9 le Dakar en Moto puis en Auto<\/h2>\n<figure id=\"attachment_14504\" aria-describedby=\"caption-attachment-14504\" style=\"width: 190px\" class=\"wp-caption alignleft\"><img loading=\"lazy\" decoding=\"async\" class=\"wp-image-14504 size-full\" title=\"Hubert Auriol a tout connu sur le Dakar : comme motard, pilote puis directeur de l'\u00e9preuve de 1995 \u00e0 2004\" src=\"http:\/\/www.carideal.com\/blog\/wp-content\/uploads\/2016\/12\/hubert-auriol-dakar.jpg\" alt=\"Hubert Auriol a tout connu sur le Dakar : comme motard, pilote puis directeur de l'\u00e9preuve de 1995 \u00e0 2004\" width=\"200\" height=\"308\" srcset=\"https:\/\/www.carideal.com\/blog\/wp-content\/uploads\/2016\/12\/hubert-auriol-dakar.jpg 200w, https:\/\/www.carideal.com\/blog\/wp-content\/uploads\/2016\/12\/hubert-auriol-dakar-195x300.jpg 195w, https:\/\/www.carideal.com\/blog\/wp-content\/uploads\/2016\/12\/hubert-auriol-dakar-71x110.jpg 71w, https:\/\/www.carideal.com\/blog\/wp-content\/uploads\/2016\/12\/hubert-auriol-dakar-32x50.jpg 32w\" sizes=\"(max-width: 200px) 100vw, 200px\" \/><figcaption id=\"caption-attachment-14504\" class=\"wp-caption-text\">Hubert Auriol a tout connu sur le Dakar : comme motard, pilote puis directeur de l'\u00e9preuve de 1995 \u00e0 2004<\/figcaption><\/figure>\n<p><strong>Hubert Auriol<\/strong> est n\u00e9 le 7 juin 1952 de nationalit\u00e9 fran\u00e7aise \u00e0 Addis-Abeba en Ethiopie. \"L'Africain\" tel est le surnom de ce h\u00e9ros du Dakar. Il se lance tout d'abord dans des comp\u00e9titions de Trial puis participe la premi\u00e8re fois au premier Paris Dakar en 1979 au guidon d'une moto Yamaha 500 XT. Il termine septi\u00e8me du classement moto et 12\u00b0 du classement g\u00e9n\u00e9ral. Il remporte le Dakar deux fois en Moto en 1981 et 1983 au guidon d'une <a href=\"http:\/\/www.carideal.com\/blog\/marque-de-voiture-actualites-essais\/bmw\/\">BMW<\/a>.<br \/>\nPuis en 1987 c'est l'accident grave sur une Cagiva, Hubert Auriol percute violemment un arbre, apr\u00e8s pris un virage trop vite, au cours de l'avant-derni\u00e8re \u00e9tape, mais il franchit la ligne d'arriv\u00e9e malgr\u00e9 ses fractures ouvertes aux chevilles. D'autres auraient renonc\u00e9s, ou ne seraient pas ressorti vivant, mais pas lui !<br \/>\nCinq ans plus tard Hubert Auriol&nbsp;revient en auto cette fois au volant d'une Mitsubishi et remporte encore le <a href=\"http:\/\/www.carideal.com\/blog\/sport-auto\/dakar\/\">Dakar<\/a> avec 5' d'avance sur son poursuivant Weber.<\/p>\n<h2><strong>Hubert Auriol&nbsp;devient alors le premier concurrent \u00e0 inscrire son nom au palmar\u00e8s des cat\u00e9gories auto et moto.<\/strong><\/h2>\n<figure id=\"attachment_14505\" aria-describedby=\"caption-attachment-14505\" style=\"width: 460px\" class=\"wp-caption aligncenter\"><img loading=\"lazy\" decoding=\"async\" class=\"wp-image-14505 size-full\" src=\"http:\/\/www.carideal.com\/blog\/wp-content\/uploads\/2016\/12\/hubert-auriol-citroen-zx-dakar.jpg\" alt=\"Paris Dakar 2003 : quelques mois seulement apr\u00e8s avoir rejoint Citroen, Hubert auriol monte sur la troisi\u00e8me marche du podium avec Gilles Picard \u00e0 ses cot\u00e9s. La ZX Rallye Raid est entr\u00e9e dans la l\u00e9gende des rallyes tout terrain.\" width=\"470\" height=\"300\" srcset=\"https:\/\/www.carideal.com\/blog\/wp-content\/uploads\/2016\/12\/hubert-auriol-citroen-zx-dakar.jpg 470w, https:\/\/www.carideal.com\/blog\/wp-content\/uploads\/2016\/12\/hubert-auriol-citroen-zx-dakar-300x191.jpg 300w, https:\/\/www.carideal.com\/blog\/wp-content\/uploads\/2016\/12\/hubert-auriol-citroen-zx-dakar-110x70.jpg 110w, https:\/\/www.carideal.com\/blog\/wp-content\/uploads\/2016\/12\/hubert-auriol-citroen-zx-dakar-420x268.jpg 420w, https:\/\/www.carideal.com\/blog\/wp-content\/uploads\/2016\/12\/hubert-auriol-citroen-zx-dakar-50x32.jpg 50w\" sizes=\"(max-width: 470px) 100vw, 470px\" \/><figcaption id=\"caption-attachment-14505\" class=\"wp-caption-text\">Paris Dakar 2003 : quelques mois seulement apr\u00e8s avoir rejoint Citro\u00ebn, Hubert Auriol monte sur la troisi\u00e8me marche du podium avec Gilles Picard \u00e0 ses c\u00f4t\u00e9s. La ZX Rallye Raid est entr\u00e9e dans la l\u00e9gende des rallyes tout terrain.<\/figcaption><\/figure>\n<p>Il devient alors le premier concurrent \u00e0 gagner en Auto et \u00e0 moto.<\/p>\n<p>Hubert Auriol&nbsp;devient alors Pilote <a href=\"http:\/\/www.carideal.com\/blog\/marque-de-voiture-actualites-essais\/citroen\/\">Citro\u00ebn<\/a> et commence par le Rallye des Pharaons puis revient au Dakar avec son copilote Gilles Picard en 1993 qu'ils finissent \u00e0 la troisi\u00e8me place et deuxi\u00e8me l'ann\u00e9e suivante en 1994. Ils finiront aussi troisi\u00e8mes du rallye de l'Atlas.<\/p>\n<p>Il deviendra directeur de l'\u00e9preuve du Dakar de 1995 \u00e0 2004.<\/p>\n","protected":false},"excerpt":{"rendered":"<p>Hubert Auriol est le premier a avoir gagn\u00e9 le Dakar en Moto puis en Auto Hubert Auriol est n\u00e9 le 7 juin 1952 de nationalit\u00e9 fran\u00e7aise \u00e0 Addis-Abeba en Ethiopie. \u00ab\u00a0L&rsquo;Africain\u00a0\u00bb tel est le surnom de ce h\u00e9ros du Dakar. Il se lance tout d&rsquo;abord dans des comp\u00e9titions de Trial puis participe la premi\u00e8re fois &#8230; <a title=\"Hubert Auriol : le premier a gagner le Dakar en Moto et Auto\" class=\"read-more\" href=\"https:\/\/www.carideal.com\/blog\/2016\/12\/31\/hubert-auriol-premier-gagne-dakar-moto-auto\/\" aria-label=\"En savoir plus sur Hubert Auriol : le premier a gagner le Dakar en Moto et Auto\">Lire plus<\/a><\/p>\n","protected":false},"author":3,"featured_media":14507,"comment_status":"open","ping_status":"open","sticky":false,"template":"","format":"standard","meta":{"_uag_custom_page_level_css":"","_themeisle_gutenberg_block_has_review":false,"footnotes":""},"categories":[6043,16],"tags":[6048,17230],"class_list":["post-14503","post","type-post","status-publish","format-standard","has-post-thumbnail","hentry","category-dakar","category-sport-auto","tag-accident-dakar","tag-citroen-rallye-raid"],"wppr_data":{"cwp_meta_box_check":"No"},"yoast_head":"<!-- This site is optimized with the Yoast SEO plugin v24.8.1 - https:\/\/yoast.com\/wordpress\/plugins\/seo\/ -->\n<title>Hubert Auriol : le premier a gagner le Dakar en Moto et Auto - Blog auto Carid\u00e9al<\/title>\n<meta name=\"description\" content=\"Hubert Auriol devient alors le premier concurrent \u00e0 inscrire son nom au palmar\u00e8s des cat\u00e9gories auto et moto au rallye Dakar\" \/>\n<meta name=\"robots\" content=\"index, follow, max-snippet:-1, max-image-preview:large, max-video-preview:-1\" \/>\n<link rel=\"canonical\" href=\"https:\/\/www.carideal.com\/blog\/2016\/12\/31\/hubert-auriol-premier-gagne-dakar-moto-auto\/\" \/>\n<meta property=\"og:locale\" content=\"fr_FR\" \/>\n<meta property=\"og:type\" content=\"article\" \/>\n<meta property=\"og:title\" content=\"Hubert Auriol : le premier a gagner le Dakar en Moto et Auto - Blog auto Carid\u00e9al\" \/>\n<meta property=\"og:description\" content=\"Hubert Auriol devient alors le premier concurrent \u00e0 inscrire son nom au palmar\u00e8s des cat\u00e9gories auto et moto au rallye Dakar\" \/>\n<meta property=\"og:url\" content=\"https:\/\/www.carideal.com\/blog\/2016\/12\/31\/hubert-auriol-premier-gagne-dakar-moto-auto\/\" \/>\n<meta property=\"og:site_name\" content=\"Blog auto Carid\u00e9al\" \/>\n<meta property=\"article:publisher\" content=\"https:\/\/www.facebook.com\/Carideal.mandataire.automobile\" \/>\n<meta property=\"article:author\" content=\"https:\/\/www.facebook.com\/nicolas.schiavon.39\" \/>\n<meta property=\"article:published_time\" content=\"2016-12-31T08:28:30+00:00\" \/>\n<meta property=\"article:modified_time\" content=\"2020-03-20T08:58:43+00:00\" \/>\n<meta property=\"og:image\" content=\"https:\/\/www.carideal.com\/blog\/wp-content\/uploads\/2016\/12\/hubert-auriol-citroen-zx-dakar-2-e1584616000221.jpg\" \/>\n\t<meta property=\"og:image:width\" content=\"600\" \/>\n\t<meta property=\"og:image:height\" content=\"450\" \/>\n\t<meta property=\"og:image:type\" content=\"image\/jpeg\" \/>\n<meta name=\"author\" content=\"Nicolas SCHIAVON\" \/>\n<meta name=\"twitter:card\" content=\"summary_large_image\" \/>\n<meta name=\"twitter:creator\" content=\"@caridealauto\" \/>\n<meta name=\"twitter:site\" content=\"@caridealauto\" \/>\n<meta name=\"twitter:label1\" content=\"\u00c9crit par\" \/>\n\t<meta name=\"twitter:data1\" content=\"Nicolas SCHIAVON\" \/>\n\t<meta name=\"twitter:label2\" content=\"Dur\u00e9e de lecture estim\u00e9e\" \/>\n\t<meta name=\"twitter:data2\" content=\"2 minutes\" \/>\n<script type=\"application\/ld+json\" class=\"yoast-schema-graph\">{\"@context\":\"https:\/\/schema.org\",\"@graph\":[{\"@type\":\"Article\",\"@id\":\"https:\/\/www.carideal.com\/blog\/2016\/12\/31\/hubert-auriol-premier-gagne-dakar-moto-auto\/#article\",\"isPartOf\":{\"@id\":\"https:\/\/www.carideal.com\/blog\/2016\/12\/31\/hubert-auriol-premier-gagne-dakar-moto-auto\/\"},\"author\":{\"name\":\"Nicolas SCHIAVON\",\"@id\":\"https:\/\/www.carideal.com\/blog\/#\/schema\/person\/cd95dc7919660de90d31b366f85be1ec\"},\"headline\":\"Hubert Auriol : le premier a gagner le Dakar en Moto et Auto\",\"datePublished\":\"2016-12-31T08:28:30+00:00\",\"dateModified\":\"2020-03-20T08:58:43+00:00\",\"mainEntityOfPage\":{\"@id\":\"https:\/\/www.carideal.com\/blog\/2016\/12\/31\/hubert-auriol-premier-gagne-dakar-moto-auto\/\"},\"wordCount\":348,\"commentCount\":0,\"publisher\":{\"@id\":\"https:\/\/www.carideal.com\/blog\/#organization\"},\"image\":{\"@id\":\"https:\/\/www.carideal.com\/blog\/2016\/12\/31\/hubert-auriol-premier-gagne-dakar-moto-auto\/#primaryimage\"},\"thumbnailUrl\":\"https:\/\/www.carideal.com\/blog\/wp-content\/uploads\/2016\/12\/hubert-auriol-citroen-zx-dakar-2-e1584616000221.jpg\",\"keywords\":[\"Accident Paris Dakar\",\"Citroen Rallye &amp; raid\"],\"articleSection\":[\"Rallye Dakar\",\"Sport Automobile\"],\"inLanguage\":\"fr-FR\",\"potentialAction\":[{\"@type\":\"CommentAction\",\"name\":\"Comment\",\"target\":[\"https:\/\/www.carideal.com\/blog\/2016\/12\/31\/hubert-auriol-premier-gagne-dakar-moto-auto\/#respond\"]}]},{\"@type\":\"WebPage\",\"@id\":\"https:\/\/www.carideal.com\/blog\/2016\/12\/31\/hubert-auriol-premier-gagne-dakar-moto-auto\/\",\"url\":\"https:\/\/www.carideal.com\/blog\/2016\/12\/31\/hubert-auriol-premier-gagne-dakar-moto-auto\/\",\"name\":\"Hubert Auriol : le premier a gagner le Dakar en Moto et Auto - Blog auto Carid\u00e9al\",\"isPartOf\":{\"@id\":\"https:\/\/www.carideal.com\/blog\/#website\"},\"primaryImageOfPage\":{\"@id\":\"https:\/\/www.carideal.com\/blog\/2016\/12\/31\/hubert-auriol-premier-gagne-dakar-moto-auto\/#primaryimage\"},\"image\":{\"@id\":\"https:\/\/www.carideal.com\/blog\/2016\/12\/31\/hubert-auriol-premier-gagne-dakar-moto-auto\/#primaryimage\"},\"thumbnailUrl\":\"https:\/\/www.carideal.com\/blog\/wp-content\/uploads\/2016\/12\/hubert-auriol-citroen-zx-dakar-2-e1584616000221.jpg\",\"datePublished\":\"2016-12-31T08:28:30+00:00\",\"dateModified\":\"2020-03-20T08:58:43+00:00\",\"description\":\"Hubert Auriol devient alors le premier concurrent \u00e0 inscrire son nom au palmar\u00e8s des cat\u00e9gories auto et moto au rallye Dakar\",\"breadcrumb\":{\"@id\":\"https:\/\/www.carideal.com\/blog\/2016\/12\/31\/hubert-auriol-premier-gagne-dakar-moto-auto\/#breadcrumb\"},\"inLanguage\":\"fr-FR\",\"potentialAction\":[{\"@type\":\"ReadAction\",\"target\":[\"https:\/\/www.carideal.com\/blog\/2016\/12\/31\/hubert-auriol-premier-gagne-dakar-moto-auto\/\"]}]},{\"@type\":\"ImageObject\",\"inLanguage\":\"fr-FR\",\"@id\":\"https:\/\/www.carideal.com\/blog\/2016\/12\/31\/hubert-auriol-premier-gagne-dakar-moto-auto\/#primaryimage\",\"url\":\"https:\/\/www.carideal.com\/blog\/wp-content\/uploads\/2016\/12\/hubert-auriol-citroen-zx-dakar-2-e1584616000221.jpg\",\"contentUrl\":\"https:\/\/www.carideal.com\/blog\/wp-content\/uploads\/2016\/12\/hubert-auriol-citroen-zx-dakar-2-e1584616000221.jpg\",\"width\":600,\"height\":450,\"caption\":\"Hubert Auriol et sa Citroen Zx au Rallye Dakar\"},{\"@type\":\"BreadcrumbList\",\"@id\":\"https:\/\/www.carideal.com\/blog\/2016\/12\/31\/hubert-auriol-premier-gagne-dakar-moto-auto\/#breadcrumb\",\"itemListElement\":[{\"@type\":\"ListItem\",\"position\":1,\"name\":\"Blog Carid\u00e9al\",\"item\":\"https:\/\/www.carideal.com\/blog\/\"},{\"@type\":\"ListItem\",\"position\":2,\"name\":\"Sport Automobile\",\"item\":\"https:\/\/www.carideal.com\/blog\/sport-auto\/\"},{\"@type\":\"ListItem\",\"position\":3,\"name\":\"Rallye Dakar\",\"item\":\"https:\/\/www.carideal.com\/blog\/sport-auto\/dakar\/\"},{\"@type\":\"ListItem\",\"position\":4,\"name\":\"Hubert Auriol : le premier a gagner le Dakar en Moto et Auto\"}]},{\"@type\":\"WebSite\",\"@id\":\"https:\/\/www.carideal.com\/blog\/#website\",\"url\":\"https:\/\/www.carideal.com\/blog\/\",\"name\":\"Blog auto Carid\u00e9al\",\"description\":\"Actualit\u00e9 auto par des passionn\u00e9s\",\"publisher\":{\"@id\":\"https:\/\/www.carideal.com\/blog\/#organization\"},\"potentialAction\":[{\"@type\":\"SearchAction\",\"target\":{\"@type\":\"EntryPoint\",\"urlTemplate\":\"https:\/\/www.carideal.com\/blog\/?s={search_term_string}\"},\"query-input\":{\"@type\":\"PropertyValueSpecification\",\"valueRequired\":true,\"valueName\":\"search_term_string\"}}],\"inLanguage\":\"fr-FR\"},{\"@type\":\"Organization\",\"@id\":\"https:\/\/www.carideal.com\/blog\/#organization\",\"name\":\"Carideal\",\"url\":\"https:\/\/www.carideal.com\/blog\/\",\"logo\":{\"@type\":\"ImageObject\",\"inLanguage\":\"fr-FR\",\"@id\":\"https:\/\/www.carideal.com\/blog\/#\/schema\/logo\/image\/\",\"url\":\"http:\/\/www.carideal.com\/blog\/wp-content\/uploads\/2016\/03\/logo-carideal-mandataire-automobile.png\",\"contentUrl\":\"http:\/\/www.carideal.com\/blog\/wp-content\/uploads\/2016\/03\/logo-carideal-mandataire-automobile.png\",\"width\":300,\"height\":300,\"caption\":\"Carideal\"},\"image\":{\"@id\":\"https:\/\/www.carideal.com\/blog\/#\/schema\/logo\/image\/\"},\"sameAs\":[\"https:\/\/www.facebook.com\/Carideal.mandataire.automobile\",\"https:\/\/x.com\/caridealauto\",\"https:\/\/www.instagram.com\/carideal1\/\",\"https:\/\/www.linkedin.com\/company\/carideal.com\",\"https:\/\/fr.pinterest.com\/schiavonsas\/\",\"https:\/\/www.youtube.com\/user\/caridealsas\"]},{\"@type\":\"Person\",\"@id\":\"https:\/\/www.carideal.com\/blog\/#\/schema\/person\/cd95dc7919660de90d31b366f85be1ec\",\"name\":\"Nicolas SCHIAVON\",\"image\":{\"@type\":\"ImageObject\",\"inLanguage\":\"fr-FR\",\"@id\":\"https:\/\/www.carideal.com\/blog\/#\/schema\/person\/image\/\",\"url\":\"https:\/\/secure.gravatar.com\/avatar\/c17e55009e671d92cc7f5dc837dc418a?s=96&r=g\",\"contentUrl\":\"https:\/\/secure.gravatar.com\/avatar\/c17e55009e671d92cc7f5dc837dc418a?s=96&r=g\",\"caption\":\"Nicolas SCHIAVON\"},\"description\":\"Nicolas Schiavon est tomb\u00e9 tout petit dans la marmite automobile. Ayant eu un garage de marque automobile, mandataire automobile de la premi\u00e8re heure d\u00e8s 1999. Nicolas a cr\u00e9\u00e9 ces premiers sites de vente de voiture et blog automobile d\u00e8s 1994. Carideal est n\u00e9 le 15 d\u00e9cembre 2000 de la volont\u00e9 de vendre des voitures d'occasions en ligne puis des voitures neuves. Il a pu essayer beaucoup de voitures tr\u00e8s diff\u00e9rentes et ayant eu personnellement quelques belles autos, Subaru Impreza, Mitsubishi Lancer Evo 7, Porsche 911, Ferrari Testarrossa, Audi RS3, RS4 et j'en passe...\",\"sameAs\":[\"http:\/\/www.carideal.com\",\"https:\/\/www.facebook.com\/nicolas.schiavon.39\",\"https:\/\/www.instagram.com\/carideal1\/\",\"https:\/\/www.linkedin.com\/in\/nschiavon\/\",\"https:\/\/x.com\/caridealauto\",\"https:\/\/www.youtube.com\/user\/caridealsas\/\"],\"url\":\"https:\/\/www.carideal.com\/blog\/author\/nschiavon\/\"}]}<\/script>\n<!-- \/ Yoast SEO plugin. -->","yoast_head_json":{"title":"Hubert Auriol : le premier a gagner le Dakar en Moto et Auto - Blog auto Carid\u00e9al","description":"Hubert Auriol devient alors le premier concurrent \u00e0 inscrire son nom au palmar\u00e8s des cat\u00e9gories auto et moto au rallye Dakar","robots":{"index":"index","follow":"follow","max-snippet":"max-snippet:-1","max-image-preview":"max-image-preview:large","max-video-preview":"max-video-preview:-1"},"canonical":"https:\/\/www.carideal.com\/blog\/2016\/12\/31\/hubert-auriol-premier-gagne-dakar-moto-auto\/","og_locale":"fr_FR","og_type":"article","og_title":"Hubert Auriol : le premier a gagner le Dakar en Moto et Auto - Blog auto Carid\u00e9al","og_description":"Hubert Auriol devient alors le premier concurrent \u00e0 inscrire son nom au palmar\u00e8s des cat\u00e9gories auto et moto au rallye Dakar","og_url":"https:\/\/www.carideal.com\/blog\/2016\/12\/31\/hubert-auriol-premier-gagne-dakar-moto-auto\/","og_site_name":"Blog auto Carid\u00e9al","article_publisher":"https:\/\/www.facebook.com\/Carideal.mandataire.automobile","article_author":"https:\/\/www.facebook.com\/nicolas.schiavon.39","article_published_time":"2016-12-31T08:28:30+00:00","article_modified_time":"2020-03-20T08:58:43+00:00","og_image":[{"width":600,"height":450,"url":"https:\/\/www.carideal.com\/blog\/wp-content\/uploads\/2016\/12\/hubert-auriol-citroen-zx-dakar-2-e1584616000221.jpg","type":"image\/jpeg"}],"author":"Nicolas SCHIAVON","twitter_card":"summary_large_image","twitter_creator":"@caridealauto","twitter_site":"@caridealauto","twitter_misc":{"\u00c9crit par":"Nicolas SCHIAVON","Dur\u00e9e de lecture estim\u00e9e":"2 minutes"},"schema":{"@context":"https:\/\/schema.org","@graph":[{"@type":"Article","@id":"https:\/\/www.carideal.com\/blog\/2016\/12\/31\/hubert-auriol-premier-gagne-dakar-moto-auto\/#article","isPartOf":{"@id":"https:\/\/www.carideal.com\/blog\/2016\/12\/31\/hubert-auriol-premier-gagne-dakar-moto-auto\/"},"author":{"name":"Nicolas SCHIAVON","@id":"https:\/\/www.carideal.com\/blog\/#\/schema\/person\/cd95dc7919660de90d31b366f85be1ec"},"headline":"Hubert Auriol : le premier a gagner le Dakar en Moto et Auto","datePublished":"2016-12-31T08:28:30+00:00","dateModified":"2020-03-20T08:58:43+00:00","mainEntityOfPage":{"@id":"https:\/\/www.carideal.com\/blog\/2016\/12\/31\/hubert-auriol-premier-gagne-dakar-moto-auto\/"},"wordCount":348,"commentCount":0,"publisher":{"@id":"https:\/\/www.carideal.com\/blog\/#organization"},"image":{"@id":"https:\/\/www.carideal.com\/blog\/2016\/12\/31\/hubert-auriol-premier-gagne-dakar-moto-auto\/#primaryimage"},"thumbnailUrl":"https:\/\/www.carideal.com\/blog\/wp-content\/uploads\/2016\/12\/hubert-auriol-citroen-zx-dakar-2-e1584616000221.jpg","keywords":["Accident Paris Dakar","Citroen Rallye &amp; raid"],"articleSection":["Rallye Dakar","Sport Automobile"],"inLanguage":"fr-FR","potentialAction":[{"@type":"CommentAction","name":"Comment","target":["https:\/\/www.carideal.com\/blog\/2016\/12\/31\/hubert-auriol-premier-gagne-dakar-moto-auto\/#respond"]}]},{"@type":"WebPage","@id":"https:\/\/www.carideal.com\/blog\/2016\/12\/31\/hubert-auriol-premier-gagne-dakar-moto-auto\/","url":"https:\/\/www.carideal.com\/blog\/2016\/12\/31\/hubert-auriol-premier-gagne-dakar-moto-auto\/","name":"Hubert Auriol : le premier a gagner le Dakar en Moto et Auto - Blog auto Carid\u00e9al","isPartOf":{"@id":"https:\/\/www.carideal.com\/blog\/#website"},"primaryImageOfPage":{"@id":"https:\/\/www.carideal.com\/blog\/2016\/12\/31\/hubert-auriol-premier-gagne-dakar-moto-auto\/#primaryimage"},"image":{"@id":"https:\/\/www.carideal.com\/blog\/2016\/12\/31\/hubert-auriol-premier-gagne-dakar-moto-auto\/#primaryimage"},"thumbnailUrl":"https:\/\/www.carideal.com\/blog\/wp-content\/uploads\/2016\/12\/hubert-auriol-citroen-zx-dakar-2-e1584616000221.jpg","datePublished":"2016-12-31T08:28:30+00:00","dateModified":"2020-03-20T08:58:43+00:00","description":"Hubert Auriol devient alors le premier concurrent \u00e0 inscrire son nom au palmar\u00e8s des cat\u00e9gories auto et moto au rallye Dakar","breadcrumb":{"@id":"https:\/\/www.carideal.com\/blog\/2016\/12\/31\/hubert-auriol-premier-gagne-dakar-moto-auto\/#breadcrumb"},"inLanguage":"fr-FR","potentialAction":[{"@type":"ReadAction","target":["https:\/\/www.carideal.com\/blog\/2016\/12\/31\/hubert-auriol-premier-gagne-dakar-moto-auto\/"]}]},{"@type":"ImageObject","inLanguage":"fr-FR","@id":"https:\/\/www.carideal.com\/blog\/2016\/12\/31\/hubert-auriol-premier-gagne-dakar-moto-auto\/#primaryimage","url":"https:\/\/www.carideal.com\/blog\/wp-content\/uploads\/2016\/12\/hubert-auriol-citroen-zx-dakar-2-e1584616000221.jpg","contentUrl":"https:\/\/www.carideal.com\/blog\/wp-content\/uploads\/2016\/12\/hubert-auriol-citroen-zx-dakar-2-e1584616000221.jpg","width":600,"height":450,"caption":"Hubert Auriol et sa Citroen Zx au Rallye Dakar"},{"@type":"BreadcrumbList","@id":"https:\/\/www.carideal.com\/blog\/2016\/12\/31\/hubert-auriol-premier-gagne-dakar-moto-auto\/#breadcrumb","itemListElement":[{"@type":"ListItem","position":1,"name":"Blog Carid\u00e9al","item":"https:\/\/www.carideal.com\/blog\/"},{"@type":"ListItem","position":2,"name":"Sport Automobile","item":"https:\/\/www.carideal.com\/blog\/sport-auto\/"},{"@type":"ListItem","position":3,"name":"Rallye Dakar","item":"https:\/\/www.carideal.com\/blog\/sport-auto\/dakar\/"},{"@type":"ListItem","position":4,"name":"Hubert Auriol : le premier a gagner le Dakar en Moto et Auto"}]},{"@type":"WebSite","@id":"https:\/\/www.carideal.com\/blog\/#website","url":"https:\/\/www.carideal.com\/blog\/","name":"Blog auto Carid\u00e9al","description":"Actualit\u00e9 auto par des passionn\u00e9s","publisher":{"@id":"https:\/\/www.carideal.com\/blog\/#organization"},"potentialAction":[{"@type":"SearchAction","target":{"@type":"EntryPoint","urlTemplate":"https:\/\/www.carideal.com\/blog\/?s={search_term_string}"},"query-input":{"@type":"PropertyValueSpecification","valueRequired":true,"valueName":"search_term_string"}}],"inLanguage":"fr-FR"},{"@type":"Organization","@id":"https:\/\/www.carideal.com\/blog\/#organization","name":"Carideal","url":"https:\/\/www.carideal.com\/blog\/","logo":{"@type":"ImageObject","inLanguage":"fr-FR","@id":"https:\/\/www.carideal.com\/blog\/#\/schema\/logo\/image\/","url":"http:\/\/www.carideal.com\/blog\/wp-content\/uploads\/2016\/03\/logo-carideal-mandataire-automobile.png","contentUrl":"http:\/\/www.carideal.com\/blog\/wp-content\/uploads\/2016\/03\/logo-carideal-mandataire-automobile.png","width":300,"height":300,"caption":"Carideal"},"image":{"@id":"https:\/\/www.carideal.com\/blog\/#\/schema\/logo\/image\/"},"sameAs":["https:\/\/www.facebook.com\/Carideal.mandataire.automobile","https:\/\/x.com\/caridealauto","https:\/\/www.instagram.com\/carideal1\/","https:\/\/www.linkedin.com\/company\/carideal.com","https:\/\/fr.pinterest.com\/schiavonsas\/","https:\/\/www.youtube.com\/user\/caridealsas"]},{"@type":"Person","@id":"https:\/\/www.carideal.com\/blog\/#\/schema\/person\/cd95dc7919660de90d31b366f85be1ec","name":"Nicolas SCHIAVON","image":{"@type":"ImageObject","inLanguage":"fr-FR","@id":"https:\/\/www.carideal.com\/blog\/#\/schema\/person\/image\/","url":"https:\/\/secure.gravatar.com\/avatar\/c17e55009e671d92cc7f5dc837dc418a?s=96&r=g","contentUrl":"https:\/\/secure.gravatar.com\/avatar\/c17e55009e671d92cc7f5dc837dc418a?s=96&r=g","caption":"Nicolas SCHIAVON"},"description":"Nicolas Schiavon est tomb\u00e9 tout petit dans la marmite automobile. Ayant eu un garage de marque automobile, mandataire automobile de la premi\u00e8re heure d\u00e8s 1999. Nicolas a cr\u00e9\u00e9 ces premiers sites de vente de voiture et blog automobile d\u00e8s 1994. Carideal est n\u00e9 le 15 d\u00e9cembre 2000 de la volont\u00e9 de vendre des voitures d'occasions en ligne puis des voitures neuves. Il a pu essayer beaucoup de voitures tr\u00e8s diff\u00e9rentes et ayant eu personnellement quelques belles autos, Subaru Impreza, Mitsubishi Lancer Evo 7, Porsche 911, Ferrari Testarrossa, Audi RS3, RS4 et j'en passe...","sameAs":["http:\/\/www.carideal.com","https:\/\/www.facebook.com\/nicolas.schiavon.39","https:\/\/www.instagram.com\/carideal1\/","https:\/\/www.linkedin.com\/in\/nschiavon\/","https:\/\/x.com\/caridealauto","https:\/\/www.youtube.com\/user\/caridealsas\/"],"url":"https:\/\/www.carideal.com\/blog\/author\/nschiavon\/"}]}},"uagb_featured_image_src":{"full":["https:\/\/www.carideal.com\/blog\/wp-content\/uploads\/2016\/12\/hubert-auriol-citroen-zx-dakar-2-e1584616000221.jpg",600,450,false],"thumbnail":["https:\/\/www.carideal.com\/blog\/wp-content\/uploads\/2016\/12\/hubert-auriol-citroen-zx-dakar-2-150x150.jpg",150,150,true],"medium":["https:\/\/www.carideal.com\/blog\/wp-content\/uploads\/2016\/12\/hubert-auriol-citroen-zx-dakar-2-300x225.jpg",300,225,true],"medium_large":["https:\/\/www.carideal.com\/blog\/wp-content\/uploads\/2016\/12\/hubert-auriol-citroen-zx-dakar-2-768x576.jpg",768,576,true],"large":["https:\/\/www.carideal.com\/blog\/wp-content\/uploads\/2016\/12\/hubert-auriol-citroen-zx-dakar-2-e1584616000221.jpg",600,450,false],"1536x1536":["https:\/\/www.carideal.com\/blog\/wp-content\/uploads\/2016\/12\/hubert-auriol-citroen-zx-dakar-2-e1584616000221.jpg",600,450,false],"2048x2048":["https:\/\/www.carideal.com\/blog\/wp-content\/uploads\/2016\/12\/hubert-auriol-citroen-zx-dakar-2-e1584616000221.jpg",600,450,false],"wppr-widget":["https:\/\/www.carideal.com\/blog\/wp-content\/uploads\/2016\/12\/hubert-auriol-citroen-zx-dakar-2-e1584616000221.jpg",50,38,false]},"uagb_author_info":{"display_name":"Nicolas SCHIAVON","author_link":"https:\/\/www.carideal.com\/blog\/author\/nschiavon\/"},"uagb_comment_info":0,"uagb_excerpt":"Hubert Auriol est le premier a avoir gagn\u00e9 le Dakar en Moto puis en Auto Hubert Auriol est n\u00e9 le 7 juin 1952 de nationalit\u00e9 fran\u00e7aise \u00e0 Addis-Abeba en Ethiopie. \"L'Africain\" tel est le surnom de ce h\u00e9ros du Dakar. Il se lance tout d'abord dans des comp\u00e9titions de Trial puis participe la premi\u00e8re fois\u2026","_links":{"self":[{"href":"https:\/\/www.carideal.com\/blog\/wp-json\/wp\/v2\/posts\/14503"}],"collection":[{"href":"https:\/\/www.carideal.com\/blog\/wp-json\/wp\/v2\/posts"}],"about":[{"href":"https:\/\/www.carideal.com\/blog\/wp-json\/wp\/v2\/types\/post"}],"author":[{"embeddable":true,"href":"https:\/\/www.carideal.com\/blog\/wp-json\/wp\/v2\/users\/3"}],"replies":[{"embeddable":true,"href":"https:\/\/www.carideal.com\/blog\/wp-json\/wp\/v2\/comments?post=14503"}],"version-history":[{"count":0,"href":"https:\/\/www.carideal.com\/blog\/wp-json\/wp\/v2\/posts\/14503\/revisions"}],"wp:featuredmedia":[{"embeddable":true,"href":"https:\/\/www.carideal.com\/blog\/wp-json\/wp\/v2\/media\/14507"}],"wp:attachment":[{"href":"https:\/\/www.carideal.com\/blog\/wp-json\/wp\/v2\/media?parent=14503"}],"wp:term":[{"taxonomy":"category","embeddable":true,"href":"https:\/\/www.carideal.com\/blog\/wp-json\/wp\/v2\/categories?post=14503"},{"taxonomy":"post_tag","embeddable":true,"href":"https:\/\/www.carideal.com\/blog\/wp-json\/wp\/v2\/tags?post=14503"}],"curies":[{"name":"wp","href":"https:\/\/api.w.org\/{rel}","templated":true}]}}