{"id":145,"date":"2009-09-24T08:11:00","date_gmt":"2009-09-24T08:11:00","guid":{"rendered":"http:\/\/carideal.com\/blog\/?p=145"},"modified":"2020-05-25T13:45:24","modified_gmt":"2020-05-25T11:45:24","slug":"emission-de-co2-fiat-champion","status":"publish","type":"post","link":"https:\/\/www.carideal.com\/blog\/2009\/09\/24\/emission-de-co2-fiat-champion\/","title":{"rendered":"Emission de CO2 Fiat champion"},"content":{"rendered":"\n<h2 class=\"wp-block-heading\">Emission de CO2 en 2008 : Fiat est champion<\/h2>\n\n\n\n<p class=\"has-medium-font-size\">D'apr\u00e8s l'association \u00e9cologiste Transport and Environement, le <strong>constructeur le plus propre en 2008 n'est plus PSA mais Fiat<\/strong>. En moyenne les voitures de la gamme Fiat ont \u00e9mis 138 g\/km de co2 par voiture au lieu de 139 g\/km pour les Peugeot et Citro\u00ebn. Renault conserve sa troisi\u00e8me position avec 143 g\/km en moyenne. <\/p>\n\n\n\n<div class=\"wp-block-image\"><figure class=\"aligncenter size-large\"><img loading=\"lazy\" decoding=\"async\" width=\"600\" height=\"450\" src=\"http:\/\/www.carideal.com\/blog\/wp-content\/uploads\/2009\/09\/fiat-faible-emission-co2-2008.jpg\" alt=\"Emission de CO2 Fiat champion\" class=\"wp-image-25397\" srcset=\"https:\/\/www.carideal.com\/blog\/wp-content\/uploads\/2009\/09\/fiat-faible-emission-co2-2008.jpg 600w, https:\/\/www.carideal.com\/blog\/wp-content\/uploads\/2009\/09\/fiat-faible-emission-co2-2008-300x225.jpg 300w, https:\/\/www.carideal.com\/blog\/wp-content\/uploads\/2009\/09\/fiat-faible-emission-co2-2008-50x38.jpg 50w, https:\/\/www.carideal.com\/blog\/wp-content\/uploads\/2009\/09\/fiat-faible-emission-co2-2008-110x83.jpg 110w, https:\/\/www.carideal.com\/blog\/wp-content\/uploads\/2009\/09\/fiat-faible-emission-co2-2008-420x315.jpg 420w, https:\/\/www.carideal.com\/blog\/wp-content\/uploads\/2009\/09\/fiat-faible-emission-co2-2008-573x430.jpg 573w\" sizes=\"(max-width: 600px) 100vw, 600px\" \/><figcaption>\u00c9mission de CO2 Fiat champion<\/figcaption><\/figure><\/div>\n\n\n\n<p>BMW est la marque qui le plus fortement baiss\u00e9 ses \u00e9mmissions de CO2 par voiture. Les derni\u00e8res infos sur les <a href=\"http:\/\/www.carideal.com\/blog\/2015\/09\/20\/le-classement-de-lademe-des-emissions-de-co2-automobile\/\">Le classement de l'Ademe des \u00e9missions de CO2 automobile<\/a>.<\/p>\n\n\n\n<ul class=\"wp-block-list\"><li><a href=\"http:\/\/www.carideal.com\/blog\/2020\/01\/11\/meilleures-voitures-vertes-a-faibles-emissions\/\">Les meilleures voitures vertes<\/a><\/li><\/ul>\n\n\n\n<p>Les constructeurs automobiles divis\u00e9s sur les r\u00e9ductions de CO2<br>Les constructeurs automobiles ont r\u00e9duit les \u00e9missions de carbone \u00e0 des degr\u00e9s tr\u00e8s variables l'ann\u00e9e derni\u00e8re, les plus performants obtenant des r\u00e9ductions quatre \u00e0 cinq fois plus importantes que les plus mauvais.<\/p>\n\n\n\n<ul class=\"wp-block-list\"><li><a href=\"http:\/\/www.carideal.com\/blog\/2012\/02\/24\/les-voitures-hybrides-que-nous-reserve-lannee-2012\/\">Les voitures hybrides<\/a><\/li><\/ul>\n\n\n\n<p>Les nouveaux chiffres publi\u00e9s aujourd'hui par Transport &amp; Environment (T&amp;E) montrent que <a href=\"http:\/\/www.carideal.com\/blog\/marque-de-voiture-actualites-essais\/bmw\/\">BMW<\/a> et <a href=\"http:\/\/www.carideal.com\/blog\/2013\/03\/28\/mazda-invulnerable\/\">Mazda<\/a> sont en t\u00eate avec des r\u00e9ductions de 10 % et 8,2 % des \u00e9missions moyennes de CO2 des voitures vendues en Europe en 2008. Mais neuf des quatorze producteurs en volume du classement n'ont obtenu que 4 % ou moins (1).<\/p>\n\n\n\n<h2 class=\"wp-block-heading\">Les am\u00e9liorations du rendement \u00e9nerg\u00e9tique sont directement li\u00e9es \u00e0 la r\u00e9duction des \u00e9missions de CO2.<\/h2>\n\n\n\n<p>Une nouvelle loi europ\u00e9enne fixant des objectifs contraignants pour les \u00e9missions moyennes de CO2 a \u00e9t\u00e9 adopt\u00e9e \u00e0 la fin de l'ann\u00e9e derni\u00e8re. Selon le rapport, les diff\u00e9rences frappantes entre les performances des diff\u00e9rents constructeurs automobiles refl\u00e8tent la quantit\u00e9 de travail que chacun doit accomplir pour atteindre ses nouveaux objectifs europ\u00e9ens.<\/p>\n\n\n\n<p>Les progr\u00e8s ont consid\u00e9rablement ralenti chez <a href=\"http:\/\/www.carideal.com\/blog\/marque-de-voiture-actualites-essais\/fiat\/\">Fiat<\/a> et <a href=\"http:\/\/www.carideal.com\/blog\/marque-de-voiture-actualites-essais\/peugeot\/\">Peugeot<\/a> - <a href=\"http:\/\/www.carideal.com\/blog\/marque-de-voiture-actualites-essais\/citroen\/\">Citro\u00ebn<\/a> (PSA), qui poss\u00e8dent en moyenne les parcs automobiles les plus propres d'Europe et sont sur le point d'atteindre leurs objectifs communautaires. \u00c0 l'inverse, <a href=\"http:\/\/www.carideal.com\/blog\/marque-de-voiture-actualites-essais\/suzuki\/\">Suzuki<\/a> et Mazda, qui ont \u00e9t\u00e9 lents \u00e0 am\u00e9liorer leur efficacit\u00e9 dans le pass\u00e9 et qui ont donc encore un long chemin \u00e0 parcourir pour atteindre les objectifs de l'UE, ont fait de grands progr\u00e8s en 2008.<\/p>\n\n\n\n<p>Jos Dings, directeur de la division \"Transport et environnement\", a d\u00e9clar\u00e9 : \"La nouvelle l\u00e9gislation europ\u00e9enne a d\u00e9j\u00e0 un impact. Si la baisse globale des \u00e9missions moyennes de CO2 \u00e9tait uniquement li\u00e9e \u00e0 la crise financi\u00e8re, au prix des carburants ou \u00e0 l'\u00e9volution du comportement des consommateurs, nous nous serions attendus \u00e0 ce que chaque entreprise r\u00e9duise ses \u00e9missions de mani\u00e8re beaucoup plus \u00e9quitable. Mais ce qui se passe en r\u00e9alit\u00e9, c'est que les constructeurs automobiles constatent \u00e0 quel point ils doivent r\u00e9duire leurs \u00e9missions et modifier leur parc automobile en cons\u00e9quence\".<\/p>\n\n\n\n<p>L'impact positif de la l\u00e9gislation sur les voitures renforce l'\u00e9vidence que les objectifs juridiquement contraignants devraient \u00eatre \u00e9tendus aux camionnettes et aux camions.<\/p>\n\n\n\n<p>M. Dings a d\u00e9clar\u00e9 : \"Il est clair que la r\u00e9glementation fonctionne, et si elle fonctionne pour les voitures, elle fonctionnera pour les camionnettes, o\u00f9 les progr\u00e8s ont \u00e9t\u00e9 encore pires jusqu'\u00e0 pr\u00e9sent. Les camionnettes \u00e9conomes en carburant seront bonnes pour l'environnement et permettront aux nombreuses entreprises, petites et grandes, qui en d\u00e9pendent d'\u00e9conomiser des milliards de dollars sur les co\u00fbts de carburant\".<\/p>\n\n\n\n<p>Selon les m\u00e9dias, l'UE devrait annoncer des objectifs juridiquement contraignants pour les fourgonnettes dans les semaines \u00e0 venir. (2)<\/p>\n\n\n\n<p>T\u00e9l\u00e9chargez le rapport ici.<br>(1) Le rapport sur le CO2 des constructeurs automobiles analyse \u00e9galement certaines des strat\u00e9gies utilis\u00e9es par les constructeurs pour r\u00e9duire leurs \u00e9missions moyennes. <a href=\"http:\/\/www.carideal.com\/blog\/marque-de-voiture-actualites-essais\/ford\/\">Ford<\/a> a vendu ses marques <a href=\"http:\/\/www.carideal.com\/blog\/marque-de-voiture-actualites-essais\/jaguar\/\">Jaguar<\/a> et <a href=\"http:\/\/www.carideal.com\/blog\/marque-de-voiture-actualites-essais\/land-rover\/\">Land Rover<\/a>, qui consomment beaucoup d'essence. <\/p>\n\n\n\n<p>\u00c0 elle seule, cette mesure a permis de r\u00e9duire de plus de la moiti\u00e9 la moyenne des \u00e9missions de CO2 de l'entreprise. Le groupe <a href=\"http:\/\/www.carideal.com\/blog\/marque-de-voiture-actualites-essais\/volkswagen\/\">Volkswagen<\/a>, ainsi que les constructeurs japonais d'<a href=\"http:\/\/www.carideal.com\/blog\/2012\/02\/24\/les-voitures-hybrides-que-nous-reserve-lannee-2012\/\">hybrides<\/a> <a href=\"http:\/\/www.carideal.com\/blog\/marque-de-voiture-actualites-essais\/toyota\/\">Toyota<\/a> et <a href=\"http:\/\/www.carideal.com\/blog\/marque-de-voiture-actualites-essais\/honda\/\">Honda<\/a>, ont fait des progr\u00e8s relativement faibles car ils continuent \u00e0 proposer les technologies les plus \u00e9conomes en carburant en tant qu'option plut\u00f4t que sur l'ensemble de la gamme. <\/p>\n\n\n\n<p>Le nombre relativement faible de ventes de BlueMotion, <a href=\"http:\/\/www.carideal.com\/blog\/2010\/03\/14\/toyota-prius-a-aussi-sa-campagne-de-rappel\/\">Prius<\/a> et <a href=\"http:\/\/www.carideal.com\/blog\/2013\/01\/17\/nouvelle-hybride-pour-honda\/\">Civic Hybride<\/a> en 2008 a eu un impact proportionnellement faible sur les \u00e9missions moyennes du parc automobile. \u00c0 l'inverse, le groupe BMW, qui a enregistr\u00e9 les plus grandes am\u00e9liorations pour la deuxi\u00e8me ann\u00e9e cons\u00e9cutive, propose ses technologies \"Efficient Dynamics\" sur l'ensemble de sa gamme de produits.<\/p>\n\n\n\n<p>(2) Les fourgonnettes repr\u00e9sentent d\u00e9sormais 13 % des ventes de v\u00e9hicules l\u00e9gers (voitures et fourgonnettes) en Europe, mais cette part augmente rapidement. Les ventes de camionnettes ont augment\u00e9 de 50 % au cours de la derni\u00e8re d\u00e9cennie.<\/p>\n","protected":false},"excerpt":{"rendered":"<p>Emission de CO2 en 2008 : Fiat est champion D&rsquo;apr\u00e8s l&rsquo;association \u00e9cologiste Transport and Environement, le constructeur le plus propre en 2008 n&rsquo;est plus PSA mais Fiat. En moyenne les voitures de la gamme Fiat ont \u00e9mis 138 g\/km de co2 par voiture au lieu de 139 g\/km pour les Peugeot et Citro\u00ebn. Renault conserve &#8230; <a title=\"Emission de CO2 Fiat champion\" class=\"read-more\" href=\"https:\/\/www.carideal.com\/blog\/2009\/09\/24\/emission-de-co2-fiat-champion\/\" aria-label=\"En savoir plus sur Emission de CO2 Fiat champion\">Lire plus<\/a><\/p>\n","protected":false},"author":1,"featured_media":25397,"comment_status":"open","ping_status":"open","sticky":false,"template":"","format":"standard","meta":{"_uag_custom_page_level_css":"","_themeisle_gutenberg_block_has_review":false,"footnotes":""},"categories":[6],"tags":[60],"class_list":["post-145","post","type-post","status-publish","format-standard","has-post-thumbnail","hentry","category-ecologie","tag-co2"],"wppr_data":{"cwp_meta_box_check":"No"},"yoast_head":"<!-- This site is optimized with the Yoast SEO plugin v24.8.1 - https:\/\/yoast.com\/wordpress\/plugins\/seo\/ -->\n<title>Emission de CO2 Fiat champion - Blog auto Carid\u00e9al<\/title>\n<meta name=\"robots\" content=\"index, follow, max-snippet:-1, max-image-preview:large, max-video-preview:-1\" \/>\n<link rel=\"canonical\" href=\"https:\/\/www.carideal.com\/blog\/2009\/09\/24\/emission-de-co2-fiat-champion\/\" \/>\n<meta property=\"og:locale\" content=\"fr_FR\" \/>\n<meta property=\"og:type\" content=\"article\" \/>\n<meta property=\"og:title\" content=\"Emission de CO2 Fiat champion - Blog auto Carid\u00e9al\" \/>\n<meta property=\"og:description\" content=\"Emission de CO2 en 2008 : Fiat est champion D&#039;apr\u00e8s l&#039;association \u00e9cologiste Transport and Environement, le constructeur le plus propre en 2008 n&#039;est plus PSA mais Fiat. En moyenne les voitures de la gamme Fiat ont \u00e9mis 138 g\/km de co2 par voiture au lieu de 139 g\/km pour les Peugeot et Citro\u00ebn. Renault conserve ... Lire plus\" \/>\n<meta property=\"og:url\" content=\"https:\/\/www.carideal.com\/blog\/2009\/09\/24\/emission-de-co2-fiat-champion\/\" \/>\n<meta property=\"og:site_name\" content=\"Blog auto Carid\u00e9al\" \/>\n<meta property=\"article:publisher\" content=\"https:\/\/www.facebook.com\/Carideal.mandataire.automobile\" \/>\n<meta property=\"article:author\" content=\"https:\/\/www.facebook.com\/Carideal.mandataire.automobile\/\" \/>\n<meta property=\"article:published_time\" content=\"2009-09-24T08:11:00+00:00\" \/>\n<meta property=\"article:modified_time\" content=\"2020-05-25T11:45:24+00:00\" \/>\n<meta property=\"og:image\" content=\"https:\/\/www.carideal.com\/blog\/wp-content\/uploads\/2009\/09\/fiat-faible-emission-co2-2008.jpg\" \/>\n\t<meta property=\"og:image:width\" content=\"600\" \/>\n\t<meta property=\"og:image:height\" content=\"450\" \/>\n\t<meta property=\"og:image:type\" content=\"image\/jpeg\" \/>\n<meta name=\"author\" content=\"N.S Carideal\" \/>\n<meta name=\"twitter:card\" content=\"summary_large_image\" \/>\n<meta name=\"twitter:creator\" content=\"@caridealauto\" \/>\n<meta name=\"twitter:site\" content=\"@caridealauto\" \/>\n<meta name=\"twitter:label1\" content=\"\u00c9crit par\" \/>\n\t<meta name=\"twitter:data1\" content=\"N.S Carideal\" \/>\n\t<meta name=\"twitter:label2\" content=\"Dur\u00e9e de lecture estim\u00e9e\" \/>\n\t<meta name=\"twitter:data2\" content=\"4 minutes\" \/>\n<script type=\"application\/ld+json\" class=\"yoast-schema-graph\">{\"@context\":\"https:\/\/schema.org\",\"@graph\":[{\"@type\":\"Article\",\"@id\":\"https:\/\/www.carideal.com\/blog\/2009\/09\/24\/emission-de-co2-fiat-champion\/#article\",\"isPartOf\":{\"@id\":\"https:\/\/www.carideal.com\/blog\/2009\/09\/24\/emission-de-co2-fiat-champion\/\"},\"author\":{\"name\":\"N.S Carideal\",\"@id\":\"https:\/\/www.carideal.com\/blog\/#\/schema\/person\/985c7e757d1042d647f21bfaf8d41ebc\"},\"headline\":\"Emission de CO2 Fiat champion\",\"datePublished\":\"2009-09-24T08:11:00+00:00\",\"dateModified\":\"2020-05-25T11:45:24+00:00\",\"mainEntityOfPage\":{\"@id\":\"https:\/\/www.carideal.com\/blog\/2009\/09\/24\/emission-de-co2-fiat-champion\/\"},\"wordCount\":773,\"commentCount\":0,\"publisher\":{\"@id\":\"https:\/\/www.carideal.com\/blog\/#organization\"},\"image\":{\"@id\":\"https:\/\/www.carideal.com\/blog\/2009\/09\/24\/emission-de-co2-fiat-champion\/#primaryimage\"},\"thumbnailUrl\":\"https:\/\/www.carideal.com\/blog\/wp-content\/uploads\/2009\/09\/fiat-faible-emission-co2-2008.jpg\",\"keywords\":[\"CO2 \u00e9mission de CO2\"],\"articleSection\":[\"Ecologie\"],\"inLanguage\":\"fr-FR\",\"potentialAction\":[{\"@type\":\"CommentAction\",\"name\":\"Comment\",\"target\":[\"https:\/\/www.carideal.com\/blog\/2009\/09\/24\/emission-de-co2-fiat-champion\/#respond\"]}]},{\"@type\":\"WebPage\",\"@id\":\"https:\/\/www.carideal.com\/blog\/2009\/09\/24\/emission-de-co2-fiat-champion\/\",\"url\":\"https:\/\/www.carideal.com\/blog\/2009\/09\/24\/emission-de-co2-fiat-champion\/\",\"name\":\"Emission de CO2 Fiat champion - Blog auto Carid\u00e9al\",\"isPartOf\":{\"@id\":\"https:\/\/www.carideal.com\/blog\/#website\"},\"primaryImageOfPage\":{\"@id\":\"https:\/\/www.carideal.com\/blog\/2009\/09\/24\/emission-de-co2-fiat-champion\/#primaryimage\"},\"image\":{\"@id\":\"https:\/\/www.carideal.com\/blog\/2009\/09\/24\/emission-de-co2-fiat-champion\/#primaryimage\"},\"thumbnailUrl\":\"https:\/\/www.carideal.com\/blog\/wp-content\/uploads\/2009\/09\/fiat-faible-emission-co2-2008.jpg\",\"datePublished\":\"2009-09-24T08:11:00+00:00\",\"dateModified\":\"2020-05-25T11:45:24+00:00\",\"breadcrumb\":{\"@id\":\"https:\/\/www.carideal.com\/blog\/2009\/09\/24\/emission-de-co2-fiat-champion\/#breadcrumb\"},\"inLanguage\":\"fr-FR\",\"potentialAction\":[{\"@type\":\"ReadAction\",\"target\":[\"https:\/\/www.carideal.com\/blog\/2009\/09\/24\/emission-de-co2-fiat-champion\/\"]}]},{\"@type\":\"ImageObject\",\"inLanguage\":\"fr-FR\",\"@id\":\"https:\/\/www.carideal.com\/blog\/2009\/09\/24\/emission-de-co2-fiat-champion\/#primaryimage\",\"url\":\"https:\/\/www.carideal.com\/blog\/wp-content\/uploads\/2009\/09\/fiat-faible-emission-co2-2008.jpg\",\"contentUrl\":\"https:\/\/www.carideal.com\/blog\/wp-content\/uploads\/2009\/09\/fiat-faible-emission-co2-2008.jpg\",\"width\":600,\"height\":450,\"caption\":\"\u00c9mission de CO2 Fiat champion\"},{\"@type\":\"BreadcrumbList\",\"@id\":\"https:\/\/www.carideal.com\/blog\/2009\/09\/24\/emission-de-co2-fiat-champion\/#breadcrumb\",\"itemListElement\":[{\"@type\":\"ListItem\",\"position\":1,\"name\":\"Blog Carid\u00e9al\",\"item\":\"https:\/\/www.carideal.com\/blog\/\"},{\"@type\":\"ListItem\",\"position\":2,\"name\":\"Ecologie\",\"item\":\"https:\/\/www.carideal.com\/blog\/ecologie\/\"},{\"@type\":\"ListItem\",\"position\":3,\"name\":\"Emission de CO2 Fiat champion\"}]},{\"@type\":\"WebSite\",\"@id\":\"https:\/\/www.carideal.com\/blog\/#website\",\"url\":\"https:\/\/www.carideal.com\/blog\/\",\"name\":\"Blog auto Carid\u00e9al\",\"description\":\"Actualit\u00e9 auto par des passionn\u00e9s\",\"publisher\":{\"@id\":\"https:\/\/www.carideal.com\/blog\/#organization\"},\"potentialAction\":[{\"@type\":\"SearchAction\",\"target\":{\"@type\":\"EntryPoint\",\"urlTemplate\":\"https:\/\/www.carideal.com\/blog\/?s={search_term_string}\"},\"query-input\":{\"@type\":\"PropertyValueSpecification\",\"valueRequired\":true,\"valueName\":\"search_term_string\"}}],\"inLanguage\":\"fr-FR\"},{\"@type\":\"Organization\",\"@id\":\"https:\/\/www.carideal.com\/blog\/#organization\",\"name\":\"Carideal\",\"url\":\"https:\/\/www.carideal.com\/blog\/\",\"logo\":{\"@type\":\"ImageObject\",\"inLanguage\":\"fr-FR\",\"@id\":\"https:\/\/www.carideal.com\/blog\/#\/schema\/logo\/image\/\",\"url\":\"http:\/\/www.carideal.com\/blog\/wp-content\/uploads\/2016\/03\/logo-carideal-mandataire-automobile.png\",\"contentUrl\":\"http:\/\/www.carideal.com\/blog\/wp-content\/uploads\/2016\/03\/logo-carideal-mandataire-automobile.png\",\"width\":300,\"height\":300,\"caption\":\"Carideal\"},\"image\":{\"@id\":\"https:\/\/www.carideal.com\/blog\/#\/schema\/logo\/image\/\"},\"sameAs\":[\"https:\/\/www.facebook.com\/Carideal.mandataire.automobile\",\"https:\/\/x.com\/caridealauto\",\"https:\/\/www.instagram.com\/carideal1\/\",\"https:\/\/www.linkedin.com\/company\/carideal.com\",\"https:\/\/fr.pinterest.com\/schiavonsas\/\",\"https:\/\/www.youtube.com\/user\/caridealsas\"]},{\"@type\":\"Person\",\"@id\":\"https:\/\/www.carideal.com\/blog\/#\/schema\/person\/985c7e757d1042d647f21bfaf8d41ebc\",\"name\":\"N.S Carideal\",\"image\":{\"@type\":\"ImageObject\",\"inLanguage\":\"fr-FR\",\"@id\":\"https:\/\/www.carideal.com\/blog\/#\/schema\/person\/image\/\",\"url\":\"https:\/\/secure.gravatar.com\/avatar\/edb7ccdf1a4e3d14aef967760d354d0e?s=96&r=g\",\"contentUrl\":\"https:\/\/secure.gravatar.com\/avatar\/edb7ccdf1a4e3d14aef967760d354d0e?s=96&r=g\",\"caption\":\"N.S Carideal\"},\"description\":\"Depuis tout petit fan d'automobile. Il est question d'essayer et de comparer toutes ces voitures qui nous ont fait r\u00e9ver, avant que celles-ci ne devient uniquement des voitures de collection.\",\"sameAs\":[\"http:\/\/www.carideal.com\/blog\",\"https:\/\/www.facebook.com\/Carideal.mandataire.automobile\/\",\"https:\/\/www.linkedin.com\/in\/nschiavon\/\",\"https:\/\/www.youtube.com\/user\/caridealsas\/\"],\"url\":\"https:\/\/www.carideal.com\/blog\/author\/admin_carideal\/\"}]}<\/script>\n<!-- \/ Yoast SEO plugin. -->","yoast_head_json":{"title":"Emission de CO2 Fiat champion - Blog auto Carid\u00e9al","robots":{"index":"index","follow":"follow","max-snippet":"max-snippet:-1","max-image-preview":"max-image-preview:large","max-video-preview":"max-video-preview:-1"},"canonical":"https:\/\/www.carideal.com\/blog\/2009\/09\/24\/emission-de-co2-fiat-champion\/","og_locale":"fr_FR","og_type":"article","og_title":"Emission de CO2 Fiat champion - Blog auto Carid\u00e9al","og_description":"Emission de CO2 en 2008 : Fiat est champion D'apr\u00e8s l'association \u00e9cologiste Transport and Environement, le constructeur le plus propre en 2008 n'est plus PSA mais Fiat. En moyenne les voitures de la gamme Fiat ont \u00e9mis 138 g\/km de co2 par voiture au lieu de 139 g\/km pour les Peugeot et Citro\u00ebn. Renault conserve ... Lire plus","og_url":"https:\/\/www.carideal.com\/blog\/2009\/09\/24\/emission-de-co2-fiat-champion\/","og_site_name":"Blog auto Carid\u00e9al","article_publisher":"https:\/\/www.facebook.com\/Carideal.mandataire.automobile","article_author":"https:\/\/www.facebook.com\/Carideal.mandataire.automobile\/","article_published_time":"2009-09-24T08:11:00+00:00","article_modified_time":"2020-05-25T11:45:24+00:00","og_image":[{"width":600,"height":450,"url":"https:\/\/www.carideal.com\/blog\/wp-content\/uploads\/2009\/09\/fiat-faible-emission-co2-2008.jpg","type":"image\/jpeg"}],"author":"N.S Carideal","twitter_card":"summary_large_image","twitter_creator":"@caridealauto","twitter_site":"@caridealauto","twitter_misc":{"\u00c9crit par":"N.S Carideal","Dur\u00e9e de lecture estim\u00e9e":"4 minutes"},"schema":{"@context":"https:\/\/schema.org","@graph":[{"@type":"Article","@id":"https:\/\/www.carideal.com\/blog\/2009\/09\/24\/emission-de-co2-fiat-champion\/#article","isPartOf":{"@id":"https:\/\/www.carideal.com\/blog\/2009\/09\/24\/emission-de-co2-fiat-champion\/"},"author":{"name":"N.S Carideal","@id":"https:\/\/www.carideal.com\/blog\/#\/schema\/person\/985c7e757d1042d647f21bfaf8d41ebc"},"headline":"Emission de CO2 Fiat champion","datePublished":"2009-09-24T08:11:00+00:00","dateModified":"2020-05-25T11:45:24+00:00","mainEntityOfPage":{"@id":"https:\/\/www.carideal.com\/blog\/2009\/09\/24\/emission-de-co2-fiat-champion\/"},"wordCount":773,"commentCount":0,"publisher":{"@id":"https:\/\/www.carideal.com\/blog\/#organization"},"image":{"@id":"https:\/\/www.carideal.com\/blog\/2009\/09\/24\/emission-de-co2-fiat-champion\/#primaryimage"},"thumbnailUrl":"https:\/\/www.carideal.com\/blog\/wp-content\/uploads\/2009\/09\/fiat-faible-emission-co2-2008.jpg","keywords":["CO2 \u00e9mission de CO2"],"articleSection":["Ecologie"],"inLanguage":"fr-FR","potentialAction":[{"@type":"CommentAction","name":"Comment","target":["https:\/\/www.carideal.com\/blog\/2009\/09\/24\/emission-de-co2-fiat-champion\/#respond"]}]},{"@type":"WebPage","@id":"https:\/\/www.carideal.com\/blog\/2009\/09\/24\/emission-de-co2-fiat-champion\/","url":"https:\/\/www.carideal.com\/blog\/2009\/09\/24\/emission-de-co2-fiat-champion\/","name":"Emission de CO2 Fiat champion - Blog auto Carid\u00e9al","isPartOf":{"@id":"https:\/\/www.carideal.com\/blog\/#website"},"primaryImageOfPage":{"@id":"https:\/\/www.carideal.com\/blog\/2009\/09\/24\/emission-de-co2-fiat-champion\/#primaryimage"},"image":{"@id":"https:\/\/www.carideal.com\/blog\/2009\/09\/24\/emission-de-co2-fiat-champion\/#primaryimage"},"thumbnailUrl":"https:\/\/www.carideal.com\/blog\/wp-content\/uploads\/2009\/09\/fiat-faible-emission-co2-2008.jpg","datePublished":"2009-09-24T08:11:00+00:00","dateModified":"2020-05-25T11:45:24+00:00","breadcrumb":{"@id":"https:\/\/www.carideal.com\/blog\/2009\/09\/24\/emission-de-co2-fiat-champion\/#breadcrumb"},"inLanguage":"fr-FR","potentialAction":[{"@type":"ReadAction","target":["https:\/\/www.carideal.com\/blog\/2009\/09\/24\/emission-de-co2-fiat-champion\/"]}]},{"@type":"ImageObject","inLanguage":"fr-FR","@id":"https:\/\/www.carideal.com\/blog\/2009\/09\/24\/emission-de-co2-fiat-champion\/#primaryimage","url":"https:\/\/www.carideal.com\/blog\/wp-content\/uploads\/2009\/09\/fiat-faible-emission-co2-2008.jpg","contentUrl":"https:\/\/www.carideal.com\/blog\/wp-content\/uploads\/2009\/09\/fiat-faible-emission-co2-2008.jpg","width":600,"height":450,"caption":"\u00c9mission de CO2 Fiat champion"},{"@type":"BreadcrumbList","@id":"https:\/\/www.carideal.com\/blog\/2009\/09\/24\/emission-de-co2-fiat-champion\/#breadcrumb","itemListElement":[{"@type":"ListItem","position":1,"name":"Blog Carid\u00e9al","item":"https:\/\/www.carideal.com\/blog\/"},{"@type":"ListItem","position":2,"name":"Ecologie","item":"https:\/\/www.carideal.com\/blog\/ecologie\/"},{"@type":"ListItem","position":3,"name":"Emission de CO2 Fiat champion"}]},{"@type":"WebSite","@id":"https:\/\/www.carideal.com\/blog\/#website","url":"https:\/\/www.carideal.com\/blog\/","name":"Blog auto Carid\u00e9al","description":"Actualit\u00e9 auto par des passionn\u00e9s","publisher":{"@id":"https:\/\/www.carideal.com\/blog\/#organization"},"potentialAction":[{"@type":"SearchAction","target":{"@type":"EntryPoint","urlTemplate":"https:\/\/www.carideal.com\/blog\/?s={search_term_string}"},"query-input":{"@type":"PropertyValueSpecification","valueRequired":true,"valueName":"search_term_string"}}],"inLanguage":"fr-FR"},{"@type":"Organization","@id":"https:\/\/www.carideal.com\/blog\/#organization","name":"Carideal","url":"https:\/\/www.carideal.com\/blog\/","logo":{"@type":"ImageObject","inLanguage":"fr-FR","@id":"https:\/\/www.carideal.com\/blog\/#\/schema\/logo\/image\/","url":"http:\/\/www.carideal.com\/blog\/wp-content\/uploads\/2016\/03\/logo-carideal-mandataire-automobile.png","contentUrl":"http:\/\/www.carideal.com\/blog\/wp-content\/uploads\/2016\/03\/logo-carideal-mandataire-automobile.png","width":300,"height":300,"caption":"Carideal"},"image":{"@id":"https:\/\/www.carideal.com\/blog\/#\/schema\/logo\/image\/"},"sameAs":["https:\/\/www.facebook.com\/Carideal.mandataire.automobile","https:\/\/x.com\/caridealauto","https:\/\/www.instagram.com\/carideal1\/","https:\/\/www.linkedin.com\/company\/carideal.com","https:\/\/fr.pinterest.com\/schiavonsas\/","https:\/\/www.youtube.com\/user\/caridealsas"]},{"@type":"Person","@id":"https:\/\/www.carideal.com\/blog\/#\/schema\/person\/985c7e757d1042d647f21bfaf8d41ebc","name":"N.S Carideal","image":{"@type":"ImageObject","inLanguage":"fr-FR","@id":"https:\/\/www.carideal.com\/blog\/#\/schema\/person\/image\/","url":"https:\/\/secure.gravatar.com\/avatar\/edb7ccdf1a4e3d14aef967760d354d0e?s=96&r=g","contentUrl":"https:\/\/secure.gravatar.com\/avatar\/edb7ccdf1a4e3d14aef967760d354d0e?s=96&r=g","caption":"N.S Carideal"},"description":"Depuis tout petit fan d'automobile. Il est question d'essayer et de comparer toutes ces voitures qui nous ont fait r\u00e9ver, avant que celles-ci ne devient uniquement des voitures de collection.","sameAs":["http:\/\/www.carideal.com\/blog","https:\/\/www.facebook.com\/Carideal.mandataire.automobile\/","https:\/\/www.linkedin.com\/in\/nschiavon\/","https:\/\/www.youtube.com\/user\/caridealsas\/"],"url":"https:\/\/www.carideal.com\/blog\/author\/admin_carideal\/"}]}},"uagb_featured_image_src":{"full":["https:\/\/www.carideal.com\/blog\/wp-content\/uploads\/2009\/09\/fiat-faible-emission-co2-2008.jpg",600,450,false],"thumbnail":["https:\/\/www.carideal.com\/blog\/wp-content\/uploads\/2009\/09\/fiat-faible-emission-co2-2008-150x150.jpg",150,150,true],"medium":["https:\/\/www.carideal.com\/blog\/wp-content\/uploads\/2009\/09\/fiat-faible-emission-co2-2008-300x225.jpg",300,225,true],"medium_large":["https:\/\/www.carideal.com\/blog\/wp-content\/uploads\/2009\/09\/fiat-faible-emission-co2-2008.jpg",600,450,false],"large":["https:\/\/www.carideal.com\/blog\/wp-content\/uploads\/2009\/09\/fiat-faible-emission-co2-2008.jpg",600,450,false],"1536x1536":["https:\/\/www.carideal.com\/blog\/wp-content\/uploads\/2009\/09\/fiat-faible-emission-co2-2008.jpg",600,450,false],"2048x2048":["https:\/\/www.carideal.com\/blog\/wp-content\/uploads\/2009\/09\/fiat-faible-emission-co2-2008.jpg",600,450,false],"wppr-widget":["https:\/\/www.carideal.com\/blog\/wp-content\/uploads\/2009\/09\/fiat-faible-emission-co2-2008-50x38.jpg",50,38,true]},"uagb_author_info":{"display_name":"N.S Carideal","author_link":"https:\/\/www.carideal.com\/blog\/author\/admin_carideal\/"},"uagb_comment_info":0,"uagb_excerpt":"Emission de CO2 en 2008 : Fiat est champion D'apr\u00e8s l'association \u00e9cologiste Transport and Environement, le constructeur le plus propre en 2008 n'est plus PSA mais Fiat. En moyenne les voitures de la gamme Fiat ont \u00e9mis 138 g\/km de co2 par voiture au lieu de 139 g\/km pour les Peugeot et Citro\u00ebn. Renault conserve\u2026","_links":{"self":[{"href":"https:\/\/www.carideal.com\/blog\/wp-json\/wp\/v2\/posts\/145"}],"collection":[{"href":"https:\/\/www.carideal.com\/blog\/wp-json\/wp\/v2\/posts"}],"about":[{"href":"https:\/\/www.carideal.com\/blog\/wp-json\/wp\/v2\/types\/post"}],"author":[{"embeddable":true,"href":"https:\/\/www.carideal.com\/blog\/wp-json\/wp\/v2\/users\/1"}],"replies":[{"embeddable":true,"href":"https:\/\/www.carideal.com\/blog\/wp-json\/wp\/v2\/comments?post=145"}],"version-history":[{"count":0,"href":"https:\/\/www.carideal.com\/blog\/wp-json\/wp\/v2\/posts\/145\/revisions"}],"wp:featuredmedia":[{"embeddable":true,"href":"https:\/\/www.carideal.com\/blog\/wp-json\/wp\/v2\/media\/25397"}],"wp:attachment":[{"href":"https:\/\/www.carideal.com\/blog\/wp-json\/wp\/v2\/media?parent=145"}],"wp:term":[{"taxonomy":"category","embeddable":true,"href":"https:\/\/www.carideal.com\/blog\/wp-json\/wp\/v2\/categories?post=145"},{"taxonomy":"post_tag","embeddable":true,"href":"https:\/\/www.carideal.com\/blog\/wp-json\/wp\/v2\/tags?post=145"}],"curies":[{"name":"wp","href":"https:\/\/api.w.org\/{rel}","templated":true}]}}