{"id":1444,"date":"2013-10-06T21:18:00","date_gmt":"2013-10-06T21:18:00","guid":{"rendered":"http:\/\/carideal.com\/blog\/?p=1444"},"modified":"2020-03-08T07:28:24","modified_gmt":"2020-03-08T06:28:24","slug":"les-petits-suv-urbains-se-lachent","status":"publish","type":"post","link":"https:\/\/www.carideal.com\/blog\/2013\/10\/06\/les-petits-suv-urbains-se-lachent\/","title":{"rendered":"Les petits SUV Urbains se lachent"},"content":{"rendered":"<h1>Les petits SUV Urbains se lachent<\/h1>\n<p><strong>2013 est un grand Cru pour les SUV urbain<\/strong>. <a href=\"http:\/\/www.carideal.com\/blog\/marque-de-voiture-actualites-essais\/peugeot\/\">Peugeot<\/a> et <a href=\"http:\/\/www.carideal.com\/blog\/marque-de-voiture-actualites-essais\/renault\/\">Renault<\/a> s'y investissent avec leur <a href=\"http:\/\/www.carideal.com\/blog\/2013\/10\/26\/le-succes-du-suv-peugeot-2008\/\">2008<\/a> et <a href=\"http:\/\/www.carideal.com\/blog\/2013\/02\/24\/renault-capture-la-clio-en-mode-4x4\/\">Captur<\/a>. Pourtant la concurrence y est rude avec des acteurs en pr\u00e9sence qui ne vont pas se laisser faire, L'<a href=\"http:\/\/www.carideal.com\/blog\/2012\/04\/08\/opel-moka\/\">Opel Mokka<\/a> qui plaira aux familles et son cousin moins ch\u00e8re le Chevrolet Trax. Le concurrent \u00e0 abattre, le num\u00e9ro 1 c'est le Nissan Juke\u00a0! Il y a aussi la Panda Trekking, le Skoda Yeti ou la Mini Countryman et Paceman, voila qui promet un beau duel.<\/p>\n<h3><strong>LE NISSAN JUKE<\/strong><\/h3>\n<figure style=\"width: 438px\" class=\"wp-caption alignnone\"><img loading=\"lazy\" decoding=\"async\" title=\"Nissan Juke 1.5 DCI 110 \u00e0 partir de 18990 \u20ac\" src=\"\/blog\/public\/.nissan-juke-carideal-mandataire-automobile_m.jpg\" alt=\"Nissan Juke 1.5 DCI 110 \u00e0 partir de 18990 \u20ac\" width=\"448\" height=\"336\" \/><figcaption class=\"wp-caption-text\">Nissan Juke 1.5 DCI 110 \u00e0 partir de 18990 \u20ac<\/figcaption><\/figure>\n<p>On aime ou on aime pas son look d'extra terrestre\u00a0! depuis qu'il est arriv\u00e9 sur terre, il est devenu le num\u00e9ro 1 des ventes des SUV urbains\u00a0: 21300 exemplaires vendus en France en 2012, contre 8400 Mini Countryman et 3400 Skoda Yeti. Les Peugeot 2008 et Renault Captur devrait changer la donne en 2013.<br \/>\nSon moteur d'origine Renault est souple et silencieux, et sa direction est vive, on prend plaisir \u00e0 le conduire en ville et en dehors. Par contre le Nissan Juke n'est pas tr\u00e8s accueillant avec une garde au toit faible aux places arri\u00e8res et un faible volume de coffre, seulement 251 litres. Les tarifs s'\u00e9chelonnent de moins de 19000 \u20ac \u00e0 20440 \u20ac en Version Accenta.<\/p>\n<h3>RENAULT CAPTUR<\/h3>\n<figure style=\"width: 438px\" class=\"wp-caption alignnone\"><img loading=\"lazy\" decoding=\"async\" title=\"Renault Captur 1.5 DCI 90 \u00e0 partir de 17700 \u20ac\" src=\"\/blog\/public\/.Achat-renault-captur-carideal-mandataire-automobile-chambery-savoie_m.jpg\" alt=\"Renault Captur 1.5 DCI 90 \u00e0 partir de 17700 \u20ac\" width=\"448\" height=\"297\" \/><figcaption class=\"wp-caption-text\">Renault Captur 1.5 DCI 90 \u00e0 partir de 17700 \u20ac<\/figcaption><\/figure>\n<p>Renault a su investir de nouveau cr\u00e9neau ou niche, avec ses <a href=\"http:\/\/www.carideal.com\/blog\/2015\/02\/08\/nouveau-renault-espace-2014\/\">Renault Espace<\/a>, <a href=\"http:\/\/www.carideal.com\/blog\/2013\/09\/01\/que-vaut-le-nouveau-renault-scenic-scenic-restyle\/\">Sc\u00e9nic<\/a> ou Avantime, mais cette fois pas sur le march\u00e9 des SUV urbains, ou il a pr\u00e9f\u00e9r\u00e9 regarder les autres faire. Renault a donc essay\u00e9 de calquer le meilleur de la concurrence avec son look de 4x4 et sa garde au sol haute de 20 cm, des plastiques entourant les arches de roues et m\u00eame la possibilit\u00e9 de personnaliser son Captur comme une Citadine premium avec un toit bi-ton sur haut de gamme.<br \/>\nLa banquette arri\u00e8re coulisse sur 16 cm comme sur un monospace faisant varier le volume du coffre de 377 \u00e0 455 litres avec un plancher plat \u00e0 3 niveaux.<br \/>\nSur la finition haut de gamme Intens les si\u00e8ges sont m\u00eame d\u00e9houssables afin d'\u00eatre lav\u00e9s en machine. La Finition Intens \u00e0 21300 \u20ac est bien \u00e9quip\u00e9e avec le GPS tactile, le radar de recul et des jantes de 17\", mais la finition interm\u00e9diaire Zen \u00e0 19600 \u20ac est d\u00e9j\u00e0 bien \u00e9quip\u00e9e, avec la climatisation, le Bluetooth, et la prise USB, rendant le Captur 1300 \u20ac plus ch\u00e8re qu'une Clio qui poss\u00e8de la m\u00eame base technique.<br \/>\nLe moteur DCI 90 est silencieux et peu gourmand en carburant, mais peu v\u00e9loce sur ce SUV urbain. La suspension arri\u00e8re est s\u00e8che et secoue les passagers et la qualit\u00e9s des plastiques employ\u00e9s est de bas de gamme.<\/p>\n<h3>SKODA YETI<\/h3>\n Skoda Yeti 2.0 TDI 110 4x2 \u00e0 partir de 22930 \u20ac\n<p>Voila d\u00e9j\u00e0 4 ans que le Skoda Yeti parcoure le bitume de nos routes, il fut l'un des pionniers. Le Skoda Yeti a de nombreux avantage qui mettent en avant sa modularit\u00e9, sa banquette arri\u00e8re coulissante, ses si\u00e8ges lat\u00e9raux extractibles et pas mal d'autres accessoires dignes d'un monospace. Le seuil de chargement est trop haut et les passages de roues pro\u00e9minent peuvent g\u00eaner le chargement. Il vaut mieux choisir le moteur 2.0 TDI 110 plus souple \u00e0 bas r\u00e9gime que le 1.6 TDI 105 Greenline, les deux manquent de puissance.<br \/>\nSa position de conduite en hauteur donne une bonne visibilit\u00e9 au conducteur pour lui permettre de bien appr\u00e9hender les rues des villes malgr\u00e9 sa longueur de 4.22 m, gr\u00e2ce aussi \u00e0 son capot plat et son arri\u00e8re droit. Les suspensions sont dures et le Yeti reste bruyant sur autoroute.<br \/>\nLe Skoda Yeti reste ch\u00e8re 24165 \u20ac dans sa version haut de gamme Ambition.<\/p>\n<h3>PEUGEOT 2008<\/h3>\n<figure style=\"width: 438px\" class=\"wp-caption alignnone\"><img loading=\"lazy\" decoding=\"async\" title=\"Peugeot 2008 1.6 e-HDI 92 \u00e0 partir de 19700 \u20ac\" src=\"\/blog\/public\/.Peugeot_2008_essai-carideal-mandataire-automobile_m.jpg\" alt=\"Peugeot 2008 1.6 e-HDI 92 \u00e0 partir de 19700 \u20ac\" width=\"448\" height=\"298\" \/><figcaption class=\"wp-caption-text\">Peugeot 2008 1.6 e-HDI 92 \u00e0 partir de 19700 \u20ac<\/figcaption><\/figure>\n<p>Apr\u00e8s le <a href=\"http:\/\/www.carideal.com\/blog\/2013\/12\/25\/nouveau-peugeot-3008-restyle\/\">3008<\/a> et le <a href=\"http:\/\/www.carideal.com\/blog\/2012\/06\/12\/peugeot-4008-2\/\">4008<\/a> <a href=\"http:\/\/www.carideal.com\/blog\/marque-de-voiture-actualites-essais\/peugeot\/\">Peugeot<\/a> lance un petit crossover urbain, le 2008 qui n'est disponible qu'en deux roues motrices mais il pourra quand m\u00eame \u00eatre \u00e9quip\u00e9 du syst\u00e8me d'antipatinage \u00e9lectronique <a href=\"http:\/\/www.carideal.com\/blog\/2014\/02\/14\/on-a-teste-le-peugeot-2008-grip-control-sur-la-neige-surprenant\/\"><strong>Grip Control<\/strong><\/a> pour les routes glissantes, <a href=\"http:\/\/www.carideal.com\/blog\/2018\/02\/18\/meilleures-voitures-neige\/\">Neige<\/a>, Tout chemin et sable avec ses pneus mixtes.<br \/>\nIl remplace dans dans la gamme Peugeot la 207 SW, il ressemble plus d'ailleurs \u00e0 un break sur-\u00e9lev\u00e9 \u00e9quip\u00e9 fa\u00e7on baroudeur avec des barres de toit, des sabots de protection en inox et autres accessoires typiques.<\/p>\n<ul>\n<li><a href=\"http:\/\/www.carideal.com\/blog\/2018\/01\/07\/10-meilleurs-suv-neige\/\">Les meilleurs SUV pour la neige<\/a><\/li>\n<\/ul>\n<p>Il sait rester modulaire avec son coffre facile d'acc\u00e8s, et sa banquette escamotable afin d'obtenir un plancher plat en 2 places. Le 2008 profite d'un centre de gravit\u00e9 bas, ce qui le rend extr\u00eamement agile sur route. D'ailleurs le 2008 reprend la m\u00eame base technique que la 2008, son tableau de bord et son petit volant. La finition a bord fait mieux que la concurrence. Le nombre de moteurs disponibles est le plus important de la concurrence avec des moteurs essences et diesel de 68 \u00e0 120 ch.<br \/>\nLa version milieu de gamme Active, propose d\u00e9j\u00e0 l'essentiel avec la climatisation, le bluetooth l'\u00e9cran tactile et la prise USB.<br \/>\nLe 2008 est au dessus du Lot.<\/p>\n<h3>CHEVROLET TRAX<\/h3>\n<figure style=\"width: 438px\" class=\"wp-caption alignnone\"><img loading=\"lazy\" decoding=\"async\" title=\"Chevrolet Trax 1.7 VCDi 4x2\" src=\"\/blog\/public\/.chevrolet_Trax_carideal_mandataire_automobile_m.jpg\" alt=\"Chevrolet Trax 1.7 VCDi 4x2\" width=\"448\" height=\"280\" \/><figcaption class=\"wp-caption-text\">Chevrolet Trax 1.7 VCDi 4x2<\/figcaption><\/figure>\n<p>Il s'agit du cousin de l'Opel Mokka, il mesure 4 cm de moins, ils sont tous les fabriqu\u00e9s dans les m\u00eames usines au Mexique et en Cor\u00e9e. Le <a href=\"http:\/\/www.carideal.com\/blog\/2013\/09\/15\/chevrolet-trax-2\/\">Chevrolet Trax<\/a> pourra tr\u00e8s bien servir de petit monospace \u00e0 une jeune famille, et sera plus pratique qu'un Renault Captur, ou un Nissan Juke. Mais son premier concurrent reste son cousin le Mokka. Le Trax est plus pratique \u00e0 l'int\u00e9rieur avec par exemple son syst\u00e8me multim\u00e9dia My Link avec son \u00e9cran tactile.<br \/>\nMais son argument majeur est son prix\u00a0! 2370 \u20ac moins ch\u00e8re que l'Opel Mokka pour 3 ans de garantie. Son principal d\u00e9faut\u00a0: son moteur 1.7 VCDi de 130 ch trop bruyant et Opel aurait pu ajouter un deuxi\u00e8me moteur moins puissant.<\/p>\n<h3>FIAT PANDA TREKKING<\/h3>\n<figure style=\"width: 438px\" class=\"wp-caption alignnone\"><img loading=\"lazy\" decoding=\"async\" title=\"Fiat Panda Trekking 1.3 Mjet 75 \u00e0 partir de 15340 \u20ac\" src=\"\/blog\/public\/.Fiat-Panda-Trekking-carideal-mandataire-automobile_m.jpg\" alt=\"Fiat Panda Trekking 1.3 Mjet 75 \u00e0 partir de 15340 \u20ac\" width=\"448\" height=\"298\" \/><figcaption class=\"wp-caption-text\">Fiat Panda Trekking 1.3 Mjet 75 \u00e0 partir de 15340 \u20ac<\/figcaption><\/figure>\n<p>La premi\u00e8re <a href=\"http:\/\/www.carideal.com\/blog\/2012\/12\/14\/fiat-panda-4x4\/\">Panda 4x4<\/a> date de 30 ans... et elle passe partout et mieux que beaucoup de <a href=\"http:\/\/www.carideal.com\/blog\/2017\/05\/08\/guide-dachat-4x4-et-suv-les-meilleurs-en-2017\/\">gros 4x4<\/a>. Elle est aujourd'hui propos\u00e9 en 4x2, fi la transmission quatre roues motrices mais garde tous ses autres avantages dont sa garde au sol augment\u00e9e \u00e0 16 cm, sabots de protections lat\u00e9rales, pneus mixtes, syst\u00e8me de motricit\u00e9 renforc\u00e9e ...<br \/>\nLa Fiat Panda Trekking voit sont tarif baisser de 1500 \u20ac par rapport \u00e0 la version 4x4, elle est \u00e9quip\u00e9 l'ESP, la climatisation, la radio CD, et les jantes en alu, mais pas de banquette arri\u00e8re fractionnable, ni r\u00e9troviseurs chauffants, ni USB.<br \/>\nSon gabarit court de 3.69 m, sa position de conduite haute, font d'elle la reine des parking en ville, ou des chemins de montagne, moins ch\u00e8re ya pas !<\/p>\n<h3>OPEL MOKKA<\/h3>\n<figure style=\"width: 438px\" class=\"wp-caption alignnone\"><img loading=\"lazy\" decoding=\"async\" title=\"Opel Mokka 1.7 CDTi 130 Ch 4x2\" src=\"\/blog\/public\/.opel-mokka-carideal-blog-automobile_m.jpg\" alt=\"Opel Mokka 1.7 CDTi 130 Ch 4x2\" width=\"448\" height=\"252\" \/><figcaption class=\"wp-caption-text\">Opel Mokka 1.7 CDTi 130 Ch 4x2<\/figcaption><\/figure>\n<p>L'opel Mokka comme son cousin le Chevrolet Trax est \u00e0 la limite du segment sup\u00e9rieur tant pas sa taille et ses 4.28 m, c'est long pour un SUV Urbain et viendrait presque chasser sur les terres du Nissan Qashqai. l'habitacle est g\u00e9n\u00e9reux comme son coffre de 356 litres et peut presque faire office de monospace.La ceinture de caisse est un peu trop haute \u00e0 l'arri\u00e8re, ce qui peu g\u00eaner les enfants pour voir la route et les rendre malade. Trop de boutons sur le tableau de bord perd l'utilisateur, mais la position de conduite est bonne. Les suspensions offrent un bon compromis entre le confort et la tenue de route qui vont bien au moteur de 130 ch.<br \/>\nMais le moteur est trop bruyant comme dans le Trax, la direction lourde, et la commande de boite de vitesse peu pr\u00e9cise.<br \/>\nUn moteur moins puissant permettrait de proposer un prix moindre.<\/p>\n<h3>MINI COUNTRYMAN<\/h3>\n<figure style=\"width: 438px\" class=\"wp-caption alignnone\"><img loading=\"lazy\" decoding=\"async\" title=\"Mini Countryman Cooper SD 143 ch \u00e0 partir de 29400 \u20ac\" src=\"\/blog\/public\/.Mini-Countryman-blog-carideal-mandataire-automobile-chambery_m.jpg\" alt=\"Mini Countryman Cooper SD 143 ch \u00e0 partir de 29400 \u20ac\" width=\"448\" height=\"295\" \/><figcaption class=\"wp-caption-text\">Mini Countryman Cooper SD 143 ch \u00e0 partir de 29400 \u20ac<\/figcaption><\/figure>\n<p>Mini a d\u00e9cid\u00e9 de se diversifier et de sortir du cr\u00e9neau des citadines, en Investissant celui des SUV Urbain. Le Countryman est le plus court de la concurrence avec seulement 4.10 m. Mais il conserve toute la panoplie des avantages qui ont fait le succ\u00e8s de Mini, toit et coquille de r\u00e9tro bi-ton, c, des dizaines de mod\u00e8les de jantes, stikers de toit et de capot etc. Le Countryman reprend la planche de bord de la Mini, mais la diff\u00e9rence principale vient de la banquette arri\u00e8re qui offre une large place aux jambes en coulissant sur 13 cm. Il existe m\u00eame une option pour la remplacer par deux si\u00e8ges individuels. Le coffre offre un volume compris entre 350 et 440 litres.<br \/>\nLa <a href=\"http:\/\/www.carideal.com\/blog\/2012\/10\/12\/la-mini-countryman-sera-fabriquee-aux-pays-bas\/\">Mini Countryman<\/a> est agile sur la route et les 140 ch du bruyant moteur 2 litres ne sont pas de trop pour bouger les 1400 kg du SUV. Son principale d\u00e9faut reste son prix\u00a0: ch\u00e8re 29400 \u20ac pour cette finition Cooper SD. On pourra s'offrir la version 4x4 pour 1700 \u20ac de plus. A choisir la version Cooper D 112 ch, vous devrez rajouter en option la climatisation automatique, le r\u00e9gulateur de vitesse, les antibrouillards, et les jantes en alliage, et son moteur est plus faible...<\/p>\n","protected":false},"excerpt":{"rendered":"<p>Les petits SUV Urbains se lachent 2013 est un grand Cru pour les SUV urbain. Peugeot et Renault s&rsquo;y investissent avec leur 2008 et Captur. Pourtant la concurrence y est rude avec des acteurs en pr\u00e9sence qui ne vont pas se laisser faire, L&rsquo;Opel Mokka qui plaira aux familles et son cousin moins ch\u00e8re le &#8230; <a title=\"Les petits SUV Urbains se lachent\" class=\"read-more\" href=\"https:\/\/www.carideal.com\/blog\/2013\/10\/06\/les-petits-suv-urbains-se-lachent\/\" aria-label=\"En savoir plus sur Les petits SUV Urbains se lachent\">Lire plus<\/a><\/p>\n","protected":false},"author":1,"featured_media":17728,"comment_status":"open","ping_status":"open","sticky":false,"template":"","format":"standard","meta":{"_uag_custom_page_level_css":"","_themeisle_gutenberg_block_has_review":false,"footnotes":""},"categories":[10,6010,5974],"tags":[6236,5044,5813],"class_list":["post-1444","post","type-post","status-publish","format-standard","has-post-thumbnail","hentry","category-marche-automobile-voiture-neuve-occasion-4x4-suv","category-suv","category-type-de-vehicule","tag-guide-achat-4x4-et-suv","tag-guide-achat","tag-meilleur-site"],"wppr_data":{"cwp_meta_box_check":"No"},"yoast_head":"<!-- This site is optimized with the Yoast SEO plugin v24.8.1 - https:\/\/yoast.com\/wordpress\/plugins\/seo\/ -->\n<title>Les petits SUV Urbains se lachent - Blog auto Carid\u00e9al<\/title>\n<meta name=\"description\" content=\"Les petits SUV Urbains se lachent. Les constructeurs ont bien compris que le secteur des petits SUV urbains \u00e9tait en forte progression et renforcent leur pr\u00e9sence.\" \/>\n<meta name=\"robots\" content=\"index, follow, max-snippet:-1, max-image-preview:large, max-video-preview:-1\" \/>\n<link rel=\"canonical\" href=\"https:\/\/www.carideal.com\/blog\/2013\/10\/06\/les-petits-suv-urbains-se-lachent\/\" \/>\n<meta property=\"og:locale\" content=\"fr_FR\" \/>\n<meta property=\"og:type\" content=\"article\" \/>\n<meta property=\"og:title\" content=\"Les petits SUV Urbains se lachent - Blog auto Carid\u00e9al\" \/>\n<meta property=\"og:description\" content=\"Les petits SUV Urbains se lachent. Les constructeurs ont bien compris que le secteur des petits SUV urbains \u00e9tait en forte progression et renforcent leur pr\u00e9sence.\" \/>\n<meta property=\"og:url\" content=\"https:\/\/www.carideal.com\/blog\/2013\/10\/06\/les-petits-suv-urbains-se-lachent\/\" \/>\n<meta property=\"og:site_name\" content=\"Blog auto Carid\u00e9al\" \/>\n<meta property=\"article:publisher\" content=\"https:\/\/www.facebook.com\/Carideal.mandataire.automobile\" \/>\n<meta property=\"article:author\" content=\"https:\/\/www.facebook.com\/Carideal.mandataire.automobile\/\" \/>\n<meta property=\"article:published_time\" content=\"2013-10-06T21:18:00+00:00\" \/>\n<meta property=\"article:modified_time\" content=\"2020-03-08T06:28:24+00:00\" \/>\n<meta property=\"og:image\" content=\"https:\/\/www.carideal.com\/blog\/wp-content\/uploads\/2013\/10\/suv-urbain-e1540295563151.jpg\" \/>\n\t<meta property=\"og:image:width\" content=\"800\" \/>\n\t<meta property=\"og:image:height\" content=\"533\" \/>\n\t<meta property=\"og:image:type\" content=\"image\/jpeg\" \/>\n<meta name=\"author\" content=\"N.S Carideal\" \/>\n<meta name=\"twitter:card\" content=\"summary_large_image\" \/>\n<meta name=\"twitter:creator\" content=\"@caridealauto\" \/>\n<meta name=\"twitter:site\" content=\"@caridealauto\" \/>\n<meta name=\"twitter:label1\" content=\"\u00c9crit par\" \/>\n\t<meta name=\"twitter:data1\" content=\"N.S Carideal\" \/>\n\t<meta name=\"twitter:label2\" content=\"Dur\u00e9e de lecture estim\u00e9e\" \/>\n\t<meta name=\"twitter:data2\" content=\"8 minutes\" \/>\n<script type=\"application\/ld+json\" class=\"yoast-schema-graph\">{\"@context\":\"https:\/\/schema.org\",\"@graph\":[{\"@type\":\"Article\",\"@id\":\"https:\/\/www.carideal.com\/blog\/2013\/10\/06\/les-petits-suv-urbains-se-lachent\/#article\",\"isPartOf\":{\"@id\":\"https:\/\/www.carideal.com\/blog\/2013\/10\/06\/les-petits-suv-urbains-se-lachent\/\"},\"author\":{\"name\":\"N.S Carideal\",\"@id\":\"https:\/\/www.carideal.com\/blog\/#\/schema\/person\/985c7e757d1042d647f21bfaf8d41ebc\"},\"headline\":\"Les petits SUV Urbains se lachent\",\"datePublished\":\"2013-10-06T21:18:00+00:00\",\"dateModified\":\"2020-03-08T06:28:24+00:00\",\"mainEntityOfPage\":{\"@id\":\"https:\/\/www.carideal.com\/blog\/2013\/10\/06\/les-petits-suv-urbains-se-lachent\/\"},\"wordCount\":1510,\"commentCount\":0,\"publisher\":{\"@id\":\"https:\/\/www.carideal.com\/blog\/#organization\"},\"image\":{\"@id\":\"https:\/\/www.carideal.com\/blog\/2013\/10\/06\/les-petits-suv-urbains-se-lachent\/#primaryimage\"},\"thumbnailUrl\":\"https:\/\/www.carideal.com\/blog\/wp-content\/uploads\/2013\/10\/suv-urbain-e1540295563151.jpg\",\"keywords\":[\"Guide achat 4x4 et SUV\",\"Guide achat voiture\",\"Meilleur SUV\"],\"articleSection\":[\"March\u00e9 automobile\",\"SUV\",\"Type de v\u00e9hicule\"],\"inLanguage\":\"fr-FR\",\"potentialAction\":[{\"@type\":\"CommentAction\",\"name\":\"Comment\",\"target\":[\"https:\/\/www.carideal.com\/blog\/2013\/10\/06\/les-petits-suv-urbains-se-lachent\/#respond\"]}]},{\"@type\":\"WebPage\",\"@id\":\"https:\/\/www.carideal.com\/blog\/2013\/10\/06\/les-petits-suv-urbains-se-lachent\/\",\"url\":\"https:\/\/www.carideal.com\/blog\/2013\/10\/06\/les-petits-suv-urbains-se-lachent\/\",\"name\":\"Les petits SUV Urbains se lachent - Blog auto Carid\u00e9al\",\"isPartOf\":{\"@id\":\"https:\/\/www.carideal.com\/blog\/#website\"},\"primaryImageOfPage\":{\"@id\":\"https:\/\/www.carideal.com\/blog\/2013\/10\/06\/les-petits-suv-urbains-se-lachent\/#primaryimage\"},\"image\":{\"@id\":\"https:\/\/www.carideal.com\/blog\/2013\/10\/06\/les-petits-suv-urbains-se-lachent\/#primaryimage\"},\"thumbnailUrl\":\"https:\/\/www.carideal.com\/blog\/wp-content\/uploads\/2013\/10\/suv-urbain-e1540295563151.jpg\",\"datePublished\":\"2013-10-06T21:18:00+00:00\",\"dateModified\":\"2020-03-08T06:28:24+00:00\",\"description\":\"Les petits SUV Urbains se lachent. Les constructeurs ont bien compris que le secteur des petits SUV urbains \u00e9tait en forte progression et renforcent leur pr\u00e9sence.\",\"breadcrumb\":{\"@id\":\"https:\/\/www.carideal.com\/blog\/2013\/10\/06\/les-petits-suv-urbains-se-lachent\/#breadcrumb\"},\"inLanguage\":\"fr-FR\",\"potentialAction\":[{\"@type\":\"ReadAction\",\"target\":[\"https:\/\/www.carideal.com\/blog\/2013\/10\/06\/les-petits-suv-urbains-se-lachent\/\"]}]},{\"@type\":\"ImageObject\",\"inLanguage\":\"fr-FR\",\"@id\":\"https:\/\/www.carideal.com\/blog\/2013\/10\/06\/les-petits-suv-urbains-se-lachent\/#primaryimage\",\"url\":\"https:\/\/www.carideal.com\/blog\/wp-content\/uploads\/2013\/10\/suv-urbain-e1540295563151.jpg\",\"contentUrl\":\"https:\/\/www.carideal.com\/blog\/wp-content\/uploads\/2013\/10\/suv-urbain-e1540295563151.jpg\",\"width\":800,\"height\":533,\"caption\":\"Les petits SUV Urbains se lachent\"},{\"@type\":\"BreadcrumbList\",\"@id\":\"https:\/\/www.carideal.com\/blog\/2013\/10\/06\/les-petits-suv-urbains-se-lachent\/#breadcrumb\",\"itemListElement\":[{\"@type\":\"ListItem\",\"position\":1,\"name\":\"Blog Carid\u00e9al\",\"item\":\"https:\/\/www.carideal.com\/blog\/\"},{\"@type\":\"ListItem\",\"position\":2,\"name\":\"March\u00e9 automobile\",\"item\":\"https:\/\/www.carideal.com\/blog\/marche-automobile-voiture-neuve-occasion-4x4-suv\/\"},{\"@type\":\"ListItem\",\"position\":3,\"name\":\"Les petits SUV Urbains se lachent\"}]},{\"@type\":\"WebSite\",\"@id\":\"https:\/\/www.carideal.com\/blog\/#website\",\"url\":\"https:\/\/www.carideal.com\/blog\/\",\"name\":\"Blog auto Carid\u00e9al\",\"description\":\"Actualit\u00e9 auto par des passionn\u00e9s\",\"publisher\":{\"@id\":\"https:\/\/www.carideal.com\/blog\/#organization\"},\"potentialAction\":[{\"@type\":\"SearchAction\",\"target\":{\"@type\":\"EntryPoint\",\"urlTemplate\":\"https:\/\/www.carideal.com\/blog\/?s={search_term_string}\"},\"query-input\":{\"@type\":\"PropertyValueSpecification\",\"valueRequired\":true,\"valueName\":\"search_term_string\"}}],\"inLanguage\":\"fr-FR\"},{\"@type\":\"Organization\",\"@id\":\"https:\/\/www.carideal.com\/blog\/#organization\",\"name\":\"Carideal\",\"url\":\"https:\/\/www.carideal.com\/blog\/\",\"logo\":{\"@type\":\"ImageObject\",\"inLanguage\":\"fr-FR\",\"@id\":\"https:\/\/www.carideal.com\/blog\/#\/schema\/logo\/image\/\",\"url\":\"http:\/\/www.carideal.com\/blog\/wp-content\/uploads\/2016\/03\/logo-carideal-mandataire-automobile.png\",\"contentUrl\":\"http:\/\/www.carideal.com\/blog\/wp-content\/uploads\/2016\/03\/logo-carideal-mandataire-automobile.png\",\"width\":300,\"height\":300,\"caption\":\"Carideal\"},\"image\":{\"@id\":\"https:\/\/www.carideal.com\/blog\/#\/schema\/logo\/image\/\"},\"sameAs\":[\"https:\/\/www.facebook.com\/Carideal.mandataire.automobile\",\"https:\/\/x.com\/caridealauto\",\"https:\/\/www.instagram.com\/carideal1\/\",\"https:\/\/www.linkedin.com\/company\/carideal.com\",\"https:\/\/fr.pinterest.com\/schiavonsas\/\",\"https:\/\/www.youtube.com\/user\/caridealsas\"]},{\"@type\":\"Person\",\"@id\":\"https:\/\/www.carideal.com\/blog\/#\/schema\/person\/985c7e757d1042d647f21bfaf8d41ebc\",\"name\":\"N.S Carideal\",\"image\":{\"@type\":\"ImageObject\",\"inLanguage\":\"fr-FR\",\"@id\":\"https:\/\/www.carideal.com\/blog\/#\/schema\/person\/image\/\",\"url\":\"https:\/\/secure.gravatar.com\/avatar\/edb7ccdf1a4e3d14aef967760d354d0e?s=96&r=g\",\"contentUrl\":\"https:\/\/secure.gravatar.com\/avatar\/edb7ccdf1a4e3d14aef967760d354d0e?s=96&r=g\",\"caption\":\"N.S Carideal\"},\"description\":\"Depuis tout petit fan d'automobile. Il est question d'essayer et de comparer toutes ces voitures qui nous ont fait r\u00e9ver, avant que celles-ci ne devient uniquement des voitures de collection.\",\"sameAs\":[\"http:\/\/www.carideal.com\/blog\",\"https:\/\/www.facebook.com\/Carideal.mandataire.automobile\/\",\"https:\/\/www.linkedin.com\/in\/nschiavon\/\",\"https:\/\/www.youtube.com\/user\/caridealsas\/\"],\"url\":\"https:\/\/www.carideal.com\/blog\/author\/admin_carideal\/\"}]}<\/script>\n<!-- \/ Yoast SEO plugin. -->","yoast_head_json":{"title":"Les petits SUV Urbains se lachent - Blog auto Carid\u00e9al","description":"Les petits SUV Urbains se lachent. Les constructeurs ont bien compris que le secteur des petits SUV urbains \u00e9tait en forte progression et renforcent leur pr\u00e9sence.","robots":{"index":"index","follow":"follow","max-snippet":"max-snippet:-1","max-image-preview":"max-image-preview:large","max-video-preview":"max-video-preview:-1"},"canonical":"https:\/\/www.carideal.com\/blog\/2013\/10\/06\/les-petits-suv-urbains-se-lachent\/","og_locale":"fr_FR","og_type":"article","og_title":"Les petits SUV Urbains se lachent - Blog auto Carid\u00e9al","og_description":"Les petits SUV Urbains se lachent. Les constructeurs ont bien compris que le secteur des petits SUV urbains \u00e9tait en forte progression et renforcent leur pr\u00e9sence.","og_url":"https:\/\/www.carideal.com\/blog\/2013\/10\/06\/les-petits-suv-urbains-se-lachent\/","og_site_name":"Blog auto Carid\u00e9al","article_publisher":"https:\/\/www.facebook.com\/Carideal.mandataire.automobile","article_author":"https:\/\/www.facebook.com\/Carideal.mandataire.automobile\/","article_published_time":"2013-10-06T21:18:00+00:00","article_modified_time":"2020-03-08T06:28:24+00:00","og_image":[{"width":800,"height":533,"url":"https:\/\/www.carideal.com\/blog\/wp-content\/uploads\/2013\/10\/suv-urbain-e1540295563151.jpg","type":"image\/jpeg"}],"author":"N.S Carideal","twitter_card":"summary_large_image","twitter_creator":"@caridealauto","twitter_site":"@caridealauto","twitter_misc":{"\u00c9crit par":"N.S Carideal","Dur\u00e9e de lecture estim\u00e9e":"8 minutes"},"schema":{"@context":"https:\/\/schema.org","@graph":[{"@type":"Article","@id":"https:\/\/www.carideal.com\/blog\/2013\/10\/06\/les-petits-suv-urbains-se-lachent\/#article","isPartOf":{"@id":"https:\/\/www.carideal.com\/blog\/2013\/10\/06\/les-petits-suv-urbains-se-lachent\/"},"author":{"name":"N.S Carideal","@id":"https:\/\/www.carideal.com\/blog\/#\/schema\/person\/985c7e757d1042d647f21bfaf8d41ebc"},"headline":"Les petits SUV Urbains se lachent","datePublished":"2013-10-06T21:18:00+00:00","dateModified":"2020-03-08T06:28:24+00:00","mainEntityOfPage":{"@id":"https:\/\/www.carideal.com\/blog\/2013\/10\/06\/les-petits-suv-urbains-se-lachent\/"},"wordCount":1510,"commentCount":0,"publisher":{"@id":"https:\/\/www.carideal.com\/blog\/#organization"},"image":{"@id":"https:\/\/www.carideal.com\/blog\/2013\/10\/06\/les-petits-suv-urbains-se-lachent\/#primaryimage"},"thumbnailUrl":"https:\/\/www.carideal.com\/blog\/wp-content\/uploads\/2013\/10\/suv-urbain-e1540295563151.jpg","keywords":["Guide achat 4x4 et SUV","Guide achat voiture","Meilleur SUV"],"articleSection":["March\u00e9 automobile","SUV","Type de v\u00e9hicule"],"inLanguage":"fr-FR","potentialAction":[{"@type":"CommentAction","name":"Comment","target":["https:\/\/www.carideal.com\/blog\/2013\/10\/06\/les-petits-suv-urbains-se-lachent\/#respond"]}]},{"@type":"WebPage","@id":"https:\/\/www.carideal.com\/blog\/2013\/10\/06\/les-petits-suv-urbains-se-lachent\/","url":"https:\/\/www.carideal.com\/blog\/2013\/10\/06\/les-petits-suv-urbains-se-lachent\/","name":"Les petits SUV Urbains se lachent - Blog auto Carid\u00e9al","isPartOf":{"@id":"https:\/\/www.carideal.com\/blog\/#website"},"primaryImageOfPage":{"@id":"https:\/\/www.carideal.com\/blog\/2013\/10\/06\/les-petits-suv-urbains-se-lachent\/#primaryimage"},"image":{"@id":"https:\/\/www.carideal.com\/blog\/2013\/10\/06\/les-petits-suv-urbains-se-lachent\/#primaryimage"},"thumbnailUrl":"https:\/\/www.carideal.com\/blog\/wp-content\/uploads\/2013\/10\/suv-urbain-e1540295563151.jpg","datePublished":"2013-10-06T21:18:00+00:00","dateModified":"2020-03-08T06:28:24+00:00","description":"Les petits SUV Urbains se lachent. Les constructeurs ont bien compris que le secteur des petits SUV urbains \u00e9tait en forte progression et renforcent leur pr\u00e9sence.","breadcrumb":{"@id":"https:\/\/www.carideal.com\/blog\/2013\/10\/06\/les-petits-suv-urbains-se-lachent\/#breadcrumb"},"inLanguage":"fr-FR","potentialAction":[{"@type":"ReadAction","target":["https:\/\/www.carideal.com\/blog\/2013\/10\/06\/les-petits-suv-urbains-se-lachent\/"]}]},{"@type":"ImageObject","inLanguage":"fr-FR","@id":"https:\/\/www.carideal.com\/blog\/2013\/10\/06\/les-petits-suv-urbains-se-lachent\/#primaryimage","url":"https:\/\/www.carideal.com\/blog\/wp-content\/uploads\/2013\/10\/suv-urbain-e1540295563151.jpg","contentUrl":"https:\/\/www.carideal.com\/blog\/wp-content\/uploads\/2013\/10\/suv-urbain-e1540295563151.jpg","width":800,"height":533,"caption":"Les petits SUV Urbains se lachent"},{"@type":"BreadcrumbList","@id":"https:\/\/www.carideal.com\/blog\/2013\/10\/06\/les-petits-suv-urbains-se-lachent\/#breadcrumb","itemListElement":[{"@type":"ListItem","position":1,"name":"Blog Carid\u00e9al","item":"https:\/\/www.carideal.com\/blog\/"},{"@type":"ListItem","position":2,"name":"March\u00e9 automobile","item":"https:\/\/www.carideal.com\/blog\/marche-automobile-voiture-neuve-occasion-4x4-suv\/"},{"@type":"ListItem","position":3,"name":"Les petits SUV Urbains se lachent"}]},{"@type":"WebSite","@id":"https:\/\/www.carideal.com\/blog\/#website","url":"https:\/\/www.carideal.com\/blog\/","name":"Blog auto Carid\u00e9al","description":"Actualit\u00e9 auto par des passionn\u00e9s","publisher":{"@id":"https:\/\/www.carideal.com\/blog\/#organization"},"potentialAction":[{"@type":"SearchAction","target":{"@type":"EntryPoint","urlTemplate":"https:\/\/www.carideal.com\/blog\/?s={search_term_string}"},"query-input":{"@type":"PropertyValueSpecification","valueRequired":true,"valueName":"search_term_string"}}],"inLanguage":"fr-FR"},{"@type":"Organization","@id":"https:\/\/www.carideal.com\/blog\/#organization","name":"Carideal","url":"https:\/\/www.carideal.com\/blog\/","logo":{"@type":"ImageObject","inLanguage":"fr-FR","@id":"https:\/\/www.carideal.com\/blog\/#\/schema\/logo\/image\/","url":"http:\/\/www.carideal.com\/blog\/wp-content\/uploads\/2016\/03\/logo-carideal-mandataire-automobile.png","contentUrl":"http:\/\/www.carideal.com\/blog\/wp-content\/uploads\/2016\/03\/logo-carideal-mandataire-automobile.png","width":300,"height":300,"caption":"Carideal"},"image":{"@id":"https:\/\/www.carideal.com\/blog\/#\/schema\/logo\/image\/"},"sameAs":["https:\/\/www.facebook.com\/Carideal.mandataire.automobile","https:\/\/x.com\/caridealauto","https:\/\/www.instagram.com\/carideal1\/","https:\/\/www.linkedin.com\/company\/carideal.com","https:\/\/fr.pinterest.com\/schiavonsas\/","https:\/\/www.youtube.com\/user\/caridealsas"]},{"@type":"Person","@id":"https:\/\/www.carideal.com\/blog\/#\/schema\/person\/985c7e757d1042d647f21bfaf8d41ebc","name":"N.S Carideal","image":{"@type":"ImageObject","inLanguage":"fr-FR","@id":"https:\/\/www.carideal.com\/blog\/#\/schema\/person\/image\/","url":"https:\/\/secure.gravatar.com\/avatar\/edb7ccdf1a4e3d14aef967760d354d0e?s=96&r=g","contentUrl":"https:\/\/secure.gravatar.com\/avatar\/edb7ccdf1a4e3d14aef967760d354d0e?s=96&r=g","caption":"N.S Carideal"},"description":"Depuis tout petit fan d'automobile. Il est question d'essayer et de comparer toutes ces voitures qui nous ont fait r\u00e9ver, avant que celles-ci ne devient uniquement des voitures de collection.","sameAs":["http:\/\/www.carideal.com\/blog","https:\/\/www.facebook.com\/Carideal.mandataire.automobile\/","https:\/\/www.linkedin.com\/in\/nschiavon\/","https:\/\/www.youtube.com\/user\/caridealsas\/"],"url":"https:\/\/www.carideal.com\/blog\/author\/admin_carideal\/"}]}},"uagb_featured_image_src":{"full":["https:\/\/www.carideal.com\/blog\/wp-content\/uploads\/2013\/10\/suv-urbain-e1540295563151.jpg",800,533,false],"thumbnail":["https:\/\/www.carideal.com\/blog\/wp-content\/uploads\/2013\/10\/suv-urbain-150x150.jpg",150,150,true],"medium":["https:\/\/www.carideal.com\/blog\/wp-content\/uploads\/2013\/10\/suv-urbain-300x200.jpg",300,200,true],"medium_large":["https:\/\/www.carideal.com\/blog\/wp-content\/uploads\/2013\/10\/suv-urbain-768x512.jpg",768,512,true],"large":["https:\/\/www.carideal.com\/blog\/wp-content\/uploads\/2013\/10\/suv-urbain-e1540295563151.jpg",800,533,false],"1536x1536":["https:\/\/www.carideal.com\/blog\/wp-content\/uploads\/2013\/10\/suv-urbain-e1540295563151.jpg",800,533,false],"2048x2048":["https:\/\/www.carideal.com\/blog\/wp-content\/uploads\/2013\/10\/suv-urbain-e1540295563151.jpg",800,533,false],"wppr-widget":["https:\/\/www.carideal.com\/blog\/wp-content\/uploads\/2013\/10\/suv-urbain-50x33.jpg",50,33,true]},"uagb_author_info":{"display_name":"N.S Carideal","author_link":"https:\/\/www.carideal.com\/blog\/author\/admin_carideal\/"},"uagb_comment_info":0,"uagb_excerpt":"Les petits SUV Urbains se lachent 2013 est un grand Cru pour les SUV urbain. Peugeot et Renault s'y investissent avec leur 2008 et Captur. Pourtant la concurrence y est rude avec des acteurs en pr\u00e9sence qui ne vont pas se laisser faire, L'Opel Mokka qui plaira aux familles et son cousin moins ch\u00e8re le\u2026","_links":{"self":[{"href":"https:\/\/www.carideal.com\/blog\/wp-json\/wp\/v2\/posts\/1444"}],"collection":[{"href":"https:\/\/www.carideal.com\/blog\/wp-json\/wp\/v2\/posts"}],"about":[{"href":"https:\/\/www.carideal.com\/blog\/wp-json\/wp\/v2\/types\/post"}],"author":[{"embeddable":true,"href":"https:\/\/www.carideal.com\/blog\/wp-json\/wp\/v2\/users\/1"}],"replies":[{"embeddable":true,"href":"https:\/\/www.carideal.com\/blog\/wp-json\/wp\/v2\/comments?post=1444"}],"version-history":[{"count":0,"href":"https:\/\/www.carideal.com\/blog\/wp-json\/wp\/v2\/posts\/1444\/revisions"}],"wp:featuredmedia":[{"embeddable":true,"href":"https:\/\/www.carideal.com\/blog\/wp-json\/wp\/v2\/media\/17728"}],"wp:attachment":[{"href":"https:\/\/www.carideal.com\/blog\/wp-json\/wp\/v2\/media?parent=1444"}],"wp:term":[{"taxonomy":"category","embeddable":true,"href":"https:\/\/www.carideal.com\/blog\/wp-json\/wp\/v2\/categories?post=1444"},{"taxonomy":"post_tag","embeddable":true,"href":"https:\/\/www.carideal.com\/blog\/wp-json\/wp\/v2\/tags?post=1444"}],"curies":[{"name":"wp","href":"https:\/\/api.w.org\/{rel}","templated":true}]}}