{"id":14403,"date":"2016-12-28T12:00:46","date_gmt":"2016-12-28T11:00:46","guid":{"rendered":"http:\/\/www.carideal.com\/blog\/?p=14403"},"modified":"2025-03-08T18:29:35","modified_gmt":"2025-03-08T17:29:35","slug":"jacky-ickx-pilote-de-f1-gagne-dakar","status":"publish","type":"post","link":"https:\/\/www.carideal.com\/blog\/2016\/12\/28\/jacky-ickx-pilote-de-f1-gagne-dakar\/","title":{"rendered":"Jacky Ickx le seul  ancien pilote de F1 \u00e0 gagner le Dakar"},"content":{"rendered":"\n<h2 class=\"wp-block-heading\" id=\"h-jacky-ickx-monsieur-le-mans-est-le-seul-ex-pilote-de-f1-a-gagner-le-dakar\">Jacky Ickx \"Monsieur le Mans\" est le seul ex-pilote de F1 \u00e0 gagner le Dakar<\/h2>\n\n\n\n<p>Jacky Ickx une belle aventure avec <a href=\"https:\/\/www.carideal.com\/blog\/marque-de-voiture-actualites-essais\/citroen\/\">Citro\u00ebn<\/a> en rallye Raid<\/p>\n\n\n\n<figure class=\"wp-block-image alignnone wp-image-14404 size-full\"><img loading=\"lazy\" decoding=\"async\" width=\"600\" height=\"331\" src=\"http:\/\/www.carideal.com\/blog\/wp-content\/uploads\/2016\/12\/jacky-ickx-citroen-dakar-10-e1584645651846.jpg\" alt=\"Jacky Ickx au rallye Dakar sur Porsche\" class=\"wp-image-14404\"\/><figcaption class=\"wp-element-caption\">Jacky Ickx au rallye Dakar sur Porsche<\/figcaption><\/figure>\n\n\n\n<p><strong>Jacky Ickx<\/strong> est n\u00e9 le 1er janvier 1945, de nationalit\u00e9 Belge, il a 6 victoires aux 24 heures du Mans entre 1969 et 1982 sur Ford et <a href=\"http:\/\/www.carideal.com\/blog\/marque-de-voiture-actualites-essais\/porsche\/\">Porsche<\/a>, le Dakar 1983 sur <a href=\"http:\/\/www.carideal.com\/blog\/marque-de-voiture-actualites-essais\/mercedes\/\">Mercedes<\/a> et second de la Baja Aragon 1990 avec <a href=\"http:\/\/www.carideal.com\/blog\/marque-de-voiture-actualites-essais\/citroen\/\">Citro\u00ebn<\/a> du temps de la grande \u00e9poque des rallye raid.<\/p>\n\n\n\n<p>Surnomm\u00e9 \u00ab Monsieur Le Mans \u00bb, pour avoir longtemps \u00e9t\u00e9 le recordman des victoires \u2014 six \u2014 aux mythiques<br>\n24 Heures, le pilote belge marquera \u00e0 jamais l'histoire du sport automobile, tant par son fair-play que par sa polyvalence : Formule 1 (deux fois vice-champion du monde, en 1982 et 1983), endurance, rallye raid...<\/p>\n\n\n\n<p>En 1981, il est d'ailleurs le premier ancien pilote de Formule 1 \u00e0 v\u00e9ritablement s'illustrer sur le Dakar. Tout d'abord avec une <a href=\"http:\/\/www.carideal.com\/blog\/2020\/04\/10\/la-citroen-cx-va-montrer-tout-son-potentiel-sur-les-pistes-africaines\/\">Citro\u00ebn CX 2400 GTi officielle<\/a>, copilot\u00e9e par l'acteur fran\u00e7ais Claude Brasseur. Auteur d'un scratch au cours de la onzi\u00e8me \u00e9tape, l'\u00e9quipage est malheureusement victime d'un accident le lendemain : il termine sa route sur un tonneau impressionnant. Le duo se reforme l'ann\u00e9e suivante, cette fois-ci pour le compte de Mercedes. Les deux hommes finissent \u00e0 la cinqui\u00e8me place, avant de s'imposer en 1983.<\/p>\n\n\n\n<p>Ickx reste \u00e0 ce jour le seul pilote de Formule 1 vainqueur du Dakar, auquel il participe encore de nombreuses fois par la suite, sous les couleurs de Porsche, Lada, <a href=\"http:\/\/www.carideal.com\/blog\/marque-de-voiture-actualites-essais\/peugeot\/\">Peugeot<\/a>, avec qui il manque de peu de s'imposer, en 1989 \u2014 la victoire se jouant \u00e0 pile ou face entre lui et Vatanen.<\/p>\n\n\n\n<figure class=\"wp-block-image alignnone wp-image-14410 size-full\"><img loading=\"lazy\" decoding=\"async\" width=\"640\" height=\"473\" src=\"http:\/\/www.carideal.com\/blog\/wp-content\/uploads\/2016\/12\/jacky-ickx-citroen-schiavon-bassens-chambery-5.gif\" alt=\"Citroen CX 2400 GTI sur le Paris Dakar 1981 avec Jacky Ickx et Claude Brasseur\" class=\"wp-image-14410\"\/><figcaption class=\"wp-element-caption\">Citroen CX 2400 GTI sur le Paris Dakar 1981 avec Jacky Ickx et Claude Brasseur<\/figcaption><\/figure>\n\n\n\n<p>Il commence \u00e0 faire parler de lui sur le <strong>rallye Paris-Dakar<\/strong> \u00e0 partir de 1981 au volant d'une Citro\u00ebn officielle, une CX 2400 GTI avec comme co-pilote, l'acteur fran\u00e7ais Claude Brasseur, ils ont m\u00eame r\u00e9ussi un temps scratch \u00e0 la onzi\u00e8me \u00e9tape, mais explose sa CX lors de la douzi\u00e8me \u00e9tape en partant en tonneau.<\/p>\n\n\n\n<p><strong>Kacky Ickx et Claude Brasseur reviennent en 1982 avec Mercedes et finissent \u00e0 la cinqui\u00e8me place avant de gagner en 1983.<\/strong><\/p>\n\n\n\n<h2 class=\"wp-block-heading\" id=\"h-jacky-ickx-est-le-seul-ancien-pilote-de-f1-a-s-etre-impose-sur-le-dakar\">Jacky Ickx est le seul ancien pilote de F1 \u00e0 s'\u00eatre impos\u00e9 sur le Dakar<\/h2>\n\n\n\n<figure class=\"wp-block-image alignnone wp-image-14409 size-full\"><img loading=\"lazy\" decoding=\"async\" width=\"474\" height=\"329\" src=\"http:\/\/www.carideal.com\/blog\/wp-content\/uploads\/2016\/12\/jacky-ickx-citroen-schiavon-bassens-chambery-2.jpg\" alt=\"Jacky Ickx citroen ZX rallye des Pharaons restera un bien mauvais souvenir pour lui qui perdra son copilote Christian tarin dans un terrible accident\" class=\"wp-image-14409\" srcset=\"https:\/\/www.carideal.com\/blog\/wp-content\/uploads\/2016\/12\/jacky-ickx-citroen-schiavon-bassens-chambery-2.jpg 474w, https:\/\/www.carideal.com\/blog\/wp-content\/uploads\/2016\/12\/jacky-ickx-citroen-schiavon-bassens-chambery-2-300x208.jpg 300w, https:\/\/www.carideal.com\/blog\/wp-content\/uploads\/2016\/12\/jacky-ickx-citroen-schiavon-bassens-chambery-2-110x76.jpg 110w, https:\/\/www.carideal.com\/blog\/wp-content\/uploads\/2016\/12\/jacky-ickx-citroen-schiavon-bassens-chambery-2-420x292.jpg 420w, https:\/\/www.carideal.com\/blog\/wp-content\/uploads\/2016\/12\/jacky-ickx-citroen-schiavon-bassens-chambery-2-50x35.jpg 50w\" sizes=\"(max-width: 474px) 100vw, 474px\" \/><figcaption class=\"wp-element-caption\">Jacky Ickx citroen ZX rallye des Pharaons restera un bien mauvais souvenir pour lui qui perdra son copilote Christian tarin dans un terrible accident<\/figcaption><\/figure>\n\n\n\n<p>Il continue ensuite \u00e0 participer de nombreuse fois avec Porsche, Lada, <a href=\"http:\/\/www.carideal.com\/blog\/marque-de-voiture-actualites-essais\/peugeot\/\">Peugeot<\/a> avec qui il aurait du gagner mais la victoire s'est tir\u00e9 \u00e0 pile ou face avec <a href=\"http:\/\/www.carideal.com\/blog\/2020\/03\/29\/ari-vatanen-est-de-la-race-des-seigneurs\/\">Ari Vatanen<\/a> en 1989.<\/p>\n\n\n\n<p>En 1991 et 1992, c'est un retour aux sources, puisqu'il repart sur les pistes \u00ab dakariennes \u00bb avec Citro\u00ebn, sur une ZX, apr\u00e8s s'\u00eatre familiaris\u00e9 avec cette voiture d\u00e8s 1990, sur la Baja Aragon en Espagne. Meurtri par la disparition accidentelle de son navigateur, Christian Tarin, lors du rallye des Pharaons 1991, il ne reviendra sur le Dakar qu'en 1995 sur un Toyota diesel, puis en 2000, avec sa fille Vanina, elle-m\u00eame devenue une pilote remarqu\u00e9e dans le monde de l'endurance.<\/p>\n\n\n\n<p>\u00c0 65 ans, Jacky fait une apparition en tant qu'ambassadeur de la marque Volkswagen sur le dernier Dakar, disput\u00e9 d\u00e9sormais en Argentine et au Chili. De quoi lui donner des id\u00e9es ? \u00ab Il faut garder les pieds sur terre. On ne peut pas imaginer \u00eatre comp\u00e9titif sur le <a href=\"http:\/\/www.carideal.com\/blog\/2016\/12\/24\/histoire-du-rallye-dakar\/\">Dakar<\/a> \u00e0 mon \u00e2ge.<\/p>\n\n\n\n<p>J'ai eu la chance de le faire quinze fois. L'avenir appartient aux jeunes qui ont plein de r\u00eaves et qui veulent aller au bout. \u00bb Ceux-l\u00e0 pourront en tout cas s'inspirer de leur prestigieux a\u00een\u00e9.<\/p>\n\n\n\n<h2 class=\"wp-block-heading\" id=\"h-des-images-de-jacky-ickx-au-rallye-dakar\">Des images de Jacky Ickx au rallye Dakar<\/h2>\n\n\n\n<figure class=\"wp-block-gallery has-nested-images columns-3 is-cropped wp-block-gallery-2 is-layout-flex wp-block-gallery-is-layout-flex\">\n<figure class=\"wp-block-image size-large\"><img loading=\"lazy\" decoding=\"async\" width=\"458\" height=\"317\" data-id=\"14405\" src=\"https:\/\/www.carideal.com\/blog\/wp-content\/uploads\/2016\/12\/jacky-ickx-citroen-dakar.jpg\" alt=\"Jacky Ickx citroen ZX rallye Dakar\" class=\"wp-image-14405\" srcset=\"https:\/\/www.carideal.com\/blog\/wp-content\/uploads\/2016\/12\/jacky-ickx-citroen-dakar.jpg 458w, https:\/\/www.carideal.com\/blog\/wp-content\/uploads\/2016\/12\/jacky-ickx-citroen-dakar-300x208.jpg 300w, https:\/\/www.carideal.com\/blog\/wp-content\/uploads\/2016\/12\/jacky-ickx-citroen-dakar-110x76.jpg 110w, https:\/\/www.carideal.com\/blog\/wp-content\/uploads\/2016\/12\/jacky-ickx-citroen-dakar-420x291.jpg 420w, https:\/\/www.carideal.com\/blog\/wp-content\/uploads\/2016\/12\/jacky-ickx-citroen-dakar-50x35.jpg 50w\" sizes=\"(max-width: 458px) 100vw, 458px\" \/><\/figure>\n\n\n\n<figure class=\"wp-block-image size-large\"><img loading=\"lazy\" decoding=\"async\" width=\"298\" height=\"169\" data-id=\"14406\" src=\"https:\/\/www.carideal.com\/blog\/wp-content\/uploads\/2016\/12\/jacky-ickx-citroen-dakar-3.jpg\" alt=\"Jacky Ickx au Dakar sur Citroen ZX\" class=\"wp-image-14406\" srcset=\"https:\/\/www.carideal.com\/blog\/wp-content\/uploads\/2016\/12\/jacky-ickx-citroen-dakar-3.jpg 298w, https:\/\/www.carideal.com\/blog\/wp-content\/uploads\/2016\/12\/jacky-ickx-citroen-dakar-3-110x62.jpg 110w, https:\/\/www.carideal.com\/blog\/wp-content\/uploads\/2016\/12\/jacky-ickx-citroen-dakar-3-50x28.jpg 50w\" sizes=\"(max-width: 298px) 100vw, 298px\" \/><\/figure>\n\n\n\n<figure class=\"wp-block-image size-large\"><img loading=\"lazy\" decoding=\"async\" width=\"400\" height=\"200\" data-id=\"14407\" src=\"https:\/\/www.carideal.com\/blog\/wp-content\/uploads\/2016\/12\/jacky-ickx-citroen-dakar-9.jpe\" alt=\"1981 Paris Dakar Jacky Ickx Claude Brasseur Citroen CX 2400 GTI\" class=\"wp-image-14407\" srcset=\"https:\/\/www.carideal.com\/blog\/wp-content\/uploads\/2016\/12\/jacky-ickx-citroen-dakar-9.jpe 400w, https:\/\/www.carideal.com\/blog\/wp-content\/uploads\/2016\/12\/jacky-ickx-citroen-dakar-9-300x150.jpe 300w, https:\/\/www.carideal.com\/blog\/wp-content\/uploads\/2016\/12\/jacky-ickx-citroen-dakar-9-110x55.jpe 110w, https:\/\/www.carideal.com\/blog\/wp-content\/uploads\/2016\/12\/jacky-ickx-citroen-dakar-9-50x25.jpe 50w\" sizes=\"(max-width: 400px) 100vw, 400px\" \/><\/figure>\n\n\n\n<figure class=\"wp-block-image size-large\"><img loading=\"lazy\" decoding=\"async\" width=\"750\" height=\"414\" data-id=\"14408\" src=\"https:\/\/www.carideal.com\/blog\/wp-content\/uploads\/2016\/12\/jacky-ickx-citroen-dakar-10-1.jpg\" alt=\"Jacky Ickx au volant de sa Porsche au Dakar\" class=\"wp-image-14408\" srcset=\"https:\/\/www.carideal.com\/blog\/wp-content\/uploads\/2016\/12\/jacky-ickx-citroen-dakar-10-1.jpg 750w, https:\/\/www.carideal.com\/blog\/wp-content\/uploads\/2016\/12\/jacky-ickx-citroen-dakar-10-1-300x166.jpg 300w, https:\/\/www.carideal.com\/blog\/wp-content\/uploads\/2016\/12\/jacky-ickx-citroen-dakar-10-1-110x61.jpg 110w, https:\/\/www.carideal.com\/blog\/wp-content\/uploads\/2016\/12\/jacky-ickx-citroen-dakar-10-1-420x232.jpg 420w, https:\/\/www.carideal.com\/blog\/wp-content\/uploads\/2016\/12\/jacky-ickx-citroen-dakar-10-1-248x138.jpg 248w, https:\/\/www.carideal.com\/blog\/wp-content\/uploads\/2016\/12\/jacky-ickx-citroen-dakar-10-1-50x28.jpg 50w\" sizes=\"(max-width: 750px) 100vw, 750px\" \/><\/figure>\n\n\n\n<figure class=\"wp-block-image size-large\"><img loading=\"lazy\" decoding=\"async\" width=\"474\" height=\"329\" data-id=\"14409\" src=\"https:\/\/www.carideal.com\/blog\/wp-content\/uploads\/2016\/12\/jacky-ickx-citroen-schiavon-bassens-chambery-2.jpg\" alt=\"Jacky Ickx citroen ZX rallye des Pharaons restera un bien mauvais souvenir pour lui qui perdra son copilote Christian tarin dans un terrible accident\" class=\"wp-image-14409\" srcset=\"https:\/\/www.carideal.com\/blog\/wp-content\/uploads\/2016\/12\/jacky-ickx-citroen-schiavon-bassens-chambery-2.jpg 474w, https:\/\/www.carideal.com\/blog\/wp-content\/uploads\/2016\/12\/jacky-ickx-citroen-schiavon-bassens-chambery-2-300x208.jpg 300w, https:\/\/www.carideal.com\/blog\/wp-content\/uploads\/2016\/12\/jacky-ickx-citroen-schiavon-bassens-chambery-2-110x76.jpg 110w, https:\/\/www.carideal.com\/blog\/wp-content\/uploads\/2016\/12\/jacky-ickx-citroen-schiavon-bassens-chambery-2-420x292.jpg 420w, https:\/\/www.carideal.com\/blog\/wp-content\/uploads\/2016\/12\/jacky-ickx-citroen-schiavon-bassens-chambery-2-50x35.jpg 50w\" sizes=\"(max-width: 474px) 100vw, 474px\" \/><\/figure>\n\n\n\n<figure class=\"wp-block-image size-large\"><img loading=\"lazy\" decoding=\"async\" width=\"640\" height=\"473\" data-id=\"14410\" src=\"https:\/\/www.carideal.com\/blog\/wp-content\/uploads\/2016\/12\/jacky-ickx-citroen-schiavon-bassens-chambery-5.gif\" alt=\"Citroen CX 2400 GTI sur le Paris Dakar 1981 avec Jacky Ickx et Claude Brasseur\" class=\"wp-image-14410\"\/><\/figure>\n\n\n\n<figure class=\"wp-block-image size-large\"><img loading=\"lazy\" decoding=\"async\" width=\"640\" height=\"466\" data-id=\"14411\" src=\"https:\/\/www.carideal.com\/blog\/wp-content\/uploads\/2016\/12\/jacky-ickx-citroen-schiavon-bassens-chambery-6.gif\" alt=\"\" class=\"wp-image-14411\"\/><\/figure>\n<\/figure>\n","protected":false},"excerpt":{"rendered":"<p>Jacky Ickx \u00ab\u00a0Monsieur le Mans\u00a0\u00bb est le seul ex-pilote de F1 \u00e0 gagner le Dakar Jacky Ickx une belle aventure avec Citro\u00ebn en rallye Raid Jacky Ickx est n\u00e9 le 1er janvier 1945, de nationalit\u00e9 Belge, il a 6 victoires aux 24 heures du Mans entre 1969 et 1982 sur Ford et Porsche, le Dakar &#8230; <a title=\"Jacky Ickx le seul  ancien pilote de F1 \u00e0 gagner le Dakar\" class=\"read-more\" href=\"https:\/\/www.carideal.com\/blog\/2016\/12\/28\/jacky-ickx-pilote-de-f1-gagne-dakar\/\" aria-label=\"En savoir plus sur Jacky Ickx le seul  ancien pilote de F1 \u00e0 gagner le Dakar\">Lire plus<\/a><\/p>\n","protected":false},"author":3,"featured_media":14404,"comment_status":"open","ping_status":"open","sticky":false,"template":"","format":"standard","meta":{"_uag_custom_page_level_css":"","_themeisle_gutenberg_block_has_review":false,"footnotes":""},"categories":[6043,16],"tags":[6048,17230],"class_list":["post-14403","post","type-post","status-publish","format-standard","has-post-thumbnail","hentry","category-dakar","category-sport-auto","tag-accident-dakar","tag-citroen-rallye-raid"],"wppr_data":{"cwp_meta_box_check":"No"},"yoast_head":"<!-- This site is optimized with the Yoast SEO plugin v24.8.1 - https:\/\/yoast.com\/wordpress\/plugins\/seo\/ -->\n<title>Jacky Ickx le seul ancien pilote de F1 \u00e0 gagner le Dakar - Blog auto Carid\u00e9al<\/title>\n<meta name=\"description\" content=\"Jacky Ickx a 6 victoires aux 24 heures du Mans entre 69 et 1982 sur Ford et Porsche, le Dakar 1983 sur Mercedes et second de la Baja Aragon 90 avec Citroen\" \/>\n<meta name=\"robots\" content=\"index, follow, max-snippet:-1, max-image-preview:large, max-video-preview:-1\" \/>\n<link rel=\"canonical\" href=\"https:\/\/www.carideal.com\/blog\/2016\/12\/28\/jacky-ickx-pilote-de-f1-gagne-dakar\/\" \/>\n<meta property=\"og:locale\" content=\"fr_FR\" \/>\n<meta property=\"og:type\" content=\"article\" \/>\n<meta property=\"og:title\" content=\"Jacky Ickx le seul ancien pilote de F1 \u00e0 gagner le Dakar - Blog auto Carid\u00e9al\" \/>\n<meta property=\"og:description\" content=\"Jacky Ickx a 6 victoires aux 24 heures du Mans entre 69 et 1982 sur Ford et Porsche, le Dakar 1983 sur Mercedes et second de la Baja Aragon 90 avec Citroen\" \/>\n<meta property=\"og:url\" content=\"https:\/\/www.carideal.com\/blog\/2016\/12\/28\/jacky-ickx-pilote-de-f1-gagne-dakar\/\" \/>\n<meta property=\"og:site_name\" content=\"Blog auto Carid\u00e9al\" \/>\n<meta property=\"article:publisher\" content=\"https:\/\/www.facebook.com\/Carideal.mandataire.automobile\" \/>\n<meta property=\"article:author\" content=\"https:\/\/www.facebook.com\/nicolas.schiavon.39\" \/>\n<meta property=\"article:published_time\" content=\"2016-12-28T11:00:46+00:00\" \/>\n<meta property=\"article:modified_time\" content=\"2025-03-08T17:29:35+00:00\" \/>\n<meta property=\"og:image\" content=\"https:\/\/www.carideal.com\/blog\/wp-content\/uploads\/2016\/12\/jacky-ickx-citroen-dakar-10-e1584645651846.jpg\" \/>\n\t<meta property=\"og:image:width\" content=\"600\" \/>\n\t<meta property=\"og:image:height\" content=\"331\" \/>\n\t<meta property=\"og:image:type\" content=\"image\/jpeg\" \/>\n<meta name=\"author\" content=\"Nicolas SCHIAVON\" \/>\n<meta name=\"twitter:card\" content=\"summary_large_image\" \/>\n<meta name=\"twitter:creator\" content=\"@caridealauto\" \/>\n<meta name=\"twitter:site\" content=\"@caridealauto\" \/>\n<meta name=\"twitter:label1\" content=\"\u00c9crit par\" \/>\n\t<meta name=\"twitter:data1\" content=\"Nicolas SCHIAVON\" \/>\n\t<meta name=\"twitter:label2\" content=\"Dur\u00e9e de lecture estim\u00e9e\" \/>\n\t<meta name=\"twitter:data2\" content=\"6 minutes\" \/>\n<script type=\"application\/ld+json\" class=\"yoast-schema-graph\">{\"@context\":\"https:\/\/schema.org\",\"@graph\":[{\"@type\":\"Article\",\"@id\":\"https:\/\/www.carideal.com\/blog\/2016\/12\/28\/jacky-ickx-pilote-de-f1-gagne-dakar\/#article\",\"isPartOf\":{\"@id\":\"https:\/\/www.carideal.com\/blog\/2016\/12\/28\/jacky-ickx-pilote-de-f1-gagne-dakar\/\"},\"author\":{\"name\":\"Nicolas SCHIAVON\",\"@id\":\"https:\/\/www.carideal.com\/blog\/#\/schema\/person\/cd95dc7919660de90d31b366f85be1ec\"},\"headline\":\"Jacky Ickx le seul ancien pilote de F1 \u00e0 gagner le Dakar\",\"datePublished\":\"2016-12-28T11:00:46+00:00\",\"dateModified\":\"2025-03-08T17:29:35+00:00\",\"mainEntityOfPage\":{\"@id\":\"https:\/\/www.carideal.com\/blog\/2016\/12\/28\/jacky-ickx-pilote-de-f1-gagne-dakar\/\"},\"wordCount\":597,\"commentCount\":0,\"publisher\":{\"@id\":\"https:\/\/www.carideal.com\/blog\/#organization\"},\"image\":{\"@id\":\"https:\/\/www.carideal.com\/blog\/2016\/12\/28\/jacky-ickx-pilote-de-f1-gagne-dakar\/#primaryimage\"},\"thumbnailUrl\":\"https:\/\/www.carideal.com\/blog\/wp-content\/uploads\/2016\/12\/jacky-ickx-citroen-dakar-10-e1584645651846.jpg\",\"keywords\":[\"Accident Paris Dakar\",\"Citroen Rallye &amp; raid\"],\"articleSection\":[\"Rallye Dakar\",\"Sport Automobile\"],\"inLanguage\":\"fr-FR\",\"potentialAction\":[{\"@type\":\"CommentAction\",\"name\":\"Comment\",\"target\":[\"https:\/\/www.carideal.com\/blog\/2016\/12\/28\/jacky-ickx-pilote-de-f1-gagne-dakar\/#respond\"]}]},{\"@type\":\"WebPage\",\"@id\":\"https:\/\/www.carideal.com\/blog\/2016\/12\/28\/jacky-ickx-pilote-de-f1-gagne-dakar\/\",\"url\":\"https:\/\/www.carideal.com\/blog\/2016\/12\/28\/jacky-ickx-pilote-de-f1-gagne-dakar\/\",\"name\":\"Jacky Ickx le seul ancien pilote de F1 \u00e0 gagner le Dakar - Blog auto Carid\u00e9al\",\"isPartOf\":{\"@id\":\"https:\/\/www.carideal.com\/blog\/#website\"},\"primaryImageOfPage\":{\"@id\":\"https:\/\/www.carideal.com\/blog\/2016\/12\/28\/jacky-ickx-pilote-de-f1-gagne-dakar\/#primaryimage\"},\"image\":{\"@id\":\"https:\/\/www.carideal.com\/blog\/2016\/12\/28\/jacky-ickx-pilote-de-f1-gagne-dakar\/#primaryimage\"},\"thumbnailUrl\":\"https:\/\/www.carideal.com\/blog\/wp-content\/uploads\/2016\/12\/jacky-ickx-citroen-dakar-10-e1584645651846.jpg\",\"datePublished\":\"2016-12-28T11:00:46+00:00\",\"dateModified\":\"2025-03-08T17:29:35+00:00\",\"description\":\"Jacky Ickx a 6 victoires aux 24 heures du Mans entre 69 et 1982 sur Ford et Porsche, le Dakar 1983 sur Mercedes et second de la Baja Aragon 90 avec Citroen\",\"breadcrumb\":{\"@id\":\"https:\/\/www.carideal.com\/blog\/2016\/12\/28\/jacky-ickx-pilote-de-f1-gagne-dakar\/#breadcrumb\"},\"inLanguage\":\"fr-FR\",\"potentialAction\":[{\"@type\":\"ReadAction\",\"target\":[\"https:\/\/www.carideal.com\/blog\/2016\/12\/28\/jacky-ickx-pilote-de-f1-gagne-dakar\/\"]}]},{\"@type\":\"ImageObject\",\"inLanguage\":\"fr-FR\",\"@id\":\"https:\/\/www.carideal.com\/blog\/2016\/12\/28\/jacky-ickx-pilote-de-f1-gagne-dakar\/#primaryimage\",\"url\":\"https:\/\/www.carideal.com\/blog\/wp-content\/uploads\/2016\/12\/jacky-ickx-citroen-dakar-10-e1584645651846.jpg\",\"contentUrl\":\"https:\/\/www.carideal.com\/blog\/wp-content\/uploads\/2016\/12\/jacky-ickx-citroen-dakar-10-e1584645651846.jpg\",\"width\":600,\"height\":331,\"caption\":\"Jacky Ickx au rallye Dakar sur Porsche\"},{\"@type\":\"BreadcrumbList\",\"@id\":\"https:\/\/www.carideal.com\/blog\/2016\/12\/28\/jacky-ickx-pilote-de-f1-gagne-dakar\/#breadcrumb\",\"itemListElement\":[{\"@type\":\"ListItem\",\"position\":1,\"name\":\"Blog Carid\u00e9al\",\"item\":\"https:\/\/www.carideal.com\/blog\/\"},{\"@type\":\"ListItem\",\"position\":2,\"name\":\"Sport Automobile\",\"item\":\"https:\/\/www.carideal.com\/blog\/sport-auto\/\"},{\"@type\":\"ListItem\",\"position\":3,\"name\":\"Rallye Dakar\",\"item\":\"https:\/\/www.carideal.com\/blog\/sport-auto\/dakar\/\"},{\"@type\":\"ListItem\",\"position\":4,\"name\":\"Jacky Ickx le seul ancien pilote de F1 \u00e0 gagner le Dakar\"}]},{\"@type\":\"WebSite\",\"@id\":\"https:\/\/www.carideal.com\/blog\/#website\",\"url\":\"https:\/\/www.carideal.com\/blog\/\",\"name\":\"Blog auto Carid\u00e9al\",\"description\":\"Actualit\u00e9 auto par des passionn\u00e9s\",\"publisher\":{\"@id\":\"https:\/\/www.carideal.com\/blog\/#organization\"},\"potentialAction\":[{\"@type\":\"SearchAction\",\"target\":{\"@type\":\"EntryPoint\",\"urlTemplate\":\"https:\/\/www.carideal.com\/blog\/?s={search_term_string}\"},\"query-input\":{\"@type\":\"PropertyValueSpecification\",\"valueRequired\":true,\"valueName\":\"search_term_string\"}}],\"inLanguage\":\"fr-FR\"},{\"@type\":\"Organization\",\"@id\":\"https:\/\/www.carideal.com\/blog\/#organization\",\"name\":\"Carideal\",\"url\":\"https:\/\/www.carideal.com\/blog\/\",\"logo\":{\"@type\":\"ImageObject\",\"inLanguage\":\"fr-FR\",\"@id\":\"https:\/\/www.carideal.com\/blog\/#\/schema\/logo\/image\/\",\"url\":\"http:\/\/www.carideal.com\/blog\/wp-content\/uploads\/2016\/03\/logo-carideal-mandataire-automobile.png\",\"contentUrl\":\"http:\/\/www.carideal.com\/blog\/wp-content\/uploads\/2016\/03\/logo-carideal-mandataire-automobile.png\",\"width\":300,\"height\":300,\"caption\":\"Carideal\"},\"image\":{\"@id\":\"https:\/\/www.carideal.com\/blog\/#\/schema\/logo\/image\/\"},\"sameAs\":[\"https:\/\/www.facebook.com\/Carideal.mandataire.automobile\",\"https:\/\/x.com\/caridealauto\",\"https:\/\/www.instagram.com\/carideal1\/\",\"https:\/\/www.linkedin.com\/company\/carideal.com\",\"https:\/\/fr.pinterest.com\/schiavonsas\/\",\"https:\/\/www.youtube.com\/user\/caridealsas\"]},{\"@type\":\"Person\",\"@id\":\"https:\/\/www.carideal.com\/blog\/#\/schema\/person\/cd95dc7919660de90d31b366f85be1ec\",\"name\":\"Nicolas SCHIAVON\",\"image\":{\"@type\":\"ImageObject\",\"inLanguage\":\"fr-FR\",\"@id\":\"https:\/\/www.carideal.com\/blog\/#\/schema\/person\/image\/\",\"url\":\"https:\/\/secure.gravatar.com\/avatar\/c17e55009e671d92cc7f5dc837dc418a?s=96&r=g\",\"contentUrl\":\"https:\/\/secure.gravatar.com\/avatar\/c17e55009e671d92cc7f5dc837dc418a?s=96&r=g\",\"caption\":\"Nicolas SCHIAVON\"},\"description\":\"Nicolas Schiavon est tomb\u00e9 tout petit dans la marmite automobile. Ayant eu un garage de marque automobile, mandataire automobile de la premi\u00e8re heure d\u00e8s 1999. Nicolas a cr\u00e9\u00e9 ces premiers sites de vente de voiture et blog automobile d\u00e8s 1994. Carideal est n\u00e9 le 15 d\u00e9cembre 2000 de la volont\u00e9 de vendre des voitures d'occasions en ligne puis des voitures neuves. Il a pu essayer beaucoup de voitures tr\u00e8s diff\u00e9rentes et ayant eu personnellement quelques belles autos, Subaru Impreza, Mitsubishi Lancer Evo 7, Porsche 911, Ferrari Testarrossa, Audi RS3, RS4 et j'en passe...\",\"sameAs\":[\"http:\/\/www.carideal.com\",\"https:\/\/www.facebook.com\/nicolas.schiavon.39\",\"https:\/\/www.instagram.com\/carideal1\/\",\"https:\/\/www.linkedin.com\/in\/nschiavon\/\",\"https:\/\/x.com\/caridealauto\",\"https:\/\/www.youtube.com\/user\/caridealsas\/\"],\"url\":\"https:\/\/www.carideal.com\/blog\/author\/nschiavon\/\"}]}<\/script>\n<!-- \/ Yoast SEO plugin. -->","yoast_head_json":{"title":"Jacky Ickx le seul ancien pilote de F1 \u00e0 gagner le Dakar - Blog auto Carid\u00e9al","description":"Jacky Ickx a 6 victoires aux 24 heures du Mans entre 69 et 1982 sur Ford et Porsche, le Dakar 1983 sur Mercedes et second de la Baja Aragon 90 avec Citroen","robots":{"index":"index","follow":"follow","max-snippet":"max-snippet:-1","max-image-preview":"max-image-preview:large","max-video-preview":"max-video-preview:-1"},"canonical":"https:\/\/www.carideal.com\/blog\/2016\/12\/28\/jacky-ickx-pilote-de-f1-gagne-dakar\/","og_locale":"fr_FR","og_type":"article","og_title":"Jacky Ickx le seul ancien pilote de F1 \u00e0 gagner le Dakar - Blog auto Carid\u00e9al","og_description":"Jacky Ickx a 6 victoires aux 24 heures du Mans entre 69 et 1982 sur Ford et Porsche, le Dakar 1983 sur Mercedes et second de la Baja Aragon 90 avec Citroen","og_url":"https:\/\/www.carideal.com\/blog\/2016\/12\/28\/jacky-ickx-pilote-de-f1-gagne-dakar\/","og_site_name":"Blog auto Carid\u00e9al","article_publisher":"https:\/\/www.facebook.com\/Carideal.mandataire.automobile","article_author":"https:\/\/www.facebook.com\/nicolas.schiavon.39","article_published_time":"2016-12-28T11:00:46+00:00","article_modified_time":"2025-03-08T17:29:35+00:00","og_image":[{"width":600,"height":331,"url":"https:\/\/www.carideal.com\/blog\/wp-content\/uploads\/2016\/12\/jacky-ickx-citroen-dakar-10-e1584645651846.jpg","type":"image\/jpeg"}],"author":"Nicolas SCHIAVON","twitter_card":"summary_large_image","twitter_creator":"@caridealauto","twitter_site":"@caridealauto","twitter_misc":{"\u00c9crit par":"Nicolas SCHIAVON","Dur\u00e9e de lecture estim\u00e9e":"6 minutes"},"schema":{"@context":"https:\/\/schema.org","@graph":[{"@type":"Article","@id":"https:\/\/www.carideal.com\/blog\/2016\/12\/28\/jacky-ickx-pilote-de-f1-gagne-dakar\/#article","isPartOf":{"@id":"https:\/\/www.carideal.com\/blog\/2016\/12\/28\/jacky-ickx-pilote-de-f1-gagne-dakar\/"},"author":{"name":"Nicolas SCHIAVON","@id":"https:\/\/www.carideal.com\/blog\/#\/schema\/person\/cd95dc7919660de90d31b366f85be1ec"},"headline":"Jacky Ickx le seul ancien pilote de F1 \u00e0 gagner le Dakar","datePublished":"2016-12-28T11:00:46+00:00","dateModified":"2025-03-08T17:29:35+00:00","mainEntityOfPage":{"@id":"https:\/\/www.carideal.com\/blog\/2016\/12\/28\/jacky-ickx-pilote-de-f1-gagne-dakar\/"},"wordCount":597,"commentCount":0,"publisher":{"@id":"https:\/\/www.carideal.com\/blog\/#organization"},"image":{"@id":"https:\/\/www.carideal.com\/blog\/2016\/12\/28\/jacky-ickx-pilote-de-f1-gagne-dakar\/#primaryimage"},"thumbnailUrl":"https:\/\/www.carideal.com\/blog\/wp-content\/uploads\/2016\/12\/jacky-ickx-citroen-dakar-10-e1584645651846.jpg","keywords":["Accident Paris Dakar","Citroen Rallye &amp; raid"],"articleSection":["Rallye Dakar","Sport Automobile"],"inLanguage":"fr-FR","potentialAction":[{"@type":"CommentAction","name":"Comment","target":["https:\/\/www.carideal.com\/blog\/2016\/12\/28\/jacky-ickx-pilote-de-f1-gagne-dakar\/#respond"]}]},{"@type":"WebPage","@id":"https:\/\/www.carideal.com\/blog\/2016\/12\/28\/jacky-ickx-pilote-de-f1-gagne-dakar\/","url":"https:\/\/www.carideal.com\/blog\/2016\/12\/28\/jacky-ickx-pilote-de-f1-gagne-dakar\/","name":"Jacky Ickx le seul ancien pilote de F1 \u00e0 gagner le Dakar - Blog auto Carid\u00e9al","isPartOf":{"@id":"https:\/\/www.carideal.com\/blog\/#website"},"primaryImageOfPage":{"@id":"https:\/\/www.carideal.com\/blog\/2016\/12\/28\/jacky-ickx-pilote-de-f1-gagne-dakar\/#primaryimage"},"image":{"@id":"https:\/\/www.carideal.com\/blog\/2016\/12\/28\/jacky-ickx-pilote-de-f1-gagne-dakar\/#primaryimage"},"thumbnailUrl":"https:\/\/www.carideal.com\/blog\/wp-content\/uploads\/2016\/12\/jacky-ickx-citroen-dakar-10-e1584645651846.jpg","datePublished":"2016-12-28T11:00:46+00:00","dateModified":"2025-03-08T17:29:35+00:00","description":"Jacky Ickx a 6 victoires aux 24 heures du Mans entre 69 et 1982 sur Ford et Porsche, le Dakar 1983 sur Mercedes et second de la Baja Aragon 90 avec Citroen","breadcrumb":{"@id":"https:\/\/www.carideal.com\/blog\/2016\/12\/28\/jacky-ickx-pilote-de-f1-gagne-dakar\/#breadcrumb"},"inLanguage":"fr-FR","potentialAction":[{"@type":"ReadAction","target":["https:\/\/www.carideal.com\/blog\/2016\/12\/28\/jacky-ickx-pilote-de-f1-gagne-dakar\/"]}]},{"@type":"ImageObject","inLanguage":"fr-FR","@id":"https:\/\/www.carideal.com\/blog\/2016\/12\/28\/jacky-ickx-pilote-de-f1-gagne-dakar\/#primaryimage","url":"https:\/\/www.carideal.com\/blog\/wp-content\/uploads\/2016\/12\/jacky-ickx-citroen-dakar-10-e1584645651846.jpg","contentUrl":"https:\/\/www.carideal.com\/blog\/wp-content\/uploads\/2016\/12\/jacky-ickx-citroen-dakar-10-e1584645651846.jpg","width":600,"height":331,"caption":"Jacky Ickx au rallye Dakar sur Porsche"},{"@type":"BreadcrumbList","@id":"https:\/\/www.carideal.com\/blog\/2016\/12\/28\/jacky-ickx-pilote-de-f1-gagne-dakar\/#breadcrumb","itemListElement":[{"@type":"ListItem","position":1,"name":"Blog Carid\u00e9al","item":"https:\/\/www.carideal.com\/blog\/"},{"@type":"ListItem","position":2,"name":"Sport Automobile","item":"https:\/\/www.carideal.com\/blog\/sport-auto\/"},{"@type":"ListItem","position":3,"name":"Rallye Dakar","item":"https:\/\/www.carideal.com\/blog\/sport-auto\/dakar\/"},{"@type":"ListItem","position":4,"name":"Jacky Ickx le seul ancien pilote de F1 \u00e0 gagner le Dakar"}]},{"@type":"WebSite","@id":"https:\/\/www.carideal.com\/blog\/#website","url":"https:\/\/www.carideal.com\/blog\/","name":"Blog auto Carid\u00e9al","description":"Actualit\u00e9 auto par des passionn\u00e9s","publisher":{"@id":"https:\/\/www.carideal.com\/blog\/#organization"},"potentialAction":[{"@type":"SearchAction","target":{"@type":"EntryPoint","urlTemplate":"https:\/\/www.carideal.com\/blog\/?s={search_term_string}"},"query-input":{"@type":"PropertyValueSpecification","valueRequired":true,"valueName":"search_term_string"}}],"inLanguage":"fr-FR"},{"@type":"Organization","@id":"https:\/\/www.carideal.com\/blog\/#organization","name":"Carideal","url":"https:\/\/www.carideal.com\/blog\/","logo":{"@type":"ImageObject","inLanguage":"fr-FR","@id":"https:\/\/www.carideal.com\/blog\/#\/schema\/logo\/image\/","url":"http:\/\/www.carideal.com\/blog\/wp-content\/uploads\/2016\/03\/logo-carideal-mandataire-automobile.png","contentUrl":"http:\/\/www.carideal.com\/blog\/wp-content\/uploads\/2016\/03\/logo-carideal-mandataire-automobile.png","width":300,"height":300,"caption":"Carideal"},"image":{"@id":"https:\/\/www.carideal.com\/blog\/#\/schema\/logo\/image\/"},"sameAs":["https:\/\/www.facebook.com\/Carideal.mandataire.automobile","https:\/\/x.com\/caridealauto","https:\/\/www.instagram.com\/carideal1\/","https:\/\/www.linkedin.com\/company\/carideal.com","https:\/\/fr.pinterest.com\/schiavonsas\/","https:\/\/www.youtube.com\/user\/caridealsas"]},{"@type":"Person","@id":"https:\/\/www.carideal.com\/blog\/#\/schema\/person\/cd95dc7919660de90d31b366f85be1ec","name":"Nicolas SCHIAVON","image":{"@type":"ImageObject","inLanguage":"fr-FR","@id":"https:\/\/www.carideal.com\/blog\/#\/schema\/person\/image\/","url":"https:\/\/secure.gravatar.com\/avatar\/c17e55009e671d92cc7f5dc837dc418a?s=96&r=g","contentUrl":"https:\/\/secure.gravatar.com\/avatar\/c17e55009e671d92cc7f5dc837dc418a?s=96&r=g","caption":"Nicolas SCHIAVON"},"description":"Nicolas Schiavon est tomb\u00e9 tout petit dans la marmite automobile. Ayant eu un garage de marque automobile, mandataire automobile de la premi\u00e8re heure d\u00e8s 1999. Nicolas a cr\u00e9\u00e9 ces premiers sites de vente de voiture et blog automobile d\u00e8s 1994. Carideal est n\u00e9 le 15 d\u00e9cembre 2000 de la volont\u00e9 de vendre des voitures d'occasions en ligne puis des voitures neuves. Il a pu essayer beaucoup de voitures tr\u00e8s diff\u00e9rentes et ayant eu personnellement quelques belles autos, Subaru Impreza, Mitsubishi Lancer Evo 7, Porsche 911, Ferrari Testarrossa, Audi RS3, RS4 et j'en passe...","sameAs":["http:\/\/www.carideal.com","https:\/\/www.facebook.com\/nicolas.schiavon.39","https:\/\/www.instagram.com\/carideal1\/","https:\/\/www.linkedin.com\/in\/nschiavon\/","https:\/\/x.com\/caridealauto","https:\/\/www.youtube.com\/user\/caridealsas\/"],"url":"https:\/\/www.carideal.com\/blog\/author\/nschiavon\/"}]}},"uagb_featured_image_src":{"full":["https:\/\/www.carideal.com\/blog\/wp-content\/uploads\/2016\/12\/jacky-ickx-citroen-dakar-10-e1584645651846.jpg",600,331,false],"thumbnail":["https:\/\/www.carideal.com\/blog\/wp-content\/uploads\/2016\/12\/jacky-ickx-citroen-dakar-10-150x150.jpg",150,150,true],"medium":["https:\/\/www.carideal.com\/blog\/wp-content\/uploads\/2016\/12\/jacky-ickx-citroen-dakar-10-300x166.jpg",300,166,true],"medium_large":["https:\/\/www.carideal.com\/blog\/wp-content\/uploads\/2016\/12\/jacky-ickx-citroen-dakar-10-e1584645651846.jpg",600,331,false],"large":["https:\/\/www.carideal.com\/blog\/wp-content\/uploads\/2016\/12\/jacky-ickx-citroen-dakar-10-e1584645651846.jpg",600,331,false],"1536x1536":["https:\/\/www.carideal.com\/blog\/wp-content\/uploads\/2016\/12\/jacky-ickx-citroen-dakar-10-e1584645651846.jpg",600,331,false],"2048x2048":["https:\/\/www.carideal.com\/blog\/wp-content\/uploads\/2016\/12\/jacky-ickx-citroen-dakar-10-e1584645651846.jpg",600,331,false],"wppr-widget":["https:\/\/www.carideal.com\/blog\/wp-content\/uploads\/2016\/12\/jacky-ickx-citroen-dakar-10-e1584645651846.jpg",50,28,false]},"uagb_author_info":{"display_name":"Nicolas SCHIAVON","author_link":"https:\/\/www.carideal.com\/blog\/author\/nschiavon\/"},"uagb_comment_info":0,"uagb_excerpt":"Jacky Ickx \"Monsieur le Mans\" est le seul ex-pilote de F1 \u00e0 gagner le Dakar Jacky Ickx une belle aventure avec Citro\u00ebn en rallye Raid Jacky Ickx est n\u00e9 le 1er janvier 1945, de nationalit\u00e9 Belge, il a 6 victoires aux 24 heures du Mans entre 1969 et 1982 sur Ford et Porsche, le Dakar\u2026","_links":{"self":[{"href":"https:\/\/www.carideal.com\/blog\/wp-json\/wp\/v2\/posts\/14403"}],"collection":[{"href":"https:\/\/www.carideal.com\/blog\/wp-json\/wp\/v2\/posts"}],"about":[{"href":"https:\/\/www.carideal.com\/blog\/wp-json\/wp\/v2\/types\/post"}],"author":[{"embeddable":true,"href":"https:\/\/www.carideal.com\/blog\/wp-json\/wp\/v2\/users\/3"}],"replies":[{"embeddable":true,"href":"https:\/\/www.carideal.com\/blog\/wp-json\/wp\/v2\/comments?post=14403"}],"version-history":[{"count":1,"href":"https:\/\/www.carideal.com\/blog\/wp-json\/wp\/v2\/posts\/14403\/revisions"}],"predecessor-version":[{"id":28097,"href":"https:\/\/www.carideal.com\/blog\/wp-json\/wp\/v2\/posts\/14403\/revisions\/28097"}],"wp:featuredmedia":[{"embeddable":true,"href":"https:\/\/www.carideal.com\/blog\/wp-json\/wp\/v2\/media\/14404"}],"wp:attachment":[{"href":"https:\/\/www.carideal.com\/blog\/wp-json\/wp\/v2\/media?parent=14403"}],"wp:term":[{"taxonomy":"category","embeddable":true,"href":"https:\/\/www.carideal.com\/blog\/wp-json\/wp\/v2\/categories?post=14403"},{"taxonomy":"post_tag","embeddable":true,"href":"https:\/\/www.carideal.com\/blog\/wp-json\/wp\/v2\/tags?post=14403"}],"curies":[{"name":"wp","href":"https:\/\/api.w.org\/{rel}","templated":true}]}}