{"id":1439,"date":"2013-09-25T21:29:00","date_gmt":"2013-09-25T21:29:00","guid":{"rendered":"http:\/\/carideal.com\/blog\/?p=1439"},"modified":"2020-03-08T07:28:24","modified_gmt":"2020-03-08T06:28:24","slug":"renault-scenic-xmod-le-baroudeur","status":"publish","type":"post","link":"https:\/\/www.carideal.com\/blog\/2013\/09\/25\/renault-scenic-xmod-le-baroudeur\/","title":{"rendered":"Renault Scenic Xmod le baroudeur"},"content":{"rendered":"<\/p>\n<blockquote>\n<p>Seulement 15 cm de garde au sol pour le <a href=\"\/blog\/index.php?tag\/Renault%20Scenic%20Xmod\">Renault Scenic Xmod<\/a> <a href=\"\/blog\/index.php?tag\/dci%20110%20Energy\">dci 110 Energy<\/a>, pas question de faire le fou dans les chemins&nbsp;! \u00e0 partir de 27950 \u20ac<\/p>\n<\/blockquote>\n<p>Renault remet il le couvert de l'ancien RX4&nbsp;? Non car le <a href=\"\/blog\/index.php?tag\/Xmod\">Xmod<\/a> est un 4x2, il n'a pas de garde au sol haute non plus. Si on se souvient bien m\u00eame le Scenic 2 avait eu sa d\u00e9clinaison esth\u00e9tique baroudeur \"Conquest\" qui avait fait un bide.<br \/>\nCette version Xmod est elle aussi port\u00e9 uniquement sur le visuel, avec des sabots avants et arri\u00e8res, des barres de toits longitudinales, des jantes alu de 17\"etc. Cette finition Zen remplace l'expression et est vendu 50 \u20ac moins ch\u00e8re mais perd le GPS.<br \/>\nLa diff\u00e9rence de garde au Sol ne prend que 1 cm de plus \u00e0 15 cm, ce qui reste peu pour un baroudeur. La sp\u00e9cificit\u00e9 de cette version Xmod est qu'elle peut \u00eatre \u00e9quip\u00e9e d'un antipatinage \u00e9lectronique appel\u00e9 <a href=\"\/blog\/index.php?tag\/Extended%20Grip\">Extended Grip<\/a>, factur\u00e9 250 \u20ac et assorti de pneus tout temps M+S mont\u00e9s sur des jantes de 16\". Le conducteur aura le choix entre trois modes&nbsp;: route, sol meuble, et expert o\u00f9 le conducteur g\u00e8re lui m\u00eame le patinage. Renault pr\u00e9voit pourtant que rare seront les clients \u00e0 choisir ce syst\u00e8me.<br \/>\n<a href=\"\/blog\/index.php?tag\/Renault\">Renault<\/a> veut pouvoir offrir aux clients une alternative aux <a href=\"\/blog\/index.php?tag\/SUV\">SUV<\/a> compact qui ont le vent en poupe en ce moment.<\/p>\n<p>\/ Achat Renault Scenic moins ch\u00e8re avec Carideal Mandataire automobile \u00e0 Chamb\u00e9ry <br \/>\n\/ <a href=\"\/blog\/index.php?post\/2013\/05\/12\/Renault-Scenic-Xmod\">Renault Scenic Xmod<\/a><\/p>\n","protected":false},"excerpt":{"rendered":"<p>Seulement 15 cm de garde au sol pour le Renault Scenic Xmod dci 110 Energy, pas question de faire le fou dans les chemins&nbsp;! \u00e0 partir de 27950 \u20ac Renault remet il le couvert de l&rsquo;ancien RX4&nbsp;? Non car le Xmod est un 4&#215;2, il n&rsquo;a pas de garde au sol haute non plus. Si &#8230; <a title=\"Renault Scenic Xmod le baroudeur\" class=\"read-more\" href=\"https:\/\/www.carideal.com\/blog\/2013\/09\/25\/renault-scenic-xmod-le-baroudeur\/\" aria-label=\"En savoir plus sur Renault Scenic Xmod le baroudeur\">Lire plus<\/a><\/p>\n","protected":false},"author":1,"featured_media":0,"comment_status":"open","ping_status":"open","sticky":false,"template":"","format":"standard","meta":{"_uag_custom_page_level_css":"","_themeisle_gutenberg_block_has_review":false,"footnotes":""},"categories":[10],"tags":[],"class_list":["post-1439","post","type-post","status-publish","format-standard","hentry","category-marche-automobile-voiture-neuve-occasion-4x4-suv"],"wppr_data":[],"yoast_head":"<!-- This site is optimized with the Yoast SEO plugin v24.8.1 - https:\/\/yoast.com\/wordpress\/plugins\/seo\/ -->\n<title>Renault Scenic Xmod le baroudeur - Blog auto Carid\u00e9al<\/title>\n<meta name=\"robots\" content=\"index, follow, max-snippet:-1, max-image-preview:large, max-video-preview:-1\" \/>\n<link rel=\"canonical\" href=\"https:\/\/www.carideal.com\/blog\/2013\/09\/25\/renault-scenic-xmod-le-baroudeur\/\" \/>\n<meta property=\"og:locale\" content=\"fr_FR\" \/>\n<meta property=\"og:type\" content=\"article\" \/>\n<meta property=\"og:title\" content=\"Renault Scenic Xmod le baroudeur - Blog auto Carid\u00e9al\" \/>\n<meta property=\"og:description\" content=\"Seulement 15 cm de garde au sol pour le Renault Scenic Xmod dci 110 Energy, pas question de faire le fou dans les chemins&nbsp;! \u00e0 partir de 27950 \u20ac Renault remet il le couvert de l&#039;ancien RX4&nbsp;? Non car le Xmod est un 4x2, il n&#039;a pas de garde au sol haute non plus. Si ... Lire plus\" \/>\n<meta property=\"og:url\" content=\"https:\/\/www.carideal.com\/blog\/2013\/09\/25\/renault-scenic-xmod-le-baroudeur\/\" \/>\n<meta property=\"og:site_name\" content=\"Blog auto Carid\u00e9al\" \/>\n<meta property=\"article:publisher\" content=\"https:\/\/www.facebook.com\/Carideal.mandataire.automobile\" \/>\n<meta property=\"article:author\" content=\"https:\/\/www.facebook.com\/Carideal.mandataire.automobile\/\" \/>\n<meta property=\"article:published_time\" content=\"2013-09-25T21:29:00+00:00\" \/>\n<meta property=\"article:modified_time\" content=\"2020-03-08T06:28:24+00:00\" \/>\n<meta property=\"og:image\" content=\"https:\/\/www.carideal.com\/blog\/wp-content\/uploads\/2016\/03\/logo-carideal-mandataire-automobile.png\" \/>\n\t<meta property=\"og:image:width\" content=\"300\" \/>\n\t<meta property=\"og:image:height\" content=\"300\" \/>\n\t<meta property=\"og:image:type\" content=\"image\/png\" \/>\n<meta name=\"author\" content=\"N.S Carideal\" \/>\n<meta name=\"twitter:card\" content=\"summary_large_image\" \/>\n<meta name=\"twitter:creator\" content=\"@caridealauto\" \/>\n<meta name=\"twitter:site\" content=\"@caridealauto\" \/>\n<meta name=\"twitter:label1\" content=\"\u00c9crit par\" \/>\n\t<meta name=\"twitter:data1\" content=\"N.S Carideal\" \/>\n\t<meta name=\"twitter:label2\" content=\"Dur\u00e9e de lecture estim\u00e9e\" \/>\n\t<meta name=\"twitter:data2\" content=\"1 minute\" \/>\n<script type=\"application\/ld+json\" class=\"yoast-schema-graph\">{\"@context\":\"https:\/\/schema.org\",\"@graph\":[{\"@type\":\"Article\",\"@id\":\"https:\/\/www.carideal.com\/blog\/2013\/09\/25\/renault-scenic-xmod-le-baroudeur\/#article\",\"isPartOf\":{\"@id\":\"https:\/\/www.carideal.com\/blog\/2013\/09\/25\/renault-scenic-xmod-le-baroudeur\/\"},\"author\":{\"name\":\"N.S Carideal\",\"@id\":\"https:\/\/www.carideal.com\/blog\/#\/schema\/person\/985c7e757d1042d647f21bfaf8d41ebc\"},\"headline\":\"Renault Scenic Xmod le baroudeur\",\"datePublished\":\"2013-09-25T21:29:00+00:00\",\"dateModified\":\"2020-03-08T06:28:24+00:00\",\"mainEntityOfPage\":{\"@id\":\"https:\/\/www.carideal.com\/blog\/2013\/09\/25\/renault-scenic-xmod-le-baroudeur\/\"},\"wordCount\":249,\"commentCount\":0,\"publisher\":{\"@id\":\"https:\/\/www.carideal.com\/blog\/#organization\"},\"articleSection\":[\"March\u00e9 automobile\"],\"inLanguage\":\"fr-FR\",\"potentialAction\":[{\"@type\":\"CommentAction\",\"name\":\"Comment\",\"target\":[\"https:\/\/www.carideal.com\/blog\/2013\/09\/25\/renault-scenic-xmod-le-baroudeur\/#respond\"]}]},{\"@type\":\"WebPage\",\"@id\":\"https:\/\/www.carideal.com\/blog\/2013\/09\/25\/renault-scenic-xmod-le-baroudeur\/\",\"url\":\"https:\/\/www.carideal.com\/blog\/2013\/09\/25\/renault-scenic-xmod-le-baroudeur\/\",\"name\":\"Renault Scenic Xmod le baroudeur - Blog auto Carid\u00e9al\",\"isPartOf\":{\"@id\":\"https:\/\/www.carideal.com\/blog\/#website\"},\"datePublished\":\"2013-09-25T21:29:00+00:00\",\"dateModified\":\"2020-03-08T06:28:24+00:00\",\"breadcrumb\":{\"@id\":\"https:\/\/www.carideal.com\/blog\/2013\/09\/25\/renault-scenic-xmod-le-baroudeur\/#breadcrumb\"},\"inLanguage\":\"fr-FR\",\"potentialAction\":[{\"@type\":\"ReadAction\",\"target\":[\"https:\/\/www.carideal.com\/blog\/2013\/09\/25\/renault-scenic-xmod-le-baroudeur\/\"]}]},{\"@type\":\"BreadcrumbList\",\"@id\":\"https:\/\/www.carideal.com\/blog\/2013\/09\/25\/renault-scenic-xmod-le-baroudeur\/#breadcrumb\",\"itemListElement\":[{\"@type\":\"ListItem\",\"position\":1,\"name\":\"Blog Carid\u00e9al\",\"item\":\"https:\/\/www.carideal.com\/blog\/\"},{\"@type\":\"ListItem\",\"position\":2,\"name\":\"March\u00e9 automobile\",\"item\":\"https:\/\/www.carideal.com\/blog\/marche-automobile-voiture-neuve-occasion-4x4-suv\/\"},{\"@type\":\"ListItem\",\"position\":3,\"name\":\"Renault Scenic Xmod le baroudeur\"}]},{\"@type\":\"WebSite\",\"@id\":\"https:\/\/www.carideal.com\/blog\/#website\",\"url\":\"https:\/\/www.carideal.com\/blog\/\",\"name\":\"Blog auto Carid\u00e9al\",\"description\":\"Actualit\u00e9 auto par des passionn\u00e9s\",\"publisher\":{\"@id\":\"https:\/\/www.carideal.com\/blog\/#organization\"},\"potentialAction\":[{\"@type\":\"SearchAction\",\"target\":{\"@type\":\"EntryPoint\",\"urlTemplate\":\"https:\/\/www.carideal.com\/blog\/?s={search_term_string}\"},\"query-input\":{\"@type\":\"PropertyValueSpecification\",\"valueRequired\":true,\"valueName\":\"search_term_string\"}}],\"inLanguage\":\"fr-FR\"},{\"@type\":\"Organization\",\"@id\":\"https:\/\/www.carideal.com\/blog\/#organization\",\"name\":\"Carideal\",\"url\":\"https:\/\/www.carideal.com\/blog\/\",\"logo\":{\"@type\":\"ImageObject\",\"inLanguage\":\"fr-FR\",\"@id\":\"https:\/\/www.carideal.com\/blog\/#\/schema\/logo\/image\/\",\"url\":\"http:\/\/www.carideal.com\/blog\/wp-content\/uploads\/2016\/03\/logo-carideal-mandataire-automobile.png\",\"contentUrl\":\"http:\/\/www.carideal.com\/blog\/wp-content\/uploads\/2016\/03\/logo-carideal-mandataire-automobile.png\",\"width\":300,\"height\":300,\"caption\":\"Carideal\"},\"image\":{\"@id\":\"https:\/\/www.carideal.com\/blog\/#\/schema\/logo\/image\/\"},\"sameAs\":[\"https:\/\/www.facebook.com\/Carideal.mandataire.automobile\",\"https:\/\/x.com\/caridealauto\",\"https:\/\/www.instagram.com\/carideal1\/\",\"https:\/\/www.linkedin.com\/company\/carideal.com\",\"https:\/\/fr.pinterest.com\/schiavonsas\/\",\"https:\/\/www.youtube.com\/user\/caridealsas\"]},{\"@type\":\"Person\",\"@id\":\"https:\/\/www.carideal.com\/blog\/#\/schema\/person\/985c7e757d1042d647f21bfaf8d41ebc\",\"name\":\"N.S Carideal\",\"image\":{\"@type\":\"ImageObject\",\"inLanguage\":\"fr-FR\",\"@id\":\"https:\/\/www.carideal.com\/blog\/#\/schema\/person\/image\/\",\"url\":\"https:\/\/secure.gravatar.com\/avatar\/edb7ccdf1a4e3d14aef967760d354d0e?s=96&r=g\",\"contentUrl\":\"https:\/\/secure.gravatar.com\/avatar\/edb7ccdf1a4e3d14aef967760d354d0e?s=96&r=g\",\"caption\":\"N.S Carideal\"},\"description\":\"Depuis tout petit fan d'automobile. Il est question d'essayer et de comparer toutes ces voitures qui nous ont fait r\u00e9ver, avant que celles-ci ne devient uniquement des voitures de collection.\",\"sameAs\":[\"http:\/\/www.carideal.com\/blog\",\"https:\/\/www.facebook.com\/Carideal.mandataire.automobile\/\",\"https:\/\/www.linkedin.com\/in\/nschiavon\/\",\"https:\/\/www.youtube.com\/user\/caridealsas\/\"],\"url\":\"https:\/\/www.carideal.com\/blog\/author\/admin_carideal\/\"}]}<\/script>\n<!-- \/ Yoast SEO plugin. -->","yoast_head_json":{"title":"Renault Scenic Xmod le baroudeur - Blog auto Carid\u00e9al","robots":{"index":"index","follow":"follow","max-snippet":"max-snippet:-1","max-image-preview":"max-image-preview:large","max-video-preview":"max-video-preview:-1"},"canonical":"https:\/\/www.carideal.com\/blog\/2013\/09\/25\/renault-scenic-xmod-le-baroudeur\/","og_locale":"fr_FR","og_type":"article","og_title":"Renault Scenic Xmod le baroudeur - Blog auto Carid\u00e9al","og_description":"Seulement 15 cm de garde au sol pour le Renault Scenic Xmod dci 110 Energy, pas question de faire le fou dans les chemins&nbsp;! \u00e0 partir de 27950 \u20ac Renault remet il le couvert de l'ancien RX4&nbsp;? Non car le Xmod est un 4x2, il n'a pas de garde au sol haute non plus. Si ... Lire plus","og_url":"https:\/\/www.carideal.com\/blog\/2013\/09\/25\/renault-scenic-xmod-le-baroudeur\/","og_site_name":"Blog auto Carid\u00e9al","article_publisher":"https:\/\/www.facebook.com\/Carideal.mandataire.automobile","article_author":"https:\/\/www.facebook.com\/Carideal.mandataire.automobile\/","article_published_time":"2013-09-25T21:29:00+00:00","article_modified_time":"2020-03-08T06:28:24+00:00","og_image":[{"width":300,"height":300,"url":"https:\/\/www.carideal.com\/blog\/wp-content\/uploads\/2016\/03\/logo-carideal-mandataire-automobile.png","type":"image\/png"}],"author":"N.S Carideal","twitter_card":"summary_large_image","twitter_creator":"@caridealauto","twitter_site":"@caridealauto","twitter_misc":{"\u00c9crit par":"N.S Carideal","Dur\u00e9e de lecture estim\u00e9e":"1 minute"},"schema":{"@context":"https:\/\/schema.org","@graph":[{"@type":"Article","@id":"https:\/\/www.carideal.com\/blog\/2013\/09\/25\/renault-scenic-xmod-le-baroudeur\/#article","isPartOf":{"@id":"https:\/\/www.carideal.com\/blog\/2013\/09\/25\/renault-scenic-xmod-le-baroudeur\/"},"author":{"name":"N.S Carideal","@id":"https:\/\/www.carideal.com\/blog\/#\/schema\/person\/985c7e757d1042d647f21bfaf8d41ebc"},"headline":"Renault Scenic Xmod le baroudeur","datePublished":"2013-09-25T21:29:00+00:00","dateModified":"2020-03-08T06:28:24+00:00","mainEntityOfPage":{"@id":"https:\/\/www.carideal.com\/blog\/2013\/09\/25\/renault-scenic-xmod-le-baroudeur\/"},"wordCount":249,"commentCount":0,"publisher":{"@id":"https:\/\/www.carideal.com\/blog\/#organization"},"articleSection":["March\u00e9 automobile"],"inLanguage":"fr-FR","potentialAction":[{"@type":"CommentAction","name":"Comment","target":["https:\/\/www.carideal.com\/blog\/2013\/09\/25\/renault-scenic-xmod-le-baroudeur\/#respond"]}]},{"@type":"WebPage","@id":"https:\/\/www.carideal.com\/blog\/2013\/09\/25\/renault-scenic-xmod-le-baroudeur\/","url":"https:\/\/www.carideal.com\/blog\/2013\/09\/25\/renault-scenic-xmod-le-baroudeur\/","name":"Renault Scenic Xmod le baroudeur - Blog auto Carid\u00e9al","isPartOf":{"@id":"https:\/\/www.carideal.com\/blog\/#website"},"datePublished":"2013-09-25T21:29:00+00:00","dateModified":"2020-03-08T06:28:24+00:00","breadcrumb":{"@id":"https:\/\/www.carideal.com\/blog\/2013\/09\/25\/renault-scenic-xmod-le-baroudeur\/#breadcrumb"},"inLanguage":"fr-FR","potentialAction":[{"@type":"ReadAction","target":["https:\/\/www.carideal.com\/blog\/2013\/09\/25\/renault-scenic-xmod-le-baroudeur\/"]}]},{"@type":"BreadcrumbList","@id":"https:\/\/www.carideal.com\/blog\/2013\/09\/25\/renault-scenic-xmod-le-baroudeur\/#breadcrumb","itemListElement":[{"@type":"ListItem","position":1,"name":"Blog Carid\u00e9al","item":"https:\/\/www.carideal.com\/blog\/"},{"@type":"ListItem","position":2,"name":"March\u00e9 automobile","item":"https:\/\/www.carideal.com\/blog\/marche-automobile-voiture-neuve-occasion-4x4-suv\/"},{"@type":"ListItem","position":3,"name":"Renault Scenic Xmod le baroudeur"}]},{"@type":"WebSite","@id":"https:\/\/www.carideal.com\/blog\/#website","url":"https:\/\/www.carideal.com\/blog\/","name":"Blog auto Carid\u00e9al","description":"Actualit\u00e9 auto par des passionn\u00e9s","publisher":{"@id":"https:\/\/www.carideal.com\/blog\/#organization"},"potentialAction":[{"@type":"SearchAction","target":{"@type":"EntryPoint","urlTemplate":"https:\/\/www.carideal.com\/blog\/?s={search_term_string}"},"query-input":{"@type":"PropertyValueSpecification","valueRequired":true,"valueName":"search_term_string"}}],"inLanguage":"fr-FR"},{"@type":"Organization","@id":"https:\/\/www.carideal.com\/blog\/#organization","name":"Carideal","url":"https:\/\/www.carideal.com\/blog\/","logo":{"@type":"ImageObject","inLanguage":"fr-FR","@id":"https:\/\/www.carideal.com\/blog\/#\/schema\/logo\/image\/","url":"http:\/\/www.carideal.com\/blog\/wp-content\/uploads\/2016\/03\/logo-carideal-mandataire-automobile.png","contentUrl":"http:\/\/www.carideal.com\/blog\/wp-content\/uploads\/2016\/03\/logo-carideal-mandataire-automobile.png","width":300,"height":300,"caption":"Carideal"},"image":{"@id":"https:\/\/www.carideal.com\/blog\/#\/schema\/logo\/image\/"},"sameAs":["https:\/\/www.facebook.com\/Carideal.mandataire.automobile","https:\/\/x.com\/caridealauto","https:\/\/www.instagram.com\/carideal1\/","https:\/\/www.linkedin.com\/company\/carideal.com","https:\/\/fr.pinterest.com\/schiavonsas\/","https:\/\/www.youtube.com\/user\/caridealsas"]},{"@type":"Person","@id":"https:\/\/www.carideal.com\/blog\/#\/schema\/person\/985c7e757d1042d647f21bfaf8d41ebc","name":"N.S Carideal","image":{"@type":"ImageObject","inLanguage":"fr-FR","@id":"https:\/\/www.carideal.com\/blog\/#\/schema\/person\/image\/","url":"https:\/\/secure.gravatar.com\/avatar\/edb7ccdf1a4e3d14aef967760d354d0e?s=96&r=g","contentUrl":"https:\/\/secure.gravatar.com\/avatar\/edb7ccdf1a4e3d14aef967760d354d0e?s=96&r=g","caption":"N.S Carideal"},"description":"Depuis tout petit fan d'automobile. Il est question d'essayer et de comparer toutes ces voitures qui nous ont fait r\u00e9ver, avant que celles-ci ne devient uniquement des voitures de collection.","sameAs":["http:\/\/www.carideal.com\/blog","https:\/\/www.facebook.com\/Carideal.mandataire.automobile\/","https:\/\/www.linkedin.com\/in\/nschiavon\/","https:\/\/www.youtube.com\/user\/caridealsas\/"],"url":"https:\/\/www.carideal.com\/blog\/author\/admin_carideal\/"}]}},"uagb_featured_image_src":{"full":false,"thumbnail":false,"medium":false,"medium_large":false,"large":false,"1536x1536":false,"2048x2048":false,"wppr-widget":false},"uagb_author_info":{"display_name":"N.S Carideal","author_link":"https:\/\/www.carideal.com\/blog\/author\/admin_carideal\/"},"uagb_comment_info":0,"uagb_excerpt":"Seulement 15 cm de garde au sol pour le Renault Scenic Xmod dci 110 Energy, pas question de faire le fou dans les chemins&nbsp;! \u00e0 partir de 27950 \u20ac Renault remet il le couvert de l'ancien RX4&nbsp;? Non car le Xmod est un 4x2, il n'a pas de garde au sol haute non plus. Si\u2026","_links":{"self":[{"href":"https:\/\/www.carideal.com\/blog\/wp-json\/wp\/v2\/posts\/1439"}],"collection":[{"href":"https:\/\/www.carideal.com\/blog\/wp-json\/wp\/v2\/posts"}],"about":[{"href":"https:\/\/www.carideal.com\/blog\/wp-json\/wp\/v2\/types\/post"}],"author":[{"embeddable":true,"href":"https:\/\/www.carideal.com\/blog\/wp-json\/wp\/v2\/users\/1"}],"replies":[{"embeddable":true,"href":"https:\/\/www.carideal.com\/blog\/wp-json\/wp\/v2\/comments?post=1439"}],"version-history":[{"count":0,"href":"https:\/\/www.carideal.com\/blog\/wp-json\/wp\/v2\/posts\/1439\/revisions"}],"wp:attachment":[{"href":"https:\/\/www.carideal.com\/blog\/wp-json\/wp\/v2\/media?parent=1439"}],"wp:term":[{"taxonomy":"category","embeddable":true,"href":"https:\/\/www.carideal.com\/blog\/wp-json\/wp\/v2\/categories?post=1439"},{"taxonomy":"post_tag","embeddable":true,"href":"https:\/\/www.carideal.com\/blog\/wp-json\/wp\/v2\/tags?post=1439"}],"curies":[{"name":"wp","href":"https:\/\/api.w.org\/{rel}","templated":true}]}}