{"id":1433,"date":"2013-09-05T08:39:00","date_gmt":"2013-09-05T08:39:00","guid":{"rendered":"http:\/\/carideal.com\/blog\/?p=1433"},"modified":"2019-09-23T10:15:36","modified_gmt":"2019-09-23T08:15:36","slug":"quel-renault-captur-choisir","status":"publish","type":"post","link":"https:\/\/www.carideal.com\/blog\/2013\/09\/05\/quel-renault-captur-choisir\/","title":{"rendered":"Quel Renault Captur choisir ?"},"content":{"rendered":"<h2>Quel Renault Captur choisir ?<\/h2>\n<p>Huit versions de <strong>Renault Captur<\/strong> en tout qui vont se d\u00e9cliner en trois finitions, trois moteurs et deux boites de vitesse.<br \/>\n<a href=\"http:\/\/www.carideal.com\/blog\/marque-de-voiture-actualites-essais\/renault\/\">Renault<\/a> investi le cr\u00e9neau porteur des <a href=\"http:\/\/www.carideal.com\/blog\/2015\/03\/23\/le-mache-des-suv-prospere\/\">SUV urbains<\/a> pour concurrencer les <span style=\"text-decoration: underline;\">Nissan Juke<\/span>, <span style=\"text-decoration: underline;\">Mini Countryman<\/span>, et <span style=\"text-decoration: underline;\">Skoda Yeti<\/span>. Un dessin ludique pour attirer l'oeil, une bonne modularit\u00e9 avec une banquette arri\u00e8re qui coulisse sur 16 cm et en compl\u00e9ment une possibilit\u00e9 de personnalisation \u00e0 la mode actuellement, tout cela sur la base technique de la Renault Clio pour seulement 1300 \u00e0 1500 \u20ac de plus.<\/p>\n<figure id=\"attachment_19770\" aria-describedby=\"caption-attachment-19770\" style=\"width: 438px\" class=\"wp-caption alignnone\"><img loading=\"lazy\" decoding=\"async\" class=\"size-full wp-image-19770\" src=\"http:\/\/www.carideal.com\/blog\/wp-content\/uploads\/2013\/09\/renault-captur-essai-carideal-blog-automobile_m.jpg\" alt=\"Quel Renault Captur choisir ?\" width=\"448\" height=\"298\" srcset=\"https:\/\/www.carideal.com\/blog\/wp-content\/uploads\/2013\/09\/renault-captur-essai-carideal-blog-automobile_m.jpg 448w, https:\/\/www.carideal.com\/blog\/wp-content\/uploads\/2013\/09\/renault-captur-essai-carideal-blog-automobile_m-300x200.jpg 300w, https:\/\/www.carideal.com\/blog\/wp-content\/uploads\/2013\/09\/renault-captur-essai-carideal-blog-automobile_m-50x33.jpg 50w, https:\/\/www.carideal.com\/blog\/wp-content\/uploads\/2013\/09\/renault-captur-essai-carideal-blog-automobile_m-110x73.jpg 110w, https:\/\/www.carideal.com\/blog\/wp-content\/uploads\/2013\/09\/renault-captur-essai-carideal-blog-automobile_m-420x279.jpg 420w, https:\/\/www.carideal.com\/blog\/wp-content\/uploads\/2013\/09\/renault-captur-essai-carideal-blog-automobile_m-272x182.jpg 272w\" sizes=\"(max-width: 448px) 100vw, 448px\" \/><figcaption id=\"caption-attachment-19770\" class=\"wp-caption-text\">Quel Renault Captur choisir ?<\/figcaption><\/figure>\n<p>Retrouvez nos offres de <span style=\"text-decoration: underline;\">Renault Captur<\/span>.<\/p>\n<p>Le Renault Captur mesure 4.12m pour 1.57m de haut et propose un volume de coffre variant de 377 L \u00e0 455 L en fonction de la banquette arri\u00e8re et jusque 1235 L banquette rabattue.<\/p>\n<h2>Moteur Quel Renault Captur choisir ?<\/h2>\n<p>Le moteur Tce 90 sera tr\u00e8s bien en ville et est propos\u00e9 \u00e0 partir de 15500 \u20ac sur la version de base, mais sera vite limit\u00e9 sur les routes ou une fois charg\u00e9? il faudra lui pr\u00e9f\u00e9rer la version TCe 120 \u00e9quip\u00e9 de la boite robotis\u00e9e \u00e0 double embrayage EDC qui conviendra \u00e0 une conduite souple et cool. par contre il faudra bien compter 2l de plus aux 100 km par rapport au moteur DCI 90 qui lui pourra se pr\u00e9valoir d'un bonus et revenir moins ch\u00e8re que le TCe 120.<br \/>\nDes trois finitions aux choix la premi\u00e8re <strong>Life<\/strong>, n'est pas la plus judicieuse, car elle est d\u00e9nu\u00e9e de la climatisation ni des jantes alu. La finition <strong>Zen<\/strong> elle offre la carte d\u00e9marrage main libre en sus avec la climatisation et les jantes alu pour 1900 \u20ac de plus. Relisez notre\u00a0article sur l'<span style=\"text-decoration: underline;\"><a href=\"http:\/\/www.carideal.com\/blog\/2013\/08\/18\/renault-captur-a-lessai\/\">essai\u00a0Renault Captur.<\/a><\/span><\/p>\n<p>La finition haut de gamme <strong>Intens<\/strong>, comprend la climatisation automatique, phares et essuie-glaces auto, radars de recul, peinture biton, vitres arri\u00e8res surteint\u00e9es, et selleries interchangeables pour 1700 \u20ac de plus.<br \/>\nDommage que la qualit\u00e9 des mat\u00e9riaux \"p\u00e8che\".<\/p>\n<p>Ce nouveau <a href=\"http:\/\/www.carideal.com\/blog\/2013\/10\/06\/les-petits-suv-urbains-se-lachent\/\"><span style=\"text-decoration: underline;\">SUV urbain<\/span><\/a> devrait bien garder la c\u00f4te en occasion au bout de trois ans<br \/>\nA l'heure du choix, pour des usages urbains et p\u00e9ri-urbain le TCE 90 conviendra tr\u00e8s bien. En mode mixte pour des gens qui roulent plus il faudra lui pr\u00e9f\u00e9rer le DCI 90 qui consommera moins que le TCE 120. La Finition Zen semble \u00eatre le bon compromis.<\/p>\n","protected":false},"excerpt":{"rendered":"<p>Quel Renault Captur choisir ? Huit versions de Renault Captur en tout qui vont se d\u00e9cliner en trois finitions, trois moteurs et deux boites de vitesse. Renault investi le cr\u00e9neau porteur des SUV urbains pour concurrencer les Nissan Juke, Mini Countryman, et Skoda Yeti. Un dessin ludique pour attirer l&rsquo;oeil, une bonne modularit\u00e9 avec une &#8230; <a title=\"Quel Renault Captur choisir ?\" class=\"read-more\" href=\"https:\/\/www.carideal.com\/blog\/2013\/09\/05\/quel-renault-captur-choisir\/\" aria-label=\"En savoir plus sur Quel Renault Captur choisir ?\">Lire plus<\/a><\/p>\n","protected":false},"author":1,"featured_media":19770,"comment_status":"open","ping_status":"open","sticky":false,"template":"","format":"standard","meta":{"_uag_custom_page_level_css":"","_themeisle_gutenberg_block_has_review":false,"footnotes":""},"categories":[5963,6021,5947,6014,10,5974],"tags":[910],"class_list":["post-1433","post","type-post","status-publish","format-standard","has-post-thumbnail","hentry","category-renault","category-crossovers","category-essai","category-renault-essai","category-marche-automobile-voiture-neuve-occasion-4x4-suv","category-type-de-vehicule","tag-urbain"],"wppr_data":{"cwp_meta_box_check":"No"},"yoast_head":"<!-- This site is optimized with the Yoast SEO plugin v24.8.1 - https:\/\/yoast.com\/wordpress\/plugins\/seo\/ -->\n<title>Quel Renault Captur choisir ? - Blog auto Carid\u00e9al<\/title>\n<meta name=\"description\" content=\"Quel Renault Captur Choisir ?\u00a0Huit versions de Renault Captur en tout qui vont se d\u00e9cliner en trois finitions, trois moteurs et deux boites de vitesse.\" \/>\n<meta name=\"robots\" content=\"index, follow, max-snippet:-1, max-image-preview:large, max-video-preview:-1\" \/>\n<link rel=\"canonical\" href=\"https:\/\/www.carideal.com\/blog\/2013\/09\/05\/quel-renault-captur-choisir\/\" \/>\n<meta property=\"og:locale\" content=\"fr_FR\" \/>\n<meta property=\"og:type\" content=\"article\" \/>\n<meta property=\"og:title\" content=\"Quel Renault Captur choisir ? - Blog auto Carid\u00e9al\" \/>\n<meta property=\"og:description\" content=\"Quel Renault Captur Choisir ?\u00a0Huit versions de Renault Captur en tout qui vont se d\u00e9cliner en trois finitions, trois moteurs et deux boites de vitesse.\" \/>\n<meta property=\"og:url\" content=\"https:\/\/www.carideal.com\/blog\/2013\/09\/05\/quel-renault-captur-choisir\/\" \/>\n<meta property=\"og:site_name\" content=\"Blog auto Carid\u00e9al\" \/>\n<meta property=\"article:publisher\" content=\"https:\/\/www.facebook.com\/Carideal.mandataire.automobile\" \/>\n<meta property=\"article:author\" content=\"https:\/\/www.facebook.com\/Carideal.mandataire.automobile\/\" \/>\n<meta property=\"article:published_time\" content=\"2013-09-05T08:39:00+00:00\" \/>\n<meta property=\"article:modified_time\" content=\"2019-09-23T08:15:36+00:00\" \/>\n<meta property=\"og:image\" content=\"https:\/\/www.carideal.com\/blog\/wp-content\/uploads\/2013\/09\/renault-captur-essai-carideal-blog-automobile_m.jpg\" \/>\n\t<meta property=\"og:image:width\" content=\"448\" \/>\n\t<meta property=\"og:image:height\" content=\"298\" \/>\n\t<meta property=\"og:image:type\" content=\"image\/jpeg\" \/>\n<meta name=\"author\" content=\"N.S Carideal\" \/>\n<meta name=\"twitter:card\" content=\"summary_large_image\" \/>\n<meta name=\"twitter:creator\" content=\"@caridealauto\" \/>\n<meta name=\"twitter:site\" content=\"@caridealauto\" \/>\n<meta name=\"twitter:label1\" content=\"\u00c9crit par\" \/>\n\t<meta name=\"twitter:data1\" content=\"N.S Carideal\" \/>\n\t<meta name=\"twitter:label2\" content=\"Dur\u00e9e de lecture estim\u00e9e\" \/>\n\t<meta name=\"twitter:data2\" content=\"2 minutes\" \/>\n<script type=\"application\/ld+json\" class=\"yoast-schema-graph\">{\"@context\":\"https:\/\/schema.org\",\"@graph\":[{\"@type\":\"Article\",\"@id\":\"https:\/\/www.carideal.com\/blog\/2013\/09\/05\/quel-renault-captur-choisir\/#article\",\"isPartOf\":{\"@id\":\"https:\/\/www.carideal.com\/blog\/2013\/09\/05\/quel-renault-captur-choisir\/\"},\"author\":{\"name\":\"N.S Carideal\",\"@id\":\"https:\/\/www.carideal.com\/blog\/#\/schema\/person\/985c7e757d1042d647f21bfaf8d41ebc\"},\"headline\":\"Quel Renault Captur choisir ?\",\"datePublished\":\"2013-09-05T08:39:00+00:00\",\"dateModified\":\"2019-09-23T08:15:36+00:00\",\"mainEntityOfPage\":{\"@id\":\"https:\/\/www.carideal.com\/blog\/2013\/09\/05\/quel-renault-captur-choisir\/\"},\"wordCount\":394,\"commentCount\":0,\"publisher\":{\"@id\":\"https:\/\/www.carideal.com\/blog\/#organization\"},\"image\":{\"@id\":\"https:\/\/www.carideal.com\/blog\/2013\/09\/05\/quel-renault-captur-choisir\/#primaryimage\"},\"thumbnailUrl\":\"https:\/\/www.carideal.com\/blog\/wp-content\/uploads\/2013\/09\/renault-captur-essai-carideal-blog-automobile_m.jpg\",\"keywords\":[\"urbain\"],\"articleSection\":[\"Actualit\u00e9 Renault\",\"Crossover\",\"Essais automobile\",\"Essais Renault\",\"March\u00e9 automobile\",\"Type de v\u00e9hicule\"],\"inLanguage\":\"fr-FR\",\"potentialAction\":[{\"@type\":\"CommentAction\",\"name\":\"Comment\",\"target\":[\"https:\/\/www.carideal.com\/blog\/2013\/09\/05\/quel-renault-captur-choisir\/#respond\"]}]},{\"@type\":\"WebPage\",\"@id\":\"https:\/\/www.carideal.com\/blog\/2013\/09\/05\/quel-renault-captur-choisir\/\",\"url\":\"https:\/\/www.carideal.com\/blog\/2013\/09\/05\/quel-renault-captur-choisir\/\",\"name\":\"Quel Renault Captur choisir ? - Blog auto Carid\u00e9al\",\"isPartOf\":{\"@id\":\"https:\/\/www.carideal.com\/blog\/#website\"},\"primaryImageOfPage\":{\"@id\":\"https:\/\/www.carideal.com\/blog\/2013\/09\/05\/quel-renault-captur-choisir\/#primaryimage\"},\"image\":{\"@id\":\"https:\/\/www.carideal.com\/blog\/2013\/09\/05\/quel-renault-captur-choisir\/#primaryimage\"},\"thumbnailUrl\":\"https:\/\/www.carideal.com\/blog\/wp-content\/uploads\/2013\/09\/renault-captur-essai-carideal-blog-automobile_m.jpg\",\"datePublished\":\"2013-09-05T08:39:00+00:00\",\"dateModified\":\"2019-09-23T08:15:36+00:00\",\"description\":\"Quel Renault Captur Choisir ?\u00a0Huit versions de Renault Captur en tout qui vont se d\u00e9cliner en trois finitions, trois moteurs et deux boites de vitesse.\",\"breadcrumb\":{\"@id\":\"https:\/\/www.carideal.com\/blog\/2013\/09\/05\/quel-renault-captur-choisir\/#breadcrumb\"},\"inLanguage\":\"fr-FR\",\"potentialAction\":[{\"@type\":\"ReadAction\",\"target\":[\"https:\/\/www.carideal.com\/blog\/2013\/09\/05\/quel-renault-captur-choisir\/\"]}]},{\"@type\":\"ImageObject\",\"inLanguage\":\"fr-FR\",\"@id\":\"https:\/\/www.carideal.com\/blog\/2013\/09\/05\/quel-renault-captur-choisir\/#primaryimage\",\"url\":\"https:\/\/www.carideal.com\/blog\/wp-content\/uploads\/2013\/09\/renault-captur-essai-carideal-blog-automobile_m.jpg\",\"contentUrl\":\"https:\/\/www.carideal.com\/blog\/wp-content\/uploads\/2013\/09\/renault-captur-essai-carideal-blog-automobile_m.jpg\",\"width\":448,\"height\":298,\"caption\":\"Quel Renault Captur choisir ?\"},{\"@type\":\"BreadcrumbList\",\"@id\":\"https:\/\/www.carideal.com\/blog\/2013\/09\/05\/quel-renault-captur-choisir\/#breadcrumb\",\"itemListElement\":[{\"@type\":\"ListItem\",\"position\":1,\"name\":\"Blog Carid\u00e9al\",\"item\":\"https:\/\/www.carideal.com\/blog\/\"},{\"@type\":\"ListItem\",\"position\":2,\"name\":\"Essais automobile\",\"item\":\"https:\/\/www.carideal.com\/blog\/essai\/\"},{\"@type\":\"ListItem\",\"position\":3,\"name\":\"Essais Renault\",\"item\":\"https:\/\/www.carideal.com\/blog\/essai\/renault-essai\/\"},{\"@type\":\"ListItem\",\"position\":4,\"name\":\"Quel Renault Captur choisir ?\"}]},{\"@type\":\"WebSite\",\"@id\":\"https:\/\/www.carideal.com\/blog\/#website\",\"url\":\"https:\/\/www.carideal.com\/blog\/\",\"name\":\"Blog auto Carid\u00e9al\",\"description\":\"Actualit\u00e9 auto par des passionn\u00e9s\",\"publisher\":{\"@id\":\"https:\/\/www.carideal.com\/blog\/#organization\"},\"potentialAction\":[{\"@type\":\"SearchAction\",\"target\":{\"@type\":\"EntryPoint\",\"urlTemplate\":\"https:\/\/www.carideal.com\/blog\/?s={search_term_string}\"},\"query-input\":{\"@type\":\"PropertyValueSpecification\",\"valueRequired\":true,\"valueName\":\"search_term_string\"}}],\"inLanguage\":\"fr-FR\"},{\"@type\":\"Organization\",\"@id\":\"https:\/\/www.carideal.com\/blog\/#organization\",\"name\":\"Carideal\",\"url\":\"https:\/\/www.carideal.com\/blog\/\",\"logo\":{\"@type\":\"ImageObject\",\"inLanguage\":\"fr-FR\",\"@id\":\"https:\/\/www.carideal.com\/blog\/#\/schema\/logo\/image\/\",\"url\":\"http:\/\/www.carideal.com\/blog\/wp-content\/uploads\/2016\/03\/logo-carideal-mandataire-automobile.png\",\"contentUrl\":\"http:\/\/www.carideal.com\/blog\/wp-content\/uploads\/2016\/03\/logo-carideal-mandataire-automobile.png\",\"width\":300,\"height\":300,\"caption\":\"Carideal\"},\"image\":{\"@id\":\"https:\/\/www.carideal.com\/blog\/#\/schema\/logo\/image\/\"},\"sameAs\":[\"https:\/\/www.facebook.com\/Carideal.mandataire.automobile\",\"https:\/\/x.com\/caridealauto\",\"https:\/\/www.instagram.com\/carideal1\/\",\"https:\/\/www.linkedin.com\/company\/carideal.com\",\"https:\/\/fr.pinterest.com\/schiavonsas\/\",\"https:\/\/www.youtube.com\/user\/caridealsas\"]},{\"@type\":\"Person\",\"@id\":\"https:\/\/www.carideal.com\/blog\/#\/schema\/person\/985c7e757d1042d647f21bfaf8d41ebc\",\"name\":\"N.S Carideal\",\"image\":{\"@type\":\"ImageObject\",\"inLanguage\":\"fr-FR\",\"@id\":\"https:\/\/www.carideal.com\/blog\/#\/schema\/person\/image\/\",\"url\":\"https:\/\/secure.gravatar.com\/avatar\/edb7ccdf1a4e3d14aef967760d354d0e?s=96&r=g\",\"contentUrl\":\"https:\/\/secure.gravatar.com\/avatar\/edb7ccdf1a4e3d14aef967760d354d0e?s=96&r=g\",\"caption\":\"N.S Carideal\"},\"description\":\"Depuis tout petit fan d'automobile. Il est question d'essayer et de comparer toutes ces voitures qui nous ont fait r\u00e9ver, avant que celles-ci ne devient uniquement des voitures de collection.\",\"sameAs\":[\"http:\/\/www.carideal.com\/blog\",\"https:\/\/www.facebook.com\/Carideal.mandataire.automobile\/\",\"https:\/\/www.linkedin.com\/in\/nschiavon\/\",\"https:\/\/www.youtube.com\/user\/caridealsas\/\"],\"url\":\"https:\/\/www.carideal.com\/blog\/author\/admin_carideal\/\"}]}<\/script>\n<!-- \/ Yoast SEO plugin. -->","yoast_head_json":{"title":"Quel Renault Captur choisir ? - Blog auto Carid\u00e9al","description":"Quel Renault Captur Choisir ?\u00a0Huit versions de Renault Captur en tout qui vont se d\u00e9cliner en trois finitions, trois moteurs et deux boites de vitesse.","robots":{"index":"index","follow":"follow","max-snippet":"max-snippet:-1","max-image-preview":"max-image-preview:large","max-video-preview":"max-video-preview:-1"},"canonical":"https:\/\/www.carideal.com\/blog\/2013\/09\/05\/quel-renault-captur-choisir\/","og_locale":"fr_FR","og_type":"article","og_title":"Quel Renault Captur choisir ? - Blog auto Carid\u00e9al","og_description":"Quel Renault Captur Choisir ?\u00a0Huit versions de Renault Captur en tout qui vont se d\u00e9cliner en trois finitions, trois moteurs et deux boites de vitesse.","og_url":"https:\/\/www.carideal.com\/blog\/2013\/09\/05\/quel-renault-captur-choisir\/","og_site_name":"Blog auto Carid\u00e9al","article_publisher":"https:\/\/www.facebook.com\/Carideal.mandataire.automobile","article_author":"https:\/\/www.facebook.com\/Carideal.mandataire.automobile\/","article_published_time":"2013-09-05T08:39:00+00:00","article_modified_time":"2019-09-23T08:15:36+00:00","og_image":[{"width":448,"height":298,"url":"https:\/\/www.carideal.com\/blog\/wp-content\/uploads\/2013\/09\/renault-captur-essai-carideal-blog-automobile_m.jpg","type":"image\/jpeg"}],"author":"N.S Carideal","twitter_card":"summary_large_image","twitter_creator":"@caridealauto","twitter_site":"@caridealauto","twitter_misc":{"\u00c9crit par":"N.S Carideal","Dur\u00e9e de lecture estim\u00e9e":"2 minutes"},"schema":{"@context":"https:\/\/schema.org","@graph":[{"@type":"Article","@id":"https:\/\/www.carideal.com\/blog\/2013\/09\/05\/quel-renault-captur-choisir\/#article","isPartOf":{"@id":"https:\/\/www.carideal.com\/blog\/2013\/09\/05\/quel-renault-captur-choisir\/"},"author":{"name":"N.S Carideal","@id":"https:\/\/www.carideal.com\/blog\/#\/schema\/person\/985c7e757d1042d647f21bfaf8d41ebc"},"headline":"Quel Renault Captur choisir ?","datePublished":"2013-09-05T08:39:00+00:00","dateModified":"2019-09-23T08:15:36+00:00","mainEntityOfPage":{"@id":"https:\/\/www.carideal.com\/blog\/2013\/09\/05\/quel-renault-captur-choisir\/"},"wordCount":394,"commentCount":0,"publisher":{"@id":"https:\/\/www.carideal.com\/blog\/#organization"},"image":{"@id":"https:\/\/www.carideal.com\/blog\/2013\/09\/05\/quel-renault-captur-choisir\/#primaryimage"},"thumbnailUrl":"https:\/\/www.carideal.com\/blog\/wp-content\/uploads\/2013\/09\/renault-captur-essai-carideal-blog-automobile_m.jpg","keywords":["urbain"],"articleSection":["Actualit\u00e9 Renault","Crossover","Essais automobile","Essais Renault","March\u00e9 automobile","Type de v\u00e9hicule"],"inLanguage":"fr-FR","potentialAction":[{"@type":"CommentAction","name":"Comment","target":["https:\/\/www.carideal.com\/blog\/2013\/09\/05\/quel-renault-captur-choisir\/#respond"]}]},{"@type":"WebPage","@id":"https:\/\/www.carideal.com\/blog\/2013\/09\/05\/quel-renault-captur-choisir\/","url":"https:\/\/www.carideal.com\/blog\/2013\/09\/05\/quel-renault-captur-choisir\/","name":"Quel Renault Captur choisir ? - Blog auto Carid\u00e9al","isPartOf":{"@id":"https:\/\/www.carideal.com\/blog\/#website"},"primaryImageOfPage":{"@id":"https:\/\/www.carideal.com\/blog\/2013\/09\/05\/quel-renault-captur-choisir\/#primaryimage"},"image":{"@id":"https:\/\/www.carideal.com\/blog\/2013\/09\/05\/quel-renault-captur-choisir\/#primaryimage"},"thumbnailUrl":"https:\/\/www.carideal.com\/blog\/wp-content\/uploads\/2013\/09\/renault-captur-essai-carideal-blog-automobile_m.jpg","datePublished":"2013-09-05T08:39:00+00:00","dateModified":"2019-09-23T08:15:36+00:00","description":"Quel Renault Captur Choisir ?\u00a0Huit versions de Renault Captur en tout qui vont se d\u00e9cliner en trois finitions, trois moteurs et deux boites de vitesse.","breadcrumb":{"@id":"https:\/\/www.carideal.com\/blog\/2013\/09\/05\/quel-renault-captur-choisir\/#breadcrumb"},"inLanguage":"fr-FR","potentialAction":[{"@type":"ReadAction","target":["https:\/\/www.carideal.com\/blog\/2013\/09\/05\/quel-renault-captur-choisir\/"]}]},{"@type":"ImageObject","inLanguage":"fr-FR","@id":"https:\/\/www.carideal.com\/blog\/2013\/09\/05\/quel-renault-captur-choisir\/#primaryimage","url":"https:\/\/www.carideal.com\/blog\/wp-content\/uploads\/2013\/09\/renault-captur-essai-carideal-blog-automobile_m.jpg","contentUrl":"https:\/\/www.carideal.com\/blog\/wp-content\/uploads\/2013\/09\/renault-captur-essai-carideal-blog-automobile_m.jpg","width":448,"height":298,"caption":"Quel Renault Captur choisir ?"},{"@type":"BreadcrumbList","@id":"https:\/\/www.carideal.com\/blog\/2013\/09\/05\/quel-renault-captur-choisir\/#breadcrumb","itemListElement":[{"@type":"ListItem","position":1,"name":"Blog Carid\u00e9al","item":"https:\/\/www.carideal.com\/blog\/"},{"@type":"ListItem","position":2,"name":"Essais automobile","item":"https:\/\/www.carideal.com\/blog\/essai\/"},{"@type":"ListItem","position":3,"name":"Essais Renault","item":"https:\/\/www.carideal.com\/blog\/essai\/renault-essai\/"},{"@type":"ListItem","position":4,"name":"Quel Renault Captur choisir ?"}]},{"@type":"WebSite","@id":"https:\/\/www.carideal.com\/blog\/#website","url":"https:\/\/www.carideal.com\/blog\/","name":"Blog auto Carid\u00e9al","description":"Actualit\u00e9 auto par des passionn\u00e9s","publisher":{"@id":"https:\/\/www.carideal.com\/blog\/#organization"},"potentialAction":[{"@type":"SearchAction","target":{"@type":"EntryPoint","urlTemplate":"https:\/\/www.carideal.com\/blog\/?s={search_term_string}"},"query-input":{"@type":"PropertyValueSpecification","valueRequired":true,"valueName":"search_term_string"}}],"inLanguage":"fr-FR"},{"@type":"Organization","@id":"https:\/\/www.carideal.com\/blog\/#organization","name":"Carideal","url":"https:\/\/www.carideal.com\/blog\/","logo":{"@type":"ImageObject","inLanguage":"fr-FR","@id":"https:\/\/www.carideal.com\/blog\/#\/schema\/logo\/image\/","url":"http:\/\/www.carideal.com\/blog\/wp-content\/uploads\/2016\/03\/logo-carideal-mandataire-automobile.png","contentUrl":"http:\/\/www.carideal.com\/blog\/wp-content\/uploads\/2016\/03\/logo-carideal-mandataire-automobile.png","width":300,"height":300,"caption":"Carideal"},"image":{"@id":"https:\/\/www.carideal.com\/blog\/#\/schema\/logo\/image\/"},"sameAs":["https:\/\/www.facebook.com\/Carideal.mandataire.automobile","https:\/\/x.com\/caridealauto","https:\/\/www.instagram.com\/carideal1\/","https:\/\/www.linkedin.com\/company\/carideal.com","https:\/\/fr.pinterest.com\/schiavonsas\/","https:\/\/www.youtube.com\/user\/caridealsas"]},{"@type":"Person","@id":"https:\/\/www.carideal.com\/blog\/#\/schema\/person\/985c7e757d1042d647f21bfaf8d41ebc","name":"N.S Carideal","image":{"@type":"ImageObject","inLanguage":"fr-FR","@id":"https:\/\/www.carideal.com\/blog\/#\/schema\/person\/image\/","url":"https:\/\/secure.gravatar.com\/avatar\/edb7ccdf1a4e3d14aef967760d354d0e?s=96&r=g","contentUrl":"https:\/\/secure.gravatar.com\/avatar\/edb7ccdf1a4e3d14aef967760d354d0e?s=96&r=g","caption":"N.S Carideal"},"description":"Depuis tout petit fan d'automobile. Il est question d'essayer et de comparer toutes ces voitures qui nous ont fait r\u00e9ver, avant que celles-ci ne devient uniquement des voitures de collection.","sameAs":["http:\/\/www.carideal.com\/blog","https:\/\/www.facebook.com\/Carideal.mandataire.automobile\/","https:\/\/www.linkedin.com\/in\/nschiavon\/","https:\/\/www.youtube.com\/user\/caridealsas\/"],"url":"https:\/\/www.carideal.com\/blog\/author\/admin_carideal\/"}]}},"uagb_featured_image_src":{"full":["https:\/\/www.carideal.com\/blog\/wp-content\/uploads\/2013\/09\/renault-captur-essai-carideal-blog-automobile_m.jpg",448,298,false],"thumbnail":["https:\/\/www.carideal.com\/blog\/wp-content\/uploads\/2013\/09\/renault-captur-essai-carideal-blog-automobile_m-150x150.jpg",150,150,true],"medium":["https:\/\/www.carideal.com\/blog\/wp-content\/uploads\/2013\/09\/renault-captur-essai-carideal-blog-automobile_m-300x200.jpg",300,200,true],"medium_large":["https:\/\/www.carideal.com\/blog\/wp-content\/uploads\/2013\/09\/renault-captur-essai-carideal-blog-automobile_m.jpg",448,298,false],"large":["https:\/\/www.carideal.com\/blog\/wp-content\/uploads\/2013\/09\/renault-captur-essai-carideal-blog-automobile_m.jpg",448,298,false],"1536x1536":["https:\/\/www.carideal.com\/blog\/wp-content\/uploads\/2013\/09\/renault-captur-essai-carideal-blog-automobile_m.jpg",448,298,false],"2048x2048":["https:\/\/www.carideal.com\/blog\/wp-content\/uploads\/2013\/09\/renault-captur-essai-carideal-blog-automobile_m.jpg",448,298,false],"wppr-widget":["https:\/\/www.carideal.com\/blog\/wp-content\/uploads\/2013\/09\/renault-captur-essai-carideal-blog-automobile_m-50x33.jpg",50,33,true]},"uagb_author_info":{"display_name":"N.S Carideal","author_link":"https:\/\/www.carideal.com\/blog\/author\/admin_carideal\/"},"uagb_comment_info":0,"uagb_excerpt":"Quel Renault Captur choisir ? Huit versions de Renault Captur en tout qui vont se d\u00e9cliner en trois finitions, trois moteurs et deux boites de vitesse. Renault investi le cr\u00e9neau porteur des SUV urbains pour concurrencer les Nissan Juke, Mini Countryman, et Skoda Yeti. Un dessin ludique pour attirer l'oeil, une bonne modularit\u00e9 avec une\u2026","_links":{"self":[{"href":"https:\/\/www.carideal.com\/blog\/wp-json\/wp\/v2\/posts\/1433"}],"collection":[{"href":"https:\/\/www.carideal.com\/blog\/wp-json\/wp\/v2\/posts"}],"about":[{"href":"https:\/\/www.carideal.com\/blog\/wp-json\/wp\/v2\/types\/post"}],"author":[{"embeddable":true,"href":"https:\/\/www.carideal.com\/blog\/wp-json\/wp\/v2\/users\/1"}],"replies":[{"embeddable":true,"href":"https:\/\/www.carideal.com\/blog\/wp-json\/wp\/v2\/comments?post=1433"}],"version-history":[{"count":0,"href":"https:\/\/www.carideal.com\/blog\/wp-json\/wp\/v2\/posts\/1433\/revisions"}],"wp:featuredmedia":[{"embeddable":true,"href":"https:\/\/www.carideal.com\/blog\/wp-json\/wp\/v2\/media\/19770"}],"wp:attachment":[{"href":"https:\/\/www.carideal.com\/blog\/wp-json\/wp\/v2\/media?parent=1433"}],"wp:term":[{"taxonomy":"category","embeddable":true,"href":"https:\/\/www.carideal.com\/blog\/wp-json\/wp\/v2\/categories?post=1433"},{"taxonomy":"post_tag","embeddable":true,"href":"https:\/\/www.carideal.com\/blog\/wp-json\/wp\/v2\/tags?post=1433"}],"curies":[{"name":"wp","href":"https:\/\/api.w.org\/{rel}","templated":true}]}}