{"id":1432,"date":"2013-09-04T21:38:00","date_gmt":"2013-09-04T21:38:00","guid":{"rendered":"http:\/\/carideal.com\/blog\/?p=1432"},"modified":"2020-03-08T07:28:21","modified_gmt":"2020-03-08T06:28:21","slug":"quelles-sont-les-voitures-les-moins-cheres-en-assurance","status":"publish","type":"post","link":"https:\/\/www.carideal.com\/blog\/2013\/09\/04\/quelles-sont-les-voitures-les-moins-cheres-en-assurance\/","title":{"rendered":"Quelles sont les voitures les moins ch\u00e8res en assurance ?"},"content":{"rendered":"<\/p>\n<blockquote>\n<p>Quelles sont les <a href=\"\/blog\/index.php?tag\/voitures\">voitures<\/a> les <a href=\"\/blog\/index.php?tag\/moins%20ch%C3%A8res\">moins ch\u00e8res<\/a> en <a href=\"\/blog\/index.php?tag\/assurance\">assurance<\/a>&nbsp;?<\/p>\n<\/blockquote>\n<p>L'<a href=\"\/blog\/index.php?tag\/assurance%20auto\">assurance auto<\/a> ne cesse d'augmenter environ 2.3% par an, et compte pour beaucoup dans le <a href=\"\/blog\/index.php?tag\/budget%20automobile\">budget automobile<\/a> mensuel. Quel sont les mod\u00e8les les moins ch\u00e8res dans chaque cat\u00e9gorie&nbsp;? Il faut faire attention la voiture la moins ch\u00e8re \u00e0 acheter ne sont pas forc\u00e9ment les moins ch\u00e8re \u00e0 assurer. <br \/>\nUne voiture moyenne peut vite co\u00fbter 500\u20ac par mois. On dis souvent que l'assurance est un peu \u00e0 la t\u00eate du client, il ne faut pas h\u00e9siter \u00e0 faire jouer la concurrence, les assurances compte sur la fid\u00e9lisation pour augmenter ses tarifs tous les ans, ce qui au bout de quelques ann\u00e9es peut revenir cher !<br \/>\nLe calcul de votre prime d'assurance se base sur le facteur risque&nbsp;: <br \/>\n- le risque sur le conducteur, \u00e2ge, sinistralit\u00e9, anciennet\u00e9 du permis de conduire.<br \/>\n- le v\u00e9hicule puissance performances taux de vol... <br \/>\n- la zone d'utilisation, garage, type de trajet et kilom\u00e9trage <\/p>\n<p>Ceci aboutit \u00e0 une formule tel que&nbsp;: <br \/>\nCitroen C1 1.0 68 Confort  <br \/>\n11000\u20ac  prix de la voiture neuve <br \/>\nE Classe de prix relative au remplacement du mod\u00e8le en ca s de vol ou d'accident<br \/>\nK  Classe de r\u00e9paration relative au co\u00fbt de remis en \u00e9tat du v\u00e9hicule<br \/>\n27  Il d\u00e9finit la dangerosit\u00e9 du v\u00e9hicule<br \/>\n352\u20ac montant de la prime en fonction du profil type du client<\/p>\n<p>Si on prend le profil type d'un quadra habitant en ville en province et parcourant 15000 km\/an.<\/p>\n<p>Chez les citadines la moins ch\u00e8re \u00e0 assurer est la Chevrolet Spark 1.0 68 LT \u00e0 338 \u20ac et la plus ch\u00e8re la Suzuki Alto 1.0 68 GL \u00e0 407\u20ac.<br \/>\nChez les polyvalentes la moins ch\u00e8re \u00e0 assurer est la Dacia Sandero 1.5 dci 75 Laur\u00e9ate \u00e0 400\u20ac et la plus ch\u00e8re est l'Audi A1 1.6 TDI 90 Attraction \u00e0 475\u20ac<br \/>\nChez les compactes la moins ch\u00e8re \u00e0 assurer est la Dacia Logan 1.5 dci 90 Laur\u00e9ate \u00e0 434 \u20ac et la plus ch\u00e8re est la Toyota Auris D-4D 124 Dynamique \u00e0 586 \u20ac <br \/>\nChez les familiales la moins ch\u00e8re \u00e0 assurer est la Peugeot 508 2.0 HDI 140 Active \u00e0 555\u20ac et la plus ch\u00e8re est l'Audi A4 TDI 143 Ambiente \u00e0 660 \u20ac<br \/>\nChez les petits monospaces le moins ch\u00e8re \u00e0 assurer est le Citroen C3 Picasso 1.6 HDI 90 Confort \u00e0 438\u20ac et le plus ch\u00e8re la Fiat 500L 1.6 MJT 105 Easy \u00e0 459 \u20ac<br \/>\nChez les Ludospaces le moins ch\u00e8re \u00e0 assurer est le Dacia Dokker 1.5 DCI 90 Ambiance \u00e0 387\u20ac et le plus ch\u00e8re le Peugeot Partner Tepee 1.6 HDI 90 Active \u00e0 459\u20ac<br \/>\nChez les monospaces compactes le moins ch\u00e8re \u00e0 assurer est le Dacia Lodgy 1.5 dci 110 Prestige \u00e0 423 \u20ac et le plus ch\u00e8re le Peugeot 5008 1.6 HDI 115 Active \u00e0 548 \u20ac<br \/>\nChez les Suv urbains le moins ch\u00e8re \u00e0 assurer est le Nissan Juke 1.5 dci 110 Accenta \u00e0 445 \u20ac et le plus ch\u00e8re est l'Opel Moka 1.7 CDTI 130 4x2 Edition<br \/>\nChez les Suv Compacts le moins ch\u00e8re \u00e0 assurer est le Dacia Duster 1.5 DCI 110 4x2 Laur\u00e9ate plus \u00e0 458 \u20ac et le plus ch\u00e8re est le Ford Kuga 2.0 TDCI 140 4x2 Titanium<br \/>\nChez les Suv de Luxe le moins ch\u00e8re \u00e0 assurer est le Mercedes GLK 220 CDI 170 \u00e0 752 \u20ac et le plus ch\u00e8re est le BMW X5 30d 245 \u00e0 1092 \u20ac<\/p>\n","protected":false},"excerpt":{"rendered":"<p>Quelles sont les voitures les moins ch\u00e8res en assurance&nbsp;? L&rsquo;assurance auto ne cesse d&rsquo;augmenter environ 2.3% par an, et compte pour beaucoup dans le budget automobile mensuel. Quel sont les mod\u00e8les les moins ch\u00e8res dans chaque cat\u00e9gorie&nbsp;? Il faut faire attention la voiture la moins ch\u00e8re \u00e0 acheter ne sont pas forc\u00e9ment les moins ch\u00e8re &#8230; <a title=\"Quelles sont les voitures les moins ch\u00e8res en assurance ?\" class=\"read-more\" href=\"https:\/\/www.carideal.com\/blog\/2013\/09\/04\/quelles-sont-les-voitures-les-moins-cheres-en-assurance\/\" aria-label=\"En savoir plus sur Quelles sont les voitures les moins ch\u00e8res en assurance ?\">Lire plus<\/a><\/p>\n","protected":false},"author":1,"featured_media":0,"comment_status":"open","ping_status":"open","sticky":false,"template":"","format":"standard","meta":{"_uag_custom_page_level_css":"","_themeisle_gutenberg_block_has_review":false,"footnotes":""},"categories":[10],"tags":[3642],"class_list":["post-1432","post","type-post","status-publish","format-standard","hentry","category-marche-automobile-voiture-neuve-occasion-4x4-suv","tag-assurance-auto"],"wppr_data":[],"yoast_head":"<!-- This site is optimized with the Yoast SEO plugin v24.8.1 - https:\/\/yoast.com\/wordpress\/plugins\/seo\/ -->\n<title>Quelles sont les voitures les moins ch\u00e8res en assurance ? - Blog auto Carid\u00e9al<\/title>\n<meta name=\"robots\" content=\"index, follow, max-snippet:-1, max-image-preview:large, max-video-preview:-1\" \/>\n<link rel=\"canonical\" href=\"https:\/\/www.carideal.com\/blog\/2013\/09\/04\/quelles-sont-les-voitures-les-moins-cheres-en-assurance\/\" \/>\n<meta property=\"og:locale\" content=\"fr_FR\" \/>\n<meta property=\"og:type\" content=\"article\" \/>\n<meta property=\"og:title\" content=\"Quelles sont les voitures les moins ch\u00e8res en assurance ? - Blog auto Carid\u00e9al\" \/>\n<meta property=\"og:description\" content=\"Quelles sont les voitures les moins ch\u00e8res en assurance&nbsp;? L&#039;assurance auto ne cesse d&#039;augmenter environ 2.3% par an, et compte pour beaucoup dans le budget automobile mensuel. Quel sont les mod\u00e8les les moins ch\u00e8res dans chaque cat\u00e9gorie&nbsp;? Il faut faire attention la voiture la moins ch\u00e8re \u00e0 acheter ne sont pas forc\u00e9ment les moins ch\u00e8re ... Lire plus\" \/>\n<meta property=\"og:url\" content=\"https:\/\/www.carideal.com\/blog\/2013\/09\/04\/quelles-sont-les-voitures-les-moins-cheres-en-assurance\/\" \/>\n<meta property=\"og:site_name\" content=\"Blog auto Carid\u00e9al\" \/>\n<meta property=\"article:publisher\" content=\"https:\/\/www.facebook.com\/Carideal.mandataire.automobile\" \/>\n<meta property=\"article:author\" content=\"https:\/\/www.facebook.com\/Carideal.mandataire.automobile\/\" \/>\n<meta property=\"article:published_time\" content=\"2013-09-04T21:38:00+00:00\" \/>\n<meta property=\"article:modified_time\" content=\"2020-03-08T06:28:21+00:00\" \/>\n<meta property=\"og:image\" content=\"https:\/\/www.carideal.com\/blog\/wp-content\/uploads\/2016\/03\/logo-carideal-mandataire-automobile.png\" \/>\n\t<meta property=\"og:image:width\" content=\"300\" \/>\n\t<meta property=\"og:image:height\" content=\"300\" \/>\n\t<meta property=\"og:image:type\" content=\"image\/png\" \/>\n<meta name=\"author\" content=\"N.S Carideal\" \/>\n<meta name=\"twitter:card\" content=\"summary_large_image\" \/>\n<meta name=\"twitter:creator\" content=\"@caridealauto\" \/>\n<meta name=\"twitter:site\" content=\"@caridealauto\" \/>\n<meta name=\"twitter:label1\" content=\"\u00c9crit par\" \/>\n\t<meta name=\"twitter:data1\" content=\"N.S Carideal\" \/>\n\t<meta name=\"twitter:label2\" content=\"Dur\u00e9e de lecture estim\u00e9e\" \/>\n\t<meta name=\"twitter:data2\" content=\"3 minutes\" \/>\n<script type=\"application\/ld+json\" class=\"yoast-schema-graph\">{\"@context\":\"https:\/\/schema.org\",\"@graph\":[{\"@type\":\"Article\",\"@id\":\"https:\/\/www.carideal.com\/blog\/2013\/09\/04\/quelles-sont-les-voitures-les-moins-cheres-en-assurance\/#article\",\"isPartOf\":{\"@id\":\"https:\/\/www.carideal.com\/blog\/2013\/09\/04\/quelles-sont-les-voitures-les-moins-cheres-en-assurance\/\"},\"author\":{\"name\":\"N.S Carideal\",\"@id\":\"https:\/\/www.carideal.com\/blog\/#\/schema\/person\/985c7e757d1042d647f21bfaf8d41ebc\"},\"headline\":\"Quelles sont les voitures les moins ch\u00e8res en assurance ?\",\"datePublished\":\"2013-09-04T21:38:00+00:00\",\"dateModified\":\"2020-03-08T06:28:21+00:00\",\"mainEntityOfPage\":{\"@id\":\"https:\/\/www.carideal.com\/blog\/2013\/09\/04\/quelles-sont-les-voitures-les-moins-cheres-en-assurance\/\"},\"wordCount\":513,\"commentCount\":0,\"publisher\":{\"@id\":\"https:\/\/www.carideal.com\/blog\/#organization\"},\"keywords\":[\"Assurance automobile\"],\"articleSection\":[\"March\u00e9 automobile\"],\"inLanguage\":\"fr-FR\",\"potentialAction\":[{\"@type\":\"CommentAction\",\"name\":\"Comment\",\"target\":[\"https:\/\/www.carideal.com\/blog\/2013\/09\/04\/quelles-sont-les-voitures-les-moins-cheres-en-assurance\/#respond\"]}]},{\"@type\":\"WebPage\",\"@id\":\"https:\/\/www.carideal.com\/blog\/2013\/09\/04\/quelles-sont-les-voitures-les-moins-cheres-en-assurance\/\",\"url\":\"https:\/\/www.carideal.com\/blog\/2013\/09\/04\/quelles-sont-les-voitures-les-moins-cheres-en-assurance\/\",\"name\":\"Quelles sont les voitures les moins ch\u00e8res en assurance ? - Blog auto Carid\u00e9al\",\"isPartOf\":{\"@id\":\"https:\/\/www.carideal.com\/blog\/#website\"},\"datePublished\":\"2013-09-04T21:38:00+00:00\",\"dateModified\":\"2020-03-08T06:28:21+00:00\",\"breadcrumb\":{\"@id\":\"https:\/\/www.carideal.com\/blog\/2013\/09\/04\/quelles-sont-les-voitures-les-moins-cheres-en-assurance\/#breadcrumb\"},\"inLanguage\":\"fr-FR\",\"potentialAction\":[{\"@type\":\"ReadAction\",\"target\":[\"https:\/\/www.carideal.com\/blog\/2013\/09\/04\/quelles-sont-les-voitures-les-moins-cheres-en-assurance\/\"]}]},{\"@type\":\"BreadcrumbList\",\"@id\":\"https:\/\/www.carideal.com\/blog\/2013\/09\/04\/quelles-sont-les-voitures-les-moins-cheres-en-assurance\/#breadcrumb\",\"itemListElement\":[{\"@type\":\"ListItem\",\"position\":1,\"name\":\"Blog Carid\u00e9al\",\"item\":\"https:\/\/www.carideal.com\/blog\/\"},{\"@type\":\"ListItem\",\"position\":2,\"name\":\"March\u00e9 automobile\",\"item\":\"https:\/\/www.carideal.com\/blog\/marche-automobile-voiture-neuve-occasion-4x4-suv\/\"},{\"@type\":\"ListItem\",\"position\":3,\"name\":\"Quelles sont les voitures les moins ch\u00e8res en assurance ?\"}]},{\"@type\":\"WebSite\",\"@id\":\"https:\/\/www.carideal.com\/blog\/#website\",\"url\":\"https:\/\/www.carideal.com\/blog\/\",\"name\":\"Blog auto Carid\u00e9al\",\"description\":\"Actualit\u00e9 auto par des passionn\u00e9s\",\"publisher\":{\"@id\":\"https:\/\/www.carideal.com\/blog\/#organization\"},\"potentialAction\":[{\"@type\":\"SearchAction\",\"target\":{\"@type\":\"EntryPoint\",\"urlTemplate\":\"https:\/\/www.carideal.com\/blog\/?s={search_term_string}\"},\"query-input\":{\"@type\":\"PropertyValueSpecification\",\"valueRequired\":true,\"valueName\":\"search_term_string\"}}],\"inLanguage\":\"fr-FR\"},{\"@type\":\"Organization\",\"@id\":\"https:\/\/www.carideal.com\/blog\/#organization\",\"name\":\"Carideal\",\"url\":\"https:\/\/www.carideal.com\/blog\/\",\"logo\":{\"@type\":\"ImageObject\",\"inLanguage\":\"fr-FR\",\"@id\":\"https:\/\/www.carideal.com\/blog\/#\/schema\/logo\/image\/\",\"url\":\"http:\/\/www.carideal.com\/blog\/wp-content\/uploads\/2016\/03\/logo-carideal-mandataire-automobile.png\",\"contentUrl\":\"http:\/\/www.carideal.com\/blog\/wp-content\/uploads\/2016\/03\/logo-carideal-mandataire-automobile.png\",\"width\":300,\"height\":300,\"caption\":\"Carideal\"},\"image\":{\"@id\":\"https:\/\/www.carideal.com\/blog\/#\/schema\/logo\/image\/\"},\"sameAs\":[\"https:\/\/www.facebook.com\/Carideal.mandataire.automobile\",\"https:\/\/x.com\/caridealauto\",\"https:\/\/www.instagram.com\/carideal1\/\",\"https:\/\/www.linkedin.com\/company\/carideal.com\",\"https:\/\/fr.pinterest.com\/schiavonsas\/\",\"https:\/\/www.youtube.com\/user\/caridealsas\"]},{\"@type\":\"Person\",\"@id\":\"https:\/\/www.carideal.com\/blog\/#\/schema\/person\/985c7e757d1042d647f21bfaf8d41ebc\",\"name\":\"N.S Carideal\",\"image\":{\"@type\":\"ImageObject\",\"inLanguage\":\"fr-FR\",\"@id\":\"https:\/\/www.carideal.com\/blog\/#\/schema\/person\/image\/\",\"url\":\"https:\/\/secure.gravatar.com\/avatar\/edb7ccdf1a4e3d14aef967760d354d0e?s=96&r=g\",\"contentUrl\":\"https:\/\/secure.gravatar.com\/avatar\/edb7ccdf1a4e3d14aef967760d354d0e?s=96&r=g\",\"caption\":\"N.S Carideal\"},\"description\":\"Depuis tout petit fan d'automobile. Il est question d'essayer et de comparer toutes ces voitures qui nous ont fait r\u00e9ver, avant que celles-ci ne devient uniquement des voitures de collection.\",\"sameAs\":[\"http:\/\/www.carideal.com\/blog\",\"https:\/\/www.facebook.com\/Carideal.mandataire.automobile\/\",\"https:\/\/www.linkedin.com\/in\/nschiavon\/\",\"https:\/\/www.youtube.com\/user\/caridealsas\/\"],\"url\":\"https:\/\/www.carideal.com\/blog\/author\/admin_carideal\/\"}]}<\/script>\n<!-- \/ Yoast SEO plugin. -->","yoast_head_json":{"title":"Quelles sont les voitures les moins ch\u00e8res en assurance ? - Blog auto Carid\u00e9al","robots":{"index":"index","follow":"follow","max-snippet":"max-snippet:-1","max-image-preview":"max-image-preview:large","max-video-preview":"max-video-preview:-1"},"canonical":"https:\/\/www.carideal.com\/blog\/2013\/09\/04\/quelles-sont-les-voitures-les-moins-cheres-en-assurance\/","og_locale":"fr_FR","og_type":"article","og_title":"Quelles sont les voitures les moins ch\u00e8res en assurance ? - Blog auto Carid\u00e9al","og_description":"Quelles sont les voitures les moins ch\u00e8res en assurance&nbsp;? L'assurance auto ne cesse d'augmenter environ 2.3% par an, et compte pour beaucoup dans le budget automobile mensuel. Quel sont les mod\u00e8les les moins ch\u00e8res dans chaque cat\u00e9gorie&nbsp;? Il faut faire attention la voiture la moins ch\u00e8re \u00e0 acheter ne sont pas forc\u00e9ment les moins ch\u00e8re ... Lire plus","og_url":"https:\/\/www.carideal.com\/blog\/2013\/09\/04\/quelles-sont-les-voitures-les-moins-cheres-en-assurance\/","og_site_name":"Blog auto Carid\u00e9al","article_publisher":"https:\/\/www.facebook.com\/Carideal.mandataire.automobile","article_author":"https:\/\/www.facebook.com\/Carideal.mandataire.automobile\/","article_published_time":"2013-09-04T21:38:00+00:00","article_modified_time":"2020-03-08T06:28:21+00:00","og_image":[{"width":300,"height":300,"url":"https:\/\/www.carideal.com\/blog\/wp-content\/uploads\/2016\/03\/logo-carideal-mandataire-automobile.png","type":"image\/png"}],"author":"N.S Carideal","twitter_card":"summary_large_image","twitter_creator":"@caridealauto","twitter_site":"@caridealauto","twitter_misc":{"\u00c9crit par":"N.S Carideal","Dur\u00e9e de lecture estim\u00e9e":"3 minutes"},"schema":{"@context":"https:\/\/schema.org","@graph":[{"@type":"Article","@id":"https:\/\/www.carideal.com\/blog\/2013\/09\/04\/quelles-sont-les-voitures-les-moins-cheres-en-assurance\/#article","isPartOf":{"@id":"https:\/\/www.carideal.com\/blog\/2013\/09\/04\/quelles-sont-les-voitures-les-moins-cheres-en-assurance\/"},"author":{"name":"N.S Carideal","@id":"https:\/\/www.carideal.com\/blog\/#\/schema\/person\/985c7e757d1042d647f21bfaf8d41ebc"},"headline":"Quelles sont les voitures les moins ch\u00e8res en assurance ?","datePublished":"2013-09-04T21:38:00+00:00","dateModified":"2020-03-08T06:28:21+00:00","mainEntityOfPage":{"@id":"https:\/\/www.carideal.com\/blog\/2013\/09\/04\/quelles-sont-les-voitures-les-moins-cheres-en-assurance\/"},"wordCount":513,"commentCount":0,"publisher":{"@id":"https:\/\/www.carideal.com\/blog\/#organization"},"keywords":["Assurance automobile"],"articleSection":["March\u00e9 automobile"],"inLanguage":"fr-FR","potentialAction":[{"@type":"CommentAction","name":"Comment","target":["https:\/\/www.carideal.com\/blog\/2013\/09\/04\/quelles-sont-les-voitures-les-moins-cheres-en-assurance\/#respond"]}]},{"@type":"WebPage","@id":"https:\/\/www.carideal.com\/blog\/2013\/09\/04\/quelles-sont-les-voitures-les-moins-cheres-en-assurance\/","url":"https:\/\/www.carideal.com\/blog\/2013\/09\/04\/quelles-sont-les-voitures-les-moins-cheres-en-assurance\/","name":"Quelles sont les voitures les moins ch\u00e8res en assurance ? - Blog auto Carid\u00e9al","isPartOf":{"@id":"https:\/\/www.carideal.com\/blog\/#website"},"datePublished":"2013-09-04T21:38:00+00:00","dateModified":"2020-03-08T06:28:21+00:00","breadcrumb":{"@id":"https:\/\/www.carideal.com\/blog\/2013\/09\/04\/quelles-sont-les-voitures-les-moins-cheres-en-assurance\/#breadcrumb"},"inLanguage":"fr-FR","potentialAction":[{"@type":"ReadAction","target":["https:\/\/www.carideal.com\/blog\/2013\/09\/04\/quelles-sont-les-voitures-les-moins-cheres-en-assurance\/"]}]},{"@type":"BreadcrumbList","@id":"https:\/\/www.carideal.com\/blog\/2013\/09\/04\/quelles-sont-les-voitures-les-moins-cheres-en-assurance\/#breadcrumb","itemListElement":[{"@type":"ListItem","position":1,"name":"Blog Carid\u00e9al","item":"https:\/\/www.carideal.com\/blog\/"},{"@type":"ListItem","position":2,"name":"March\u00e9 automobile","item":"https:\/\/www.carideal.com\/blog\/marche-automobile-voiture-neuve-occasion-4x4-suv\/"},{"@type":"ListItem","position":3,"name":"Quelles sont les voitures les moins ch\u00e8res en assurance ?"}]},{"@type":"WebSite","@id":"https:\/\/www.carideal.com\/blog\/#website","url":"https:\/\/www.carideal.com\/blog\/","name":"Blog auto Carid\u00e9al","description":"Actualit\u00e9 auto par des passionn\u00e9s","publisher":{"@id":"https:\/\/www.carideal.com\/blog\/#organization"},"potentialAction":[{"@type":"SearchAction","target":{"@type":"EntryPoint","urlTemplate":"https:\/\/www.carideal.com\/blog\/?s={search_term_string}"},"query-input":{"@type":"PropertyValueSpecification","valueRequired":true,"valueName":"search_term_string"}}],"inLanguage":"fr-FR"},{"@type":"Organization","@id":"https:\/\/www.carideal.com\/blog\/#organization","name":"Carideal","url":"https:\/\/www.carideal.com\/blog\/","logo":{"@type":"ImageObject","inLanguage":"fr-FR","@id":"https:\/\/www.carideal.com\/blog\/#\/schema\/logo\/image\/","url":"http:\/\/www.carideal.com\/blog\/wp-content\/uploads\/2016\/03\/logo-carideal-mandataire-automobile.png","contentUrl":"http:\/\/www.carideal.com\/blog\/wp-content\/uploads\/2016\/03\/logo-carideal-mandataire-automobile.png","width":300,"height":300,"caption":"Carideal"},"image":{"@id":"https:\/\/www.carideal.com\/blog\/#\/schema\/logo\/image\/"},"sameAs":["https:\/\/www.facebook.com\/Carideal.mandataire.automobile","https:\/\/x.com\/caridealauto","https:\/\/www.instagram.com\/carideal1\/","https:\/\/www.linkedin.com\/company\/carideal.com","https:\/\/fr.pinterest.com\/schiavonsas\/","https:\/\/www.youtube.com\/user\/caridealsas"]},{"@type":"Person","@id":"https:\/\/www.carideal.com\/blog\/#\/schema\/person\/985c7e757d1042d647f21bfaf8d41ebc","name":"N.S Carideal","image":{"@type":"ImageObject","inLanguage":"fr-FR","@id":"https:\/\/www.carideal.com\/blog\/#\/schema\/person\/image\/","url":"https:\/\/secure.gravatar.com\/avatar\/edb7ccdf1a4e3d14aef967760d354d0e?s=96&r=g","contentUrl":"https:\/\/secure.gravatar.com\/avatar\/edb7ccdf1a4e3d14aef967760d354d0e?s=96&r=g","caption":"N.S Carideal"},"description":"Depuis tout petit fan d'automobile. Il est question d'essayer et de comparer toutes ces voitures qui nous ont fait r\u00e9ver, avant que celles-ci ne devient uniquement des voitures de collection.","sameAs":["http:\/\/www.carideal.com\/blog","https:\/\/www.facebook.com\/Carideal.mandataire.automobile\/","https:\/\/www.linkedin.com\/in\/nschiavon\/","https:\/\/www.youtube.com\/user\/caridealsas\/"],"url":"https:\/\/www.carideal.com\/blog\/author\/admin_carideal\/"}]}},"uagb_featured_image_src":{"full":false,"thumbnail":false,"medium":false,"medium_large":false,"large":false,"1536x1536":false,"2048x2048":false,"wppr-widget":false},"uagb_author_info":{"display_name":"N.S Carideal","author_link":"https:\/\/www.carideal.com\/blog\/author\/admin_carideal\/"},"uagb_comment_info":0,"uagb_excerpt":"Quelles sont les voitures les moins ch\u00e8res en assurance&nbsp;? L'assurance auto ne cesse d'augmenter environ 2.3% par an, et compte pour beaucoup dans le budget automobile mensuel. Quel sont les mod\u00e8les les moins ch\u00e8res dans chaque cat\u00e9gorie&nbsp;? Il faut faire attention la voiture la moins ch\u00e8re \u00e0 acheter ne sont pas forc\u00e9ment les moins ch\u00e8re\u2026","_links":{"self":[{"href":"https:\/\/www.carideal.com\/blog\/wp-json\/wp\/v2\/posts\/1432"}],"collection":[{"href":"https:\/\/www.carideal.com\/blog\/wp-json\/wp\/v2\/posts"}],"about":[{"href":"https:\/\/www.carideal.com\/blog\/wp-json\/wp\/v2\/types\/post"}],"author":[{"embeddable":true,"href":"https:\/\/www.carideal.com\/blog\/wp-json\/wp\/v2\/users\/1"}],"replies":[{"embeddable":true,"href":"https:\/\/www.carideal.com\/blog\/wp-json\/wp\/v2\/comments?post=1432"}],"version-history":[{"count":0,"href":"https:\/\/www.carideal.com\/blog\/wp-json\/wp\/v2\/posts\/1432\/revisions"}],"wp:attachment":[{"href":"https:\/\/www.carideal.com\/blog\/wp-json\/wp\/v2\/media?parent=1432"}],"wp:term":[{"taxonomy":"category","embeddable":true,"href":"https:\/\/www.carideal.com\/blog\/wp-json\/wp\/v2\/categories?post=1432"},{"taxonomy":"post_tag","embeddable":true,"href":"https:\/\/www.carideal.com\/blog\/wp-json\/wp\/v2\/tags?post=1432"}],"curies":[{"name":"wp","href":"https:\/\/api.w.org\/{rel}","templated":true}]}}